{"id":27275,"date":"2020-01-20T13:46:22","date_gmt":"2020-01-20T16:46:22","guid":{"rendered":"http:\/\/psol50.org.br\/?p=27275"},"modified":"2020-01-20T13:46:22","modified_gmt":"2020-01-20T16:46:22","slug":"justica-da-cinco-dias-para-chefe-da-secom-explicar-contratos-psol-pede-saida-imediata-de-secretario","status":"publish","type":"post","link":"https:\/\/psol50.org.br\/justica-da-cinco-dias-para-chefe-da-secom-explicar-contratos-psol-pede-saida-imediata-de-secretario\/","title":{"rendered":"Justi\u00e7a d\u00e1 cinco dias para chefe da Secom explicar contratos. PSOL pede sa\u00edda imediata de secret\u00e1rio"},"content":{"rendered":"<p>A Justi\u00e7a do Distrito Federal concedeu um prazo de cinco dias \u00fateis para o chefe da Secretaria de Comunica\u00e7\u00e3o da Presid\u00eancia (Secom), F\u00e1bio Wajngarten, se explicar sobre os contratos de sua empresa com ag\u00eancias e emissoras que receberam recursos do governo.<\/p>\n<p>O prazo tamb\u00e9m servir\u00e1 para\u00a0Jair Bolsonaro, o secret\u00e1rio-adjunto da Secom, Samy Liberman, e o Ministro da Casa Civil, Onyx Lorenzoni. A decis\u00e3o \u00e9 da ju\u00edza federal Solange Salgado em resposta \u00e0 <a href=\"http:\/\/psol50.org.br\/psol-aciona-justica-pela-demissao-imediata-de-chefe-da-secom-de-bolsonaro\/\">a\u00e7\u00e3o popular impetrada pelo PSOL<\/a> que pede a revoga\u00e7\u00e3o imediata da nomea\u00e7\u00e3o de Fabio Wajngarten do cargo por infligir diretamente a Lei de Conflito de Interesses.<\/p>\n<p>O pedido foi protocolado pelo presidente do PSOL, Juliano Medeiros, e o l\u00edder do partido na C\u00e2mara dos Deputados, Ivan Valente.<\/p>\n<p>Reportagem da Folha de S. Paulo mostrou que Fabio Wajngarten recebe dinheiro de emissoras e ag\u00eancias contratadas pelo governo Bolsonaro atrav\u00e9s da FW Comunica\u00e7\u00e3o e Marketing, da qual det\u00e9m 95% das a\u00e7\u00f5es.<\/p>\n","protected":false},"excerpt":{"rendered":"<p>A Justi\u00e7a do Distrito Federal concedeu um prazo de cinco dias \u00fateis para o chefe da Secretaria de Comunica\u00e7\u00e3o da Presid\u00eancia (Secom), F\u00e1bio Wajngarten, se explicar sobre os contratos de sua empresa com ag\u00eancias e emissoras que receberam recursos do governo. O prazo tamb\u00e9m servir\u00e1 para\u00a0Jair Bolsonaro, o secret\u00e1rio-adjunto da Secom, Samy Liberman, e o [&hellip;]<\/p>\n","protected":false},"author":2,"featured_media":27276,"comment_status":"closed","ping_status":"open","sticky":false,"template":"","format":"standard","meta":{"_acf_changed":false,"footnotes":""},"categories":[10,6],"tags":[73,59,54,22,60],"class_list":{"0":"post-27275","1":"post","2":"type-post","3":"status-publish","4":"format-standard","5":"has-post-thumbnail","7":"category-acao-parlamentares","8":"category-noticias","9":"tag-contrato","10":"tag-fabio-wajngarten","11":"tag-justica","12":"tag-psol","13":"tag-secom"},"acf":[],"yoast_head":"<!-- This site is optimized with the Yoast SEO plugin v26.5 - https:\/\/yoast.com\/wordpress\/plugins\/seo\/ -->\n<title>Justi\u00e7a d\u00e1 cinco dias para chefe da Secom explicar contratos. PSOL pede sa\u00edda imediata de secret\u00e1rio<\/title>\n<meta name=\"description\" content=\"Ap\u00f3s a\u00e7\u00e3o do PSOL, F\u00e1bio Wajngarten vai precisar explicar contratos de sua empresa com ag\u00eancias e emissoras que receberam recursos do governo.\" \/>\n<meta name=\"robots\" content=\"index, follow, max-snippet:-1, max-image-preview:large, max-video-preview:-1\" \/>\n<link rel=\"canonical\" href=\"https:\/\/psol50.org.br\/justica-da-cinco-dias-para-chefe-da-secom-explicar-contratos-psol-pede-saida-imediata-de-secretario\/\" \/>\n<meta property=\"og:locale\" content=\"pt_BR\" \/>\n<meta property=\"og:type\" content=\"article\" \/>\n<meta property=\"og:title\" content=\"Justi\u00e7a d\u00e1 cinco dias para chefe da Secom explicar contratos. PSOL pede sa\u00edda imediata de secret\u00e1rio\" \/>\n<meta property=\"og:description\" content=\"Ap\u00f3s a\u00e7\u00e3o do PSOL, F\u00e1bio Wajngarten vai precisar explicar contratos de sua empresa com ag\u00eancias e emissoras que receberam recursos do governo.\" \/>\n<meta property=\"og:url\" content=\"https:\/\/psol50.org.br\/justica-da-cinco-dias-para-chefe-da-secom-explicar-contratos-psol-pede-saida-imediata-de-secretario\/\" \/>\n<meta property=\"og:site_name\" content=\"PSOL 50\" \/>\n<meta property=\"article:publisher\" content=\"https:\/\/www.facebook.com\/psol50\" \/>\n<meta property=\"article:published_time\" content=\"2020-01-20T16:46:22+00:00\" \/>\n<meta property=\"og:image\" content=\"https:\/\/psol50.org.br\/inc\/uploads\/2020\/01\/fabio-600x453-1.jpg\" \/>\n\t<meta property=\"og:image:width\" content=\"600\" \/>\n\t<meta property=\"og:image:height\" content=\"453\" \/>\n\t<meta property=\"og:image:type\" content=\"image\/jpeg\" \/>\n<meta name=\"author\" content=\"Comunica\u00e7\u00e3o PSOL\" \/>\n<meta name=\"twitter:card\" content=\"summary_large_image\" \/>\n<meta name=\"twitter:title\" content=\"Justi\u00e7a d\u00e1 cinco dias para chefe da Secom explicar contratos. PSOL pede sa\u00edda imediata de secret\u00e1rio\" \/>\n<meta name=\"twitter:description\" content=\"Ap\u00f3s a\u00e7\u00e3o do PSOL, F\u00e1bio Wajngarten vai precisar explicar contratos de sua empresa com ag\u00eancias e emissoras que receberam recursos do governo.\" \/>\n<meta name=\"twitter:image\" content=\"https:\/\/psol50.org.br\/inc\/uploads\/2020\/01\/fabio-600x453-1.jpg\" \/>\n<meta name=\"twitter:creator\" content=\"@psol50\" \/>\n<meta name=\"twitter:site\" content=\"@psol50\" \/>\n<meta name=\"twitter:label1\" content=\"Escrito por\" \/>\n\t<meta name=\"twitter:data1\" content=\"Comunica\u00e7\u00e3o PSOL\" \/>\n\t<meta name=\"twitter:label2\" content=\"Est. tempo de leitura\" \/>\n\t<meta name=\"twitter:data2\" content=\"1 minuto\" \/>\n<script type=\"application\/ld+json\" class=\"yoast-schema-graph\">{\"@context\":\"https:\/\/schema.org\",\"@graph\":[{\"@type\":\"Article\",\"@id\":\"https:\/\/psol50.org.br\/justica-da-cinco-dias-para-chefe-da-secom-explicar-contratos-psol-pede-saida-imediata-de-secretario\/#article\",\"isPartOf\":{\"@id\":\"https:\/\/psol50.org.br\/justica-da-cinco-dias-para-chefe-da-secom-explicar-contratos-psol-pede-saida-imediata-de-secretario\/\"},\"author\":{\"name\":\"Comunica\u00e7\u00e3o PSOL\",\"@id\":\"https:\/\/psol50.org.br\/#\/schema\/person\/475dfa57d0b815993c714c2e96491fcd\"},\"headline\":\"Justi\u00e7a d\u00e1 cinco dias para chefe da Secom explicar contratos. PSOL pede sa\u00edda imediata de secret\u00e1rio\",\"datePublished\":\"2020-01-20T16:46:22+00:00\",\"mainEntityOfPage\":{\"@id\":\"https:\/\/psol50.org.br\/justica-da-cinco-dias-para-chefe-da-secom-explicar-contratos-psol-pede-saida-imediata-de-secretario\/\"},\"wordCount\":187,\"publisher\":{\"@id\":\"https:\/\/psol50.org.br\/#organization\"},\"image\":{\"@id\":\"https:\/\/psol50.org.br\/justica-da-cinco-dias-para-chefe-da-secom-explicar-contratos-psol-pede-saida-imediata-de-secretario\/#primaryimage\"},\"thumbnailUrl\":\"https:\/\/psol50.org.br\/inc\/uploads\/2020\/01\/fabio-600x453-1.jpg\",\"keywords\":[\"contrato\",\"fabio wajngarten\",\"justi\u00e7a\",\"PSOL\",\"secom\"],\"articleSection\":[\"A\u00e7\u00e3o Parlamentar\",\"Not\u00edcias\"],\"inLanguage\":\"pt-BR\"},{\"@type\":\"WebPage\",\"@id\":\"https:\/\/psol50.org.br\/justica-da-cinco-dias-para-chefe-da-secom-explicar-contratos-psol-pede-saida-imediata-de-secretario\/\",\"url\":\"https:\/\/psol50.org.br\/justica-da-cinco-dias-para-chefe-da-secom-explicar-contratos-psol-pede-saida-imediata-de-secretario\/\",\"name\":\"Justi\u00e7a d\u00e1 cinco dias para chefe da Secom explicar contratos. PSOL pede sa\u00edda imediata de secret\u00e1rio\",\"isPartOf\":{\"@id\":\"https:\/\/psol50.org.br\/#website\"},\"primaryImageOfPage\":{\"@id\":\"https:\/\/psol50.org.br\/justica-da-cinco-dias-para-chefe-da-secom-explicar-contratos-psol-pede-saida-imediata-de-secretario\/#primaryimage\"},\"image\":{\"@id\":\"https:\/\/psol50.org.br\/justica-da-cinco-dias-para-chefe-da-secom-explicar-contratos-psol-pede-saida-imediata-de-secretario\/#primaryimage\"},\"thumbnailUrl\":\"https:\/\/psol50.org.br\/inc\/uploads\/2020\/01\/fabio-600x453-1.jpg\",\"datePublished\":\"2020-01-20T16:46:22+00:00\",\"description\":\"Ap\u00f3s a\u00e7\u00e3o do PSOL, F\u00e1bio Wajngarten vai precisar explicar contratos de sua empresa com ag\u00eancias e emissoras que receberam recursos do governo.\",\"breadcrumb\":{\"@id\":\"https:\/\/psol50.org.br\/justica-da-cinco-dias-para-chefe-da-secom-explicar-contratos-psol-pede-saida-imediata-de-secretario\/#breadcrumb\"},\"inLanguage\":\"pt-BR\",\"potentialAction\":[{\"@type\":\"ReadAction\",\"target\":[\"https:\/\/psol50.org.br\/justica-da-cinco-dias-para-chefe-da-secom-explicar-contratos-psol-pede-saida-imediata-de-secretario\/\"]}]},{\"@type\":\"ImageObject\",\"inLanguage\":\"pt-BR\",\"@id\":\"https:\/\/psol50.org.br\/justica-da-cinco-dias-para-chefe-da-secom-explicar-contratos-psol-pede-saida-imediata-de-secretario\/#primaryimage\",\"url\":\"https:\/\/psol50.org.br\/inc\/uploads\/2020\/01\/fabio-600x453-1.jpg\",\"contentUrl\":\"https:\/\/psol50.org.br\/inc\/uploads\/2020\/01\/fabio-600x453-1.jpg\",\"width\":600,\"height\":453,\"caption\":\"Foto: Reprodu\u00e7\u00e3o\/Twitter\"},{\"@type\":\"BreadcrumbList\",\"@id\":\"https:\/\/psol50.org.br\/justica-da-cinco-dias-para-chefe-da-secom-explicar-contratos-psol-pede-saida-imediata-de-secretario\/#breadcrumb\",\"itemListElement\":[{\"@type\":\"ListItem\",\"position\":1,\"name\":\"In\u00edcio\",\"item\":\"https:\/\/psol50.org.br\/\"},{\"@type\":\"ListItem\",\"position\":2,\"name\":\"Justi\u00e7a d\u00e1 cinco dias para chefe da Secom explicar contratos. PSOL pede sa\u00edda imediata de secret\u00e1rio\"}]},{\"@type\":\"WebSite\",\"@id\":\"https:\/\/psol50.org.br\/#website\",\"url\":\"https:\/\/psol50.org.br\/\",\"name\":\"PSOL 50\",\"description\":\"Site oficial do Partido Socialismo e Liberdade\",\"publisher\":{\"@id\":\"https:\/\/psol50.org.br\/#organization\"},\"alternateName\":\"PSOL50\",\"potentialAction\":[{\"@type\":\"SearchAction\",\"target\":{\"@type\":\"EntryPoint\",\"urlTemplate\":\"https:\/\/psol50.org.br\/?s={search_term_string}\"},\"query-input\":{\"@type\":\"PropertyValueSpecification\",\"valueRequired\":true,\"valueName\":\"search_term_string\"}}],\"inLanguage\":\"pt-BR\"},{\"@type\":\"Organization\",\"@id\":\"https:\/\/psol50.org.br\/#organization\",\"name\":\"PSOL 50\",\"alternateName\":\"PSOL 50\",\"url\":\"https:\/\/psol50.org.br\/\",\"logo\":{\"@type\":\"ImageObject\",\"inLanguage\":\"pt-BR\",\"@id\":\"https:\/\/psol50.org.br\/#\/schema\/logo\/image\/\",\"url\":\"https:\/\/psol50.org.br\/inc\/uploads\/2018\/07\/capa.png\",\"contentUrl\":\"https:\/\/psol50.org.br\/inc\/uploads\/2018\/07\/capa.png\",\"width\":1350,\"height\":900,\"caption\":\"PSOL 50\"},\"image\":{\"@id\":\"https:\/\/psol50.org.br\/#\/schema\/logo\/image\/\"},\"sameAs\":[\"https:\/\/www.facebook.com\/psol50\",\"https:\/\/x.com\/psol50\",\"https:\/\/www.instagram.com\/psol50\/\",\"https:\/\/www.youtube.com\/channel\/UC7SnJS5o1os7a6CaiNabzcg\"]},{\"@type\":\"Person\",\"@id\":\"https:\/\/psol50.org.br\/#\/schema\/person\/475dfa57d0b815993c714c2e96491fcd\",\"name\":\"Comunica\u00e7\u00e3o PSOL\",\"image\":{\"@type\":\"ImageObject\",\"inLanguage\":\"pt-BR\",\"@id\":\"https:\/\/psol50.org.br\/#\/schema\/person\/image\/\",\"url\":\"https:\/\/secure.gravatar.com\/avatar\/b34fc4f4e468a4e51785917065a3db57b841f5c95dba6ad8c73aaf8f66f8f9bf?s=96&d=mm&r=g\",\"contentUrl\":\"https:\/\/secure.gravatar.com\/avatar\/b34fc4f4e468a4e51785917065a3db57b841f5c95dba6ad8c73aaf8f66f8f9bf?s=96&d=mm&r=g\",\"caption\":\"Comunica\u00e7\u00e3o PSOL\"}}]}<\/script>\n<!-- \/ Yoast SEO plugin. -->","yoast_head_json":{"title":"Justi\u00e7a d\u00e1 cinco dias para chefe da Secom explicar contratos. PSOL pede sa\u00edda imediata de secret\u00e1rio","description":"Ap\u00f3s a\u00e7\u00e3o do PSOL, F\u00e1bio Wajngarten vai precisar explicar contratos de sua empresa com ag\u00eancias e emissoras que receberam recursos do governo.","robots":{"index":"index","follow":"follow","max-snippet":"max-snippet:-1","max-image-preview":"max-image-preview:large","max-video-preview":"max-video-preview:-1"},"canonical":"https:\/\/psol50.org.br\/justica-da-cinco-dias-para-chefe-da-secom-explicar-contratos-psol-pede-saida-imediata-de-secretario\/","og_locale":"pt_BR","og_type":"article","og_title":"Justi\u00e7a d\u00e1 cinco dias para chefe da Secom explicar contratos. PSOL pede sa\u00edda imediata de secret\u00e1rio","og_description":"Ap\u00f3s a\u00e7\u00e3o do PSOL, F\u00e1bio Wajngarten vai precisar explicar contratos de sua empresa com ag\u00eancias e emissoras que receberam recursos do governo.","og_url":"https:\/\/psol50.org.br\/justica-da-cinco-dias-para-chefe-da-secom-explicar-contratos-psol-pede-saida-imediata-de-secretario\/","og_site_name":"PSOL 50","article_publisher":"https:\/\/www.facebook.com\/psol50","article_published_time":"2020-01-20T16:46:22+00:00","og_image":[{"width":600,"height":453,"url":"https:\/\/psol50.org.br\/inc\/uploads\/2020\/01\/fabio-600x453-1.jpg","type":"image\/jpeg"}],"author":"Comunica\u00e7\u00e3o PSOL","twitter_card":"summary_large_image","twitter_title":"Justi\u00e7a d\u00e1 cinco dias para chefe da Secom explicar contratos. PSOL pede sa\u00edda imediata de secret\u00e1rio","twitter_description":"Ap\u00f3s a\u00e7\u00e3o do PSOL, F\u00e1bio Wajngarten vai precisar explicar contratos de sua empresa com ag\u00eancias e emissoras que receberam recursos do governo.","twitter_image":"https:\/\/psol50.org.br\/inc\/uploads\/2020\/01\/fabio-600x453-1.jpg","twitter_creator":"@psol50","twitter_site":"@psol50","twitter_misc":{"Escrito por":"Comunica\u00e7\u00e3o PSOL","Est. tempo de leitura":"1 minuto"},"schema":{"@context":"https:\/\/schema.org","@graph":[{"@type":"Article","@id":"https:\/\/psol50.org.br\/justica-da-cinco-dias-para-chefe-da-secom-explicar-contratos-psol-pede-saida-imediata-de-secretario\/#article","isPartOf":{"@id":"https:\/\/psol50.org.br\/justica-da-cinco-dias-para-chefe-da-secom-explicar-contratos-psol-pede-saida-imediata-de-secretario\/"},"author":{"name":"Comunica\u00e7\u00e3o PSOL","@id":"https:\/\/psol50.org.br\/#\/schema\/person\/475dfa57d0b815993c714c2e96491fcd"},"headline":"Justi\u00e7a d\u00e1 cinco dias para chefe da Secom explicar contratos. PSOL pede sa\u00edda imediata de secret\u00e1rio","datePublished":"2020-01-20T16:46:22+00:00","mainEntityOfPage":{"@id":"https:\/\/psol50.org.br\/justica-da-cinco-dias-para-chefe-da-secom-explicar-contratos-psol-pede-saida-imediata-de-secretario\/"},"wordCount":187,"publisher":{"@id":"https:\/\/psol50.org.br\/#organization"},"image":{"@id":"https:\/\/psol50.org.br\/justica-da-cinco-dias-para-chefe-da-secom-explicar-contratos-psol-pede-saida-imediata-de-secretario\/#primaryimage"},"thumbnailUrl":"https:\/\/psol50.org.br\/inc\/uploads\/2020\/01\/fabio-600x453-1.jpg","keywords":["contrato","fabio wajngarten","justi\u00e7a","PSOL","secom"],"articleSection":["A\u00e7\u00e3o Parlamentar","Not\u00edcias"],"inLanguage":"pt-BR"},{"@type":"WebPage","@id":"https:\/\/psol50.org.br\/justica-da-cinco-dias-para-chefe-da-secom-explicar-contratos-psol-pede-saida-imediata-de-secretario\/","url":"https:\/\/psol50.org.br\/justica-da-cinco-dias-para-chefe-da-secom-explicar-contratos-psol-pede-saida-imediata-de-secretario\/","name":"Justi\u00e7a d\u00e1 cinco dias para chefe da Secom explicar contratos. PSOL pede sa\u00edda imediata de secret\u00e1rio","isPartOf":{"@id":"https:\/\/psol50.org.br\/#website"},"primaryImageOfPage":{"@id":"https:\/\/psol50.org.br\/justica-da-cinco-dias-para-chefe-da-secom-explicar-contratos-psol-pede-saida-imediata-de-secretario\/#primaryimage"},"image":{"@id":"https:\/\/psol50.org.br\/justica-da-cinco-dias-para-chefe-da-secom-explicar-contratos-psol-pede-saida-imediata-de-secretario\/#primaryimage"},"thumbnailUrl":"https:\/\/psol50.org.br\/inc\/uploads\/2020\/01\/fabio-600x453-1.jpg","datePublished":"2020-01-20T16:46:22+00:00","description":"Ap\u00f3s a\u00e7\u00e3o do PSOL, F\u00e1bio Wajngarten vai precisar explicar contratos de sua empresa com ag\u00eancias e emissoras que receberam recursos do governo.","breadcrumb":{"@id":"https:\/\/psol50.org.br\/justica-da-cinco-dias-para-chefe-da-secom-explicar-contratos-psol-pede-saida-imediata-de-secretario\/#breadcrumb"},"inLanguage":"pt-BR","potentialAction":[{"@type":"ReadAction","target":["https:\/\/psol50.org.br\/justica-da-cinco-dias-para-chefe-da-secom-explicar-contratos-psol-pede-saida-imediata-de-secretario\/"]}]},{"@type":"ImageObject","inLanguage":"pt-BR","@id":"https:\/\/psol50.org.br\/justica-da-cinco-dias-para-chefe-da-secom-explicar-contratos-psol-pede-saida-imediata-de-secretario\/#primaryimage","url":"https:\/\/psol50.org.br\/inc\/uploads\/2020\/01\/fabio-600x453-1.jpg","contentUrl":"https:\/\/psol50.org.br\/inc\/uploads\/2020\/01\/fabio-600x453-1.jpg","width":600,"height":453,"caption":"Foto: Reprodu\u00e7\u00e3o\/Twitter"},{"@type":"BreadcrumbList","@id":"https:\/\/psol50.org.br\/justica-da-cinco-dias-para-chefe-da-secom-explicar-contratos-psol-pede-saida-imediata-de-secretario\/#breadcrumb","itemListElement":[{"@type":"ListItem","position":1,"name":"In\u00edcio","item":"https:\/\/psol50.org.br\/"},{"@type":"ListItem","position":2,"name":"Justi\u00e7a d\u00e1 cinco dias para chefe da Secom explicar contratos. PSOL pede sa\u00edda imediata de secret\u00e1rio"}]},{"@type":"WebSite","@id":"https:\/\/psol50.org.br\/#website","url":"https:\/\/psol50.org.br\/","name":"PSOL 50","description":"Site oficial do Partido Socialismo e Liberdade","publisher":{"@id":"https:\/\/psol50.org.br\/#organization"},"alternateName":"PSOL50","potentialAction":[{"@type":"SearchAction","target":{"@type":"EntryPoint","urlTemplate":"https:\/\/psol50.org.br\/?s={search_term_string}"},"query-input":{"@type":"PropertyValueSpecification","valueRequired":true,"valueName":"search_term_string"}}],"inLanguage":"pt-BR"},{"@type":"Organization","@id":"https:\/\/psol50.org.br\/#organization","name":"PSOL 50","alternateName":"PSOL 50","url":"https:\/\/psol50.org.br\/","logo":{"@type":"ImageObject","inLanguage":"pt-BR","@id":"https:\/\/psol50.org.br\/#\/schema\/logo\/image\/","url":"https:\/\/psol50.org.br\/inc\/uploads\/2018\/07\/capa.png","contentUrl":"https:\/\/psol50.org.br\/inc\/uploads\/2018\/07\/capa.png","width":1350,"height":900,"caption":"PSOL 50"},"image":{"@id":"https:\/\/psol50.org.br\/#\/schema\/logo\/image\/"},"sameAs":["https:\/\/www.facebook.com\/psol50","https:\/\/x.com\/psol50","https:\/\/www.instagram.com\/psol50\/","https:\/\/www.youtube.com\/channel\/UC7SnJS5o1os7a6CaiNabzcg"]},{"@type":"Person","@id":"https:\/\/psol50.org.br\/#\/schema\/person\/475dfa57d0b815993c714c2e96491fcd","name":"Comunica\u00e7\u00e3o PSOL","image":{"@type":"ImageObject","inLanguage":"pt-BR","@id":"https:\/\/psol50.org.br\/#\/schema\/person\/image\/","url":"https:\/\/secure.gravatar.com\/avatar\/b34fc4f4e468a4e51785917065a3db57b841f5c95dba6ad8c73aaf8f66f8f9bf?s=96&d=mm&r=g","contentUrl":"https:\/\/secure.gravatar.com\/avatar\/b34fc4f4e468a4e51785917065a3db57b841f5c95dba6ad8c73aaf8f66f8f9bf?s=96&d=mm&r=g","caption":"Comunica\u00e7\u00e3o PSOL"}}]}},"_links":{"self":[{"href":"https:\/\/psol50.org.br\/rest\/wp\/v2\/posts\/27275","targetHints":{"allow":["GET"]}}],"collection":[{"href":"https:\/\/psol50.org.br\/rest\/wp\/v2\/posts"}],"about":[{"href":"https:\/\/psol50.org.br\/rest\/wp\/v2\/types\/post"}],"author":[{"embeddable":true,"href":"https:\/\/psol50.org.br\/rest\/wp\/v2\/users\/2"}],"replies":[{"embeddable":true,"href":"https:\/\/psol50.org.br\/rest\/wp\/v2\/comments?post=27275"}],"version-history":[{"count":0,"href":"https:\/\/psol50.org.br\/rest\/wp\/v2\/posts\/27275\/revisions"}],"wp:featuredmedia":[{"embeddable":true,"href":"https:\/\/psol50.org.br\/rest\/wp\/v2\/media\/27276"}],"wp:attachment":[{"href":"https:\/\/psol50.org.br\/rest\/wp\/v2\/media?parent=27275"}],"wp:term":[{"taxonomy":"category","embeddable":true,"href":"https:\/\/psol50.org.br\/rest\/wp\/v2\/categories?post=27275"},{"taxonomy":"post_tag","embeddable":true,"href":"https:\/\/psol50.org.br\/rest\/wp\/v2\/tags?post=27275"}],"curies":[{"name":"wp","href":"https:\/\/api.w.org\/{rel}","templated":true}]}}