{"id":2728,"date":"2014-05-05T00:00:00","date_gmt":"2014-05-05T18:16:46","guid":{"rendered":"http:\/\/psol50.org.br\/arquivo\/2014\/05\/05\/40-anos-depois-da-revolucao-dos-cravos-portugal-sofre-com-austeridade\/"},"modified":"2014-05-05T00:00:00","modified_gmt":"2014-05-05T18:16:46","slug":"40-anos-depois-da-revolucao-dos-cravos-portugal-sofre-com-austeridade","status":"publish","type":"post","link":"https:\/\/psol50.org.br\/40-anos-depois-da-revolucao-dos-cravos-portugal-sofre-com-austeridade\/","title":{"rendered":"40 anos depois da Revolu\u00e7\u00e3o dos Cravos, Portugal sofre com austeridade"},"content":{"rendered":"<p style=\"margin-bottom: 0cm; text-align: justify;\">\n\t<span style=\"font-size:12px;\"><span style=\"font-family: arial,helvetica,sans-serif;\"><em>Do Brasil de Fato, Marana Borges<\/em><\/p>\n<p>\t<font color=\"#000000\"><em><span style=\"text-decoration: none;\"><b>Que o poema seja microfone e fale<\/b><\/span><\/em><\/font><\/span><\/span><br \/>\n\t<span style=\"font-size:12px;\"><span style=\"font-family: arial,helvetica,sans-serif;\"><em>uma noite destas de repente \u00e0s tr<\/em><em>\u00ea<\/em><em>s e tal<\/em><\/span><\/span><br \/>\n\t<span style=\"font-size:12px;\"><span style=\"font-family: arial,helvetica,sans-serif;\"><em>para que a Lua estoire e o sono estale<\/em><\/span><\/span><br \/>\n\t<span style=\"font-size:12px;\"><span style=\"font-family: arial,helvetica,sans-serif;\"><em>e a gente acorde finalmente em Portugal<\/em><\/span><\/span><br \/>\n\t<span style=\"font-size:12px;\"><span style=\"font-family: arial,helvetica,sans-serif;\">(excerto de Poemarma, 1967)<\/span><\/span><\/p>\n<p>\t<span style=\"font-size:12px;\"><span style=\"font-family: arial,helvetica,sans-serif;\">Esses Versos do poeta Manuel Alegre, de 77 anos, estranhamente anteciparam o movimento que, na madrugada de 25 de abril de 1974, tomaria o Terreiro do Pa\u00e7o e o Quartel do Carmo, em Lisboa, enchendo as ruas de cravos vermelhos e depondo o ent\u00e3o ditador Marcello Caetano. Ele substituiu Salazar e se exilaria depois no Rio de Janeiro, trabalhando como professor universit\u00e1rio de Direito. O prof\u00e9tico poema, difundido anos antes em fotoc\u00f3pias clandestinas, tornou-se uma forte po\u00e9tica da mudan\u00e7a.<\/span><\/span><\/p>\n<p>\t<span style=\"font-size:12px;\"><span style=\"font-family: arial,helvetica,sans-serif;\">As mudan\u00e7as possibilitadas pela Revolu\u00e7\u00e3o dos Cravos foram fulcrais para Portugal. \u201cConstruiu-se uma democracia ao meu entender robusta. Essa foi a grande conquista do 25 de Abril at\u00e9 hoje\u201d, disse ao <em>Opera Mundi <\/em>Boaventura de Sousa Santos, professor aposentado da Universidade de Coimbra e um dos mais respeitados intelectuais portugueses. O pa\u00eds, por fim, seguiu a onda democr\u00e1tica e a cria\u00e7\u00e3o do Estado de Bem-estar Social conduzidas na Europa depois da Segunda Guerra.<\/span><\/span><\/p>\n<p>\t<span style=\"font-size:12px;\"><span style=\"font-family: arial,helvetica,sans-serif;\">A abertura democr\u00e1tica significou direitos civis e pol\u00edticos, mas n\u00e3o s\u00f3 isso. Os direitos sociais foram garantidos pela Constitui\u00e7\u00e3o: direito \u00e0 habita\u00e7\u00e3o, sa\u00fade, educa\u00e7\u00e3o, previd\u00eancia social, justi\u00e7a, cultura, dentre outros. Tamb\u00e9m foi a \u00e9poca das nacionaliza\u00e7\u00f5es, do fim da guerra colonial e do surgimento da classe m\u00e9dia. A entrada na Uni\u00e3o Europeia ajudaria a modernizar o pa\u00eds por meio da transfer\u00eancia de 80 bilh\u00f5es de euros em fundos entre 1986 a 2011 \u2013 o equivalente a 9 milh\u00f5es de euros por dia.<\/span><\/span><\/p>\n<p>\t<span style=\"font-size:12px;\"><span style=\"font-family: arial,helvetica,sans-serif;\">Outras agendas, contudo, n\u00e3o foram cumpridas. Uma delas foi a reforma agr\u00e1ria, impulsionada depois da Revolu\u00e7\u00e3o pela esquerda parlamentar mais radical e membros ligados ao Movimento das For\u00e7as Armadas, sobretudo na regi\u00e3o do Alentejo. O grupo foi isolado na esteira de um golpe militar que em novembro de 1975 imp\u00f4s uma linha pol\u00edtica mais moderada.<\/span><\/span><\/p>\n<p>\t<span style=\"font-size:12px;\"><span style=\"font-family: arial,helvetica,sans-serif;\"><strong>Presente<\/strong><\/span><\/span><br \/>\n\t<span style=\"font-size:12px;\"><span style=\"font-family: arial,helvetica,sans-serif;\">40 anos mais tarde, por\u00e9m, as palavras que definem Portugal podem estar mais pr\u00f3ximas dos versos desencantados escritos pelo mesmo Manuel Alegre em plena democracia dos anos 1990, quando o centro-direitista Cavaco Silva \u2013 atual presidente \u2013 era primeiro-ministro: \u201c20 anos depois, Abril n\u00e3o rima\u201d.<\/span><\/span><\/p>\n<p>\t<span style=\"font-size:12px;\"><span style=\"font-family: arial,helvetica,sans-serif;\">Portugal de hoje, com uma taxa de desemprego de 15% e um pacote financeiro conduzido pela Troika (Comiss\u00e3o Europeia, FMI e Banco Europeu), celebra a Revolu\u00e7\u00e3o receoso dos lesivos impactos da austeridade em \u00e1reas decisivas na vida das pessoas. \u201cEstamos voltando ao modelo pr\u00e9-Revolu\u00e7\u00e3o\u201d, lamenta Boaventura de Sousa Santos, que defende a auditoria da d\u00edvida externa portuguesa. Os baixos sal\u00e1rios e a desigualdade social colocam o pa\u00eds entre os mais desiguais da Europa.<\/span><\/span><\/p>\n<p>\t<span style=\"font-size:12px;\"><span style=\"font-family: arial,helvetica,sans-serif;\">Atualmente, 18% das pessoas em Portugal vivem no limiar da pobreza (com m\u00e9dia de renda de 400 euros mensais), enquanto 10,9% da popula\u00e7\u00e3o enfrenta priva\u00e7\u00e3o material severa. A gest\u00e3o dos fundos europeus, alocados em excesso em \u00e1reas de infraestrutura, como rodovias, n\u00e3o conseguiu aproximar os indicadores sociais em Portugal da m\u00e9dia do bloco.<\/span><\/span><\/p>\n<p>\t<span style=\"font-size:12px;\"><span style=\"font-family: arial,helvetica,sans-serif;\">Se a entrada na Uni\u00e3o Europeia ajudou o pa\u00eds a se modernizar, foi ao mesmo tempo, junto com a moeda \u00fanica, seu algoz. \u201cQuando a Europa fez uma virada neoliberal, o pa\u00eds tamb\u00e9m a acompanhou\u201d, diz Boaventura. As medidas de austeridade implementadas desde 2011 seguem o memorando assinado com a Comiss\u00e3o Europeia: privatiza\u00e7\u00f5es, reforma previdenci\u00e1ria, subida de impostos, aumento dos custos de sa\u00fade e educa\u00e7\u00e3o para os cidad\u00e3os e limita\u00e7\u00e3o das transfer\u00eancias sociais do Estado. Para o equil\u00edbrio de for\u00e7as dentro do bloco europeu, Boaventura aposta em uma uni\u00e3o entre os pa\u00edses do Sul \u2013 os que mais sofrem com a crise econ\u00f4mica.<\/span><\/span><\/p>\n<p>\t<span style=\"font-size:12px;\"><span style=\"font-family: arial,helvetica,sans-serif;\">Diante desse cen\u00e1rio desolador, por que n\u00e3o h\u00e1 mobiliza\u00e7\u00f5es populares como as que se seguiram \u00e0 Revolu\u00e7\u00e3o de 1974? Segundo o soci\u00f3logo, as manifesta\u00e7\u00f5es populares requerem dois requisitos: a frustra\u00e7\u00e3o e a expectativa de quem quer lutar por direitos ou que espera que os resultados sejam positivos. Em Portugal, falta a segunda. \u201cNo Brasil, por exemplo, h\u00e1 ambas neste momento\u201d, contrap\u00f5e. \u201cAlguns defendem que, se a situa\u00e7\u00e3o aqui piorar, haver\u00e1 movimentos populares. Eu acho justamente o contr\u00e1rio: ficaremos mais paralisados\u201d.<\/span><\/span><\/p>\n<p style=\"margin-bottom: 0cm; font-weight: normal\">\n\t&nbsp;<\/p>\n","protected":false},"excerpt":{"rendered":"<p>Com desemprego de 15% e um pacote financeiro conduzido pela Troika, portugueses lembram a data receosos pelo futuro<\/p>\n","protected":false},"author":2,"featured_media":0,"comment_status":"open","ping_status":"open","sticky":false,"template":"","format":"standard","meta":{"_acf_changed":false,"footnotes":""},"categories":[4766,6,4956],"tags":[515,1216,491],"class_list":{"0":"post-2728","1":"post","2":"type-post","3":"status-publish","4":"format-standard","6":"category-arquivo","7":"category-noticias","8":"category-portugal","9":"tag-bloco-de-esquerda","10":"tag-internacional","11":"tag-portugal"},"acf":[],"yoast_head":"<!-- This site is optimized with the Yoast SEO plugin v26.5 - https:\/\/yoast.com\/wordpress\/plugins\/seo\/ -->\n<title>40 anos depois da Revolu\u00e7\u00e3o dos Cravos, Portugal sofre com austeridade - PSOL 50<\/title>\n<meta name=\"robots\" content=\"index, follow, max-snippet:-1, max-image-preview:large, max-video-preview:-1\" \/>\n<link rel=\"canonical\" href=\"https:\/\/psol50.org.br\/40-anos-depois-da-revolucao-dos-cravos-portugal-sofre-com-austeridade\/\" \/>\n<meta property=\"og:locale\" content=\"pt_BR\" \/>\n<meta property=\"og:type\" content=\"article\" \/>\n<meta property=\"og:title\" content=\"40 anos depois da Revolu\u00e7\u00e3o dos Cravos, Portugal sofre com austeridade - PSOL 50\" \/>\n<meta property=\"og:description\" content=\"Com desemprego de 15% e um pacote financeiro conduzido pela Troika, portugueses lembram a data receosos pelo futuro\" \/>\n<meta property=\"og:url\" content=\"https:\/\/psol50.org.br\/40-anos-depois-da-revolucao-dos-cravos-portugal-sofre-com-austeridade\/\" \/>\n<meta property=\"og:site_name\" content=\"PSOL 50\" \/>\n<meta property=\"article:publisher\" content=\"https:\/\/www.facebook.com\/psol50\" \/>\n<meta property=\"article:published_time\" content=\"2014-05-05T18:16:46+00:00\" \/>\n<meta property=\"og:image\" content=\"https:\/\/psol50.org.br\/inc\/uploads\/2018\/07\/capa.png\" \/>\n\t<meta property=\"og:image:width\" content=\"1350\" \/>\n\t<meta property=\"og:image:height\" content=\"900\" \/>\n\t<meta property=\"og:image:type\" content=\"image\/png\" \/>\n<meta name=\"author\" content=\"Comunica\u00e7\u00e3o PSOL\" \/>\n<meta name=\"twitter:card\" content=\"summary_large_image\" \/>\n<meta name=\"twitter:creator\" content=\"@psol50\" \/>\n<meta name=\"twitter:site\" content=\"@psol50\" \/>\n<meta name=\"twitter:label1\" content=\"Escrito por\" \/>\n\t<meta name=\"twitter:data1\" content=\"Comunica\u00e7\u00e3o PSOL\" \/>\n\t<meta name=\"twitter:label2\" content=\"Est. tempo de leitura\" \/>\n\t<meta name=\"twitter:data2\" content=\"4 minutos\" \/>\n<script type=\"application\/ld+json\" class=\"yoast-schema-graph\">{\"@context\":\"https:\/\/schema.org\",\"@graph\":[{\"@type\":\"Article\",\"@id\":\"https:\/\/psol50.org.br\/40-anos-depois-da-revolucao-dos-cravos-portugal-sofre-com-austeridade\/#article\",\"isPartOf\":{\"@id\":\"https:\/\/psol50.org.br\/40-anos-depois-da-revolucao-dos-cravos-portugal-sofre-com-austeridade\/\"},\"author\":{\"name\":\"Comunica\u00e7\u00e3o PSOL\",\"@id\":\"https:\/\/psol50.org.br\/#\/schema\/person\/475dfa57d0b815993c714c2e96491fcd\"},\"headline\":\"40 anos depois da Revolu\u00e7\u00e3o dos Cravos, Portugal sofre com austeridade\",\"datePublished\":\"2014-05-05T18:16:46+00:00\",\"mainEntityOfPage\":{\"@id\":\"https:\/\/psol50.org.br\/40-anos-depois-da-revolucao-dos-cravos-portugal-sofre-com-austeridade\/\"},\"wordCount\":753,\"commentCount\":0,\"publisher\":{\"@id\":\"https:\/\/psol50.org.br\/#organization\"},\"keywords\":[\"Bloco de Esquerda\",\"Internacional\",\"Portugal\"],\"articleSection\":[\"Arquivo\",\"Not\u00edcias\",\"Portugal\"],\"inLanguage\":\"pt-BR\",\"potentialAction\":[{\"@type\":\"CommentAction\",\"name\":\"Comment\",\"target\":[\"https:\/\/psol50.org.br\/40-anos-depois-da-revolucao-dos-cravos-portugal-sofre-com-austeridade\/#respond\"]}]},{\"@type\":\"WebPage\",\"@id\":\"https:\/\/psol50.org.br\/40-anos-depois-da-revolucao-dos-cravos-portugal-sofre-com-austeridade\/\",\"url\":\"https:\/\/psol50.org.br\/40-anos-depois-da-revolucao-dos-cravos-portugal-sofre-com-austeridade\/\",\"name\":\"40 anos depois da Revolu\u00e7\u00e3o dos Cravos, Portugal sofre com austeridade - PSOL 50\",\"isPartOf\":{\"@id\":\"https:\/\/psol50.org.br\/#website\"},\"datePublished\":\"2014-05-05T18:16:46+00:00\",\"breadcrumb\":{\"@id\":\"https:\/\/psol50.org.br\/40-anos-depois-da-revolucao-dos-cravos-portugal-sofre-com-austeridade\/#breadcrumb\"},\"inLanguage\":\"pt-BR\",\"potentialAction\":[{\"@type\":\"ReadAction\",\"target\":[\"https:\/\/psol50.org.br\/40-anos-depois-da-revolucao-dos-cravos-portugal-sofre-com-austeridade\/\"]}]},{\"@type\":\"BreadcrumbList\",\"@id\":\"https:\/\/psol50.org.br\/40-anos-depois-da-revolucao-dos-cravos-portugal-sofre-com-austeridade\/#breadcrumb\",\"itemListElement\":[{\"@type\":\"ListItem\",\"position\":1,\"name\":\"In\u00edcio\",\"item\":\"https:\/\/psol50.org.br\/\"},{\"@type\":\"ListItem\",\"position\":2,\"name\":\"40 anos depois da Revolu\u00e7\u00e3o dos Cravos, Portugal sofre com austeridade\"}]},{\"@type\":\"WebSite\",\"@id\":\"https:\/\/psol50.org.br\/#website\",\"url\":\"https:\/\/psol50.org.br\/\",\"name\":\"PSOL 50\",\"description\":\"Site oficial do Partido Socialismo e Liberdade\",\"publisher\":{\"@id\":\"https:\/\/psol50.org.br\/#organization\"},\"alternateName\":\"PSOL50\",\"potentialAction\":[{\"@type\":\"SearchAction\",\"target\":{\"@type\":\"EntryPoint\",\"urlTemplate\":\"https:\/\/psol50.org.br\/?s={search_term_string}\"},\"query-input\":{\"@type\":\"PropertyValueSpecification\",\"valueRequired\":true,\"valueName\":\"search_term_string\"}}],\"inLanguage\":\"pt-BR\"},{\"@type\":\"Organization\",\"@id\":\"https:\/\/psol50.org.br\/#organization\",\"name\":\"PSOL 50\",\"alternateName\":\"PSOL 50\",\"url\":\"https:\/\/psol50.org.br\/\",\"logo\":{\"@type\":\"ImageObject\",\"inLanguage\":\"pt-BR\",\"@id\":\"https:\/\/psol50.org.br\/#\/schema\/logo\/image\/\",\"url\":\"https:\/\/psol50.org.br\/inc\/uploads\/2018\/07\/capa.png\",\"contentUrl\":\"https:\/\/psol50.org.br\/inc\/uploads\/2018\/07\/capa.png\",\"width\":1350,\"height\":900,\"caption\":\"PSOL 50\"},\"image\":{\"@id\":\"https:\/\/psol50.org.br\/#\/schema\/logo\/image\/\"},\"sameAs\":[\"https:\/\/www.facebook.com\/psol50\",\"https:\/\/x.com\/psol50\",\"https:\/\/www.instagram.com\/psol50\/\",\"https:\/\/www.youtube.com\/channel\/UC7SnJS5o1os7a6CaiNabzcg\"]},{\"@type\":\"Person\",\"@id\":\"https:\/\/psol50.org.br\/#\/schema\/person\/475dfa57d0b815993c714c2e96491fcd\",\"name\":\"Comunica\u00e7\u00e3o PSOL\",\"image\":{\"@type\":\"ImageObject\",\"inLanguage\":\"pt-BR\",\"@id\":\"https:\/\/psol50.org.br\/#\/schema\/person\/image\/\",\"url\":\"https:\/\/secure.gravatar.com\/avatar\/b34fc4f4e468a4e51785917065a3db57b841f5c95dba6ad8c73aaf8f66f8f9bf?s=96&d=mm&r=g\",\"contentUrl\":\"https:\/\/secure.gravatar.com\/avatar\/b34fc4f4e468a4e51785917065a3db57b841f5c95dba6ad8c73aaf8f66f8f9bf?s=96&d=mm&r=g\",\"caption\":\"Comunica\u00e7\u00e3o PSOL\"}}]}<\/script>\n<!-- \/ Yoast SEO plugin. -->","yoast_head_json":{"title":"40 anos depois da Revolu\u00e7\u00e3o dos Cravos, Portugal sofre com austeridade - PSOL 50","robots":{"index":"index","follow":"follow","max-snippet":"max-snippet:-1","max-image-preview":"max-image-preview:large","max-video-preview":"max-video-preview:-1"},"canonical":"https:\/\/psol50.org.br\/40-anos-depois-da-revolucao-dos-cravos-portugal-sofre-com-austeridade\/","og_locale":"pt_BR","og_type":"article","og_title":"40 anos depois da Revolu\u00e7\u00e3o dos Cravos, Portugal sofre com austeridade - PSOL 50","og_description":"Com desemprego de 15% e um pacote financeiro conduzido pela Troika, portugueses lembram a data receosos pelo futuro","og_url":"https:\/\/psol50.org.br\/40-anos-depois-da-revolucao-dos-cravos-portugal-sofre-com-austeridade\/","og_site_name":"PSOL 50","article_publisher":"https:\/\/www.facebook.com\/psol50","article_published_time":"2014-05-05T18:16:46+00:00","og_image":[{"width":1350,"height":900,"url":"https:\/\/psol50.org.br\/inc\/uploads\/2018\/07\/capa.png","type":"image\/png"}],"author":"Comunica\u00e7\u00e3o PSOL","twitter_card":"summary_large_image","twitter_creator":"@psol50","twitter_site":"@psol50","twitter_misc":{"Escrito por":"Comunica\u00e7\u00e3o PSOL","Est. tempo de leitura":"4 minutos"},"schema":{"@context":"https:\/\/schema.org","@graph":[{"@type":"Article","@id":"https:\/\/psol50.org.br\/40-anos-depois-da-revolucao-dos-cravos-portugal-sofre-com-austeridade\/#article","isPartOf":{"@id":"https:\/\/psol50.org.br\/40-anos-depois-da-revolucao-dos-cravos-portugal-sofre-com-austeridade\/"},"author":{"name":"Comunica\u00e7\u00e3o PSOL","@id":"https:\/\/psol50.org.br\/#\/schema\/person\/475dfa57d0b815993c714c2e96491fcd"},"headline":"40 anos depois da Revolu\u00e7\u00e3o dos Cravos, Portugal sofre com austeridade","datePublished":"2014-05-05T18:16:46+00:00","mainEntityOfPage":{"@id":"https:\/\/psol50.org.br\/40-anos-depois-da-revolucao-dos-cravos-portugal-sofre-com-austeridade\/"},"wordCount":753,"commentCount":0,"publisher":{"@id":"https:\/\/psol50.org.br\/#organization"},"keywords":["Bloco de Esquerda","Internacional","Portugal"],"articleSection":["Arquivo","Not\u00edcias","Portugal"],"inLanguage":"pt-BR","potentialAction":[{"@type":"CommentAction","name":"Comment","target":["https:\/\/psol50.org.br\/40-anos-depois-da-revolucao-dos-cravos-portugal-sofre-com-austeridade\/#respond"]}]},{"@type":"WebPage","@id":"https:\/\/psol50.org.br\/40-anos-depois-da-revolucao-dos-cravos-portugal-sofre-com-austeridade\/","url":"https:\/\/psol50.org.br\/40-anos-depois-da-revolucao-dos-cravos-portugal-sofre-com-austeridade\/","name":"40 anos depois da Revolu\u00e7\u00e3o dos Cravos, Portugal sofre com austeridade - PSOL 50","isPartOf":{"@id":"https:\/\/psol50.org.br\/#website"},"datePublished":"2014-05-05T18:16:46+00:00","breadcrumb":{"@id":"https:\/\/psol50.org.br\/40-anos-depois-da-revolucao-dos-cravos-portugal-sofre-com-austeridade\/#breadcrumb"},"inLanguage":"pt-BR","potentialAction":[{"@type":"ReadAction","target":["https:\/\/psol50.org.br\/40-anos-depois-da-revolucao-dos-cravos-portugal-sofre-com-austeridade\/"]}]},{"@type":"BreadcrumbList","@id":"https:\/\/psol50.org.br\/40-anos-depois-da-revolucao-dos-cravos-portugal-sofre-com-austeridade\/#breadcrumb","itemListElement":[{"@type":"ListItem","position":1,"name":"In\u00edcio","item":"https:\/\/psol50.org.br\/"},{"@type":"ListItem","position":2,"name":"40 anos depois da Revolu\u00e7\u00e3o dos Cravos, Portugal sofre com austeridade"}]},{"@type":"WebSite","@id":"https:\/\/psol50.org.br\/#website","url":"https:\/\/psol50.org.br\/","name":"PSOL 50","description":"Site oficial do Partido Socialismo e Liberdade","publisher":{"@id":"https:\/\/psol50.org.br\/#organization"},"alternateName":"PSOL50","potentialAction":[{"@type":"SearchAction","target":{"@type":"EntryPoint","urlTemplate":"https:\/\/psol50.org.br\/?s={search_term_string}"},"query-input":{"@type":"PropertyValueSpecification","valueRequired":true,"valueName":"search_term_string"}}],"inLanguage":"pt-BR"},{"@type":"Organization","@id":"https:\/\/psol50.org.br\/#organization","name":"PSOL 50","alternateName":"PSOL 50","url":"https:\/\/psol50.org.br\/","logo":{"@type":"ImageObject","inLanguage":"pt-BR","@id":"https:\/\/psol50.org.br\/#\/schema\/logo\/image\/","url":"https:\/\/psol50.org.br\/inc\/uploads\/2018\/07\/capa.png","contentUrl":"https:\/\/psol50.org.br\/inc\/uploads\/2018\/07\/capa.png","width":1350,"height":900,"caption":"PSOL 50"},"image":{"@id":"https:\/\/psol50.org.br\/#\/schema\/logo\/image\/"},"sameAs":["https:\/\/www.facebook.com\/psol50","https:\/\/x.com\/psol50","https:\/\/www.instagram.com\/psol50\/","https:\/\/www.youtube.com\/channel\/UC7SnJS5o1os7a6CaiNabzcg"]},{"@type":"Person","@id":"https:\/\/psol50.org.br\/#\/schema\/person\/475dfa57d0b815993c714c2e96491fcd","name":"Comunica\u00e7\u00e3o PSOL","image":{"@type":"ImageObject","inLanguage":"pt-BR","@id":"https:\/\/psol50.org.br\/#\/schema\/person\/image\/","url":"https:\/\/secure.gravatar.com\/avatar\/b34fc4f4e468a4e51785917065a3db57b841f5c95dba6ad8c73aaf8f66f8f9bf?s=96&d=mm&r=g","contentUrl":"https:\/\/secure.gravatar.com\/avatar\/b34fc4f4e468a4e51785917065a3db57b841f5c95dba6ad8c73aaf8f66f8f9bf?s=96&d=mm&r=g","caption":"Comunica\u00e7\u00e3o PSOL"}}]}},"_links":{"self":[{"href":"https:\/\/psol50.org.br\/rest\/wp\/v2\/posts\/2728","targetHints":{"allow":["GET"]}}],"collection":[{"href":"https:\/\/psol50.org.br\/rest\/wp\/v2\/posts"}],"about":[{"href":"https:\/\/psol50.org.br\/rest\/wp\/v2\/types\/post"}],"author":[{"embeddable":true,"href":"https:\/\/psol50.org.br\/rest\/wp\/v2\/users\/2"}],"replies":[{"embeddable":true,"href":"https:\/\/psol50.org.br\/rest\/wp\/v2\/comments?post=2728"}],"version-history":[{"count":0,"href":"https:\/\/psol50.org.br\/rest\/wp\/v2\/posts\/2728\/revisions"}],"wp:attachment":[{"href":"https:\/\/psol50.org.br\/rest\/wp\/v2\/media?parent=2728"}],"wp:term":[{"taxonomy":"category","embeddable":true,"href":"https:\/\/psol50.org.br\/rest\/wp\/v2\/categories?post=2728"},{"taxonomy":"post_tag","embeddable":true,"href":"https:\/\/psol50.org.br\/rest\/wp\/v2\/tags?post=2728"}],"curies":[{"name":"wp","href":"https:\/\/api.w.org\/{rel}","templated":true}]}}