{"id":273,"date":"2012-09-07T00:00:00","date_gmt":"2012-09-07T00:00:00","guid":{"rendered":"http:\/\/psol50.org.br\/arquivo\/2012\/09\/07\/psol-ganha-na-justica-direito-a-participar-do-debate-da-tv-tribuna-afiliada-da-globo\/"},"modified":"2012-09-07T00:00:00","modified_gmt":"2012-09-07T00:00:00","slug":"psol-ganha-na-justica-direito-a-participar-do-debate-da-tv-tribuna-afiliada-da-globo","status":"publish","type":"post","link":"https:\/\/psol50.org.br\/psol-ganha-na-justica-direito-a-participar-do-debate-da-tv-tribuna-afiliada-da-globo\/","title":{"rendered":"PSOL ganha na Justi\u00e7a direito a participar do debate da TV Tribuna (Afiliada da Globo)"},"content":{"rendered":"<p>O juiz Rog\u00e9rio M\u00e1rcio Teixeira, da 273\u00aa Zona Eleitoral, deferiu a liminar impetrada pelo PSOL de Santos, para garantir a presen\u00e7a da candidata Eneida Koury 50, no debate da TV Tribuna, previsto para o dia 4 de outubro.<\/p>\n<p>A TV Tribuna foi notificada, no dia 27 de agosto atrav\u00e9s de oficio encaminhado pelo presidente do PSOL de Santos, Ricardo Saraiva, o Big, sob o tratamento desigual que estava sendo dado pela emissora \u00e0 candidata Eneida Koury, que n\u00e3o foi convidada pela emissora para a s\u00e9rie de entrevistas de cinco e oito minutos, nos telejornais da 1\u00aa e 2\u00aa Edi\u00e7\u00e3o da TV Tribuna, com todos os candidatos a prefeito, assim como n\u00e3o foi convidada a participar do debate.<\/p>\n<p>No dia 29, a emissora emitiu uma notifica\u00e7\u00e3o confirmando que n\u00e3o convidaria a candidata Eneida Koury para ser entrevistada no quadro \u201cElei\u00e7\u00f5es 2012\u201d dentro dos seus programas jornal\u00edsticos e tampouco seria convidada para o debate.<\/p>\n<p>A TV Tribuna, seguindo determina\u00e7\u00e3o nacional da Rede Globo, ofereceu um acordo para os candidatos, de que somente cinco dos nove candidatos \u00e0 prefeitura de Santos estariam no debate. Conforme os crit\u00e9rios, participariam do debate os cinco melhores classificados na pesquisa Ibope anterior \u00e0 data do Debate, 04 de Outubro de 2012. Os quatro restantes teriam apenas a oportunidade de serem entrevistados se concordassem em abrir m\u00e3o da participa\u00e7\u00e3o no debate a ser promovido pela emissora, caso n\u00e3o estivessem entre os cinco.<\/p>\n<p>O PSOL e a candidata Eneida Koury rejeitaram tal acordo contr\u00e1rio a legisla\u00e7\u00e3o vigente, que garante a participa\u00e7\u00e3o de todos os candidatos de partidos com representa\u00e7\u00e3o no Congresso Nacional em debates televisivos. O PSOL n\u00e3o apenas tem representa\u00e7\u00e3o no Congresso Nacional com tr\u00eas deputados e um senador da Rep\u00fablica, como seus congressistas foram considerados os melhores do pa\u00eds pelo quarto ano consecutivo segundo a an\u00e1lise Congresso em Foco.<\/p>\n<p>No entanto, o departamento jur\u00eddico da TV Tribuna afirma na mesma nota \u201cque n\u00e3o desconhece o teor do disposto no inciso IV, do artigo 45, da Lei 9.504\/97.\u201d E segue \u201cMas o tratamento igualit\u00e1rio mencionado na legisla\u00e7\u00e3o n\u00e3o se traduz na concess\u00e3o de cobertura jornal\u00edstica absolutamente igual, em termos de tempo, at\u00e9 porque alguns candidatos se destacam mais do que outros, despertado (sic) assim, maior interesse do p\u00fablico em geral\u201d.<\/p>\n<p>Todavia tentamos entender a interpreta\u00e7\u00e3o do departamento jur\u00eddico da emissora sobre a lei. Se a igualdade n\u00e3o se faz atrav\u00e9s do tempo igual concedido aos candidatos, se faz atrav\u00e9s do que? Quem define o \u201cdestaque\u201d de alguns candidatos em rela\u00e7\u00e3o aos outros? Baseado em que dados isentos? O correto n\u00e3o seria que todos tivessem o mesmo tempo de exposi\u00e7\u00e3o em uma concession\u00e1ria de servi\u00e7o p\u00fablico e a popula\u00e7\u00e3o definisse qual proposta se destacou mais atrav\u00e9s do voto?<\/p>\n<p>O PSOL e Eneida jamais poderiam aceitar um acordo que fere a democracia, o Estado democr\u00e1tico de Direito e o acesso da popula\u00e7\u00e3o a informa\u00e7\u00e3o isenta e imparcial. As emissoras de televis\u00e3o operam atrav\u00e9s de concess\u00f5es p\u00fablicas do Estado, decididas pelo Congresso Nacional em Leis espec\u00edficas. Portanto, n\u00e3o s\u00e3o apenas empresas privadas que podem definir a seu gosto e dos seus interesses empresariais a divulga\u00e7\u00e3o de informa\u00e7\u00f5es do processo eleitoral e dos respectivos candidatos inscritos, impelindo-se contra a isonomia na divulga\u00e7\u00e3o e do acesso \u00e0 informa\u00e7\u00e3o da popula\u00e7\u00e3o.<\/p>\n<p>Como concession\u00e1rias de um servi\u00e7o p\u00fablico, as emissoras devem respeitar a sociedade brasileira nos seus mais amplos aspectos e aspira\u00e7\u00f5es, democraticamente, e dar vez e voz, em condi\u00e7\u00f5es de igualdade aos diferentes pensamentos e ideologias que legitimamente se apresentam na representa\u00e7\u00e3o da popula\u00e7\u00e3o.<\/p>\n<p>Diante desse quadro o PSOL foi obrigado a recorrer a Justi\u00e7a para fazer valer seus direitos constitucionais. Atrav\u00e9s de peti\u00e7\u00e3o formulada pelo escrit\u00f3rio Murat e Fernandes Advogados Associados, assegurou o direito de que a candidata Eneida Koury participe do debate previsto pela TV Tribuna para o dia 4 de outubro.<\/p>\n<p>O PSOL n\u00e3o se cala diante das injusti\u00e7as contra a popula\u00e7\u00e3o, o PSOL defende os anseios, direitos e conquistas da maioria da popula\u00e7\u00e3o, dos trabalhadores, dos exclu\u00eddos e n\u00e3o se rende aos interesses empresariais e do capital. Estamos acostumados com as batalhas, s\u00f3 demonstram que estamos no caminho certo porque o PSOL segue na luta.<\/p>\n<p>O PSOL n\u00e3o se vende, tampouco negocia direitos!<\/p>\n","protected":false},"excerpt":{"rendered":"<p>O juiz Rog\u00e9rio M\u00e1rcio Teixeira, da 273\u00aa Zona Eleitoral, deferiu a liminar impetrada pelo PSOL de Santos, para garantir a presen\u00e7a da candidata Eneida Koury 50, no debate da TV Tribuna, previsto para o dia 4 de outubro. A TV Tribuna foi notificada, no dia 27 de agosto atrav\u00e9s de oficio encaminhado pelo presidente do [&hellip;]<\/p>\n","protected":false},"author":2,"featured_media":0,"comment_status":"open","ping_status":"open","sticky":false,"template":"","format":"standard","meta":{"_acf_changed":false,"footnotes":""},"categories":[4766,4974],"tags":[4975,22],"class_list":{"0":"post-273","1":"post","2":"type-post","3":"status-publish","4":"format-standard","6":"category-arquivo","7":"category-eleicoes-2012","8":"tag-eleicoes-2012","9":"tag-psol"},"acf":[],"yoast_head":"<!-- This site is optimized with the Yoast SEO plugin v26.5 - https:\/\/yoast.com\/wordpress\/plugins\/seo\/ -->\n<title>PSOL ganha na Justi\u00e7a direito a participar do debate da TV Tribuna (Afiliada da Globo) - PSOL 50<\/title>\n<meta name=\"robots\" content=\"index, follow, max-snippet:-1, max-image-preview:large, max-video-preview:-1\" \/>\n<link rel=\"canonical\" href=\"https:\/\/psol50.org.br\/psol-ganha-na-justica-direito-a-participar-do-debate-da-tv-tribuna-afiliada-da-globo\/\" \/>\n<meta property=\"og:locale\" content=\"pt_BR\" \/>\n<meta property=\"og:type\" content=\"article\" \/>\n<meta property=\"og:title\" content=\"PSOL ganha na Justi\u00e7a direito a participar do debate da TV Tribuna (Afiliada da Globo) - PSOL 50\" \/>\n<meta property=\"og:description\" content=\"O juiz Rog\u00e9rio M\u00e1rcio Teixeira, da 273\u00aa Zona Eleitoral, deferiu a liminar impetrada pelo PSOL de Santos, para garantir a presen\u00e7a da candidata Eneida Koury 50, no debate da TV Tribuna, previsto para o dia 4 de outubro. A TV Tribuna foi notificada, no dia 27 de agosto atrav\u00e9s de oficio encaminhado pelo presidente do [&hellip;]\" \/>\n<meta property=\"og:url\" content=\"https:\/\/psol50.org.br\/psol-ganha-na-justica-direito-a-participar-do-debate-da-tv-tribuna-afiliada-da-globo\/\" \/>\n<meta property=\"og:site_name\" content=\"PSOL 50\" \/>\n<meta property=\"article:publisher\" content=\"https:\/\/www.facebook.com\/psol50\" \/>\n<meta property=\"article:published_time\" content=\"2012-09-07T00:00:00+00:00\" \/>\n<meta property=\"og:image\" content=\"https:\/\/psol50.org.br\/inc\/uploads\/2018\/07\/capa.png\" \/>\n\t<meta property=\"og:image:width\" content=\"1350\" \/>\n\t<meta property=\"og:image:height\" content=\"900\" \/>\n\t<meta property=\"og:image:type\" content=\"image\/png\" \/>\n<meta name=\"author\" content=\"Comunica\u00e7\u00e3o PSOL\" \/>\n<meta name=\"twitter:card\" content=\"summary_large_image\" \/>\n<meta name=\"twitter:creator\" content=\"@psol50\" \/>\n<meta name=\"twitter:site\" content=\"@psol50\" \/>\n<meta name=\"twitter:label1\" content=\"Escrito por\" \/>\n\t<meta name=\"twitter:data1\" content=\"Comunica\u00e7\u00e3o PSOL\" \/>\n\t<meta name=\"twitter:label2\" content=\"Est. tempo de leitura\" \/>\n\t<meta name=\"twitter:data2\" content=\"4 minutos\" \/>\n<script type=\"application\/ld+json\" class=\"yoast-schema-graph\">{\"@context\":\"https:\/\/schema.org\",\"@graph\":[{\"@type\":\"Article\",\"@id\":\"https:\/\/psol50.org.br\/psol-ganha-na-justica-direito-a-participar-do-debate-da-tv-tribuna-afiliada-da-globo\/#article\",\"isPartOf\":{\"@id\":\"https:\/\/psol50.org.br\/psol-ganha-na-justica-direito-a-participar-do-debate-da-tv-tribuna-afiliada-da-globo\/\"},\"author\":{\"name\":\"Comunica\u00e7\u00e3o PSOL\",\"@id\":\"https:\/\/psol50.org.br\/#\/schema\/person\/475dfa57d0b815993c714c2e96491fcd\"},\"headline\":\"PSOL ganha na Justi\u00e7a direito a participar do debate da TV Tribuna (Afiliada da Globo)\",\"datePublished\":\"2012-09-07T00:00:00+00:00\",\"mainEntityOfPage\":{\"@id\":\"https:\/\/psol50.org.br\/psol-ganha-na-justica-direito-a-participar-do-debate-da-tv-tribuna-afiliada-da-globo\/\"},\"wordCount\":773,\"commentCount\":0,\"publisher\":{\"@id\":\"https:\/\/psol50.org.br\/#organization\"},\"keywords\":[\"Elei\u00e7\u00f5es 2012\",\"PSOL\"],\"articleSection\":[\"Arquivo\",\"ELEI\u00c7\u00d5ES 2012\"],\"inLanguage\":\"pt-BR\",\"potentialAction\":[{\"@type\":\"CommentAction\",\"name\":\"Comment\",\"target\":[\"https:\/\/psol50.org.br\/psol-ganha-na-justica-direito-a-participar-do-debate-da-tv-tribuna-afiliada-da-globo\/#respond\"]}]},{\"@type\":\"WebPage\",\"@id\":\"https:\/\/psol50.org.br\/psol-ganha-na-justica-direito-a-participar-do-debate-da-tv-tribuna-afiliada-da-globo\/\",\"url\":\"https:\/\/psol50.org.br\/psol-ganha-na-justica-direito-a-participar-do-debate-da-tv-tribuna-afiliada-da-globo\/\",\"name\":\"PSOL ganha na Justi\u00e7a direito a participar do debate da TV Tribuna (Afiliada da Globo) - PSOL 50\",\"isPartOf\":{\"@id\":\"https:\/\/psol50.org.br\/#website\"},\"datePublished\":\"2012-09-07T00:00:00+00:00\",\"breadcrumb\":{\"@id\":\"https:\/\/psol50.org.br\/psol-ganha-na-justica-direito-a-participar-do-debate-da-tv-tribuna-afiliada-da-globo\/#breadcrumb\"},\"inLanguage\":\"pt-BR\",\"potentialAction\":[{\"@type\":\"ReadAction\",\"target\":[\"https:\/\/psol50.org.br\/psol-ganha-na-justica-direito-a-participar-do-debate-da-tv-tribuna-afiliada-da-globo\/\"]}]},{\"@type\":\"BreadcrumbList\",\"@id\":\"https:\/\/psol50.org.br\/psol-ganha-na-justica-direito-a-participar-do-debate-da-tv-tribuna-afiliada-da-globo\/#breadcrumb\",\"itemListElement\":[{\"@type\":\"ListItem\",\"position\":1,\"name\":\"In\u00edcio\",\"item\":\"https:\/\/psol50.org.br\/\"},{\"@type\":\"ListItem\",\"position\":2,\"name\":\"PSOL ganha na Justi\u00e7a direito a participar do debate da TV Tribuna (Afiliada da Globo)\"}]},{\"@type\":\"WebSite\",\"@id\":\"https:\/\/psol50.org.br\/#website\",\"url\":\"https:\/\/psol50.org.br\/\",\"name\":\"PSOL 50\",\"description\":\"Site oficial do Partido Socialismo e Liberdade\",\"publisher\":{\"@id\":\"https:\/\/psol50.org.br\/#organization\"},\"alternateName\":\"PSOL50\",\"potentialAction\":[{\"@type\":\"SearchAction\",\"target\":{\"@type\":\"EntryPoint\",\"urlTemplate\":\"https:\/\/psol50.org.br\/?s={search_term_string}\"},\"query-input\":{\"@type\":\"PropertyValueSpecification\",\"valueRequired\":true,\"valueName\":\"search_term_string\"}}],\"inLanguage\":\"pt-BR\"},{\"@type\":\"Organization\",\"@id\":\"https:\/\/psol50.org.br\/#organization\",\"name\":\"PSOL 50\",\"alternateName\":\"PSOL 50\",\"url\":\"https:\/\/psol50.org.br\/\",\"logo\":{\"@type\":\"ImageObject\",\"inLanguage\":\"pt-BR\",\"@id\":\"https:\/\/psol50.org.br\/#\/schema\/logo\/image\/\",\"url\":\"https:\/\/psol50.org.br\/inc\/uploads\/2018\/07\/capa.png\",\"contentUrl\":\"https:\/\/psol50.org.br\/inc\/uploads\/2018\/07\/capa.png\",\"width\":1350,\"height\":900,\"caption\":\"PSOL 50\"},\"image\":{\"@id\":\"https:\/\/psol50.org.br\/#\/schema\/logo\/image\/\"},\"sameAs\":[\"https:\/\/www.facebook.com\/psol50\",\"https:\/\/x.com\/psol50\",\"https:\/\/www.instagram.com\/psol50\/\",\"https:\/\/www.youtube.com\/channel\/UC7SnJS5o1os7a6CaiNabzcg\"]},{\"@type\":\"Person\",\"@id\":\"https:\/\/psol50.org.br\/#\/schema\/person\/475dfa57d0b815993c714c2e96491fcd\",\"name\":\"Comunica\u00e7\u00e3o PSOL\",\"image\":{\"@type\":\"ImageObject\",\"inLanguage\":\"pt-BR\",\"@id\":\"https:\/\/psol50.org.br\/#\/schema\/person\/image\/\",\"url\":\"https:\/\/secure.gravatar.com\/avatar\/b34fc4f4e468a4e51785917065a3db57b841f5c95dba6ad8c73aaf8f66f8f9bf?s=96&d=mm&r=g\",\"contentUrl\":\"https:\/\/secure.gravatar.com\/avatar\/b34fc4f4e468a4e51785917065a3db57b841f5c95dba6ad8c73aaf8f66f8f9bf?s=96&d=mm&r=g\",\"caption\":\"Comunica\u00e7\u00e3o PSOL\"}}]}<\/script>\n<!-- \/ Yoast SEO plugin. -->","yoast_head_json":{"title":"PSOL ganha na Justi\u00e7a direito a participar do debate da TV Tribuna (Afiliada da Globo) - PSOL 50","robots":{"index":"index","follow":"follow","max-snippet":"max-snippet:-1","max-image-preview":"max-image-preview:large","max-video-preview":"max-video-preview:-1"},"canonical":"https:\/\/psol50.org.br\/psol-ganha-na-justica-direito-a-participar-do-debate-da-tv-tribuna-afiliada-da-globo\/","og_locale":"pt_BR","og_type":"article","og_title":"PSOL ganha na Justi\u00e7a direito a participar do debate da TV Tribuna (Afiliada da Globo) - PSOL 50","og_description":"O juiz Rog\u00e9rio M\u00e1rcio Teixeira, da 273\u00aa Zona Eleitoral, deferiu a liminar impetrada pelo PSOL de Santos, para garantir a presen\u00e7a da candidata Eneida Koury 50, no debate da TV Tribuna, previsto para o dia 4 de outubro. A TV Tribuna foi notificada, no dia 27 de agosto atrav\u00e9s de oficio encaminhado pelo presidente do [&hellip;]","og_url":"https:\/\/psol50.org.br\/psol-ganha-na-justica-direito-a-participar-do-debate-da-tv-tribuna-afiliada-da-globo\/","og_site_name":"PSOL 50","article_publisher":"https:\/\/www.facebook.com\/psol50","article_published_time":"2012-09-07T00:00:00+00:00","og_image":[{"width":1350,"height":900,"url":"https:\/\/psol50.org.br\/inc\/uploads\/2018\/07\/capa.png","type":"image\/png"}],"author":"Comunica\u00e7\u00e3o PSOL","twitter_card":"summary_large_image","twitter_creator":"@psol50","twitter_site":"@psol50","twitter_misc":{"Escrito por":"Comunica\u00e7\u00e3o PSOL","Est. tempo de leitura":"4 minutos"},"schema":{"@context":"https:\/\/schema.org","@graph":[{"@type":"Article","@id":"https:\/\/psol50.org.br\/psol-ganha-na-justica-direito-a-participar-do-debate-da-tv-tribuna-afiliada-da-globo\/#article","isPartOf":{"@id":"https:\/\/psol50.org.br\/psol-ganha-na-justica-direito-a-participar-do-debate-da-tv-tribuna-afiliada-da-globo\/"},"author":{"name":"Comunica\u00e7\u00e3o PSOL","@id":"https:\/\/psol50.org.br\/#\/schema\/person\/475dfa57d0b815993c714c2e96491fcd"},"headline":"PSOL ganha na Justi\u00e7a direito a participar do debate da TV Tribuna (Afiliada da Globo)","datePublished":"2012-09-07T00:00:00+00:00","mainEntityOfPage":{"@id":"https:\/\/psol50.org.br\/psol-ganha-na-justica-direito-a-participar-do-debate-da-tv-tribuna-afiliada-da-globo\/"},"wordCount":773,"commentCount":0,"publisher":{"@id":"https:\/\/psol50.org.br\/#organization"},"keywords":["Elei\u00e7\u00f5es 2012","PSOL"],"articleSection":["Arquivo","ELEI\u00c7\u00d5ES 2012"],"inLanguage":"pt-BR","potentialAction":[{"@type":"CommentAction","name":"Comment","target":["https:\/\/psol50.org.br\/psol-ganha-na-justica-direito-a-participar-do-debate-da-tv-tribuna-afiliada-da-globo\/#respond"]}]},{"@type":"WebPage","@id":"https:\/\/psol50.org.br\/psol-ganha-na-justica-direito-a-participar-do-debate-da-tv-tribuna-afiliada-da-globo\/","url":"https:\/\/psol50.org.br\/psol-ganha-na-justica-direito-a-participar-do-debate-da-tv-tribuna-afiliada-da-globo\/","name":"PSOL ganha na Justi\u00e7a direito a participar do debate da TV Tribuna (Afiliada da Globo) - PSOL 50","isPartOf":{"@id":"https:\/\/psol50.org.br\/#website"},"datePublished":"2012-09-07T00:00:00+00:00","breadcrumb":{"@id":"https:\/\/psol50.org.br\/psol-ganha-na-justica-direito-a-participar-do-debate-da-tv-tribuna-afiliada-da-globo\/#breadcrumb"},"inLanguage":"pt-BR","potentialAction":[{"@type":"ReadAction","target":["https:\/\/psol50.org.br\/psol-ganha-na-justica-direito-a-participar-do-debate-da-tv-tribuna-afiliada-da-globo\/"]}]},{"@type":"BreadcrumbList","@id":"https:\/\/psol50.org.br\/psol-ganha-na-justica-direito-a-participar-do-debate-da-tv-tribuna-afiliada-da-globo\/#breadcrumb","itemListElement":[{"@type":"ListItem","position":1,"name":"In\u00edcio","item":"https:\/\/psol50.org.br\/"},{"@type":"ListItem","position":2,"name":"PSOL ganha na Justi\u00e7a direito a participar do debate da TV Tribuna (Afiliada da Globo)"}]},{"@type":"WebSite","@id":"https:\/\/psol50.org.br\/#website","url":"https:\/\/psol50.org.br\/","name":"PSOL 50","description":"Site oficial do Partido Socialismo e Liberdade","publisher":{"@id":"https:\/\/psol50.org.br\/#organization"},"alternateName":"PSOL50","potentialAction":[{"@type":"SearchAction","target":{"@type":"EntryPoint","urlTemplate":"https:\/\/psol50.org.br\/?s={search_term_string}"},"query-input":{"@type":"PropertyValueSpecification","valueRequired":true,"valueName":"search_term_string"}}],"inLanguage":"pt-BR"},{"@type":"Organization","@id":"https:\/\/psol50.org.br\/#organization","name":"PSOL 50","alternateName":"PSOL 50","url":"https:\/\/psol50.org.br\/","logo":{"@type":"ImageObject","inLanguage":"pt-BR","@id":"https:\/\/psol50.org.br\/#\/schema\/logo\/image\/","url":"https:\/\/psol50.org.br\/inc\/uploads\/2018\/07\/capa.png","contentUrl":"https:\/\/psol50.org.br\/inc\/uploads\/2018\/07\/capa.png","width":1350,"height":900,"caption":"PSOL 50"},"image":{"@id":"https:\/\/psol50.org.br\/#\/schema\/logo\/image\/"},"sameAs":["https:\/\/www.facebook.com\/psol50","https:\/\/x.com\/psol50","https:\/\/www.instagram.com\/psol50\/","https:\/\/www.youtube.com\/channel\/UC7SnJS5o1os7a6CaiNabzcg"]},{"@type":"Person","@id":"https:\/\/psol50.org.br\/#\/schema\/person\/475dfa57d0b815993c714c2e96491fcd","name":"Comunica\u00e7\u00e3o PSOL","image":{"@type":"ImageObject","inLanguage":"pt-BR","@id":"https:\/\/psol50.org.br\/#\/schema\/person\/image\/","url":"https:\/\/secure.gravatar.com\/avatar\/b34fc4f4e468a4e51785917065a3db57b841f5c95dba6ad8c73aaf8f66f8f9bf?s=96&d=mm&r=g","contentUrl":"https:\/\/secure.gravatar.com\/avatar\/b34fc4f4e468a4e51785917065a3db57b841f5c95dba6ad8c73aaf8f66f8f9bf?s=96&d=mm&r=g","caption":"Comunica\u00e7\u00e3o PSOL"}}]}},"_links":{"self":[{"href":"https:\/\/psol50.org.br\/rest\/wp\/v2\/posts\/273","targetHints":{"allow":["GET"]}}],"collection":[{"href":"https:\/\/psol50.org.br\/rest\/wp\/v2\/posts"}],"about":[{"href":"https:\/\/psol50.org.br\/rest\/wp\/v2\/types\/post"}],"author":[{"embeddable":true,"href":"https:\/\/psol50.org.br\/rest\/wp\/v2\/users\/2"}],"replies":[{"embeddable":true,"href":"https:\/\/psol50.org.br\/rest\/wp\/v2\/comments?post=273"}],"version-history":[{"count":0,"href":"https:\/\/psol50.org.br\/rest\/wp\/v2\/posts\/273\/revisions"}],"wp:attachment":[{"href":"https:\/\/psol50.org.br\/rest\/wp\/v2\/media?parent=273"}],"wp:term":[{"taxonomy":"category","embeddable":true,"href":"https:\/\/psol50.org.br\/rest\/wp\/v2\/categories?post=273"},{"taxonomy":"post_tag","embeddable":true,"href":"https:\/\/psol50.org.br\/rest\/wp\/v2\/tags?post=273"}],"curies":[{"name":"wp","href":"https:\/\/api.w.org\/{rel}","templated":true}]}}