{"id":2731,"date":"2014-05-07T00:00:00","date_gmt":"2014-05-07T18:52:50","guid":{"rendered":"http:\/\/psol50.org.br\/arquivo\/2014\/05\/07\/psol-protocola-representacao-contra-luiz-argolo-no-conselho-de-etica\/"},"modified":"2014-05-07T00:00:00","modified_gmt":"2014-05-07T18:52:50","slug":"psol-protocola-representacao-contra-luiz-argolo-no-conselho-de-etica","status":"publish","type":"post","link":"https:\/\/psol50.org.br\/psol-protocola-representacao-contra-luiz-argolo-no-conselho-de-etica\/","title":{"rendered":"PSOL protocola representa\u00e7\u00e3o contra Luiz Arg\u00f4lo no Conselho de \u00c9tica"},"content":{"rendered":"<p style=\"text-align: justify;\">\n\t<span style=\"font-size:12px;\"><span style=\"font-family: arial,helvetica,sans-serif;\">O PSOL protocolou nesta quarta-feira (07), no Conselho de \u00c9tica e Decoro Parlamentar da C\u00e2mara, representa\u00e7\u00e3o contra o deputado Luiz Arg\u00f4lo (SDD\/BA) por quebra de decoro, devido ao envolvimento do parlamentar com o doleiro Alberto Youssef. Os neg\u00f3cios suspeitos incluem transfer\u00eancias banc\u00e1rias de mais de R$ 200 mil.<br \/>\n\t&nbsp;<br \/>\n\tBaseada nas reportagens da revista <em>Veja<\/em> e do jornal <em>Folha de S\u00e3o Paulo<\/em>, a representa\u00e7\u00e3o foi entregue pelos deputados Ivan Valente e Chico Alencar e \u00e9 assinada pelo presidente do partido, Luiz Ara\u00fajo. O documento cobra a apura\u00e7\u00e3o das graves den\u00fancias que ligam Luiz Arg\u00f4lo a Alberto Youssef.<br \/>\n\t&nbsp;<br \/>\n\tA edi\u00e7\u00e3o de <em>Veja<\/em>, de 23 de abril, revela o ent\u00e3o suposto envolvimento entre o doleiro, preso na Opera\u00e7\u00e3o Lava Jato da Pol\u00edcia Federal, e o deputado. S\u00e3o citadas mensagens trocadas entre os dois que configuram repasses de R$ 13,5 mil para uma loja de decora\u00e7\u00e3o em Salvador e R$ 40 mil para uma agropecu\u00e1ria em Entre Rios, base eleitoral de Arg\u00f4lo. Outros R$ 120 mil teriam sido transferidos para a conta do chefe de gabinete do deputado, Vanilton Bezerra.<br \/>\n\t&nbsp;<br \/>\n\tA mat\u00e9ria da <em>Folha de S\u00e3o Paulo<\/em>, publicada ontem (6), afirma que Alberto Youssef pagou dois caminh\u00f5es de garrotes para Luiz Arg\u00f4lo. Teriam sido pagos R$ 60 mil a J\u00falio Gon\u00e7alves Lima Filho, comerciante de gado da Bahia, e R$ 50 mil a Uni\u00e3o Brasil Transportes e Servi\u00e7os. Na conversa gravada pela PF, Arg\u00f4lo passa a conta banc\u00e1ria da empresa e de J\u00falio Filho.<br \/>\n\t&nbsp;<br \/>\n\tNa representa\u00e7\u00e3o, o PSOL solicita que prestem depoimento o deputado Luiz Arg\u00f4lo, o chefe de gabinete Vanilton Bezerra, o comerciante J\u00falio Filho e o representante legal da empresa Uni\u00e3o Brasil Transporte e Servi\u00e7os. Tamb\u00e9m \u00e9 solicitada c\u00f3pia da documenta\u00e7\u00e3o produzida pela Pol\u00edcia Federal.<br \/>\n\t&nbsp;<br \/>\n\t\u201cOs relat\u00f3rios da Pol\u00edcia Federal deixam claros os nomes dos envolvidos, as contas (banc\u00e1rias) e todas os dados s\u00e3o checados pela PF. Fica configurado transa\u00e7\u00f5es escusas, de origem muito duvidosa\u201d, disse o l\u00edder do PSOL, deputado Ivan Valente (SP).<br \/>\n\t&nbsp;<br \/>\n\t\u201c\u00c9 muito preocupante essa rede de envolvimento entre parlamentares e o doleiro Youssef. H\u00e1 ind\u00edcios robust\u00edssimos de abuso da prerrogativa do mandato parlamentar, e cabe a esse Conselho examinar\u201d, afirmou o deputado Chico Alencar (RJ).<br \/>\n\t&nbsp;<br \/>\n\tO presidente Ricardo Izar disse que o Conselho tem o prazo de 90 dias para concluir o processo de investiga\u00e7\u00e3o, mas alertou sobre o tempo apertado, j\u00e1 que o recesso parlamentar se inicia no meio de julho. Ele n\u00e3o descartou a possibilidade de realizar sess\u00f5es extraordin\u00e1rias para a conclus\u00e3o do processo.<br \/>\n\t&nbsp;<\/span><\/span><\/p>\n","protected":false},"excerpt":{"rendered":"<p>Doleiro preso pela PF fez transfer\u00eancias banc\u00e1rias a contas ligadas ao deputado Arg\u00f4lo<\/p>\n","protected":false},"author":2,"featured_media":0,"comment_status":"open","ping_status":"open","sticky":false,"template":"","format":"standard","meta":{"_acf_changed":false,"footnotes":""},"categories":[4766,6],"tags":[22],"class_list":{"0":"post-2731","1":"post","2":"type-post","3":"status-publish","4":"format-standard","6":"category-arquivo","7":"category-noticias","8":"tag-psol"},"acf":[],"yoast_head":"<!-- This site is optimized with the Yoast SEO plugin v26.5 - https:\/\/yoast.com\/wordpress\/plugins\/seo\/ -->\n<title>PSOL protocola representa\u00e7\u00e3o contra Luiz Arg\u00f4lo no Conselho de \u00c9tica - PSOL 50<\/title>\n<meta name=\"robots\" content=\"index, follow, max-snippet:-1, max-image-preview:large, max-video-preview:-1\" \/>\n<link rel=\"canonical\" href=\"https:\/\/psol50.org.br\/psol-protocola-representacao-contra-luiz-argolo-no-conselho-de-etica\/\" \/>\n<meta property=\"og:locale\" content=\"pt_BR\" \/>\n<meta property=\"og:type\" content=\"article\" \/>\n<meta property=\"og:title\" content=\"PSOL protocola representa\u00e7\u00e3o contra Luiz Arg\u00f4lo no Conselho de \u00c9tica - PSOL 50\" \/>\n<meta property=\"og:description\" content=\"Doleiro preso pela PF fez transfer\u00eancias banc\u00e1rias a contas ligadas ao deputado Arg\u00f4lo\" \/>\n<meta property=\"og:url\" content=\"https:\/\/psol50.org.br\/psol-protocola-representacao-contra-luiz-argolo-no-conselho-de-etica\/\" \/>\n<meta property=\"og:site_name\" content=\"PSOL 50\" \/>\n<meta property=\"article:publisher\" content=\"https:\/\/www.facebook.com\/psol50\" \/>\n<meta property=\"article:published_time\" content=\"2014-05-07T18:52:50+00:00\" \/>\n<meta property=\"og:image\" content=\"https:\/\/psol50.org.br\/inc\/uploads\/2018\/07\/capa.png\" \/>\n\t<meta property=\"og:image:width\" content=\"1350\" \/>\n\t<meta property=\"og:image:height\" content=\"900\" \/>\n\t<meta property=\"og:image:type\" content=\"image\/png\" \/>\n<meta name=\"author\" content=\"Comunica\u00e7\u00e3o PSOL\" \/>\n<meta name=\"twitter:card\" content=\"summary_large_image\" \/>\n<meta name=\"twitter:creator\" content=\"@psol50\" \/>\n<meta name=\"twitter:site\" content=\"@psol50\" \/>\n<meta name=\"twitter:label1\" content=\"Escrito por\" \/>\n\t<meta name=\"twitter:data1\" content=\"Comunica\u00e7\u00e3o PSOL\" \/>\n\t<meta name=\"twitter:label2\" content=\"Est. tempo de leitura\" \/>\n\t<meta name=\"twitter:data2\" content=\"2 minutos\" \/>\n<script type=\"application\/ld+json\" class=\"yoast-schema-graph\">{\"@context\":\"https:\/\/schema.org\",\"@graph\":[{\"@type\":\"Article\",\"@id\":\"https:\/\/psol50.org.br\/psol-protocola-representacao-contra-luiz-argolo-no-conselho-de-etica\/#article\",\"isPartOf\":{\"@id\":\"https:\/\/psol50.org.br\/psol-protocola-representacao-contra-luiz-argolo-no-conselho-de-etica\/\"},\"author\":{\"name\":\"Comunica\u00e7\u00e3o PSOL\",\"@id\":\"https:\/\/psol50.org.br\/#\/schema\/person\/475dfa57d0b815993c714c2e96491fcd\"},\"headline\":\"PSOL protocola representa\u00e7\u00e3o contra Luiz Arg\u00f4lo no Conselho de \u00c9tica\",\"datePublished\":\"2014-05-07T18:52:50+00:00\",\"mainEntityOfPage\":{\"@id\":\"https:\/\/psol50.org.br\/psol-protocola-representacao-contra-luiz-argolo-no-conselho-de-etica\/\"},\"wordCount\":469,\"commentCount\":0,\"publisher\":{\"@id\":\"https:\/\/psol50.org.br\/#organization\"},\"keywords\":[\"PSOL\"],\"articleSection\":[\"Arquivo\",\"Not\u00edcias\"],\"inLanguage\":\"pt-BR\",\"potentialAction\":[{\"@type\":\"CommentAction\",\"name\":\"Comment\",\"target\":[\"https:\/\/psol50.org.br\/psol-protocola-representacao-contra-luiz-argolo-no-conselho-de-etica\/#respond\"]}]},{\"@type\":\"WebPage\",\"@id\":\"https:\/\/psol50.org.br\/psol-protocola-representacao-contra-luiz-argolo-no-conselho-de-etica\/\",\"url\":\"https:\/\/psol50.org.br\/psol-protocola-representacao-contra-luiz-argolo-no-conselho-de-etica\/\",\"name\":\"PSOL protocola representa\u00e7\u00e3o contra Luiz Arg\u00f4lo no Conselho de \u00c9tica - PSOL 50\",\"isPartOf\":{\"@id\":\"https:\/\/psol50.org.br\/#website\"},\"datePublished\":\"2014-05-07T18:52:50+00:00\",\"breadcrumb\":{\"@id\":\"https:\/\/psol50.org.br\/psol-protocola-representacao-contra-luiz-argolo-no-conselho-de-etica\/#breadcrumb\"},\"inLanguage\":\"pt-BR\",\"potentialAction\":[{\"@type\":\"ReadAction\",\"target\":[\"https:\/\/psol50.org.br\/psol-protocola-representacao-contra-luiz-argolo-no-conselho-de-etica\/\"]}]},{\"@type\":\"BreadcrumbList\",\"@id\":\"https:\/\/psol50.org.br\/psol-protocola-representacao-contra-luiz-argolo-no-conselho-de-etica\/#breadcrumb\",\"itemListElement\":[{\"@type\":\"ListItem\",\"position\":1,\"name\":\"In\u00edcio\",\"item\":\"https:\/\/psol50.org.br\/\"},{\"@type\":\"ListItem\",\"position\":2,\"name\":\"PSOL protocola representa\u00e7\u00e3o contra Luiz Arg\u00f4lo no Conselho de \u00c9tica\"}]},{\"@type\":\"WebSite\",\"@id\":\"https:\/\/psol50.org.br\/#website\",\"url\":\"https:\/\/psol50.org.br\/\",\"name\":\"PSOL 50\",\"description\":\"Site oficial do Partido Socialismo e Liberdade\",\"publisher\":{\"@id\":\"https:\/\/psol50.org.br\/#organization\"},\"alternateName\":\"PSOL50\",\"potentialAction\":[{\"@type\":\"SearchAction\",\"target\":{\"@type\":\"EntryPoint\",\"urlTemplate\":\"https:\/\/psol50.org.br\/?s={search_term_string}\"},\"query-input\":{\"@type\":\"PropertyValueSpecification\",\"valueRequired\":true,\"valueName\":\"search_term_string\"}}],\"inLanguage\":\"pt-BR\"},{\"@type\":\"Organization\",\"@id\":\"https:\/\/psol50.org.br\/#organization\",\"name\":\"PSOL 50\",\"alternateName\":\"PSOL 50\",\"url\":\"https:\/\/psol50.org.br\/\",\"logo\":{\"@type\":\"ImageObject\",\"inLanguage\":\"pt-BR\",\"@id\":\"https:\/\/psol50.org.br\/#\/schema\/logo\/image\/\",\"url\":\"https:\/\/psol50.org.br\/inc\/uploads\/2018\/07\/capa.png\",\"contentUrl\":\"https:\/\/psol50.org.br\/inc\/uploads\/2018\/07\/capa.png\",\"width\":1350,\"height\":900,\"caption\":\"PSOL 50\"},\"image\":{\"@id\":\"https:\/\/psol50.org.br\/#\/schema\/logo\/image\/\"},\"sameAs\":[\"https:\/\/www.facebook.com\/psol50\",\"https:\/\/x.com\/psol50\",\"https:\/\/www.instagram.com\/psol50\/\",\"https:\/\/www.youtube.com\/channel\/UC7SnJS5o1os7a6CaiNabzcg\"]},{\"@type\":\"Person\",\"@id\":\"https:\/\/psol50.org.br\/#\/schema\/person\/475dfa57d0b815993c714c2e96491fcd\",\"name\":\"Comunica\u00e7\u00e3o PSOL\",\"image\":{\"@type\":\"ImageObject\",\"inLanguage\":\"pt-BR\",\"@id\":\"https:\/\/psol50.org.br\/#\/schema\/person\/image\/\",\"url\":\"https:\/\/secure.gravatar.com\/avatar\/b34fc4f4e468a4e51785917065a3db57b841f5c95dba6ad8c73aaf8f66f8f9bf?s=96&d=mm&r=g\",\"contentUrl\":\"https:\/\/secure.gravatar.com\/avatar\/b34fc4f4e468a4e51785917065a3db57b841f5c95dba6ad8c73aaf8f66f8f9bf?s=96&d=mm&r=g\",\"caption\":\"Comunica\u00e7\u00e3o PSOL\"}}]}<\/script>\n<!-- \/ Yoast SEO plugin. -->","yoast_head_json":{"title":"PSOL protocola representa\u00e7\u00e3o contra Luiz Arg\u00f4lo no Conselho de \u00c9tica - PSOL 50","robots":{"index":"index","follow":"follow","max-snippet":"max-snippet:-1","max-image-preview":"max-image-preview:large","max-video-preview":"max-video-preview:-1"},"canonical":"https:\/\/psol50.org.br\/psol-protocola-representacao-contra-luiz-argolo-no-conselho-de-etica\/","og_locale":"pt_BR","og_type":"article","og_title":"PSOL protocola representa\u00e7\u00e3o contra Luiz Arg\u00f4lo no Conselho de \u00c9tica - PSOL 50","og_description":"Doleiro preso pela PF fez transfer\u00eancias banc\u00e1rias a contas ligadas ao deputado Arg\u00f4lo","og_url":"https:\/\/psol50.org.br\/psol-protocola-representacao-contra-luiz-argolo-no-conselho-de-etica\/","og_site_name":"PSOL 50","article_publisher":"https:\/\/www.facebook.com\/psol50","article_published_time":"2014-05-07T18:52:50+00:00","og_image":[{"width":1350,"height":900,"url":"https:\/\/psol50.org.br\/inc\/uploads\/2018\/07\/capa.png","type":"image\/png"}],"author":"Comunica\u00e7\u00e3o PSOL","twitter_card":"summary_large_image","twitter_creator":"@psol50","twitter_site":"@psol50","twitter_misc":{"Escrito por":"Comunica\u00e7\u00e3o PSOL","Est. tempo de leitura":"2 minutos"},"schema":{"@context":"https:\/\/schema.org","@graph":[{"@type":"Article","@id":"https:\/\/psol50.org.br\/psol-protocola-representacao-contra-luiz-argolo-no-conselho-de-etica\/#article","isPartOf":{"@id":"https:\/\/psol50.org.br\/psol-protocola-representacao-contra-luiz-argolo-no-conselho-de-etica\/"},"author":{"name":"Comunica\u00e7\u00e3o PSOL","@id":"https:\/\/psol50.org.br\/#\/schema\/person\/475dfa57d0b815993c714c2e96491fcd"},"headline":"PSOL protocola representa\u00e7\u00e3o contra Luiz Arg\u00f4lo no Conselho de \u00c9tica","datePublished":"2014-05-07T18:52:50+00:00","mainEntityOfPage":{"@id":"https:\/\/psol50.org.br\/psol-protocola-representacao-contra-luiz-argolo-no-conselho-de-etica\/"},"wordCount":469,"commentCount":0,"publisher":{"@id":"https:\/\/psol50.org.br\/#organization"},"keywords":["PSOL"],"articleSection":["Arquivo","Not\u00edcias"],"inLanguage":"pt-BR","potentialAction":[{"@type":"CommentAction","name":"Comment","target":["https:\/\/psol50.org.br\/psol-protocola-representacao-contra-luiz-argolo-no-conselho-de-etica\/#respond"]}]},{"@type":"WebPage","@id":"https:\/\/psol50.org.br\/psol-protocola-representacao-contra-luiz-argolo-no-conselho-de-etica\/","url":"https:\/\/psol50.org.br\/psol-protocola-representacao-contra-luiz-argolo-no-conselho-de-etica\/","name":"PSOL protocola representa\u00e7\u00e3o contra Luiz Arg\u00f4lo no Conselho de \u00c9tica - PSOL 50","isPartOf":{"@id":"https:\/\/psol50.org.br\/#website"},"datePublished":"2014-05-07T18:52:50+00:00","breadcrumb":{"@id":"https:\/\/psol50.org.br\/psol-protocola-representacao-contra-luiz-argolo-no-conselho-de-etica\/#breadcrumb"},"inLanguage":"pt-BR","potentialAction":[{"@type":"ReadAction","target":["https:\/\/psol50.org.br\/psol-protocola-representacao-contra-luiz-argolo-no-conselho-de-etica\/"]}]},{"@type":"BreadcrumbList","@id":"https:\/\/psol50.org.br\/psol-protocola-representacao-contra-luiz-argolo-no-conselho-de-etica\/#breadcrumb","itemListElement":[{"@type":"ListItem","position":1,"name":"In\u00edcio","item":"https:\/\/psol50.org.br\/"},{"@type":"ListItem","position":2,"name":"PSOL protocola representa\u00e7\u00e3o contra Luiz Arg\u00f4lo no Conselho de \u00c9tica"}]},{"@type":"WebSite","@id":"https:\/\/psol50.org.br\/#website","url":"https:\/\/psol50.org.br\/","name":"PSOL 50","description":"Site oficial do Partido Socialismo e Liberdade","publisher":{"@id":"https:\/\/psol50.org.br\/#organization"},"alternateName":"PSOL50","potentialAction":[{"@type":"SearchAction","target":{"@type":"EntryPoint","urlTemplate":"https:\/\/psol50.org.br\/?s={search_term_string}"},"query-input":{"@type":"PropertyValueSpecification","valueRequired":true,"valueName":"search_term_string"}}],"inLanguage":"pt-BR"},{"@type":"Organization","@id":"https:\/\/psol50.org.br\/#organization","name":"PSOL 50","alternateName":"PSOL 50","url":"https:\/\/psol50.org.br\/","logo":{"@type":"ImageObject","inLanguage":"pt-BR","@id":"https:\/\/psol50.org.br\/#\/schema\/logo\/image\/","url":"https:\/\/psol50.org.br\/inc\/uploads\/2018\/07\/capa.png","contentUrl":"https:\/\/psol50.org.br\/inc\/uploads\/2018\/07\/capa.png","width":1350,"height":900,"caption":"PSOL 50"},"image":{"@id":"https:\/\/psol50.org.br\/#\/schema\/logo\/image\/"},"sameAs":["https:\/\/www.facebook.com\/psol50","https:\/\/x.com\/psol50","https:\/\/www.instagram.com\/psol50\/","https:\/\/www.youtube.com\/channel\/UC7SnJS5o1os7a6CaiNabzcg"]},{"@type":"Person","@id":"https:\/\/psol50.org.br\/#\/schema\/person\/475dfa57d0b815993c714c2e96491fcd","name":"Comunica\u00e7\u00e3o PSOL","image":{"@type":"ImageObject","inLanguage":"pt-BR","@id":"https:\/\/psol50.org.br\/#\/schema\/person\/image\/","url":"https:\/\/secure.gravatar.com\/avatar\/b34fc4f4e468a4e51785917065a3db57b841f5c95dba6ad8c73aaf8f66f8f9bf?s=96&d=mm&r=g","contentUrl":"https:\/\/secure.gravatar.com\/avatar\/b34fc4f4e468a4e51785917065a3db57b841f5c95dba6ad8c73aaf8f66f8f9bf?s=96&d=mm&r=g","caption":"Comunica\u00e7\u00e3o PSOL"}}]}},"_links":{"self":[{"href":"https:\/\/psol50.org.br\/rest\/wp\/v2\/posts\/2731","targetHints":{"allow":["GET"]}}],"collection":[{"href":"https:\/\/psol50.org.br\/rest\/wp\/v2\/posts"}],"about":[{"href":"https:\/\/psol50.org.br\/rest\/wp\/v2\/types\/post"}],"author":[{"embeddable":true,"href":"https:\/\/psol50.org.br\/rest\/wp\/v2\/users\/2"}],"replies":[{"embeddable":true,"href":"https:\/\/psol50.org.br\/rest\/wp\/v2\/comments?post=2731"}],"version-history":[{"count":0,"href":"https:\/\/psol50.org.br\/rest\/wp\/v2\/posts\/2731\/revisions"}],"wp:attachment":[{"href":"https:\/\/psol50.org.br\/rest\/wp\/v2\/media?parent=2731"}],"wp:term":[{"taxonomy":"category","embeddable":true,"href":"https:\/\/psol50.org.br\/rest\/wp\/v2\/categories?post=2731"},{"taxonomy":"post_tag","embeddable":true,"href":"https:\/\/psol50.org.br\/rest\/wp\/v2\/tags?post=2731"}],"curies":[{"name":"wp","href":"https:\/\/api.w.org\/{rel}","templated":true}]}}