{"id":27312,"date":"2020-01-22T14:24:01","date_gmt":"2020-01-22T17:24:01","guid":{"rendered":"http:\/\/psol50.org.br\/?p=27312"},"modified":"2020-01-22T14:24:01","modified_gmt":"2020-01-22T17:24:01","slug":"na-alemanha-presidente-psol-denuncia-autoritarismo-brasil","status":"publish","type":"post","link":"https:\/\/psol50.org.br\/na-alemanha-presidente-psol-denuncia-autoritarismo-brasil\/","title":{"rendered":"Na Alemanha, presidente do PSOL denuncia autoritarismo no Brasil"},"content":{"rendered":"<p>O presidente do PSOL Juliano Medeiros participou na \u00faltima segunda-feira (20) de um debate sobre \u201cA ofensiva conservadora e a luta social no Brasil\u201d que aconteceu na Universidade de Hamburgo, na Alemanha.<\/p>\n<p>O debate foi promovido por uma articula\u00e7\u00e3o entre o Grupo de Discuss\u00e3o sobre Temas Brasileiros (GDTB), Grupo \u201cHamburgo pela Democracia no Brasil\u201d, Grupo de Trabalho da Geografia\u00a0 \u2013 AG Kritische Geographie Globale Ungleichheiten e Miradas Feministas.<\/p>\n<p>No evento, Juliano Medeiros apresentou as avalia\u00e7\u00f5es do PSOL at\u00e9 o momento de como foi poss\u00edvel a ascens\u00e3o de um governo de direita autorit\u00e1ria no Brasil e sobre a grave crise que passa a jovem democracia brasileira.<\/p>\n<p>Para Medeiros, a radicaliza\u00e7\u00e3o pol\u00edtica da direita brasileira se acirrou ap\u00f3s o golpe parlamentar e jur\u00eddico de 2016, que destituiu a presidenta eleita Dilma Rousseff. \u201cRadicalizar era a palavra chave! E consequentemente construir uma Rep\u00fablica dos Bar\u00f5es, o que possibilitou a ascens\u00e3o de Bolsonaro\u201d, afirmou Juliano.<\/p>\n<p>Bolsonaro tem sua popularidade impulsionada pelas vontades do mercado, o descr\u00e9dito generalizado com a pol\u00edtica e graves erros cometidos por grande parte da esquerda no Brasil.<\/p>\n<p>Um erro importante da esquerda foi, conforme Medeiros, subestimar a luta de classes. \u201cA esquerda simplesmente acreditou que o capital e o trabalho poderiam andar sempre de bra\u00e7os dados. No entanto, a elite nunca aceitou a igualdade com as classes menos favorecidas&#8221;, afirma.<\/p>\n<p>Outro recado do presidente do PSOL no evento \u00e9 de que n\u00e3o ser\u00e1 a esquerda partid\u00e1ria a \u00fanica que resolver\u00e1 os problemas de baixa capacidade de mobiliza\u00e7\u00e3o nas ruas que, por enquanto, a oposi\u00e7\u00e3o a Bolsonaro demonstra como fragilidade. &#8220;A solu\u00e7\u00e3o n\u00e3o vir\u00e1 da noite para o dia&#8221;, adverte. \u201c\u00c9 preciso conectar com as pessoas e isso \u00e9 a tarefa dos movimentos sociais. \u00c9 preciso batalhar para alterar a correla\u00e7\u00e3o de for\u00e7as na sociedade\u201d.<\/p>\n<p><a href=\"https:\/\/jornalistaslivres.org\/resistencia-na-alemanha-aponta-saidas-para-frear-autoritarismo-no-brasil\/\"><em>Com informa\u00e7\u00f5es dos Jornalistas Livres<\/em><\/a><\/p>\n","protected":false},"excerpt":{"rendered":"<p>O presidente do PSOL Juliano Medeiros participou na \u00faltima segunda-feira (20) de um debate sobre \u201cA ofensiva conservadora e a luta social no Brasil\u201d que aconteceu na Universidade de Hamburgo, na Alemanha. O debate foi promovido por uma articula\u00e7\u00e3o entre o Grupo de Discuss\u00e3o sobre Temas Brasileiros (GDTB), Grupo \u201cHamburgo pela Democracia no Brasil\u201d, Grupo [&hellip;]<\/p>\n","protected":false},"author":2,"featured_media":27313,"comment_status":"closed","ping_status":"open","sticky":false,"template":"","format":"standard","meta":{"_acf_changed":false,"footnotes":""},"categories":[6],"tags":[84,85,86,87,88,22],"class_list":{"0":"post-27312","1":"post","2":"type-post","3":"status-publish","4":"format-standard","5":"has-post-thumbnail","7":"category-noticias","8":"tag-alemanha","9":"tag-autoritarismo","10":"tag-brasil","11":"tag-democracia","12":"tag-hamburgo","13":"tag-psol"},"acf":[],"yoast_head":"<!-- This site is optimized with the Yoast SEO plugin v26.5 - https:\/\/yoast.com\/wordpress\/plugins\/seo\/ -->\n<title>Na Alemanha, presidente do PSOL denuncia autoritarismo no Brasil<\/title>\n<meta name=\"description\" content=\"Juliano Medeiros participou de debate em Hamburgo para falar sobre a ofensiva conservadora no pa\u00eds.\" \/>\n<meta name=\"robots\" content=\"index, follow, max-snippet:-1, max-image-preview:large, max-video-preview:-1\" \/>\n<link rel=\"canonical\" href=\"https:\/\/psol50.org.br\/na-alemanha-presidente-psol-denuncia-autoritarismo-brasil\/\" \/>\n<meta property=\"og:locale\" content=\"pt_BR\" \/>\n<meta property=\"og:type\" content=\"article\" \/>\n<meta property=\"og:title\" content=\"Na Alemanha, presidente do PSOL denuncia autoritarismo no Brasil\" \/>\n<meta property=\"og:description\" content=\"Juliano Medeiros participou de debate em Hamburgo para falar sobre a ofensiva conservadora no pa\u00eds.\" \/>\n<meta property=\"og:url\" content=\"https:\/\/psol50.org.br\/na-alemanha-presidente-psol-denuncia-autoritarismo-brasil\/\" \/>\n<meta property=\"og:site_name\" content=\"PSOL 50\" \/>\n<meta property=\"article:publisher\" content=\"https:\/\/www.facebook.com\/psol50\" \/>\n<meta property=\"article:published_time\" content=\"2020-01-22T17:24:01+00:00\" \/>\n<meta property=\"og:image\" content=\"https:\/\/psol50.org.br\/inc\/uploads\/2018\/07\/capa.png\" \/>\n\t<meta property=\"og:image:width\" content=\"1350\" \/>\n\t<meta property=\"og:image:height\" content=\"900\" \/>\n\t<meta property=\"og:image:type\" content=\"image\/png\" \/>\n<meta name=\"author\" content=\"Comunica\u00e7\u00e3o PSOL\" \/>\n<meta name=\"twitter:card\" content=\"summary_large_image\" \/>\n<meta name=\"twitter:title\" content=\"Na Alemanha, presidente do PSOL denuncia autoritarismo no Brasil\" \/>\n<meta name=\"twitter:description\" content=\"Juliano Medeiros participou de debate em Hamburgo para falar sobre a ofensiva conservadora no pa\u00eds.\" \/>\n<meta name=\"twitter:creator\" content=\"@psol50\" \/>\n<meta name=\"twitter:site\" content=\"@psol50\" \/>\n<meta name=\"twitter:label1\" content=\"Escrito por\" \/>\n\t<meta name=\"twitter:data1\" content=\"Comunica\u00e7\u00e3o PSOL\" \/>\n\t<meta name=\"twitter:label2\" content=\"Est. tempo de leitura\" \/>\n\t<meta name=\"twitter:data2\" content=\"2 minutos\" \/>\n<script type=\"application\/ld+json\" class=\"yoast-schema-graph\">{\"@context\":\"https:\/\/schema.org\",\"@graph\":[{\"@type\":\"Article\",\"@id\":\"https:\/\/psol50.org.br\/na-alemanha-presidente-psol-denuncia-autoritarismo-brasil\/#article\",\"isPartOf\":{\"@id\":\"https:\/\/psol50.org.br\/na-alemanha-presidente-psol-denuncia-autoritarismo-brasil\/\"},\"author\":{\"name\":\"Comunica\u00e7\u00e3o PSOL\",\"@id\":\"https:\/\/psol50.org.br\/#\/schema\/person\/475dfa57d0b815993c714c2e96491fcd\"},\"headline\":\"Na Alemanha, presidente do PSOL denuncia autoritarismo no Brasil\",\"datePublished\":\"2020-01-22T17:24:01+00:00\",\"mainEntityOfPage\":{\"@id\":\"https:\/\/psol50.org.br\/na-alemanha-presidente-psol-denuncia-autoritarismo-brasil\/\"},\"wordCount\":326,\"publisher\":{\"@id\":\"https:\/\/psol50.org.br\/#organization\"},\"image\":{\"@id\":\"https:\/\/psol50.org.br\/na-alemanha-presidente-psol-denuncia-autoritarismo-brasil\/#primaryimage\"},\"thumbnailUrl\":\"\",\"keywords\":[\"Alemanha\",\"autoritarismo\",\"Brasil\",\"democracia\",\"hamburgo\",\"PSOL\"],\"articleSection\":[\"Not\u00edcias\"],\"inLanguage\":\"pt-BR\"},{\"@type\":\"WebPage\",\"@id\":\"https:\/\/psol50.org.br\/na-alemanha-presidente-psol-denuncia-autoritarismo-brasil\/\",\"url\":\"https:\/\/psol50.org.br\/na-alemanha-presidente-psol-denuncia-autoritarismo-brasil\/\",\"name\":\"Na Alemanha, presidente do PSOL denuncia autoritarismo no Brasil\",\"isPartOf\":{\"@id\":\"https:\/\/psol50.org.br\/#website\"},\"primaryImageOfPage\":{\"@id\":\"https:\/\/psol50.org.br\/na-alemanha-presidente-psol-denuncia-autoritarismo-brasil\/#primaryimage\"},\"image\":{\"@id\":\"https:\/\/psol50.org.br\/na-alemanha-presidente-psol-denuncia-autoritarismo-brasil\/#primaryimage\"},\"thumbnailUrl\":\"\",\"datePublished\":\"2020-01-22T17:24:01+00:00\",\"description\":\"Juliano Medeiros participou de debate em Hamburgo para falar sobre a ofensiva conservadora no pa\u00eds.\",\"breadcrumb\":{\"@id\":\"https:\/\/psol50.org.br\/na-alemanha-presidente-psol-denuncia-autoritarismo-brasil\/#breadcrumb\"},\"inLanguage\":\"pt-BR\",\"potentialAction\":[{\"@type\":\"ReadAction\",\"target\":[\"https:\/\/psol50.org.br\/na-alemanha-presidente-psol-denuncia-autoritarismo-brasil\/\"]}]},{\"@type\":\"ImageObject\",\"inLanguage\":\"pt-BR\",\"@id\":\"https:\/\/psol50.org.br\/na-alemanha-presidente-psol-denuncia-autoritarismo-brasil\/#primaryimage\",\"url\":\"\",\"contentUrl\":\"\"},{\"@type\":\"BreadcrumbList\",\"@id\":\"https:\/\/psol50.org.br\/na-alemanha-presidente-psol-denuncia-autoritarismo-brasil\/#breadcrumb\",\"itemListElement\":[{\"@type\":\"ListItem\",\"position\":1,\"name\":\"In\u00edcio\",\"item\":\"https:\/\/psol50.org.br\/\"},{\"@type\":\"ListItem\",\"position\":2,\"name\":\"Na Alemanha, presidente do PSOL denuncia autoritarismo no Brasil\"}]},{\"@type\":\"WebSite\",\"@id\":\"https:\/\/psol50.org.br\/#website\",\"url\":\"https:\/\/psol50.org.br\/\",\"name\":\"PSOL 50\",\"description\":\"Site oficial do Partido Socialismo e Liberdade\",\"publisher\":{\"@id\":\"https:\/\/psol50.org.br\/#organization\"},\"alternateName\":\"PSOL50\",\"potentialAction\":[{\"@type\":\"SearchAction\",\"target\":{\"@type\":\"EntryPoint\",\"urlTemplate\":\"https:\/\/psol50.org.br\/?s={search_term_string}\"},\"query-input\":{\"@type\":\"PropertyValueSpecification\",\"valueRequired\":true,\"valueName\":\"search_term_string\"}}],\"inLanguage\":\"pt-BR\"},{\"@type\":\"Organization\",\"@id\":\"https:\/\/psol50.org.br\/#organization\",\"name\":\"PSOL 50\",\"alternateName\":\"PSOL 50\",\"url\":\"https:\/\/psol50.org.br\/\",\"logo\":{\"@type\":\"ImageObject\",\"inLanguage\":\"pt-BR\",\"@id\":\"https:\/\/psol50.org.br\/#\/schema\/logo\/image\/\",\"url\":\"https:\/\/psol50.org.br\/inc\/uploads\/2018\/07\/capa.png\",\"contentUrl\":\"https:\/\/psol50.org.br\/inc\/uploads\/2018\/07\/capa.png\",\"width\":1350,\"height\":900,\"caption\":\"PSOL 50\"},\"image\":{\"@id\":\"https:\/\/psol50.org.br\/#\/schema\/logo\/image\/\"},\"sameAs\":[\"https:\/\/www.facebook.com\/psol50\",\"https:\/\/x.com\/psol50\",\"https:\/\/www.instagram.com\/psol50\/\",\"https:\/\/www.youtube.com\/channel\/UC7SnJS5o1os7a6CaiNabzcg\"]},{\"@type\":\"Person\",\"@id\":\"https:\/\/psol50.org.br\/#\/schema\/person\/475dfa57d0b815993c714c2e96491fcd\",\"name\":\"Comunica\u00e7\u00e3o PSOL\",\"image\":{\"@type\":\"ImageObject\",\"inLanguage\":\"pt-BR\",\"@id\":\"https:\/\/psol50.org.br\/#\/schema\/person\/image\/\",\"url\":\"https:\/\/secure.gravatar.com\/avatar\/b34fc4f4e468a4e51785917065a3db57b841f5c95dba6ad8c73aaf8f66f8f9bf?s=96&d=mm&r=g\",\"contentUrl\":\"https:\/\/secure.gravatar.com\/avatar\/b34fc4f4e468a4e51785917065a3db57b841f5c95dba6ad8c73aaf8f66f8f9bf?s=96&d=mm&r=g\",\"caption\":\"Comunica\u00e7\u00e3o PSOL\"}}]}<\/script>\n<!-- \/ Yoast SEO plugin. -->","yoast_head_json":{"title":"Na Alemanha, presidente do PSOL denuncia autoritarismo no Brasil","description":"Juliano Medeiros participou de debate em Hamburgo para falar sobre a ofensiva conservadora no pa\u00eds.","robots":{"index":"index","follow":"follow","max-snippet":"max-snippet:-1","max-image-preview":"max-image-preview:large","max-video-preview":"max-video-preview:-1"},"canonical":"https:\/\/psol50.org.br\/na-alemanha-presidente-psol-denuncia-autoritarismo-brasil\/","og_locale":"pt_BR","og_type":"article","og_title":"Na Alemanha, presidente do PSOL denuncia autoritarismo no Brasil","og_description":"Juliano Medeiros participou de debate em Hamburgo para falar sobre a ofensiva conservadora no pa\u00eds.","og_url":"https:\/\/psol50.org.br\/na-alemanha-presidente-psol-denuncia-autoritarismo-brasil\/","og_site_name":"PSOL 50","article_publisher":"https:\/\/www.facebook.com\/psol50","article_published_time":"2020-01-22T17:24:01+00:00","og_image":[{"width":1350,"height":900,"url":"https:\/\/psol50.org.br\/inc\/uploads\/2018\/07\/capa.png","type":"image\/png"}],"author":"Comunica\u00e7\u00e3o PSOL","twitter_card":"summary_large_image","twitter_title":"Na Alemanha, presidente do PSOL denuncia autoritarismo no Brasil","twitter_description":"Juliano Medeiros participou de debate em Hamburgo para falar sobre a ofensiva conservadora no pa\u00eds.","twitter_creator":"@psol50","twitter_site":"@psol50","twitter_misc":{"Escrito por":"Comunica\u00e7\u00e3o PSOL","Est. tempo de leitura":"2 minutos"},"schema":{"@context":"https:\/\/schema.org","@graph":[{"@type":"Article","@id":"https:\/\/psol50.org.br\/na-alemanha-presidente-psol-denuncia-autoritarismo-brasil\/#article","isPartOf":{"@id":"https:\/\/psol50.org.br\/na-alemanha-presidente-psol-denuncia-autoritarismo-brasil\/"},"author":{"name":"Comunica\u00e7\u00e3o PSOL","@id":"https:\/\/psol50.org.br\/#\/schema\/person\/475dfa57d0b815993c714c2e96491fcd"},"headline":"Na Alemanha, presidente do PSOL denuncia autoritarismo no Brasil","datePublished":"2020-01-22T17:24:01+00:00","mainEntityOfPage":{"@id":"https:\/\/psol50.org.br\/na-alemanha-presidente-psol-denuncia-autoritarismo-brasil\/"},"wordCount":326,"publisher":{"@id":"https:\/\/psol50.org.br\/#organization"},"image":{"@id":"https:\/\/psol50.org.br\/na-alemanha-presidente-psol-denuncia-autoritarismo-brasil\/#primaryimage"},"thumbnailUrl":"","keywords":["Alemanha","autoritarismo","Brasil","democracia","hamburgo","PSOL"],"articleSection":["Not\u00edcias"],"inLanguage":"pt-BR"},{"@type":"WebPage","@id":"https:\/\/psol50.org.br\/na-alemanha-presidente-psol-denuncia-autoritarismo-brasil\/","url":"https:\/\/psol50.org.br\/na-alemanha-presidente-psol-denuncia-autoritarismo-brasil\/","name":"Na Alemanha, presidente do PSOL denuncia autoritarismo no Brasil","isPartOf":{"@id":"https:\/\/psol50.org.br\/#website"},"primaryImageOfPage":{"@id":"https:\/\/psol50.org.br\/na-alemanha-presidente-psol-denuncia-autoritarismo-brasil\/#primaryimage"},"image":{"@id":"https:\/\/psol50.org.br\/na-alemanha-presidente-psol-denuncia-autoritarismo-brasil\/#primaryimage"},"thumbnailUrl":"","datePublished":"2020-01-22T17:24:01+00:00","description":"Juliano Medeiros participou de debate em Hamburgo para falar sobre a ofensiva conservadora no pa\u00eds.","breadcrumb":{"@id":"https:\/\/psol50.org.br\/na-alemanha-presidente-psol-denuncia-autoritarismo-brasil\/#breadcrumb"},"inLanguage":"pt-BR","potentialAction":[{"@type":"ReadAction","target":["https:\/\/psol50.org.br\/na-alemanha-presidente-psol-denuncia-autoritarismo-brasil\/"]}]},{"@type":"ImageObject","inLanguage":"pt-BR","@id":"https:\/\/psol50.org.br\/na-alemanha-presidente-psol-denuncia-autoritarismo-brasil\/#primaryimage","url":"","contentUrl":""},{"@type":"BreadcrumbList","@id":"https:\/\/psol50.org.br\/na-alemanha-presidente-psol-denuncia-autoritarismo-brasil\/#breadcrumb","itemListElement":[{"@type":"ListItem","position":1,"name":"In\u00edcio","item":"https:\/\/psol50.org.br\/"},{"@type":"ListItem","position":2,"name":"Na Alemanha, presidente do PSOL denuncia autoritarismo no Brasil"}]},{"@type":"WebSite","@id":"https:\/\/psol50.org.br\/#website","url":"https:\/\/psol50.org.br\/","name":"PSOL 50","description":"Site oficial do Partido Socialismo e Liberdade","publisher":{"@id":"https:\/\/psol50.org.br\/#organization"},"alternateName":"PSOL50","potentialAction":[{"@type":"SearchAction","target":{"@type":"EntryPoint","urlTemplate":"https:\/\/psol50.org.br\/?s={search_term_string}"},"query-input":{"@type":"PropertyValueSpecification","valueRequired":true,"valueName":"search_term_string"}}],"inLanguage":"pt-BR"},{"@type":"Organization","@id":"https:\/\/psol50.org.br\/#organization","name":"PSOL 50","alternateName":"PSOL 50","url":"https:\/\/psol50.org.br\/","logo":{"@type":"ImageObject","inLanguage":"pt-BR","@id":"https:\/\/psol50.org.br\/#\/schema\/logo\/image\/","url":"https:\/\/psol50.org.br\/inc\/uploads\/2018\/07\/capa.png","contentUrl":"https:\/\/psol50.org.br\/inc\/uploads\/2018\/07\/capa.png","width":1350,"height":900,"caption":"PSOL 50"},"image":{"@id":"https:\/\/psol50.org.br\/#\/schema\/logo\/image\/"},"sameAs":["https:\/\/www.facebook.com\/psol50","https:\/\/x.com\/psol50","https:\/\/www.instagram.com\/psol50\/","https:\/\/www.youtube.com\/channel\/UC7SnJS5o1os7a6CaiNabzcg"]},{"@type":"Person","@id":"https:\/\/psol50.org.br\/#\/schema\/person\/475dfa57d0b815993c714c2e96491fcd","name":"Comunica\u00e7\u00e3o PSOL","image":{"@type":"ImageObject","inLanguage":"pt-BR","@id":"https:\/\/psol50.org.br\/#\/schema\/person\/image\/","url":"https:\/\/secure.gravatar.com\/avatar\/b34fc4f4e468a4e51785917065a3db57b841f5c95dba6ad8c73aaf8f66f8f9bf?s=96&d=mm&r=g","contentUrl":"https:\/\/secure.gravatar.com\/avatar\/b34fc4f4e468a4e51785917065a3db57b841f5c95dba6ad8c73aaf8f66f8f9bf?s=96&d=mm&r=g","caption":"Comunica\u00e7\u00e3o PSOL"}}]}},"_links":{"self":[{"href":"https:\/\/psol50.org.br\/rest\/wp\/v2\/posts\/27312","targetHints":{"allow":["GET"]}}],"collection":[{"href":"https:\/\/psol50.org.br\/rest\/wp\/v2\/posts"}],"about":[{"href":"https:\/\/psol50.org.br\/rest\/wp\/v2\/types\/post"}],"author":[{"embeddable":true,"href":"https:\/\/psol50.org.br\/rest\/wp\/v2\/users\/2"}],"replies":[{"embeddable":true,"href":"https:\/\/psol50.org.br\/rest\/wp\/v2\/comments?post=27312"}],"version-history":[{"count":0,"href":"https:\/\/psol50.org.br\/rest\/wp\/v2\/posts\/27312\/revisions"}],"wp:featuredmedia":[{"embeddable":true,"href":"https:\/\/psol50.org.br\/rest\/"}],"wp:attachment":[{"href":"https:\/\/psol50.org.br\/rest\/wp\/v2\/media?parent=27312"}],"wp:term":[{"taxonomy":"category","embeddable":true,"href":"https:\/\/psol50.org.br\/rest\/wp\/v2\/categories?post=27312"},{"taxonomy":"post_tag","embeddable":true,"href":"https:\/\/psol50.org.br\/rest\/wp\/v2\/tags?post=27312"}],"curies":[{"name":"wp","href":"https:\/\/api.w.org\/{rel}","templated":true}]}}