{"id":27317,"date":"2020-01-22T17:00:35","date_gmt":"2020-01-22T20:00:35","guid":{"rendered":"http:\/\/psol50.org.br\/?p=27317"},"modified":"2020-01-22T17:00:35","modified_gmt":"2020-01-22T20:00:35","slug":"une-aciona-ministerio-publico-para-exigir-auditoria-de-todas-as-notas-do-enem","status":"publish","type":"post","link":"https:\/\/psol50.org.br\/une-aciona-ministerio-publico-para-exigir-auditoria-de-todas-as-notas-do-enem\/","title":{"rendered":"UNE aciona Minist\u00e9rio P\u00fablico para exigir auditoria de todas as notas do ENEM"},"content":{"rendered":"<p>Na \u00faltima ter\u00e7a-feira (21), as entidades nacionais de representa\u00e7\u00e3o dos estudantes, UNE, UBES e ANPG entraram com uma representa\u00e7\u00e3o no Minist\u00e9rio P\u00fablico Federal (MPF) para que haja uma ampla auditoria nas notas do Exame Nacional do Ensino M\u00e9dio (ENEM).<\/p>\n<p>A reivindica\u00e7\u00e3o \u00e9 para que se apure as falhas que atingiram cerca de 6 mil candidatos, al\u00e9m de averiguar se todos os resultados atribu\u00eddos \u00e0s provas est\u00e3o realmente condizentes com o desempenho dos estudantes.<\/p>\n<p>A representa\u00e7\u00e3o ainda cobra uma investiga\u00e7\u00e3o das condutas do ministro da Educa\u00e7\u00e3o, Abraham Weintraub, e do presidente do Inep, Alexandre Lopes, por poss\u00edvel improbidade administrativa. H\u00e1 tamb\u00e9m um pedido de a\u00e7\u00e3o civil p\u00fablica por danos morais aos estudantes que foram lesados com os erros na corre\u00e7\u00e3o.<\/p>\n<p>As entidades estudantis afirmam que v\u00eam recebendo milhares de pedidos de ajuda e relatos de estudantes que se sentiram lesados com a corre\u00e7\u00e3o de suas provas, mesmo que o MEC afirme que os erros est\u00e3o concentrados em quatro cidades: Alagoinhas, na Bahia, e Ituiutaba, Iturama e Vi\u00e7osa, em Minas Gerais.<\/p>\n","protected":false},"excerpt":{"rendered":"<p>Na \u00faltima ter\u00e7a-feira (21), as entidades nacionais de representa\u00e7\u00e3o dos estudantes, UNE, UBES e ANPG entraram com uma representa\u00e7\u00e3o no Minist\u00e9rio P\u00fablico Federal (MPF) para que haja uma ampla auditoria nas notas do Exame Nacional do Ensino M\u00e9dio (ENEM). A reivindica\u00e7\u00e3o \u00e9 para que se apure as falhas que atingiram cerca de 6 mil candidatos, [&hellip;]<\/p>\n","protected":false},"author":2,"featured_media":27318,"comment_status":"closed","ping_status":"open","sticky":false,"template":"","format":"standard","meta":{"_acf_changed":false,"footnotes":""},"categories":[6],"tags":[89,90,91,62,92,93],"class_list":{"0":"post-27317","1":"post","2":"type-post","3":"status-publish","4":"format-standard","5":"has-post-thumbnail","7":"category-noticias","8":"tag-auditoria","9":"tag-enem","10":"tag-mec","11":"tag-ministerio-publico","12":"tag-une","13":"tag-weintraub"},"acf":[],"yoast_head":"<!-- This site is optimized with the Yoast SEO plugin v26.5 - https:\/\/yoast.com\/wordpress\/plugins\/seo\/ -->\n<title>UNE aciona Minist\u00e9rio P\u00fablico para exigir auditoria de todas as notas do ENEM - PSOL 50<\/title>\n<meta name=\"description\" content=\"A representa\u00e7\u00e3o ainda cobra uma investiga\u00e7\u00e3o das condutas de Abraham Weintraub a frente do Minist\u00e9rio da Educa\u00e7\u00e3o e do presidente do INEP, Alexandre Lopes.\" \/>\n<meta name=\"robots\" content=\"index, follow, max-snippet:-1, max-image-preview:large, max-video-preview:-1\" \/>\n<link rel=\"canonical\" href=\"https:\/\/psol50.org.br\/une-aciona-ministerio-publico-para-exigir-auditoria-de-todas-as-notas-do-enem\/\" \/>\n<meta property=\"og:locale\" content=\"pt_BR\" \/>\n<meta property=\"og:type\" content=\"article\" \/>\n<meta property=\"og:title\" content=\"UNE aciona Minist\u00e9rio P\u00fablico para exigir auditoria de todas as notas do ENEM\" \/>\n<meta property=\"og:description\" content=\"A representa\u00e7\u00e3o ainda cobra uma investiga\u00e7\u00e3o das condutas de Abraham Weintraub a frente do Minist\u00e9rio da Educa\u00e7\u00e3o e do presidente do INEP, Alexandre Lopes.\" \/>\n<meta property=\"og:url\" content=\"https:\/\/psol50.org.br\/une-aciona-ministerio-publico-para-exigir-auditoria-de-todas-as-notas-do-enem\/\" \/>\n<meta property=\"og:site_name\" content=\"PSOL 50\" \/>\n<meta property=\"article:publisher\" content=\"https:\/\/www.facebook.com\/psol50\" \/>\n<meta property=\"article:published_time\" content=\"2020-01-22T20:00:35+00:00\" \/>\n<meta property=\"og:image\" content=\"https:\/\/psol50.org.br\/inc\/uploads\/2020\/01\/weintraub-e-o-presidente-do-inep.jpg\" \/>\n\t<meta property=\"og:image:width\" content=\"780\" \/>\n\t<meta property=\"og:image:height\" content=\"490\" \/>\n\t<meta property=\"og:image:type\" content=\"image\/jpeg\" \/>\n<meta name=\"author\" content=\"Comunica\u00e7\u00e3o PSOL\" \/>\n<meta name=\"twitter:card\" content=\"summary_large_image\" \/>\n<meta name=\"twitter:title\" content=\"UNE aciona Minist\u00e9rio P\u00fablico para exigir auditoria de todas as notas do ENEM\" \/>\n<meta name=\"twitter:description\" content=\"A representa\u00e7\u00e3o ainda cobra uma investiga\u00e7\u00e3o das condutas de Abraham Weintraub a frente do Minist\u00e9rio da Educa\u00e7\u00e3o e do presidente do INEP, Alexandre Lopes.\" \/>\n<meta name=\"twitter:image\" content=\"https:\/\/psol50.org.br\/inc\/uploads\/2020\/01\/weintraub-e-o-presidente-do-inep.jpg\" \/>\n<meta name=\"twitter:creator\" content=\"@psol50\" \/>\n<meta name=\"twitter:site\" content=\"@psol50\" \/>\n<meta name=\"twitter:label1\" content=\"Escrito por\" \/>\n\t<meta name=\"twitter:data1\" content=\"Comunica\u00e7\u00e3o PSOL\" \/>\n\t<meta name=\"twitter:label2\" content=\"Est. tempo de leitura\" \/>\n\t<meta name=\"twitter:data2\" content=\"1 minuto\" \/>\n<script type=\"application\/ld+json\" class=\"yoast-schema-graph\">{\"@context\":\"https:\/\/schema.org\",\"@graph\":[{\"@type\":\"Article\",\"@id\":\"https:\/\/psol50.org.br\/une-aciona-ministerio-publico-para-exigir-auditoria-de-todas-as-notas-do-enem\/#article\",\"isPartOf\":{\"@id\":\"https:\/\/psol50.org.br\/une-aciona-ministerio-publico-para-exigir-auditoria-de-todas-as-notas-do-enem\/\"},\"author\":{\"name\":\"Comunica\u00e7\u00e3o PSOL\",\"@id\":\"https:\/\/psol50.org.br\/#\/schema\/person\/475dfa57d0b815993c714c2e96491fcd\"},\"headline\":\"UNE aciona Minist\u00e9rio P\u00fablico para exigir auditoria de todas as notas do ENEM\",\"datePublished\":\"2020-01-22T20:00:35+00:00\",\"mainEntityOfPage\":{\"@id\":\"https:\/\/psol50.org.br\/une-aciona-ministerio-publico-para-exigir-auditoria-de-todas-as-notas-do-enem\/\"},\"wordCount\":203,\"publisher\":{\"@id\":\"https:\/\/psol50.org.br\/#organization\"},\"image\":{\"@id\":\"https:\/\/psol50.org.br\/une-aciona-ministerio-publico-para-exigir-auditoria-de-todas-as-notas-do-enem\/#primaryimage\"},\"thumbnailUrl\":\"https:\/\/psol50.org.br\/inc\/uploads\/2020\/01\/weintraub-e-o-presidente-do-inep.jpg\",\"keywords\":[\"auditoria\",\"Enem\",\"MEC\",\"Minist\u00e9rio P\u00fablico\",\"UNE\",\"weintraub\"],\"articleSection\":[\"Not\u00edcias\"],\"inLanguage\":\"pt-BR\"},{\"@type\":\"WebPage\",\"@id\":\"https:\/\/psol50.org.br\/une-aciona-ministerio-publico-para-exigir-auditoria-de-todas-as-notas-do-enem\/\",\"url\":\"https:\/\/psol50.org.br\/une-aciona-ministerio-publico-para-exigir-auditoria-de-todas-as-notas-do-enem\/\",\"name\":\"UNE aciona Minist\u00e9rio P\u00fablico para exigir auditoria de todas as notas do ENEM - PSOL 50\",\"isPartOf\":{\"@id\":\"https:\/\/psol50.org.br\/#website\"},\"primaryImageOfPage\":{\"@id\":\"https:\/\/psol50.org.br\/une-aciona-ministerio-publico-para-exigir-auditoria-de-todas-as-notas-do-enem\/#primaryimage\"},\"image\":{\"@id\":\"https:\/\/psol50.org.br\/une-aciona-ministerio-publico-para-exigir-auditoria-de-todas-as-notas-do-enem\/#primaryimage\"},\"thumbnailUrl\":\"https:\/\/psol50.org.br\/inc\/uploads\/2020\/01\/weintraub-e-o-presidente-do-inep.jpg\",\"datePublished\":\"2020-01-22T20:00:35+00:00\",\"description\":\"A representa\u00e7\u00e3o ainda cobra uma investiga\u00e7\u00e3o das condutas de Abraham Weintraub a frente do Minist\u00e9rio da Educa\u00e7\u00e3o e do presidente do INEP, Alexandre Lopes.\",\"breadcrumb\":{\"@id\":\"https:\/\/psol50.org.br\/une-aciona-ministerio-publico-para-exigir-auditoria-de-todas-as-notas-do-enem\/#breadcrumb\"},\"inLanguage\":\"pt-BR\",\"potentialAction\":[{\"@type\":\"ReadAction\",\"target\":[\"https:\/\/psol50.org.br\/une-aciona-ministerio-publico-para-exigir-auditoria-de-todas-as-notas-do-enem\/\"]}]},{\"@type\":\"ImageObject\",\"inLanguage\":\"pt-BR\",\"@id\":\"https:\/\/psol50.org.br\/une-aciona-ministerio-publico-para-exigir-auditoria-de-todas-as-notas-do-enem\/#primaryimage\",\"url\":\"https:\/\/psol50.org.br\/inc\/uploads\/2020\/01\/weintraub-e-o-presidente-do-inep.jpg\",\"contentUrl\":\"https:\/\/psol50.org.br\/inc\/uploads\/2020\/01\/weintraub-e-o-presidente-do-inep.jpg\",\"width\":780,\"height\":490,\"caption\":\"Foto: Reprodu\u00e7\u00e3o\"},{\"@type\":\"BreadcrumbList\",\"@id\":\"https:\/\/psol50.org.br\/une-aciona-ministerio-publico-para-exigir-auditoria-de-todas-as-notas-do-enem\/#breadcrumb\",\"itemListElement\":[{\"@type\":\"ListItem\",\"position\":1,\"name\":\"In\u00edcio\",\"item\":\"https:\/\/psol50.org.br\/\"},{\"@type\":\"ListItem\",\"position\":2,\"name\":\"UNE aciona Minist\u00e9rio P\u00fablico para exigir auditoria de todas as notas do ENEM\"}]},{\"@type\":\"WebSite\",\"@id\":\"https:\/\/psol50.org.br\/#website\",\"url\":\"https:\/\/psol50.org.br\/\",\"name\":\"PSOL 50\",\"description\":\"Site oficial do Partido Socialismo e Liberdade\",\"publisher\":{\"@id\":\"https:\/\/psol50.org.br\/#organization\"},\"alternateName\":\"PSOL50\",\"potentialAction\":[{\"@type\":\"SearchAction\",\"target\":{\"@type\":\"EntryPoint\",\"urlTemplate\":\"https:\/\/psol50.org.br\/?s={search_term_string}\"},\"query-input\":{\"@type\":\"PropertyValueSpecification\",\"valueRequired\":true,\"valueName\":\"search_term_string\"}}],\"inLanguage\":\"pt-BR\"},{\"@type\":\"Organization\",\"@id\":\"https:\/\/psol50.org.br\/#organization\",\"name\":\"PSOL 50\",\"alternateName\":\"PSOL 50\",\"url\":\"https:\/\/psol50.org.br\/\",\"logo\":{\"@type\":\"ImageObject\",\"inLanguage\":\"pt-BR\",\"@id\":\"https:\/\/psol50.org.br\/#\/schema\/logo\/image\/\",\"url\":\"https:\/\/psol50.org.br\/inc\/uploads\/2018\/07\/capa.png\",\"contentUrl\":\"https:\/\/psol50.org.br\/inc\/uploads\/2018\/07\/capa.png\",\"width\":1350,\"height\":900,\"caption\":\"PSOL 50\"},\"image\":{\"@id\":\"https:\/\/psol50.org.br\/#\/schema\/logo\/image\/\"},\"sameAs\":[\"https:\/\/www.facebook.com\/psol50\",\"https:\/\/x.com\/psol50\",\"https:\/\/www.instagram.com\/psol50\/\",\"https:\/\/www.youtube.com\/channel\/UC7SnJS5o1os7a6CaiNabzcg\"]},{\"@type\":\"Person\",\"@id\":\"https:\/\/psol50.org.br\/#\/schema\/person\/475dfa57d0b815993c714c2e96491fcd\",\"name\":\"Comunica\u00e7\u00e3o PSOL\",\"image\":{\"@type\":\"ImageObject\",\"inLanguage\":\"pt-BR\",\"@id\":\"https:\/\/psol50.org.br\/#\/schema\/person\/image\/\",\"url\":\"https:\/\/secure.gravatar.com\/avatar\/b34fc4f4e468a4e51785917065a3db57b841f5c95dba6ad8c73aaf8f66f8f9bf?s=96&d=mm&r=g\",\"contentUrl\":\"https:\/\/secure.gravatar.com\/avatar\/b34fc4f4e468a4e51785917065a3db57b841f5c95dba6ad8c73aaf8f66f8f9bf?s=96&d=mm&r=g\",\"caption\":\"Comunica\u00e7\u00e3o PSOL\"}}]}<\/script>\n<!-- \/ Yoast SEO plugin. -->","yoast_head_json":{"title":"UNE aciona Minist\u00e9rio P\u00fablico para exigir auditoria de todas as notas do ENEM - PSOL 50","description":"A representa\u00e7\u00e3o ainda cobra uma investiga\u00e7\u00e3o das condutas de Abraham Weintraub a frente do Minist\u00e9rio da Educa\u00e7\u00e3o e do presidente do INEP, Alexandre Lopes.","robots":{"index":"index","follow":"follow","max-snippet":"max-snippet:-1","max-image-preview":"max-image-preview:large","max-video-preview":"max-video-preview:-1"},"canonical":"https:\/\/psol50.org.br\/une-aciona-ministerio-publico-para-exigir-auditoria-de-todas-as-notas-do-enem\/","og_locale":"pt_BR","og_type":"article","og_title":"UNE aciona Minist\u00e9rio P\u00fablico para exigir auditoria de todas as notas do ENEM","og_description":"A representa\u00e7\u00e3o ainda cobra uma investiga\u00e7\u00e3o das condutas de Abraham Weintraub a frente do Minist\u00e9rio da Educa\u00e7\u00e3o e do presidente do INEP, Alexandre Lopes.","og_url":"https:\/\/psol50.org.br\/une-aciona-ministerio-publico-para-exigir-auditoria-de-todas-as-notas-do-enem\/","og_site_name":"PSOL 50","article_publisher":"https:\/\/www.facebook.com\/psol50","article_published_time":"2020-01-22T20:00:35+00:00","og_image":[{"width":780,"height":490,"url":"https:\/\/psol50.org.br\/inc\/uploads\/2020\/01\/weintraub-e-o-presidente-do-inep.jpg","type":"image\/jpeg"}],"author":"Comunica\u00e7\u00e3o PSOL","twitter_card":"summary_large_image","twitter_title":"UNE aciona Minist\u00e9rio P\u00fablico para exigir auditoria de todas as notas do ENEM","twitter_description":"A representa\u00e7\u00e3o ainda cobra uma investiga\u00e7\u00e3o das condutas de Abraham Weintraub a frente do Minist\u00e9rio da Educa\u00e7\u00e3o e do presidente do INEP, Alexandre Lopes.","twitter_image":"https:\/\/psol50.org.br\/inc\/uploads\/2020\/01\/weintraub-e-o-presidente-do-inep.jpg","twitter_creator":"@psol50","twitter_site":"@psol50","twitter_misc":{"Escrito por":"Comunica\u00e7\u00e3o PSOL","Est. tempo de leitura":"1 minuto"},"schema":{"@context":"https:\/\/schema.org","@graph":[{"@type":"Article","@id":"https:\/\/psol50.org.br\/une-aciona-ministerio-publico-para-exigir-auditoria-de-todas-as-notas-do-enem\/#article","isPartOf":{"@id":"https:\/\/psol50.org.br\/une-aciona-ministerio-publico-para-exigir-auditoria-de-todas-as-notas-do-enem\/"},"author":{"name":"Comunica\u00e7\u00e3o PSOL","@id":"https:\/\/psol50.org.br\/#\/schema\/person\/475dfa57d0b815993c714c2e96491fcd"},"headline":"UNE aciona Minist\u00e9rio P\u00fablico para exigir auditoria de todas as notas do ENEM","datePublished":"2020-01-22T20:00:35+00:00","mainEntityOfPage":{"@id":"https:\/\/psol50.org.br\/une-aciona-ministerio-publico-para-exigir-auditoria-de-todas-as-notas-do-enem\/"},"wordCount":203,"publisher":{"@id":"https:\/\/psol50.org.br\/#organization"},"image":{"@id":"https:\/\/psol50.org.br\/une-aciona-ministerio-publico-para-exigir-auditoria-de-todas-as-notas-do-enem\/#primaryimage"},"thumbnailUrl":"https:\/\/psol50.org.br\/inc\/uploads\/2020\/01\/weintraub-e-o-presidente-do-inep.jpg","keywords":["auditoria","Enem","MEC","Minist\u00e9rio P\u00fablico","UNE","weintraub"],"articleSection":["Not\u00edcias"],"inLanguage":"pt-BR"},{"@type":"WebPage","@id":"https:\/\/psol50.org.br\/une-aciona-ministerio-publico-para-exigir-auditoria-de-todas-as-notas-do-enem\/","url":"https:\/\/psol50.org.br\/une-aciona-ministerio-publico-para-exigir-auditoria-de-todas-as-notas-do-enem\/","name":"UNE aciona Minist\u00e9rio P\u00fablico para exigir auditoria de todas as notas do ENEM - PSOL 50","isPartOf":{"@id":"https:\/\/psol50.org.br\/#website"},"primaryImageOfPage":{"@id":"https:\/\/psol50.org.br\/une-aciona-ministerio-publico-para-exigir-auditoria-de-todas-as-notas-do-enem\/#primaryimage"},"image":{"@id":"https:\/\/psol50.org.br\/une-aciona-ministerio-publico-para-exigir-auditoria-de-todas-as-notas-do-enem\/#primaryimage"},"thumbnailUrl":"https:\/\/psol50.org.br\/inc\/uploads\/2020\/01\/weintraub-e-o-presidente-do-inep.jpg","datePublished":"2020-01-22T20:00:35+00:00","description":"A representa\u00e7\u00e3o ainda cobra uma investiga\u00e7\u00e3o das condutas de Abraham Weintraub a frente do Minist\u00e9rio da Educa\u00e7\u00e3o e do presidente do INEP, Alexandre Lopes.","breadcrumb":{"@id":"https:\/\/psol50.org.br\/une-aciona-ministerio-publico-para-exigir-auditoria-de-todas-as-notas-do-enem\/#breadcrumb"},"inLanguage":"pt-BR","potentialAction":[{"@type":"ReadAction","target":["https:\/\/psol50.org.br\/une-aciona-ministerio-publico-para-exigir-auditoria-de-todas-as-notas-do-enem\/"]}]},{"@type":"ImageObject","inLanguage":"pt-BR","@id":"https:\/\/psol50.org.br\/une-aciona-ministerio-publico-para-exigir-auditoria-de-todas-as-notas-do-enem\/#primaryimage","url":"https:\/\/psol50.org.br\/inc\/uploads\/2020\/01\/weintraub-e-o-presidente-do-inep.jpg","contentUrl":"https:\/\/psol50.org.br\/inc\/uploads\/2020\/01\/weintraub-e-o-presidente-do-inep.jpg","width":780,"height":490,"caption":"Foto: Reprodu\u00e7\u00e3o"},{"@type":"BreadcrumbList","@id":"https:\/\/psol50.org.br\/une-aciona-ministerio-publico-para-exigir-auditoria-de-todas-as-notas-do-enem\/#breadcrumb","itemListElement":[{"@type":"ListItem","position":1,"name":"In\u00edcio","item":"https:\/\/psol50.org.br\/"},{"@type":"ListItem","position":2,"name":"UNE aciona Minist\u00e9rio P\u00fablico para exigir auditoria de todas as notas do ENEM"}]},{"@type":"WebSite","@id":"https:\/\/psol50.org.br\/#website","url":"https:\/\/psol50.org.br\/","name":"PSOL 50","description":"Site oficial do Partido Socialismo e Liberdade","publisher":{"@id":"https:\/\/psol50.org.br\/#organization"},"alternateName":"PSOL50","potentialAction":[{"@type":"SearchAction","target":{"@type":"EntryPoint","urlTemplate":"https:\/\/psol50.org.br\/?s={search_term_string}"},"query-input":{"@type":"PropertyValueSpecification","valueRequired":true,"valueName":"search_term_string"}}],"inLanguage":"pt-BR"},{"@type":"Organization","@id":"https:\/\/psol50.org.br\/#organization","name":"PSOL 50","alternateName":"PSOL 50","url":"https:\/\/psol50.org.br\/","logo":{"@type":"ImageObject","inLanguage":"pt-BR","@id":"https:\/\/psol50.org.br\/#\/schema\/logo\/image\/","url":"https:\/\/psol50.org.br\/inc\/uploads\/2018\/07\/capa.png","contentUrl":"https:\/\/psol50.org.br\/inc\/uploads\/2018\/07\/capa.png","width":1350,"height":900,"caption":"PSOL 50"},"image":{"@id":"https:\/\/psol50.org.br\/#\/schema\/logo\/image\/"},"sameAs":["https:\/\/www.facebook.com\/psol50","https:\/\/x.com\/psol50","https:\/\/www.instagram.com\/psol50\/","https:\/\/www.youtube.com\/channel\/UC7SnJS5o1os7a6CaiNabzcg"]},{"@type":"Person","@id":"https:\/\/psol50.org.br\/#\/schema\/person\/475dfa57d0b815993c714c2e96491fcd","name":"Comunica\u00e7\u00e3o PSOL","image":{"@type":"ImageObject","inLanguage":"pt-BR","@id":"https:\/\/psol50.org.br\/#\/schema\/person\/image\/","url":"https:\/\/secure.gravatar.com\/avatar\/b34fc4f4e468a4e51785917065a3db57b841f5c95dba6ad8c73aaf8f66f8f9bf?s=96&d=mm&r=g","contentUrl":"https:\/\/secure.gravatar.com\/avatar\/b34fc4f4e468a4e51785917065a3db57b841f5c95dba6ad8c73aaf8f66f8f9bf?s=96&d=mm&r=g","caption":"Comunica\u00e7\u00e3o PSOL"}}]}},"_links":{"self":[{"href":"https:\/\/psol50.org.br\/rest\/wp\/v2\/posts\/27317","targetHints":{"allow":["GET"]}}],"collection":[{"href":"https:\/\/psol50.org.br\/rest\/wp\/v2\/posts"}],"about":[{"href":"https:\/\/psol50.org.br\/rest\/wp\/v2\/types\/post"}],"author":[{"embeddable":true,"href":"https:\/\/psol50.org.br\/rest\/wp\/v2\/users\/2"}],"replies":[{"embeddable":true,"href":"https:\/\/psol50.org.br\/rest\/wp\/v2\/comments?post=27317"}],"version-history":[{"count":0,"href":"https:\/\/psol50.org.br\/rest\/wp\/v2\/posts\/27317\/revisions"}],"wp:featuredmedia":[{"embeddable":true,"href":"https:\/\/psol50.org.br\/rest\/wp\/v2\/media\/27318"}],"wp:attachment":[{"href":"https:\/\/psol50.org.br\/rest\/wp\/v2\/media?parent=27317"}],"wp:term":[{"taxonomy":"category","embeddable":true,"href":"https:\/\/psol50.org.br\/rest\/wp\/v2\/categories?post=27317"},{"taxonomy":"post_tag","embeddable":true,"href":"https:\/\/psol50.org.br\/rest\/wp\/v2\/tags?post=27317"}],"curies":[{"name":"wp","href":"https:\/\/api.w.org\/{rel}","templated":true}]}}