{"id":2732,"date":"2014-05-07T00:00:00","date_gmt":"2014-05-07T19:21:42","guid":{"rendered":"http:\/\/psol50.org.br\/arquivo\/2014\/05\/07\/a-ditadura-continua-nas-periferias\/"},"modified":"2014-05-07T00:00:00","modified_gmt":"2014-05-07T19:21:42","slug":"a-ditadura-continua-nas-periferias","status":"publish","type":"post","link":"https:\/\/psol50.org.br\/a-ditadura-continua-nas-periferias\/","title":{"rendered":"&#8220;A Ditadura continua nas periferias&#8221;"},"content":{"rendered":"<p style=\"text-align: justify;\">\n\t<em>Thiago Borges, do Blog Periferia em Movimento<\/em><\/p>\n<p>\t<span style=\"font-size: 12px;\"><span style=\"font-family: arial,helvetica,sans-serif;\">O m\u00eas de abril foi marcado pelas celebra\u00e7\u00f5es dos&nbsp;50 anos do golpe militar, que implantou no Brasil uma ditadura que se manteve por mais de duas d\u00e9cadas no poder. Com amplo apoio da m\u00eddia, de empres\u00e1rios e da classe m\u00e9dia, o regime resultou em torturas, desaparecimentos e mortes de militantes de esquerda, ind\u00edgenas e camponeses, al\u00e9m do ex\u00edlio de artistas e pol\u00edticos. A redemocratiza\u00e7\u00e3o veio em 1985, mas o que mudou para a maior e mais vulner\u00e1vel parcela da popula\u00e7\u00e3o, que vive nas periferias?<br \/>\n\t&nbsp;<br \/>\n\t\u201cA ditadura n\u00e3o acabou. Ela est\u00e1 muito presente nas nossas periferias e tem um alvo certeiro: o negro, pobre e perif\u00e9rico, que n\u00e3o tem acesso \u00e0 Justica, que n\u00e3o funciona pra n\u00f3s\u201d, diz&nbsp;Debora da Silva Maria, fundadora e coordenadora do&nbsp;<a href=\"http:\/\/periferiaemmovimento.wordpress.com\/2014\/02\/24\/no-centro-maes-de-maio-debatem-sobre-a-desmilitarizacao-da-policia\/\" title=\"NO CENTRO: M\u00e3es de Maio debatem sobre a desmilitariza\u00e7\u00e3o da pol\u00edcia\"><strong>Movimento M\u00e3es de Maio<\/strong><\/a>, que participou de um debate sobre organiza\u00e7\u00e3o popular e ditadura militar realizado na segunda-feira (05\/05) no Centro de Defesa dos Direitos da Crian\u00e7a e do Adolescente&nbsp;<a href=\"http:\/\/periferiaemmovimento.wordpress.com\/2013\/11\/25\/reta-final-cedeca\/\" title=\"REPORTAGEM: Reta final da campanha para cria\u00e7\u00e3o do centro de midiativismo do Cedeca Interlagos\"><strong>(Cedeca) Interlagos<\/strong><\/a>, extremo Sul de S\u00e3o Paulo.<br \/>\n\t&nbsp;<br \/>\n\t\u201cVamos parar de falar que acabou pois n\u00e3o acabou, sen\u00e3o a gente n\u00e3o estaria aqui. Se acabou, foi para a burguesia. Ali\u00e1s, a escravid\u00e3o tamb\u00e9m nunca acabou. A senzala de hoje \u00e9 a periferia\u201d, continua Debora.<br \/>\n\t&nbsp;<br \/>\n\tNatural do munic\u00edpio de S\u00e3o Vicente (SP), Debora perdeu o filho um dia ap\u00f3s o dia das m\u00e3es de 2006.<br \/>\n\t&nbsp;<br \/>\n\tCom 29 anos na \u00e9poca, o gari negro Edson Rog\u00e9rio da Silva desapareceu ap\u00f3s ser abordado por policiais militares (PM) da Baixada Santista enquanto abastecia a motocicleta em um posto de combust\u00edvel. Dias depois, o corpo de Edson foi encontrado jogado em uma vala. Registrada como \u201cresist\u00eancia seguida de morte\u201d, a vers\u00e3o oficial \u00e9 de que ele confrontou a PM.<br \/>\n\t&nbsp;<br \/>\n\tOs chamados \u201ccrimes de maio de 2006\u201d resultaram em pelo menos 493 mortos pela PM paulista em repres\u00e1lia aos ataques do Primeiro Comando da Capital (PCC). Mas os casos de v\u00edtimas n\u00e3o reconhecidos pela Secretaria de Seguran\u00e7a P\u00fablica (SSP) do estado de S\u00e3o Paulo passam de 100 e cerca de 30 continuariam desaparecidas.<br \/>\n\t&nbsp;<br \/>\n\tDebora fez do luto pela morte do filho sua luta pol\u00edtica. Com outras m\u00e3es e donas de casa, ela fundou o<strong> <\/strong>Movimento M\u00e3es de Maio, que denuncia a viol\u00eancia estatal, o encarceramento em massa e o genoc\u00eddio da popula\u00e7\u00e3o preta, pobre e perif\u00e9rica.<br \/>\n\t&nbsp;<br \/>\n\tEm 2011, finalmente o estado de S\u00e3o Paulo foi condenado pela morte de Edson, enterrado com um proj\u00e9til no corpo. Outras m\u00e3es ainda aguardam decis\u00e3o judicial. O movimento clama pela federaliza\u00e7\u00e3o da investiga\u00e7\u00e3o dos crimes h\u00e1 quatro anos, mas n\u00e3o tem resposta. Debora j\u00e1 ouviu de procuradores da Rep\u00fablica que o melhor seria procurar apoio da Organiza\u00e7\u00e3o dos Estados Americanos (OEA).&nbsp;<br \/>\n\t&nbsp;<br \/>\n\t<strong>Milit\u00e2ncia aguerrida<\/strong><br \/>\n\tPor sua atua\u00e7\u00e3o combativa, a&nbsp;<a href=\"https:\/\/www.facebook.com\/maes.demaio?fref=nf\" target=\"_blank\" rel=\"noopener\"><strong>p\u00e1gina do movimento no Facebook<\/strong><\/a>&nbsp;foi a primeira do Brasil a ser removida pela rede social e constantemente recebe amea\u00e7as. Por outro lado, as M\u00e3es de Maio j\u00e1 foram objeto de estudo de 85 trabalhos de conclus\u00e3o de curso (TCC) e 34 teses de mestrado e doutorado.<\/p>\n<p>\t\u201cA periferia n\u00e3o dorme. E desde que a gente n\u00e3o dorme, tem que aprender a se organizar. \u00c9ramos donas de casa que, com a dor, aprendemos a fazer uma articula\u00e7\u00e3o pesada\u201d, diz Debora, que com outras m\u00e3es j\u00e1 ocupou o Parque da Juventude, na zona norte de S\u00e3o Paulo, para lembrar o massacre do Carandiru e enfrentou pol\u00edticos da bancada da bala, como deputado estadual Major Ol\u00edmpio (PDT-SP), em audi\u00eancias p\u00fablicas. \u201cAt\u00e9 Bras\u00edlia ficou pequena para n\u00f3s\u201d.<br \/>\n\t&nbsp;<br \/>\n\tNo ano passado, Debora recebeu o Pr\u00eamio Direitos Humanos das m\u00e3os da presidenta&nbsp;Dilma Rousseff, ex-guerrilheira a quem garante ter olhado \u201cna bolinha do olho\u201d para falar da dor de milhares de m\u00e3es e familiares que continuam tendo filhos torturados e mortos por militares.<br \/>\n\t&nbsp;<br \/>\n\t\u201cO que mudou (desde o fim da ditadura)? Nada. N\u00e3o tem per\u00edcia (nos crimes cometidos), n\u00e3o tem investiga\u00e7\u00e3o\u201d, aponta Debora.<br \/>\n\t&nbsp;<br \/>\n\tAs M\u00e3es de Maio pressionam autoridades contra projetos pela a redu\u00e7\u00e3o da maioridade penal e a favor da&nbsp;desmilitariza\u00e7\u00e3o. \u201cE quando a gente fala da desmilitariza\u00e7\u00e3o, falamos n\u00e3o s\u00f3 da policia, mas da pol\u00edtica, da sociedade e do judici\u00e1rio. Pois a canetada \u00e9 uma arma que n\u00e3o sai bala, mas \u00e9 a que mais mata\u201d, diz Debora.&nbsp;<br \/>\n\t&nbsp;<br \/>\n\t<strong>Democracia dos massacres<\/strong><br \/>\n\tEssa militariza\u00e7\u00e3o do cotidiano \u00e9 apontada como a maior \u201cheran\u00e7a\u201d do per\u00edodo militar. Por isso, as M\u00e3es de Maio e outros movimentos, como a Rede Exremo Sul&nbsp;e a Pastoral Carcer\u00e1ria, se mobilizaram e criaram a&nbsp;Rede Dois de Outubro&nbsp;(em refer\u00eancia \u00e0 data do massacre do Carandiru, em 1992).<br \/>\n\t&nbsp;<br \/>\n\t\u201cEsse exterminio sistem\u00e1tico da popula\u00e7\u00e3o jovem, negra e perif\u00e9rica \u00e9 heran\u00e7a da ditadura tamb\u00e9m, mas n\u00e3o foi a ditadura que inventou isso. Ela s\u00f3 possibilitou que isso se ampliasse, com a cria\u00e7\u00e3o e estrutura\u00e7\u00e3o da&nbsp;ROTA, por exemplo, que \u00e9 respons\u00e1vel por 20% dos exterm\u00ednios da PM apesar de ter apenas 0,01% do efetivo\u201d, aponta o advogado popular&nbsp;Rodolfo Valente, militante da rede.<br \/>\n\t&nbsp;<br \/>\n\tAl\u00e9m dessas heran\u00e7as vis\u00edveis, h\u00e1 vest\u00edgios mais sutis dos tempos de chumbo, como as pris\u00f5es para averigua\u00e7\u00e3o, muito comuns nas \u00faltimas manifesta\u00e7\u00f5es populares. Em outubro passado, o pr\u00f3prio<a href=\"http:\/\/periferiaemmovimento.wordpress.com\/2013\/10\/26\/entrevista-apos-receber-voz-de-prisao-da-pm-advogado-do-passe-livre-defende-desmilitarizacao\/\" target=\"_blank\" title=\"ENTREVISTA: Ap\u00f3s receber voz de pris\u00e3o da PM, advogado do Passe Livre defende desmilitariza\u00e7\u00e3o\" rel=\"noopener\"><strong>&nbsp;Valente recebeu voz de pris\u00e3o<\/strong><\/a>&nbsp;em um protesto por melhorias no transporte realizado no Graja\u00fa, extremo Sul de S\u00e3o Paulo. Leia aqui. \u201cEssa democraria p\u00f3s ditadura militar \u00e9 a democracia dos massacres\u201d, completa Valente.&nbsp;<br \/>\n\t&nbsp;<br \/>\n\t<strong>Ato e missa<\/strong><br \/>\n\tNo pr\u00f3ximo domingo (11\/05), quando se comemora o&nbsp;Dia das M\u00e3es, o Movimento M\u00e3es de Maio completa oito anos de luta. Como todos os anos, a data \u00e9 marcada por uma missa e ato, onde rosas s\u00e3o distribu\u00eddas. Neste ano, o movimento arrecada dinheiro para comprar 2.920 bot\u00f5es de rosas. O n\u00famero simboliza o total de dias em que as m\u00e3es est\u00e3o lutando por justi\u00e7a.<\/span><\/span><\/p>\n<p>\n\t<span style=\"font-size:12px;\"><span style=\"font-family: arial,helvetica,sans-serif;\">&nbsp;<br \/>\n\t&nbsp;<\/span><\/span><\/p>\n","protected":false},"excerpt":{"rendered":"<p>A integrante do movimento M\u00e3es de Maio, D\u00e9bora Maria,  participou de um debate sobre organiza\u00e7\u00e3o popular e ditadura militar realizado em S\u00e3o Paulo<\/p>\n","protected":false},"author":2,"featured_media":0,"comment_status":"open","ping_status":"open","sticky":false,"template":"","format":"standard","meta":{"_acf_changed":false,"footnotes":""},"categories":[4766,6],"tags":[],"class_list":{"0":"post-2732","1":"post","2":"type-post","3":"status-publish","4":"format-standard","6":"category-arquivo","7":"category-noticias"},"acf":[],"yoast_head":"<!-- This site is optimized with the Yoast SEO plugin v26.5 - https:\/\/yoast.com\/wordpress\/plugins\/seo\/ -->\n<title>&quot;A Ditadura continua nas periferias&quot; - PSOL 50<\/title>\n<meta name=\"robots\" content=\"index, follow, max-snippet:-1, max-image-preview:large, max-video-preview:-1\" \/>\n<link rel=\"canonical\" href=\"https:\/\/psol50.org.br\/a-ditadura-continua-nas-periferias\/\" \/>\n<meta property=\"og:locale\" content=\"pt_BR\" \/>\n<meta property=\"og:type\" content=\"article\" \/>\n<meta property=\"og:title\" content=\"&quot;A Ditadura continua nas periferias&quot; - PSOL 50\" \/>\n<meta property=\"og:description\" content=\"A integrante do movimento M\u00e3es de Maio, D\u00e9bora Maria, participou de um debate sobre organiza\u00e7\u00e3o popular e ditadura militar realizado em S\u00e3o Paulo\" \/>\n<meta property=\"og:url\" content=\"https:\/\/psol50.org.br\/a-ditadura-continua-nas-periferias\/\" \/>\n<meta property=\"og:site_name\" content=\"PSOL 50\" \/>\n<meta property=\"article:publisher\" content=\"https:\/\/www.facebook.com\/psol50\" \/>\n<meta property=\"article:published_time\" content=\"2014-05-07T19:21:42+00:00\" \/>\n<meta property=\"og:image\" content=\"https:\/\/psol50.org.br\/inc\/uploads\/2018\/07\/capa.png\" \/>\n\t<meta property=\"og:image:width\" content=\"1350\" \/>\n\t<meta property=\"og:image:height\" content=\"900\" \/>\n\t<meta property=\"og:image:type\" content=\"image\/png\" \/>\n<meta name=\"author\" content=\"Comunica\u00e7\u00e3o PSOL\" \/>\n<meta name=\"twitter:card\" content=\"summary_large_image\" \/>\n<meta name=\"twitter:creator\" content=\"@psol50\" \/>\n<meta name=\"twitter:site\" content=\"@psol50\" \/>\n<meta name=\"twitter:label1\" content=\"Escrito por\" \/>\n\t<meta name=\"twitter:data1\" content=\"Comunica\u00e7\u00e3o PSOL\" \/>\n\t<meta name=\"twitter:label2\" content=\"Est. tempo de leitura\" \/>\n\t<meta name=\"twitter:data2\" content=\"5 minutos\" \/>\n<script type=\"application\/ld+json\" class=\"yoast-schema-graph\">{\"@context\":\"https:\/\/schema.org\",\"@graph\":[{\"@type\":\"Article\",\"@id\":\"https:\/\/psol50.org.br\/a-ditadura-continua-nas-periferias\/#article\",\"isPartOf\":{\"@id\":\"https:\/\/psol50.org.br\/a-ditadura-continua-nas-periferias\/\"},\"author\":{\"name\":\"Comunica\u00e7\u00e3o PSOL\",\"@id\":\"https:\/\/psol50.org.br\/#\/schema\/person\/475dfa57d0b815993c714c2e96491fcd\"},\"headline\":\"&#8220;A Ditadura continua nas periferias&#8221;\",\"datePublished\":\"2014-05-07T19:21:42+00:00\",\"mainEntityOfPage\":{\"@id\":\"https:\/\/psol50.org.br\/a-ditadura-continua-nas-periferias\/\"},\"wordCount\":1082,\"commentCount\":0,\"publisher\":{\"@id\":\"https:\/\/psol50.org.br\/#organization\"},\"articleSection\":[\"Arquivo\",\"Not\u00edcias\"],\"inLanguage\":\"pt-BR\",\"potentialAction\":[{\"@type\":\"CommentAction\",\"name\":\"Comment\",\"target\":[\"https:\/\/psol50.org.br\/a-ditadura-continua-nas-periferias\/#respond\"]}]},{\"@type\":\"WebPage\",\"@id\":\"https:\/\/psol50.org.br\/a-ditadura-continua-nas-periferias\/\",\"url\":\"https:\/\/psol50.org.br\/a-ditadura-continua-nas-periferias\/\",\"name\":\"\\\"A Ditadura continua nas periferias\\\" - PSOL 50\",\"isPartOf\":{\"@id\":\"https:\/\/psol50.org.br\/#website\"},\"datePublished\":\"2014-05-07T19:21:42+00:00\",\"breadcrumb\":{\"@id\":\"https:\/\/psol50.org.br\/a-ditadura-continua-nas-periferias\/#breadcrumb\"},\"inLanguage\":\"pt-BR\",\"potentialAction\":[{\"@type\":\"ReadAction\",\"target\":[\"https:\/\/psol50.org.br\/a-ditadura-continua-nas-periferias\/\"]}]},{\"@type\":\"BreadcrumbList\",\"@id\":\"https:\/\/psol50.org.br\/a-ditadura-continua-nas-periferias\/#breadcrumb\",\"itemListElement\":[{\"@type\":\"ListItem\",\"position\":1,\"name\":\"In\u00edcio\",\"item\":\"https:\/\/psol50.org.br\/\"},{\"@type\":\"ListItem\",\"position\":2,\"name\":\"&#8220;A Ditadura continua nas periferias&#8221;\"}]},{\"@type\":\"WebSite\",\"@id\":\"https:\/\/psol50.org.br\/#website\",\"url\":\"https:\/\/psol50.org.br\/\",\"name\":\"PSOL 50\",\"description\":\"Site oficial do Partido Socialismo e Liberdade\",\"publisher\":{\"@id\":\"https:\/\/psol50.org.br\/#organization\"},\"alternateName\":\"PSOL50\",\"potentialAction\":[{\"@type\":\"SearchAction\",\"target\":{\"@type\":\"EntryPoint\",\"urlTemplate\":\"https:\/\/psol50.org.br\/?s={search_term_string}\"},\"query-input\":{\"@type\":\"PropertyValueSpecification\",\"valueRequired\":true,\"valueName\":\"search_term_string\"}}],\"inLanguage\":\"pt-BR\"},{\"@type\":\"Organization\",\"@id\":\"https:\/\/psol50.org.br\/#organization\",\"name\":\"PSOL 50\",\"alternateName\":\"PSOL 50\",\"url\":\"https:\/\/psol50.org.br\/\",\"logo\":{\"@type\":\"ImageObject\",\"inLanguage\":\"pt-BR\",\"@id\":\"https:\/\/psol50.org.br\/#\/schema\/logo\/image\/\",\"url\":\"https:\/\/psol50.org.br\/inc\/uploads\/2018\/07\/capa.png\",\"contentUrl\":\"https:\/\/psol50.org.br\/inc\/uploads\/2018\/07\/capa.png\",\"width\":1350,\"height\":900,\"caption\":\"PSOL 50\"},\"image\":{\"@id\":\"https:\/\/psol50.org.br\/#\/schema\/logo\/image\/\"},\"sameAs\":[\"https:\/\/www.facebook.com\/psol50\",\"https:\/\/x.com\/psol50\",\"https:\/\/www.instagram.com\/psol50\/\",\"https:\/\/www.youtube.com\/channel\/UC7SnJS5o1os7a6CaiNabzcg\"]},{\"@type\":\"Person\",\"@id\":\"https:\/\/psol50.org.br\/#\/schema\/person\/475dfa57d0b815993c714c2e96491fcd\",\"name\":\"Comunica\u00e7\u00e3o PSOL\",\"image\":{\"@type\":\"ImageObject\",\"inLanguage\":\"pt-BR\",\"@id\":\"https:\/\/psol50.org.br\/#\/schema\/person\/image\/\",\"url\":\"https:\/\/secure.gravatar.com\/avatar\/b34fc4f4e468a4e51785917065a3db57b841f5c95dba6ad8c73aaf8f66f8f9bf?s=96&d=mm&r=g\",\"contentUrl\":\"https:\/\/secure.gravatar.com\/avatar\/b34fc4f4e468a4e51785917065a3db57b841f5c95dba6ad8c73aaf8f66f8f9bf?s=96&d=mm&r=g\",\"caption\":\"Comunica\u00e7\u00e3o PSOL\"}}]}<\/script>\n<!-- \/ Yoast SEO plugin. -->","yoast_head_json":{"title":"\"A Ditadura continua nas periferias\" - PSOL 50","robots":{"index":"index","follow":"follow","max-snippet":"max-snippet:-1","max-image-preview":"max-image-preview:large","max-video-preview":"max-video-preview:-1"},"canonical":"https:\/\/psol50.org.br\/a-ditadura-continua-nas-periferias\/","og_locale":"pt_BR","og_type":"article","og_title":"\"A Ditadura continua nas periferias\" - PSOL 50","og_description":"A integrante do movimento M\u00e3es de Maio, D\u00e9bora Maria, participou de um debate sobre organiza\u00e7\u00e3o popular e ditadura militar realizado em S\u00e3o Paulo","og_url":"https:\/\/psol50.org.br\/a-ditadura-continua-nas-periferias\/","og_site_name":"PSOL 50","article_publisher":"https:\/\/www.facebook.com\/psol50","article_published_time":"2014-05-07T19:21:42+00:00","og_image":[{"width":1350,"height":900,"url":"https:\/\/psol50.org.br\/inc\/uploads\/2018\/07\/capa.png","type":"image\/png"}],"author":"Comunica\u00e7\u00e3o PSOL","twitter_card":"summary_large_image","twitter_creator":"@psol50","twitter_site":"@psol50","twitter_misc":{"Escrito por":"Comunica\u00e7\u00e3o PSOL","Est. tempo de leitura":"5 minutos"},"schema":{"@context":"https:\/\/schema.org","@graph":[{"@type":"Article","@id":"https:\/\/psol50.org.br\/a-ditadura-continua-nas-periferias\/#article","isPartOf":{"@id":"https:\/\/psol50.org.br\/a-ditadura-continua-nas-periferias\/"},"author":{"name":"Comunica\u00e7\u00e3o PSOL","@id":"https:\/\/psol50.org.br\/#\/schema\/person\/475dfa57d0b815993c714c2e96491fcd"},"headline":"&#8220;A Ditadura continua nas periferias&#8221;","datePublished":"2014-05-07T19:21:42+00:00","mainEntityOfPage":{"@id":"https:\/\/psol50.org.br\/a-ditadura-continua-nas-periferias\/"},"wordCount":1082,"commentCount":0,"publisher":{"@id":"https:\/\/psol50.org.br\/#organization"},"articleSection":["Arquivo","Not\u00edcias"],"inLanguage":"pt-BR","potentialAction":[{"@type":"CommentAction","name":"Comment","target":["https:\/\/psol50.org.br\/a-ditadura-continua-nas-periferias\/#respond"]}]},{"@type":"WebPage","@id":"https:\/\/psol50.org.br\/a-ditadura-continua-nas-periferias\/","url":"https:\/\/psol50.org.br\/a-ditadura-continua-nas-periferias\/","name":"\"A Ditadura continua nas periferias\" - PSOL 50","isPartOf":{"@id":"https:\/\/psol50.org.br\/#website"},"datePublished":"2014-05-07T19:21:42+00:00","breadcrumb":{"@id":"https:\/\/psol50.org.br\/a-ditadura-continua-nas-periferias\/#breadcrumb"},"inLanguage":"pt-BR","potentialAction":[{"@type":"ReadAction","target":["https:\/\/psol50.org.br\/a-ditadura-continua-nas-periferias\/"]}]},{"@type":"BreadcrumbList","@id":"https:\/\/psol50.org.br\/a-ditadura-continua-nas-periferias\/#breadcrumb","itemListElement":[{"@type":"ListItem","position":1,"name":"In\u00edcio","item":"https:\/\/psol50.org.br\/"},{"@type":"ListItem","position":2,"name":"&#8220;A Ditadura continua nas periferias&#8221;"}]},{"@type":"WebSite","@id":"https:\/\/psol50.org.br\/#website","url":"https:\/\/psol50.org.br\/","name":"PSOL 50","description":"Site oficial do Partido Socialismo e Liberdade","publisher":{"@id":"https:\/\/psol50.org.br\/#organization"},"alternateName":"PSOL50","potentialAction":[{"@type":"SearchAction","target":{"@type":"EntryPoint","urlTemplate":"https:\/\/psol50.org.br\/?s={search_term_string}"},"query-input":{"@type":"PropertyValueSpecification","valueRequired":true,"valueName":"search_term_string"}}],"inLanguage":"pt-BR"},{"@type":"Organization","@id":"https:\/\/psol50.org.br\/#organization","name":"PSOL 50","alternateName":"PSOL 50","url":"https:\/\/psol50.org.br\/","logo":{"@type":"ImageObject","inLanguage":"pt-BR","@id":"https:\/\/psol50.org.br\/#\/schema\/logo\/image\/","url":"https:\/\/psol50.org.br\/inc\/uploads\/2018\/07\/capa.png","contentUrl":"https:\/\/psol50.org.br\/inc\/uploads\/2018\/07\/capa.png","width":1350,"height":900,"caption":"PSOL 50"},"image":{"@id":"https:\/\/psol50.org.br\/#\/schema\/logo\/image\/"},"sameAs":["https:\/\/www.facebook.com\/psol50","https:\/\/x.com\/psol50","https:\/\/www.instagram.com\/psol50\/","https:\/\/www.youtube.com\/channel\/UC7SnJS5o1os7a6CaiNabzcg"]},{"@type":"Person","@id":"https:\/\/psol50.org.br\/#\/schema\/person\/475dfa57d0b815993c714c2e96491fcd","name":"Comunica\u00e7\u00e3o PSOL","image":{"@type":"ImageObject","inLanguage":"pt-BR","@id":"https:\/\/psol50.org.br\/#\/schema\/person\/image\/","url":"https:\/\/secure.gravatar.com\/avatar\/b34fc4f4e468a4e51785917065a3db57b841f5c95dba6ad8c73aaf8f66f8f9bf?s=96&d=mm&r=g","contentUrl":"https:\/\/secure.gravatar.com\/avatar\/b34fc4f4e468a4e51785917065a3db57b841f5c95dba6ad8c73aaf8f66f8f9bf?s=96&d=mm&r=g","caption":"Comunica\u00e7\u00e3o PSOL"}}]}},"_links":{"self":[{"href":"https:\/\/psol50.org.br\/rest\/wp\/v2\/posts\/2732","targetHints":{"allow":["GET"]}}],"collection":[{"href":"https:\/\/psol50.org.br\/rest\/wp\/v2\/posts"}],"about":[{"href":"https:\/\/psol50.org.br\/rest\/wp\/v2\/types\/post"}],"author":[{"embeddable":true,"href":"https:\/\/psol50.org.br\/rest\/wp\/v2\/users\/2"}],"replies":[{"embeddable":true,"href":"https:\/\/psol50.org.br\/rest\/wp\/v2\/comments?post=2732"}],"version-history":[{"count":0,"href":"https:\/\/psol50.org.br\/rest\/wp\/v2\/posts\/2732\/revisions"}],"wp:attachment":[{"href":"https:\/\/psol50.org.br\/rest\/wp\/v2\/media?parent=2732"}],"wp:term":[{"taxonomy":"category","embeddable":true,"href":"https:\/\/psol50.org.br\/rest\/wp\/v2\/categories?post=2732"},{"taxonomy":"post_tag","embeddable":true,"href":"https:\/\/psol50.org.br\/rest\/wp\/v2\/tags?post=2732"}],"curies":[{"name":"wp","href":"https:\/\/api.w.org\/{rel}","templated":true}]}}