{"id":2733,"date":"2014-05-08T00:00:00","date_gmt":"2014-05-08T14:49:58","guid":{"rendered":"http:\/\/psol50.org.br\/arquivo\/2014\/05\/08\/com-apoio-do-psol-camara-aprova-piso-salarial-dos-agentes-comunitarios-de-saude\/"},"modified":"2014-05-08T00:00:00","modified_gmt":"2014-05-08T14:49:58","slug":"com-apoio-do-psol-camara-aprova-piso-salarial-dos-agentes-comunitarios-de-saude","status":"publish","type":"post","link":"https:\/\/psol50.org.br\/com-apoio-do-psol-camara-aprova-piso-salarial-dos-agentes-comunitarios-de-saude\/","title":{"rendered":"Com apoio do PSOL, C\u00e2mara aprova piso salarial dos agentes comunit\u00e1rios de sa\u00fade"},"content":{"rendered":"<div style=\"margin-bottom: 0cm; text-align: justify;\">\n\t<span style=\"font-size:12px;\"><span style=\"font-family: arial,helvetica,sans-serif;\"><em>Da Lideran\u00e7a do PSOL, Mariane Andrade <\/em><\/span><\/span><br \/>\n\t&nbsp;<\/div>\n<div style=\"margin-bottom: 0cm; text-align: justify;\">\n\t<span style=\"font-size:12px;\"><span style=\"font-family: arial,helvetica,sans-serif;\"><font color=\"#000000\">Ap\u00f3s oito anos em tramita\u00e7\u00e3o, o Projeto de Lei (PL) 7.495, que estabelece o piso salarial dos agentes comunit\u00e1rios de sa\u00fade em R$ 1.014,00, foi aprovado na C\u00e2mara dos Deputados. Agora o texto segue para o Senado. A vota\u00e7\u00e3o aconteceu esta semana na C\u00e2mara, com galerias lotadas de agentes da sa\u00fade. O PSOL compartilha desta vit\u00f3ria da categoria, que com garra, persist\u00eancia e fibra pressionou pela sua aprova\u00e7\u00e3o.<\/font><\/span><\/span><\/div>\n<div style=\"margin-bottom: 0cm; text-align: justify;\">\n\t&nbsp;<\/div>\n<div style=\"margin-bottom: 0cm; text-align: justify;\">\n\t<span style=\"font-size:12px;\"><span style=\"font-family: arial,helvetica,sans-serif;\"><font color=\"#000000\">O l\u00edder do partido, deputado Ivan Valente, destacou a capacidade de mobiliza\u00e7\u00e3o dos agentes de sa\u00fade e os sacrif\u00edcios feitos pelos agentes que toda semana, em grupos, estiveram na C\u00e2mara. \u201cForam dezenas de viagens do Brasil, aqui; foram semanas e semanas, meses de adiamento e de sacrif\u00edcios de uma categoria que n\u00e3o tem recursos\u201d, destacou. \u201cN\u00f3s damos o primeiro passo a favor da sa\u00fade p\u00fablica\u201d.<\/font><\/span><\/span><\/div>\n<div style=\"margin-bottom: 0cm; text-align: justify;\">\n\t&nbsp;<\/div>\n<div style=\"margin-bottom: 0cm; text-align: justify;\">\n\t<span style=\"font-size:12px;\"><span style=\"font-family: arial,helvetica,sans-serif;\"><font color=\"#000000\">Em seu discurso, Ivan Valente ressaltou erros do governo federal e do Congresso Nacional, que ao quererem cortar gastos t\u00eam no setor da sa\u00fade um dos primeiros. Por outro lado, o mesmo Legislativo anistia multas de operadoras de planos de sa\u00fade em valores que podem chegar a R$ 3 bilh\u00f5es \u2013 o PSOL realiza uma campanha pela internet para que a presidente Dilma Roussef vete este artigo contido na Medida Provis\u00f3ria 627.<\/font><\/span><\/span><\/div>\n<div style=\"margin-bottom: 0cm; text-align: justify;\">\n\t&nbsp;<\/div>\n<div style=\"margin-bottom: 0cm; text-align: justify;\">\n\t<span style=\"font-size:12px;\"><span style=\"font-family: arial,helvetica,sans-serif;\"><font color=\"#000000\">O deputado Ivan Valente criticou ainda o fato do governo federal destinar 42% do or\u00e7amento federal para pagamento de juros e amortiza\u00e7\u00f5es da d\u00edvida p\u00fablica e defendeu as 30 horas semanais para os trabalhadores da enfermagem (PL 2.295\/2000) e a institui\u00e7\u00e3o da assist\u00eancia farmac\u00eautica integral (PL 4.385\/1994).<\/font><\/span><\/span><\/div>\n<div style=\"margin-bottom: 0cm; text-align: justify;\">\n\t&nbsp;<\/div>\n<div style=\"margin-bottom: 0cm; text-align: justify;\">\n\t<span style=\"font-size:12px;\"><span style=\"font-family: arial,helvetica,sans-serif;\"><font color=\"#000000\"><b>Or\u00e7amento impositivo<\/b><\/font><\/span><\/span><\/div>\n<div style=\"margin-bottom: 0cm; text-align: justify;\">\n\t<span style=\"font-size:12px;\"><span style=\"font-family: arial,helvetica,sans-serif;\"><font color=\"#000000\">A C\u00e2mara aprovou em primeiro turno a Proposta de Emenda \u00e0 Constitui\u00e7\u00e3o (PEC) 358\/2013, a chamada PEC do or\u00e7amento impositivo, que obriga a execu\u00e7\u00e3o das emendas individuais ao or\u00e7amento da Uni\u00e3o at\u00e9 o limite de 1,2% da receita corrente l\u00edquida realizada no ano anterior.<\/font><\/span><\/span><\/div>\n<div style=\"margin-bottom: 0cm; text-align: justify;\">\n\t&nbsp;<\/div>\n<div style=\"margin-bottom: 0cm; text-align: justify;\">\n\t<span style=\"font-size:12px;\"><span style=\"font-family: arial,helvetica,sans-serif;\"><font color=\"#000000\">Para o deputado Ivan Valente, o que foi aprovada \u00e9 a emenda impositiva. \u201cOr\u00e7amento<\/font><\/span><\/span><\/div>\n<div style=\"margin-bottom: 0cm; text-align: justify;\">\n\t<span style=\"font-size:12px;\"><span style=\"font-family: arial,helvetica,sans-serif;\"><font color=\"#000000\">impositivo \u00e9 todo o Or\u00e7amento. Emenda impositiva \u00e9 1,2% da receita l\u00edquida de impostos. E o pior: n\u00e3o \u00e9 1,2%. N\u00f3s ainda temos os restos a pagar: 0,6%, que ser\u00e1 perene. E mais ainda: se houver contingenciamento, n\u00f3s tamb\u00e9m seremos contingenciados\u201d.<\/font><\/span><\/span><\/div>\n<div style=\"margin-bottom: 0cm; text-align: justify;\">\n\t&nbsp;<\/div>\n<div style=\"margin-bottom: 0cm; text-align: justify;\">\n\t<span style=\"font-size:12px;\"><span style=\"font-family: arial,helvetica,sans-serif;\"><font color=\"#000000\">Ele destacou que o ponto positivo da PEC \u00e9 o fato do governo federal n\u00e3o ter mais a moeda de barganha com o Congresso Nacional. \u201cO governo n\u00e3o pode mais fazer chantagens com os deputados\u201d. A PEC tem que ser votada em segundo turno, para depois ser analisada no Senado.<\/font><\/span><\/span><\/div>\n<div style=\"margin-bottom: 0cm; text-align: justify;\">\n\t&nbsp;<\/div>\n<div style=\"margin-bottom: 0cm; text-align: justify;\">\n\t<span style=\"font-size:12px;\"><span style=\"font-family: arial,helvetica,sans-serif;\"><font color=\"#000000\"><b>PEC dos Cart\u00f3rios<\/b><\/font><\/span><\/span><\/div>\n<div style=\"margin-bottom: 0cm; text-align: justify;\">\n\t<span style=\"font-size:12px;\"><span style=\"font-family: arial,helvetica,sans-serif;\"><font color=\"#000000\">Antes da vota\u00e7\u00e3o da PEC do or\u00e7amento impositivo, o PSOL travou a batalha para retirar da pauta a PEC 471\/2005, que torna titulares os substitutos ou respons\u00e1veis por cart\u00f3rios de notas ou de registro, sem concurso p\u00fablico.<\/font><\/span><\/span><\/div>\n<div style=\"margin-bottom: 0cm; text-align: justify;\">\n\t&nbsp;<\/div>\n<div style=\"margin-bottom: 0cm; text-align: justify;\">\n\t<span style=\"font-size:12px;\"><span style=\"font-family: arial,helvetica,sans-serif;\"><font color=\"#000000\">O PSOL prop\u00f4s a invers\u00e3o da pauta para que fosse analisada primeiro a PEC do or\u00e7amento \u2013 que constava como segundo item. O requerimento do PSOL foi aprovado por 252 votos a 105. Depois, a PEC dos cart\u00f3rios acabou n\u00e3o sendo apreciada.<\/font><\/span><\/span><\/div>\n<div style=\"margin-bottom: 0cm; text-align: justify;\">\n\t&nbsp;<\/div>\n<div style=\"margin-bottom: 0cm; text-align: justify;\">\n\t<span style=\"font-size:12px;\"><span style=\"font-family: arial,helvetica,sans-serif;\"><font color=\"#000000\">\u201cN\u00f3s estamos falando aqui de algo muito s\u00e9rio, que est\u00e1 na Constitui\u00e7\u00e3o de 1988: o ingresso na atividade notarial e de registros depende de concurso p\u00fablico de provas e t\u00edtulos, n\u00e3o se permitindo que qualquer serventia fique vaga sem abertura de concurso e provimento ou remo\u00e7\u00e3o\u201d, afirmou Ivan Valente. \u201cEssa \u00e9 uma das atividades mais lucrativas, in\u00f3cuas e que mostram, de alguma forma, o nosso atraso absoluto, cartorial \u2014 \u00e9 assim que se chama \u2014, de fam\u00edlias, de pai para filho, que algu\u00e9m quer perpetuar, por amizade, aqui nesta Casa\u201d.<\/font><\/span><\/span><\/div>\n<div style=\"margin-bottom: 0cm; text-align: justify;\">\n\t&nbsp;<\/div>\n<div style=\"margin-bottom: 0cm; text-align: justify;\">\n\t<span style=\"font-size:12px;\"><span style=\"font-family: arial,helvetica,sans-serif;\"><font color=\"#000000\"><b>Lei das biografias<\/b><\/font><\/span><\/span><\/div>\n<div style=\"margin-bottom: 0cm; text-align: justify;\">\n\t<span style=\"font-size:12px;\"><span style=\"font-family: arial,helvetica,sans-serif;\"><font color=\"#000000\">A C\u00e2mara aprovou tamb\u00e9m o Projeto de Lei 393\/2011, que permite a publica\u00e7\u00e3o de biografias de personalidades p\u00fablicas sem necessidade de autoriza\u00e7\u00e3o do biografado ou de seus descendentes. A mat\u00e9ria altera o C\u00f3digo Civil (Lei 10.406\/2002) e ser\u00e1 votada ainda pelo Senado.<\/font><\/span><\/span><\/div>\n<div style=\"margin-bottom: 0cm; text-align: justify;\">\n\t&nbsp;<\/div>\n<div style=\"margin-bottom: 0cm; text-align: justify;\">\n\t<span style=\"font-size:12px;\"><span style=\"font-family: arial,helvetica,sans-serif;\"><font color=\"#000000\">De acordo com o deputado Chico Alencar, o projeto trata da liberdade art\u00edstica e intelectual de cria\u00e7\u00e3o. \u201cUm grande escritor, que sofreu a censura do regime de arb\u00edtrio na sua Rep\u00fablica Oriental do Uruguai, durante muitos anos em outras ditaduras da Am\u00e9rica Latina, chamado Eduardo Galeano, diz que somos o que fazem de n\u00f3s e, sobretudo, somos o que fazemos para mudar o que fizeram de n\u00f3s\u201d.<\/font><\/span><\/span><\/div>\n<div style=\"margin-bottom: 0cm; text-align: justify;\">\n\t&nbsp;<\/div>\n<div style=\"margin-bottom: 0cm; text-align: justify;\">\n\t<span style=\"font-size:12px;\"><span style=\"font-family: arial,helvetica,sans-serif;\"><font color=\"#000000\">Para o deputado, ao garantir a quem pesquisa e escreve a publica\u00e7\u00e3o de seu trabalho garante-se o direito de abordar a vida de figuras p\u00fablicas, seja do mundo da pol\u00edtica ou das artes. Ele ressaltou que o g\u00eanero liter\u00e1rio da biografia \u00e9 extremamente atraente e que obras med\u00edocres, feitas com precariedade, carregadas no sensacionalismo e em inverdades n\u00e3o prosperam.<\/font><\/span><\/span><\/div>\n<div style=\"margin-bottom: 0cm; text-align: justify;\">\n\t&nbsp;<\/div>\n<div style=\"margin-bottom: 0cm; text-align: justify;\">\n\t&nbsp;<\/div>\n<p style=\"margin-bottom: 0cm\">\n\t&nbsp;<\/p>\n","protected":false},"excerpt":{"rendered":"<p>Bancada ressalta vit\u00f3ria da garra e persist\u00eancia da categoria<\/p>\n","protected":false},"author":2,"featured_media":0,"comment_status":"open","ping_status":"open","sticky":false,"template":"","format":"standard","meta":{"_acf_changed":false,"footnotes":""},"categories":[10,4766,6],"tags":[2734,22],"class_list":{"0":"post-2733","1":"post","2":"type-post","3":"status-publish","4":"format-standard","6":"category-acao-parlamentares","7":"category-arquivo","8":"category-noticias","9":"tag-bancada-do-psol","10":"tag-psol"},"acf":[],"yoast_head":"<!-- This site is optimized with the Yoast SEO plugin v26.5 - https:\/\/yoast.com\/wordpress\/plugins\/seo\/ -->\n<title>Com apoio do PSOL, C\u00e2mara aprova piso salarial dos agentes comunit\u00e1rios de sa\u00fade - PSOL 50<\/title>\n<meta name=\"robots\" content=\"index, follow, max-snippet:-1, max-image-preview:large, max-video-preview:-1\" \/>\n<link rel=\"canonical\" href=\"https:\/\/psol50.org.br\/com-apoio-do-psol-camara-aprova-piso-salarial-dos-agentes-comunitarios-de-saude\/\" \/>\n<meta property=\"og:locale\" content=\"pt_BR\" \/>\n<meta property=\"og:type\" content=\"article\" \/>\n<meta property=\"og:title\" content=\"Com apoio do PSOL, C\u00e2mara aprova piso salarial dos agentes comunit\u00e1rios de sa\u00fade - PSOL 50\" \/>\n<meta property=\"og:description\" content=\"Bancada ressalta vit\u00f3ria da garra e persist\u00eancia da categoria\" \/>\n<meta property=\"og:url\" content=\"https:\/\/psol50.org.br\/com-apoio-do-psol-camara-aprova-piso-salarial-dos-agentes-comunitarios-de-saude\/\" \/>\n<meta property=\"og:site_name\" content=\"PSOL 50\" \/>\n<meta property=\"article:publisher\" content=\"https:\/\/www.facebook.com\/psol50\" \/>\n<meta property=\"article:published_time\" content=\"2014-05-08T14:49:58+00:00\" \/>\n<meta property=\"og:image\" content=\"https:\/\/psol50.org.br\/inc\/uploads\/2018\/07\/capa.png\" \/>\n\t<meta property=\"og:image:width\" content=\"1350\" \/>\n\t<meta property=\"og:image:height\" content=\"900\" \/>\n\t<meta property=\"og:image:type\" content=\"image\/png\" \/>\n<meta name=\"author\" content=\"Comunica\u00e7\u00e3o PSOL\" \/>\n<meta name=\"twitter:card\" content=\"summary_large_image\" \/>\n<meta name=\"twitter:creator\" content=\"@psol50\" \/>\n<meta name=\"twitter:site\" content=\"@psol50\" \/>\n<meta name=\"twitter:label1\" content=\"Escrito por\" \/>\n\t<meta name=\"twitter:data1\" content=\"Comunica\u00e7\u00e3o PSOL\" \/>\n\t<meta name=\"twitter:label2\" content=\"Est. tempo de leitura\" \/>\n\t<meta name=\"twitter:data2\" content=\"4 minutos\" \/>\n<script type=\"application\/ld+json\" class=\"yoast-schema-graph\">{\"@context\":\"https:\/\/schema.org\",\"@graph\":[{\"@type\":\"Article\",\"@id\":\"https:\/\/psol50.org.br\/com-apoio-do-psol-camara-aprova-piso-salarial-dos-agentes-comunitarios-de-saude\/#article\",\"isPartOf\":{\"@id\":\"https:\/\/psol50.org.br\/com-apoio-do-psol-camara-aprova-piso-salarial-dos-agentes-comunitarios-de-saude\/\"},\"author\":{\"name\":\"Comunica\u00e7\u00e3o PSOL\",\"@id\":\"https:\/\/psol50.org.br\/#\/schema\/person\/475dfa57d0b815993c714c2e96491fcd\"},\"headline\":\"Com apoio do PSOL, C\u00e2mara aprova piso salarial dos agentes comunit\u00e1rios de sa\u00fade\",\"datePublished\":\"2014-05-08T14:49:58+00:00\",\"mainEntityOfPage\":{\"@id\":\"https:\/\/psol50.org.br\/com-apoio-do-psol-camara-aprova-piso-salarial-dos-agentes-comunitarios-de-saude\/\"},\"wordCount\":845,\"commentCount\":0,\"publisher\":{\"@id\":\"https:\/\/psol50.org.br\/#organization\"},\"keywords\":[\"Bancada do PSOL\",\"PSOL\"],\"articleSection\":[\"A\u00e7\u00e3o Parlamentar\",\"Arquivo\",\"Not\u00edcias\"],\"inLanguage\":\"pt-BR\",\"potentialAction\":[{\"@type\":\"CommentAction\",\"name\":\"Comment\",\"target\":[\"https:\/\/psol50.org.br\/com-apoio-do-psol-camara-aprova-piso-salarial-dos-agentes-comunitarios-de-saude\/#respond\"]}]},{\"@type\":\"WebPage\",\"@id\":\"https:\/\/psol50.org.br\/com-apoio-do-psol-camara-aprova-piso-salarial-dos-agentes-comunitarios-de-saude\/\",\"url\":\"https:\/\/psol50.org.br\/com-apoio-do-psol-camara-aprova-piso-salarial-dos-agentes-comunitarios-de-saude\/\",\"name\":\"Com apoio do PSOL, C\u00e2mara aprova piso salarial dos agentes comunit\u00e1rios de sa\u00fade - PSOL 50\",\"isPartOf\":{\"@id\":\"https:\/\/psol50.org.br\/#website\"},\"datePublished\":\"2014-05-08T14:49:58+00:00\",\"breadcrumb\":{\"@id\":\"https:\/\/psol50.org.br\/com-apoio-do-psol-camara-aprova-piso-salarial-dos-agentes-comunitarios-de-saude\/#breadcrumb\"},\"inLanguage\":\"pt-BR\",\"potentialAction\":[{\"@type\":\"ReadAction\",\"target\":[\"https:\/\/psol50.org.br\/com-apoio-do-psol-camara-aprova-piso-salarial-dos-agentes-comunitarios-de-saude\/\"]}]},{\"@type\":\"BreadcrumbList\",\"@id\":\"https:\/\/psol50.org.br\/com-apoio-do-psol-camara-aprova-piso-salarial-dos-agentes-comunitarios-de-saude\/#breadcrumb\",\"itemListElement\":[{\"@type\":\"ListItem\",\"position\":1,\"name\":\"In\u00edcio\",\"item\":\"https:\/\/psol50.org.br\/\"},{\"@type\":\"ListItem\",\"position\":2,\"name\":\"Com apoio do PSOL, C\u00e2mara aprova piso salarial dos agentes comunit\u00e1rios de sa\u00fade\"}]},{\"@type\":\"WebSite\",\"@id\":\"https:\/\/psol50.org.br\/#website\",\"url\":\"https:\/\/psol50.org.br\/\",\"name\":\"PSOL 50\",\"description\":\"Site oficial do Partido Socialismo e Liberdade\",\"publisher\":{\"@id\":\"https:\/\/psol50.org.br\/#organization\"},\"alternateName\":\"PSOL50\",\"potentialAction\":[{\"@type\":\"SearchAction\",\"target\":{\"@type\":\"EntryPoint\",\"urlTemplate\":\"https:\/\/psol50.org.br\/?s={search_term_string}\"},\"query-input\":{\"@type\":\"PropertyValueSpecification\",\"valueRequired\":true,\"valueName\":\"search_term_string\"}}],\"inLanguage\":\"pt-BR\"},{\"@type\":\"Organization\",\"@id\":\"https:\/\/psol50.org.br\/#organization\",\"name\":\"PSOL 50\",\"alternateName\":\"PSOL 50\",\"url\":\"https:\/\/psol50.org.br\/\",\"logo\":{\"@type\":\"ImageObject\",\"inLanguage\":\"pt-BR\",\"@id\":\"https:\/\/psol50.org.br\/#\/schema\/logo\/image\/\",\"url\":\"https:\/\/psol50.org.br\/inc\/uploads\/2018\/07\/capa.png\",\"contentUrl\":\"https:\/\/psol50.org.br\/inc\/uploads\/2018\/07\/capa.png\",\"width\":1350,\"height\":900,\"caption\":\"PSOL 50\"},\"image\":{\"@id\":\"https:\/\/psol50.org.br\/#\/schema\/logo\/image\/\"},\"sameAs\":[\"https:\/\/www.facebook.com\/psol50\",\"https:\/\/x.com\/psol50\",\"https:\/\/www.instagram.com\/psol50\/\",\"https:\/\/www.youtube.com\/channel\/UC7SnJS5o1os7a6CaiNabzcg\"]},{\"@type\":\"Person\",\"@id\":\"https:\/\/psol50.org.br\/#\/schema\/person\/475dfa57d0b815993c714c2e96491fcd\",\"name\":\"Comunica\u00e7\u00e3o PSOL\",\"image\":{\"@type\":\"ImageObject\",\"inLanguage\":\"pt-BR\",\"@id\":\"https:\/\/psol50.org.br\/#\/schema\/person\/image\/\",\"url\":\"https:\/\/secure.gravatar.com\/avatar\/b34fc4f4e468a4e51785917065a3db57b841f5c95dba6ad8c73aaf8f66f8f9bf?s=96&d=mm&r=g\",\"contentUrl\":\"https:\/\/secure.gravatar.com\/avatar\/b34fc4f4e468a4e51785917065a3db57b841f5c95dba6ad8c73aaf8f66f8f9bf?s=96&d=mm&r=g\",\"caption\":\"Comunica\u00e7\u00e3o PSOL\"}}]}<\/script>\n<!-- \/ Yoast SEO plugin. -->","yoast_head_json":{"title":"Com apoio do PSOL, C\u00e2mara aprova piso salarial dos agentes comunit\u00e1rios de sa\u00fade - PSOL 50","robots":{"index":"index","follow":"follow","max-snippet":"max-snippet:-1","max-image-preview":"max-image-preview:large","max-video-preview":"max-video-preview:-1"},"canonical":"https:\/\/psol50.org.br\/com-apoio-do-psol-camara-aprova-piso-salarial-dos-agentes-comunitarios-de-saude\/","og_locale":"pt_BR","og_type":"article","og_title":"Com apoio do PSOL, C\u00e2mara aprova piso salarial dos agentes comunit\u00e1rios de sa\u00fade - PSOL 50","og_description":"Bancada ressalta vit\u00f3ria da garra e persist\u00eancia da categoria","og_url":"https:\/\/psol50.org.br\/com-apoio-do-psol-camara-aprova-piso-salarial-dos-agentes-comunitarios-de-saude\/","og_site_name":"PSOL 50","article_publisher":"https:\/\/www.facebook.com\/psol50","article_published_time":"2014-05-08T14:49:58+00:00","og_image":[{"width":1350,"height":900,"url":"https:\/\/psol50.org.br\/inc\/uploads\/2018\/07\/capa.png","type":"image\/png"}],"author":"Comunica\u00e7\u00e3o PSOL","twitter_card":"summary_large_image","twitter_creator":"@psol50","twitter_site":"@psol50","twitter_misc":{"Escrito por":"Comunica\u00e7\u00e3o PSOL","Est. tempo de leitura":"4 minutos"},"schema":{"@context":"https:\/\/schema.org","@graph":[{"@type":"Article","@id":"https:\/\/psol50.org.br\/com-apoio-do-psol-camara-aprova-piso-salarial-dos-agentes-comunitarios-de-saude\/#article","isPartOf":{"@id":"https:\/\/psol50.org.br\/com-apoio-do-psol-camara-aprova-piso-salarial-dos-agentes-comunitarios-de-saude\/"},"author":{"name":"Comunica\u00e7\u00e3o PSOL","@id":"https:\/\/psol50.org.br\/#\/schema\/person\/475dfa57d0b815993c714c2e96491fcd"},"headline":"Com apoio do PSOL, C\u00e2mara aprova piso salarial dos agentes comunit\u00e1rios de sa\u00fade","datePublished":"2014-05-08T14:49:58+00:00","mainEntityOfPage":{"@id":"https:\/\/psol50.org.br\/com-apoio-do-psol-camara-aprova-piso-salarial-dos-agentes-comunitarios-de-saude\/"},"wordCount":845,"commentCount":0,"publisher":{"@id":"https:\/\/psol50.org.br\/#organization"},"keywords":["Bancada do PSOL","PSOL"],"articleSection":["A\u00e7\u00e3o Parlamentar","Arquivo","Not\u00edcias"],"inLanguage":"pt-BR","potentialAction":[{"@type":"CommentAction","name":"Comment","target":["https:\/\/psol50.org.br\/com-apoio-do-psol-camara-aprova-piso-salarial-dos-agentes-comunitarios-de-saude\/#respond"]}]},{"@type":"WebPage","@id":"https:\/\/psol50.org.br\/com-apoio-do-psol-camara-aprova-piso-salarial-dos-agentes-comunitarios-de-saude\/","url":"https:\/\/psol50.org.br\/com-apoio-do-psol-camara-aprova-piso-salarial-dos-agentes-comunitarios-de-saude\/","name":"Com apoio do PSOL, C\u00e2mara aprova piso salarial dos agentes comunit\u00e1rios de sa\u00fade - PSOL 50","isPartOf":{"@id":"https:\/\/psol50.org.br\/#website"},"datePublished":"2014-05-08T14:49:58+00:00","breadcrumb":{"@id":"https:\/\/psol50.org.br\/com-apoio-do-psol-camara-aprova-piso-salarial-dos-agentes-comunitarios-de-saude\/#breadcrumb"},"inLanguage":"pt-BR","potentialAction":[{"@type":"ReadAction","target":["https:\/\/psol50.org.br\/com-apoio-do-psol-camara-aprova-piso-salarial-dos-agentes-comunitarios-de-saude\/"]}]},{"@type":"BreadcrumbList","@id":"https:\/\/psol50.org.br\/com-apoio-do-psol-camara-aprova-piso-salarial-dos-agentes-comunitarios-de-saude\/#breadcrumb","itemListElement":[{"@type":"ListItem","position":1,"name":"In\u00edcio","item":"https:\/\/psol50.org.br\/"},{"@type":"ListItem","position":2,"name":"Com apoio do PSOL, C\u00e2mara aprova piso salarial dos agentes comunit\u00e1rios de sa\u00fade"}]},{"@type":"WebSite","@id":"https:\/\/psol50.org.br\/#website","url":"https:\/\/psol50.org.br\/","name":"PSOL 50","description":"Site oficial do Partido Socialismo e Liberdade","publisher":{"@id":"https:\/\/psol50.org.br\/#organization"},"alternateName":"PSOL50","potentialAction":[{"@type":"SearchAction","target":{"@type":"EntryPoint","urlTemplate":"https:\/\/psol50.org.br\/?s={search_term_string}"},"query-input":{"@type":"PropertyValueSpecification","valueRequired":true,"valueName":"search_term_string"}}],"inLanguage":"pt-BR"},{"@type":"Organization","@id":"https:\/\/psol50.org.br\/#organization","name":"PSOL 50","alternateName":"PSOL 50","url":"https:\/\/psol50.org.br\/","logo":{"@type":"ImageObject","inLanguage":"pt-BR","@id":"https:\/\/psol50.org.br\/#\/schema\/logo\/image\/","url":"https:\/\/psol50.org.br\/inc\/uploads\/2018\/07\/capa.png","contentUrl":"https:\/\/psol50.org.br\/inc\/uploads\/2018\/07\/capa.png","width":1350,"height":900,"caption":"PSOL 50"},"image":{"@id":"https:\/\/psol50.org.br\/#\/schema\/logo\/image\/"},"sameAs":["https:\/\/www.facebook.com\/psol50","https:\/\/x.com\/psol50","https:\/\/www.instagram.com\/psol50\/","https:\/\/www.youtube.com\/channel\/UC7SnJS5o1os7a6CaiNabzcg"]},{"@type":"Person","@id":"https:\/\/psol50.org.br\/#\/schema\/person\/475dfa57d0b815993c714c2e96491fcd","name":"Comunica\u00e7\u00e3o PSOL","image":{"@type":"ImageObject","inLanguage":"pt-BR","@id":"https:\/\/psol50.org.br\/#\/schema\/person\/image\/","url":"https:\/\/secure.gravatar.com\/avatar\/b34fc4f4e468a4e51785917065a3db57b841f5c95dba6ad8c73aaf8f66f8f9bf?s=96&d=mm&r=g","contentUrl":"https:\/\/secure.gravatar.com\/avatar\/b34fc4f4e468a4e51785917065a3db57b841f5c95dba6ad8c73aaf8f66f8f9bf?s=96&d=mm&r=g","caption":"Comunica\u00e7\u00e3o PSOL"}}]}},"_links":{"self":[{"href":"https:\/\/psol50.org.br\/rest\/wp\/v2\/posts\/2733","targetHints":{"allow":["GET"]}}],"collection":[{"href":"https:\/\/psol50.org.br\/rest\/wp\/v2\/posts"}],"about":[{"href":"https:\/\/psol50.org.br\/rest\/wp\/v2\/types\/post"}],"author":[{"embeddable":true,"href":"https:\/\/psol50.org.br\/rest\/wp\/v2\/users\/2"}],"replies":[{"embeddable":true,"href":"https:\/\/psol50.org.br\/rest\/wp\/v2\/comments?post=2733"}],"version-history":[{"count":0,"href":"https:\/\/psol50.org.br\/rest\/wp\/v2\/posts\/2733\/revisions"}],"wp:attachment":[{"href":"https:\/\/psol50.org.br\/rest\/wp\/v2\/media?parent=2733"}],"wp:term":[{"taxonomy":"category","embeddable":true,"href":"https:\/\/psol50.org.br\/rest\/wp\/v2\/categories?post=2733"},{"taxonomy":"post_tag","embeddable":true,"href":"https:\/\/psol50.org.br\/rest\/wp\/v2\/tags?post=2733"}],"curies":[{"name":"wp","href":"https:\/\/api.w.org\/{rel}","templated":true}]}}