{"id":27331,"date":"2020-01-23T14:35:59","date_gmt":"2020-01-23T17:35:59","guid":{"rendered":"http:\/\/psol50.org.br\/?p=27331"},"modified":"2020-01-23T14:35:59","modified_gmt":"2020-01-23T17:35:59","slug":"bancada-ativista-denuncia-acao-da-pm-em-protestos-de-sp-e-decreto-de-doria-para-oea","status":"publish","type":"post","link":"https:\/\/psol50.org.br\/bancada-ativista-denuncia-acao-da-pm-em-protestos-de-sp-e-decreto-de-doria-para-oea\/","title":{"rendered":"Bancada Ativista denuncia a\u00e7\u00e3o da PM em protestos de SP e decreto de Doria para OEA"},"content":{"rendered":"<p>Uma den\u00fancia internacional foi protocolada nesta quinta-feira (22) pela Bancada Ativista, mandato coletivo do PSOL na Assembleia Legislativa de S\u00e3o Paulo (Alesp), na Organiza\u00e7\u00e3o dos Estados Americanos (OEA) contra os protocolos de a\u00e7\u00e3o da Pol\u00edcia Militar (PM) e contra o decreto do governador de S\u00e3o Paulo, Jo\u00e3o Doria (PSDB), que regulamenta a conduta da pol\u00edcia e de manifestantes durante protestos.<\/p>\n<p>A den\u00fancia \u00e9 assinada pela codeputada Raquel Marques, integrante da Bancada Ativista. O objetivo \u00e9 de que a atua\u00e7\u00e3o da PM se adeque aos padr\u00f5es internacionais e de que a Comiss\u00e3o Interamericana de Direitos Humanos cobre explica\u00e7\u00f5es do Governo do Estado.<\/p>\n<p>Durante as manifesta\u00e7\u00f5es contra o aumento das tarifas do transporte p\u00fablico na cidade de S\u00e3o Paulo, tem sido recorrente o abuso de for\u00e7a policial contra manifestantes.<\/p>\n<p>Segundo a den\u00fancia, o decreto n. 64.074, de 18 de janeiro de 2019, assinado por Doria, tem sido interpretado de forma errada pela pol\u00edcia para restringir a liberdade de manifesta\u00e7\u00f5es pac\u00edficas.<\/p>\n<p>Enquanto a norma estabelece a obrigatoriedade de comunica\u00e7\u00e3o pr\u00e9via \u00e0 pol\u00edcia quando a manifesta\u00e7\u00e3o prever participa\u00e7\u00e3o de mais de 300 pessoas,\u00a0 &#8220;a pol\u00edcia entende que pode dispersar protestos com mais de 300 pessoas&#8221;, afirma a codeputada.<\/p>\n<p>Outro ponto pol\u00eamico \u00e9 a tipifica\u00e7\u00e3o do uso de m\u00e1scaras e len\u00e7os como \u201canonimato\u201d e &#8220;delito de desobedi\u00eancia&#8221;, al\u00e9m de estabelecer que o uso de hastes de bandeiras s\u00e3o &#8220;armas brancas&#8221;. A Comiss\u00e3o Interamericana de Direitos Humanos prev\u00ea que n\u00e3o se pode prender um manifestante por express\u00e3o cr\u00edtica ou den\u00fancia verbal.<\/p>\n","protected":false},"excerpt":{"rendered":"<p>Uma den\u00fancia internacional foi protocolada nesta quinta-feira (22) pela Bancada Ativista, mandato coletivo do PSOL na Assembleia Legislativa de S\u00e3o Paulo (Alesp), na Organiza\u00e7\u00e3o dos Estados Americanos (OEA) contra os protocolos de a\u00e7\u00e3o da Pol\u00edcia Militar (PM) e contra o decreto do governador de S\u00e3o Paulo, Jo\u00e3o Doria (PSDB), que regulamenta a conduta da pol\u00edcia [&hellip;]<\/p>\n","protected":false},"author":2,"featured_media":27332,"comment_status":"closed","ping_status":"open","sticky":false,"template":"","format":"standard","meta":{"_acf_changed":false,"footnotes":""},"categories":[6],"tags":[112,113,114,115,116,117],"class_list":{"0":"post-27331","1":"post","2":"type-post","3":"status-publish","4":"format-standard","5":"has-post-thumbnail","7":"category-noticias","8":"tag-bancada-ativista","9":"tag-doria","10":"tag-pm","11":"tag-policia-militar","12":"tag-protestos","13":"tag-sao-paulo"},"acf":[],"yoast_head":"<!-- This site is optimized with the Yoast SEO plugin v26.5 - https:\/\/yoast.com\/wordpress\/plugins\/seo\/ -->\n<title>Bancada Ativista denuncia a\u00e7\u00e3o da PM em protestos de SP e decreto de Doria para OEA - PSOL 50<\/title>\n<meta name=\"description\" content=\"O objetivo \u00e9 de que a PM se adeque aos padr\u00f5es internacionais e que a Comiss\u00e3o Interamericana de Direitos Humanos cobre explica\u00e7\u00f5es do governo.\" \/>\n<meta name=\"robots\" content=\"index, follow, max-snippet:-1, max-image-preview:large, max-video-preview:-1\" \/>\n<link rel=\"canonical\" href=\"https:\/\/psol50.org.br\/bancada-ativista-denuncia-acao-da-pm-em-protestos-de-sp-e-decreto-de-doria-para-oea\/\" \/>\n<meta property=\"og:locale\" content=\"pt_BR\" \/>\n<meta property=\"og:type\" content=\"article\" \/>\n<meta property=\"og:title\" content=\"Bancada Ativista denuncia a\u00e7\u00e3o da PM em protestos de SP e decreto de Doria para OEA\" \/>\n<meta property=\"og:description\" content=\"O objetivo \u00e9 de que a PM se adeque aos padr\u00f5es internacionais e que a Comiss\u00e3o Interamericana de Direitos Humanos cobre explica\u00e7\u00f5es do governo.\" \/>\n<meta property=\"og:url\" content=\"https:\/\/psol50.org.br\/bancada-ativista-denuncia-acao-da-pm-em-protestos-de-sp-e-decreto-de-doria-para-oea\/\" \/>\n<meta property=\"og:site_name\" content=\"PSOL 50\" \/>\n<meta property=\"article:publisher\" content=\"https:\/\/www.facebook.com\/psol50\" \/>\n<meta property=\"article:published_time\" content=\"2020-01-23T17:35:59+00:00\" \/>\n<meta property=\"og:image\" content=\"https:\/\/psol50.org.br\/inc\/uploads\/2020\/01\/JYEDKUYZ7ZGA3OR4GLPAM7VM6Q.jpg\" \/>\n\t<meta property=\"og:image:width\" content=\"1500\" \/>\n\t<meta property=\"og:image:height\" content=\"1002\" \/>\n\t<meta property=\"og:image:type\" content=\"image\/jpeg\" \/>\n<meta name=\"author\" content=\"Comunica\u00e7\u00e3o PSOL\" \/>\n<meta name=\"twitter:card\" content=\"summary_large_image\" \/>\n<meta name=\"twitter:title\" content=\"Bancada Ativista denuncia a\u00e7\u00e3o da PM em protestos de SP e decreto de Doria para OEA\" \/>\n<meta name=\"twitter:description\" content=\"O objetivo \u00e9 de que a PM se adeque aos padr\u00f5es internacionais e que a Comiss\u00e3o Interamericana de Direitos Humanos cobre explica\u00e7\u00f5es do governo.\" \/>\n<meta name=\"twitter:image\" content=\"https:\/\/psol50.org.br\/inc\/uploads\/2020\/01\/JYEDKUYZ7ZGA3OR4GLPAM7VM6Q.jpg\" \/>\n<meta name=\"twitter:creator\" content=\"@psol50\" \/>\n<meta name=\"twitter:site\" content=\"@psol50\" \/>\n<meta name=\"twitter:label1\" content=\"Escrito por\" \/>\n\t<meta name=\"twitter:data1\" content=\"Comunica\u00e7\u00e3o PSOL\" \/>\n\t<meta name=\"twitter:label2\" content=\"Est. tempo de leitura\" \/>\n\t<meta name=\"twitter:data2\" content=\"1 minuto\" \/>\n<script type=\"application\/ld+json\" class=\"yoast-schema-graph\">{\"@context\":\"https:\/\/schema.org\",\"@graph\":[{\"@type\":\"Article\",\"@id\":\"https:\/\/psol50.org.br\/bancada-ativista-denuncia-acao-da-pm-em-protestos-de-sp-e-decreto-de-doria-para-oea\/#article\",\"isPartOf\":{\"@id\":\"https:\/\/psol50.org.br\/bancada-ativista-denuncia-acao-da-pm-em-protestos-de-sp-e-decreto-de-doria-para-oea\/\"},\"author\":{\"name\":\"Comunica\u00e7\u00e3o PSOL\",\"@id\":\"https:\/\/psol50.org.br\/#\/schema\/person\/475dfa57d0b815993c714c2e96491fcd\"},\"headline\":\"Bancada Ativista denuncia a\u00e7\u00e3o da PM em protestos de SP e decreto de Doria para OEA\",\"datePublished\":\"2020-01-23T17:35:59+00:00\",\"mainEntityOfPage\":{\"@id\":\"https:\/\/psol50.org.br\/bancada-ativista-denuncia-acao-da-pm-em-protestos-de-sp-e-decreto-de-doria-para-oea\/\"},\"wordCount\":291,\"publisher\":{\"@id\":\"https:\/\/psol50.org.br\/#organization\"},\"image\":{\"@id\":\"https:\/\/psol50.org.br\/bancada-ativista-denuncia-acao-da-pm-em-protestos-de-sp-e-decreto-de-doria-para-oea\/#primaryimage\"},\"thumbnailUrl\":\"https:\/\/psol50.org.br\/inc\/uploads\/2020\/01\/JYEDKUYZ7ZGA3OR4GLPAM7VM6Q.jpg\",\"keywords\":[\"bancada ativista\",\"doria\",\"PM\",\"Pol\u00edcia Militar\",\"protestos\",\"S\u00e3o Paulo\"],\"articleSection\":[\"Not\u00edcias\"],\"inLanguage\":\"pt-BR\"},{\"@type\":\"WebPage\",\"@id\":\"https:\/\/psol50.org.br\/bancada-ativista-denuncia-acao-da-pm-em-protestos-de-sp-e-decreto-de-doria-para-oea\/\",\"url\":\"https:\/\/psol50.org.br\/bancada-ativista-denuncia-acao-da-pm-em-protestos-de-sp-e-decreto-de-doria-para-oea\/\",\"name\":\"Bancada Ativista denuncia a\u00e7\u00e3o da PM em protestos de SP e decreto de Doria para OEA - PSOL 50\",\"isPartOf\":{\"@id\":\"https:\/\/psol50.org.br\/#website\"},\"primaryImageOfPage\":{\"@id\":\"https:\/\/psol50.org.br\/bancada-ativista-denuncia-acao-da-pm-em-protestos-de-sp-e-decreto-de-doria-para-oea\/#primaryimage\"},\"image\":{\"@id\":\"https:\/\/psol50.org.br\/bancada-ativista-denuncia-acao-da-pm-em-protestos-de-sp-e-decreto-de-doria-para-oea\/#primaryimage\"},\"thumbnailUrl\":\"https:\/\/psol50.org.br\/inc\/uploads\/2020\/01\/JYEDKUYZ7ZGA3OR4GLPAM7VM6Q.jpg\",\"datePublished\":\"2020-01-23T17:35:59+00:00\",\"description\":\"O objetivo \u00e9 de que a PM se adeque aos padr\u00f5es internacionais e que a Comiss\u00e3o Interamericana de Direitos Humanos cobre explica\u00e7\u00f5es do governo.\",\"breadcrumb\":{\"@id\":\"https:\/\/psol50.org.br\/bancada-ativista-denuncia-acao-da-pm-em-protestos-de-sp-e-decreto-de-doria-para-oea\/#breadcrumb\"},\"inLanguage\":\"pt-BR\",\"potentialAction\":[{\"@type\":\"ReadAction\",\"target\":[\"https:\/\/psol50.org.br\/bancada-ativista-denuncia-acao-da-pm-em-protestos-de-sp-e-decreto-de-doria-para-oea\/\"]}]},{\"@type\":\"ImageObject\",\"inLanguage\":\"pt-BR\",\"@id\":\"https:\/\/psol50.org.br\/bancada-ativista-denuncia-acao-da-pm-em-protestos-de-sp-e-decreto-de-doria-para-oea\/#primaryimage\",\"url\":\"https:\/\/psol50.org.br\/inc\/uploads\/2020\/01\/JYEDKUYZ7ZGA3OR4GLPAM7VM6Q.jpg\",\"contentUrl\":\"https:\/\/psol50.org.br\/inc\/uploads\/2020\/01\/JYEDKUYZ7ZGA3OR4GLPAM7VM6Q.jpg\",\"width\":1500,\"height\":1002,\"caption\":\"Daniel Arroyo\/PONTE Jornalismo\"},{\"@type\":\"BreadcrumbList\",\"@id\":\"https:\/\/psol50.org.br\/bancada-ativista-denuncia-acao-da-pm-em-protestos-de-sp-e-decreto-de-doria-para-oea\/#breadcrumb\",\"itemListElement\":[{\"@type\":\"ListItem\",\"position\":1,\"name\":\"In\u00edcio\",\"item\":\"https:\/\/psol50.org.br\/\"},{\"@type\":\"ListItem\",\"position\":2,\"name\":\"Bancada Ativista denuncia a\u00e7\u00e3o da PM em protestos de SP e decreto de Doria para OEA\"}]},{\"@type\":\"WebSite\",\"@id\":\"https:\/\/psol50.org.br\/#website\",\"url\":\"https:\/\/psol50.org.br\/\",\"name\":\"PSOL 50\",\"description\":\"Site oficial do Partido Socialismo e Liberdade\",\"publisher\":{\"@id\":\"https:\/\/psol50.org.br\/#organization\"},\"alternateName\":\"PSOL50\",\"potentialAction\":[{\"@type\":\"SearchAction\",\"target\":{\"@type\":\"EntryPoint\",\"urlTemplate\":\"https:\/\/psol50.org.br\/?s={search_term_string}\"},\"query-input\":{\"@type\":\"PropertyValueSpecification\",\"valueRequired\":true,\"valueName\":\"search_term_string\"}}],\"inLanguage\":\"pt-BR\"},{\"@type\":\"Organization\",\"@id\":\"https:\/\/psol50.org.br\/#organization\",\"name\":\"PSOL 50\",\"alternateName\":\"PSOL 50\",\"url\":\"https:\/\/psol50.org.br\/\",\"logo\":{\"@type\":\"ImageObject\",\"inLanguage\":\"pt-BR\",\"@id\":\"https:\/\/psol50.org.br\/#\/schema\/logo\/image\/\",\"url\":\"https:\/\/psol50.org.br\/inc\/uploads\/2018\/07\/capa.png\",\"contentUrl\":\"https:\/\/psol50.org.br\/inc\/uploads\/2018\/07\/capa.png\",\"width\":1350,\"height\":900,\"caption\":\"PSOL 50\"},\"image\":{\"@id\":\"https:\/\/psol50.org.br\/#\/schema\/logo\/image\/\"},\"sameAs\":[\"https:\/\/www.facebook.com\/psol50\",\"https:\/\/x.com\/psol50\",\"https:\/\/www.instagram.com\/psol50\/\",\"https:\/\/www.youtube.com\/channel\/UC7SnJS5o1os7a6CaiNabzcg\"]},{\"@type\":\"Person\",\"@id\":\"https:\/\/psol50.org.br\/#\/schema\/person\/475dfa57d0b815993c714c2e96491fcd\",\"name\":\"Comunica\u00e7\u00e3o PSOL\",\"image\":{\"@type\":\"ImageObject\",\"inLanguage\":\"pt-BR\",\"@id\":\"https:\/\/psol50.org.br\/#\/schema\/person\/image\/\",\"url\":\"https:\/\/secure.gravatar.com\/avatar\/b34fc4f4e468a4e51785917065a3db57b841f5c95dba6ad8c73aaf8f66f8f9bf?s=96&d=mm&r=g\",\"contentUrl\":\"https:\/\/secure.gravatar.com\/avatar\/b34fc4f4e468a4e51785917065a3db57b841f5c95dba6ad8c73aaf8f66f8f9bf?s=96&d=mm&r=g\",\"caption\":\"Comunica\u00e7\u00e3o PSOL\"}}]}<\/script>\n<!-- \/ Yoast SEO plugin. -->","yoast_head_json":{"title":"Bancada Ativista denuncia a\u00e7\u00e3o da PM em protestos de SP e decreto de Doria para OEA - PSOL 50","description":"O objetivo \u00e9 de que a PM se adeque aos padr\u00f5es internacionais e que a Comiss\u00e3o Interamericana de Direitos Humanos cobre explica\u00e7\u00f5es do governo.","robots":{"index":"index","follow":"follow","max-snippet":"max-snippet:-1","max-image-preview":"max-image-preview:large","max-video-preview":"max-video-preview:-1"},"canonical":"https:\/\/psol50.org.br\/bancada-ativista-denuncia-acao-da-pm-em-protestos-de-sp-e-decreto-de-doria-para-oea\/","og_locale":"pt_BR","og_type":"article","og_title":"Bancada Ativista denuncia a\u00e7\u00e3o da PM em protestos de SP e decreto de Doria para OEA","og_description":"O objetivo \u00e9 de que a PM se adeque aos padr\u00f5es internacionais e que a Comiss\u00e3o Interamericana de Direitos Humanos cobre explica\u00e7\u00f5es do governo.","og_url":"https:\/\/psol50.org.br\/bancada-ativista-denuncia-acao-da-pm-em-protestos-de-sp-e-decreto-de-doria-para-oea\/","og_site_name":"PSOL 50","article_publisher":"https:\/\/www.facebook.com\/psol50","article_published_time":"2020-01-23T17:35:59+00:00","og_image":[{"width":1500,"height":1002,"url":"https:\/\/psol50.org.br\/inc\/uploads\/2020\/01\/JYEDKUYZ7ZGA3OR4GLPAM7VM6Q.jpg","type":"image\/jpeg"}],"author":"Comunica\u00e7\u00e3o PSOL","twitter_card":"summary_large_image","twitter_title":"Bancada Ativista denuncia a\u00e7\u00e3o da PM em protestos de SP e decreto de Doria para OEA","twitter_description":"O objetivo \u00e9 de que a PM se adeque aos padr\u00f5es internacionais e que a Comiss\u00e3o Interamericana de Direitos Humanos cobre explica\u00e7\u00f5es do governo.","twitter_image":"https:\/\/psol50.org.br\/inc\/uploads\/2020\/01\/JYEDKUYZ7ZGA3OR4GLPAM7VM6Q.jpg","twitter_creator":"@psol50","twitter_site":"@psol50","twitter_misc":{"Escrito por":"Comunica\u00e7\u00e3o PSOL","Est. tempo de leitura":"1 minuto"},"schema":{"@context":"https:\/\/schema.org","@graph":[{"@type":"Article","@id":"https:\/\/psol50.org.br\/bancada-ativista-denuncia-acao-da-pm-em-protestos-de-sp-e-decreto-de-doria-para-oea\/#article","isPartOf":{"@id":"https:\/\/psol50.org.br\/bancada-ativista-denuncia-acao-da-pm-em-protestos-de-sp-e-decreto-de-doria-para-oea\/"},"author":{"name":"Comunica\u00e7\u00e3o PSOL","@id":"https:\/\/psol50.org.br\/#\/schema\/person\/475dfa57d0b815993c714c2e96491fcd"},"headline":"Bancada Ativista denuncia a\u00e7\u00e3o da PM em protestos de SP e decreto de Doria para OEA","datePublished":"2020-01-23T17:35:59+00:00","mainEntityOfPage":{"@id":"https:\/\/psol50.org.br\/bancada-ativista-denuncia-acao-da-pm-em-protestos-de-sp-e-decreto-de-doria-para-oea\/"},"wordCount":291,"publisher":{"@id":"https:\/\/psol50.org.br\/#organization"},"image":{"@id":"https:\/\/psol50.org.br\/bancada-ativista-denuncia-acao-da-pm-em-protestos-de-sp-e-decreto-de-doria-para-oea\/#primaryimage"},"thumbnailUrl":"https:\/\/psol50.org.br\/inc\/uploads\/2020\/01\/JYEDKUYZ7ZGA3OR4GLPAM7VM6Q.jpg","keywords":["bancada ativista","doria","PM","Pol\u00edcia Militar","protestos","S\u00e3o Paulo"],"articleSection":["Not\u00edcias"],"inLanguage":"pt-BR"},{"@type":"WebPage","@id":"https:\/\/psol50.org.br\/bancada-ativista-denuncia-acao-da-pm-em-protestos-de-sp-e-decreto-de-doria-para-oea\/","url":"https:\/\/psol50.org.br\/bancada-ativista-denuncia-acao-da-pm-em-protestos-de-sp-e-decreto-de-doria-para-oea\/","name":"Bancada Ativista denuncia a\u00e7\u00e3o da PM em protestos de SP e decreto de Doria para OEA - PSOL 50","isPartOf":{"@id":"https:\/\/psol50.org.br\/#website"},"primaryImageOfPage":{"@id":"https:\/\/psol50.org.br\/bancada-ativista-denuncia-acao-da-pm-em-protestos-de-sp-e-decreto-de-doria-para-oea\/#primaryimage"},"image":{"@id":"https:\/\/psol50.org.br\/bancada-ativista-denuncia-acao-da-pm-em-protestos-de-sp-e-decreto-de-doria-para-oea\/#primaryimage"},"thumbnailUrl":"https:\/\/psol50.org.br\/inc\/uploads\/2020\/01\/JYEDKUYZ7ZGA3OR4GLPAM7VM6Q.jpg","datePublished":"2020-01-23T17:35:59+00:00","description":"O objetivo \u00e9 de que a PM se adeque aos padr\u00f5es internacionais e que a Comiss\u00e3o Interamericana de Direitos Humanos cobre explica\u00e7\u00f5es do governo.","breadcrumb":{"@id":"https:\/\/psol50.org.br\/bancada-ativista-denuncia-acao-da-pm-em-protestos-de-sp-e-decreto-de-doria-para-oea\/#breadcrumb"},"inLanguage":"pt-BR","potentialAction":[{"@type":"ReadAction","target":["https:\/\/psol50.org.br\/bancada-ativista-denuncia-acao-da-pm-em-protestos-de-sp-e-decreto-de-doria-para-oea\/"]}]},{"@type":"ImageObject","inLanguage":"pt-BR","@id":"https:\/\/psol50.org.br\/bancada-ativista-denuncia-acao-da-pm-em-protestos-de-sp-e-decreto-de-doria-para-oea\/#primaryimage","url":"https:\/\/psol50.org.br\/inc\/uploads\/2020\/01\/JYEDKUYZ7ZGA3OR4GLPAM7VM6Q.jpg","contentUrl":"https:\/\/psol50.org.br\/inc\/uploads\/2020\/01\/JYEDKUYZ7ZGA3OR4GLPAM7VM6Q.jpg","width":1500,"height":1002,"caption":"Daniel Arroyo\/PONTE Jornalismo"},{"@type":"BreadcrumbList","@id":"https:\/\/psol50.org.br\/bancada-ativista-denuncia-acao-da-pm-em-protestos-de-sp-e-decreto-de-doria-para-oea\/#breadcrumb","itemListElement":[{"@type":"ListItem","position":1,"name":"In\u00edcio","item":"https:\/\/psol50.org.br\/"},{"@type":"ListItem","position":2,"name":"Bancada Ativista denuncia a\u00e7\u00e3o da PM em protestos de SP e decreto de Doria para OEA"}]},{"@type":"WebSite","@id":"https:\/\/psol50.org.br\/#website","url":"https:\/\/psol50.org.br\/","name":"PSOL 50","description":"Site oficial do Partido Socialismo e Liberdade","publisher":{"@id":"https:\/\/psol50.org.br\/#organization"},"alternateName":"PSOL50","potentialAction":[{"@type":"SearchAction","target":{"@type":"EntryPoint","urlTemplate":"https:\/\/psol50.org.br\/?s={search_term_string}"},"query-input":{"@type":"PropertyValueSpecification","valueRequired":true,"valueName":"search_term_string"}}],"inLanguage":"pt-BR"},{"@type":"Organization","@id":"https:\/\/psol50.org.br\/#organization","name":"PSOL 50","alternateName":"PSOL 50","url":"https:\/\/psol50.org.br\/","logo":{"@type":"ImageObject","inLanguage":"pt-BR","@id":"https:\/\/psol50.org.br\/#\/schema\/logo\/image\/","url":"https:\/\/psol50.org.br\/inc\/uploads\/2018\/07\/capa.png","contentUrl":"https:\/\/psol50.org.br\/inc\/uploads\/2018\/07\/capa.png","width":1350,"height":900,"caption":"PSOL 50"},"image":{"@id":"https:\/\/psol50.org.br\/#\/schema\/logo\/image\/"},"sameAs":["https:\/\/www.facebook.com\/psol50","https:\/\/x.com\/psol50","https:\/\/www.instagram.com\/psol50\/","https:\/\/www.youtube.com\/channel\/UC7SnJS5o1os7a6CaiNabzcg"]},{"@type":"Person","@id":"https:\/\/psol50.org.br\/#\/schema\/person\/475dfa57d0b815993c714c2e96491fcd","name":"Comunica\u00e7\u00e3o PSOL","image":{"@type":"ImageObject","inLanguage":"pt-BR","@id":"https:\/\/psol50.org.br\/#\/schema\/person\/image\/","url":"https:\/\/secure.gravatar.com\/avatar\/b34fc4f4e468a4e51785917065a3db57b841f5c95dba6ad8c73aaf8f66f8f9bf?s=96&d=mm&r=g","contentUrl":"https:\/\/secure.gravatar.com\/avatar\/b34fc4f4e468a4e51785917065a3db57b841f5c95dba6ad8c73aaf8f66f8f9bf?s=96&d=mm&r=g","caption":"Comunica\u00e7\u00e3o PSOL"}}]}},"_links":{"self":[{"href":"https:\/\/psol50.org.br\/rest\/wp\/v2\/posts\/27331","targetHints":{"allow":["GET"]}}],"collection":[{"href":"https:\/\/psol50.org.br\/rest\/wp\/v2\/posts"}],"about":[{"href":"https:\/\/psol50.org.br\/rest\/wp\/v2\/types\/post"}],"author":[{"embeddable":true,"href":"https:\/\/psol50.org.br\/rest\/wp\/v2\/users\/2"}],"replies":[{"embeddable":true,"href":"https:\/\/psol50.org.br\/rest\/wp\/v2\/comments?post=27331"}],"version-history":[{"count":0,"href":"https:\/\/psol50.org.br\/rest\/wp\/v2\/posts\/27331\/revisions"}],"wp:featuredmedia":[{"embeddable":true,"href":"https:\/\/psol50.org.br\/rest\/wp\/v2\/media\/27332"}],"wp:attachment":[{"href":"https:\/\/psol50.org.br\/rest\/wp\/v2\/media?parent=27331"}],"wp:term":[{"taxonomy":"category","embeddable":true,"href":"https:\/\/psol50.org.br\/rest\/wp\/v2\/categories?post=27331"},{"taxonomy":"post_tag","embeddable":true,"href":"https:\/\/psol50.org.br\/rest\/wp\/v2\/tags?post=27331"}],"curies":[{"name":"wp","href":"https:\/\/api.w.org\/{rel}","templated":true}]}}