{"id":27359,"date":"2020-01-29T12:33:10","date_gmt":"2020-01-29T15:33:10","guid":{"rendered":"http:\/\/psol50.org.br\/?p=27359"},"modified":"2020-01-29T12:33:10","modified_gmt":"2020-01-29T15:33:10","slug":"parlamentares-trans-do-psol-completam-primeiro-ano-de-mandato-marcado-por-duros-embates","status":"publish","type":"post","link":"https:\/\/psol50.org.br\/parlamentares-trans-do-psol-completam-primeiro-ano-de-mandato-marcado-por-duros-embates\/","title":{"rendered":"Parlamentares trans do PSOL completam primeiro ano de mandato marcado por duros embates"},"content":{"rendered":"<p>Neste janeiro de 2020, al\u00e9m do Dia da Visibilidade Trans, que \u00e9 celebrado neste dia 29, completam seu primeiro ano de mandato parlamentar, em suas respectivas Assembleias Estaduais, as tr\u00eas mulheres trans eleitas pelo PSOL nas elei\u00e7\u00f5es de 2018. As trajet\u00f3rias delas v\u00eam sendo marcadas por aprofundar o debate de g\u00eanero nas casas legislativas e de resist\u00eancia ao ocupar espa\u00e7os de poder historicamente negados \u00e0s pessoas trans.<\/p>\n<p>Duas delas foram eleitas para a Assembleia Legislativa de S\u00e3o Paulo (Alesp): \u00c9rica Malunguinho, que teve 55.223 votos em todo o estado, e \u00c9rika Hilton, que faz parte do mandato coletivo da Bancada Ativista, eleito pelo PSOL com 149.844 votos. A outra eleita foi Robeyonc\u00e9 Lima, que faz parte do mandato coletivo do PSOL na Assembleia Legislativa de Pernambuco (Alepe), as Juntas, que foram eleitas com 39.175 votos.<\/p>\n<p>Em S\u00e3o Paulo, Malunguinho e \u00c9rika Hilton foram cruciais na organiza\u00e7\u00e3o da resist\u00eancia, ao lado de movimentos LGBT, para barrar at\u00e9 agora um <a href=\"http:\/\/psol50.org.br\/bancada-do-psol-na-alesp-e-contra-projeto-que-bane-pessoas-trans-das-competicoes-esportivas\/\">projeto de lei que bane pessoas trans de competi\u00e7\u00f5es esportivas<\/a>. O debate da pauta ficou para 2020 depois de muita press\u00e3o das parlamentares e movimentos sociais.<\/p>\n<p>Outro momento importante do ano foi uma audi\u00eancia p\u00fablica convocada pelas mandatas das duas na Alesp sobre o <a href=\"http:\/\/psol50.org.br\/bancada-do-psol-na-alesp-faz-audiencia-publica-sobre-massacre-de-paraisopolis-nesta-quinta-5\/\">massacre de Parais\u00f3polis<\/a>, que culminou com a morte de nove jovens em um baile funk ap\u00f3s a\u00e7\u00e3o truculenta da Pol\u00edcia Militar.<\/p>\n<p>Enquanto isso, na Alepe, as Juntas de Robeyonc\u00e9 Lima conseguiram importantes avan\u00e7os em Pernambuco, como a san\u00e7\u00e3o do <a href=\"http:\/\/psol50.org.br\/projeto-do-psol-que-proibe-homenagens-a-torturadores-vira-lei-em-pernambuco\/\">projeto de lei que pro\u00edbe a homenagem a torturadores no estado<\/a>.<\/p>\n<p><strong>TRANSFOBIA, RACISMO E CONSTRANGIMENTO<\/strong><\/p>\n<p>A trajet\u00f3ria das tr\u00eas parlamentares tamb\u00e9m foi marcada por diversos casos de constrangimento e de transfobia e racismo escancarados.<\/p>\n<p>Em Pernambuco, Robeyonc\u00e9 Lima, que tamb\u00e9m \u00e9 a primeira advogada trans do estado, foi <a href=\"http:\/\/psol50.org.br\/mandato-coletivo-do-psol-em-pernambuco-sofre-novo-constrangimento-na-alepe\/\">constrangida a se retirar de uma reuni\u00e3o informal<\/a> entre parlamentares pelo deputado Alberto Feitosa, por exemplo.<\/p>\n<p>Em S\u00e3o Paulo, os casos foram ainda mais constantes. \u00c9rica Malunguinho foi atacada, em menos de um m\u00eas de legislatura, por deputado do PSL que afirmou que &#8220;tiraria no tapa&#8221; uma trans que usasse o mesmo banheiro feminino que sua m\u00e3e ou sua irm\u00e3. Ap\u00f3s den\u00fancia de Malunguinho, o deputado bolsonarista foi punido com uma advert\u00eancia verbal.<\/p>\n<p>Em projeto da deputada do PSOL Isa Penna sobre viol\u00eancia dom\u00e9stica a mulheres, trecho que expandia a abrang\u00eancia para mulheres trans foi retirado do texto pela maioria dos parlamentares, em mais um caso evidente de transfobia.<\/p>\n<p>\u00c9rika Hilton tamb\u00e9m viu ser postergada pelos parlamentares a sua proposta de instituir o Pr\u00eamio Dandara dos Santos, para homenagear ativistas dos direitos LGBT atrav\u00e9s da Alesp. O nome seria uma homenagem \u00e0 travesti brutalmente assassinada em 2017 no Cear\u00e1 que se tornou s\u00edmbolo de luta contra o \u00f3dio.<\/p>\n<p>Em discurso hist\u00f3rico no plen\u00e1rio da Alesp, \u00c9rica Malunguinho falou sobre a experi\u00eancia de ser uma mulher negra e trans dentro de um dos parlamentos mais conservadores do Brasil. Veja abaixo:<\/p>\n<blockquote class=\"twitter-tweet\" data-width=\"550\" data-dnt=\"true\">\n<p lang=\"pt\" dir=\"ltr\">As casas legislativas s\u00e3o espa\u00e7os hostis para quem ousa desafiar o reinado dos ricos homens brancos que as comandam por d\u00e9cadas.  <a href=\"https:\/\/twitter.com\/malunguinho?ref_src=twsrc%5Etfw\">@malunguinho<\/a> tem lidado com isso diariamente na Assembleia Legislativa de S\u00e3o Paulo. E deu uma aula. <a href=\"https:\/\/t.co\/NdxHMuINmH\">pic.twitter.com\/NdxHMuINmH<\/a><\/p>\n<p>&mdash; PSOL 50 (@psol50) <a href=\"https:\/\/twitter.com\/psol50\/status\/1172132758430183424?ref_src=twsrc%5Etfw\">September 12, 2019<\/a><\/p><\/blockquote>\n<p><script async src=\"https:\/\/platform.twitter.com\/widgets.js\" charset=\"utf-8\"><\/script><\/p>\n","protected":false},"excerpt":{"rendered":"<p>Neste janeiro de 2020, al\u00e9m do Dia da Visibilidade Trans, que \u00e9 celebrado neste dia 29, completam seu primeiro ano de mandato parlamentar, em suas respectivas Assembleias Estaduais, as tr\u00eas mulheres trans eleitas pelo PSOL nas elei\u00e7\u00f5es de 2018. As trajet\u00f3rias delas v\u00eam sendo marcadas por aprofundar o debate de g\u00eanero nas casas legislativas e [&hellip;]<\/p>\n","protected":false},"author":2,"featured_media":27361,"comment_status":"closed","ping_status":"open","sticky":false,"template":"","format":"standard","meta":{"_acf_changed":false,"footnotes":""},"categories":[6],"tags":[140,141,112,142,143,144,145,22,146,147],"class_list":{"0":"post-27359","1":"post","2":"type-post","3":"status-publish","4":"format-standard","5":"has-post-thumbnail","7":"category-noticias","8":"tag-alepe","9":"tag-alesp","10":"tag-bancada-ativista","11":"tag-hilton","12":"tag-juntas","13":"tag-malunguinho","14":"tag-parlamentares2","15":"tag-psol","16":"tag-trans","17":"tag-visiblidade"},"acf":[],"yoast_head":"<!-- This site is optimized with the Yoast SEO plugin v26.5 - https:\/\/yoast.com\/wordpress\/plugins\/seo\/ -->\n<title>Parlamentares trans do PSOL completam primeiro ano de mandato marcado por duros embates<\/title>\n<meta name=\"description\" content=\"\u00c9rica Malunguinho, Robeyonc\u00e9 Lima e \u00c9rika Hilton v\u00eam tendo suas trajet\u00f3rias marcadas pelo aprofundamento do debate de g\u00eanero nas casas legislativas.\" \/>\n<meta name=\"robots\" content=\"index, follow, max-snippet:-1, max-image-preview:large, max-video-preview:-1\" \/>\n<link rel=\"canonical\" href=\"https:\/\/psol50.org.br\/parlamentares-trans-do-psol-completam-primeiro-ano-de-mandato-marcado-por-duros-embates\/\" \/>\n<meta property=\"og:locale\" content=\"pt_BR\" \/>\n<meta property=\"og:type\" content=\"article\" \/>\n<meta property=\"og:title\" content=\"Parlamentares trans do PSOL completam primeiro ano de mandato marcado por duros embates\" \/>\n<meta property=\"og:description\" content=\"\u00c9rica Malunguinho, Robeyonc\u00e9 Lima e \u00c9rika Hilton v\u00eam tendo suas trajet\u00f3rias marcadas pelo aprofundamento do debate de g\u00eanero nas casas legislativas.\" \/>\n<meta property=\"og:url\" content=\"https:\/\/psol50.org.br\/parlamentares-trans-do-psol-completam-primeiro-ano-de-mandato-marcado-por-duros-embates\/\" \/>\n<meta property=\"og:site_name\" content=\"PSOL 50\" \/>\n<meta property=\"article:publisher\" content=\"https:\/\/www.facebook.com\/psol50\" \/>\n<meta property=\"article:published_time\" content=\"2020-01-29T15:33:10+00:00\" \/>\n<meta property=\"og:image\" content=\"https:\/\/psol50.org.br\/inc\/uploads\/2020\/01\/50751086_1041755342652766_4852823465452896256_o-e1580311959678.png\" \/>\n\t<meta property=\"og:image:width\" content=\"957\" \/>\n\t<meta property=\"og:image:height\" content=\"544\" \/>\n\t<meta property=\"og:image:type\" content=\"image\/png\" \/>\n<meta name=\"author\" content=\"Comunica\u00e7\u00e3o PSOL\" \/>\n<meta name=\"twitter:card\" content=\"summary_large_image\" \/>\n<meta name=\"twitter:title\" content=\"Parlamentares trans do PSOL completam primeiro ano de mandato marcado por duros embates\" \/>\n<meta name=\"twitter:description\" content=\"\u00c9rica Malunguinho, Robeyonc\u00e9 Lima e \u00c9rika Hilton v\u00eam tendo suas trajet\u00f3rias marcadas pelo aprofundamento do debate de g\u00eanero nas casas legislativas.\" \/>\n<meta name=\"twitter:image\" content=\"https:\/\/psol50.org.br\/inc\/uploads\/2020\/01\/50751086_1041755342652766_4852823465452896256_o-e1580311959678.png\" \/>\n<meta name=\"twitter:creator\" content=\"@psol50\" \/>\n<meta name=\"twitter:site\" content=\"@psol50\" \/>\n<meta name=\"twitter:label1\" content=\"Escrito por\" \/>\n\t<meta name=\"twitter:data1\" content=\"Comunica\u00e7\u00e3o PSOL\" \/>\n\t<meta name=\"twitter:label2\" content=\"Est. tempo de leitura\" \/>\n\t<meta name=\"twitter:data2\" content=\"3 minutos\" \/>\n<script type=\"application\/ld+json\" class=\"yoast-schema-graph\">{\"@context\":\"https:\/\/schema.org\",\"@graph\":[{\"@type\":\"Article\",\"@id\":\"https:\/\/psol50.org.br\/parlamentares-trans-do-psol-completam-primeiro-ano-de-mandato-marcado-por-duros-embates\/#article\",\"isPartOf\":{\"@id\":\"https:\/\/psol50.org.br\/parlamentares-trans-do-psol-completam-primeiro-ano-de-mandato-marcado-por-duros-embates\/\"},\"author\":{\"name\":\"Comunica\u00e7\u00e3o PSOL\",\"@id\":\"https:\/\/psol50.org.br\/#\/schema\/person\/475dfa57d0b815993c714c2e96491fcd\"},\"headline\":\"Parlamentares trans do PSOL completam primeiro ano de mandato marcado por duros embates\",\"datePublished\":\"2020-01-29T15:33:10+00:00\",\"mainEntityOfPage\":{\"@id\":\"https:\/\/psol50.org.br\/parlamentares-trans-do-psol-completam-primeiro-ano-de-mandato-marcado-por-duros-embates\/\"},\"wordCount\":529,\"publisher\":{\"@id\":\"https:\/\/psol50.org.br\/#organization\"},\"image\":{\"@id\":\"https:\/\/psol50.org.br\/parlamentares-trans-do-psol-completam-primeiro-ano-de-mandato-marcado-por-duros-embates\/#primaryimage\"},\"thumbnailUrl\":\"https:\/\/psol50.org.br\/inc\/uploads\/2020\/01\/50751086_1041755342652766_4852823465452896256_o-e1580311959678.png\",\"keywords\":[\"Alepe\",\"alesp\",\"bancada ativista\",\"hilton\",\"juntas\",\"malunguinho\",\"parlamentares\",\"PSOL\",\"trans\",\"visiblidade\"],\"articleSection\":[\"Not\u00edcias\"],\"inLanguage\":\"pt-BR\"},{\"@type\":\"WebPage\",\"@id\":\"https:\/\/psol50.org.br\/parlamentares-trans-do-psol-completam-primeiro-ano-de-mandato-marcado-por-duros-embates\/\",\"url\":\"https:\/\/psol50.org.br\/parlamentares-trans-do-psol-completam-primeiro-ano-de-mandato-marcado-por-duros-embates\/\",\"name\":\"Parlamentares trans do PSOL completam primeiro ano de mandato marcado por duros embates\",\"isPartOf\":{\"@id\":\"https:\/\/psol50.org.br\/#website\"},\"primaryImageOfPage\":{\"@id\":\"https:\/\/psol50.org.br\/parlamentares-trans-do-psol-completam-primeiro-ano-de-mandato-marcado-por-duros-embates\/#primaryimage\"},\"image\":{\"@id\":\"https:\/\/psol50.org.br\/parlamentares-trans-do-psol-completam-primeiro-ano-de-mandato-marcado-por-duros-embates\/#primaryimage\"},\"thumbnailUrl\":\"https:\/\/psol50.org.br\/inc\/uploads\/2020\/01\/50751086_1041755342652766_4852823465452896256_o-e1580311959678.png\",\"datePublished\":\"2020-01-29T15:33:10+00:00\",\"description\":\"\u00c9rica Malunguinho, Robeyonc\u00e9 Lima e \u00c9rika Hilton v\u00eam tendo suas trajet\u00f3rias marcadas pelo aprofundamento do debate de g\u00eanero nas casas legislativas.\",\"breadcrumb\":{\"@id\":\"https:\/\/psol50.org.br\/parlamentares-trans-do-psol-completam-primeiro-ano-de-mandato-marcado-por-duros-embates\/#breadcrumb\"},\"inLanguage\":\"pt-BR\",\"potentialAction\":[{\"@type\":\"ReadAction\",\"target\":[\"https:\/\/psol50.org.br\/parlamentares-trans-do-psol-completam-primeiro-ano-de-mandato-marcado-por-duros-embates\/\"]}]},{\"@type\":\"ImageObject\",\"inLanguage\":\"pt-BR\",\"@id\":\"https:\/\/psol50.org.br\/parlamentares-trans-do-psol-completam-primeiro-ano-de-mandato-marcado-por-duros-embates\/#primaryimage\",\"url\":\"https:\/\/psol50.org.br\/inc\/uploads\/2020\/01\/50751086_1041755342652766_4852823465452896256_o-e1580311959678.png\",\"contentUrl\":\"https:\/\/psol50.org.br\/inc\/uploads\/2020\/01\/50751086_1041755342652766_4852823465452896256_o-e1580311959678.png\",\"width\":957,\"height\":544},{\"@type\":\"BreadcrumbList\",\"@id\":\"https:\/\/psol50.org.br\/parlamentares-trans-do-psol-completam-primeiro-ano-de-mandato-marcado-por-duros-embates\/#breadcrumb\",\"itemListElement\":[{\"@type\":\"ListItem\",\"position\":1,\"name\":\"In\u00edcio\",\"item\":\"https:\/\/psol50.org.br\/\"},{\"@type\":\"ListItem\",\"position\":2,\"name\":\"Parlamentares trans do PSOL completam primeiro ano de mandato marcado por duros embates\"}]},{\"@type\":\"WebSite\",\"@id\":\"https:\/\/psol50.org.br\/#website\",\"url\":\"https:\/\/psol50.org.br\/\",\"name\":\"PSOL 50\",\"description\":\"Site oficial do Partido Socialismo e Liberdade\",\"publisher\":{\"@id\":\"https:\/\/psol50.org.br\/#organization\"},\"alternateName\":\"PSOL50\",\"potentialAction\":[{\"@type\":\"SearchAction\",\"target\":{\"@type\":\"EntryPoint\",\"urlTemplate\":\"https:\/\/psol50.org.br\/?s={search_term_string}\"},\"query-input\":{\"@type\":\"PropertyValueSpecification\",\"valueRequired\":true,\"valueName\":\"search_term_string\"}}],\"inLanguage\":\"pt-BR\"},{\"@type\":\"Organization\",\"@id\":\"https:\/\/psol50.org.br\/#organization\",\"name\":\"PSOL 50\",\"alternateName\":\"PSOL 50\",\"url\":\"https:\/\/psol50.org.br\/\",\"logo\":{\"@type\":\"ImageObject\",\"inLanguage\":\"pt-BR\",\"@id\":\"https:\/\/psol50.org.br\/#\/schema\/logo\/image\/\",\"url\":\"https:\/\/psol50.org.br\/inc\/uploads\/2018\/07\/capa.png\",\"contentUrl\":\"https:\/\/psol50.org.br\/inc\/uploads\/2018\/07\/capa.png\",\"width\":1350,\"height\":900,\"caption\":\"PSOL 50\"},\"image\":{\"@id\":\"https:\/\/psol50.org.br\/#\/schema\/logo\/image\/\"},\"sameAs\":[\"https:\/\/www.facebook.com\/psol50\",\"https:\/\/x.com\/psol50\",\"https:\/\/www.instagram.com\/psol50\/\",\"https:\/\/www.youtube.com\/channel\/UC7SnJS5o1os7a6CaiNabzcg\"]},{\"@type\":\"Person\",\"@id\":\"https:\/\/psol50.org.br\/#\/schema\/person\/475dfa57d0b815993c714c2e96491fcd\",\"name\":\"Comunica\u00e7\u00e3o PSOL\",\"image\":{\"@type\":\"ImageObject\",\"inLanguage\":\"pt-BR\",\"@id\":\"https:\/\/psol50.org.br\/#\/schema\/person\/image\/\",\"url\":\"https:\/\/secure.gravatar.com\/avatar\/b34fc4f4e468a4e51785917065a3db57b841f5c95dba6ad8c73aaf8f66f8f9bf?s=96&d=mm&r=g\",\"contentUrl\":\"https:\/\/secure.gravatar.com\/avatar\/b34fc4f4e468a4e51785917065a3db57b841f5c95dba6ad8c73aaf8f66f8f9bf?s=96&d=mm&r=g\",\"caption\":\"Comunica\u00e7\u00e3o PSOL\"}}]}<\/script>\n<!-- \/ Yoast SEO plugin. -->","yoast_head_json":{"title":"Parlamentares trans do PSOL completam primeiro ano de mandato marcado por duros embates","description":"\u00c9rica Malunguinho, Robeyonc\u00e9 Lima e \u00c9rika Hilton v\u00eam tendo suas trajet\u00f3rias marcadas pelo aprofundamento do debate de g\u00eanero nas casas legislativas.","robots":{"index":"index","follow":"follow","max-snippet":"max-snippet:-1","max-image-preview":"max-image-preview:large","max-video-preview":"max-video-preview:-1"},"canonical":"https:\/\/psol50.org.br\/parlamentares-trans-do-psol-completam-primeiro-ano-de-mandato-marcado-por-duros-embates\/","og_locale":"pt_BR","og_type":"article","og_title":"Parlamentares trans do PSOL completam primeiro ano de mandato marcado por duros embates","og_description":"\u00c9rica Malunguinho, Robeyonc\u00e9 Lima e \u00c9rika Hilton v\u00eam tendo suas trajet\u00f3rias marcadas pelo aprofundamento do debate de g\u00eanero nas casas legislativas.","og_url":"https:\/\/psol50.org.br\/parlamentares-trans-do-psol-completam-primeiro-ano-de-mandato-marcado-por-duros-embates\/","og_site_name":"PSOL 50","article_publisher":"https:\/\/www.facebook.com\/psol50","article_published_time":"2020-01-29T15:33:10+00:00","og_image":[{"width":957,"height":544,"url":"https:\/\/psol50.org.br\/inc\/uploads\/2020\/01\/50751086_1041755342652766_4852823465452896256_o-e1580311959678.png","type":"image\/png"}],"author":"Comunica\u00e7\u00e3o PSOL","twitter_card":"summary_large_image","twitter_title":"Parlamentares trans do PSOL completam primeiro ano de mandato marcado por duros embates","twitter_description":"\u00c9rica Malunguinho, Robeyonc\u00e9 Lima e \u00c9rika Hilton v\u00eam tendo suas trajet\u00f3rias marcadas pelo aprofundamento do debate de g\u00eanero nas casas legislativas.","twitter_image":"https:\/\/psol50.org.br\/inc\/uploads\/2020\/01\/50751086_1041755342652766_4852823465452896256_o-e1580311959678.png","twitter_creator":"@psol50","twitter_site":"@psol50","twitter_misc":{"Escrito por":"Comunica\u00e7\u00e3o PSOL","Est. tempo de leitura":"3 minutos"},"schema":{"@context":"https:\/\/schema.org","@graph":[{"@type":"Article","@id":"https:\/\/psol50.org.br\/parlamentares-trans-do-psol-completam-primeiro-ano-de-mandato-marcado-por-duros-embates\/#article","isPartOf":{"@id":"https:\/\/psol50.org.br\/parlamentares-trans-do-psol-completam-primeiro-ano-de-mandato-marcado-por-duros-embates\/"},"author":{"name":"Comunica\u00e7\u00e3o PSOL","@id":"https:\/\/psol50.org.br\/#\/schema\/person\/475dfa57d0b815993c714c2e96491fcd"},"headline":"Parlamentares trans do PSOL completam primeiro ano de mandato marcado por duros embates","datePublished":"2020-01-29T15:33:10+00:00","mainEntityOfPage":{"@id":"https:\/\/psol50.org.br\/parlamentares-trans-do-psol-completam-primeiro-ano-de-mandato-marcado-por-duros-embates\/"},"wordCount":529,"publisher":{"@id":"https:\/\/psol50.org.br\/#organization"},"image":{"@id":"https:\/\/psol50.org.br\/parlamentares-trans-do-psol-completam-primeiro-ano-de-mandato-marcado-por-duros-embates\/#primaryimage"},"thumbnailUrl":"https:\/\/psol50.org.br\/inc\/uploads\/2020\/01\/50751086_1041755342652766_4852823465452896256_o-e1580311959678.png","keywords":["Alepe","alesp","bancada ativista","hilton","juntas","malunguinho","parlamentares","PSOL","trans","visiblidade"],"articleSection":["Not\u00edcias"],"inLanguage":"pt-BR"},{"@type":"WebPage","@id":"https:\/\/psol50.org.br\/parlamentares-trans-do-psol-completam-primeiro-ano-de-mandato-marcado-por-duros-embates\/","url":"https:\/\/psol50.org.br\/parlamentares-trans-do-psol-completam-primeiro-ano-de-mandato-marcado-por-duros-embates\/","name":"Parlamentares trans do PSOL completam primeiro ano de mandato marcado por duros embates","isPartOf":{"@id":"https:\/\/psol50.org.br\/#website"},"primaryImageOfPage":{"@id":"https:\/\/psol50.org.br\/parlamentares-trans-do-psol-completam-primeiro-ano-de-mandato-marcado-por-duros-embates\/#primaryimage"},"image":{"@id":"https:\/\/psol50.org.br\/parlamentares-trans-do-psol-completam-primeiro-ano-de-mandato-marcado-por-duros-embates\/#primaryimage"},"thumbnailUrl":"https:\/\/psol50.org.br\/inc\/uploads\/2020\/01\/50751086_1041755342652766_4852823465452896256_o-e1580311959678.png","datePublished":"2020-01-29T15:33:10+00:00","description":"\u00c9rica Malunguinho, Robeyonc\u00e9 Lima e \u00c9rika Hilton v\u00eam tendo suas trajet\u00f3rias marcadas pelo aprofundamento do debate de g\u00eanero nas casas legislativas.","breadcrumb":{"@id":"https:\/\/psol50.org.br\/parlamentares-trans-do-psol-completam-primeiro-ano-de-mandato-marcado-por-duros-embates\/#breadcrumb"},"inLanguage":"pt-BR","potentialAction":[{"@type":"ReadAction","target":["https:\/\/psol50.org.br\/parlamentares-trans-do-psol-completam-primeiro-ano-de-mandato-marcado-por-duros-embates\/"]}]},{"@type":"ImageObject","inLanguage":"pt-BR","@id":"https:\/\/psol50.org.br\/parlamentares-trans-do-psol-completam-primeiro-ano-de-mandato-marcado-por-duros-embates\/#primaryimage","url":"https:\/\/psol50.org.br\/inc\/uploads\/2020\/01\/50751086_1041755342652766_4852823465452896256_o-e1580311959678.png","contentUrl":"https:\/\/psol50.org.br\/inc\/uploads\/2020\/01\/50751086_1041755342652766_4852823465452896256_o-e1580311959678.png","width":957,"height":544},{"@type":"BreadcrumbList","@id":"https:\/\/psol50.org.br\/parlamentares-trans-do-psol-completam-primeiro-ano-de-mandato-marcado-por-duros-embates\/#breadcrumb","itemListElement":[{"@type":"ListItem","position":1,"name":"In\u00edcio","item":"https:\/\/psol50.org.br\/"},{"@type":"ListItem","position":2,"name":"Parlamentares trans do PSOL completam primeiro ano de mandato marcado por duros embates"}]},{"@type":"WebSite","@id":"https:\/\/psol50.org.br\/#website","url":"https:\/\/psol50.org.br\/","name":"PSOL 50","description":"Site oficial do Partido Socialismo e Liberdade","publisher":{"@id":"https:\/\/psol50.org.br\/#organization"},"alternateName":"PSOL50","potentialAction":[{"@type":"SearchAction","target":{"@type":"EntryPoint","urlTemplate":"https:\/\/psol50.org.br\/?s={search_term_string}"},"query-input":{"@type":"PropertyValueSpecification","valueRequired":true,"valueName":"search_term_string"}}],"inLanguage":"pt-BR"},{"@type":"Organization","@id":"https:\/\/psol50.org.br\/#organization","name":"PSOL 50","alternateName":"PSOL 50","url":"https:\/\/psol50.org.br\/","logo":{"@type":"ImageObject","inLanguage":"pt-BR","@id":"https:\/\/psol50.org.br\/#\/schema\/logo\/image\/","url":"https:\/\/psol50.org.br\/inc\/uploads\/2018\/07\/capa.png","contentUrl":"https:\/\/psol50.org.br\/inc\/uploads\/2018\/07\/capa.png","width":1350,"height":900,"caption":"PSOL 50"},"image":{"@id":"https:\/\/psol50.org.br\/#\/schema\/logo\/image\/"},"sameAs":["https:\/\/www.facebook.com\/psol50","https:\/\/x.com\/psol50","https:\/\/www.instagram.com\/psol50\/","https:\/\/www.youtube.com\/channel\/UC7SnJS5o1os7a6CaiNabzcg"]},{"@type":"Person","@id":"https:\/\/psol50.org.br\/#\/schema\/person\/475dfa57d0b815993c714c2e96491fcd","name":"Comunica\u00e7\u00e3o PSOL","image":{"@type":"ImageObject","inLanguage":"pt-BR","@id":"https:\/\/psol50.org.br\/#\/schema\/person\/image\/","url":"https:\/\/secure.gravatar.com\/avatar\/b34fc4f4e468a4e51785917065a3db57b841f5c95dba6ad8c73aaf8f66f8f9bf?s=96&d=mm&r=g","contentUrl":"https:\/\/secure.gravatar.com\/avatar\/b34fc4f4e468a4e51785917065a3db57b841f5c95dba6ad8c73aaf8f66f8f9bf?s=96&d=mm&r=g","caption":"Comunica\u00e7\u00e3o PSOL"}}]}},"_links":{"self":[{"href":"https:\/\/psol50.org.br\/rest\/wp\/v2\/posts\/27359","targetHints":{"allow":["GET"]}}],"collection":[{"href":"https:\/\/psol50.org.br\/rest\/wp\/v2\/posts"}],"about":[{"href":"https:\/\/psol50.org.br\/rest\/wp\/v2\/types\/post"}],"author":[{"embeddable":true,"href":"https:\/\/psol50.org.br\/rest\/wp\/v2\/users\/2"}],"replies":[{"embeddable":true,"href":"https:\/\/psol50.org.br\/rest\/wp\/v2\/comments?post=27359"}],"version-history":[{"count":0,"href":"https:\/\/psol50.org.br\/rest\/wp\/v2\/posts\/27359\/revisions"}],"wp:featuredmedia":[{"embeddable":true,"href":"https:\/\/psol50.org.br\/rest\/wp\/v2\/media\/27361"}],"wp:attachment":[{"href":"https:\/\/psol50.org.br\/rest\/wp\/v2\/media?parent=27359"}],"wp:term":[{"taxonomy":"category","embeddable":true,"href":"https:\/\/psol50.org.br\/rest\/wp\/v2\/categories?post=27359"},{"taxonomy":"post_tag","embeddable":true,"href":"https:\/\/psol50.org.br\/rest\/wp\/v2\/tags?post=27359"}],"curies":[{"name":"wp","href":"https:\/\/api.w.org\/{rel}","templated":true}]}}