{"id":27363,"date":"2020-01-29T16:17:35","date_gmt":"2020-01-29T19:17:35","guid":{"rendered":"http:\/\/psol50.org.br\/?p=27363"},"modified":"2020-01-29T16:17:35","modified_gmt":"2020-01-29T19:17:35","slug":"psol-questionamentos-governo-bolsonaro-inicio-2020","status":"publish","type":"post","link":"https:\/\/psol50.org.br\/psol-questionamentos-governo-bolsonaro-inicio-2020\/","title":{"rendered":"PSOL apresenta s\u00e9rie de questionamentos ao governo Bolsonaro no in\u00edcio de 2020"},"content":{"rendered":"<p>O m\u00eas de janeiro \u00e9 conhecido no Congresso Nacional por n\u00e3o ter sess\u00f5es plen\u00e1rias. Em 2020 isso n\u00e3o \u00e9 diferente, mas para os parlamentares do PSOL isso n\u00e3o significa falta de trabalho.<\/p>\n<p>Mesmo nesses primeiros dias do ano, os deputados do PSOL apresentaram, entre outras iniciativas, uma s\u00e9rie de requerimentos de informa\u00e7\u00e3o aos minist\u00e9rios do governo de Jair Bolsonaro.<\/p>\n<p>Ivan Valente, por exemplo, questionou oficialmente o Itamaraty sobre a atua\u00e7\u00e3o da diplomacia brasileira durante o golpe de Estado que se efetivou na Bol\u00edvia em novembro de 2019 e que dep\u00f4s o presidente eleito Evo Morales do cargo.<\/p>\n<p>O deputado do PSOL j\u00e1 havia questionado o Minist\u00e9rio das Rela\u00e7\u00f5es Exteriores dias ap\u00f3s o golpe boliviano, mas a resposta oficial do governo Bolsonaro foi, al\u00e9m de evasiva, incompleta e suspeita. &#8220;Entre as dezenas de documentos compartilhados, datados entre 2 de janeiro e 22 novembro de 2019, n\u00e3o h\u00e1 nenhum entre os dias 8 e 14 de novembro daquele ano &#8211; justamente o per\u00edodo no qual se consumou o Golpe de Estado em quest\u00e3o&#8221;, conta Ivan Valente.<\/p>\n<p>Outro pedido de Ivan Valente foi sobre a deporta\u00e7\u00e3o de brasileiros nos Estados Unidos. Na madrugada do \u00faltimo s\u00e1bado (25), um voo do governo americano pousou em Belo Horizonte (MG) com um grupo de 50 brasileiros. De acordo com os passageiros, parte dos deportados viajou com as m\u00e3os e p\u00e9s algemados.<\/p>\n<p>O questionamento do deputado do PSOL exige posicionamento do Itamaraty sobre a forma como cidad\u00e3os brasileiros foram tratados pelo governo estadunidense. &#8220;Este Minist\u00e9rio considera aceit\u00e1vel o uso de algemas nos p\u00e9s e m\u00e3os dos brasileiros deportados?&#8221;, pergunta no requerimento.<\/p>\n<p>\u00c1urea Carolina tamb\u00e9m enviou um requerimento oficial ao governo para receber as c\u00f3pias das atas de reuni\u00e3o da comiss\u00e3o julgadora do edital da Secretaria Especial de Cultura que vai financiar s\u00e9ries LGBTs para TVs p\u00fablicas.<\/p>\n<p>Depois do edital ser cancelado ap\u00f3s cr\u00edticas diretas de Jair Bolsonaro, ele teve de ser levado adiante por decis\u00e3o judicial. Mas nenhum dos quatro filmes diretamente criticados pelo presidente foram contemplados pelo edital. &#8220;Estranhamente, o resultado divulgado no dia 21 de janeiro deste ano, confirmou a exclus\u00e3o destas obras&#8221;, afirma \u00c1urea no documento.<\/p>\n","protected":false},"excerpt":{"rendered":"<p>O m\u00eas de janeiro \u00e9 conhecido no Congresso Nacional por n\u00e3o ter sess\u00f5es plen\u00e1rias. Em 2020 isso n\u00e3o \u00e9 diferente, mas para os parlamentares do PSOL isso n\u00e3o significa falta de trabalho. Mesmo nesses primeiros dias do ano, os deputados do PSOL apresentaram, entre outras iniciativas, uma s\u00e9rie de requerimentos de informa\u00e7\u00e3o aos minist\u00e9rios do [&hellip;]<\/p>\n","protected":false},"author":2,"featured_media":26773,"comment_status":"closed","ping_status":"open","sticky":false,"template":"","format":"standard","meta":{"_acf_changed":false,"footnotes":""},"categories":[10,6],"tags":[148,56,149,150,16,151,152,153,22,154],"class_list":{"0":"post-27363","1":"post","2":"type-post","3":"status-publish","4":"format-standard","5":"has-post-thumbnail","7":"category-acao-parlamentares","8":"category-noticias","9":"tag-bolivia","10":"tag-bolsonaro","11":"tag-deportacao","12":"tag-edital","13":"tag-eua","14":"tag-golpe","15":"tag-informacao","16":"tag-lgbt","17":"tag-psol","18":"tag-requerimentos"},"acf":[],"yoast_head":"<!-- This site is optimized with the Yoast SEO plugin v26.5 - https:\/\/yoast.com\/wordpress\/plugins\/seo\/ -->\n<title>PSOL apresenta s\u00e9rie de questionamentos ao governo Bolsonaro no in\u00edcio de 2020<\/title>\n<meta name=\"robots\" content=\"index, follow, max-snippet:-1, max-image-preview:large, max-video-preview:-1\" \/>\n<link rel=\"canonical\" href=\"https:\/\/psol50.org.br\/psol-questionamentos-governo-bolsonaro-inicio-2020\/\" \/>\n<meta property=\"og:locale\" content=\"pt_BR\" \/>\n<meta property=\"og:type\" content=\"article\" \/>\n<meta property=\"og:title\" content=\"PSOL apresenta s\u00e9rie de questionamentos ao governo Bolsonaro no in\u00edcio de 2020\" \/>\n<meta property=\"og:description\" content=\"Requerimentos de informa\u00e7\u00e3o endere\u00e7ados a diversas pastas tratam de temas diversos, como deporta\u00e7\u00e3o de brasileiros, edital de s\u00e9ries LGBT e golpe na Bol\u00edvia.\" \/>\n<meta property=\"og:url\" content=\"https:\/\/psol50.org.br\/psol-questionamentos-governo-bolsonaro-inicio-2020\/\" \/>\n<meta property=\"og:site_name\" content=\"PSOL 50\" \/>\n<meta property=\"article:publisher\" content=\"https:\/\/www.facebook.com\/psol50\" \/>\n<meta property=\"article:published_time\" content=\"2020-01-29T19:17:35+00:00\" \/>\n<meta property=\"og:image\" content=\"https:\/\/psol50.org.br\/inc\/uploads\/2019\/10\/Bolsonaro-vendo-o-Celular-640x403-1.jpg\" \/>\n\t<meta property=\"og:image:width\" content=\"640\" \/>\n\t<meta property=\"og:image:height\" content=\"403\" \/>\n\t<meta property=\"og:image:type\" content=\"image\/jpeg\" \/>\n<meta name=\"author\" content=\"Comunica\u00e7\u00e3o PSOL\" \/>\n<meta name=\"twitter:card\" content=\"summary_large_image\" \/>\n<meta name=\"twitter:title\" content=\"PSOL apresenta s\u00e9rie de questionamentos ao governo Bolsonaro no in\u00edcio de 2020\" \/>\n<meta name=\"twitter:description\" content=\"Requerimentos de informa\u00e7\u00e3o endere\u00e7ados a diversas pastas tratam de temas diversos, como deporta\u00e7\u00e3o de brasileiros, edital de s\u00e9ries LGBT e golpe na Bol\u00edvia.\" \/>\n<meta name=\"twitter:image\" content=\"https:\/\/psol50.org.br\/inc\/uploads\/2019\/10\/Bolsonaro-vendo-o-Celular-640x403-1.jpg\" \/>\n<meta name=\"twitter:creator\" content=\"@psol50\" \/>\n<meta name=\"twitter:site\" content=\"@psol50\" \/>\n<meta name=\"twitter:label1\" content=\"Escrito por\" \/>\n\t<meta name=\"twitter:data1\" content=\"Comunica\u00e7\u00e3o PSOL\" \/>\n\t<meta name=\"twitter:label2\" content=\"Est. tempo de leitura\" \/>\n\t<meta name=\"twitter:data2\" content=\"2 minutos\" \/>\n<script type=\"application\/ld+json\" class=\"yoast-schema-graph\">{\"@context\":\"https:\/\/schema.org\",\"@graph\":[{\"@type\":\"Article\",\"@id\":\"https:\/\/psol50.org.br\/psol-questionamentos-governo-bolsonaro-inicio-2020\/#article\",\"isPartOf\":{\"@id\":\"https:\/\/psol50.org.br\/psol-questionamentos-governo-bolsonaro-inicio-2020\/\"},\"author\":{\"name\":\"Comunica\u00e7\u00e3o PSOL\",\"@id\":\"https:\/\/psol50.org.br\/#\/schema\/person\/475dfa57d0b815993c714c2e96491fcd\"},\"headline\":\"PSOL apresenta s\u00e9rie de questionamentos ao governo Bolsonaro no in\u00edcio de 2020\",\"datePublished\":\"2020-01-29T19:17:35+00:00\",\"mainEntityOfPage\":{\"@id\":\"https:\/\/psol50.org.br\/psol-questionamentos-governo-bolsonaro-inicio-2020\/\"},\"wordCount\":391,\"publisher\":{\"@id\":\"https:\/\/psol50.org.br\/#organization\"},\"image\":{\"@id\":\"https:\/\/psol50.org.br\/psol-questionamentos-governo-bolsonaro-inicio-2020\/#primaryimage\"},\"thumbnailUrl\":\"https:\/\/psol50.org.br\/inc\/uploads\/2019\/10\/Bolsonaro-vendo-o-Celular-640x403-1.jpg\",\"keywords\":[\"Bol\u00edvia\",\"Bolsonaro\",\"deporta\u00e7\u00e3o\",\"edital\",\"EUA\",\"golpe\",\"informa\u00e7\u00e3o\",\"LGBT\",\"PSOL\",\"requerimentos\"],\"articleSection\":[\"A\u00e7\u00e3o Parlamentar\",\"Not\u00edcias\"],\"inLanguage\":\"pt-BR\"},{\"@type\":\"WebPage\",\"@id\":\"https:\/\/psol50.org.br\/psol-questionamentos-governo-bolsonaro-inicio-2020\/\",\"url\":\"https:\/\/psol50.org.br\/psol-questionamentos-governo-bolsonaro-inicio-2020\/\",\"name\":\"PSOL apresenta s\u00e9rie de questionamentos ao governo Bolsonaro no in\u00edcio de 2020\",\"isPartOf\":{\"@id\":\"https:\/\/psol50.org.br\/#website\"},\"primaryImageOfPage\":{\"@id\":\"https:\/\/psol50.org.br\/psol-questionamentos-governo-bolsonaro-inicio-2020\/#primaryimage\"},\"image\":{\"@id\":\"https:\/\/psol50.org.br\/psol-questionamentos-governo-bolsonaro-inicio-2020\/#primaryimage\"},\"thumbnailUrl\":\"https:\/\/psol50.org.br\/inc\/uploads\/2019\/10\/Bolsonaro-vendo-o-Celular-640x403-1.jpg\",\"datePublished\":\"2020-01-29T19:17:35+00:00\",\"breadcrumb\":{\"@id\":\"https:\/\/psol50.org.br\/psol-questionamentos-governo-bolsonaro-inicio-2020\/#breadcrumb\"},\"inLanguage\":\"pt-BR\",\"potentialAction\":[{\"@type\":\"ReadAction\",\"target\":[\"https:\/\/psol50.org.br\/psol-questionamentos-governo-bolsonaro-inicio-2020\/\"]}]},{\"@type\":\"ImageObject\",\"inLanguage\":\"pt-BR\",\"@id\":\"https:\/\/psol50.org.br\/psol-questionamentos-governo-bolsonaro-inicio-2020\/#primaryimage\",\"url\":\"https:\/\/psol50.org.br\/inc\/uploads\/2019\/10\/Bolsonaro-vendo-o-Celular-640x403-1.jpg\",\"contentUrl\":\"https:\/\/psol50.org.br\/inc\/uploads\/2019\/10\/Bolsonaro-vendo-o-Celular-640x403-1.jpg\",\"width\":640,\"height\":403,\"caption\":\"Foto: Jorge William\"},{\"@type\":\"BreadcrumbList\",\"@id\":\"https:\/\/psol50.org.br\/psol-questionamentos-governo-bolsonaro-inicio-2020\/#breadcrumb\",\"itemListElement\":[{\"@type\":\"ListItem\",\"position\":1,\"name\":\"In\u00edcio\",\"item\":\"https:\/\/psol50.org.br\/\"},{\"@type\":\"ListItem\",\"position\":2,\"name\":\"PSOL apresenta s\u00e9rie de questionamentos ao governo Bolsonaro no in\u00edcio de 2020\"}]},{\"@type\":\"WebSite\",\"@id\":\"https:\/\/psol50.org.br\/#website\",\"url\":\"https:\/\/psol50.org.br\/\",\"name\":\"PSOL 50\",\"description\":\"Site oficial do Partido Socialismo e Liberdade\",\"publisher\":{\"@id\":\"https:\/\/psol50.org.br\/#organization\"},\"alternateName\":\"PSOL50\",\"potentialAction\":[{\"@type\":\"SearchAction\",\"target\":{\"@type\":\"EntryPoint\",\"urlTemplate\":\"https:\/\/psol50.org.br\/?s={search_term_string}\"},\"query-input\":{\"@type\":\"PropertyValueSpecification\",\"valueRequired\":true,\"valueName\":\"search_term_string\"}}],\"inLanguage\":\"pt-BR\"},{\"@type\":\"Organization\",\"@id\":\"https:\/\/psol50.org.br\/#organization\",\"name\":\"PSOL 50\",\"alternateName\":\"PSOL 50\",\"url\":\"https:\/\/psol50.org.br\/\",\"logo\":{\"@type\":\"ImageObject\",\"inLanguage\":\"pt-BR\",\"@id\":\"https:\/\/psol50.org.br\/#\/schema\/logo\/image\/\",\"url\":\"https:\/\/psol50.org.br\/inc\/uploads\/2018\/07\/capa.png\",\"contentUrl\":\"https:\/\/psol50.org.br\/inc\/uploads\/2018\/07\/capa.png\",\"width\":1350,\"height\":900,\"caption\":\"PSOL 50\"},\"image\":{\"@id\":\"https:\/\/psol50.org.br\/#\/schema\/logo\/image\/\"},\"sameAs\":[\"https:\/\/www.facebook.com\/psol50\",\"https:\/\/x.com\/psol50\",\"https:\/\/www.instagram.com\/psol50\/\",\"https:\/\/www.youtube.com\/channel\/UC7SnJS5o1os7a6CaiNabzcg\"]},{\"@type\":\"Person\",\"@id\":\"https:\/\/psol50.org.br\/#\/schema\/person\/475dfa57d0b815993c714c2e96491fcd\",\"name\":\"Comunica\u00e7\u00e3o PSOL\",\"image\":{\"@type\":\"ImageObject\",\"inLanguage\":\"pt-BR\",\"@id\":\"https:\/\/psol50.org.br\/#\/schema\/person\/image\/\",\"url\":\"https:\/\/secure.gravatar.com\/avatar\/b34fc4f4e468a4e51785917065a3db57b841f5c95dba6ad8c73aaf8f66f8f9bf?s=96&d=mm&r=g\",\"contentUrl\":\"https:\/\/secure.gravatar.com\/avatar\/b34fc4f4e468a4e51785917065a3db57b841f5c95dba6ad8c73aaf8f66f8f9bf?s=96&d=mm&r=g\",\"caption\":\"Comunica\u00e7\u00e3o PSOL\"}}]}<\/script>\n<!-- \/ Yoast SEO plugin. -->","yoast_head_json":{"title":"PSOL apresenta s\u00e9rie de questionamentos ao governo Bolsonaro no in\u00edcio de 2020","robots":{"index":"index","follow":"follow","max-snippet":"max-snippet:-1","max-image-preview":"max-image-preview:large","max-video-preview":"max-video-preview:-1"},"canonical":"https:\/\/psol50.org.br\/psol-questionamentos-governo-bolsonaro-inicio-2020\/","og_locale":"pt_BR","og_type":"article","og_title":"PSOL apresenta s\u00e9rie de questionamentos ao governo Bolsonaro no in\u00edcio de 2020","og_description":"Requerimentos de informa\u00e7\u00e3o endere\u00e7ados a diversas pastas tratam de temas diversos, como deporta\u00e7\u00e3o de brasileiros, edital de s\u00e9ries LGBT e golpe na Bol\u00edvia.","og_url":"https:\/\/psol50.org.br\/psol-questionamentos-governo-bolsonaro-inicio-2020\/","og_site_name":"PSOL 50","article_publisher":"https:\/\/www.facebook.com\/psol50","article_published_time":"2020-01-29T19:17:35+00:00","og_image":[{"width":640,"height":403,"url":"https:\/\/psol50.org.br\/inc\/uploads\/2019\/10\/Bolsonaro-vendo-o-Celular-640x403-1.jpg","type":"image\/jpeg"}],"author":"Comunica\u00e7\u00e3o PSOL","twitter_card":"summary_large_image","twitter_title":"PSOL apresenta s\u00e9rie de questionamentos ao governo Bolsonaro no in\u00edcio de 2020","twitter_description":"Requerimentos de informa\u00e7\u00e3o endere\u00e7ados a diversas pastas tratam de temas diversos, como deporta\u00e7\u00e3o de brasileiros, edital de s\u00e9ries LGBT e golpe na Bol\u00edvia.","twitter_image":"https:\/\/psol50.org.br\/inc\/uploads\/2019\/10\/Bolsonaro-vendo-o-Celular-640x403-1.jpg","twitter_creator":"@psol50","twitter_site":"@psol50","twitter_misc":{"Escrito por":"Comunica\u00e7\u00e3o PSOL","Est. tempo de leitura":"2 minutos"},"schema":{"@context":"https:\/\/schema.org","@graph":[{"@type":"Article","@id":"https:\/\/psol50.org.br\/psol-questionamentos-governo-bolsonaro-inicio-2020\/#article","isPartOf":{"@id":"https:\/\/psol50.org.br\/psol-questionamentos-governo-bolsonaro-inicio-2020\/"},"author":{"name":"Comunica\u00e7\u00e3o PSOL","@id":"https:\/\/psol50.org.br\/#\/schema\/person\/475dfa57d0b815993c714c2e96491fcd"},"headline":"PSOL apresenta s\u00e9rie de questionamentos ao governo Bolsonaro no in\u00edcio de 2020","datePublished":"2020-01-29T19:17:35+00:00","mainEntityOfPage":{"@id":"https:\/\/psol50.org.br\/psol-questionamentos-governo-bolsonaro-inicio-2020\/"},"wordCount":391,"publisher":{"@id":"https:\/\/psol50.org.br\/#organization"},"image":{"@id":"https:\/\/psol50.org.br\/psol-questionamentos-governo-bolsonaro-inicio-2020\/#primaryimage"},"thumbnailUrl":"https:\/\/psol50.org.br\/inc\/uploads\/2019\/10\/Bolsonaro-vendo-o-Celular-640x403-1.jpg","keywords":["Bol\u00edvia","Bolsonaro","deporta\u00e7\u00e3o","edital","EUA","golpe","informa\u00e7\u00e3o","LGBT","PSOL","requerimentos"],"articleSection":["A\u00e7\u00e3o Parlamentar","Not\u00edcias"],"inLanguage":"pt-BR"},{"@type":"WebPage","@id":"https:\/\/psol50.org.br\/psol-questionamentos-governo-bolsonaro-inicio-2020\/","url":"https:\/\/psol50.org.br\/psol-questionamentos-governo-bolsonaro-inicio-2020\/","name":"PSOL apresenta s\u00e9rie de questionamentos ao governo Bolsonaro no in\u00edcio de 2020","isPartOf":{"@id":"https:\/\/psol50.org.br\/#website"},"primaryImageOfPage":{"@id":"https:\/\/psol50.org.br\/psol-questionamentos-governo-bolsonaro-inicio-2020\/#primaryimage"},"image":{"@id":"https:\/\/psol50.org.br\/psol-questionamentos-governo-bolsonaro-inicio-2020\/#primaryimage"},"thumbnailUrl":"https:\/\/psol50.org.br\/inc\/uploads\/2019\/10\/Bolsonaro-vendo-o-Celular-640x403-1.jpg","datePublished":"2020-01-29T19:17:35+00:00","breadcrumb":{"@id":"https:\/\/psol50.org.br\/psol-questionamentos-governo-bolsonaro-inicio-2020\/#breadcrumb"},"inLanguage":"pt-BR","potentialAction":[{"@type":"ReadAction","target":["https:\/\/psol50.org.br\/psol-questionamentos-governo-bolsonaro-inicio-2020\/"]}]},{"@type":"ImageObject","inLanguage":"pt-BR","@id":"https:\/\/psol50.org.br\/psol-questionamentos-governo-bolsonaro-inicio-2020\/#primaryimage","url":"https:\/\/psol50.org.br\/inc\/uploads\/2019\/10\/Bolsonaro-vendo-o-Celular-640x403-1.jpg","contentUrl":"https:\/\/psol50.org.br\/inc\/uploads\/2019\/10\/Bolsonaro-vendo-o-Celular-640x403-1.jpg","width":640,"height":403,"caption":"Foto: Jorge William"},{"@type":"BreadcrumbList","@id":"https:\/\/psol50.org.br\/psol-questionamentos-governo-bolsonaro-inicio-2020\/#breadcrumb","itemListElement":[{"@type":"ListItem","position":1,"name":"In\u00edcio","item":"https:\/\/psol50.org.br\/"},{"@type":"ListItem","position":2,"name":"PSOL apresenta s\u00e9rie de questionamentos ao governo Bolsonaro no in\u00edcio de 2020"}]},{"@type":"WebSite","@id":"https:\/\/psol50.org.br\/#website","url":"https:\/\/psol50.org.br\/","name":"PSOL 50","description":"Site oficial do Partido Socialismo e Liberdade","publisher":{"@id":"https:\/\/psol50.org.br\/#organization"},"alternateName":"PSOL50","potentialAction":[{"@type":"SearchAction","target":{"@type":"EntryPoint","urlTemplate":"https:\/\/psol50.org.br\/?s={search_term_string}"},"query-input":{"@type":"PropertyValueSpecification","valueRequired":true,"valueName":"search_term_string"}}],"inLanguage":"pt-BR"},{"@type":"Organization","@id":"https:\/\/psol50.org.br\/#organization","name":"PSOL 50","alternateName":"PSOL 50","url":"https:\/\/psol50.org.br\/","logo":{"@type":"ImageObject","inLanguage":"pt-BR","@id":"https:\/\/psol50.org.br\/#\/schema\/logo\/image\/","url":"https:\/\/psol50.org.br\/inc\/uploads\/2018\/07\/capa.png","contentUrl":"https:\/\/psol50.org.br\/inc\/uploads\/2018\/07\/capa.png","width":1350,"height":900,"caption":"PSOL 50"},"image":{"@id":"https:\/\/psol50.org.br\/#\/schema\/logo\/image\/"},"sameAs":["https:\/\/www.facebook.com\/psol50","https:\/\/x.com\/psol50","https:\/\/www.instagram.com\/psol50\/","https:\/\/www.youtube.com\/channel\/UC7SnJS5o1os7a6CaiNabzcg"]},{"@type":"Person","@id":"https:\/\/psol50.org.br\/#\/schema\/person\/475dfa57d0b815993c714c2e96491fcd","name":"Comunica\u00e7\u00e3o PSOL","image":{"@type":"ImageObject","inLanguage":"pt-BR","@id":"https:\/\/psol50.org.br\/#\/schema\/person\/image\/","url":"https:\/\/secure.gravatar.com\/avatar\/b34fc4f4e468a4e51785917065a3db57b841f5c95dba6ad8c73aaf8f66f8f9bf?s=96&d=mm&r=g","contentUrl":"https:\/\/secure.gravatar.com\/avatar\/b34fc4f4e468a4e51785917065a3db57b841f5c95dba6ad8c73aaf8f66f8f9bf?s=96&d=mm&r=g","caption":"Comunica\u00e7\u00e3o PSOL"}}]}},"_links":{"self":[{"href":"https:\/\/psol50.org.br\/rest\/wp\/v2\/posts\/27363","targetHints":{"allow":["GET"]}}],"collection":[{"href":"https:\/\/psol50.org.br\/rest\/wp\/v2\/posts"}],"about":[{"href":"https:\/\/psol50.org.br\/rest\/wp\/v2\/types\/post"}],"author":[{"embeddable":true,"href":"https:\/\/psol50.org.br\/rest\/wp\/v2\/users\/2"}],"replies":[{"embeddable":true,"href":"https:\/\/psol50.org.br\/rest\/wp\/v2\/comments?post=27363"}],"version-history":[{"count":0,"href":"https:\/\/psol50.org.br\/rest\/wp\/v2\/posts\/27363\/revisions"}],"wp:featuredmedia":[{"embeddable":true,"href":"https:\/\/psol50.org.br\/rest\/wp\/v2\/media\/26773"}],"wp:attachment":[{"href":"https:\/\/psol50.org.br\/rest\/wp\/v2\/media?parent=27363"}],"wp:term":[{"taxonomy":"category","embeddable":true,"href":"https:\/\/psol50.org.br\/rest\/wp\/v2\/categories?post=27363"},{"taxonomy":"post_tag","embeddable":true,"href":"https:\/\/psol50.org.br\/rest\/wp\/v2\/tags?post=27363"}],"curies":[{"name":"wp","href":"https:\/\/api.w.org\/{rel}","templated":true}]}}