{"id":27369,"date":"2020-01-30T11:42:39","date_gmt":"2020-01-30T14:42:39","guid":{"rendered":"http:\/\/psol50.org.br\/?p=27369"},"modified":"2020-01-30T11:42:39","modified_gmt":"2020-01-30T14:42:39","slug":"marcelo-freixo-crise-do-rio-e-tragedia-anunciada","status":"publish","type":"post","link":"https:\/\/psol50.org.br\/marcelo-freixo-crise-do-rio-e-tragedia-anunciada\/","title":{"rendered":"Marcelo Freixo | Crise do Rio \u00e9 trag\u00e9dia anunciada"},"content":{"rendered":"<p><a href=\"https:\/\/www1.folha.uol.com.br\/opiniao\/2020\/01\/crise-do-rio-e-tragedia-anunciada.shtml\" target=\"_blank\" rel=\"noopener noreferrer\"><em>Originalmente publicado em Folha de S.Paulo.<\/em><\/a><\/p>\n<p>A Prefeitura do Rio de Janeiro quebrou: o prefeito Marcelo Crivella (Republicanos) anunciou no fim do ano passado a suspens\u00e3o do pagamento do 13\u00ba sal\u00e1rio e de todos os contratos de obras e servi\u00e7os.<\/p>\n<p>O colapso foi precedido pelo agravamento da crise na rede p\u00fablica de sa\u00fade: pacientes em desespero, hospitais e cl\u00ednicas sem m\u00e9dicos, unidades de emerg\u00eancia sem rem\u00e9dios, pessoas internadas sem ter o que comer.<\/p>\n<p>Entretanto, Crivella n\u00e3o \u00e9 o \u00fanico respons\u00e1vel pelo desmoronamento da prefeitura. H\u00e1 anos o Rio \u00e9 v\u00edtima de um jeito de governar corrupto e irrespons\u00e1vel na forma como administra o dinheiro p\u00fablico.<\/p>\n<p>A gest\u00e3o Crivella \u00e9 marcada pela desorganiza\u00e7\u00e3o or\u00e7ament\u00e1ria e neglig\u00eancia em rela\u00e7\u00e3o a \u00e1reas priorit\u00e1rias, como sa\u00fade e educa\u00e7\u00e3o, mas de fato ele assumiu o munic\u00edpio com graves problemas financeiros, uma heran\u00e7a do ex-prefeito Eduardo Paes (DEM).<\/p>\n<p>Paes modificou o perfil do endividamento municipal e armou uma bomba para seu sucessor. Ap\u00f3s ser beneficiado com a renegocia\u00e7\u00e3o da d\u00edvida com a Uni\u00e3o, ele contratou empr\u00e9stimos com bancos para financiar as obras dos megaeventos, que se tornaram escoadouro de dinheiro p\u00fablico devido a desperd\u00edcio e corrup\u00e7\u00e3o.<\/p>\n<p>O problema \u00e9 que Paes negociou condi\u00e7\u00f5es favor\u00e1veis para a realiza\u00e7\u00e3o dos pagamentos at\u00e9 2016, \u00faltimo ano da sua gest\u00e3o, deixando a parte mais pesada da d\u00edvida para o prefeito seguinte. Em 2016, o d\u00e9bito com credores foi de R$ 887 milh\u00f5es. Para este ano, ser\u00e1 de R$ 2,07 bilh\u00f5es. Essa diferen\u00e7a de R$ 1,18 bilh\u00e3o, se bem aplicada, resolveria a crise na sa\u00fade.<\/p>\n<p>A trag\u00e9dia se consumou quando a irresponsabilidade fiscal de Paes se somou \u00e0 incompet\u00eancia e descaso de Crivella, cuja administra\u00e7\u00e3o \u00e9 marcada pela completa falta de planejamento, distribui\u00e7\u00e3o de cargos estrat\u00e9gicos em troca de apoio pol\u00edtico e neglig\u00eancia com os servi\u00e7os p\u00fablicos.<\/p>\n<p>A crise na sa\u00fade mostra como o colapso do Rio \u00e9 consequ\u00eancia de uma sucess\u00e3o de erros antigos. Tamb\u00e9m neste caso, Paes montou as bases do problema ao terceirizar a administra\u00e7\u00e3o do sistema atrav\u00e9s de Organiza\u00e7\u00f5es Sociais (OSs), que recebem muito dinheiro p\u00fablico para gerir a rede sem a devida transpar\u00eancia. O resultado foi desperd\u00edcio e corrup\u00e7\u00e3o, com superfaturamento de contratos e pagamentos de sal\u00e1rios a dirigentes muito acima do mercado.<\/p>\n<p>Se por um lado Paes armou a bomba, Crivella acendeu o pavio ao abandonar o sistema. O Minist\u00e9rio P\u00fablico do Rio de Janeiro mostrou que o prefeito desviou para outras \u00e1reas R$ 1,6 bilh\u00e3o que deveria ser investido na sa\u00fade.<\/p>\n<p>O cen\u00e1rio \u00e9 desolador, mas existem caminhos para come\u00e7armos a super\u00e1-lo. A medida mais urgente \u00e9 a forma\u00e7\u00e3o de um gabinete integrado de crise, com a participa\u00e7\u00e3o da C\u00e2mara de Vereadores, da C\u00e2mara de Deputados e dos governos estadual e federal. \u00c9 necess\u00e1rio um esfor\u00e7o conjunto para garantir o atendimento \u00e0 popula\u00e7\u00e3o e fontes de financiamento. De imediato, tamb\u00e9m \u00e9 necess\u00e1rio criar um programa de cobran\u00e7a dos grandes devedores do munic\u00edpio e revisar concess\u00f5es e benef\u00edcios fiscais ilegais.<\/p>\n<p>Al\u00e9m dessas a\u00e7\u00f5es urgentes, tamb\u00e9m s\u00e3o necess\u00e1rias medidas estruturais, como a revis\u00e3o do pacto federativo, para garantir mais recursos da Uni\u00e3o aos munic\u00edpios, e uma reforma tribut\u00e1ria que diminua os impostos sobre classe m\u00e9dia e pobres, simplifique o sistema e melhore a arrecada\u00e7\u00e3o das cidades.<\/p>\n<p><em><strong>Marcelo Freixo<\/strong><\/em><br \/>\n<em><strong>Deputado Federal pelo PSOL-RJ e ex-deputado estadual do Rio de Janeiro entre 2007 e 2019<\/strong><\/em><\/p>\n","protected":false},"excerpt":{"rendered":"<p>Originalmente publicado em Folha de S.Paulo. A Prefeitura do Rio de Janeiro quebrou: o prefeito Marcelo Crivella (Republicanos) anunciou no fim do ano passado a suspens\u00e3o do pagamento do 13\u00ba sal\u00e1rio e de todos os contratos de obras e servi\u00e7os. O colapso foi precedido pelo agravamento da crise na rede p\u00fablica de sa\u00fade: pacientes em [&hellip;]<\/p>\n","protected":false},"author":2,"featured_media":27371,"comment_status":"closed","ping_status":"open","sticky":false,"template":"","format":"standard","meta":{"_acf_changed":false,"footnotes":""},"categories":[6],"tags":[158,159,160,161,162],"class_list":{"0":"post-27369","1":"post","2":"type-post","3":"status-publish","4":"format-standard","5":"has-post-thumbnail","7":"category-noticias","8":"tag-agua","9":"tag-colapso-no-rio","10":"tag-marcelo-crivella","11":"tag-marcelo-freixo","12":"tag-rio-de-janeiro"},"acf":[],"yoast_head":"<!-- This site is optimized with the Yoast SEO plugin v26.5 - https:\/\/yoast.com\/wordpress\/plugins\/seo\/ -->\n<title>Marcelo Freixo | Crise do Rio \u00e9 trag\u00e9dia anunciada -<\/title>\n<meta name=\"robots\" content=\"index, follow, max-snippet:-1, max-image-preview:large, max-video-preview:-1\" \/>\n<link rel=\"canonical\" href=\"https:\/\/psol50.org.br\/marcelo-freixo-crise-do-rio-e-tragedia-anunciada\/\" \/>\n<meta property=\"og:locale\" content=\"pt_BR\" \/>\n<meta property=\"og:type\" content=\"article\" \/>\n<meta property=\"og:title\" content=\"Crise do Rio \u00e9 trag\u00e9dia anunciada\" \/>\n<meta property=\"og:description\" content=\"Para Marcelo Freixo, o colapso da cidade vem ap\u00f3s sucess\u00e3o de erros antigos.\" \/>\n<meta property=\"og:url\" content=\"https:\/\/psol50.org.br\/marcelo-freixo-crise-do-rio-e-tragedia-anunciada\/\" \/>\n<meta property=\"og:site_name\" content=\"PSOL 50\" \/>\n<meta property=\"article:publisher\" content=\"https:\/\/www.facebook.com\/psol50\" \/>\n<meta property=\"article:published_time\" content=\"2020-01-30T14:42:39+00:00\" \/>\n<meta property=\"og:image\" content=\"https:\/\/psol50.org.br\/inc\/uploads\/2020\/01\/48496030412_19d3ebedaa_o-scaled-1.jpg\" \/>\n\t<meta property=\"og:image:width\" content=\"1920\" \/>\n\t<meta property=\"og:image:height\" content=\"1280\" \/>\n\t<meta property=\"og:image:type\" content=\"image\/jpeg\" \/>\n<meta name=\"author\" content=\"Comunica\u00e7\u00e3o PSOL\" \/>\n<meta name=\"twitter:card\" content=\"summary_large_image\" \/>\n<meta name=\"twitter:title\" content=\"Crise do Rio \u00e9 trag\u00e9dia anunciada\" \/>\n<meta name=\"twitter:description\" content=\"Para Marcelo Freixo, o colapso da cidade vem ap\u00f3s sucess\u00e3o de erros antigos.\" \/>\n<meta name=\"twitter:image\" content=\"https:\/\/psol50.org.br\/inc\/uploads\/2020\/01\/48496030412_19d3ebedaa_o-scaled-1.jpg\" \/>\n<meta name=\"twitter:creator\" content=\"@psol50\" \/>\n<meta name=\"twitter:site\" content=\"@psol50\" \/>\n<meta name=\"twitter:label1\" content=\"Escrito por\" \/>\n\t<meta name=\"twitter:data1\" content=\"Comunica\u00e7\u00e3o PSOL\" \/>\n\t<meta name=\"twitter:label2\" content=\"Est. tempo de leitura\" \/>\n\t<meta name=\"twitter:data2\" content=\"3 minutos\" \/>\n<script type=\"application\/ld+json\" class=\"yoast-schema-graph\">{\"@context\":\"https:\/\/schema.org\",\"@graph\":[{\"@type\":\"Article\",\"@id\":\"https:\/\/psol50.org.br\/marcelo-freixo-crise-do-rio-e-tragedia-anunciada\/#article\",\"isPartOf\":{\"@id\":\"https:\/\/psol50.org.br\/marcelo-freixo-crise-do-rio-e-tragedia-anunciada\/\"},\"author\":{\"name\":\"Comunica\u00e7\u00e3o PSOL\",\"@id\":\"https:\/\/psol50.org.br\/#\/schema\/person\/475dfa57d0b815993c714c2e96491fcd\"},\"headline\":\"Marcelo Freixo | Crise do Rio \u00e9 trag\u00e9dia anunciada\",\"datePublished\":\"2020-01-30T14:42:39+00:00\",\"mainEntityOfPage\":{\"@id\":\"https:\/\/psol50.org.br\/marcelo-freixo-crise-do-rio-e-tragedia-anunciada\/\"},\"wordCount\":631,\"publisher\":{\"@id\":\"https:\/\/psol50.org.br\/#organization\"},\"image\":{\"@id\":\"https:\/\/psol50.org.br\/marcelo-freixo-crise-do-rio-e-tragedia-anunciada\/#primaryimage\"},\"thumbnailUrl\":\"https:\/\/psol50.org.br\/inc\/uploads\/2020\/01\/48496030412_19d3ebedaa_o-scaled-1.jpg\",\"keywords\":[\"\u00e1gua\",\"Colapso no Rio\",\"Marcelo Crivella\",\"Marcelo Freixo\",\"Rio de Janeiro\"],\"articleSection\":[\"Not\u00edcias\"],\"inLanguage\":\"pt-BR\"},{\"@type\":\"WebPage\",\"@id\":\"https:\/\/psol50.org.br\/marcelo-freixo-crise-do-rio-e-tragedia-anunciada\/\",\"url\":\"https:\/\/psol50.org.br\/marcelo-freixo-crise-do-rio-e-tragedia-anunciada\/\",\"name\":\"Marcelo Freixo | Crise do Rio \u00e9 trag\u00e9dia anunciada -\",\"isPartOf\":{\"@id\":\"https:\/\/psol50.org.br\/#website\"},\"primaryImageOfPage\":{\"@id\":\"https:\/\/psol50.org.br\/marcelo-freixo-crise-do-rio-e-tragedia-anunciada\/#primaryimage\"},\"image\":{\"@id\":\"https:\/\/psol50.org.br\/marcelo-freixo-crise-do-rio-e-tragedia-anunciada\/#primaryimage\"},\"thumbnailUrl\":\"https:\/\/psol50.org.br\/inc\/uploads\/2020\/01\/48496030412_19d3ebedaa_o-scaled-1.jpg\",\"datePublished\":\"2020-01-30T14:42:39+00:00\",\"breadcrumb\":{\"@id\":\"https:\/\/psol50.org.br\/marcelo-freixo-crise-do-rio-e-tragedia-anunciada\/#breadcrumb\"},\"inLanguage\":\"pt-BR\",\"potentialAction\":[{\"@type\":\"ReadAction\",\"target\":[\"https:\/\/psol50.org.br\/marcelo-freixo-crise-do-rio-e-tragedia-anunciada\/\"]}]},{\"@type\":\"ImageObject\",\"inLanguage\":\"pt-BR\",\"@id\":\"https:\/\/psol50.org.br\/marcelo-freixo-crise-do-rio-e-tragedia-anunciada\/#primaryimage\",\"url\":\"https:\/\/psol50.org.br\/inc\/uploads\/2020\/01\/48496030412_19d3ebedaa_o-scaled-1.jpg\",\"contentUrl\":\"https:\/\/psol50.org.br\/inc\/uploads\/2020\/01\/48496030412_19d3ebedaa_o-scaled-1.jpg\",\"width\":1920,\"height\":1280},{\"@type\":\"BreadcrumbList\",\"@id\":\"https:\/\/psol50.org.br\/marcelo-freixo-crise-do-rio-e-tragedia-anunciada\/#breadcrumb\",\"itemListElement\":[{\"@type\":\"ListItem\",\"position\":1,\"name\":\"In\u00edcio\",\"item\":\"https:\/\/psol50.org.br\/\"},{\"@type\":\"ListItem\",\"position\":2,\"name\":\"Marcelo Freixo | Crise do Rio \u00e9 trag\u00e9dia anunciada\"}]},{\"@type\":\"WebSite\",\"@id\":\"https:\/\/psol50.org.br\/#website\",\"url\":\"https:\/\/psol50.org.br\/\",\"name\":\"PSOL 50\",\"description\":\"Site oficial do Partido Socialismo e Liberdade\",\"publisher\":{\"@id\":\"https:\/\/psol50.org.br\/#organization\"},\"alternateName\":\"PSOL50\",\"potentialAction\":[{\"@type\":\"SearchAction\",\"target\":{\"@type\":\"EntryPoint\",\"urlTemplate\":\"https:\/\/psol50.org.br\/?s={search_term_string}\"},\"query-input\":{\"@type\":\"PropertyValueSpecification\",\"valueRequired\":true,\"valueName\":\"search_term_string\"}}],\"inLanguage\":\"pt-BR\"},{\"@type\":\"Organization\",\"@id\":\"https:\/\/psol50.org.br\/#organization\",\"name\":\"PSOL 50\",\"alternateName\":\"PSOL 50\",\"url\":\"https:\/\/psol50.org.br\/\",\"logo\":{\"@type\":\"ImageObject\",\"inLanguage\":\"pt-BR\",\"@id\":\"https:\/\/psol50.org.br\/#\/schema\/logo\/image\/\",\"url\":\"https:\/\/psol50.org.br\/inc\/uploads\/2018\/07\/capa.png\",\"contentUrl\":\"https:\/\/psol50.org.br\/inc\/uploads\/2018\/07\/capa.png\",\"width\":1350,\"height\":900,\"caption\":\"PSOL 50\"},\"image\":{\"@id\":\"https:\/\/psol50.org.br\/#\/schema\/logo\/image\/\"},\"sameAs\":[\"https:\/\/www.facebook.com\/psol50\",\"https:\/\/x.com\/psol50\",\"https:\/\/www.instagram.com\/psol50\/\",\"https:\/\/www.youtube.com\/channel\/UC7SnJS5o1os7a6CaiNabzcg\"]},{\"@type\":\"Person\",\"@id\":\"https:\/\/psol50.org.br\/#\/schema\/person\/475dfa57d0b815993c714c2e96491fcd\",\"name\":\"Comunica\u00e7\u00e3o PSOL\",\"image\":{\"@type\":\"ImageObject\",\"inLanguage\":\"pt-BR\",\"@id\":\"https:\/\/psol50.org.br\/#\/schema\/person\/image\/\",\"url\":\"https:\/\/secure.gravatar.com\/avatar\/b34fc4f4e468a4e51785917065a3db57b841f5c95dba6ad8c73aaf8f66f8f9bf?s=96&d=mm&r=g\",\"contentUrl\":\"https:\/\/secure.gravatar.com\/avatar\/b34fc4f4e468a4e51785917065a3db57b841f5c95dba6ad8c73aaf8f66f8f9bf?s=96&d=mm&r=g\",\"caption\":\"Comunica\u00e7\u00e3o PSOL\"}}]}<\/script>\n<!-- \/ Yoast SEO plugin. -->","yoast_head_json":{"title":"Marcelo Freixo | Crise do Rio \u00e9 trag\u00e9dia anunciada -","robots":{"index":"index","follow":"follow","max-snippet":"max-snippet:-1","max-image-preview":"max-image-preview:large","max-video-preview":"max-video-preview:-1"},"canonical":"https:\/\/psol50.org.br\/marcelo-freixo-crise-do-rio-e-tragedia-anunciada\/","og_locale":"pt_BR","og_type":"article","og_title":"Crise do Rio \u00e9 trag\u00e9dia anunciada","og_description":"Para Marcelo Freixo, o colapso da cidade vem ap\u00f3s sucess\u00e3o de erros antigos.","og_url":"https:\/\/psol50.org.br\/marcelo-freixo-crise-do-rio-e-tragedia-anunciada\/","og_site_name":"PSOL 50","article_publisher":"https:\/\/www.facebook.com\/psol50","article_published_time":"2020-01-30T14:42:39+00:00","og_image":[{"width":1920,"height":1280,"url":"https:\/\/psol50.org.br\/inc\/uploads\/2020\/01\/48496030412_19d3ebedaa_o-scaled-1.jpg","type":"image\/jpeg"}],"author":"Comunica\u00e7\u00e3o PSOL","twitter_card":"summary_large_image","twitter_title":"Crise do Rio \u00e9 trag\u00e9dia anunciada","twitter_description":"Para Marcelo Freixo, o colapso da cidade vem ap\u00f3s sucess\u00e3o de erros antigos.","twitter_image":"https:\/\/psol50.org.br\/inc\/uploads\/2020\/01\/48496030412_19d3ebedaa_o-scaled-1.jpg","twitter_creator":"@psol50","twitter_site":"@psol50","twitter_misc":{"Escrito por":"Comunica\u00e7\u00e3o PSOL","Est. tempo de leitura":"3 minutos"},"schema":{"@context":"https:\/\/schema.org","@graph":[{"@type":"Article","@id":"https:\/\/psol50.org.br\/marcelo-freixo-crise-do-rio-e-tragedia-anunciada\/#article","isPartOf":{"@id":"https:\/\/psol50.org.br\/marcelo-freixo-crise-do-rio-e-tragedia-anunciada\/"},"author":{"name":"Comunica\u00e7\u00e3o PSOL","@id":"https:\/\/psol50.org.br\/#\/schema\/person\/475dfa57d0b815993c714c2e96491fcd"},"headline":"Marcelo Freixo | Crise do Rio \u00e9 trag\u00e9dia anunciada","datePublished":"2020-01-30T14:42:39+00:00","mainEntityOfPage":{"@id":"https:\/\/psol50.org.br\/marcelo-freixo-crise-do-rio-e-tragedia-anunciada\/"},"wordCount":631,"publisher":{"@id":"https:\/\/psol50.org.br\/#organization"},"image":{"@id":"https:\/\/psol50.org.br\/marcelo-freixo-crise-do-rio-e-tragedia-anunciada\/#primaryimage"},"thumbnailUrl":"https:\/\/psol50.org.br\/inc\/uploads\/2020\/01\/48496030412_19d3ebedaa_o-scaled-1.jpg","keywords":["\u00e1gua","Colapso no Rio","Marcelo Crivella","Marcelo Freixo","Rio de Janeiro"],"articleSection":["Not\u00edcias"],"inLanguage":"pt-BR"},{"@type":"WebPage","@id":"https:\/\/psol50.org.br\/marcelo-freixo-crise-do-rio-e-tragedia-anunciada\/","url":"https:\/\/psol50.org.br\/marcelo-freixo-crise-do-rio-e-tragedia-anunciada\/","name":"Marcelo Freixo | Crise do Rio \u00e9 trag\u00e9dia anunciada -","isPartOf":{"@id":"https:\/\/psol50.org.br\/#website"},"primaryImageOfPage":{"@id":"https:\/\/psol50.org.br\/marcelo-freixo-crise-do-rio-e-tragedia-anunciada\/#primaryimage"},"image":{"@id":"https:\/\/psol50.org.br\/marcelo-freixo-crise-do-rio-e-tragedia-anunciada\/#primaryimage"},"thumbnailUrl":"https:\/\/psol50.org.br\/inc\/uploads\/2020\/01\/48496030412_19d3ebedaa_o-scaled-1.jpg","datePublished":"2020-01-30T14:42:39+00:00","breadcrumb":{"@id":"https:\/\/psol50.org.br\/marcelo-freixo-crise-do-rio-e-tragedia-anunciada\/#breadcrumb"},"inLanguage":"pt-BR","potentialAction":[{"@type":"ReadAction","target":["https:\/\/psol50.org.br\/marcelo-freixo-crise-do-rio-e-tragedia-anunciada\/"]}]},{"@type":"ImageObject","inLanguage":"pt-BR","@id":"https:\/\/psol50.org.br\/marcelo-freixo-crise-do-rio-e-tragedia-anunciada\/#primaryimage","url":"https:\/\/psol50.org.br\/inc\/uploads\/2020\/01\/48496030412_19d3ebedaa_o-scaled-1.jpg","contentUrl":"https:\/\/psol50.org.br\/inc\/uploads\/2020\/01\/48496030412_19d3ebedaa_o-scaled-1.jpg","width":1920,"height":1280},{"@type":"BreadcrumbList","@id":"https:\/\/psol50.org.br\/marcelo-freixo-crise-do-rio-e-tragedia-anunciada\/#breadcrumb","itemListElement":[{"@type":"ListItem","position":1,"name":"In\u00edcio","item":"https:\/\/psol50.org.br\/"},{"@type":"ListItem","position":2,"name":"Marcelo Freixo | Crise do Rio \u00e9 trag\u00e9dia anunciada"}]},{"@type":"WebSite","@id":"https:\/\/psol50.org.br\/#website","url":"https:\/\/psol50.org.br\/","name":"PSOL 50","description":"Site oficial do Partido Socialismo e Liberdade","publisher":{"@id":"https:\/\/psol50.org.br\/#organization"},"alternateName":"PSOL50","potentialAction":[{"@type":"SearchAction","target":{"@type":"EntryPoint","urlTemplate":"https:\/\/psol50.org.br\/?s={search_term_string}"},"query-input":{"@type":"PropertyValueSpecification","valueRequired":true,"valueName":"search_term_string"}}],"inLanguage":"pt-BR"},{"@type":"Organization","@id":"https:\/\/psol50.org.br\/#organization","name":"PSOL 50","alternateName":"PSOL 50","url":"https:\/\/psol50.org.br\/","logo":{"@type":"ImageObject","inLanguage":"pt-BR","@id":"https:\/\/psol50.org.br\/#\/schema\/logo\/image\/","url":"https:\/\/psol50.org.br\/inc\/uploads\/2018\/07\/capa.png","contentUrl":"https:\/\/psol50.org.br\/inc\/uploads\/2018\/07\/capa.png","width":1350,"height":900,"caption":"PSOL 50"},"image":{"@id":"https:\/\/psol50.org.br\/#\/schema\/logo\/image\/"},"sameAs":["https:\/\/www.facebook.com\/psol50","https:\/\/x.com\/psol50","https:\/\/www.instagram.com\/psol50\/","https:\/\/www.youtube.com\/channel\/UC7SnJS5o1os7a6CaiNabzcg"]},{"@type":"Person","@id":"https:\/\/psol50.org.br\/#\/schema\/person\/475dfa57d0b815993c714c2e96491fcd","name":"Comunica\u00e7\u00e3o PSOL","image":{"@type":"ImageObject","inLanguage":"pt-BR","@id":"https:\/\/psol50.org.br\/#\/schema\/person\/image\/","url":"https:\/\/secure.gravatar.com\/avatar\/b34fc4f4e468a4e51785917065a3db57b841f5c95dba6ad8c73aaf8f66f8f9bf?s=96&d=mm&r=g","contentUrl":"https:\/\/secure.gravatar.com\/avatar\/b34fc4f4e468a4e51785917065a3db57b841f5c95dba6ad8c73aaf8f66f8f9bf?s=96&d=mm&r=g","caption":"Comunica\u00e7\u00e3o PSOL"}}]}},"_links":{"self":[{"href":"https:\/\/psol50.org.br\/rest\/wp\/v2\/posts\/27369","targetHints":{"allow":["GET"]}}],"collection":[{"href":"https:\/\/psol50.org.br\/rest\/wp\/v2\/posts"}],"about":[{"href":"https:\/\/psol50.org.br\/rest\/wp\/v2\/types\/post"}],"author":[{"embeddable":true,"href":"https:\/\/psol50.org.br\/rest\/wp\/v2\/users\/2"}],"replies":[{"embeddable":true,"href":"https:\/\/psol50.org.br\/rest\/wp\/v2\/comments?post=27369"}],"version-history":[{"count":0,"href":"https:\/\/psol50.org.br\/rest\/wp\/v2\/posts\/27369\/revisions"}],"wp:featuredmedia":[{"embeddable":true,"href":"https:\/\/psol50.org.br\/rest\/wp\/v2\/media\/27371"}],"wp:attachment":[{"href":"https:\/\/psol50.org.br\/rest\/wp\/v2\/media?parent=27369"}],"wp:term":[{"taxonomy":"category","embeddable":true,"href":"https:\/\/psol50.org.br\/rest\/wp\/v2\/categories?post=27369"},{"taxonomy":"post_tag","embeddable":true,"href":"https:\/\/psol50.org.br\/rest\/wp\/v2\/tags?post=27369"}],"curies":[{"name":"wp","href":"https:\/\/api.w.org\/{rel}","templated":true}]}}