{"id":27374,"date":"2020-01-30T14:36:35","date_gmt":"2020-01-30T17:36:35","guid":{"rendered":"http:\/\/psol50.org.br\/?p=27374"},"modified":"2020-01-30T14:36:35","modified_gmt":"2020-01-30T17:36:35","slug":"psol-propoe-fiscalizacao-de-caos-no-mec-pela-comissao-de-educacao-ao-lado-do-tcu","status":"publish","type":"post","link":"https:\/\/psol50.org.br\/psol-propoe-fiscalizacao-de-caos-no-mec-pela-comissao-de-educacao-ao-lado-do-tcu\/","title":{"rendered":"PSOL prop\u00f5e fiscaliza\u00e7\u00e3o de caos no MEC pela Comiss\u00e3o de Educa\u00e7\u00e3o ao lado do TCU"},"content":{"rendered":"<p>A bancada do PSOL na C\u00e2mara dos Deputados apresentou nesta semana a proposta de um novo instrumento regimental no parlamento para garantir maior transpar\u00eancia no Minist\u00e9rio da Educa\u00e7\u00e3o, respons\u00e1vel pelo caos instaurado no processo do ENEM e que deixou conturbadas as divulga\u00e7\u00f5es dos resultados do Sisu e das inscri\u00e7\u00f5es de bolsas do ProUni para acessar o ensino superior.<\/p>\n<p>A medida garante prerrogativa \u00e0 Comiss\u00e3o de Educa\u00e7\u00e3o da C\u00e2mara, ao lado do Tribunal de Contas da Uni\u00e3o (TCU), de fiscalizar a atua\u00e7\u00e3o do Minist\u00e9rio da Educa\u00e7\u00e3o (MEC). A falta de transpar\u00eancia \u00e0 sociedade brasileira na gest\u00e3o de processos e recursos no MEC tem ajudado a levar a pasta a recorrentes erros e a\u00e7\u00f5es equivocadas tomadas por Abraham Weintraub e sua equipe.<\/p>\n<h6>Durante o ano de 2019 a bancada do PSOL tomou uma s\u00e9rie de provid\u00eancias para exigir explica\u00e7\u00f5es ao MEC e ao chefe da pasta, Abraham Weintraub. Relembre algumas delas:<\/h6>\n<p>&#8211; <strong><a href=\"http:\/\/psol50.org.br\/psol-vai-a-pgr-contra-ministro-da-educacao-por-improbidade-administrativa\/\">PSOL acionou a Procuradoria-Geral da Rep\u00fablica<\/a><\/strong> (PGR) pedindo a condena\u00e7\u00e3o de Abraham Weintraub por improbidade administrativa em abril de 2019, ap\u00f3s an\u00fancio de corte de verbas em universidades por persegui\u00e7\u00e3o ideol\u00f3gica.<\/p>\n<p>&#8211; Bancada do partido apresentou <strong><a href=\"http:\/\/psol50.org.br\/bancada-do-psol-apresentara-projeto-para-impedir-cortes-em-orcamento-de-universidades\/\">projeto para impedir cortes no or\u00e7amento de universidades federais<\/a><\/strong>.<\/p>\n<p>&#8211; <strong><a href=\"http:\/\/psol50.org.br\/psol-protocola-representacao-contra-weintraub-na-pgr\/\">Nova den\u00fancia contra Abraham Weintraub na PGR<\/a><\/strong> ap\u00f3s nota do MEC que incentivou a persegui\u00e7\u00e3o pol\u00edtica de estudantes, professores e servidores que participassem de manifesta\u00e7\u00f5es.<\/p>\n<p>&#8211; <strong><a href=\"http:\/\/psol50.org.br\/psol-exige-condenacao-do-mec-por-propaganda-racista\/\">PSOL exigiu condena\u00e7\u00e3o do MEC<\/a><\/strong> ap\u00f3s propaganda racista veiculada pelo minist\u00e9rio.<\/p>\n<p>&#8211; PSOL questionou Weintraub sobre a fus\u00e3o da Capes com o CNPq e <strong><a href=\"http:\/\/psol50.org.br\/abraham-weintraub-se-nega-a-responder-questionamentos-do-psol-sobre-fusao-de-capes-e-cnpq\/\">ministro se negou a responder<\/a><\/strong>.<\/p>\n<p>&#8211; <strong><a href=\"http:\/\/psol50.org.br\/psol-denuncia-weintraub-a-comissao-de-etica-da-presidencia-apos-xingamento-a-mae-de-internauta\/\">Den\u00fancia \u00e0 Comiss\u00e3o de \u00c9tica da Presid\u00eancia<\/a> <\/strong>ap\u00f3s Abraham Weintraub xingar a m\u00e3e de internauta de &#8220;\u00e9gua sarnenta e desdentada&#8221;.<\/p>\n<p>&#8211; <strong><a href=\"http:\/\/psol50.org.br\/psol-exige-weintraub-camara-fake-news-maconha-universidades\/\">PSOL tamb\u00e9m convocou Abraham Weintraub \u00e0 C\u00e2mara dos Deputados<\/a><\/strong> para ele explicar as fake news que divulgou sobre &#8220;maconha nas universidades&#8221;.<\/p>\n","protected":false},"excerpt":{"rendered":"<p>A bancada do PSOL na C\u00e2mara dos Deputados apresentou nesta semana a proposta de um novo instrumento regimental no parlamento para garantir maior transpar\u00eancia no Minist\u00e9rio da Educa\u00e7\u00e3o, respons\u00e1vel pelo caos instaurado no processo do ENEM e que deixou conturbadas as divulga\u00e7\u00f5es dos resultados do Sisu e das inscri\u00e7\u00f5es de bolsas do ProUni para acessar [&hellip;]<\/p>\n","protected":false},"author":2,"featured_media":27375,"comment_status":"closed","ping_status":"open","sticky":false,"template":"","format":"standard","meta":{"_acf_changed":false,"footnotes":""},"categories":[6],"tags":[163,164,90,165,91,22,166],"class_list":{"0":"post-27374","1":"post","2":"type-post","3":"status-publish","4":"format-standard","5":"has-post-thumbnail","7":"category-noticias","8":"tag-camara","9":"tag-educacao","10":"tag-enem","11":"tag-fiscalizacao","12":"tag-mec","13":"tag-psol","14":"tag-tcu"},"acf":[],"yoast_head":"<!-- This site is optimized with the Yoast SEO plugin v26.5 - https:\/\/yoast.com\/wordpress\/plugins\/seo\/ -->\n<title>PSOL prop\u00f5e fiscaliza\u00e7\u00e3o de caos no MEC pela Comiss\u00e3o de Educa\u00e7\u00e3o ao lado do TCU<\/title>\n<meta name=\"description\" content=\"Caos do processo deste ano do ENEM provou mais uma vez a falta de transpar\u00eancia no minist\u00e9rio e incapacidade de gest\u00e3o de Abraham Weintraub.\" \/>\n<meta name=\"robots\" content=\"index, follow, max-snippet:-1, max-image-preview:large, max-video-preview:-1\" \/>\n<link rel=\"canonical\" href=\"https:\/\/psol50.org.br\/psol-propoe-fiscalizacao-de-caos-no-mec-pela-comissao-de-educacao-ao-lado-do-tcu\/\" \/>\n<meta property=\"og:locale\" content=\"pt_BR\" \/>\n<meta property=\"og:type\" content=\"article\" \/>\n<meta property=\"og:title\" content=\"PSOL prop\u00f5e fiscaliza\u00e7\u00e3o de caos no MEC pela Comiss\u00e3o de Educa\u00e7\u00e3o ao lado do TCU\" \/>\n<meta property=\"og:description\" content=\"Caos do processo deste ano do ENEM provou mais uma vez a falta de transpar\u00eancia no minist\u00e9rio e incapacidade de gest\u00e3o de Abraham Weintraub.\" \/>\n<meta property=\"og:url\" content=\"https:\/\/psol50.org.br\/psol-propoe-fiscalizacao-de-caos-no-mec-pela-comissao-de-educacao-ao-lado-do-tcu\/\" \/>\n<meta property=\"og:site_name\" content=\"PSOL 50\" \/>\n<meta property=\"article:publisher\" content=\"https:\/\/www.facebook.com\/psol50\" \/>\n<meta property=\"article:published_time\" content=\"2020-01-30T17:36:35+00:00\" \/>\n<meta property=\"og:image\" content=\"https:\/\/psol50.org.br\/inc\/uploads\/2020\/01\/1572917802908.jpg\" \/>\n\t<meta property=\"og:image:width\" content=\"620\" \/>\n\t<meta property=\"og:image:height\" content=\"413\" \/>\n\t<meta property=\"og:image:type\" content=\"image\/jpeg\" \/>\n<meta name=\"author\" content=\"Comunica\u00e7\u00e3o PSOL\" \/>\n<meta name=\"twitter:card\" content=\"summary_large_image\" \/>\n<meta name=\"twitter:title\" content=\"PSOL prop\u00f5e fiscaliza\u00e7\u00e3o de caos no MEC pela Comiss\u00e3o de Educa\u00e7\u00e3o ao lado do TCU\" \/>\n<meta name=\"twitter:description\" content=\"Caos do processo deste ano do ENEM provou mais uma vez a falta de transpar\u00eancia no minist\u00e9rio e incapacidade de gest\u00e3o de Abraham Weintraub.\" \/>\n<meta name=\"twitter:image\" content=\"https:\/\/psol50.org.br\/inc\/uploads\/2020\/01\/1572917802908.jpg\" \/>\n<meta name=\"twitter:creator\" content=\"@psol50\" \/>\n<meta name=\"twitter:site\" content=\"@psol50\" \/>\n<meta name=\"twitter:label1\" content=\"Escrito por\" \/>\n\t<meta name=\"twitter:data1\" content=\"Comunica\u00e7\u00e3o PSOL\" \/>\n\t<meta name=\"twitter:label2\" content=\"Est. tempo de leitura\" \/>\n\t<meta name=\"twitter:data2\" content=\"2 minutos\" \/>\n<script type=\"application\/ld+json\" class=\"yoast-schema-graph\">{\"@context\":\"https:\/\/schema.org\",\"@graph\":[{\"@type\":\"Article\",\"@id\":\"https:\/\/psol50.org.br\/psol-propoe-fiscalizacao-de-caos-no-mec-pela-comissao-de-educacao-ao-lado-do-tcu\/#article\",\"isPartOf\":{\"@id\":\"https:\/\/psol50.org.br\/psol-propoe-fiscalizacao-de-caos-no-mec-pela-comissao-de-educacao-ao-lado-do-tcu\/\"},\"author\":{\"name\":\"Comunica\u00e7\u00e3o PSOL\",\"@id\":\"https:\/\/psol50.org.br\/#\/schema\/person\/475dfa57d0b815993c714c2e96491fcd\"},\"headline\":\"PSOL prop\u00f5e fiscaliza\u00e7\u00e3o de caos no MEC pela Comiss\u00e3o de Educa\u00e7\u00e3o ao lado do TCU\",\"datePublished\":\"2020-01-30T17:36:35+00:00\",\"mainEntityOfPage\":{\"@id\":\"https:\/\/psol50.org.br\/psol-propoe-fiscalizacao-de-caos-no-mec-pela-comissao-de-educacao-ao-lado-do-tcu\/\"},\"wordCount\":350,\"publisher\":{\"@id\":\"https:\/\/psol50.org.br\/#organization\"},\"image\":{\"@id\":\"https:\/\/psol50.org.br\/psol-propoe-fiscalizacao-de-caos-no-mec-pela-comissao-de-educacao-ao-lado-do-tcu\/#primaryimage\"},\"thumbnailUrl\":\"https:\/\/psol50.org.br\/inc\/uploads\/2020\/01\/1572917802908.jpg\",\"keywords\":[\"c\u00e2mara\",\"Educa\u00e7\u00e3o\",\"Enem\",\"fiscaliza\u00e7\u00e3o\",\"MEC\",\"PSOL\",\"tcu\"],\"articleSection\":[\"Not\u00edcias\"],\"inLanguage\":\"pt-BR\"},{\"@type\":\"WebPage\",\"@id\":\"https:\/\/psol50.org.br\/psol-propoe-fiscalizacao-de-caos-no-mec-pela-comissao-de-educacao-ao-lado-do-tcu\/\",\"url\":\"https:\/\/psol50.org.br\/psol-propoe-fiscalizacao-de-caos-no-mec-pela-comissao-de-educacao-ao-lado-do-tcu\/\",\"name\":\"PSOL prop\u00f5e fiscaliza\u00e7\u00e3o de caos no MEC pela Comiss\u00e3o de Educa\u00e7\u00e3o ao lado do TCU\",\"isPartOf\":{\"@id\":\"https:\/\/psol50.org.br\/#website\"},\"primaryImageOfPage\":{\"@id\":\"https:\/\/psol50.org.br\/psol-propoe-fiscalizacao-de-caos-no-mec-pela-comissao-de-educacao-ao-lado-do-tcu\/#primaryimage\"},\"image\":{\"@id\":\"https:\/\/psol50.org.br\/psol-propoe-fiscalizacao-de-caos-no-mec-pela-comissao-de-educacao-ao-lado-do-tcu\/#primaryimage\"},\"thumbnailUrl\":\"https:\/\/psol50.org.br\/inc\/uploads\/2020\/01\/1572917802908.jpg\",\"datePublished\":\"2020-01-30T17:36:35+00:00\",\"description\":\"Caos do processo deste ano do ENEM provou mais uma vez a falta de transpar\u00eancia no minist\u00e9rio e incapacidade de gest\u00e3o de Abraham Weintraub.\",\"breadcrumb\":{\"@id\":\"https:\/\/psol50.org.br\/psol-propoe-fiscalizacao-de-caos-no-mec-pela-comissao-de-educacao-ao-lado-do-tcu\/#breadcrumb\"},\"inLanguage\":\"pt-BR\",\"potentialAction\":[{\"@type\":\"ReadAction\",\"target\":[\"https:\/\/psol50.org.br\/psol-propoe-fiscalizacao-de-caos-no-mec-pela-comissao-de-educacao-ao-lado-do-tcu\/\"]}]},{\"@type\":\"ImageObject\",\"inLanguage\":\"pt-BR\",\"@id\":\"https:\/\/psol50.org.br\/psol-propoe-fiscalizacao-de-caos-no-mec-pela-comissao-de-educacao-ao-lado-do-tcu\/#primaryimage\",\"url\":\"https:\/\/psol50.org.br\/inc\/uploads\/2020\/01\/1572917802908.jpg\",\"contentUrl\":\"https:\/\/psol50.org.br\/inc\/uploads\/2020\/01\/1572917802908.jpg\",\"width\":620,\"height\":413,\"caption\":\"Wilson Dias\/ Ag\u00eancia Brasil\"},{\"@type\":\"BreadcrumbList\",\"@id\":\"https:\/\/psol50.org.br\/psol-propoe-fiscalizacao-de-caos-no-mec-pela-comissao-de-educacao-ao-lado-do-tcu\/#breadcrumb\",\"itemListElement\":[{\"@type\":\"ListItem\",\"position\":1,\"name\":\"In\u00edcio\",\"item\":\"https:\/\/psol50.org.br\/\"},{\"@type\":\"ListItem\",\"position\":2,\"name\":\"PSOL prop\u00f5e fiscaliza\u00e7\u00e3o de caos no MEC pela Comiss\u00e3o de Educa\u00e7\u00e3o ao lado do TCU\"}]},{\"@type\":\"WebSite\",\"@id\":\"https:\/\/psol50.org.br\/#website\",\"url\":\"https:\/\/psol50.org.br\/\",\"name\":\"PSOL 50\",\"description\":\"Site oficial do Partido Socialismo e Liberdade\",\"publisher\":{\"@id\":\"https:\/\/psol50.org.br\/#organization\"},\"alternateName\":\"PSOL50\",\"potentialAction\":[{\"@type\":\"SearchAction\",\"target\":{\"@type\":\"EntryPoint\",\"urlTemplate\":\"https:\/\/psol50.org.br\/?s={search_term_string}\"},\"query-input\":{\"@type\":\"PropertyValueSpecification\",\"valueRequired\":true,\"valueName\":\"search_term_string\"}}],\"inLanguage\":\"pt-BR\"},{\"@type\":\"Organization\",\"@id\":\"https:\/\/psol50.org.br\/#organization\",\"name\":\"PSOL 50\",\"alternateName\":\"PSOL 50\",\"url\":\"https:\/\/psol50.org.br\/\",\"logo\":{\"@type\":\"ImageObject\",\"inLanguage\":\"pt-BR\",\"@id\":\"https:\/\/psol50.org.br\/#\/schema\/logo\/image\/\",\"url\":\"https:\/\/psol50.org.br\/inc\/uploads\/2018\/07\/capa.png\",\"contentUrl\":\"https:\/\/psol50.org.br\/inc\/uploads\/2018\/07\/capa.png\",\"width\":1350,\"height\":900,\"caption\":\"PSOL 50\"},\"image\":{\"@id\":\"https:\/\/psol50.org.br\/#\/schema\/logo\/image\/\"},\"sameAs\":[\"https:\/\/www.facebook.com\/psol50\",\"https:\/\/x.com\/psol50\",\"https:\/\/www.instagram.com\/psol50\/\",\"https:\/\/www.youtube.com\/channel\/UC7SnJS5o1os7a6CaiNabzcg\"]},{\"@type\":\"Person\",\"@id\":\"https:\/\/psol50.org.br\/#\/schema\/person\/475dfa57d0b815993c714c2e96491fcd\",\"name\":\"Comunica\u00e7\u00e3o PSOL\",\"image\":{\"@type\":\"ImageObject\",\"inLanguage\":\"pt-BR\",\"@id\":\"https:\/\/psol50.org.br\/#\/schema\/person\/image\/\",\"url\":\"https:\/\/secure.gravatar.com\/avatar\/b34fc4f4e468a4e51785917065a3db57b841f5c95dba6ad8c73aaf8f66f8f9bf?s=96&d=mm&r=g\",\"contentUrl\":\"https:\/\/secure.gravatar.com\/avatar\/b34fc4f4e468a4e51785917065a3db57b841f5c95dba6ad8c73aaf8f66f8f9bf?s=96&d=mm&r=g\",\"caption\":\"Comunica\u00e7\u00e3o PSOL\"}}]}<\/script>\n<!-- \/ Yoast SEO plugin. -->","yoast_head_json":{"title":"PSOL prop\u00f5e fiscaliza\u00e7\u00e3o de caos no MEC pela Comiss\u00e3o de Educa\u00e7\u00e3o ao lado do TCU","description":"Caos do processo deste ano do ENEM provou mais uma vez a falta de transpar\u00eancia no minist\u00e9rio e incapacidade de gest\u00e3o de Abraham Weintraub.","robots":{"index":"index","follow":"follow","max-snippet":"max-snippet:-1","max-image-preview":"max-image-preview:large","max-video-preview":"max-video-preview:-1"},"canonical":"https:\/\/psol50.org.br\/psol-propoe-fiscalizacao-de-caos-no-mec-pela-comissao-de-educacao-ao-lado-do-tcu\/","og_locale":"pt_BR","og_type":"article","og_title":"PSOL prop\u00f5e fiscaliza\u00e7\u00e3o de caos no MEC pela Comiss\u00e3o de Educa\u00e7\u00e3o ao lado do TCU","og_description":"Caos do processo deste ano do ENEM provou mais uma vez a falta de transpar\u00eancia no minist\u00e9rio e incapacidade de gest\u00e3o de Abraham Weintraub.","og_url":"https:\/\/psol50.org.br\/psol-propoe-fiscalizacao-de-caos-no-mec-pela-comissao-de-educacao-ao-lado-do-tcu\/","og_site_name":"PSOL 50","article_publisher":"https:\/\/www.facebook.com\/psol50","article_published_time":"2020-01-30T17:36:35+00:00","og_image":[{"width":620,"height":413,"url":"https:\/\/psol50.org.br\/inc\/uploads\/2020\/01\/1572917802908.jpg","type":"image\/jpeg"}],"author":"Comunica\u00e7\u00e3o PSOL","twitter_card":"summary_large_image","twitter_title":"PSOL prop\u00f5e fiscaliza\u00e7\u00e3o de caos no MEC pela Comiss\u00e3o de Educa\u00e7\u00e3o ao lado do TCU","twitter_description":"Caos do processo deste ano do ENEM provou mais uma vez a falta de transpar\u00eancia no minist\u00e9rio e incapacidade de gest\u00e3o de Abraham Weintraub.","twitter_image":"https:\/\/psol50.org.br\/inc\/uploads\/2020\/01\/1572917802908.jpg","twitter_creator":"@psol50","twitter_site":"@psol50","twitter_misc":{"Escrito por":"Comunica\u00e7\u00e3o PSOL","Est. tempo de leitura":"2 minutos"},"schema":{"@context":"https:\/\/schema.org","@graph":[{"@type":"Article","@id":"https:\/\/psol50.org.br\/psol-propoe-fiscalizacao-de-caos-no-mec-pela-comissao-de-educacao-ao-lado-do-tcu\/#article","isPartOf":{"@id":"https:\/\/psol50.org.br\/psol-propoe-fiscalizacao-de-caos-no-mec-pela-comissao-de-educacao-ao-lado-do-tcu\/"},"author":{"name":"Comunica\u00e7\u00e3o PSOL","@id":"https:\/\/psol50.org.br\/#\/schema\/person\/475dfa57d0b815993c714c2e96491fcd"},"headline":"PSOL prop\u00f5e fiscaliza\u00e7\u00e3o de caos no MEC pela Comiss\u00e3o de Educa\u00e7\u00e3o ao lado do TCU","datePublished":"2020-01-30T17:36:35+00:00","mainEntityOfPage":{"@id":"https:\/\/psol50.org.br\/psol-propoe-fiscalizacao-de-caos-no-mec-pela-comissao-de-educacao-ao-lado-do-tcu\/"},"wordCount":350,"publisher":{"@id":"https:\/\/psol50.org.br\/#organization"},"image":{"@id":"https:\/\/psol50.org.br\/psol-propoe-fiscalizacao-de-caos-no-mec-pela-comissao-de-educacao-ao-lado-do-tcu\/#primaryimage"},"thumbnailUrl":"https:\/\/psol50.org.br\/inc\/uploads\/2020\/01\/1572917802908.jpg","keywords":["c\u00e2mara","Educa\u00e7\u00e3o","Enem","fiscaliza\u00e7\u00e3o","MEC","PSOL","tcu"],"articleSection":["Not\u00edcias"],"inLanguage":"pt-BR"},{"@type":"WebPage","@id":"https:\/\/psol50.org.br\/psol-propoe-fiscalizacao-de-caos-no-mec-pela-comissao-de-educacao-ao-lado-do-tcu\/","url":"https:\/\/psol50.org.br\/psol-propoe-fiscalizacao-de-caos-no-mec-pela-comissao-de-educacao-ao-lado-do-tcu\/","name":"PSOL prop\u00f5e fiscaliza\u00e7\u00e3o de caos no MEC pela Comiss\u00e3o de Educa\u00e7\u00e3o ao lado do TCU","isPartOf":{"@id":"https:\/\/psol50.org.br\/#website"},"primaryImageOfPage":{"@id":"https:\/\/psol50.org.br\/psol-propoe-fiscalizacao-de-caos-no-mec-pela-comissao-de-educacao-ao-lado-do-tcu\/#primaryimage"},"image":{"@id":"https:\/\/psol50.org.br\/psol-propoe-fiscalizacao-de-caos-no-mec-pela-comissao-de-educacao-ao-lado-do-tcu\/#primaryimage"},"thumbnailUrl":"https:\/\/psol50.org.br\/inc\/uploads\/2020\/01\/1572917802908.jpg","datePublished":"2020-01-30T17:36:35+00:00","description":"Caos do processo deste ano do ENEM provou mais uma vez a falta de transpar\u00eancia no minist\u00e9rio e incapacidade de gest\u00e3o de Abraham Weintraub.","breadcrumb":{"@id":"https:\/\/psol50.org.br\/psol-propoe-fiscalizacao-de-caos-no-mec-pela-comissao-de-educacao-ao-lado-do-tcu\/#breadcrumb"},"inLanguage":"pt-BR","potentialAction":[{"@type":"ReadAction","target":["https:\/\/psol50.org.br\/psol-propoe-fiscalizacao-de-caos-no-mec-pela-comissao-de-educacao-ao-lado-do-tcu\/"]}]},{"@type":"ImageObject","inLanguage":"pt-BR","@id":"https:\/\/psol50.org.br\/psol-propoe-fiscalizacao-de-caos-no-mec-pela-comissao-de-educacao-ao-lado-do-tcu\/#primaryimage","url":"https:\/\/psol50.org.br\/inc\/uploads\/2020\/01\/1572917802908.jpg","contentUrl":"https:\/\/psol50.org.br\/inc\/uploads\/2020\/01\/1572917802908.jpg","width":620,"height":413,"caption":"Wilson Dias\/ Ag\u00eancia Brasil"},{"@type":"BreadcrumbList","@id":"https:\/\/psol50.org.br\/psol-propoe-fiscalizacao-de-caos-no-mec-pela-comissao-de-educacao-ao-lado-do-tcu\/#breadcrumb","itemListElement":[{"@type":"ListItem","position":1,"name":"In\u00edcio","item":"https:\/\/psol50.org.br\/"},{"@type":"ListItem","position":2,"name":"PSOL prop\u00f5e fiscaliza\u00e7\u00e3o de caos no MEC pela Comiss\u00e3o de Educa\u00e7\u00e3o ao lado do TCU"}]},{"@type":"WebSite","@id":"https:\/\/psol50.org.br\/#website","url":"https:\/\/psol50.org.br\/","name":"PSOL 50","description":"Site oficial do Partido Socialismo e Liberdade","publisher":{"@id":"https:\/\/psol50.org.br\/#organization"},"alternateName":"PSOL50","potentialAction":[{"@type":"SearchAction","target":{"@type":"EntryPoint","urlTemplate":"https:\/\/psol50.org.br\/?s={search_term_string}"},"query-input":{"@type":"PropertyValueSpecification","valueRequired":true,"valueName":"search_term_string"}}],"inLanguage":"pt-BR"},{"@type":"Organization","@id":"https:\/\/psol50.org.br\/#organization","name":"PSOL 50","alternateName":"PSOL 50","url":"https:\/\/psol50.org.br\/","logo":{"@type":"ImageObject","inLanguage":"pt-BR","@id":"https:\/\/psol50.org.br\/#\/schema\/logo\/image\/","url":"https:\/\/psol50.org.br\/inc\/uploads\/2018\/07\/capa.png","contentUrl":"https:\/\/psol50.org.br\/inc\/uploads\/2018\/07\/capa.png","width":1350,"height":900,"caption":"PSOL 50"},"image":{"@id":"https:\/\/psol50.org.br\/#\/schema\/logo\/image\/"},"sameAs":["https:\/\/www.facebook.com\/psol50","https:\/\/x.com\/psol50","https:\/\/www.instagram.com\/psol50\/","https:\/\/www.youtube.com\/channel\/UC7SnJS5o1os7a6CaiNabzcg"]},{"@type":"Person","@id":"https:\/\/psol50.org.br\/#\/schema\/person\/475dfa57d0b815993c714c2e96491fcd","name":"Comunica\u00e7\u00e3o PSOL","image":{"@type":"ImageObject","inLanguage":"pt-BR","@id":"https:\/\/psol50.org.br\/#\/schema\/person\/image\/","url":"https:\/\/secure.gravatar.com\/avatar\/b34fc4f4e468a4e51785917065a3db57b841f5c95dba6ad8c73aaf8f66f8f9bf?s=96&d=mm&r=g","contentUrl":"https:\/\/secure.gravatar.com\/avatar\/b34fc4f4e468a4e51785917065a3db57b841f5c95dba6ad8c73aaf8f66f8f9bf?s=96&d=mm&r=g","caption":"Comunica\u00e7\u00e3o PSOL"}}]}},"_links":{"self":[{"href":"https:\/\/psol50.org.br\/rest\/wp\/v2\/posts\/27374","targetHints":{"allow":["GET"]}}],"collection":[{"href":"https:\/\/psol50.org.br\/rest\/wp\/v2\/posts"}],"about":[{"href":"https:\/\/psol50.org.br\/rest\/wp\/v2\/types\/post"}],"author":[{"embeddable":true,"href":"https:\/\/psol50.org.br\/rest\/wp\/v2\/users\/2"}],"replies":[{"embeddable":true,"href":"https:\/\/psol50.org.br\/rest\/wp\/v2\/comments?post=27374"}],"version-history":[{"count":0,"href":"https:\/\/psol50.org.br\/rest\/wp\/v2\/posts\/27374\/revisions"}],"wp:featuredmedia":[{"embeddable":true,"href":"https:\/\/psol50.org.br\/rest\/wp\/v2\/media\/27375"}],"wp:attachment":[{"href":"https:\/\/psol50.org.br\/rest\/wp\/v2\/media?parent=27374"}],"wp:term":[{"taxonomy":"category","embeddable":true,"href":"https:\/\/psol50.org.br\/rest\/wp\/v2\/categories?post=27374"},{"taxonomy":"post_tag","embeddable":true,"href":"https:\/\/psol50.org.br\/rest\/wp\/v2\/tags?post=27374"}],"curies":[{"name":"wp","href":"https:\/\/api.w.org\/{rel}","templated":true}]}}