{"id":27398,"date":"2020-02-03T12:00:15","date_gmt":"2020-02-03T15:00:15","guid":{"rendered":"http:\/\/psol50.org.br\/?p=27398"},"modified":"2020-02-03T12:00:15","modified_gmt":"2020-02-03T15:00:15","slug":"psol-vai-convocar-moro-para-explicar-ausencia-de-miliciano-do-cla-bolsonaro-de-lista-de-procurados","status":"publish","type":"post","link":"https:\/\/psol50.org.br\/psol-vai-convocar-moro-para-explicar-ausencia-de-miliciano-do-cla-bolsonaro-de-lista-de-procurados\/","title":{"rendered":"PSOL vai convocar Moro para explicar aus\u00eancia de miliciano do cl\u00e3 Bolsonaro de lista de procurados"},"content":{"rendered":"<p>O Minist\u00e9rio da Justi\u00e7a e Seguran\u00e7a P\u00fablica, comandado pelo ex-juiz S\u00e9rgio Moro, divulgou na \u00faltima quinta-feira (31) uma lista de 27 criminosos mais procurados do Brasil. O miliciano foragido Adriano da N\u00f3brega, comandante do Escrit\u00f3rio do Crime, mil\u00edcia mais antiga e bem estruturada do Rio de Janeiro, foi deixado de fora da lista: curiosamente, Adriano \u00e9 ligado ao cl\u00e3 do presidente Jair Bolsonaro atrav\u00e9s de um de seus filhos, o atual senador Fl\u00e1vio Bolsonaro.<\/p>\n<p>A bancada do PSOL j\u00e1 anunciou que far\u00e1 um requerimento \u00e0 C\u00e2mara dos Deputados, que volta do recesso parlamentar neste in\u00edcio de fevereiro, para que o ministro S\u00e9rgio Moro seja convocado ao Congresso Nacional para explicar a aus\u00eancia do criminoso ligado ao seu chefe da lista de procurados.<\/p>\n<p>A m\u00e3e e a esposa de Adriano da N\u00f3brega trabalhavam no gabinete do ent\u00e3o deputado estadual Fl\u00e1vio Bolsonaro at\u00e9 2018. Al\u00e9m disso, o miliciano foi homenageado pelo filho 01 do presidente da Rep\u00fablica, com a Medalha Tiradentes da Assembleia Legislativa do Rio de Janeiro, em 2003.<\/p>\n<p>O personagem central do esc\u00e2ndalo de &#8220;rachadinha&#8221; no gabinete de Fl\u00e1vio Bolsonaro, Fabr\u00edcio Queiroz, tinha rela\u00e7\u00e3o direta tanto com Adriano como com sua esposa, que trabalhava no gabinete do filho do presidente.<\/p>\n<p>Quando era deputado federal, Jair Bolsonaro tamb\u00e9m elogiou o criminoso como um &#8220;brilhante oficial&#8221; ap\u00f3s o miliciano ter sido condenado a quase duas d\u00e9cadas de pris\u00e3o pela morte de um guardador de carros que denunciou extors\u00f5es de policiais a moradores de uma comunidade. O atual presidente do pa\u00eds defendeu sua absolvi\u00e7\u00e3o.<\/p>\n<p>Adriano da N\u00f3brega tamb\u00e9m \u00e9 acusado de diversos assassinatos e por jogo ilegal, al\u00e9m de comandar a mil\u00edcia carioca.<\/p>\n<p>Segundo o Minist\u00e9rio da Justi\u00e7a, o ex-capit\u00e3o do Bope n\u00e3o foi inclu\u00eddo porque &#8220;as acusa\u00e7\u00f5es contra ele n\u00e3o possuem car\u00e1ter interestadual, requisito essencial para figurar no banco de criminosos de car\u00e1ter nacional&#8221;. Mas o pr\u00f3prio minist\u00e9rio colocou em sua lista dois outros milicianos que atuam apenas no Rio de Janeiro.<\/p>\n<p>De acordo com Marcelo Freixo, deputado que apresentar\u00e1 o pedido do PSOL nesta semana, n\u00e3o existe justificativa pela aus\u00eancia. &#8220;Se h\u00e1 qualquer criminoso do Rio de Janeiro na lista de mais procurados, tem que estar tamb\u00e9m o Adriano.&#8221;<\/p>\n<p>De acordo com ele, que presidiu a CPI das Mil\u00edcias, quando deputado estadual, em 2008, o Escrit\u00f3rio do Crime tem envolvimento na morte de dezenas de pessoas, incluindo a vereadora Marielle Franco &#8211; executada em mar\u00e7o de 2018. E conta com agentes e ex-agentes p\u00fablicos de seguran\u00e7a promovendo corrup\u00e7\u00e3o.<\/p>\n<p>&#8220;Ou o ministro \u00e9 muito incompetente e esqueceu algu\u00e9m que toda a Seguran\u00e7a P\u00fablica considera perigoso. Ou \u00e9 pior, \u00e9 coniv\u00eancia. Moro age mais uma vez para agradar ou n\u00e3o desagradar a fam\u00edlia Bolsonaro&#8221;, conclui <a href=\"https:\/\/noticias.uol.com.br\/colunas\/leonardo-sakamoto\/2020\/01\/31\/psol-quer-convocar-moro-por-ausencia-de-miliciano-ligado-a-flavio-em-lista.htm\">Freixo em entrevista ao jornalista Leonardo Sakamoto<\/a>.<\/p>\n","protected":false},"excerpt":{"rendered":"<p>O Minist\u00e9rio da Justi\u00e7a e Seguran\u00e7a P\u00fablica, comandado pelo ex-juiz S\u00e9rgio Moro, divulgou na \u00faltima quinta-feira (31) uma lista de 27 criminosos mais procurados do Brasil. O miliciano foragido Adriano da N\u00f3brega, comandante do Escrit\u00f3rio do Crime, mil\u00edcia mais antiga e bem estruturada do Rio de Janeiro, foi deixado de fora da lista: curiosamente, Adriano [&hellip;]<\/p>\n","protected":false},"author":2,"featured_media":27497,"comment_status":"closed","ping_status":"open","sticky":false,"template":"","format":"standard","meta":{"_acf_changed":false,"footnotes":""},"categories":[10,6],"tags":[56,163,174,175,176,177],"class_list":{"0":"post-27398","1":"post","2":"type-post","3":"status-publish","4":"format-standard","5":"has-post-thumbnail","7":"category-acao-parlamentares","8":"category-noticias","9":"tag-bolsonaro","10":"tag-camara","11":"tag-escritorio-do-crime","12":"tag-freixo","13":"tag-milicia","14":"tag-moro"},"acf":[],"yoast_head":"<!-- This site is optimized with the Yoast SEO plugin v26.5 - https:\/\/yoast.com\/wordpress\/plugins\/seo\/ -->\n<title>PSOL vai convocar Moro para explicar aus\u00eancia de miliciano do cl\u00e3 Bolsonaro de lista de procurados<\/title>\n<meta name=\"description\" content=\"Adriano da N\u00f3brega, comandante do Escrit\u00f3rio do Crime, mil\u00edcia mais antiga e bem estruturada do Rio de Janeiro, \u00e9 ligado a Fl\u00e1vio Bolsonaro.\" \/>\n<meta name=\"robots\" content=\"index, follow, max-snippet:-1, max-image-preview:large, max-video-preview:-1\" \/>\n<link rel=\"canonical\" href=\"https:\/\/psol50.org.br\/psol-vai-convocar-moro-para-explicar-ausencia-de-miliciano-do-cla-bolsonaro-de-lista-de-procurados\/\" \/>\n<meta property=\"og:locale\" content=\"pt_BR\" \/>\n<meta property=\"og:type\" content=\"article\" \/>\n<meta property=\"og:title\" content=\"PSOL vai convocar Moro para explicar aus\u00eancia de miliciano do cl\u00e3 Bolsonaro de lista de procurados\" \/>\n<meta property=\"og:description\" content=\"Adriano da N\u00f3brega, comandante do Escrit\u00f3rio do Crime, mil\u00edcia mais antiga e bem estruturada do Rio de Janeiro, \u00e9 ligado a Fl\u00e1vio Bolsonaro, filho do presidente da Rep\u00fablica.\" \/>\n<meta property=\"og:url\" content=\"https:\/\/psol50.org.br\/psol-vai-convocar-moro-para-explicar-ausencia-de-miliciano-do-cla-bolsonaro-de-lista-de-procurados\/\" \/>\n<meta property=\"og:site_name\" content=\"PSOL 50\" \/>\n<meta property=\"article:publisher\" content=\"https:\/\/www.facebook.com\/psol50\" \/>\n<meta property=\"article:published_time\" content=\"2020-02-03T15:00:15+00:00\" \/>\n<meta property=\"og:image\" content=\"https:\/\/psol50.org.br\/inc\/uploads\/2020\/02\/Adriano-da-No\u0301brega-e-Fla\u0301vio-Bolsonaro.jpg\" \/>\n\t<meta property=\"og:image:width\" content=\"800\" \/>\n\t<meta property=\"og:image:height\" content=\"365\" \/>\n\t<meta property=\"og:image:type\" content=\"image\/jpeg\" \/>\n<meta name=\"author\" content=\"Comunica\u00e7\u00e3o PSOL\" \/>\n<meta name=\"twitter:card\" content=\"summary_large_image\" \/>\n<meta name=\"twitter:title\" content=\"PSOL vai convocar Moro para explicar aus\u00eancia de miliciano do cl\u00e3 Bolsonaro de lista de procurados\" \/>\n<meta name=\"twitter:description\" content=\"Adriano da N\u00f3brega, comandante do Escrit\u00f3rio do Crime, mil\u00edcia mais antiga e bem estruturada do Rio de Janeiro, \u00e9 ligado a Fl\u00e1vio Bolsonaro, filho do presidente da Rep\u00fablica.\" \/>\n<meta name=\"twitter:image\" content=\"https:\/\/psol50.org.br\/inc\/uploads\/2020\/02\/Adriano-da-No\u0301brega-e-Fla\u0301vio-Bolsonaro.jpg\" \/>\n<meta name=\"twitter:creator\" content=\"@psol50\" \/>\n<meta name=\"twitter:site\" content=\"@psol50\" \/>\n<meta name=\"twitter:label1\" content=\"Escrito por\" \/>\n\t<meta name=\"twitter:data1\" content=\"Comunica\u00e7\u00e3o PSOL\" \/>\n\t<meta name=\"twitter:label2\" content=\"Est. tempo de leitura\" \/>\n\t<meta name=\"twitter:data2\" content=\"2 minutos\" \/>\n<script type=\"application\/ld+json\" class=\"yoast-schema-graph\">{\"@context\":\"https:\/\/schema.org\",\"@graph\":[{\"@type\":\"Article\",\"@id\":\"https:\/\/psol50.org.br\/psol-vai-convocar-moro-para-explicar-ausencia-de-miliciano-do-cla-bolsonaro-de-lista-de-procurados\/#article\",\"isPartOf\":{\"@id\":\"https:\/\/psol50.org.br\/psol-vai-convocar-moro-para-explicar-ausencia-de-miliciano-do-cla-bolsonaro-de-lista-de-procurados\/\"},\"author\":{\"name\":\"Comunica\u00e7\u00e3o PSOL\",\"@id\":\"https:\/\/psol50.org.br\/#\/schema\/person\/475dfa57d0b815993c714c2e96491fcd\"},\"headline\":\"PSOL vai convocar Moro para explicar aus\u00eancia de miliciano do cl\u00e3 Bolsonaro de lista de procurados\",\"datePublished\":\"2020-02-03T15:00:15+00:00\",\"mainEntityOfPage\":{\"@id\":\"https:\/\/psol50.org.br\/psol-vai-convocar-moro-para-explicar-ausencia-de-miliciano-do-cla-bolsonaro-de-lista-de-procurados\/\"},\"wordCount\":514,\"publisher\":{\"@id\":\"https:\/\/psol50.org.br\/#organization\"},\"image\":{\"@id\":\"https:\/\/psol50.org.br\/psol-vai-convocar-moro-para-explicar-ausencia-de-miliciano-do-cla-bolsonaro-de-lista-de-procurados\/#primaryimage\"},\"thumbnailUrl\":\"https:\/\/psol50.org.br\/inc\/uploads\/2020\/02\/Adriano-da-No\u0301brega-e-Fla\u0301vio-Bolsonaro-1.jpg\",\"keywords\":[\"Bolsonaro\",\"c\u00e2mara\",\"escrit\u00f3rio do crime\",\"freixo\",\"mil\u00edcia\",\"Moro\"],\"articleSection\":[\"A\u00e7\u00e3o Parlamentar\",\"Not\u00edcias\"],\"inLanguage\":\"pt-BR\"},{\"@type\":\"WebPage\",\"@id\":\"https:\/\/psol50.org.br\/psol-vai-convocar-moro-para-explicar-ausencia-de-miliciano-do-cla-bolsonaro-de-lista-de-procurados\/\",\"url\":\"https:\/\/psol50.org.br\/psol-vai-convocar-moro-para-explicar-ausencia-de-miliciano-do-cla-bolsonaro-de-lista-de-procurados\/\",\"name\":\"PSOL vai convocar Moro para explicar aus\u00eancia de miliciano do cl\u00e3 Bolsonaro de lista de procurados\",\"isPartOf\":{\"@id\":\"https:\/\/psol50.org.br\/#website\"},\"primaryImageOfPage\":{\"@id\":\"https:\/\/psol50.org.br\/psol-vai-convocar-moro-para-explicar-ausencia-de-miliciano-do-cla-bolsonaro-de-lista-de-procurados\/#primaryimage\"},\"image\":{\"@id\":\"https:\/\/psol50.org.br\/psol-vai-convocar-moro-para-explicar-ausencia-de-miliciano-do-cla-bolsonaro-de-lista-de-procurados\/#primaryimage\"},\"thumbnailUrl\":\"https:\/\/psol50.org.br\/inc\/uploads\/2020\/02\/Adriano-da-No\u0301brega-e-Fla\u0301vio-Bolsonaro-1.jpg\",\"datePublished\":\"2020-02-03T15:00:15+00:00\",\"description\":\"Adriano da N\u00f3brega, comandante do Escrit\u00f3rio do Crime, mil\u00edcia mais antiga e bem estruturada do Rio de Janeiro, \u00e9 ligado a Fl\u00e1vio Bolsonaro.\",\"breadcrumb\":{\"@id\":\"https:\/\/psol50.org.br\/psol-vai-convocar-moro-para-explicar-ausencia-de-miliciano-do-cla-bolsonaro-de-lista-de-procurados\/#breadcrumb\"},\"inLanguage\":\"pt-BR\",\"potentialAction\":[{\"@type\":\"ReadAction\",\"target\":[\"https:\/\/psol50.org.br\/psol-vai-convocar-moro-para-explicar-ausencia-de-miliciano-do-cla-bolsonaro-de-lista-de-procurados\/\"]}]},{\"@type\":\"ImageObject\",\"inLanguage\":\"pt-BR\",\"@id\":\"https:\/\/psol50.org.br\/psol-vai-convocar-moro-para-explicar-ausencia-de-miliciano-do-cla-bolsonaro-de-lista-de-procurados\/#primaryimage\",\"url\":\"https:\/\/psol50.org.br\/inc\/uploads\/2020\/02\/Adriano-da-No\u0301brega-e-Fla\u0301vio-Bolsonaro-1.jpg\",\"contentUrl\":\"https:\/\/psol50.org.br\/inc\/uploads\/2020\/02\/Adriano-da-No\u0301brega-e-Fla\u0301vio-Bolsonaro-1.jpg\",\"width\":800,\"height\":365},{\"@type\":\"BreadcrumbList\",\"@id\":\"https:\/\/psol50.org.br\/psol-vai-convocar-moro-para-explicar-ausencia-de-miliciano-do-cla-bolsonaro-de-lista-de-procurados\/#breadcrumb\",\"itemListElement\":[{\"@type\":\"ListItem\",\"position\":1,\"name\":\"In\u00edcio\",\"item\":\"https:\/\/psol50.org.br\/\"},{\"@type\":\"ListItem\",\"position\":2,\"name\":\"PSOL vai convocar Moro para explicar aus\u00eancia de miliciano do cl\u00e3 Bolsonaro de lista de procurados\"}]},{\"@type\":\"WebSite\",\"@id\":\"https:\/\/psol50.org.br\/#website\",\"url\":\"https:\/\/psol50.org.br\/\",\"name\":\"PSOL 50\",\"description\":\"Site oficial do Partido Socialismo e Liberdade\",\"publisher\":{\"@id\":\"https:\/\/psol50.org.br\/#organization\"},\"alternateName\":\"PSOL50\",\"potentialAction\":[{\"@type\":\"SearchAction\",\"target\":{\"@type\":\"EntryPoint\",\"urlTemplate\":\"https:\/\/psol50.org.br\/?s={search_term_string}\"},\"query-input\":{\"@type\":\"PropertyValueSpecification\",\"valueRequired\":true,\"valueName\":\"search_term_string\"}}],\"inLanguage\":\"pt-BR\"},{\"@type\":\"Organization\",\"@id\":\"https:\/\/psol50.org.br\/#organization\",\"name\":\"PSOL 50\",\"alternateName\":\"PSOL 50\",\"url\":\"https:\/\/psol50.org.br\/\",\"logo\":{\"@type\":\"ImageObject\",\"inLanguage\":\"pt-BR\",\"@id\":\"https:\/\/psol50.org.br\/#\/schema\/logo\/image\/\",\"url\":\"https:\/\/psol50.org.br\/inc\/uploads\/2018\/07\/capa.png\",\"contentUrl\":\"https:\/\/psol50.org.br\/inc\/uploads\/2018\/07\/capa.png\",\"width\":1350,\"height\":900,\"caption\":\"PSOL 50\"},\"image\":{\"@id\":\"https:\/\/psol50.org.br\/#\/schema\/logo\/image\/\"},\"sameAs\":[\"https:\/\/www.facebook.com\/psol50\",\"https:\/\/x.com\/psol50\",\"https:\/\/www.instagram.com\/psol50\/\",\"https:\/\/www.youtube.com\/channel\/UC7SnJS5o1os7a6CaiNabzcg\"]},{\"@type\":\"Person\",\"@id\":\"https:\/\/psol50.org.br\/#\/schema\/person\/475dfa57d0b815993c714c2e96491fcd\",\"name\":\"Comunica\u00e7\u00e3o PSOL\",\"image\":{\"@type\":\"ImageObject\",\"inLanguage\":\"pt-BR\",\"@id\":\"https:\/\/psol50.org.br\/#\/schema\/person\/image\/\",\"url\":\"https:\/\/secure.gravatar.com\/avatar\/b34fc4f4e468a4e51785917065a3db57b841f5c95dba6ad8c73aaf8f66f8f9bf?s=96&d=mm&r=g\",\"contentUrl\":\"https:\/\/secure.gravatar.com\/avatar\/b34fc4f4e468a4e51785917065a3db57b841f5c95dba6ad8c73aaf8f66f8f9bf?s=96&d=mm&r=g\",\"caption\":\"Comunica\u00e7\u00e3o PSOL\"}}]}<\/script>\n<!-- \/ Yoast SEO plugin. -->","yoast_head_json":{"title":"PSOL vai convocar Moro para explicar aus\u00eancia de miliciano do cl\u00e3 Bolsonaro de lista de procurados","description":"Adriano da N\u00f3brega, comandante do Escrit\u00f3rio do Crime, mil\u00edcia mais antiga e bem estruturada do Rio de Janeiro, \u00e9 ligado a Fl\u00e1vio Bolsonaro.","robots":{"index":"index","follow":"follow","max-snippet":"max-snippet:-1","max-image-preview":"max-image-preview:large","max-video-preview":"max-video-preview:-1"},"canonical":"https:\/\/psol50.org.br\/psol-vai-convocar-moro-para-explicar-ausencia-de-miliciano-do-cla-bolsonaro-de-lista-de-procurados\/","og_locale":"pt_BR","og_type":"article","og_title":"PSOL vai convocar Moro para explicar aus\u00eancia de miliciano do cl\u00e3 Bolsonaro de lista de procurados","og_description":"Adriano da N\u00f3brega, comandante do Escrit\u00f3rio do Crime, mil\u00edcia mais antiga e bem estruturada do Rio de Janeiro, \u00e9 ligado a Fl\u00e1vio Bolsonaro, filho do presidente da Rep\u00fablica.","og_url":"https:\/\/psol50.org.br\/psol-vai-convocar-moro-para-explicar-ausencia-de-miliciano-do-cla-bolsonaro-de-lista-de-procurados\/","og_site_name":"PSOL 50","article_publisher":"https:\/\/www.facebook.com\/psol50","article_published_time":"2020-02-03T15:00:15+00:00","og_image":[{"width":800,"height":365,"url":"https:\/\/psol50.org.br\/inc\/uploads\/2020\/02\/Adriano-da-No\u0301brega-e-Fla\u0301vio-Bolsonaro.jpg","type":"image\/jpeg"}],"author":"Comunica\u00e7\u00e3o PSOL","twitter_card":"summary_large_image","twitter_title":"PSOL vai convocar Moro para explicar aus\u00eancia de miliciano do cl\u00e3 Bolsonaro de lista de procurados","twitter_description":"Adriano da N\u00f3brega, comandante do Escrit\u00f3rio do Crime, mil\u00edcia mais antiga e bem estruturada do Rio de Janeiro, \u00e9 ligado a Fl\u00e1vio Bolsonaro, filho do presidente da Rep\u00fablica.","twitter_image":"https:\/\/psol50.org.br\/inc\/uploads\/2020\/02\/Adriano-da-No\u0301brega-e-Fla\u0301vio-Bolsonaro.jpg","twitter_creator":"@psol50","twitter_site":"@psol50","twitter_misc":{"Escrito por":"Comunica\u00e7\u00e3o PSOL","Est. tempo de leitura":"2 minutos"},"schema":{"@context":"https:\/\/schema.org","@graph":[{"@type":"Article","@id":"https:\/\/psol50.org.br\/psol-vai-convocar-moro-para-explicar-ausencia-de-miliciano-do-cla-bolsonaro-de-lista-de-procurados\/#article","isPartOf":{"@id":"https:\/\/psol50.org.br\/psol-vai-convocar-moro-para-explicar-ausencia-de-miliciano-do-cla-bolsonaro-de-lista-de-procurados\/"},"author":{"name":"Comunica\u00e7\u00e3o PSOL","@id":"https:\/\/psol50.org.br\/#\/schema\/person\/475dfa57d0b815993c714c2e96491fcd"},"headline":"PSOL vai convocar Moro para explicar aus\u00eancia de miliciano do cl\u00e3 Bolsonaro de lista de procurados","datePublished":"2020-02-03T15:00:15+00:00","mainEntityOfPage":{"@id":"https:\/\/psol50.org.br\/psol-vai-convocar-moro-para-explicar-ausencia-de-miliciano-do-cla-bolsonaro-de-lista-de-procurados\/"},"wordCount":514,"publisher":{"@id":"https:\/\/psol50.org.br\/#organization"},"image":{"@id":"https:\/\/psol50.org.br\/psol-vai-convocar-moro-para-explicar-ausencia-de-miliciano-do-cla-bolsonaro-de-lista-de-procurados\/#primaryimage"},"thumbnailUrl":"https:\/\/psol50.org.br\/inc\/uploads\/2020\/02\/Adriano-da-No\u0301brega-e-Fla\u0301vio-Bolsonaro-1.jpg","keywords":["Bolsonaro","c\u00e2mara","escrit\u00f3rio do crime","freixo","mil\u00edcia","Moro"],"articleSection":["A\u00e7\u00e3o Parlamentar","Not\u00edcias"],"inLanguage":"pt-BR"},{"@type":"WebPage","@id":"https:\/\/psol50.org.br\/psol-vai-convocar-moro-para-explicar-ausencia-de-miliciano-do-cla-bolsonaro-de-lista-de-procurados\/","url":"https:\/\/psol50.org.br\/psol-vai-convocar-moro-para-explicar-ausencia-de-miliciano-do-cla-bolsonaro-de-lista-de-procurados\/","name":"PSOL vai convocar Moro para explicar aus\u00eancia de miliciano do cl\u00e3 Bolsonaro de lista de procurados","isPartOf":{"@id":"https:\/\/psol50.org.br\/#website"},"primaryImageOfPage":{"@id":"https:\/\/psol50.org.br\/psol-vai-convocar-moro-para-explicar-ausencia-de-miliciano-do-cla-bolsonaro-de-lista-de-procurados\/#primaryimage"},"image":{"@id":"https:\/\/psol50.org.br\/psol-vai-convocar-moro-para-explicar-ausencia-de-miliciano-do-cla-bolsonaro-de-lista-de-procurados\/#primaryimage"},"thumbnailUrl":"https:\/\/psol50.org.br\/inc\/uploads\/2020\/02\/Adriano-da-No\u0301brega-e-Fla\u0301vio-Bolsonaro-1.jpg","datePublished":"2020-02-03T15:00:15+00:00","description":"Adriano da N\u00f3brega, comandante do Escrit\u00f3rio do Crime, mil\u00edcia mais antiga e bem estruturada do Rio de Janeiro, \u00e9 ligado a Fl\u00e1vio Bolsonaro.","breadcrumb":{"@id":"https:\/\/psol50.org.br\/psol-vai-convocar-moro-para-explicar-ausencia-de-miliciano-do-cla-bolsonaro-de-lista-de-procurados\/#breadcrumb"},"inLanguage":"pt-BR","potentialAction":[{"@type":"ReadAction","target":["https:\/\/psol50.org.br\/psol-vai-convocar-moro-para-explicar-ausencia-de-miliciano-do-cla-bolsonaro-de-lista-de-procurados\/"]}]},{"@type":"ImageObject","inLanguage":"pt-BR","@id":"https:\/\/psol50.org.br\/psol-vai-convocar-moro-para-explicar-ausencia-de-miliciano-do-cla-bolsonaro-de-lista-de-procurados\/#primaryimage","url":"https:\/\/psol50.org.br\/inc\/uploads\/2020\/02\/Adriano-da-No\u0301brega-e-Fla\u0301vio-Bolsonaro-1.jpg","contentUrl":"https:\/\/psol50.org.br\/inc\/uploads\/2020\/02\/Adriano-da-No\u0301brega-e-Fla\u0301vio-Bolsonaro-1.jpg","width":800,"height":365},{"@type":"BreadcrumbList","@id":"https:\/\/psol50.org.br\/psol-vai-convocar-moro-para-explicar-ausencia-de-miliciano-do-cla-bolsonaro-de-lista-de-procurados\/#breadcrumb","itemListElement":[{"@type":"ListItem","position":1,"name":"In\u00edcio","item":"https:\/\/psol50.org.br\/"},{"@type":"ListItem","position":2,"name":"PSOL vai convocar Moro para explicar aus\u00eancia de miliciano do cl\u00e3 Bolsonaro de lista de procurados"}]},{"@type":"WebSite","@id":"https:\/\/psol50.org.br\/#website","url":"https:\/\/psol50.org.br\/","name":"PSOL 50","description":"Site oficial do Partido Socialismo e Liberdade","publisher":{"@id":"https:\/\/psol50.org.br\/#organization"},"alternateName":"PSOL50","potentialAction":[{"@type":"SearchAction","target":{"@type":"EntryPoint","urlTemplate":"https:\/\/psol50.org.br\/?s={search_term_string}"},"query-input":{"@type":"PropertyValueSpecification","valueRequired":true,"valueName":"search_term_string"}}],"inLanguage":"pt-BR"},{"@type":"Organization","@id":"https:\/\/psol50.org.br\/#organization","name":"PSOL 50","alternateName":"PSOL 50","url":"https:\/\/psol50.org.br\/","logo":{"@type":"ImageObject","inLanguage":"pt-BR","@id":"https:\/\/psol50.org.br\/#\/schema\/logo\/image\/","url":"https:\/\/psol50.org.br\/inc\/uploads\/2018\/07\/capa.png","contentUrl":"https:\/\/psol50.org.br\/inc\/uploads\/2018\/07\/capa.png","width":1350,"height":900,"caption":"PSOL 50"},"image":{"@id":"https:\/\/psol50.org.br\/#\/schema\/logo\/image\/"},"sameAs":["https:\/\/www.facebook.com\/psol50","https:\/\/x.com\/psol50","https:\/\/www.instagram.com\/psol50\/","https:\/\/www.youtube.com\/channel\/UC7SnJS5o1os7a6CaiNabzcg"]},{"@type":"Person","@id":"https:\/\/psol50.org.br\/#\/schema\/person\/475dfa57d0b815993c714c2e96491fcd","name":"Comunica\u00e7\u00e3o PSOL","image":{"@type":"ImageObject","inLanguage":"pt-BR","@id":"https:\/\/psol50.org.br\/#\/schema\/person\/image\/","url":"https:\/\/secure.gravatar.com\/avatar\/b34fc4f4e468a4e51785917065a3db57b841f5c95dba6ad8c73aaf8f66f8f9bf?s=96&d=mm&r=g","contentUrl":"https:\/\/secure.gravatar.com\/avatar\/b34fc4f4e468a4e51785917065a3db57b841f5c95dba6ad8c73aaf8f66f8f9bf?s=96&d=mm&r=g","caption":"Comunica\u00e7\u00e3o PSOL"}}]}},"_links":{"self":[{"href":"https:\/\/psol50.org.br\/rest\/wp\/v2\/posts\/27398","targetHints":{"allow":["GET"]}}],"collection":[{"href":"https:\/\/psol50.org.br\/rest\/wp\/v2\/posts"}],"about":[{"href":"https:\/\/psol50.org.br\/rest\/wp\/v2\/types\/post"}],"author":[{"embeddable":true,"href":"https:\/\/psol50.org.br\/rest\/wp\/v2\/users\/2"}],"replies":[{"embeddable":true,"href":"https:\/\/psol50.org.br\/rest\/wp\/v2\/comments?post=27398"}],"version-history":[{"count":0,"href":"https:\/\/psol50.org.br\/rest\/wp\/v2\/posts\/27398\/revisions"}],"wp:featuredmedia":[{"embeddable":true,"href":"https:\/\/psol50.org.br\/rest\/wp\/v2\/media\/27497"}],"wp:attachment":[{"href":"https:\/\/psol50.org.br\/rest\/wp\/v2\/media?parent=27398"}],"wp:term":[{"taxonomy":"category","embeddable":true,"href":"https:\/\/psol50.org.br\/rest\/wp\/v2\/categories?post=27398"},{"taxonomy":"post_tag","embeddable":true,"href":"https:\/\/psol50.org.br\/rest\/wp\/v2\/tags?post=27398"}],"curies":[{"name":"wp","href":"https:\/\/api.w.org\/{rel}","templated":true}]}}