{"id":27403,"date":"2020-02-03T14:41:26","date_gmt":"2020-02-03T17:41:26","guid":{"rendered":"http:\/\/psol50.org.br\/?p=27403"},"modified":"2020-02-03T14:41:26","modified_gmt":"2020-02-03T17:41:26","slug":"psol-cobra-explicacoes-de-moro-e-mpf-sobre-ataque-a-indigenas-no-ms","status":"publish","type":"post","link":"https:\/\/psol50.org.br\/psol-cobra-explicacoes-de-moro-e-mpf-sobre-ataque-a-indigenas-no-ms\/","title":{"rendered":"PSOL cobra explica\u00e7\u00f5es de Moro e MPF sobre ataque a ind\u00edgenas no MS"},"content":{"rendered":"<p>A bancada do PSOL na C\u00e2mara protocolou na \u00faltima sexta-feira (31) um requerimento oficial de informa\u00e7\u00f5es no Minist\u00e9rio da Justi\u00e7a, comandado pelo ex-juiz S\u00e9rgio Moro, para solicitar detalhes da opera\u00e7\u00e3o da For\u00e7a Nacional na Reserva Ind\u00edgena de Dourados, no Matro Grosso do Sul.<\/p>\n<p>Ind\u00edgenas Guarani Kaiow\u00e1 do local\u00a0foram alvo de disparos na \u00faltima quarta-feira (29) e garantem que o ataque partiu da For\u00e7a Nacional, que recebe ordens diretas do ministro S\u00e9rgio Moro.<\/p>\n<p>Outra medida tomada pelo PSOL foi a solicita\u00e7\u00e3o oficial de provid\u00eancias ao Minist\u00e9rio P\u00fablico Federal (MPF), para que as den\u00fancias do povo ind\u00edgena atacado sejam devidamente apuradas.<\/p>\n<blockquote class=\"twitter-tweet\" data-width=\"550\" data-dnt=\"true\">\n<p lang=\"pt\" dir=\"ltr\">MPF e Moro s\u00e3o interpelados sobre ataques a ind\u00edgenas Guarani-Kaiow\u00e1!<br \/>O <a href=\"https:\/\/twitter.com\/psolnacamara?ref_src=twsrc%5Etfw\">@psolnacamara<\/a> protocolou hoje (31.01)  Requerimento de Informa\u00e7\u00e3o ao Minist\u00e9rio da Justi\u00e7a inquirindo sobre quais provid\u00eancias foram e est\u00e3o sendo tomadas em rela\u00e7\u00e3o \u00e0 situa\u00e7\u00e3o na reserva atacada. <a href=\"https:\/\/t.co\/6xXfTZmZUr\">pic.twitter.com\/6xXfTZmZUr<\/a><\/p>\n<p>&mdash; PSOL na C\u00e2mara (@psolnacamara) <a href=\"https:\/\/twitter.com\/psolnacamara\/status\/1223331864473231362?ref_src=twsrc%5Etfw\">January 31, 2020<\/a><\/p><\/blockquote>\n<p><script async src=\"https:\/\/platform.twitter.com\/widgets.js\" charset=\"utf-8\"><\/script><\/p>\n<p>Os ind\u00edgenas contam que os ataques come\u00e7aram por volta das 22 horas da ter\u00e7a-feira (28), quando agentes tentaram derrubar barracos da terra Avae\u2019te, pr\u00f3xima \u00e0 reserva de Dourados.<\/p>\n<p>\u201cNo dia seguinte, \u00e0s 9 horas da manh\u00e3, a For\u00e7a Nacional se dirigiu a uma das fazendas. De l\u00e1 veio um dos donos da fazenda, seguran\u00e7as privados, todos em uma caminhonete preta, e quatro viaturas da For\u00e7a Nacional. Chegaram no Avae\u2019te atirando. N\u00e3o chegaram para conversar\u201d, disse uma pessoa que presenciou a cena. No conflito, um ind\u00edgena foi ferido no bra\u00e7o por um disparo.<\/p>\n","protected":false},"excerpt":{"rendered":"<p>A bancada do PSOL na C\u00e2mara protocolou na \u00faltima sexta-feira (31) um requerimento oficial de informa\u00e7\u00f5es no Minist\u00e9rio da Justi\u00e7a, comandado pelo ex-juiz S\u00e9rgio Moro, para solicitar detalhes da opera\u00e7\u00e3o da For\u00e7a Nacional na Reserva Ind\u00edgena de Dourados, no Matro Grosso do Sul. Ind\u00edgenas Guarani Kaiow\u00e1 do local\u00a0foram alvo de disparos na \u00faltima quarta-feira (29) [&hellip;]<\/p>\n","protected":false},"author":2,"featured_media":27404,"comment_status":"closed","ping_status":"open","sticky":false,"template":"","format":"standard","meta":{"_acf_changed":false,"footnotes":""},"categories":[10,6],"tags":[178,179,180,12,181,177,22],"class_list":{"0":"post-27403","1":"post","2":"type-post","3":"status-publish","4":"format-standard","5":"has-post-thumbnail","7":"category-acao-parlamentares","8":"category-noticias","9":"tag-dourados","10":"tag-forca-nacional","11":"tag-guarani-kaiowa","12":"tag-indigenas","13":"tag-mato-grosso-do-sul","14":"tag-moro","15":"tag-psol"},"acf":[],"yoast_head":"<!-- This site is optimized with the Yoast SEO plugin v26.5 - https:\/\/yoast.com\/wordpress\/plugins\/seo\/ -->\n<title>PSOL cobra explica\u00e7\u00f5es de Moro e MPF sobre ataque a ind\u00edgenas no MS<\/title>\n<meta name=\"description\" content=\"For\u00e7a Nacional, subordinada diretamente a S\u00e9rgio Moro, \u00e9 acusada de atacar reserva ind\u00edgena em Dourados, no Mato Grosso do Sul, ao lado de fazendeiros.\" \/>\n<meta name=\"robots\" content=\"index, follow, max-snippet:-1, max-image-preview:large, max-video-preview:-1\" \/>\n<link rel=\"canonical\" href=\"https:\/\/psol50.org.br\/psol-cobra-explicacoes-de-moro-e-mpf-sobre-ataque-a-indigenas-no-ms\/\" \/>\n<meta property=\"og:locale\" content=\"pt_BR\" \/>\n<meta property=\"og:type\" content=\"article\" \/>\n<meta property=\"og:title\" content=\"PSOL cobra explica\u00e7\u00f5es de Moro e MPF sobre ataque a ind\u00edgenas no MS\" \/>\n<meta property=\"og:description\" content=\"For\u00e7a Nacional, subordinada diretamente a S\u00e9rgio Moro, \u00e9 acusada de atacar reserva ind\u00edgena em Dourados, no Mato Grosso do Sul, ao lado de fazendeiros e capangas.\" \/>\n<meta property=\"og:url\" content=\"https:\/\/psol50.org.br\/psol-cobra-explicacoes-de-moro-e-mpf-sobre-ataque-a-indigenas-no-ms\/\" \/>\n<meta property=\"og:site_name\" content=\"PSOL 50\" \/>\n<meta property=\"article:publisher\" content=\"https:\/\/www.facebook.com\/psol50\" \/>\n<meta property=\"article:published_time\" content=\"2020-02-03T17:41:26+00:00\" \/>\n<meta property=\"og:image\" content=\"https:\/\/psol50.org.br\/inc\/uploads\/2020\/02\/8239547_x720.jpg\" \/>\n\t<meta property=\"og:image:width\" content=\"1280\" \/>\n\t<meta property=\"og:image:height\" content=\"720\" \/>\n\t<meta property=\"og:image:type\" content=\"image\/jpeg\" \/>\n<meta name=\"author\" content=\"Comunica\u00e7\u00e3o PSOL\" \/>\n<meta name=\"twitter:card\" content=\"summary_large_image\" \/>\n<meta name=\"twitter:title\" content=\"PSOL cobra explica\u00e7\u00f5es de Moro e MPF sobre ataque a ind\u00edgenas no MS\" \/>\n<meta name=\"twitter:description\" content=\"For\u00e7a Nacional, subordinada diretamente a S\u00e9rgio Moro, \u00e9 acusada de atacar reserva ind\u00edgena em Dourados, no Mato Grosso do Sul, ao lado de fazendeiros e capangas.\" \/>\n<meta name=\"twitter:image\" content=\"https:\/\/psol50.org.br\/inc\/uploads\/2020\/02\/8239547_x720.jpg\" \/>\n<meta name=\"twitter:creator\" content=\"@psol50\" \/>\n<meta name=\"twitter:site\" content=\"@psol50\" \/>\n<meta name=\"twitter:label1\" content=\"Escrito por\" \/>\n\t<meta name=\"twitter:data1\" content=\"Comunica\u00e7\u00e3o PSOL\" \/>\n\t<meta name=\"twitter:label2\" content=\"Est. tempo de leitura\" \/>\n\t<meta name=\"twitter:data2\" content=\"1 minuto\" \/>\n<script type=\"application\/ld+json\" class=\"yoast-schema-graph\">{\"@context\":\"https:\/\/schema.org\",\"@graph\":[{\"@type\":\"Article\",\"@id\":\"https:\/\/psol50.org.br\/psol-cobra-explicacoes-de-moro-e-mpf-sobre-ataque-a-indigenas-no-ms\/#article\",\"isPartOf\":{\"@id\":\"https:\/\/psol50.org.br\/psol-cobra-explicacoes-de-moro-e-mpf-sobre-ataque-a-indigenas-no-ms\/\"},\"author\":{\"name\":\"Comunica\u00e7\u00e3o PSOL\",\"@id\":\"https:\/\/psol50.org.br\/#\/schema\/person\/475dfa57d0b815993c714c2e96491fcd\"},\"headline\":\"PSOL cobra explica\u00e7\u00f5es de Moro e MPF sobre ataque a ind\u00edgenas no MS\",\"datePublished\":\"2020-02-03T17:41:26+00:00\",\"mainEntityOfPage\":{\"@id\":\"https:\/\/psol50.org.br\/psol-cobra-explicacoes-de-moro-e-mpf-sobre-ataque-a-indigenas-no-ms\/\"},\"wordCount\":235,\"publisher\":{\"@id\":\"https:\/\/psol50.org.br\/#organization\"},\"image\":{\"@id\":\"https:\/\/psol50.org.br\/psol-cobra-explicacoes-de-moro-e-mpf-sobre-ataque-a-indigenas-no-ms\/#primaryimage\"},\"thumbnailUrl\":\"https:\/\/psol50.org.br\/inc\/uploads\/2020\/02\/8239547_x720.jpg\",\"keywords\":[\"dourados\",\"For\u00e7a Nacional\",\"Guarani-Kaiow\u00e1\",\"Ind\u00edgenas\",\"Mato Grosso do Sul\",\"Moro\",\"PSOL\"],\"articleSection\":[\"A\u00e7\u00e3o Parlamentar\",\"Not\u00edcias\"],\"inLanguage\":\"pt-BR\"},{\"@type\":\"WebPage\",\"@id\":\"https:\/\/psol50.org.br\/psol-cobra-explicacoes-de-moro-e-mpf-sobre-ataque-a-indigenas-no-ms\/\",\"url\":\"https:\/\/psol50.org.br\/psol-cobra-explicacoes-de-moro-e-mpf-sobre-ataque-a-indigenas-no-ms\/\",\"name\":\"PSOL cobra explica\u00e7\u00f5es de Moro e MPF sobre ataque a ind\u00edgenas no MS\",\"isPartOf\":{\"@id\":\"https:\/\/psol50.org.br\/#website\"},\"primaryImageOfPage\":{\"@id\":\"https:\/\/psol50.org.br\/psol-cobra-explicacoes-de-moro-e-mpf-sobre-ataque-a-indigenas-no-ms\/#primaryimage\"},\"image\":{\"@id\":\"https:\/\/psol50.org.br\/psol-cobra-explicacoes-de-moro-e-mpf-sobre-ataque-a-indigenas-no-ms\/#primaryimage\"},\"thumbnailUrl\":\"https:\/\/psol50.org.br\/inc\/uploads\/2020\/02\/8239547_x720.jpg\",\"datePublished\":\"2020-02-03T17:41:26+00:00\",\"description\":\"For\u00e7a Nacional, subordinada diretamente a S\u00e9rgio Moro, \u00e9 acusada de atacar reserva ind\u00edgena em Dourados, no Mato Grosso do Sul, ao lado de fazendeiros.\",\"breadcrumb\":{\"@id\":\"https:\/\/psol50.org.br\/psol-cobra-explicacoes-de-moro-e-mpf-sobre-ataque-a-indigenas-no-ms\/#breadcrumb\"},\"inLanguage\":\"pt-BR\",\"potentialAction\":[{\"@type\":\"ReadAction\",\"target\":[\"https:\/\/psol50.org.br\/psol-cobra-explicacoes-de-moro-e-mpf-sobre-ataque-a-indigenas-no-ms\/\"]}]},{\"@type\":\"ImageObject\",\"inLanguage\":\"pt-BR\",\"@id\":\"https:\/\/psol50.org.br\/psol-cobra-explicacoes-de-moro-e-mpf-sobre-ataque-a-indigenas-no-ms\/#primaryimage\",\"url\":\"https:\/\/psol50.org.br\/inc\/uploads\/2020\/02\/8239547_x720.jpg\",\"contentUrl\":\"https:\/\/psol50.org.br\/inc\/uploads\/2020\/02\/8239547_x720.jpg\",\"width\":1280,\"height\":720,\"caption\":\"Foto: Reprodu\u00e7\u00e3o\"},{\"@type\":\"BreadcrumbList\",\"@id\":\"https:\/\/psol50.org.br\/psol-cobra-explicacoes-de-moro-e-mpf-sobre-ataque-a-indigenas-no-ms\/#breadcrumb\",\"itemListElement\":[{\"@type\":\"ListItem\",\"position\":1,\"name\":\"In\u00edcio\",\"item\":\"https:\/\/psol50.org.br\/\"},{\"@type\":\"ListItem\",\"position\":2,\"name\":\"PSOL cobra explica\u00e7\u00f5es de Moro e MPF sobre ataque a ind\u00edgenas no MS\"}]},{\"@type\":\"WebSite\",\"@id\":\"https:\/\/psol50.org.br\/#website\",\"url\":\"https:\/\/psol50.org.br\/\",\"name\":\"PSOL 50\",\"description\":\"Site oficial do Partido Socialismo e Liberdade\",\"publisher\":{\"@id\":\"https:\/\/psol50.org.br\/#organization\"},\"alternateName\":\"PSOL50\",\"potentialAction\":[{\"@type\":\"SearchAction\",\"target\":{\"@type\":\"EntryPoint\",\"urlTemplate\":\"https:\/\/psol50.org.br\/?s={search_term_string}\"},\"query-input\":{\"@type\":\"PropertyValueSpecification\",\"valueRequired\":true,\"valueName\":\"search_term_string\"}}],\"inLanguage\":\"pt-BR\"},{\"@type\":\"Organization\",\"@id\":\"https:\/\/psol50.org.br\/#organization\",\"name\":\"PSOL 50\",\"alternateName\":\"PSOL 50\",\"url\":\"https:\/\/psol50.org.br\/\",\"logo\":{\"@type\":\"ImageObject\",\"inLanguage\":\"pt-BR\",\"@id\":\"https:\/\/psol50.org.br\/#\/schema\/logo\/image\/\",\"url\":\"https:\/\/psol50.org.br\/inc\/uploads\/2018\/07\/capa.png\",\"contentUrl\":\"https:\/\/psol50.org.br\/inc\/uploads\/2018\/07\/capa.png\",\"width\":1350,\"height\":900,\"caption\":\"PSOL 50\"},\"image\":{\"@id\":\"https:\/\/psol50.org.br\/#\/schema\/logo\/image\/\"},\"sameAs\":[\"https:\/\/www.facebook.com\/psol50\",\"https:\/\/x.com\/psol50\",\"https:\/\/www.instagram.com\/psol50\/\",\"https:\/\/www.youtube.com\/channel\/UC7SnJS5o1os7a6CaiNabzcg\"]},{\"@type\":\"Person\",\"@id\":\"https:\/\/psol50.org.br\/#\/schema\/person\/475dfa57d0b815993c714c2e96491fcd\",\"name\":\"Comunica\u00e7\u00e3o PSOL\",\"image\":{\"@type\":\"ImageObject\",\"inLanguage\":\"pt-BR\",\"@id\":\"https:\/\/psol50.org.br\/#\/schema\/person\/image\/\",\"url\":\"https:\/\/secure.gravatar.com\/avatar\/b34fc4f4e468a4e51785917065a3db57b841f5c95dba6ad8c73aaf8f66f8f9bf?s=96&d=mm&r=g\",\"contentUrl\":\"https:\/\/secure.gravatar.com\/avatar\/b34fc4f4e468a4e51785917065a3db57b841f5c95dba6ad8c73aaf8f66f8f9bf?s=96&d=mm&r=g\",\"caption\":\"Comunica\u00e7\u00e3o PSOL\"}}]}<\/script>\n<!-- \/ Yoast SEO plugin. -->","yoast_head_json":{"title":"PSOL cobra explica\u00e7\u00f5es de Moro e MPF sobre ataque a ind\u00edgenas no MS","description":"For\u00e7a Nacional, subordinada diretamente a S\u00e9rgio Moro, \u00e9 acusada de atacar reserva ind\u00edgena em Dourados, no Mato Grosso do Sul, ao lado de fazendeiros.","robots":{"index":"index","follow":"follow","max-snippet":"max-snippet:-1","max-image-preview":"max-image-preview:large","max-video-preview":"max-video-preview:-1"},"canonical":"https:\/\/psol50.org.br\/psol-cobra-explicacoes-de-moro-e-mpf-sobre-ataque-a-indigenas-no-ms\/","og_locale":"pt_BR","og_type":"article","og_title":"PSOL cobra explica\u00e7\u00f5es de Moro e MPF sobre ataque a ind\u00edgenas no MS","og_description":"For\u00e7a Nacional, subordinada diretamente a S\u00e9rgio Moro, \u00e9 acusada de atacar reserva ind\u00edgena em Dourados, no Mato Grosso do Sul, ao lado de fazendeiros e capangas.","og_url":"https:\/\/psol50.org.br\/psol-cobra-explicacoes-de-moro-e-mpf-sobre-ataque-a-indigenas-no-ms\/","og_site_name":"PSOL 50","article_publisher":"https:\/\/www.facebook.com\/psol50","article_published_time":"2020-02-03T17:41:26+00:00","og_image":[{"width":1280,"height":720,"url":"https:\/\/psol50.org.br\/inc\/uploads\/2020\/02\/8239547_x720.jpg","type":"image\/jpeg"}],"author":"Comunica\u00e7\u00e3o PSOL","twitter_card":"summary_large_image","twitter_title":"PSOL cobra explica\u00e7\u00f5es de Moro e MPF sobre ataque a ind\u00edgenas no MS","twitter_description":"For\u00e7a Nacional, subordinada diretamente a S\u00e9rgio Moro, \u00e9 acusada de atacar reserva ind\u00edgena em Dourados, no Mato Grosso do Sul, ao lado de fazendeiros e capangas.","twitter_image":"https:\/\/psol50.org.br\/inc\/uploads\/2020\/02\/8239547_x720.jpg","twitter_creator":"@psol50","twitter_site":"@psol50","twitter_misc":{"Escrito por":"Comunica\u00e7\u00e3o PSOL","Est. tempo de leitura":"1 minuto"},"schema":{"@context":"https:\/\/schema.org","@graph":[{"@type":"Article","@id":"https:\/\/psol50.org.br\/psol-cobra-explicacoes-de-moro-e-mpf-sobre-ataque-a-indigenas-no-ms\/#article","isPartOf":{"@id":"https:\/\/psol50.org.br\/psol-cobra-explicacoes-de-moro-e-mpf-sobre-ataque-a-indigenas-no-ms\/"},"author":{"name":"Comunica\u00e7\u00e3o PSOL","@id":"https:\/\/psol50.org.br\/#\/schema\/person\/475dfa57d0b815993c714c2e96491fcd"},"headline":"PSOL cobra explica\u00e7\u00f5es de Moro e MPF sobre ataque a ind\u00edgenas no MS","datePublished":"2020-02-03T17:41:26+00:00","mainEntityOfPage":{"@id":"https:\/\/psol50.org.br\/psol-cobra-explicacoes-de-moro-e-mpf-sobre-ataque-a-indigenas-no-ms\/"},"wordCount":235,"publisher":{"@id":"https:\/\/psol50.org.br\/#organization"},"image":{"@id":"https:\/\/psol50.org.br\/psol-cobra-explicacoes-de-moro-e-mpf-sobre-ataque-a-indigenas-no-ms\/#primaryimage"},"thumbnailUrl":"https:\/\/psol50.org.br\/inc\/uploads\/2020\/02\/8239547_x720.jpg","keywords":["dourados","For\u00e7a Nacional","Guarani-Kaiow\u00e1","Ind\u00edgenas","Mato Grosso do Sul","Moro","PSOL"],"articleSection":["A\u00e7\u00e3o Parlamentar","Not\u00edcias"],"inLanguage":"pt-BR"},{"@type":"WebPage","@id":"https:\/\/psol50.org.br\/psol-cobra-explicacoes-de-moro-e-mpf-sobre-ataque-a-indigenas-no-ms\/","url":"https:\/\/psol50.org.br\/psol-cobra-explicacoes-de-moro-e-mpf-sobre-ataque-a-indigenas-no-ms\/","name":"PSOL cobra explica\u00e7\u00f5es de Moro e MPF sobre ataque a ind\u00edgenas no MS","isPartOf":{"@id":"https:\/\/psol50.org.br\/#website"},"primaryImageOfPage":{"@id":"https:\/\/psol50.org.br\/psol-cobra-explicacoes-de-moro-e-mpf-sobre-ataque-a-indigenas-no-ms\/#primaryimage"},"image":{"@id":"https:\/\/psol50.org.br\/psol-cobra-explicacoes-de-moro-e-mpf-sobre-ataque-a-indigenas-no-ms\/#primaryimage"},"thumbnailUrl":"https:\/\/psol50.org.br\/inc\/uploads\/2020\/02\/8239547_x720.jpg","datePublished":"2020-02-03T17:41:26+00:00","description":"For\u00e7a Nacional, subordinada diretamente a S\u00e9rgio Moro, \u00e9 acusada de atacar reserva ind\u00edgena em Dourados, no Mato Grosso do Sul, ao lado de fazendeiros.","breadcrumb":{"@id":"https:\/\/psol50.org.br\/psol-cobra-explicacoes-de-moro-e-mpf-sobre-ataque-a-indigenas-no-ms\/#breadcrumb"},"inLanguage":"pt-BR","potentialAction":[{"@type":"ReadAction","target":["https:\/\/psol50.org.br\/psol-cobra-explicacoes-de-moro-e-mpf-sobre-ataque-a-indigenas-no-ms\/"]}]},{"@type":"ImageObject","inLanguage":"pt-BR","@id":"https:\/\/psol50.org.br\/psol-cobra-explicacoes-de-moro-e-mpf-sobre-ataque-a-indigenas-no-ms\/#primaryimage","url":"https:\/\/psol50.org.br\/inc\/uploads\/2020\/02\/8239547_x720.jpg","contentUrl":"https:\/\/psol50.org.br\/inc\/uploads\/2020\/02\/8239547_x720.jpg","width":1280,"height":720,"caption":"Foto: Reprodu\u00e7\u00e3o"},{"@type":"BreadcrumbList","@id":"https:\/\/psol50.org.br\/psol-cobra-explicacoes-de-moro-e-mpf-sobre-ataque-a-indigenas-no-ms\/#breadcrumb","itemListElement":[{"@type":"ListItem","position":1,"name":"In\u00edcio","item":"https:\/\/psol50.org.br\/"},{"@type":"ListItem","position":2,"name":"PSOL cobra explica\u00e7\u00f5es de Moro e MPF sobre ataque a ind\u00edgenas no MS"}]},{"@type":"WebSite","@id":"https:\/\/psol50.org.br\/#website","url":"https:\/\/psol50.org.br\/","name":"PSOL 50","description":"Site oficial do Partido Socialismo e Liberdade","publisher":{"@id":"https:\/\/psol50.org.br\/#organization"},"alternateName":"PSOL50","potentialAction":[{"@type":"SearchAction","target":{"@type":"EntryPoint","urlTemplate":"https:\/\/psol50.org.br\/?s={search_term_string}"},"query-input":{"@type":"PropertyValueSpecification","valueRequired":true,"valueName":"search_term_string"}}],"inLanguage":"pt-BR"},{"@type":"Organization","@id":"https:\/\/psol50.org.br\/#organization","name":"PSOL 50","alternateName":"PSOL 50","url":"https:\/\/psol50.org.br\/","logo":{"@type":"ImageObject","inLanguage":"pt-BR","@id":"https:\/\/psol50.org.br\/#\/schema\/logo\/image\/","url":"https:\/\/psol50.org.br\/inc\/uploads\/2018\/07\/capa.png","contentUrl":"https:\/\/psol50.org.br\/inc\/uploads\/2018\/07\/capa.png","width":1350,"height":900,"caption":"PSOL 50"},"image":{"@id":"https:\/\/psol50.org.br\/#\/schema\/logo\/image\/"},"sameAs":["https:\/\/www.facebook.com\/psol50","https:\/\/x.com\/psol50","https:\/\/www.instagram.com\/psol50\/","https:\/\/www.youtube.com\/channel\/UC7SnJS5o1os7a6CaiNabzcg"]},{"@type":"Person","@id":"https:\/\/psol50.org.br\/#\/schema\/person\/475dfa57d0b815993c714c2e96491fcd","name":"Comunica\u00e7\u00e3o PSOL","image":{"@type":"ImageObject","inLanguage":"pt-BR","@id":"https:\/\/psol50.org.br\/#\/schema\/person\/image\/","url":"https:\/\/secure.gravatar.com\/avatar\/b34fc4f4e468a4e51785917065a3db57b841f5c95dba6ad8c73aaf8f66f8f9bf?s=96&d=mm&r=g","contentUrl":"https:\/\/secure.gravatar.com\/avatar\/b34fc4f4e468a4e51785917065a3db57b841f5c95dba6ad8c73aaf8f66f8f9bf?s=96&d=mm&r=g","caption":"Comunica\u00e7\u00e3o PSOL"}}]}},"_links":{"self":[{"href":"https:\/\/psol50.org.br\/rest\/wp\/v2\/posts\/27403","targetHints":{"allow":["GET"]}}],"collection":[{"href":"https:\/\/psol50.org.br\/rest\/wp\/v2\/posts"}],"about":[{"href":"https:\/\/psol50.org.br\/rest\/wp\/v2\/types\/post"}],"author":[{"embeddable":true,"href":"https:\/\/psol50.org.br\/rest\/wp\/v2\/users\/2"}],"replies":[{"embeddable":true,"href":"https:\/\/psol50.org.br\/rest\/wp\/v2\/comments?post=27403"}],"version-history":[{"count":0,"href":"https:\/\/psol50.org.br\/rest\/wp\/v2\/posts\/27403\/revisions"}],"wp:featuredmedia":[{"embeddable":true,"href":"https:\/\/psol50.org.br\/rest\/wp\/v2\/media\/27404"}],"wp:attachment":[{"href":"https:\/\/psol50.org.br\/rest\/wp\/v2\/media?parent=27403"}],"wp:term":[{"taxonomy":"category","embeddable":true,"href":"https:\/\/psol50.org.br\/rest\/wp\/v2\/categories?post=27403"},{"taxonomy":"post_tag","embeddable":true,"href":"https:\/\/psol50.org.br\/rest\/wp\/v2\/tags?post=27403"}],"curies":[{"name":"wp","href":"https:\/\/api.w.org\/{rel}","templated":true}]}}