{"id":27422,"date":"2020-02-03T20:26:08","date_gmt":"2020-02-03T23:26:08","guid":{"rendered":"http:\/\/psol50.org.br\/?p=27422"},"modified":"2020-02-03T20:26:08","modified_gmt":"2020-02-03T23:26:08","slug":"nota-do-psol-bahia-violenta-e-a-destruicao-da-previdencia-3","status":"publish","type":"post","link":"https:\/\/psol50.org.br\/nota-do-psol-bahia-violenta-e-a-destruicao-da-previdencia-3\/","title":{"rendered":"Nota do PSOL Bahia: violenta \u00e9 a destrui\u00e7\u00e3o da previd\u00eancia!"},"content":{"rendered":"<p class=\"p1\"><em>\u201cDo rio que tudo arrasta se diz que \u00e9 violento. Mas, ningu\u00e9m diz violentas as margens que o comprimem\u201d<br \/>\n&#8211; Bertold Brecht<\/em><\/p>\n<p class=\"p1\">A noite da \u00faltima sexta-feira, 31 de janeiro de 2020, ficar\u00e1 marcada na hist\u00f3ria do legislativo baiano como o dia da vergonha. Para satisfazer as exig\u00eancias de um governo que se manteve fechado ao di\u00e1logo e insens\u00edvel aos apelos do funcionalismo p\u00fablico, a Assembleia Legislativa decidiu por votar a PEC 159\/2020 que trata da reforma da previd\u00eancia estadual.<\/p>\n<p class=\"p1\">O projeto de lei, enviado pelo executivo no apagar das luzes de 2019, se configura em mais uma infame trai\u00e7\u00e3o do governador Rui Costa. Reeleito em 2018, com os votos de milh\u00f5es de trabalhadores que esperavam do governo do Estado uma posi\u00e7\u00e3o de compromisso com a democracia e a manuten\u00e7\u00e3o dos direitos sociais, tudo o que Rui Costa tem feito desde ent\u00e3o \u00e9 uma li\u00e7\u00e3o de como n\u00e3o deve agir um governo de esquerda.<\/p>\n<p class=\"p1\">A reforma, ou melhor, Deforma da previd\u00eancia proposta pelo governador Rui Costa (PT), ataca de maneira cruel o funcionalismo. Para obter o direito aos 100% da m\u00e9dia dos 90% maiores sal\u00e1rios, os homens ter\u00e3o que trabalhar 40 anos, 35 anos no caso das mulheres, mesmo ap\u00f3s superar a idade m\u00ednima para aposentadoria. No caso dos policiais o aumento de contribui\u00e7\u00e3o \u00e9 absurdo, chegando a 10 anos para as mulheres, al\u00e9m de uma severa restri\u00e7\u00e3o ao acesso \u00e0 pens\u00e3o p\u00f3s-morte. Aumento do tempo de contribui\u00e7\u00e3o, restri\u00e7\u00f5es a pens\u00f5es e a benef\u00edcios, uma reforma cruel, anti-povo e mis\u00f3gina, com o \u00fanico objetivo de facilitar o caminho para a destrui\u00e7\u00e3o do servi\u00e7o p\u00fablico.<\/p>\n<p class=\"p1\">Ao longo de todo o m\u00eas de janeiro as servidoras e servidores travaram uma resist\u00eancia heroica, e tudo que exigiram foi o direito ao debate amplo, livre e democr\u00e1tico sobre a situa\u00e7\u00e3o da previd\u00eancia. O governador petista se recusou a apresentar os estudos atuariais que fundamentaram a PEC, e t\u00e3o pouco a Assembleia legislativa exerceu o seu papel exigindo do executivo a apresenta\u00e7\u00e3o dos dados. Tudo feito \u00e0s pressas, na \u201ccorreria\u201d para atender os interesses do capital especulativo. Rui Costa e sua base aliada na Assembleia, formada pelos deputados do PT, PCdoB, PDT e PSB, escolheram jogar e marcar gols pelo time dos advers\u00e1rios da classe trabalhadora.<\/p>\n<p class=\"p1\">A dimens\u00e3o do ataque e a recusa do governo e da sua base aliada em debater geraram revolta e indigna\u00e7\u00e3o no funcionalismo. Toda essa indigna\u00e7\u00e3o atingiu seu \u00e1pice na \u00faltima na sexta quando at\u00e9 mesmo o acesso \u00e0s galerias do Plen\u00e1rio, um direito constitucional e democr\u00e1tico, s\u00f3 foi garantido aos servidores por meio de decis\u00e3o judicial. A responsabilidade pelos incidentes ocorridos durante a sess\u00e3o extraordin\u00e1ria \u00e9, em primeiro lugar, do governador do Estado. Bem como da sua base aliada, e da presid\u00eancia da Assembleia, que aceitou rasgar a autonomia do legislativo curvando-se \u00e0s exig\u00eancias do executivo.<\/p>\n<p class=\"p1\">A Executiva Estadual do<span class=\"Apple-converted-space\">\u00a0<\/span>Partido Socialismo e Liberdade (PSOL) vem por meio dessa nota manifestar o nosso rep\u00fadio a mais essa infame trai\u00e7\u00e3o. Um governo de esquerda deveria ter o absoluto compromisso em n\u00e3o violar os direitos sociais, exatamente o contr\u00e1rio do que vem fazendo Rui Costa com medidas como fechamento de escolas, congelamento dos sal\u00e1rios, cortes de verbas para educa\u00e7\u00e3o, militariza\u00e7\u00e3o das escolas e agora desmonte da previd\u00eancia. Do mesmo modo, \u00e9 uma vergonhosa trai\u00e7\u00e3o dos deputados do PT, PCdoB, PSB e PDT, partidos que votaram contra a reforma da previd\u00eancia de Guedes e Bolsonaro, ao apunhalarem pelas costas o servi\u00e7o p\u00fablico para atender \u00e0s exig\u00eancias de Rui Costa.<\/p>\n<p class=\"p1\">Nossa solidariedade se encontra nesse momento com as servidoras e servidores p\u00fablicos, que ao inv\u00e9s do debate democr\u00e1tico se defrontaram com a a\u00e7\u00e3o repressora do Batalh\u00e3o de Choque da PM de Rui Costa. Estamos tamb\u00e9m ao lado de todo povo trabalhador baiano, que ser\u00e1 o maior penalizado com a consequ\u00eancia dessa reforma que ser\u00e1 o desmonte dos servi\u00e7os p\u00fablicos. Nos orgulhamos do nosso \u00fanico mandato parlamentar, o de Hilton Coelho, ter votado contra a PEC e atuado como um ponto de apoio para essa luta, denunciando a dimens\u00e3o do ataque, o pisoteamento de todos os ritos regimentais do legislativo, e ajudando a fazer a disputa pol\u00edtica na sociedade pela defesa da previd\u00eancia. A luta n\u00e3o acabou, ela seguir\u00e1 em rep\u00fadio \u00e0 tentativa de criminaliza\u00e7\u00e3o dos movimentos sociais, ao direito a livre manifesta\u00e7\u00e3o, e acima de tudo em defesa do funcionalismo e dos servi\u00e7os p\u00fablicos.<\/p>\n<p class=\"p1\"><em><strong>Executiva Estadual do PSOL Bahia<\/strong><\/em><br \/>\n<em><strong>Salvador, 03 de Fevereiro de 2020<\/strong><\/em><\/p>\n","protected":false},"excerpt":{"rendered":"<p>\u201cDo rio que tudo arrasta se diz que \u00e9 violento. Mas, ningu\u00e9m diz violentas as margens que o comprimem\u201d &#8211; Bertold Brecht A noite da \u00faltima sexta-feira, 31 de janeiro de 2020, ficar\u00e1 marcada na hist\u00f3ria do legislativo baiano como o dia da vergonha. Para satisfazer as exig\u00eancias de um governo que se manteve fechado [&hellip;]<\/p>\n","protected":false},"author":2,"featured_media":27418,"comment_status":"closed","ping_status":"open","sticky":false,"template":"","format":"standard","meta":{"_acf_changed":false,"footnotes":""},"categories":[20,6],"tags":[36,37,94,38,63,22,40],"class_list":{"0":"post-27422","1":"post","2":"type-post","3":"status-publish","4":"format-standard","5":"has-post-thumbnail","7":"category-notas","8":"category-noticias","9":"tag-alba","10":"tag-bahia","11":"tag-choque","12":"tag-hilton-coelho","13":"tag-previdencia","14":"tag-psol","15":"tag-rui-costa"},"acf":[],"yoast_head":"<!-- This site is optimized with the Yoast SEO plugin v26.5 - https:\/\/yoast.com\/wordpress\/plugins\/seo\/ -->\n<title>Nota do PSOL Bahia: violenta \u00e9 a destrui\u00e7\u00e3o da previd\u00eancia!<\/title>\n<meta name=\"description\" content=\"Assembleia Legislativa da Bahia (ALBA) aprovou na \u00faltima sexta-feira (31) a reforma da previd\u00eancia do governador Rui Costa (PT). O PSOL esteve na luta contra mais esse absurdo.\" \/>\n<meta name=\"robots\" content=\"index, follow, max-snippet:-1, max-image-preview:large, max-video-preview:-1\" \/>\n<link rel=\"canonical\" href=\"https:\/\/psol50.org.br\/nota-do-psol-bahia-violenta-e-a-destruicao-da-previdencia-3\/\" \/>\n<meta property=\"og:locale\" content=\"pt_BR\" \/>\n<meta property=\"og:type\" content=\"article\" \/>\n<meta property=\"og:title\" content=\"Nota do PSOL Bahia: violenta \u00e9 a destrui\u00e7\u00e3o da previd\u00eancia!\" \/>\n<meta property=\"og:description\" content=\"Assembleia Legislativa da Bahia (ALBA) aprovou na \u00faltima sexta-feira (31) a reforma da previd\u00eancia do governador Rui Costa (PT). O PSOL esteve na luta contra mais esse absurdo.\" \/>\n<meta property=\"og:url\" content=\"https:\/\/psol50.org.br\/nota-do-psol-bahia-violenta-e-a-destruicao-da-previdencia-3\/\" \/>\n<meta property=\"og:site_name\" content=\"PSOL 50\" \/>\n<meta property=\"article:publisher\" content=\"https:\/\/www.facebook.com\/psol50\" \/>\n<meta property=\"article:published_time\" content=\"2020-02-03T23:26:08+00:00\" \/>\n<meta property=\"og:image\" content=\"https:\/\/psol50.org.br\/inc\/uploads\/2020\/02\/aaa.jpeg\" \/>\n\t<meta property=\"og:image:width\" content=\"870\" \/>\n\t<meta property=\"og:image:height\" content=\"611\" \/>\n\t<meta property=\"og:image:type\" content=\"image\/jpeg\" \/>\n<meta name=\"author\" content=\"Comunica\u00e7\u00e3o PSOL\" \/>\n<meta name=\"twitter:card\" content=\"summary_large_image\" \/>\n<meta name=\"twitter:title\" content=\"Nota do PSOL Bahia: violenta \u00e9 a destrui\u00e7\u00e3o da previd\u00eancia!\" \/>\n<meta name=\"twitter:description\" content=\"Assembleia Legislativa da Bahia (ALBA) aprovou na \u00faltima sexta-feira (31) a reforma da previd\u00eancia do governador Rui Costa (PT). O PSOL esteve na luta contra mais esse absurdo.\" \/>\n<meta name=\"twitter:image\" content=\"https:\/\/psol50.org.br\/inc\/uploads\/2020\/02\/aaa.jpeg\" \/>\n<meta name=\"twitter:creator\" content=\"@psol50\" \/>\n<meta name=\"twitter:site\" content=\"@psol50\" \/>\n<meta name=\"twitter:label1\" content=\"Escrito por\" \/>\n\t<meta name=\"twitter:data1\" content=\"Comunica\u00e7\u00e3o PSOL\" \/>\n\t<meta name=\"twitter:label2\" content=\"Est. tempo de leitura\" \/>\n\t<meta name=\"twitter:data2\" content=\"4 minutos\" \/>\n<script type=\"application\/ld+json\" class=\"yoast-schema-graph\">{\"@context\":\"https:\/\/schema.org\",\"@graph\":[{\"@type\":\"Article\",\"@id\":\"https:\/\/psol50.org.br\/nota-do-psol-bahia-violenta-e-a-destruicao-da-previdencia-3\/#article\",\"isPartOf\":{\"@id\":\"https:\/\/psol50.org.br\/nota-do-psol-bahia-violenta-e-a-destruicao-da-previdencia-3\/\"},\"author\":{\"name\":\"Comunica\u00e7\u00e3o PSOL\",\"@id\":\"https:\/\/psol50.org.br\/#\/schema\/person\/475dfa57d0b815993c714c2e96491fcd\"},\"headline\":\"Nota do PSOL Bahia: violenta \u00e9 a destrui\u00e7\u00e3o da previd\u00eancia!\",\"datePublished\":\"2020-02-03T23:26:08+00:00\",\"mainEntityOfPage\":{\"@id\":\"https:\/\/psol50.org.br\/nota-do-psol-bahia-violenta-e-a-destruicao-da-previdencia-3\/\"},\"wordCount\":806,\"publisher\":{\"@id\":\"https:\/\/psol50.org.br\/#organization\"},\"image\":{\"@id\":\"https:\/\/psol50.org.br\/nota-do-psol-bahia-violenta-e-a-destruicao-da-previdencia-3\/#primaryimage\"},\"thumbnailUrl\":\"https:\/\/psol50.org.br\/inc\/uploads\/2020\/02\/aaa.jpeg\",\"keywords\":[\"Alba\",\"Bahia\",\"choque\",\"Hilton Coelho\",\"previd\u00eancia\",\"PSOL\",\"Rui Costa\"],\"articleSection\":[\"Notas\",\"Not\u00edcias\"],\"inLanguage\":\"pt-BR\"},{\"@type\":\"WebPage\",\"@id\":\"https:\/\/psol50.org.br\/nota-do-psol-bahia-violenta-e-a-destruicao-da-previdencia-3\/\",\"url\":\"https:\/\/psol50.org.br\/nota-do-psol-bahia-violenta-e-a-destruicao-da-previdencia-3\/\",\"name\":\"Nota do PSOL Bahia: violenta \u00e9 a destrui\u00e7\u00e3o da previd\u00eancia!\",\"isPartOf\":{\"@id\":\"https:\/\/psol50.org.br\/#website\"},\"primaryImageOfPage\":{\"@id\":\"https:\/\/psol50.org.br\/nota-do-psol-bahia-violenta-e-a-destruicao-da-previdencia-3\/#primaryimage\"},\"image\":{\"@id\":\"https:\/\/psol50.org.br\/nota-do-psol-bahia-violenta-e-a-destruicao-da-previdencia-3\/#primaryimage\"},\"thumbnailUrl\":\"https:\/\/psol50.org.br\/inc\/uploads\/2020\/02\/aaa.jpeg\",\"datePublished\":\"2020-02-03T23:26:08+00:00\",\"description\":\"Assembleia Legislativa da Bahia (ALBA) aprovou na \u00faltima sexta-feira (31) a reforma da previd\u00eancia do governador Rui Costa (PT). O PSOL esteve na luta contra mais esse absurdo.\",\"breadcrumb\":{\"@id\":\"https:\/\/psol50.org.br\/nota-do-psol-bahia-violenta-e-a-destruicao-da-previdencia-3\/#breadcrumb\"},\"inLanguage\":\"pt-BR\",\"potentialAction\":[{\"@type\":\"ReadAction\",\"target\":[\"https:\/\/psol50.org.br\/nota-do-psol-bahia-violenta-e-a-destruicao-da-previdencia-3\/\"]}]},{\"@type\":\"ImageObject\",\"inLanguage\":\"pt-BR\",\"@id\":\"https:\/\/psol50.org.br\/nota-do-psol-bahia-violenta-e-a-destruicao-da-previdencia-3\/#primaryimage\",\"url\":\"https:\/\/psol50.org.br\/inc\/uploads\/2020\/02\/aaa.jpeg\",\"contentUrl\":\"https:\/\/psol50.org.br\/inc\/uploads\/2020\/02\/aaa.jpeg\",\"width\":870,\"height\":611,\"caption\":\"Foto: Reprodu\u00e7\u00e3o\"},{\"@type\":\"BreadcrumbList\",\"@id\":\"https:\/\/psol50.org.br\/nota-do-psol-bahia-violenta-e-a-destruicao-da-previdencia-3\/#breadcrumb\",\"itemListElement\":[{\"@type\":\"ListItem\",\"position\":1,\"name\":\"In\u00edcio\",\"item\":\"https:\/\/psol50.org.br\/\"},{\"@type\":\"ListItem\",\"position\":2,\"name\":\"Nota do PSOL Bahia: violenta \u00e9 a destrui\u00e7\u00e3o da previd\u00eancia!\"}]},{\"@type\":\"WebSite\",\"@id\":\"https:\/\/psol50.org.br\/#website\",\"url\":\"https:\/\/psol50.org.br\/\",\"name\":\"PSOL 50\",\"description\":\"Site oficial do Partido Socialismo e Liberdade\",\"publisher\":{\"@id\":\"https:\/\/psol50.org.br\/#organization\"},\"alternateName\":\"PSOL50\",\"potentialAction\":[{\"@type\":\"SearchAction\",\"target\":{\"@type\":\"EntryPoint\",\"urlTemplate\":\"https:\/\/psol50.org.br\/?s={search_term_string}\"},\"query-input\":{\"@type\":\"PropertyValueSpecification\",\"valueRequired\":true,\"valueName\":\"search_term_string\"}}],\"inLanguage\":\"pt-BR\"},{\"@type\":\"Organization\",\"@id\":\"https:\/\/psol50.org.br\/#organization\",\"name\":\"PSOL 50\",\"alternateName\":\"PSOL 50\",\"url\":\"https:\/\/psol50.org.br\/\",\"logo\":{\"@type\":\"ImageObject\",\"inLanguage\":\"pt-BR\",\"@id\":\"https:\/\/psol50.org.br\/#\/schema\/logo\/image\/\",\"url\":\"https:\/\/psol50.org.br\/inc\/uploads\/2018\/07\/capa.png\",\"contentUrl\":\"https:\/\/psol50.org.br\/inc\/uploads\/2018\/07\/capa.png\",\"width\":1350,\"height\":900,\"caption\":\"PSOL 50\"},\"image\":{\"@id\":\"https:\/\/psol50.org.br\/#\/schema\/logo\/image\/\"},\"sameAs\":[\"https:\/\/www.facebook.com\/psol50\",\"https:\/\/x.com\/psol50\",\"https:\/\/www.instagram.com\/psol50\/\",\"https:\/\/www.youtube.com\/channel\/UC7SnJS5o1os7a6CaiNabzcg\"]},{\"@type\":\"Person\",\"@id\":\"https:\/\/psol50.org.br\/#\/schema\/person\/475dfa57d0b815993c714c2e96491fcd\",\"name\":\"Comunica\u00e7\u00e3o PSOL\",\"image\":{\"@type\":\"ImageObject\",\"inLanguage\":\"pt-BR\",\"@id\":\"https:\/\/psol50.org.br\/#\/schema\/person\/image\/\",\"url\":\"https:\/\/secure.gravatar.com\/avatar\/b34fc4f4e468a4e51785917065a3db57b841f5c95dba6ad8c73aaf8f66f8f9bf?s=96&d=mm&r=g\",\"contentUrl\":\"https:\/\/secure.gravatar.com\/avatar\/b34fc4f4e468a4e51785917065a3db57b841f5c95dba6ad8c73aaf8f66f8f9bf?s=96&d=mm&r=g\",\"caption\":\"Comunica\u00e7\u00e3o PSOL\"}}]}<\/script>\n<!-- \/ Yoast SEO plugin. -->","yoast_head_json":{"title":"Nota do PSOL Bahia: violenta \u00e9 a destrui\u00e7\u00e3o da previd\u00eancia!","description":"Assembleia Legislativa da Bahia (ALBA) aprovou na \u00faltima sexta-feira (31) a reforma da previd\u00eancia do governador Rui Costa (PT). O PSOL esteve na luta contra mais esse absurdo.","robots":{"index":"index","follow":"follow","max-snippet":"max-snippet:-1","max-image-preview":"max-image-preview:large","max-video-preview":"max-video-preview:-1"},"canonical":"https:\/\/psol50.org.br\/nota-do-psol-bahia-violenta-e-a-destruicao-da-previdencia-3\/","og_locale":"pt_BR","og_type":"article","og_title":"Nota do PSOL Bahia: violenta \u00e9 a destrui\u00e7\u00e3o da previd\u00eancia!","og_description":"Assembleia Legislativa da Bahia (ALBA) aprovou na \u00faltima sexta-feira (31) a reforma da previd\u00eancia do governador Rui Costa (PT). O PSOL esteve na luta contra mais esse absurdo.","og_url":"https:\/\/psol50.org.br\/nota-do-psol-bahia-violenta-e-a-destruicao-da-previdencia-3\/","og_site_name":"PSOL 50","article_publisher":"https:\/\/www.facebook.com\/psol50","article_published_time":"2020-02-03T23:26:08+00:00","og_image":[{"width":870,"height":611,"url":"https:\/\/psol50.org.br\/inc\/uploads\/2020\/02\/aaa.jpeg","type":"image\/jpeg"}],"author":"Comunica\u00e7\u00e3o PSOL","twitter_card":"summary_large_image","twitter_title":"Nota do PSOL Bahia: violenta \u00e9 a destrui\u00e7\u00e3o da previd\u00eancia!","twitter_description":"Assembleia Legislativa da Bahia (ALBA) aprovou na \u00faltima sexta-feira (31) a reforma da previd\u00eancia do governador Rui Costa (PT). O PSOL esteve na luta contra mais esse absurdo.","twitter_image":"https:\/\/psol50.org.br\/inc\/uploads\/2020\/02\/aaa.jpeg","twitter_creator":"@psol50","twitter_site":"@psol50","twitter_misc":{"Escrito por":"Comunica\u00e7\u00e3o PSOL","Est. tempo de leitura":"4 minutos"},"schema":{"@context":"https:\/\/schema.org","@graph":[{"@type":"Article","@id":"https:\/\/psol50.org.br\/nota-do-psol-bahia-violenta-e-a-destruicao-da-previdencia-3\/#article","isPartOf":{"@id":"https:\/\/psol50.org.br\/nota-do-psol-bahia-violenta-e-a-destruicao-da-previdencia-3\/"},"author":{"name":"Comunica\u00e7\u00e3o PSOL","@id":"https:\/\/psol50.org.br\/#\/schema\/person\/475dfa57d0b815993c714c2e96491fcd"},"headline":"Nota do PSOL Bahia: violenta \u00e9 a destrui\u00e7\u00e3o da previd\u00eancia!","datePublished":"2020-02-03T23:26:08+00:00","mainEntityOfPage":{"@id":"https:\/\/psol50.org.br\/nota-do-psol-bahia-violenta-e-a-destruicao-da-previdencia-3\/"},"wordCount":806,"publisher":{"@id":"https:\/\/psol50.org.br\/#organization"},"image":{"@id":"https:\/\/psol50.org.br\/nota-do-psol-bahia-violenta-e-a-destruicao-da-previdencia-3\/#primaryimage"},"thumbnailUrl":"https:\/\/psol50.org.br\/inc\/uploads\/2020\/02\/aaa.jpeg","keywords":["Alba","Bahia","choque","Hilton Coelho","previd\u00eancia","PSOL","Rui Costa"],"articleSection":["Notas","Not\u00edcias"],"inLanguage":"pt-BR"},{"@type":"WebPage","@id":"https:\/\/psol50.org.br\/nota-do-psol-bahia-violenta-e-a-destruicao-da-previdencia-3\/","url":"https:\/\/psol50.org.br\/nota-do-psol-bahia-violenta-e-a-destruicao-da-previdencia-3\/","name":"Nota do PSOL Bahia: violenta \u00e9 a destrui\u00e7\u00e3o da previd\u00eancia!","isPartOf":{"@id":"https:\/\/psol50.org.br\/#website"},"primaryImageOfPage":{"@id":"https:\/\/psol50.org.br\/nota-do-psol-bahia-violenta-e-a-destruicao-da-previdencia-3\/#primaryimage"},"image":{"@id":"https:\/\/psol50.org.br\/nota-do-psol-bahia-violenta-e-a-destruicao-da-previdencia-3\/#primaryimage"},"thumbnailUrl":"https:\/\/psol50.org.br\/inc\/uploads\/2020\/02\/aaa.jpeg","datePublished":"2020-02-03T23:26:08+00:00","description":"Assembleia Legislativa da Bahia (ALBA) aprovou na \u00faltima sexta-feira (31) a reforma da previd\u00eancia do governador Rui Costa (PT). O PSOL esteve na luta contra mais esse absurdo.","breadcrumb":{"@id":"https:\/\/psol50.org.br\/nota-do-psol-bahia-violenta-e-a-destruicao-da-previdencia-3\/#breadcrumb"},"inLanguage":"pt-BR","potentialAction":[{"@type":"ReadAction","target":["https:\/\/psol50.org.br\/nota-do-psol-bahia-violenta-e-a-destruicao-da-previdencia-3\/"]}]},{"@type":"ImageObject","inLanguage":"pt-BR","@id":"https:\/\/psol50.org.br\/nota-do-psol-bahia-violenta-e-a-destruicao-da-previdencia-3\/#primaryimage","url":"https:\/\/psol50.org.br\/inc\/uploads\/2020\/02\/aaa.jpeg","contentUrl":"https:\/\/psol50.org.br\/inc\/uploads\/2020\/02\/aaa.jpeg","width":870,"height":611,"caption":"Foto: Reprodu\u00e7\u00e3o"},{"@type":"BreadcrumbList","@id":"https:\/\/psol50.org.br\/nota-do-psol-bahia-violenta-e-a-destruicao-da-previdencia-3\/#breadcrumb","itemListElement":[{"@type":"ListItem","position":1,"name":"In\u00edcio","item":"https:\/\/psol50.org.br\/"},{"@type":"ListItem","position":2,"name":"Nota do PSOL Bahia: violenta \u00e9 a destrui\u00e7\u00e3o da previd\u00eancia!"}]},{"@type":"WebSite","@id":"https:\/\/psol50.org.br\/#website","url":"https:\/\/psol50.org.br\/","name":"PSOL 50","description":"Site oficial do Partido Socialismo e Liberdade","publisher":{"@id":"https:\/\/psol50.org.br\/#organization"},"alternateName":"PSOL50","potentialAction":[{"@type":"SearchAction","target":{"@type":"EntryPoint","urlTemplate":"https:\/\/psol50.org.br\/?s={search_term_string}"},"query-input":{"@type":"PropertyValueSpecification","valueRequired":true,"valueName":"search_term_string"}}],"inLanguage":"pt-BR"},{"@type":"Organization","@id":"https:\/\/psol50.org.br\/#organization","name":"PSOL 50","alternateName":"PSOL 50","url":"https:\/\/psol50.org.br\/","logo":{"@type":"ImageObject","inLanguage":"pt-BR","@id":"https:\/\/psol50.org.br\/#\/schema\/logo\/image\/","url":"https:\/\/psol50.org.br\/inc\/uploads\/2018\/07\/capa.png","contentUrl":"https:\/\/psol50.org.br\/inc\/uploads\/2018\/07\/capa.png","width":1350,"height":900,"caption":"PSOL 50"},"image":{"@id":"https:\/\/psol50.org.br\/#\/schema\/logo\/image\/"},"sameAs":["https:\/\/www.facebook.com\/psol50","https:\/\/x.com\/psol50","https:\/\/www.instagram.com\/psol50\/","https:\/\/www.youtube.com\/channel\/UC7SnJS5o1os7a6CaiNabzcg"]},{"@type":"Person","@id":"https:\/\/psol50.org.br\/#\/schema\/person\/475dfa57d0b815993c714c2e96491fcd","name":"Comunica\u00e7\u00e3o PSOL","image":{"@type":"ImageObject","inLanguage":"pt-BR","@id":"https:\/\/psol50.org.br\/#\/schema\/person\/image\/","url":"https:\/\/secure.gravatar.com\/avatar\/b34fc4f4e468a4e51785917065a3db57b841f5c95dba6ad8c73aaf8f66f8f9bf?s=96&d=mm&r=g","contentUrl":"https:\/\/secure.gravatar.com\/avatar\/b34fc4f4e468a4e51785917065a3db57b841f5c95dba6ad8c73aaf8f66f8f9bf?s=96&d=mm&r=g","caption":"Comunica\u00e7\u00e3o PSOL"}}]}},"_links":{"self":[{"href":"https:\/\/psol50.org.br\/rest\/wp\/v2\/posts\/27422","targetHints":{"allow":["GET"]}}],"collection":[{"href":"https:\/\/psol50.org.br\/rest\/wp\/v2\/posts"}],"about":[{"href":"https:\/\/psol50.org.br\/rest\/wp\/v2\/types\/post"}],"author":[{"embeddable":true,"href":"https:\/\/psol50.org.br\/rest\/wp\/v2\/users\/2"}],"replies":[{"embeddable":true,"href":"https:\/\/psol50.org.br\/rest\/wp\/v2\/comments?post=27422"}],"version-history":[{"count":0,"href":"https:\/\/psol50.org.br\/rest\/wp\/v2\/posts\/27422\/revisions"}],"wp:featuredmedia":[{"embeddable":true,"href":"https:\/\/psol50.org.br\/rest\/wp\/v2\/media\/27418"}],"wp:attachment":[{"href":"https:\/\/psol50.org.br\/rest\/wp\/v2\/media?parent=27422"}],"wp:term":[{"taxonomy":"category","embeddable":true,"href":"https:\/\/psol50.org.br\/rest\/wp\/v2\/categories?post=27422"},{"taxonomy":"post_tag","embeddable":true,"href":"https:\/\/psol50.org.br\/rest\/wp\/v2\/tags?post=27422"}],"curies":[{"name":"wp","href":"https:\/\/api.w.org\/{rel}","templated":true}]}}