{"id":2743,"date":"2014-05-14T00:00:00","date_gmt":"2014-05-14T15:48:37","guid":{"rendered":"http:\/\/psol50.org.br\/arquivo\/2014\/05\/14\/pre-candidato-do-psol-ao-governo-de-minas-reafirma-pautas-dos-movimentos-sociais\/"},"modified":"2014-05-14T00:00:00","modified_gmt":"2014-05-14T15:48:37","slug":"pre-candidato-do-psol-ao-governo-de-minas-reafirma-pautas-dos-movimentos-sociais","status":"publish","type":"post","link":"https:\/\/psol50.org.br\/pre-candidato-do-psol-ao-governo-de-minas-reafirma-pautas-dos-movimentos-sociais\/","title":{"rendered":"Pr\u00e9-candidato do PSOL ao governo de Minas reafirma pautas dos movimentos sociais"},"content":{"rendered":"<div style=\"text-align: justify;\">\n\t<span style=\"font-size:12px;\"><span style=\"font-family: arial,helvetica,sans-serif;\"><em>Do site do PSOL Nacional, Leonor Costa<\/em><\/p>\n<p>\tNo \u00faltimo final de semana, em Belo Horizonte, o PSOL de Minas Gerais escolheu Fid\u00e9lis Alc\u00e2ntara como pr\u00e9-candidato ao governo do Estado. Nascido na cidade mineira de Coluna, Fid\u00e9lis \u00e9 graduado em publicidade e militante do movimento em defesa do direito \u00e0 cidade. Atualmente tem participado da organiza\u00e7\u00e3o do Comit\u00ea de Atingidos pela Copa em Belo Horizonte e denunciado as remo\u00e7\u00f5es e viola\u00e7\u00f5es aos direitos humanos, a especula\u00e7\u00e3o imobili\u00e1ria, al\u00e9m dos gastos absurdos com megaeventos.<br \/>\n\t&nbsp;<br \/>\n\tDesde j\u00e1, a pr\u00e9-campanha de Fid\u00e9lis assume como seus eixos norteadores a radicaliza\u00e7\u00e3o da democracia, o direito \u00e0 cidade e \u00e0 terra, a luta contra a criminaliza\u00e7\u00e3o da pobreza e dos movimentos sociais, o combate contra todas as formas de opress\u00e3o e a defesa de uma sociedade socialista e libert\u00e1ria.<br \/>\n\t&nbsp;<br \/>\n\tAbaixo, confira a entrevista concedida por Fid\u00e9lis Alc\u00e2ntara \u00e0 reda\u00e7\u00e3o do site do PSOL Nacional.<br \/>\n\t&nbsp;<br \/>\n\t<strong>1- Qual a expectativa do PSOL-MG para as elei\u00e7\u00f5es deste ano?<\/strong><br \/>\n\tAcreditamos que esta elei\u00e7\u00e3o ser\u00e1 um marco na hist\u00f3ria do pa\u00eds. As grandes manifesta\u00e7\u00f5es das ruas deram novo f\u00f4lego aos insatisfeitos para participar da pol\u00edtica e superar a polariza\u00e7\u00e3o PT-PSDB, que d\u00e1 sinais de esgotamento. Esses partidos n\u00e3o conseguem enfrentar os motivos de revolta da popula\u00e7\u00e3o, por repetirem os mesmos projetos que atendem \u00e0s velhas oligarquias e ao grande capital. Isso ficou \u00f3bvio com a Copa do Mundo, em que o Governo entregou grandes somas de recursos p\u00fablicos a um megaevento que tornou os Est\u00e1dios inacess\u00edveis \u00e0 popula\u00e7\u00e3o, causou despejos for\u00e7ados, viola\u00e7\u00f5es aos direitos humanos. Enquanto isso os equipamentos p\u00fablicos continuam sucateados, deixando de garantir os direitos sociais. Enfim, essa \u00e9 a velha pol\u00edtica, em detrimento dos interesses populares. Seremos uma voz de oposi\u00e7\u00e3o real ao Governo do PSDB para mostrar que \u00e9 poss\u00edvel governar de outra maneira. Esperamos ampliar a representatividade do partido na sociedade e eleger representantes ao legislativo estadual, que estar\u00e3o a servi\u00e7o dos insatisfeitos e dos movimentos sociais.<br \/>\n\t&nbsp;<br \/>\n\t<strong>2- Quais s\u00e3o as principais bandeiras que o PSOL vai trazer no programa para o governo de Minas Gerais?<\/strong><br \/>\n\tConstruiremos nossas pautas em reuni\u00f5es ampliadas, convidando a sociedade a participar de nosso programa. Os eixos de nossas bandeiras s\u00e3o o empoderamento popular com radicaliza\u00e7\u00e3o da democracia, o direito \u00e0 cidade (com mobilidade e habita\u00e7\u00e3o para todos), direito \u00e0 terra e a luta contra as opress\u00f5es (de ra\u00e7a, g\u00eanero, identidade sexual). Entendemos que a amplia\u00e7\u00e3o de canais de efetiva participa\u00e7\u00e3o popular \u00e9 fundamental para a garantia da dignidade da vida e de direitos, como: tarifa zero no transporte p\u00fablico, moradia, terra para os trabalhadores do campo e agricultura familiar, valoriza\u00e7\u00e3o\/universaliza\u00e7\u00e3o da educa\u00e7\u00e3o, da sa\u00fade, da assist\u00eancia social, combate \u00e0 influ\u00eancia do poder econ\u00f4mico que corrompe a pol\u00edtica, controle social das institui\u00e7\u00f5es, desmilitariza\u00e7\u00e3o da pol\u00edcia, ecossocialismo e luta contra as opress\u00f5es cotidianas sofridas pela popula\u00e7\u00e3o LGBT, pelos negros, pelos jovens nas periferias e pelas mulheres.<br \/>\n\t&nbsp;<br \/>\n\t<strong>3- Qual o maior desafio em representar o partido nas elei\u00e7\u00f5es um ano ap\u00f3s as jornadas de junho, quando milhares de pessoas foram \u00e0s ruas em todo o pa\u00eds?<\/strong><br \/>\n\t&nbsp;<br \/>\n\tO grande desafio \u00e9 conseguir levar as pautas das ruas para a campanha de maneira clara e objetiva, atento \u00e0 real demanda da popula\u00e7\u00e3o sem vacilar ou recuar nas posturas que o partido sempre defendeu, mostrando que \u00e9 poss\u00edvel governar de outra maneira, apoiados na participa\u00e7\u00e3o pol\u00edtica da sociedade. N\u00f3s, que sempre fizemos parte dessas manifesta\u00e7\u00f5es, acreditamos que podemos levar adiante um projeto de governo que priorize o empoderamento popular, construindo pol\u00edticas p\u00fablicas horizontalizadas e com ampla participa\u00e7\u00e3o dos trabalhadores e usu\u00e1rios dos servi\u00e7os p\u00fablicos.<br \/>\n\t&nbsp;<br \/>\n\t<strong>4- O PSOL em Minas vai buscar consolidar a Frente de Esquerda, juntamente com PSTU e PCB?<\/strong><br \/>\n\tSim, a expectativa do PSOL-MG \u00e9 que com a nossa escolha para concorrer ao Governo do Estado de Minas Gerais, a Frente de esquerda ganhe impulso para se concretizar, unir for\u00e7as e alcan\u00e7ar um patamar mais amplo na disputa deste ano.<br \/>\n\t&nbsp;<br \/>\n\t<strong>5- O PSOL-MG participar\u00e1 das manifesta\u00e7\u00f5es convocadas pelos movimentos sociais durante a Copa do Mundo?<\/strong><br \/>\n\tA milit\u00e2ncia do PSOL-MG sempre esteve e estar\u00e1 nas lutas das ruas. Agora, com a chegada da Copa, essa participa\u00e7\u00e3o ganha mais import\u00e2ncia, pois \u00e9 preciso pautar temas locais que est\u00e3o sendo deixados de lado, como prote\u00e7\u00e3o das crian\u00e7as, prote\u00e7\u00e3o das profissionais do sexo, prote\u00e7\u00e3o das pessoas em situa\u00e7\u00e3o de rua, preven\u00e7\u00e3o ao tr\u00e1fico de pessoas, gastos municipais e estaduais com o receptivo Fifa e outras exig\u00eancias que n\u00e3o trar\u00e3o retorno algum para a sociedade. Al\u00e9m disso, ainda temos as quest\u00f5es da lei de seguran\u00e7a nacional, a lei geral da Copa, que garante isen\u00e7\u00e3o fiscal para os patrocinadores e a constante criminaliza\u00e7\u00e3o dos movimentos sociais.<\/span><\/span><\/div>\n","protected":false},"excerpt":{"rendered":"<p>Do site do PSOL Nacional, Leonor Costa No \u00faltimo final de semana, em Belo Horizonte, o PSOL de Minas Gerais escolheu Fid\u00e9lis Alc\u00e2ntara como pr\u00e9-candidato ao governo do Estado. Nascido na cidade mineira de Coluna, Fid\u00e9lis \u00e9 graduado em publicidade e militante do movimento em defesa do direito \u00e0 cidade. Atualmente tem participado da organiza\u00e7\u00e3o [&hellip;]<\/p>\n","protected":false},"author":2,"featured_media":0,"comment_status":"open","ping_status":"open","sticky":false,"template":"","format":"standard","meta":{"_acf_changed":false,"footnotes":""},"categories":[4766,6],"tags":[22],"class_list":{"0":"post-2743","1":"post","2":"type-post","3":"status-publish","4":"format-standard","6":"category-arquivo","7":"category-noticias","8":"tag-psol"},"acf":[],"yoast_head":"<!-- This site is optimized with the Yoast SEO plugin v26.5 - https:\/\/yoast.com\/wordpress\/plugins\/seo\/ -->\n<title>Pr\u00e9-candidato do PSOL ao governo de Minas reafirma pautas dos movimentos sociais - PSOL 50<\/title>\n<meta name=\"robots\" content=\"index, follow, max-snippet:-1, max-image-preview:large, max-video-preview:-1\" \/>\n<link rel=\"canonical\" href=\"https:\/\/psol50.org.br\/pre-candidato-do-psol-ao-governo-de-minas-reafirma-pautas-dos-movimentos-sociais\/\" \/>\n<meta property=\"og:locale\" content=\"pt_BR\" \/>\n<meta property=\"og:type\" content=\"article\" \/>\n<meta property=\"og:title\" content=\"Pr\u00e9-candidato do PSOL ao governo de Minas reafirma pautas dos movimentos sociais - PSOL 50\" \/>\n<meta property=\"og:description\" content=\"Do site do PSOL Nacional, Leonor Costa No \u00faltimo final de semana, em Belo Horizonte, o PSOL de Minas Gerais escolheu Fid\u00e9lis Alc\u00e2ntara como pr\u00e9-candidato ao governo do Estado. Nascido na cidade mineira de Coluna, Fid\u00e9lis \u00e9 graduado em publicidade e militante do movimento em defesa do direito \u00e0 cidade. Atualmente tem participado da organiza\u00e7\u00e3o [&hellip;]\" \/>\n<meta property=\"og:url\" content=\"https:\/\/psol50.org.br\/pre-candidato-do-psol-ao-governo-de-minas-reafirma-pautas-dos-movimentos-sociais\/\" \/>\n<meta property=\"og:site_name\" content=\"PSOL 50\" \/>\n<meta property=\"article:publisher\" content=\"https:\/\/www.facebook.com\/psol50\" \/>\n<meta property=\"article:published_time\" content=\"2014-05-14T15:48:37+00:00\" \/>\n<meta property=\"og:image\" content=\"https:\/\/psol50.org.br\/inc\/uploads\/2018\/07\/capa.png\" \/>\n\t<meta property=\"og:image:width\" content=\"1350\" \/>\n\t<meta property=\"og:image:height\" content=\"900\" \/>\n\t<meta property=\"og:image:type\" content=\"image\/png\" \/>\n<meta name=\"author\" content=\"Comunica\u00e7\u00e3o PSOL\" \/>\n<meta name=\"twitter:card\" content=\"summary_large_image\" \/>\n<meta name=\"twitter:creator\" content=\"@psol50\" \/>\n<meta name=\"twitter:site\" content=\"@psol50\" \/>\n<meta name=\"twitter:label1\" content=\"Escrito por\" \/>\n\t<meta name=\"twitter:data1\" content=\"Comunica\u00e7\u00e3o PSOL\" \/>\n\t<meta name=\"twitter:label2\" content=\"Est. tempo de leitura\" \/>\n\t<meta name=\"twitter:data2\" content=\"4 minutos\" \/>\n<script type=\"application\/ld+json\" class=\"yoast-schema-graph\">{\"@context\":\"https:\/\/schema.org\",\"@graph\":[{\"@type\":\"Article\",\"@id\":\"https:\/\/psol50.org.br\/pre-candidato-do-psol-ao-governo-de-minas-reafirma-pautas-dos-movimentos-sociais\/#article\",\"isPartOf\":{\"@id\":\"https:\/\/psol50.org.br\/pre-candidato-do-psol-ao-governo-de-minas-reafirma-pautas-dos-movimentos-sociais\/\"},\"author\":{\"name\":\"Comunica\u00e7\u00e3o PSOL\",\"@id\":\"https:\/\/psol50.org.br\/#\/schema\/person\/475dfa57d0b815993c714c2e96491fcd\"},\"headline\":\"Pr\u00e9-candidato do PSOL ao governo de Minas reafirma pautas dos movimentos sociais\",\"datePublished\":\"2014-05-14T15:48:37+00:00\",\"mainEntityOfPage\":{\"@id\":\"https:\/\/psol50.org.br\/pre-candidato-do-psol-ao-governo-de-minas-reafirma-pautas-dos-movimentos-sociais\/\"},\"wordCount\":872,\"commentCount\":0,\"publisher\":{\"@id\":\"https:\/\/psol50.org.br\/#organization\"},\"keywords\":[\"PSOL\"],\"articleSection\":[\"Arquivo\",\"Not\u00edcias\"],\"inLanguage\":\"pt-BR\",\"potentialAction\":[{\"@type\":\"CommentAction\",\"name\":\"Comment\",\"target\":[\"https:\/\/psol50.org.br\/pre-candidato-do-psol-ao-governo-de-minas-reafirma-pautas-dos-movimentos-sociais\/#respond\"]}]},{\"@type\":\"WebPage\",\"@id\":\"https:\/\/psol50.org.br\/pre-candidato-do-psol-ao-governo-de-minas-reafirma-pautas-dos-movimentos-sociais\/\",\"url\":\"https:\/\/psol50.org.br\/pre-candidato-do-psol-ao-governo-de-minas-reafirma-pautas-dos-movimentos-sociais\/\",\"name\":\"Pr\u00e9-candidato do PSOL ao governo de Minas reafirma pautas dos movimentos sociais - PSOL 50\",\"isPartOf\":{\"@id\":\"https:\/\/psol50.org.br\/#website\"},\"datePublished\":\"2014-05-14T15:48:37+00:00\",\"breadcrumb\":{\"@id\":\"https:\/\/psol50.org.br\/pre-candidato-do-psol-ao-governo-de-minas-reafirma-pautas-dos-movimentos-sociais\/#breadcrumb\"},\"inLanguage\":\"pt-BR\",\"potentialAction\":[{\"@type\":\"ReadAction\",\"target\":[\"https:\/\/psol50.org.br\/pre-candidato-do-psol-ao-governo-de-minas-reafirma-pautas-dos-movimentos-sociais\/\"]}]},{\"@type\":\"BreadcrumbList\",\"@id\":\"https:\/\/psol50.org.br\/pre-candidato-do-psol-ao-governo-de-minas-reafirma-pautas-dos-movimentos-sociais\/#breadcrumb\",\"itemListElement\":[{\"@type\":\"ListItem\",\"position\":1,\"name\":\"In\u00edcio\",\"item\":\"https:\/\/psol50.org.br\/\"},{\"@type\":\"ListItem\",\"position\":2,\"name\":\"Pr\u00e9-candidato do PSOL ao governo de Minas reafirma pautas dos movimentos sociais\"}]},{\"@type\":\"WebSite\",\"@id\":\"https:\/\/psol50.org.br\/#website\",\"url\":\"https:\/\/psol50.org.br\/\",\"name\":\"PSOL 50\",\"description\":\"Site oficial do Partido Socialismo e Liberdade\",\"publisher\":{\"@id\":\"https:\/\/psol50.org.br\/#organization\"},\"alternateName\":\"PSOL50\",\"potentialAction\":[{\"@type\":\"SearchAction\",\"target\":{\"@type\":\"EntryPoint\",\"urlTemplate\":\"https:\/\/psol50.org.br\/?s={search_term_string}\"},\"query-input\":{\"@type\":\"PropertyValueSpecification\",\"valueRequired\":true,\"valueName\":\"search_term_string\"}}],\"inLanguage\":\"pt-BR\"},{\"@type\":\"Organization\",\"@id\":\"https:\/\/psol50.org.br\/#organization\",\"name\":\"PSOL 50\",\"alternateName\":\"PSOL 50\",\"url\":\"https:\/\/psol50.org.br\/\",\"logo\":{\"@type\":\"ImageObject\",\"inLanguage\":\"pt-BR\",\"@id\":\"https:\/\/psol50.org.br\/#\/schema\/logo\/image\/\",\"url\":\"https:\/\/psol50.org.br\/inc\/uploads\/2018\/07\/capa.png\",\"contentUrl\":\"https:\/\/psol50.org.br\/inc\/uploads\/2018\/07\/capa.png\",\"width\":1350,\"height\":900,\"caption\":\"PSOL 50\"},\"image\":{\"@id\":\"https:\/\/psol50.org.br\/#\/schema\/logo\/image\/\"},\"sameAs\":[\"https:\/\/www.facebook.com\/psol50\",\"https:\/\/x.com\/psol50\",\"https:\/\/www.instagram.com\/psol50\/\",\"https:\/\/www.youtube.com\/channel\/UC7SnJS5o1os7a6CaiNabzcg\"]},{\"@type\":\"Person\",\"@id\":\"https:\/\/psol50.org.br\/#\/schema\/person\/475dfa57d0b815993c714c2e96491fcd\",\"name\":\"Comunica\u00e7\u00e3o PSOL\",\"image\":{\"@type\":\"ImageObject\",\"inLanguage\":\"pt-BR\",\"@id\":\"https:\/\/psol50.org.br\/#\/schema\/person\/image\/\",\"url\":\"https:\/\/secure.gravatar.com\/avatar\/b34fc4f4e468a4e51785917065a3db57b841f5c95dba6ad8c73aaf8f66f8f9bf?s=96&d=mm&r=g\",\"contentUrl\":\"https:\/\/secure.gravatar.com\/avatar\/b34fc4f4e468a4e51785917065a3db57b841f5c95dba6ad8c73aaf8f66f8f9bf?s=96&d=mm&r=g\",\"caption\":\"Comunica\u00e7\u00e3o PSOL\"}}]}<\/script>\n<!-- \/ Yoast SEO plugin. -->","yoast_head_json":{"title":"Pr\u00e9-candidato do PSOL ao governo de Minas reafirma pautas dos movimentos sociais - PSOL 50","robots":{"index":"index","follow":"follow","max-snippet":"max-snippet:-1","max-image-preview":"max-image-preview:large","max-video-preview":"max-video-preview:-1"},"canonical":"https:\/\/psol50.org.br\/pre-candidato-do-psol-ao-governo-de-minas-reafirma-pautas-dos-movimentos-sociais\/","og_locale":"pt_BR","og_type":"article","og_title":"Pr\u00e9-candidato do PSOL ao governo de Minas reafirma pautas dos movimentos sociais - PSOL 50","og_description":"Do site do PSOL Nacional, Leonor Costa No \u00faltimo final de semana, em Belo Horizonte, o PSOL de Minas Gerais escolheu Fid\u00e9lis Alc\u00e2ntara como pr\u00e9-candidato ao governo do Estado. Nascido na cidade mineira de Coluna, Fid\u00e9lis \u00e9 graduado em publicidade e militante do movimento em defesa do direito \u00e0 cidade. Atualmente tem participado da organiza\u00e7\u00e3o [&hellip;]","og_url":"https:\/\/psol50.org.br\/pre-candidato-do-psol-ao-governo-de-minas-reafirma-pautas-dos-movimentos-sociais\/","og_site_name":"PSOL 50","article_publisher":"https:\/\/www.facebook.com\/psol50","article_published_time":"2014-05-14T15:48:37+00:00","og_image":[{"width":1350,"height":900,"url":"https:\/\/psol50.org.br\/inc\/uploads\/2018\/07\/capa.png","type":"image\/png"}],"author":"Comunica\u00e7\u00e3o PSOL","twitter_card":"summary_large_image","twitter_creator":"@psol50","twitter_site":"@psol50","twitter_misc":{"Escrito por":"Comunica\u00e7\u00e3o PSOL","Est. tempo de leitura":"4 minutos"},"schema":{"@context":"https:\/\/schema.org","@graph":[{"@type":"Article","@id":"https:\/\/psol50.org.br\/pre-candidato-do-psol-ao-governo-de-minas-reafirma-pautas-dos-movimentos-sociais\/#article","isPartOf":{"@id":"https:\/\/psol50.org.br\/pre-candidato-do-psol-ao-governo-de-minas-reafirma-pautas-dos-movimentos-sociais\/"},"author":{"name":"Comunica\u00e7\u00e3o PSOL","@id":"https:\/\/psol50.org.br\/#\/schema\/person\/475dfa57d0b815993c714c2e96491fcd"},"headline":"Pr\u00e9-candidato do PSOL ao governo de Minas reafirma pautas dos movimentos sociais","datePublished":"2014-05-14T15:48:37+00:00","mainEntityOfPage":{"@id":"https:\/\/psol50.org.br\/pre-candidato-do-psol-ao-governo-de-minas-reafirma-pautas-dos-movimentos-sociais\/"},"wordCount":872,"commentCount":0,"publisher":{"@id":"https:\/\/psol50.org.br\/#organization"},"keywords":["PSOL"],"articleSection":["Arquivo","Not\u00edcias"],"inLanguage":"pt-BR","potentialAction":[{"@type":"CommentAction","name":"Comment","target":["https:\/\/psol50.org.br\/pre-candidato-do-psol-ao-governo-de-minas-reafirma-pautas-dos-movimentos-sociais\/#respond"]}]},{"@type":"WebPage","@id":"https:\/\/psol50.org.br\/pre-candidato-do-psol-ao-governo-de-minas-reafirma-pautas-dos-movimentos-sociais\/","url":"https:\/\/psol50.org.br\/pre-candidato-do-psol-ao-governo-de-minas-reafirma-pautas-dos-movimentos-sociais\/","name":"Pr\u00e9-candidato do PSOL ao governo de Minas reafirma pautas dos movimentos sociais - PSOL 50","isPartOf":{"@id":"https:\/\/psol50.org.br\/#website"},"datePublished":"2014-05-14T15:48:37+00:00","breadcrumb":{"@id":"https:\/\/psol50.org.br\/pre-candidato-do-psol-ao-governo-de-minas-reafirma-pautas-dos-movimentos-sociais\/#breadcrumb"},"inLanguage":"pt-BR","potentialAction":[{"@type":"ReadAction","target":["https:\/\/psol50.org.br\/pre-candidato-do-psol-ao-governo-de-minas-reafirma-pautas-dos-movimentos-sociais\/"]}]},{"@type":"BreadcrumbList","@id":"https:\/\/psol50.org.br\/pre-candidato-do-psol-ao-governo-de-minas-reafirma-pautas-dos-movimentos-sociais\/#breadcrumb","itemListElement":[{"@type":"ListItem","position":1,"name":"In\u00edcio","item":"https:\/\/psol50.org.br\/"},{"@type":"ListItem","position":2,"name":"Pr\u00e9-candidato do PSOL ao governo de Minas reafirma pautas dos movimentos sociais"}]},{"@type":"WebSite","@id":"https:\/\/psol50.org.br\/#website","url":"https:\/\/psol50.org.br\/","name":"PSOL 50","description":"Site oficial do Partido Socialismo e Liberdade","publisher":{"@id":"https:\/\/psol50.org.br\/#organization"},"alternateName":"PSOL50","potentialAction":[{"@type":"SearchAction","target":{"@type":"EntryPoint","urlTemplate":"https:\/\/psol50.org.br\/?s={search_term_string}"},"query-input":{"@type":"PropertyValueSpecification","valueRequired":true,"valueName":"search_term_string"}}],"inLanguage":"pt-BR"},{"@type":"Organization","@id":"https:\/\/psol50.org.br\/#organization","name":"PSOL 50","alternateName":"PSOL 50","url":"https:\/\/psol50.org.br\/","logo":{"@type":"ImageObject","inLanguage":"pt-BR","@id":"https:\/\/psol50.org.br\/#\/schema\/logo\/image\/","url":"https:\/\/psol50.org.br\/inc\/uploads\/2018\/07\/capa.png","contentUrl":"https:\/\/psol50.org.br\/inc\/uploads\/2018\/07\/capa.png","width":1350,"height":900,"caption":"PSOL 50"},"image":{"@id":"https:\/\/psol50.org.br\/#\/schema\/logo\/image\/"},"sameAs":["https:\/\/www.facebook.com\/psol50","https:\/\/x.com\/psol50","https:\/\/www.instagram.com\/psol50\/","https:\/\/www.youtube.com\/channel\/UC7SnJS5o1os7a6CaiNabzcg"]},{"@type":"Person","@id":"https:\/\/psol50.org.br\/#\/schema\/person\/475dfa57d0b815993c714c2e96491fcd","name":"Comunica\u00e7\u00e3o PSOL","image":{"@type":"ImageObject","inLanguage":"pt-BR","@id":"https:\/\/psol50.org.br\/#\/schema\/person\/image\/","url":"https:\/\/secure.gravatar.com\/avatar\/b34fc4f4e468a4e51785917065a3db57b841f5c95dba6ad8c73aaf8f66f8f9bf?s=96&d=mm&r=g","contentUrl":"https:\/\/secure.gravatar.com\/avatar\/b34fc4f4e468a4e51785917065a3db57b841f5c95dba6ad8c73aaf8f66f8f9bf?s=96&d=mm&r=g","caption":"Comunica\u00e7\u00e3o PSOL"}}]}},"_links":{"self":[{"href":"https:\/\/psol50.org.br\/rest\/wp\/v2\/posts\/2743","targetHints":{"allow":["GET"]}}],"collection":[{"href":"https:\/\/psol50.org.br\/rest\/wp\/v2\/posts"}],"about":[{"href":"https:\/\/psol50.org.br\/rest\/wp\/v2\/types\/post"}],"author":[{"embeddable":true,"href":"https:\/\/psol50.org.br\/rest\/wp\/v2\/users\/2"}],"replies":[{"embeddable":true,"href":"https:\/\/psol50.org.br\/rest\/wp\/v2\/comments?post=2743"}],"version-history":[{"count":0,"href":"https:\/\/psol50.org.br\/rest\/wp\/v2\/posts\/2743\/revisions"}],"wp:attachment":[{"href":"https:\/\/psol50.org.br\/rest\/wp\/v2\/media?parent=2743"}],"wp:term":[{"taxonomy":"category","embeddable":true,"href":"https:\/\/psol50.org.br\/rest\/wp\/v2\/categories?post=2743"},{"taxonomy":"post_tag","embeddable":true,"href":"https:\/\/psol50.org.br\/rest\/wp\/v2\/tags?post=2743"}],"curies":[{"name":"wp","href":"https:\/\/api.w.org\/{rel}","templated":true}]}}