{"id":27439,"date":"2020-02-04T17:22:19","date_gmt":"2020-02-04T20:22:19","guid":{"rendered":"http:\/\/psol50.org.br\/?p=27439"},"modified":"2020-02-04T17:22:19","modified_gmt":"2020-02-04T20:22:19","slug":"psol-propoe-convocacao-de-abraham-weintraub-na-camara-para-explicar-caos-no-enem","status":"publish","type":"post","link":"https:\/\/psol50.org.br\/psol-propoe-convocacao-de-abraham-weintraub-na-camara-para-explicar-caos-no-enem\/","title":{"rendered":"PSOL prop\u00f5e convoca\u00e7\u00e3o de Abraham Weintraub na C\u00e2mara para explicar caos no ENEM"},"content":{"rendered":"<p>A bancada do PSOL na C\u00e2mara apresentou nesta ter\u00e7a-feira (4) um <strong><a href=\"http:\/\/psol50.org.br\/inc\/uploads\/2020\/02\/REQ-29-2020.pdf\">requerimento para convocar o ministro da Educa\u00e7\u00e3o Abraham Weintraub<\/a><\/strong> a prestar esclarecimentos \u00e0 popula\u00e7\u00e3o brasileira no plen\u00e1rio da casa sobre os erros e ilegalidades que aconteceram durante a condu\u00e7\u00e3o do processo do Exame Nacional do Ensino M\u00e9dio (ENEM) de 2019 e prejudicaram milh\u00f5es de estudantes.<\/p>\n<p>&#8220;O Ministro Abraham Weintraub conseguiu o feito de se tornar, em menos de um ano a frente do MEC, uma quase unanimidade: do campo progressista ao conservadorismo, de prefeitos e secreta rios estaduais a estudantes e professores, al\u00e9m de jornalistas, todos anseiam por sua demiss\u00e3o&#8221;, relembra o partido no requerimento assinado pela bancada.<\/p>\n<blockquote class=\"twitter-tweet\" data-width=\"550\" data-dnt=\"true\">\n<p lang=\"pt\" dir=\"ltr\">A bancada psolista protocolou hoje o REQ 29\/2020, que requer convoca\u00e7\u00e3o para que Weintraub venha a C\u00e2mara dos Deputados prestar esclarecimentos acerca dos erros e poss\u00edveis ilegalidades no ENEM. <a href=\"https:\/\/t.co\/b7BtukTi1z\">pic.twitter.com\/b7BtukTi1z<\/a><\/p>\n<p>&mdash; PSOL na C\u00e2mara (@psolnacamara) <a href=\"https:\/\/twitter.com\/psolnacamara\/status\/1224783881003511808?ref_src=twsrc%5Etfw\">February 4, 2020<\/a><\/p><\/blockquote>\n<p><script async src=\"https:\/\/platform.twitter.com\/widgets.js\" charset=\"utf-8\"><\/script><\/p>\n<p>At\u00e9 o presidente da C\u00e2mara e cada vez mais al\u00e7ado a porta-voz do sistema financeiro no parlamento, Rodrigo Maia, declarou que \u201co Brasil n\u00e3o tem futuro com Weintraub no MEC\u201d.<\/p>\n<p>A Comiss\u00e3o de \u00c9tica P\u00fablica da Presid\u00eancia tamb\u00e9m se pronunciou recentemente sobre o ministro com uma advert\u00eancia formal ao seu comportamento e falta de decoro no cargo.<\/p>\n","protected":false},"excerpt":{"rendered":"<p>A bancada do PSOL na C\u00e2mara apresentou nesta ter\u00e7a-feira (4) um requerimento para convocar o ministro da Educa\u00e7\u00e3o Abraham Weintraub a prestar esclarecimentos \u00e0 popula\u00e7\u00e3o brasileira no plen\u00e1rio da casa sobre os erros e ilegalidades que aconteceram durante a condu\u00e7\u00e3o do processo do Exame Nacional do Ensino M\u00e9dio (ENEM) de 2019 e prejudicaram milh\u00f5es de [&hellip;]<\/p>\n","protected":false},"author":2,"featured_media":27441,"comment_status":"closed","ping_status":"open","sticky":false,"template":"","format":"standard","meta":{"_acf_changed":false,"footnotes":""},"categories":[10,6],"tags":[163,212,90,91,22,93],"class_list":{"0":"post-27439","1":"post","2":"type-post","3":"status-publish","4":"format-standard","5":"has-post-thumbnail","7":"category-acao-parlamentares","8":"category-noticias","9":"tag-camara","10":"tag-convocacao","11":"tag-enem","12":"tag-mec","13":"tag-psol","14":"tag-weintraub"},"acf":[],"yoast_head":"<!-- This site is optimized with the Yoast SEO plugin v26.5 - https:\/\/yoast.com\/wordpress\/plugins\/seo\/ -->\n<title>PSOL prop\u00f5e convoca\u00e7\u00e3o de Abraham Weintraub na C\u00e2mara para explicar caos no ENEM<\/title>\n<meta name=\"description\" content=\"Erros e ilegalidades marcaram todo processo do Exame Nacional do Ensino M\u00e9dio (ENEM) desse ano e prejudicaram milh\u00f5es de estudantes.\" \/>\n<meta name=\"robots\" content=\"index, follow, max-snippet:-1, max-image-preview:large, max-video-preview:-1\" \/>\n<link rel=\"canonical\" href=\"https:\/\/psol50.org.br\/psol-propoe-convocacao-de-abraham-weintraub-na-camara-para-explicar-caos-no-enem\/\" \/>\n<meta property=\"og:locale\" content=\"pt_BR\" \/>\n<meta property=\"og:type\" content=\"article\" \/>\n<meta property=\"og:title\" content=\"PSOL prop\u00f5e convoca\u00e7\u00e3o de Abraham Weintraub na C\u00e2mara para explicar caos no ENEM\" \/>\n<meta property=\"og:description\" content=\"Erros e ilegalidades marcaram todo processo do Exame Nacional do Ensino M\u00e9dio (ENEM) desse ano e prejudicaram milh\u00f5es de estudantes.\" \/>\n<meta property=\"og:url\" content=\"https:\/\/psol50.org.br\/psol-propoe-convocacao-de-abraham-weintraub-na-camara-para-explicar-caos-no-enem\/\" \/>\n<meta property=\"og:site_name\" content=\"PSOL 50\" \/>\n<meta property=\"article:publisher\" content=\"https:\/\/www.facebook.com\/psol50\" \/>\n<meta property=\"article:published_time\" content=\"2020-02-04T20:22:19+00:00\" \/>\n<meta property=\"og:image\" content=\"https:\/\/psol50.org.br\/inc\/uploads\/2020\/02\/img20191211113915691-scaled-1.jpg\" \/>\n\t<meta property=\"og:image:width\" content=\"1920\" \/>\n\t<meta property=\"og:image:height\" content=\"1278\" \/>\n\t<meta property=\"og:image:type\" content=\"image\/jpeg\" \/>\n<meta name=\"author\" content=\"Comunica\u00e7\u00e3o PSOL\" \/>\n<meta name=\"twitter:card\" content=\"summary_large_image\" \/>\n<meta name=\"twitter:title\" content=\"PSOL prop\u00f5e convoca\u00e7\u00e3o de Abraham Weintraub na C\u00e2mara para explicar caos no ENEM\" \/>\n<meta name=\"twitter:description\" content=\"Erros e ilegalidades marcaram todo processo do Exame Nacional do Ensino M\u00e9dio (ENEM) desse ano e prejudicaram milh\u00f5es de estudantes.\" \/>\n<meta name=\"twitter:image\" content=\"https:\/\/psol50.org.br\/inc\/uploads\/2020\/02\/img20191211113915691-scaled-1.jpg\" \/>\n<meta name=\"twitter:creator\" content=\"@psol50\" \/>\n<meta name=\"twitter:site\" content=\"@psol50\" \/>\n<meta name=\"twitter:label1\" content=\"Escrito por\" \/>\n\t<meta name=\"twitter:data1\" content=\"Comunica\u00e7\u00e3o PSOL\" \/>\n\t<meta name=\"twitter:label2\" content=\"Est. tempo de leitura\" \/>\n\t<meta name=\"twitter:data2\" content=\"1 minuto\" \/>\n<script type=\"application\/ld+json\" class=\"yoast-schema-graph\">{\"@context\":\"https:\/\/schema.org\",\"@graph\":[{\"@type\":\"Article\",\"@id\":\"https:\/\/psol50.org.br\/psol-propoe-convocacao-de-abraham-weintraub-na-camara-para-explicar-caos-no-enem\/#article\",\"isPartOf\":{\"@id\":\"https:\/\/psol50.org.br\/psol-propoe-convocacao-de-abraham-weintraub-na-camara-para-explicar-caos-no-enem\/\"},\"author\":{\"name\":\"Comunica\u00e7\u00e3o PSOL\",\"@id\":\"https:\/\/psol50.org.br\/#\/schema\/person\/475dfa57d0b815993c714c2e96491fcd\"},\"headline\":\"PSOL prop\u00f5e convoca\u00e7\u00e3o de Abraham Weintraub na C\u00e2mara para explicar caos no ENEM\",\"datePublished\":\"2020-02-04T20:22:19+00:00\",\"mainEntityOfPage\":{\"@id\":\"https:\/\/psol50.org.br\/psol-propoe-convocacao-de-abraham-weintraub-na-camara-para-explicar-caos-no-enem\/\"},\"wordCount\":202,\"publisher\":{\"@id\":\"https:\/\/psol50.org.br\/#organization\"},\"image\":{\"@id\":\"https:\/\/psol50.org.br\/psol-propoe-convocacao-de-abraham-weintraub-na-camara-para-explicar-caos-no-enem\/#primaryimage\"},\"thumbnailUrl\":\"https:\/\/psol50.org.br\/inc\/uploads\/2020\/02\/img20191211113915691-scaled-1.jpg\",\"keywords\":[\"c\u00e2mara\",\"convoca\u00e7\u00e3o\",\"Enem\",\"MEC\",\"PSOL\",\"weintraub\"],\"articleSection\":[\"A\u00e7\u00e3o Parlamentar\",\"Not\u00edcias\"],\"inLanguage\":\"pt-BR\"},{\"@type\":\"WebPage\",\"@id\":\"https:\/\/psol50.org.br\/psol-propoe-convocacao-de-abraham-weintraub-na-camara-para-explicar-caos-no-enem\/\",\"url\":\"https:\/\/psol50.org.br\/psol-propoe-convocacao-de-abraham-weintraub-na-camara-para-explicar-caos-no-enem\/\",\"name\":\"PSOL prop\u00f5e convoca\u00e7\u00e3o de Abraham Weintraub na C\u00e2mara para explicar caos no ENEM\",\"isPartOf\":{\"@id\":\"https:\/\/psol50.org.br\/#website\"},\"primaryImageOfPage\":{\"@id\":\"https:\/\/psol50.org.br\/psol-propoe-convocacao-de-abraham-weintraub-na-camara-para-explicar-caos-no-enem\/#primaryimage\"},\"image\":{\"@id\":\"https:\/\/psol50.org.br\/psol-propoe-convocacao-de-abraham-weintraub-na-camara-para-explicar-caos-no-enem\/#primaryimage\"},\"thumbnailUrl\":\"https:\/\/psol50.org.br\/inc\/uploads\/2020\/02\/img20191211113915691-scaled-1.jpg\",\"datePublished\":\"2020-02-04T20:22:19+00:00\",\"description\":\"Erros e ilegalidades marcaram todo processo do Exame Nacional do Ensino M\u00e9dio (ENEM) desse ano e prejudicaram milh\u00f5es de estudantes.\",\"breadcrumb\":{\"@id\":\"https:\/\/psol50.org.br\/psol-propoe-convocacao-de-abraham-weintraub-na-camara-para-explicar-caos-no-enem\/#breadcrumb\"},\"inLanguage\":\"pt-BR\",\"potentialAction\":[{\"@type\":\"ReadAction\",\"target\":[\"https:\/\/psol50.org.br\/psol-propoe-convocacao-de-abraham-weintraub-na-camara-para-explicar-caos-no-enem\/\"]}]},{\"@type\":\"ImageObject\",\"inLanguage\":\"pt-BR\",\"@id\":\"https:\/\/psol50.org.br\/psol-propoe-convocacao-de-abraham-weintraub-na-camara-para-explicar-caos-no-enem\/#primaryimage\",\"url\":\"https:\/\/psol50.org.br\/inc\/uploads\/2020\/02\/img20191211113915691-scaled-1.jpg\",\"contentUrl\":\"https:\/\/psol50.org.br\/inc\/uploads\/2020\/02\/img20191211113915691-scaled-1.jpg\",\"width\":1920,\"height\":1278,\"caption\":\"Cleia Viana\/C\u00e2mara dos Deputados\"},{\"@type\":\"BreadcrumbList\",\"@id\":\"https:\/\/psol50.org.br\/psol-propoe-convocacao-de-abraham-weintraub-na-camara-para-explicar-caos-no-enem\/#breadcrumb\",\"itemListElement\":[{\"@type\":\"ListItem\",\"position\":1,\"name\":\"In\u00edcio\",\"item\":\"https:\/\/psol50.org.br\/\"},{\"@type\":\"ListItem\",\"position\":2,\"name\":\"PSOL prop\u00f5e convoca\u00e7\u00e3o de Abraham Weintraub na C\u00e2mara para explicar caos no ENEM\"}]},{\"@type\":\"WebSite\",\"@id\":\"https:\/\/psol50.org.br\/#website\",\"url\":\"https:\/\/psol50.org.br\/\",\"name\":\"PSOL 50\",\"description\":\"Site oficial do Partido Socialismo e Liberdade\",\"publisher\":{\"@id\":\"https:\/\/psol50.org.br\/#organization\"},\"alternateName\":\"PSOL50\",\"potentialAction\":[{\"@type\":\"SearchAction\",\"target\":{\"@type\":\"EntryPoint\",\"urlTemplate\":\"https:\/\/psol50.org.br\/?s={search_term_string}\"},\"query-input\":{\"@type\":\"PropertyValueSpecification\",\"valueRequired\":true,\"valueName\":\"search_term_string\"}}],\"inLanguage\":\"pt-BR\"},{\"@type\":\"Organization\",\"@id\":\"https:\/\/psol50.org.br\/#organization\",\"name\":\"PSOL 50\",\"alternateName\":\"PSOL 50\",\"url\":\"https:\/\/psol50.org.br\/\",\"logo\":{\"@type\":\"ImageObject\",\"inLanguage\":\"pt-BR\",\"@id\":\"https:\/\/psol50.org.br\/#\/schema\/logo\/image\/\",\"url\":\"https:\/\/psol50.org.br\/inc\/uploads\/2018\/07\/capa.png\",\"contentUrl\":\"https:\/\/psol50.org.br\/inc\/uploads\/2018\/07\/capa.png\",\"width\":1350,\"height\":900,\"caption\":\"PSOL 50\"},\"image\":{\"@id\":\"https:\/\/psol50.org.br\/#\/schema\/logo\/image\/\"},\"sameAs\":[\"https:\/\/www.facebook.com\/psol50\",\"https:\/\/x.com\/psol50\",\"https:\/\/www.instagram.com\/psol50\/\",\"https:\/\/www.youtube.com\/channel\/UC7SnJS5o1os7a6CaiNabzcg\"]},{\"@type\":\"Person\",\"@id\":\"https:\/\/psol50.org.br\/#\/schema\/person\/475dfa57d0b815993c714c2e96491fcd\",\"name\":\"Comunica\u00e7\u00e3o PSOL\",\"image\":{\"@type\":\"ImageObject\",\"inLanguage\":\"pt-BR\",\"@id\":\"https:\/\/psol50.org.br\/#\/schema\/person\/image\/\",\"url\":\"https:\/\/secure.gravatar.com\/avatar\/b34fc4f4e468a4e51785917065a3db57b841f5c95dba6ad8c73aaf8f66f8f9bf?s=96&d=mm&r=g\",\"contentUrl\":\"https:\/\/secure.gravatar.com\/avatar\/b34fc4f4e468a4e51785917065a3db57b841f5c95dba6ad8c73aaf8f66f8f9bf?s=96&d=mm&r=g\",\"caption\":\"Comunica\u00e7\u00e3o PSOL\"}}]}<\/script>\n<!-- \/ Yoast SEO plugin. -->","yoast_head_json":{"title":"PSOL prop\u00f5e convoca\u00e7\u00e3o de Abraham Weintraub na C\u00e2mara para explicar caos no ENEM","description":"Erros e ilegalidades marcaram todo processo do Exame Nacional do Ensino M\u00e9dio (ENEM) desse ano e prejudicaram milh\u00f5es de estudantes.","robots":{"index":"index","follow":"follow","max-snippet":"max-snippet:-1","max-image-preview":"max-image-preview:large","max-video-preview":"max-video-preview:-1"},"canonical":"https:\/\/psol50.org.br\/psol-propoe-convocacao-de-abraham-weintraub-na-camara-para-explicar-caos-no-enem\/","og_locale":"pt_BR","og_type":"article","og_title":"PSOL prop\u00f5e convoca\u00e7\u00e3o de Abraham Weintraub na C\u00e2mara para explicar caos no ENEM","og_description":"Erros e ilegalidades marcaram todo processo do Exame Nacional do Ensino M\u00e9dio (ENEM) desse ano e prejudicaram milh\u00f5es de estudantes.","og_url":"https:\/\/psol50.org.br\/psol-propoe-convocacao-de-abraham-weintraub-na-camara-para-explicar-caos-no-enem\/","og_site_name":"PSOL 50","article_publisher":"https:\/\/www.facebook.com\/psol50","article_published_time":"2020-02-04T20:22:19+00:00","og_image":[{"width":1920,"height":1278,"url":"https:\/\/psol50.org.br\/inc\/uploads\/2020\/02\/img20191211113915691-scaled-1.jpg","type":"image\/jpeg"}],"author":"Comunica\u00e7\u00e3o PSOL","twitter_card":"summary_large_image","twitter_title":"PSOL prop\u00f5e convoca\u00e7\u00e3o de Abraham Weintraub na C\u00e2mara para explicar caos no ENEM","twitter_description":"Erros e ilegalidades marcaram todo processo do Exame Nacional do Ensino M\u00e9dio (ENEM) desse ano e prejudicaram milh\u00f5es de estudantes.","twitter_image":"https:\/\/psol50.org.br\/inc\/uploads\/2020\/02\/img20191211113915691-scaled-1.jpg","twitter_creator":"@psol50","twitter_site":"@psol50","twitter_misc":{"Escrito por":"Comunica\u00e7\u00e3o PSOL","Est. tempo de leitura":"1 minuto"},"schema":{"@context":"https:\/\/schema.org","@graph":[{"@type":"Article","@id":"https:\/\/psol50.org.br\/psol-propoe-convocacao-de-abraham-weintraub-na-camara-para-explicar-caos-no-enem\/#article","isPartOf":{"@id":"https:\/\/psol50.org.br\/psol-propoe-convocacao-de-abraham-weintraub-na-camara-para-explicar-caos-no-enem\/"},"author":{"name":"Comunica\u00e7\u00e3o PSOL","@id":"https:\/\/psol50.org.br\/#\/schema\/person\/475dfa57d0b815993c714c2e96491fcd"},"headline":"PSOL prop\u00f5e convoca\u00e7\u00e3o de Abraham Weintraub na C\u00e2mara para explicar caos no ENEM","datePublished":"2020-02-04T20:22:19+00:00","mainEntityOfPage":{"@id":"https:\/\/psol50.org.br\/psol-propoe-convocacao-de-abraham-weintraub-na-camara-para-explicar-caos-no-enem\/"},"wordCount":202,"publisher":{"@id":"https:\/\/psol50.org.br\/#organization"},"image":{"@id":"https:\/\/psol50.org.br\/psol-propoe-convocacao-de-abraham-weintraub-na-camara-para-explicar-caos-no-enem\/#primaryimage"},"thumbnailUrl":"https:\/\/psol50.org.br\/inc\/uploads\/2020\/02\/img20191211113915691-scaled-1.jpg","keywords":["c\u00e2mara","convoca\u00e7\u00e3o","Enem","MEC","PSOL","weintraub"],"articleSection":["A\u00e7\u00e3o Parlamentar","Not\u00edcias"],"inLanguage":"pt-BR"},{"@type":"WebPage","@id":"https:\/\/psol50.org.br\/psol-propoe-convocacao-de-abraham-weintraub-na-camara-para-explicar-caos-no-enem\/","url":"https:\/\/psol50.org.br\/psol-propoe-convocacao-de-abraham-weintraub-na-camara-para-explicar-caos-no-enem\/","name":"PSOL prop\u00f5e convoca\u00e7\u00e3o de Abraham Weintraub na C\u00e2mara para explicar caos no ENEM","isPartOf":{"@id":"https:\/\/psol50.org.br\/#website"},"primaryImageOfPage":{"@id":"https:\/\/psol50.org.br\/psol-propoe-convocacao-de-abraham-weintraub-na-camara-para-explicar-caos-no-enem\/#primaryimage"},"image":{"@id":"https:\/\/psol50.org.br\/psol-propoe-convocacao-de-abraham-weintraub-na-camara-para-explicar-caos-no-enem\/#primaryimage"},"thumbnailUrl":"https:\/\/psol50.org.br\/inc\/uploads\/2020\/02\/img20191211113915691-scaled-1.jpg","datePublished":"2020-02-04T20:22:19+00:00","description":"Erros e ilegalidades marcaram todo processo do Exame Nacional do Ensino M\u00e9dio (ENEM) desse ano e prejudicaram milh\u00f5es de estudantes.","breadcrumb":{"@id":"https:\/\/psol50.org.br\/psol-propoe-convocacao-de-abraham-weintraub-na-camara-para-explicar-caos-no-enem\/#breadcrumb"},"inLanguage":"pt-BR","potentialAction":[{"@type":"ReadAction","target":["https:\/\/psol50.org.br\/psol-propoe-convocacao-de-abraham-weintraub-na-camara-para-explicar-caos-no-enem\/"]}]},{"@type":"ImageObject","inLanguage":"pt-BR","@id":"https:\/\/psol50.org.br\/psol-propoe-convocacao-de-abraham-weintraub-na-camara-para-explicar-caos-no-enem\/#primaryimage","url":"https:\/\/psol50.org.br\/inc\/uploads\/2020\/02\/img20191211113915691-scaled-1.jpg","contentUrl":"https:\/\/psol50.org.br\/inc\/uploads\/2020\/02\/img20191211113915691-scaled-1.jpg","width":1920,"height":1278,"caption":"Cleia Viana\/C\u00e2mara dos Deputados"},{"@type":"BreadcrumbList","@id":"https:\/\/psol50.org.br\/psol-propoe-convocacao-de-abraham-weintraub-na-camara-para-explicar-caos-no-enem\/#breadcrumb","itemListElement":[{"@type":"ListItem","position":1,"name":"In\u00edcio","item":"https:\/\/psol50.org.br\/"},{"@type":"ListItem","position":2,"name":"PSOL prop\u00f5e convoca\u00e7\u00e3o de Abraham Weintraub na C\u00e2mara para explicar caos no ENEM"}]},{"@type":"WebSite","@id":"https:\/\/psol50.org.br\/#website","url":"https:\/\/psol50.org.br\/","name":"PSOL 50","description":"Site oficial do Partido Socialismo e Liberdade","publisher":{"@id":"https:\/\/psol50.org.br\/#organization"},"alternateName":"PSOL50","potentialAction":[{"@type":"SearchAction","target":{"@type":"EntryPoint","urlTemplate":"https:\/\/psol50.org.br\/?s={search_term_string}"},"query-input":{"@type":"PropertyValueSpecification","valueRequired":true,"valueName":"search_term_string"}}],"inLanguage":"pt-BR"},{"@type":"Organization","@id":"https:\/\/psol50.org.br\/#organization","name":"PSOL 50","alternateName":"PSOL 50","url":"https:\/\/psol50.org.br\/","logo":{"@type":"ImageObject","inLanguage":"pt-BR","@id":"https:\/\/psol50.org.br\/#\/schema\/logo\/image\/","url":"https:\/\/psol50.org.br\/inc\/uploads\/2018\/07\/capa.png","contentUrl":"https:\/\/psol50.org.br\/inc\/uploads\/2018\/07\/capa.png","width":1350,"height":900,"caption":"PSOL 50"},"image":{"@id":"https:\/\/psol50.org.br\/#\/schema\/logo\/image\/"},"sameAs":["https:\/\/www.facebook.com\/psol50","https:\/\/x.com\/psol50","https:\/\/www.instagram.com\/psol50\/","https:\/\/www.youtube.com\/channel\/UC7SnJS5o1os7a6CaiNabzcg"]},{"@type":"Person","@id":"https:\/\/psol50.org.br\/#\/schema\/person\/475dfa57d0b815993c714c2e96491fcd","name":"Comunica\u00e7\u00e3o PSOL","image":{"@type":"ImageObject","inLanguage":"pt-BR","@id":"https:\/\/psol50.org.br\/#\/schema\/person\/image\/","url":"https:\/\/secure.gravatar.com\/avatar\/b34fc4f4e468a4e51785917065a3db57b841f5c95dba6ad8c73aaf8f66f8f9bf?s=96&d=mm&r=g","contentUrl":"https:\/\/secure.gravatar.com\/avatar\/b34fc4f4e468a4e51785917065a3db57b841f5c95dba6ad8c73aaf8f66f8f9bf?s=96&d=mm&r=g","caption":"Comunica\u00e7\u00e3o PSOL"}}]}},"_links":{"self":[{"href":"https:\/\/psol50.org.br\/rest\/wp\/v2\/posts\/27439","targetHints":{"allow":["GET"]}}],"collection":[{"href":"https:\/\/psol50.org.br\/rest\/wp\/v2\/posts"}],"about":[{"href":"https:\/\/psol50.org.br\/rest\/wp\/v2\/types\/post"}],"author":[{"embeddable":true,"href":"https:\/\/psol50.org.br\/rest\/wp\/v2\/users\/2"}],"replies":[{"embeddable":true,"href":"https:\/\/psol50.org.br\/rest\/wp\/v2\/comments?post=27439"}],"version-history":[{"count":0,"href":"https:\/\/psol50.org.br\/rest\/wp\/v2\/posts\/27439\/revisions"}],"wp:featuredmedia":[{"embeddable":true,"href":"https:\/\/psol50.org.br\/rest\/wp\/v2\/media\/27441"}],"wp:attachment":[{"href":"https:\/\/psol50.org.br\/rest\/wp\/v2\/media?parent=27439"}],"wp:term":[{"taxonomy":"category","embeddable":true,"href":"https:\/\/psol50.org.br\/rest\/wp\/v2\/categories?post=27439"},{"taxonomy":"post_tag","embeddable":true,"href":"https:\/\/psol50.org.br\/rest\/wp\/v2\/tags?post=27439"}],"curies":[{"name":"wp","href":"https:\/\/api.w.org\/{rel}","templated":true}]}}