{"id":27472,"date":"2020-02-06T15:31:53","date_gmt":"2020-02-06T18:31:53","guid":{"rendered":"http:\/\/psol50.org.br\/?p=27472"},"modified":"2020-02-06T15:31:53","modified_gmt":"2020-02-06T18:31:53","slug":"psol-pede-a-convocacao-de-paulo-guedes-para-explicar-filas-do-inss","status":"publish","type":"post","link":"https:\/\/psol50.org.br\/psol-pede-a-convocacao-de-paulo-guedes-para-explicar-filas-do-inss\/","title":{"rendered":"PSOL pede a convoca\u00e7\u00e3o de Paulo Guedes para explicar filas do INSS"},"content":{"rendered":"<p>A bancada do PSOL na C\u00e2mara apresentou nesta semana um <strong><a href=\"http:\/\/psol50.org.br\/inc\/uploads\/2020\/02\/REQ-105-2020.pdf\">requerimento de convoca\u00e7\u00e3o de Paulo Guedes<\/a><\/strong>, ministro da Economia do governo Bolsonaro, para explicar no plen\u00e1rio as filas no Instituto Nacional do Seguro Social (INSS) e falhas no c\u00e1lculo do benef\u00edcio dos previdenci\u00e1rios.<\/p>\n<p>O requerimento precisa ser votado e aprovado por maioria simples da casa para que o ministro seja obrigado a comparecer na C\u00e2mara.<\/p>\n<p>Caso o requerimento seja aprovado, Paulo Guedes ter\u00e1 at\u00e9 45 minutos para fazer uma exposi\u00e7\u00e3o inicial sobre a crise instalada no INSS que levou \u00e0 troca no comando do \u00f3rg\u00e3o e \u00e0 elabora\u00e7\u00e3o de um plano emergencial para contrata\u00e7\u00e3o de militares da reserva para auxiliarem no processo operacional para diminuir a fila do INSS.<\/p>\n<p>O ministro da Educa\u00e7\u00e3o Abraham Weintraub j\u00e1 teve de ir \u00e0 C\u00e2mara, em maio do ano passado, para explicar ao plen\u00e1rio o bloqueio de verbas na Educa\u00e7\u00e3o, sobretudo de universidades em que considerava haver \u201cbalb\u00fardia\u201d.<\/p>\n<p><strong>DEN\u00daNCIA NO TCU<\/strong><\/p>\n<p>O PSOL tamb\u00e9m prepara uma den\u00fancia ao Tribunal de Contas da Uni\u00e3o (TCU) sobre a crise no INSS. O partido pedir\u00e1 a apura\u00e7\u00e3o pela corte de provid\u00eancias que o governo deixou de tomar frente \u00e0s aposentadorias de servidores \u2013 cerca de 7 mil ao longo de 2019 \u2013 e o aumento nos pedidos de aposentadoria recebidos antes de a reforma da previd\u00eancia entrar em vigor.<\/p>\n<p>Mesmo mais de dois meses de a reforma come\u00e7ar a valer, o sistema do INSS continua sem atualiza\u00e7\u00e3o para calcular a concess\u00e3o do benef\u00edcio pelas novas regras, o que impede a entrada de novos pedidos por trabalhadores.<\/p>\n<p>&nbsp;<\/p>\n","protected":false},"excerpt":{"rendered":"<p>A bancada do PSOL na C\u00e2mara apresentou nesta semana um requerimento de convoca\u00e7\u00e3o de Paulo Guedes, ministro da Economia do governo Bolsonaro, para explicar no plen\u00e1rio as filas no Instituto Nacional do Seguro Social (INSS) e falhas no c\u00e1lculo do benef\u00edcio dos previdenci\u00e1rios. O requerimento precisa ser votado e aprovado por maioria simples da casa [&hellip;]<\/p>\n","protected":false},"author":2,"featured_media":27496,"comment_status":"closed","ping_status":"open","sticky":false,"template":"","format":"standard","meta":{"_acf_changed":false,"footnotes":""},"categories":[10,6],"tags":[163,219,224,225,22,166],"class_list":{"0":"post-27472","1":"post","2":"type-post","3":"status-publish","4":"format-standard","5":"has-post-thumbnail","7":"category-acao-parlamentares","8":"category-noticias","9":"tag-camara","10":"tag-crise","11":"tag-inss","12":"tag-paulo-guedes","13":"tag-psol","14":"tag-tcu"},"acf":[],"yoast_head":"<!-- This site is optimized with the Yoast SEO plugin v26.5 - https:\/\/yoast.com\/wordpress\/plugins\/seo\/ -->\n<title>PSOL pede a convoca\u00e7\u00e3o de Paulo Guedes para explicar filas do INSS<\/title>\n<meta name=\"description\" content=\"O PSOL tamb\u00e9m prepara uma den\u00fancia ao Tribunal de Contas da Uni\u00e3o (TCU) sobre a crise no INSS.\" \/>\n<meta name=\"robots\" content=\"index, follow, max-snippet:-1, max-image-preview:large, max-video-preview:-1\" \/>\n<link rel=\"canonical\" href=\"https:\/\/psol50.org.br\/psol-pede-a-convocacao-de-paulo-guedes-para-explicar-filas-do-inss\/\" \/>\n<meta property=\"og:locale\" content=\"pt_BR\" \/>\n<meta property=\"og:type\" content=\"article\" \/>\n<meta property=\"og:title\" content=\"PSOL pede a convoca\u00e7\u00e3o de Paulo Guedes para explicar filas do INSS\" \/>\n<meta property=\"og:description\" content=\"O PSOL tamb\u00e9m prepara uma den\u00fancia ao Tribunal de Contas da Uni\u00e3o (TCU) sobre a crise no INSS.\" \/>\n<meta property=\"og:url\" content=\"https:\/\/psol50.org.br\/psol-pede-a-convocacao-de-paulo-guedes-para-explicar-filas-do-inss\/\" \/>\n<meta property=\"og:site_name\" content=\"PSOL 50\" \/>\n<meta property=\"article:publisher\" content=\"https:\/\/www.facebook.com\/psol50\" \/>\n<meta property=\"article:published_time\" content=\"2020-02-06T18:31:53+00:00\" \/>\n<meta property=\"og:image\" content=\"https:\/\/psol50.org.br\/inc\/uploads\/2018\/07\/capa.png\" \/>\n\t<meta property=\"og:image:width\" content=\"1350\" \/>\n\t<meta property=\"og:image:height\" content=\"900\" \/>\n\t<meta property=\"og:image:type\" content=\"image\/png\" \/>\n<meta name=\"author\" content=\"Comunica\u00e7\u00e3o PSOL\" \/>\n<meta name=\"twitter:card\" content=\"summary_large_image\" \/>\n<meta name=\"twitter:title\" content=\"PSOL pede a convoca\u00e7\u00e3o de Paulo Guedes para explicar filas do INSS\" \/>\n<meta name=\"twitter:description\" content=\"O PSOL tamb\u00e9m prepara uma den\u00fancia ao Tribunal de Contas da Uni\u00e3o (TCU) sobre a crise no INSS.\" \/>\n<meta name=\"twitter:creator\" content=\"@psol50\" \/>\n<meta name=\"twitter:site\" content=\"@psol50\" \/>\n<meta name=\"twitter:label1\" content=\"Escrito por\" \/>\n\t<meta name=\"twitter:data1\" content=\"Comunica\u00e7\u00e3o PSOL\" \/>\n\t<meta name=\"twitter:label2\" content=\"Est. tempo de leitura\" \/>\n\t<meta name=\"twitter:data2\" content=\"1 minuto\" \/>\n<script type=\"application\/ld+json\" class=\"yoast-schema-graph\">{\"@context\":\"https:\/\/schema.org\",\"@graph\":[{\"@type\":\"Article\",\"@id\":\"https:\/\/psol50.org.br\/psol-pede-a-convocacao-de-paulo-guedes-para-explicar-filas-do-inss\/#article\",\"isPartOf\":{\"@id\":\"https:\/\/psol50.org.br\/psol-pede-a-convocacao-de-paulo-guedes-para-explicar-filas-do-inss\/\"},\"author\":{\"name\":\"Comunica\u00e7\u00e3o PSOL\",\"@id\":\"https:\/\/psol50.org.br\/#\/schema\/person\/475dfa57d0b815993c714c2e96491fcd\"},\"headline\":\"PSOL pede a convoca\u00e7\u00e3o de Paulo Guedes para explicar filas do INSS\",\"datePublished\":\"2020-02-06T18:31:53+00:00\",\"mainEntityOfPage\":{\"@id\":\"https:\/\/psol50.org.br\/psol-pede-a-convocacao-de-paulo-guedes-para-explicar-filas-do-inss\/\"},\"wordCount\":292,\"publisher\":{\"@id\":\"https:\/\/psol50.org.br\/#organization\"},\"image\":{\"@id\":\"https:\/\/psol50.org.br\/psol-pede-a-convocacao-de-paulo-guedes-para-explicar-filas-do-inss\/#primaryimage\"},\"thumbnailUrl\":\"https:\/\/psol50.org.br\/inc\/uploads\/2020\/02\/previdencia-reforma.jpg\",\"keywords\":[\"c\u00e2mara\",\"crise\",\"INSS\",\"Paulo Guedes\",\"PSOL\",\"tcu\"],\"articleSection\":[\"A\u00e7\u00e3o Parlamentar\",\"Not\u00edcias\"],\"inLanguage\":\"pt-BR\"},{\"@type\":\"WebPage\",\"@id\":\"https:\/\/psol50.org.br\/psol-pede-a-convocacao-de-paulo-guedes-para-explicar-filas-do-inss\/\",\"url\":\"https:\/\/psol50.org.br\/psol-pede-a-convocacao-de-paulo-guedes-para-explicar-filas-do-inss\/\",\"name\":\"PSOL pede a convoca\u00e7\u00e3o de Paulo Guedes para explicar filas do INSS\",\"isPartOf\":{\"@id\":\"https:\/\/psol50.org.br\/#website\"},\"primaryImageOfPage\":{\"@id\":\"https:\/\/psol50.org.br\/psol-pede-a-convocacao-de-paulo-guedes-para-explicar-filas-do-inss\/#primaryimage\"},\"image\":{\"@id\":\"https:\/\/psol50.org.br\/psol-pede-a-convocacao-de-paulo-guedes-para-explicar-filas-do-inss\/#primaryimage\"},\"thumbnailUrl\":\"https:\/\/psol50.org.br\/inc\/uploads\/2020\/02\/previdencia-reforma.jpg\",\"datePublished\":\"2020-02-06T18:31:53+00:00\",\"description\":\"O PSOL tamb\u00e9m prepara uma den\u00fancia ao Tribunal de Contas da Uni\u00e3o (TCU) sobre a crise no INSS.\",\"breadcrumb\":{\"@id\":\"https:\/\/psol50.org.br\/psol-pede-a-convocacao-de-paulo-guedes-para-explicar-filas-do-inss\/#breadcrumb\"},\"inLanguage\":\"pt-BR\",\"potentialAction\":[{\"@type\":\"ReadAction\",\"target\":[\"https:\/\/psol50.org.br\/psol-pede-a-convocacao-de-paulo-guedes-para-explicar-filas-do-inss\/\"]}]},{\"@type\":\"ImageObject\",\"inLanguage\":\"pt-BR\",\"@id\":\"https:\/\/psol50.org.br\/psol-pede-a-convocacao-de-paulo-guedes-para-explicar-filas-do-inss\/#primaryimage\",\"url\":\"https:\/\/psol50.org.br\/inc\/uploads\/2020\/02\/previdencia-reforma.jpg\",\"contentUrl\":\"https:\/\/psol50.org.br\/inc\/uploads\/2020\/02\/previdencia-reforma.jpg\",\"width\":1140,\"height\":760},{\"@type\":\"BreadcrumbList\",\"@id\":\"https:\/\/psol50.org.br\/psol-pede-a-convocacao-de-paulo-guedes-para-explicar-filas-do-inss\/#breadcrumb\",\"itemListElement\":[{\"@type\":\"ListItem\",\"position\":1,\"name\":\"In\u00edcio\",\"item\":\"https:\/\/psol50.org.br\/\"},{\"@type\":\"ListItem\",\"position\":2,\"name\":\"PSOL pede a convoca\u00e7\u00e3o de Paulo Guedes para explicar filas do INSS\"}]},{\"@type\":\"WebSite\",\"@id\":\"https:\/\/psol50.org.br\/#website\",\"url\":\"https:\/\/psol50.org.br\/\",\"name\":\"PSOL 50\",\"description\":\"Site oficial do Partido Socialismo e Liberdade\",\"publisher\":{\"@id\":\"https:\/\/psol50.org.br\/#organization\"},\"alternateName\":\"PSOL50\",\"potentialAction\":[{\"@type\":\"SearchAction\",\"target\":{\"@type\":\"EntryPoint\",\"urlTemplate\":\"https:\/\/psol50.org.br\/?s={search_term_string}\"},\"query-input\":{\"@type\":\"PropertyValueSpecification\",\"valueRequired\":true,\"valueName\":\"search_term_string\"}}],\"inLanguage\":\"pt-BR\"},{\"@type\":\"Organization\",\"@id\":\"https:\/\/psol50.org.br\/#organization\",\"name\":\"PSOL 50\",\"alternateName\":\"PSOL 50\",\"url\":\"https:\/\/psol50.org.br\/\",\"logo\":{\"@type\":\"ImageObject\",\"inLanguage\":\"pt-BR\",\"@id\":\"https:\/\/psol50.org.br\/#\/schema\/logo\/image\/\",\"url\":\"https:\/\/psol50.org.br\/inc\/uploads\/2018\/07\/capa.png\",\"contentUrl\":\"https:\/\/psol50.org.br\/inc\/uploads\/2018\/07\/capa.png\",\"width\":1350,\"height\":900,\"caption\":\"PSOL 50\"},\"image\":{\"@id\":\"https:\/\/psol50.org.br\/#\/schema\/logo\/image\/\"},\"sameAs\":[\"https:\/\/www.facebook.com\/psol50\",\"https:\/\/x.com\/psol50\",\"https:\/\/www.instagram.com\/psol50\/\",\"https:\/\/www.youtube.com\/channel\/UC7SnJS5o1os7a6CaiNabzcg\"]},{\"@type\":\"Person\",\"@id\":\"https:\/\/psol50.org.br\/#\/schema\/person\/475dfa57d0b815993c714c2e96491fcd\",\"name\":\"Comunica\u00e7\u00e3o PSOL\",\"image\":{\"@type\":\"ImageObject\",\"inLanguage\":\"pt-BR\",\"@id\":\"https:\/\/psol50.org.br\/#\/schema\/person\/image\/\",\"url\":\"https:\/\/secure.gravatar.com\/avatar\/b34fc4f4e468a4e51785917065a3db57b841f5c95dba6ad8c73aaf8f66f8f9bf?s=96&d=mm&r=g\",\"contentUrl\":\"https:\/\/secure.gravatar.com\/avatar\/b34fc4f4e468a4e51785917065a3db57b841f5c95dba6ad8c73aaf8f66f8f9bf?s=96&d=mm&r=g\",\"caption\":\"Comunica\u00e7\u00e3o PSOL\"}}]}<\/script>\n<!-- \/ Yoast SEO plugin. -->","yoast_head_json":{"title":"PSOL pede a convoca\u00e7\u00e3o de Paulo Guedes para explicar filas do INSS","description":"O PSOL tamb\u00e9m prepara uma den\u00fancia ao Tribunal de Contas da Uni\u00e3o (TCU) sobre a crise no INSS.","robots":{"index":"index","follow":"follow","max-snippet":"max-snippet:-1","max-image-preview":"max-image-preview:large","max-video-preview":"max-video-preview:-1"},"canonical":"https:\/\/psol50.org.br\/psol-pede-a-convocacao-de-paulo-guedes-para-explicar-filas-do-inss\/","og_locale":"pt_BR","og_type":"article","og_title":"PSOL pede a convoca\u00e7\u00e3o de Paulo Guedes para explicar filas do INSS","og_description":"O PSOL tamb\u00e9m prepara uma den\u00fancia ao Tribunal de Contas da Uni\u00e3o (TCU) sobre a crise no INSS.","og_url":"https:\/\/psol50.org.br\/psol-pede-a-convocacao-de-paulo-guedes-para-explicar-filas-do-inss\/","og_site_name":"PSOL 50","article_publisher":"https:\/\/www.facebook.com\/psol50","article_published_time":"2020-02-06T18:31:53+00:00","og_image":[{"width":1350,"height":900,"url":"https:\/\/psol50.org.br\/inc\/uploads\/2018\/07\/capa.png","type":"image\/png"}],"author":"Comunica\u00e7\u00e3o PSOL","twitter_card":"summary_large_image","twitter_title":"PSOL pede a convoca\u00e7\u00e3o de Paulo Guedes para explicar filas do INSS","twitter_description":"O PSOL tamb\u00e9m prepara uma den\u00fancia ao Tribunal de Contas da Uni\u00e3o (TCU) sobre a crise no INSS.","twitter_creator":"@psol50","twitter_site":"@psol50","twitter_misc":{"Escrito por":"Comunica\u00e7\u00e3o PSOL","Est. tempo de leitura":"1 minuto"},"schema":{"@context":"https:\/\/schema.org","@graph":[{"@type":"Article","@id":"https:\/\/psol50.org.br\/psol-pede-a-convocacao-de-paulo-guedes-para-explicar-filas-do-inss\/#article","isPartOf":{"@id":"https:\/\/psol50.org.br\/psol-pede-a-convocacao-de-paulo-guedes-para-explicar-filas-do-inss\/"},"author":{"name":"Comunica\u00e7\u00e3o PSOL","@id":"https:\/\/psol50.org.br\/#\/schema\/person\/475dfa57d0b815993c714c2e96491fcd"},"headline":"PSOL pede a convoca\u00e7\u00e3o de Paulo Guedes para explicar filas do INSS","datePublished":"2020-02-06T18:31:53+00:00","mainEntityOfPage":{"@id":"https:\/\/psol50.org.br\/psol-pede-a-convocacao-de-paulo-guedes-para-explicar-filas-do-inss\/"},"wordCount":292,"publisher":{"@id":"https:\/\/psol50.org.br\/#organization"},"image":{"@id":"https:\/\/psol50.org.br\/psol-pede-a-convocacao-de-paulo-guedes-para-explicar-filas-do-inss\/#primaryimage"},"thumbnailUrl":"https:\/\/psol50.org.br\/inc\/uploads\/2020\/02\/previdencia-reforma.jpg","keywords":["c\u00e2mara","crise","INSS","Paulo Guedes","PSOL","tcu"],"articleSection":["A\u00e7\u00e3o Parlamentar","Not\u00edcias"],"inLanguage":"pt-BR"},{"@type":"WebPage","@id":"https:\/\/psol50.org.br\/psol-pede-a-convocacao-de-paulo-guedes-para-explicar-filas-do-inss\/","url":"https:\/\/psol50.org.br\/psol-pede-a-convocacao-de-paulo-guedes-para-explicar-filas-do-inss\/","name":"PSOL pede a convoca\u00e7\u00e3o de Paulo Guedes para explicar filas do INSS","isPartOf":{"@id":"https:\/\/psol50.org.br\/#website"},"primaryImageOfPage":{"@id":"https:\/\/psol50.org.br\/psol-pede-a-convocacao-de-paulo-guedes-para-explicar-filas-do-inss\/#primaryimage"},"image":{"@id":"https:\/\/psol50.org.br\/psol-pede-a-convocacao-de-paulo-guedes-para-explicar-filas-do-inss\/#primaryimage"},"thumbnailUrl":"https:\/\/psol50.org.br\/inc\/uploads\/2020\/02\/previdencia-reforma.jpg","datePublished":"2020-02-06T18:31:53+00:00","description":"O PSOL tamb\u00e9m prepara uma den\u00fancia ao Tribunal de Contas da Uni\u00e3o (TCU) sobre a crise no INSS.","breadcrumb":{"@id":"https:\/\/psol50.org.br\/psol-pede-a-convocacao-de-paulo-guedes-para-explicar-filas-do-inss\/#breadcrumb"},"inLanguage":"pt-BR","potentialAction":[{"@type":"ReadAction","target":["https:\/\/psol50.org.br\/psol-pede-a-convocacao-de-paulo-guedes-para-explicar-filas-do-inss\/"]}]},{"@type":"ImageObject","inLanguage":"pt-BR","@id":"https:\/\/psol50.org.br\/psol-pede-a-convocacao-de-paulo-guedes-para-explicar-filas-do-inss\/#primaryimage","url":"https:\/\/psol50.org.br\/inc\/uploads\/2020\/02\/previdencia-reforma.jpg","contentUrl":"https:\/\/psol50.org.br\/inc\/uploads\/2020\/02\/previdencia-reforma.jpg","width":1140,"height":760},{"@type":"BreadcrumbList","@id":"https:\/\/psol50.org.br\/psol-pede-a-convocacao-de-paulo-guedes-para-explicar-filas-do-inss\/#breadcrumb","itemListElement":[{"@type":"ListItem","position":1,"name":"In\u00edcio","item":"https:\/\/psol50.org.br\/"},{"@type":"ListItem","position":2,"name":"PSOL pede a convoca\u00e7\u00e3o de Paulo Guedes para explicar filas do INSS"}]},{"@type":"WebSite","@id":"https:\/\/psol50.org.br\/#website","url":"https:\/\/psol50.org.br\/","name":"PSOL 50","description":"Site oficial do Partido Socialismo e Liberdade","publisher":{"@id":"https:\/\/psol50.org.br\/#organization"},"alternateName":"PSOL50","potentialAction":[{"@type":"SearchAction","target":{"@type":"EntryPoint","urlTemplate":"https:\/\/psol50.org.br\/?s={search_term_string}"},"query-input":{"@type":"PropertyValueSpecification","valueRequired":true,"valueName":"search_term_string"}}],"inLanguage":"pt-BR"},{"@type":"Organization","@id":"https:\/\/psol50.org.br\/#organization","name":"PSOL 50","alternateName":"PSOL 50","url":"https:\/\/psol50.org.br\/","logo":{"@type":"ImageObject","inLanguage":"pt-BR","@id":"https:\/\/psol50.org.br\/#\/schema\/logo\/image\/","url":"https:\/\/psol50.org.br\/inc\/uploads\/2018\/07\/capa.png","contentUrl":"https:\/\/psol50.org.br\/inc\/uploads\/2018\/07\/capa.png","width":1350,"height":900,"caption":"PSOL 50"},"image":{"@id":"https:\/\/psol50.org.br\/#\/schema\/logo\/image\/"},"sameAs":["https:\/\/www.facebook.com\/psol50","https:\/\/x.com\/psol50","https:\/\/www.instagram.com\/psol50\/","https:\/\/www.youtube.com\/channel\/UC7SnJS5o1os7a6CaiNabzcg"]},{"@type":"Person","@id":"https:\/\/psol50.org.br\/#\/schema\/person\/475dfa57d0b815993c714c2e96491fcd","name":"Comunica\u00e7\u00e3o PSOL","image":{"@type":"ImageObject","inLanguage":"pt-BR","@id":"https:\/\/psol50.org.br\/#\/schema\/person\/image\/","url":"https:\/\/secure.gravatar.com\/avatar\/b34fc4f4e468a4e51785917065a3db57b841f5c95dba6ad8c73aaf8f66f8f9bf?s=96&d=mm&r=g","contentUrl":"https:\/\/secure.gravatar.com\/avatar\/b34fc4f4e468a4e51785917065a3db57b841f5c95dba6ad8c73aaf8f66f8f9bf?s=96&d=mm&r=g","caption":"Comunica\u00e7\u00e3o PSOL"}}]}},"_links":{"self":[{"href":"https:\/\/psol50.org.br\/rest\/wp\/v2\/posts\/27472","targetHints":{"allow":["GET"]}}],"collection":[{"href":"https:\/\/psol50.org.br\/rest\/wp\/v2\/posts"}],"about":[{"href":"https:\/\/psol50.org.br\/rest\/wp\/v2\/types\/post"}],"author":[{"embeddable":true,"href":"https:\/\/psol50.org.br\/rest\/wp\/v2\/users\/2"}],"replies":[{"embeddable":true,"href":"https:\/\/psol50.org.br\/rest\/wp\/v2\/comments?post=27472"}],"version-history":[{"count":0,"href":"https:\/\/psol50.org.br\/rest\/wp\/v2\/posts\/27472\/revisions"}],"wp:featuredmedia":[{"embeddable":true,"href":"https:\/\/psol50.org.br\/rest\/wp\/v2\/media\/27496"}],"wp:attachment":[{"href":"https:\/\/psol50.org.br\/rest\/wp\/v2\/media?parent=27472"}],"wp:term":[{"taxonomy":"category","embeddable":true,"href":"https:\/\/psol50.org.br\/rest\/wp\/v2\/categories?post=27472"},{"taxonomy":"post_tag","embeddable":true,"href":"https:\/\/psol50.org.br\/rest\/wp\/v2\/tags?post=27472"}],"curies":[{"name":"wp","href":"https:\/\/api.w.org\/{rel}","templated":true}]}}