{"id":27476,"date":"2020-02-06T15:52:14","date_gmt":"2020-02-06T18:52:14","guid":{"rendered":"http:\/\/psol50.org.br\/?p=27476"},"modified":"2020-02-06T15:52:14","modified_gmt":"2020-02-06T18:52:14","slug":"psol-exige-que-camara-devolva-projeto-de-garimpo-e-mineracao-em-terras-indigenas-ao-governo","status":"publish","type":"post","link":"https:\/\/psol50.org.br\/psol-exige-que-camara-devolva-projeto-de-garimpo-e-mineracao-em-terras-indigenas-ao-governo\/","title":{"rendered":"PSOL exige que C\u00e2mara devolva projeto de garimpo e minera\u00e7\u00e3o em terras ind\u00edgenas ao governo"},"content":{"rendered":"<p>O governo Bolsonaro encaminhou ao Congresso Nacional o projeto de lei 191\/2020, que autoriza a minera\u00e7\u00e3o e o garimpo em terras ind\u00edgenas.<\/p>\n<p>De uma s\u00f3 vez, Bolsonaro consegue desrespeitar tr\u00eas pontos centrais das leis brasileiras:<\/p>\n<ul>\n<li>Viola os direitos territoriais dos povos ind\u00edgenas que s\u00e3o garantidos na Constitui\u00e7\u00e3o Federal, que o presidente jurou respeitar;<\/li>\n<li>Passa por cima do direito \u00e0 consulta livre, pr\u00e9via e informada dos povos e comunidades tradicionais, garantido pela Conven\u00e7\u00e3o 169 da Organiza\u00e7\u00e3o Internacional do Trabalho (OIT), da qual o Brasil \u00e9 signat\u00e1rio;<\/li>\n<li>A proibi\u00e7\u00e3o prevista em legisla\u00e7\u00e3o de promover retrocesso socioambiental atrav\u00e9s de medidas governamentais.<\/li>\n<\/ul>\n<p>Por causa dessa sequ\u00eancia de afrontas \u00e0 legisla\u00e7\u00e3o, o projeto \u00e9 flagrantemente inconstitucional e n\u00e3o deve nem ser avaliado pelo Congresso Nacional, na avalia\u00e7\u00e3o do PSOL.<\/p>\n<p>Dessa forma, o partido encaminhou um of\u00edcio ao presidente da Casa, Rodrigo Maia, para que o projeto seja imediatamente devolvido ao Poder Executivo por suas irregularidades.<\/p>\n<blockquote class=\"twitter-tweet\" data-width=\"550\" data-dnt=\"true\">\n<p lang=\"pt\" dir=\"ltr\">Bolsonaro encaminhou para a C\u00e2mara o PL n\u00ba 191\/2020, que, entre outros temas, trata da minera\u00e7\u00e3o em territ\u00f3rios ind\u00edgenas. A bancada do PSOL acaba de apresentar ao Presidente da C\u00e2mara um of\u00edcio exigindo a imediata devolu\u00e7\u00e3o do texto por sua manifesta inconstitucionalidade.<\/p>\n<p>&mdash; S\u00e2mia Bomfim (@samiabomfim) <a href=\"https:\/\/twitter.com\/samiabomfim\/status\/1225474077885857797?ref_src=twsrc%5Etfw\">February 6, 2020<\/a><\/p><\/blockquote>\n<p><script async src=\"https:\/\/platform.twitter.com\/widgets.js\" charset=\"utf-8\"><\/script><\/p>\n<blockquote class=\"twitter-tweet\" data-width=\"550\" data-dnt=\"true\">\n<p lang=\"pt\" dir=\"ltr\">Sabemos que Bolsonaro n\u00e3o est\u00e1 nem a\u00ed para a Constitui\u00e7\u00e3o, mas n\u00f3s do <a href=\"https:\/\/twitter.com\/psolnacamara?ref_src=twsrc%5Etfw\">@psolnacamara<\/a> continuaremos defendendo os direitos de todos os brasileiros. Solicitamos que Maia devolva o projeto do governo que libera minera\u00e7\u00e3o em terras ind\u00edgenas. A proposta \u00e9 inconstitucional e criminosa.<\/p>\n<p>&mdash; Marcelo Freixo (@MarceloFreixo) <a href=\"https:\/\/twitter.com\/MarceloFreixo\/status\/1225517740523474944?ref_src=twsrc%5Etfw\">February 6, 2020<\/a><\/p><\/blockquote>\n<p><script async src=\"https:\/\/platform.twitter.com\/widgets.js\" charset=\"utf-8\"><\/script><\/p>\n<blockquote class=\"twitter-tweet\" data-width=\"550\" data-dnt=\"true\">\n<p lang=\"pt\" dir=\"ltr\">O PSOL oficiou o Presidente da C\u00e2mara exigindo a devolu\u00e7\u00e3o do Projeto de minera\u00e7\u00e3o em Terras Ind\u00edgenas por inconstitucionalidade. Ele viola os Direitos territoriais garantidos na Constitui\u00e7\u00e3o; direito \u00e0 consulta da Conven\u00e7\u00e3o 169 da OIT e; a proibi\u00e7\u00e3o do retrocesso socioambiental.<\/p>\n<p>&mdash; Tal\u00edria Petrone (@taliriapetrone) <a href=\"https:\/\/twitter.com\/taliriapetrone\/status\/1225472244996026370?ref_src=twsrc%5Etfw\">February 6, 2020<\/a><\/p><\/blockquote>\n<p><script async src=\"https:\/\/platform.twitter.com\/widgets.js\" charset=\"utf-8\"><\/script><\/p>\n","protected":false},"excerpt":{"rendered":"<p>O governo Bolsonaro encaminhou ao Congresso Nacional o projeto de lei 191\/2020, que autoriza a minera\u00e7\u00e3o e o garimpo em terras ind\u00edgenas. De uma s\u00f3 vez, Bolsonaro consegue desrespeitar tr\u00eas pontos centrais das leis brasileiras: Viola os direitos territoriais dos povos ind\u00edgenas que s\u00e3o garantidos na Constitui\u00e7\u00e3o Federal, que o presidente jurou respeitar; Passa por [&hellip;]<\/p>\n","protected":false},"author":2,"featured_media":25580,"comment_status":"closed","ping_status":"open","sticky":false,"template":"","format":"standard","meta":{"_acf_changed":false,"footnotes":""},"categories":[10,6],"tags":[163,226,227,22,228],"class_list":{"0":"post-27476","1":"post","2":"type-post","3":"status-publish","4":"format-standard","5":"has-post-thumbnail","7":"category-acao-parlamentares","8":"category-noticias","9":"tag-camara","10":"tag-garimpo","11":"tag-mineracao","12":"tag-psol","13":"tag-terras-indigenas"},"acf":[],"yoast_head":"<!-- This site is optimized with the Yoast SEO plugin v26.5 - https:\/\/yoast.com\/wordpress\/plugins\/seo\/ -->\n<title>PSOL exige que C\u00e2mara devolva projeto de garimpo e minera\u00e7\u00e3o em terras ind\u00edgenas ao governo<\/title>\n<meta name=\"description\" content=\"De uma s\u00f3 vez, Bolsonaro consegue desrespeitar tr\u00eas pontos centrais das leis brasileiras em um \u00fanico projeto.\" \/>\n<meta name=\"robots\" content=\"index, follow, max-snippet:-1, max-image-preview:large, max-video-preview:-1\" \/>\n<link rel=\"canonical\" href=\"https:\/\/psol50.org.br\/psol-exige-que-camara-devolva-projeto-de-garimpo-e-mineracao-em-terras-indigenas-ao-governo\/\" \/>\n<meta property=\"og:locale\" content=\"pt_BR\" \/>\n<meta property=\"og:type\" content=\"article\" \/>\n<meta property=\"og:title\" content=\"PSOL exige que C\u00e2mara devolva projeto de garimpo e minera\u00e7\u00e3o em terras ind\u00edgenas ao governo\" \/>\n<meta property=\"og:description\" content=\"De uma s\u00f3 vez, Bolsonaro consegue desrespeitar tr\u00eas pontos centrais das leis brasileiras em um \u00fanico projeto.\" \/>\n<meta property=\"og:url\" content=\"https:\/\/psol50.org.br\/psol-exige-que-camara-devolva-projeto-de-garimpo-e-mineracao-em-terras-indigenas-ao-governo\/\" \/>\n<meta property=\"og:site_name\" content=\"PSOL 50\" \/>\n<meta property=\"article:publisher\" content=\"https:\/\/www.facebook.com\/psol50\" \/>\n<meta property=\"article:published_time\" content=\"2020-02-06T18:52:14+00:00\" \/>\n<meta property=\"og:image\" content=\"https:\/\/psol50.org.br\/inc\/uploads\/2019\/06\/indigenas-protesto-brasilia-constituicao-750x410-1.jpg\" \/>\n\t<meta property=\"og:image:width\" content=\"750\" \/>\n\t<meta property=\"og:image:height\" content=\"410\" \/>\n\t<meta property=\"og:image:type\" content=\"image\/jpeg\" \/>\n<meta name=\"author\" content=\"Comunica\u00e7\u00e3o PSOL\" \/>\n<meta name=\"twitter:card\" content=\"summary_large_image\" \/>\n<meta name=\"twitter:title\" content=\"PSOL exige que C\u00e2mara devolva projeto de garimpo e minera\u00e7\u00e3o em terras ind\u00edgenas ao governo\" \/>\n<meta name=\"twitter:description\" content=\"De uma s\u00f3 vez, Bolsonaro consegue desrespeitar tr\u00eas pontos centrais das leis brasileiras em um \u00fanico projeto.\" \/>\n<meta name=\"twitter:image\" content=\"https:\/\/psol50.org.br\/inc\/uploads\/2019\/06\/indigenas-protesto-brasilia-constituicao-750x410-1.jpg\" \/>\n<meta name=\"twitter:creator\" content=\"@psol50\" \/>\n<meta name=\"twitter:site\" content=\"@psol50\" \/>\n<meta name=\"twitter:label1\" content=\"Escrito por\" \/>\n\t<meta name=\"twitter:data1\" content=\"Comunica\u00e7\u00e3o PSOL\" \/>\n\t<meta name=\"twitter:label2\" content=\"Est. tempo de leitura\" \/>\n\t<meta name=\"twitter:data2\" content=\"1 minuto\" \/>\n<script type=\"application\/ld+json\" class=\"yoast-schema-graph\">{\"@context\":\"https:\/\/schema.org\",\"@graph\":[{\"@type\":\"Article\",\"@id\":\"https:\/\/psol50.org.br\/psol-exige-que-camara-devolva-projeto-de-garimpo-e-mineracao-em-terras-indigenas-ao-governo\/#article\",\"isPartOf\":{\"@id\":\"https:\/\/psol50.org.br\/psol-exige-que-camara-devolva-projeto-de-garimpo-e-mineracao-em-terras-indigenas-ao-governo\/\"},\"author\":{\"name\":\"Comunica\u00e7\u00e3o PSOL\",\"@id\":\"https:\/\/psol50.org.br\/#\/schema\/person\/475dfa57d0b815993c714c2e96491fcd\"},\"headline\":\"PSOL exige que C\u00e2mara devolva projeto de garimpo e minera\u00e7\u00e3o em terras ind\u00edgenas ao governo\",\"datePublished\":\"2020-02-06T18:52:14+00:00\",\"mainEntityOfPage\":{\"@id\":\"https:\/\/psol50.org.br\/psol-exige-que-camara-devolva-projeto-de-garimpo-e-mineracao-em-terras-indigenas-ao-governo\/\"},\"wordCount\":195,\"publisher\":{\"@id\":\"https:\/\/psol50.org.br\/#organization\"},\"image\":{\"@id\":\"https:\/\/psol50.org.br\/psol-exige-que-camara-devolva-projeto-de-garimpo-e-mineracao-em-terras-indigenas-ao-governo\/#primaryimage\"},\"thumbnailUrl\":\"https:\/\/psol50.org.br\/inc\/uploads\/2019\/06\/indigenas-protesto-brasilia-constituicao-750x410-1.jpg\",\"keywords\":[\"c\u00e2mara\",\"garimpo\",\"minera\u00e7\u00e3o\",\"PSOL\",\"terras ind\u00edgenas\"],\"articleSection\":[\"A\u00e7\u00e3o Parlamentar\",\"Not\u00edcias\"],\"inLanguage\":\"pt-BR\"},{\"@type\":\"WebPage\",\"@id\":\"https:\/\/psol50.org.br\/psol-exige-que-camara-devolva-projeto-de-garimpo-e-mineracao-em-terras-indigenas-ao-governo\/\",\"url\":\"https:\/\/psol50.org.br\/psol-exige-que-camara-devolva-projeto-de-garimpo-e-mineracao-em-terras-indigenas-ao-governo\/\",\"name\":\"PSOL exige que C\u00e2mara devolva projeto de garimpo e minera\u00e7\u00e3o em terras ind\u00edgenas ao governo\",\"isPartOf\":{\"@id\":\"https:\/\/psol50.org.br\/#website\"},\"primaryImageOfPage\":{\"@id\":\"https:\/\/psol50.org.br\/psol-exige-que-camara-devolva-projeto-de-garimpo-e-mineracao-em-terras-indigenas-ao-governo\/#primaryimage\"},\"image\":{\"@id\":\"https:\/\/psol50.org.br\/psol-exige-que-camara-devolva-projeto-de-garimpo-e-mineracao-em-terras-indigenas-ao-governo\/#primaryimage\"},\"thumbnailUrl\":\"https:\/\/psol50.org.br\/inc\/uploads\/2019\/06\/indigenas-protesto-brasilia-constituicao-750x410-1.jpg\",\"datePublished\":\"2020-02-06T18:52:14+00:00\",\"description\":\"De uma s\u00f3 vez, Bolsonaro consegue desrespeitar tr\u00eas pontos centrais das leis brasileiras em um \u00fanico projeto.\",\"breadcrumb\":{\"@id\":\"https:\/\/psol50.org.br\/psol-exige-que-camara-devolva-projeto-de-garimpo-e-mineracao-em-terras-indigenas-ao-governo\/#breadcrumb\"},\"inLanguage\":\"pt-BR\",\"potentialAction\":[{\"@type\":\"ReadAction\",\"target\":[\"https:\/\/psol50.org.br\/psol-exige-que-camara-devolva-projeto-de-garimpo-e-mineracao-em-terras-indigenas-ao-governo\/\"]}]},{\"@type\":\"ImageObject\",\"inLanguage\":\"pt-BR\",\"@id\":\"https:\/\/psol50.org.br\/psol-exige-que-camara-devolva-projeto-de-garimpo-e-mineracao-em-terras-indigenas-ao-governo\/#primaryimage\",\"url\":\"https:\/\/psol50.org.br\/inc\/uploads\/2019\/06\/indigenas-protesto-brasilia-constituicao-750x410-1.jpg\",\"contentUrl\":\"https:\/\/psol50.org.br\/inc\/uploads\/2019\/06\/indigenas-protesto-brasilia-constituicao-750x410-1.jpg\",\"width\":750,\"height\":410},{\"@type\":\"BreadcrumbList\",\"@id\":\"https:\/\/psol50.org.br\/psol-exige-que-camara-devolva-projeto-de-garimpo-e-mineracao-em-terras-indigenas-ao-governo\/#breadcrumb\",\"itemListElement\":[{\"@type\":\"ListItem\",\"position\":1,\"name\":\"In\u00edcio\",\"item\":\"https:\/\/psol50.org.br\/\"},{\"@type\":\"ListItem\",\"position\":2,\"name\":\"PSOL exige que C\u00e2mara devolva projeto de garimpo e minera\u00e7\u00e3o em terras ind\u00edgenas ao governo\"}]},{\"@type\":\"WebSite\",\"@id\":\"https:\/\/psol50.org.br\/#website\",\"url\":\"https:\/\/psol50.org.br\/\",\"name\":\"PSOL 50\",\"description\":\"Site oficial do Partido Socialismo e Liberdade\",\"publisher\":{\"@id\":\"https:\/\/psol50.org.br\/#organization\"},\"alternateName\":\"PSOL50\",\"potentialAction\":[{\"@type\":\"SearchAction\",\"target\":{\"@type\":\"EntryPoint\",\"urlTemplate\":\"https:\/\/psol50.org.br\/?s={search_term_string}\"},\"query-input\":{\"@type\":\"PropertyValueSpecification\",\"valueRequired\":true,\"valueName\":\"search_term_string\"}}],\"inLanguage\":\"pt-BR\"},{\"@type\":\"Organization\",\"@id\":\"https:\/\/psol50.org.br\/#organization\",\"name\":\"PSOL 50\",\"alternateName\":\"PSOL 50\",\"url\":\"https:\/\/psol50.org.br\/\",\"logo\":{\"@type\":\"ImageObject\",\"inLanguage\":\"pt-BR\",\"@id\":\"https:\/\/psol50.org.br\/#\/schema\/logo\/image\/\",\"url\":\"https:\/\/psol50.org.br\/inc\/uploads\/2018\/07\/capa.png\",\"contentUrl\":\"https:\/\/psol50.org.br\/inc\/uploads\/2018\/07\/capa.png\",\"width\":1350,\"height\":900,\"caption\":\"PSOL 50\"},\"image\":{\"@id\":\"https:\/\/psol50.org.br\/#\/schema\/logo\/image\/\"},\"sameAs\":[\"https:\/\/www.facebook.com\/psol50\",\"https:\/\/x.com\/psol50\",\"https:\/\/www.instagram.com\/psol50\/\",\"https:\/\/www.youtube.com\/channel\/UC7SnJS5o1os7a6CaiNabzcg\"]},{\"@type\":\"Person\",\"@id\":\"https:\/\/psol50.org.br\/#\/schema\/person\/475dfa57d0b815993c714c2e96491fcd\",\"name\":\"Comunica\u00e7\u00e3o PSOL\",\"image\":{\"@type\":\"ImageObject\",\"inLanguage\":\"pt-BR\",\"@id\":\"https:\/\/psol50.org.br\/#\/schema\/person\/image\/\",\"url\":\"https:\/\/secure.gravatar.com\/avatar\/b34fc4f4e468a4e51785917065a3db57b841f5c95dba6ad8c73aaf8f66f8f9bf?s=96&d=mm&r=g\",\"contentUrl\":\"https:\/\/secure.gravatar.com\/avatar\/b34fc4f4e468a4e51785917065a3db57b841f5c95dba6ad8c73aaf8f66f8f9bf?s=96&d=mm&r=g\",\"caption\":\"Comunica\u00e7\u00e3o PSOL\"}}]}<\/script>\n<!-- \/ Yoast SEO plugin. -->","yoast_head_json":{"title":"PSOL exige que C\u00e2mara devolva projeto de garimpo e minera\u00e7\u00e3o em terras ind\u00edgenas ao governo","description":"De uma s\u00f3 vez, Bolsonaro consegue desrespeitar tr\u00eas pontos centrais das leis brasileiras em um \u00fanico projeto.","robots":{"index":"index","follow":"follow","max-snippet":"max-snippet:-1","max-image-preview":"max-image-preview:large","max-video-preview":"max-video-preview:-1"},"canonical":"https:\/\/psol50.org.br\/psol-exige-que-camara-devolva-projeto-de-garimpo-e-mineracao-em-terras-indigenas-ao-governo\/","og_locale":"pt_BR","og_type":"article","og_title":"PSOL exige que C\u00e2mara devolva projeto de garimpo e minera\u00e7\u00e3o em terras ind\u00edgenas ao governo","og_description":"De uma s\u00f3 vez, Bolsonaro consegue desrespeitar tr\u00eas pontos centrais das leis brasileiras em um \u00fanico projeto.","og_url":"https:\/\/psol50.org.br\/psol-exige-que-camara-devolva-projeto-de-garimpo-e-mineracao-em-terras-indigenas-ao-governo\/","og_site_name":"PSOL 50","article_publisher":"https:\/\/www.facebook.com\/psol50","article_published_time":"2020-02-06T18:52:14+00:00","og_image":[{"width":750,"height":410,"url":"https:\/\/psol50.org.br\/inc\/uploads\/2019\/06\/indigenas-protesto-brasilia-constituicao-750x410-1.jpg","type":"image\/jpeg"}],"author":"Comunica\u00e7\u00e3o PSOL","twitter_card":"summary_large_image","twitter_title":"PSOL exige que C\u00e2mara devolva projeto de garimpo e minera\u00e7\u00e3o em terras ind\u00edgenas ao governo","twitter_description":"De uma s\u00f3 vez, Bolsonaro consegue desrespeitar tr\u00eas pontos centrais das leis brasileiras em um \u00fanico projeto.","twitter_image":"https:\/\/psol50.org.br\/inc\/uploads\/2019\/06\/indigenas-protesto-brasilia-constituicao-750x410-1.jpg","twitter_creator":"@psol50","twitter_site":"@psol50","twitter_misc":{"Escrito por":"Comunica\u00e7\u00e3o PSOL","Est. tempo de leitura":"1 minuto"},"schema":{"@context":"https:\/\/schema.org","@graph":[{"@type":"Article","@id":"https:\/\/psol50.org.br\/psol-exige-que-camara-devolva-projeto-de-garimpo-e-mineracao-em-terras-indigenas-ao-governo\/#article","isPartOf":{"@id":"https:\/\/psol50.org.br\/psol-exige-que-camara-devolva-projeto-de-garimpo-e-mineracao-em-terras-indigenas-ao-governo\/"},"author":{"name":"Comunica\u00e7\u00e3o PSOL","@id":"https:\/\/psol50.org.br\/#\/schema\/person\/475dfa57d0b815993c714c2e96491fcd"},"headline":"PSOL exige que C\u00e2mara devolva projeto de garimpo e minera\u00e7\u00e3o em terras ind\u00edgenas ao governo","datePublished":"2020-02-06T18:52:14+00:00","mainEntityOfPage":{"@id":"https:\/\/psol50.org.br\/psol-exige-que-camara-devolva-projeto-de-garimpo-e-mineracao-em-terras-indigenas-ao-governo\/"},"wordCount":195,"publisher":{"@id":"https:\/\/psol50.org.br\/#organization"},"image":{"@id":"https:\/\/psol50.org.br\/psol-exige-que-camara-devolva-projeto-de-garimpo-e-mineracao-em-terras-indigenas-ao-governo\/#primaryimage"},"thumbnailUrl":"https:\/\/psol50.org.br\/inc\/uploads\/2019\/06\/indigenas-protesto-brasilia-constituicao-750x410-1.jpg","keywords":["c\u00e2mara","garimpo","minera\u00e7\u00e3o","PSOL","terras ind\u00edgenas"],"articleSection":["A\u00e7\u00e3o Parlamentar","Not\u00edcias"],"inLanguage":"pt-BR"},{"@type":"WebPage","@id":"https:\/\/psol50.org.br\/psol-exige-que-camara-devolva-projeto-de-garimpo-e-mineracao-em-terras-indigenas-ao-governo\/","url":"https:\/\/psol50.org.br\/psol-exige-que-camara-devolva-projeto-de-garimpo-e-mineracao-em-terras-indigenas-ao-governo\/","name":"PSOL exige que C\u00e2mara devolva projeto de garimpo e minera\u00e7\u00e3o em terras ind\u00edgenas ao governo","isPartOf":{"@id":"https:\/\/psol50.org.br\/#website"},"primaryImageOfPage":{"@id":"https:\/\/psol50.org.br\/psol-exige-que-camara-devolva-projeto-de-garimpo-e-mineracao-em-terras-indigenas-ao-governo\/#primaryimage"},"image":{"@id":"https:\/\/psol50.org.br\/psol-exige-que-camara-devolva-projeto-de-garimpo-e-mineracao-em-terras-indigenas-ao-governo\/#primaryimage"},"thumbnailUrl":"https:\/\/psol50.org.br\/inc\/uploads\/2019\/06\/indigenas-protesto-brasilia-constituicao-750x410-1.jpg","datePublished":"2020-02-06T18:52:14+00:00","description":"De uma s\u00f3 vez, Bolsonaro consegue desrespeitar tr\u00eas pontos centrais das leis brasileiras em um \u00fanico projeto.","breadcrumb":{"@id":"https:\/\/psol50.org.br\/psol-exige-que-camara-devolva-projeto-de-garimpo-e-mineracao-em-terras-indigenas-ao-governo\/#breadcrumb"},"inLanguage":"pt-BR","potentialAction":[{"@type":"ReadAction","target":["https:\/\/psol50.org.br\/psol-exige-que-camara-devolva-projeto-de-garimpo-e-mineracao-em-terras-indigenas-ao-governo\/"]}]},{"@type":"ImageObject","inLanguage":"pt-BR","@id":"https:\/\/psol50.org.br\/psol-exige-que-camara-devolva-projeto-de-garimpo-e-mineracao-em-terras-indigenas-ao-governo\/#primaryimage","url":"https:\/\/psol50.org.br\/inc\/uploads\/2019\/06\/indigenas-protesto-brasilia-constituicao-750x410-1.jpg","contentUrl":"https:\/\/psol50.org.br\/inc\/uploads\/2019\/06\/indigenas-protesto-brasilia-constituicao-750x410-1.jpg","width":750,"height":410},{"@type":"BreadcrumbList","@id":"https:\/\/psol50.org.br\/psol-exige-que-camara-devolva-projeto-de-garimpo-e-mineracao-em-terras-indigenas-ao-governo\/#breadcrumb","itemListElement":[{"@type":"ListItem","position":1,"name":"In\u00edcio","item":"https:\/\/psol50.org.br\/"},{"@type":"ListItem","position":2,"name":"PSOL exige que C\u00e2mara devolva projeto de garimpo e minera\u00e7\u00e3o em terras ind\u00edgenas ao governo"}]},{"@type":"WebSite","@id":"https:\/\/psol50.org.br\/#website","url":"https:\/\/psol50.org.br\/","name":"PSOL 50","description":"Site oficial do Partido Socialismo e Liberdade","publisher":{"@id":"https:\/\/psol50.org.br\/#organization"},"alternateName":"PSOL50","potentialAction":[{"@type":"SearchAction","target":{"@type":"EntryPoint","urlTemplate":"https:\/\/psol50.org.br\/?s={search_term_string}"},"query-input":{"@type":"PropertyValueSpecification","valueRequired":true,"valueName":"search_term_string"}}],"inLanguage":"pt-BR"},{"@type":"Organization","@id":"https:\/\/psol50.org.br\/#organization","name":"PSOL 50","alternateName":"PSOL 50","url":"https:\/\/psol50.org.br\/","logo":{"@type":"ImageObject","inLanguage":"pt-BR","@id":"https:\/\/psol50.org.br\/#\/schema\/logo\/image\/","url":"https:\/\/psol50.org.br\/inc\/uploads\/2018\/07\/capa.png","contentUrl":"https:\/\/psol50.org.br\/inc\/uploads\/2018\/07\/capa.png","width":1350,"height":900,"caption":"PSOL 50"},"image":{"@id":"https:\/\/psol50.org.br\/#\/schema\/logo\/image\/"},"sameAs":["https:\/\/www.facebook.com\/psol50","https:\/\/x.com\/psol50","https:\/\/www.instagram.com\/psol50\/","https:\/\/www.youtube.com\/channel\/UC7SnJS5o1os7a6CaiNabzcg"]},{"@type":"Person","@id":"https:\/\/psol50.org.br\/#\/schema\/person\/475dfa57d0b815993c714c2e96491fcd","name":"Comunica\u00e7\u00e3o PSOL","image":{"@type":"ImageObject","inLanguage":"pt-BR","@id":"https:\/\/psol50.org.br\/#\/schema\/person\/image\/","url":"https:\/\/secure.gravatar.com\/avatar\/b34fc4f4e468a4e51785917065a3db57b841f5c95dba6ad8c73aaf8f66f8f9bf?s=96&d=mm&r=g","contentUrl":"https:\/\/secure.gravatar.com\/avatar\/b34fc4f4e468a4e51785917065a3db57b841f5c95dba6ad8c73aaf8f66f8f9bf?s=96&d=mm&r=g","caption":"Comunica\u00e7\u00e3o PSOL"}}]}},"_links":{"self":[{"href":"https:\/\/psol50.org.br\/rest\/wp\/v2\/posts\/27476","targetHints":{"allow":["GET"]}}],"collection":[{"href":"https:\/\/psol50.org.br\/rest\/wp\/v2\/posts"}],"about":[{"href":"https:\/\/psol50.org.br\/rest\/wp\/v2\/types\/post"}],"author":[{"embeddable":true,"href":"https:\/\/psol50.org.br\/rest\/wp\/v2\/users\/2"}],"replies":[{"embeddable":true,"href":"https:\/\/psol50.org.br\/rest\/wp\/v2\/comments?post=27476"}],"version-history":[{"count":0,"href":"https:\/\/psol50.org.br\/rest\/wp\/v2\/posts\/27476\/revisions"}],"wp:featuredmedia":[{"embeddable":true,"href":"https:\/\/psol50.org.br\/rest\/wp\/v2\/media\/25580"}],"wp:attachment":[{"href":"https:\/\/psol50.org.br\/rest\/wp\/v2\/media?parent=27476"}],"wp:term":[{"taxonomy":"category","embeddable":true,"href":"https:\/\/psol50.org.br\/rest\/wp\/v2\/categories?post=27476"},{"taxonomy":"post_tag","embeddable":true,"href":"https:\/\/psol50.org.br\/rest\/wp\/v2\/tags?post=27476"}],"curies":[{"name":"wp","href":"https:\/\/api.w.org\/{rel}","templated":true}]}}