{"id":27486,"date":"2020-02-07T17:15:04","date_gmt":"2020-02-07T20:15:04","guid":{"rendered":"http:\/\/psol50.org.br\/?p=27486"},"modified":"2020-02-07T17:15:04","modified_gmt":"2020-02-07T20:15:04","slug":"psol-aciona-mpf-contra-governador-bolsonarista-de-rondonia-por-censura","status":"publish","type":"post","link":"https:\/\/psol50.org.br\/psol-aciona-mpf-contra-governador-bolsonarista-de-rondonia-por-censura\/","title":{"rendered":"PSOL aciona MPF contra governador bolsonarista de Rond\u00f4nia por censura medieval de livros em escolas"},"content":{"rendered":"<p>A bancada do PSOL na C\u00e2mara dos Deputados protocola nesta sexta-feira (7) uma <strong><a href=\"http:\/\/psol50.org.br\/inc\/uploads\/2020\/02\/Representac\u0327a\u0303o-PGR-Livros-Rondo\u0302nia.docx\">representa\u00e7\u00e3o no Minist\u00e9rio P\u00fablico Federal (MPF) e na Procuradoria Federal dos Direitos do Cidad\u00e3o (PFDC) contra o governador de Rond\u00f4nia<\/a><\/strong>, Coronel Marcos Rocha (PSL), e seu secret\u00e1rio de educa\u00e7\u00e3o, Suamy Vivecanda, ap\u00f3s o caso da tentativa de censurar dezenas de livros cl\u00e1ssicos da literatura brasileira nas escolas do estado.<\/p>\n<p>Circulou nas redes sociais uma lista, que depois foi comprovada como ver\u00eddica, que indicava quais livros deveriam ser recolhidos das bibliotecas das escolas da rede estadual em Rond\u00f4nia, sob a justificativa de terem &#8220;conte\u00fado inadequado&#8221; para crian\u00e7as e adolescentes.<\/p>\n<p>A lista continha 43 livros, a grande maioria de autores consagrados, como Caio Fernando Abreu, Euclides da Cunha, Carlos Heitor Cony, Ferreira Gullar, Nelson Rodrigues e Rubem Fonseca. Livros como &#8220;Macuna\u00edma&#8221;, de M\u00e1rio de Andrade, &#8220;Mem\u00f3rias P\u00f3stumas de Br\u00e1s Cubas&#8221;, de Machado de Assis, e &#8220;O Castelo&#8221;, de Franz Kafka, tamb\u00e9m faziam parte da lista.<\/p>\n<p>A Secretaria de Educa\u00e7\u00e3o de Rond\u00f4nia voltou atr\u00e1s da decis\u00e3o de censurar livros nas bibliotecas ap\u00f3s os questionamentos da imprensa e nas redes sociais. Mas o documento ainda pode ser encontrado no sistema digital de processos do governo de Rond\u00f4nia.<\/p>\n<p>A representa\u00e7\u00e3o do PSOL pede a condena\u00e7\u00e3o do governador e do secret\u00e1rio pelo crime de improbidade administrativa. A divulga\u00e7\u00e3o de uma lista de censura a livros \u00e9 flagrantemente inconstitucional e precisa de firme resposta das institui\u00e7\u00f5es brasileiras.<\/p>\n<p>O governador Marcos Rocha \u00e9 fiel aliado de Jair Bolsonaro, e deve sair do PSL para acompanhar o presidente quando for oficializado seu novo partido, Alian\u00e7a Pelo Brasil, que j\u00e1 nasce com den\u00fancias comprovadas de fraudes e uso do aparato de cart\u00f3rios de todo o Brasil para agilizar o processo e fraudar a Justi\u00e7a Eleitoral.<\/p>\n","protected":false},"excerpt":{"rendered":"<p>A bancada do PSOL na C\u00e2mara dos Deputados protocola nesta sexta-feira (7) uma representa\u00e7\u00e3o no Minist\u00e9rio P\u00fablico Federal (MPF) e na Procuradoria Federal dos Direitos do Cidad\u00e3o (PFDC) contra o governador de Rond\u00f4nia, Coronel Marcos Rocha (PSL), e seu secret\u00e1rio de educa\u00e7\u00e3o, Suamy Vivecanda, ap\u00f3s o caso da tentativa de censurar dezenas de livros cl\u00e1ssicos [&hellip;]<\/p>\n","protected":false},"author":2,"featured_media":27487,"comment_status":"closed","ping_status":"open","sticky":false,"template":"","format":"standard","meta":{"_acf_changed":false,"footnotes":""},"categories":[6],"tags":[234,235,236,22,237],"class_list":{"0":"post-27486","1":"post","2":"type-post","3":"status-publish","4":"format-standard","5":"has-post-thumbnail","7":"category-noticias","8":"tag-censura","9":"tag-crime","10":"tag-livros","11":"tag-psol","12":"tag-rondonia"},"acf":[],"yoast_head":"<!-- This site is optimized with the Yoast SEO plugin v26.5 - https:\/\/yoast.com\/wordpress\/plugins\/seo\/ -->\n<title>PSOL aciona MPF contra governador bolsonarista de Rond\u00f4nia por censura medieval de livros em escolas<\/title>\n<meta name=\"description\" content=\"Livros como &quot;Macuna\u00edma&quot;, de M\u00e1rio de Andrade, &quot;Mem\u00f3rias P\u00f3stumas de Br\u00e1s Cubas&quot;, de Machado de Assis, e &quot;O Castelo&quot;, de Franz Kafka, faziam parte da &quot;lista proibida&quot; de livros nas escolas.\" \/>\n<meta name=\"robots\" content=\"index, follow, max-snippet:-1, max-image-preview:large, max-video-preview:-1\" \/>\n<link rel=\"canonical\" href=\"https:\/\/psol50.org.br\/psol-aciona-mpf-contra-governador-bolsonarista-de-rondonia-por-censura\/\" \/>\n<meta property=\"og:locale\" content=\"pt_BR\" \/>\n<meta property=\"og:type\" content=\"article\" \/>\n<meta property=\"og:title\" content=\"PSOL aciona MPF contra governador bolsonarista de Rond\u00f4nia por censura medieval de livros em escolas\" \/>\n<meta property=\"og:description\" content=\"Livros como &quot;Macuna\u00edma&quot;, de M\u00e1rio de Andrade, &quot;Mem\u00f3rias P\u00f3stumas de Br\u00e1s Cubas&quot;, de Machado de Assis, e &quot;O Castelo&quot;, de Franz Kafka, faziam parte da &quot;lista proibida&quot; de livros nas escolas.\" \/>\n<meta property=\"og:url\" content=\"https:\/\/psol50.org.br\/psol-aciona-mpf-contra-governador-bolsonarista-de-rondonia-por-censura\/\" \/>\n<meta property=\"og:site_name\" content=\"PSOL 50\" \/>\n<meta property=\"article:publisher\" content=\"https:\/\/www.facebook.com\/psol50\" \/>\n<meta property=\"article:published_time\" content=\"2020-02-07T20:15:04+00:00\" \/>\n<meta property=\"og:image\" content=\"https:\/\/psol50.org.br\/inc\/uploads\/2020\/02\/15810264985e3c8cc26fb1d_1581026498_3x2_lg.jpg\" \/>\n\t<meta property=\"og:image:width\" content=\"1024\" \/>\n\t<meta property=\"og:image:height\" content=\"683\" \/>\n\t<meta property=\"og:image:type\" content=\"image\/jpeg\" \/>\n<meta name=\"author\" content=\"Comunica\u00e7\u00e3o PSOL\" \/>\n<meta name=\"twitter:card\" content=\"summary_large_image\" \/>\n<meta name=\"twitter:title\" content=\"PSOL aciona MPF contra governador bolsonarista de Rond\u00f4nia por censura medieval de livros em escolas\" \/>\n<meta name=\"twitter:description\" content=\"Livros como &quot;Macuna\u00edma&quot;, de M\u00e1rio de Andrade, &quot;Mem\u00f3rias P\u00f3stumas de Br\u00e1s Cubas&quot;, de Machado de Assis, e &quot;O Castelo&quot;, de Franz Kafka, faziam parte da &quot;lista proibida&quot; de livros nas escolas.\" \/>\n<meta name=\"twitter:image\" content=\"https:\/\/psol50.org.br\/inc\/uploads\/2020\/02\/15810264985e3c8cc26fb1d_1581026498_3x2_lg.jpg\" \/>\n<meta name=\"twitter:creator\" content=\"@psol50\" \/>\n<meta name=\"twitter:site\" content=\"@psol50\" \/>\n<meta name=\"twitter:label1\" content=\"Escrito por\" \/>\n\t<meta name=\"twitter:data1\" content=\"Comunica\u00e7\u00e3o PSOL\" \/>\n\t<meta name=\"twitter:label2\" content=\"Est. tempo de leitura\" \/>\n\t<meta name=\"twitter:data2\" content=\"2 minutos\" \/>\n<script type=\"application\/ld+json\" class=\"yoast-schema-graph\">{\"@context\":\"https:\/\/schema.org\",\"@graph\":[{\"@type\":\"Article\",\"@id\":\"https:\/\/psol50.org.br\/psol-aciona-mpf-contra-governador-bolsonarista-de-rondonia-por-censura\/#article\",\"isPartOf\":{\"@id\":\"https:\/\/psol50.org.br\/psol-aciona-mpf-contra-governador-bolsonarista-de-rondonia-por-censura\/\"},\"author\":{\"name\":\"Comunica\u00e7\u00e3o PSOL\",\"@id\":\"https:\/\/psol50.org.br\/#\/schema\/person\/475dfa57d0b815993c714c2e96491fcd\"},\"headline\":\"PSOL aciona MPF contra governador bolsonarista de Rond\u00f4nia por censura medieval de livros em escolas\",\"datePublished\":\"2020-02-07T20:15:04+00:00\",\"mainEntityOfPage\":{\"@id\":\"https:\/\/psol50.org.br\/psol-aciona-mpf-contra-governador-bolsonarista-de-rondonia-por-censura\/\"},\"wordCount\":335,\"publisher\":{\"@id\":\"https:\/\/psol50.org.br\/#organization\"},\"image\":{\"@id\":\"https:\/\/psol50.org.br\/psol-aciona-mpf-contra-governador-bolsonarista-de-rondonia-por-censura\/#primaryimage\"},\"thumbnailUrl\":\"https:\/\/psol50.org.br\/inc\/uploads\/2020\/02\/15810264985e3c8cc26fb1d_1581026498_3x2_lg.jpg\",\"keywords\":[\"censura\",\"crime\",\"livros\",\"PSOL\",\"rond\u00f4nia\"],\"articleSection\":[\"Not\u00edcias\"],\"inLanguage\":\"pt-BR\"},{\"@type\":\"WebPage\",\"@id\":\"https:\/\/psol50.org.br\/psol-aciona-mpf-contra-governador-bolsonarista-de-rondonia-por-censura\/\",\"url\":\"https:\/\/psol50.org.br\/psol-aciona-mpf-contra-governador-bolsonarista-de-rondonia-por-censura\/\",\"name\":\"PSOL aciona MPF contra governador bolsonarista de Rond\u00f4nia por censura medieval de livros em escolas\",\"isPartOf\":{\"@id\":\"https:\/\/psol50.org.br\/#website\"},\"primaryImageOfPage\":{\"@id\":\"https:\/\/psol50.org.br\/psol-aciona-mpf-contra-governador-bolsonarista-de-rondonia-por-censura\/#primaryimage\"},\"image\":{\"@id\":\"https:\/\/psol50.org.br\/psol-aciona-mpf-contra-governador-bolsonarista-de-rondonia-por-censura\/#primaryimage\"},\"thumbnailUrl\":\"https:\/\/psol50.org.br\/inc\/uploads\/2020\/02\/15810264985e3c8cc26fb1d_1581026498_3x2_lg.jpg\",\"datePublished\":\"2020-02-07T20:15:04+00:00\",\"description\":\"Livros como \\\"Macuna\u00edma\\\", de M\u00e1rio de Andrade, \\\"Mem\u00f3rias P\u00f3stumas de Br\u00e1s Cubas\\\", de Machado de Assis, e \\\"O Castelo\\\", de Franz Kafka, faziam parte da \\\"lista proibida\\\" de livros nas escolas.\",\"breadcrumb\":{\"@id\":\"https:\/\/psol50.org.br\/psol-aciona-mpf-contra-governador-bolsonarista-de-rondonia-por-censura\/#breadcrumb\"},\"inLanguage\":\"pt-BR\",\"potentialAction\":[{\"@type\":\"ReadAction\",\"target\":[\"https:\/\/psol50.org.br\/psol-aciona-mpf-contra-governador-bolsonarista-de-rondonia-por-censura\/\"]}]},{\"@type\":\"ImageObject\",\"inLanguage\":\"pt-BR\",\"@id\":\"https:\/\/psol50.org.br\/psol-aciona-mpf-contra-governador-bolsonarista-de-rondonia-por-censura\/#primaryimage\",\"url\":\"https:\/\/psol50.org.br\/inc\/uploads\/2020\/02\/15810264985e3c8cc26fb1d_1581026498_3x2_lg.jpg\",\"contentUrl\":\"https:\/\/psol50.org.br\/inc\/uploads\/2020\/02\/15810264985e3c8cc26fb1d_1581026498_3x2_lg.jpg\",\"width\":1024,\"height\":683,\"caption\":\"Foto: Reprodu\u00e7\u00e3o\"},{\"@type\":\"BreadcrumbList\",\"@id\":\"https:\/\/psol50.org.br\/psol-aciona-mpf-contra-governador-bolsonarista-de-rondonia-por-censura\/#breadcrumb\",\"itemListElement\":[{\"@type\":\"ListItem\",\"position\":1,\"name\":\"In\u00edcio\",\"item\":\"https:\/\/psol50.org.br\/\"},{\"@type\":\"ListItem\",\"position\":2,\"name\":\"PSOL aciona MPF contra governador bolsonarista de Rond\u00f4nia por censura medieval de livros em escolas\"}]},{\"@type\":\"WebSite\",\"@id\":\"https:\/\/psol50.org.br\/#website\",\"url\":\"https:\/\/psol50.org.br\/\",\"name\":\"PSOL 50\",\"description\":\"Site oficial do Partido Socialismo e Liberdade\",\"publisher\":{\"@id\":\"https:\/\/psol50.org.br\/#organization\"},\"alternateName\":\"PSOL50\",\"potentialAction\":[{\"@type\":\"SearchAction\",\"target\":{\"@type\":\"EntryPoint\",\"urlTemplate\":\"https:\/\/psol50.org.br\/?s={search_term_string}\"},\"query-input\":{\"@type\":\"PropertyValueSpecification\",\"valueRequired\":true,\"valueName\":\"search_term_string\"}}],\"inLanguage\":\"pt-BR\"},{\"@type\":\"Organization\",\"@id\":\"https:\/\/psol50.org.br\/#organization\",\"name\":\"PSOL 50\",\"alternateName\":\"PSOL 50\",\"url\":\"https:\/\/psol50.org.br\/\",\"logo\":{\"@type\":\"ImageObject\",\"inLanguage\":\"pt-BR\",\"@id\":\"https:\/\/psol50.org.br\/#\/schema\/logo\/image\/\",\"url\":\"https:\/\/psol50.org.br\/inc\/uploads\/2018\/07\/capa.png\",\"contentUrl\":\"https:\/\/psol50.org.br\/inc\/uploads\/2018\/07\/capa.png\",\"width\":1350,\"height\":900,\"caption\":\"PSOL 50\"},\"image\":{\"@id\":\"https:\/\/psol50.org.br\/#\/schema\/logo\/image\/\"},\"sameAs\":[\"https:\/\/www.facebook.com\/psol50\",\"https:\/\/x.com\/psol50\",\"https:\/\/www.instagram.com\/psol50\/\",\"https:\/\/www.youtube.com\/channel\/UC7SnJS5o1os7a6CaiNabzcg\"]},{\"@type\":\"Person\",\"@id\":\"https:\/\/psol50.org.br\/#\/schema\/person\/475dfa57d0b815993c714c2e96491fcd\",\"name\":\"Comunica\u00e7\u00e3o PSOL\",\"image\":{\"@type\":\"ImageObject\",\"inLanguage\":\"pt-BR\",\"@id\":\"https:\/\/psol50.org.br\/#\/schema\/person\/image\/\",\"url\":\"https:\/\/secure.gravatar.com\/avatar\/b34fc4f4e468a4e51785917065a3db57b841f5c95dba6ad8c73aaf8f66f8f9bf?s=96&d=mm&r=g\",\"contentUrl\":\"https:\/\/secure.gravatar.com\/avatar\/b34fc4f4e468a4e51785917065a3db57b841f5c95dba6ad8c73aaf8f66f8f9bf?s=96&d=mm&r=g\",\"caption\":\"Comunica\u00e7\u00e3o PSOL\"}}]}<\/script>\n<!-- \/ Yoast SEO plugin. -->","yoast_head_json":{"title":"PSOL aciona MPF contra governador bolsonarista de Rond\u00f4nia por censura medieval de livros em escolas","description":"Livros como \"Macuna\u00edma\", de M\u00e1rio de Andrade, \"Mem\u00f3rias P\u00f3stumas de Br\u00e1s Cubas\", de Machado de Assis, e \"O Castelo\", de Franz Kafka, faziam parte da \"lista proibida\" de livros nas escolas.","robots":{"index":"index","follow":"follow","max-snippet":"max-snippet:-1","max-image-preview":"max-image-preview:large","max-video-preview":"max-video-preview:-1"},"canonical":"https:\/\/psol50.org.br\/psol-aciona-mpf-contra-governador-bolsonarista-de-rondonia-por-censura\/","og_locale":"pt_BR","og_type":"article","og_title":"PSOL aciona MPF contra governador bolsonarista de Rond\u00f4nia por censura medieval de livros em escolas","og_description":"Livros como \"Macuna\u00edma\", de M\u00e1rio de Andrade, \"Mem\u00f3rias P\u00f3stumas de Br\u00e1s Cubas\", de Machado de Assis, e \"O Castelo\", de Franz Kafka, faziam parte da \"lista proibida\" de livros nas escolas.","og_url":"https:\/\/psol50.org.br\/psol-aciona-mpf-contra-governador-bolsonarista-de-rondonia-por-censura\/","og_site_name":"PSOL 50","article_publisher":"https:\/\/www.facebook.com\/psol50","article_published_time":"2020-02-07T20:15:04+00:00","og_image":[{"width":1024,"height":683,"url":"https:\/\/psol50.org.br\/inc\/uploads\/2020\/02\/15810264985e3c8cc26fb1d_1581026498_3x2_lg.jpg","type":"image\/jpeg"}],"author":"Comunica\u00e7\u00e3o PSOL","twitter_card":"summary_large_image","twitter_title":"PSOL aciona MPF contra governador bolsonarista de Rond\u00f4nia por censura medieval de livros em escolas","twitter_description":"Livros como \"Macuna\u00edma\", de M\u00e1rio de Andrade, \"Mem\u00f3rias P\u00f3stumas de Br\u00e1s Cubas\", de Machado de Assis, e \"O Castelo\", de Franz Kafka, faziam parte da \"lista proibida\" de livros nas escolas.","twitter_image":"https:\/\/psol50.org.br\/inc\/uploads\/2020\/02\/15810264985e3c8cc26fb1d_1581026498_3x2_lg.jpg","twitter_creator":"@psol50","twitter_site":"@psol50","twitter_misc":{"Escrito por":"Comunica\u00e7\u00e3o PSOL","Est. tempo de leitura":"2 minutos"},"schema":{"@context":"https:\/\/schema.org","@graph":[{"@type":"Article","@id":"https:\/\/psol50.org.br\/psol-aciona-mpf-contra-governador-bolsonarista-de-rondonia-por-censura\/#article","isPartOf":{"@id":"https:\/\/psol50.org.br\/psol-aciona-mpf-contra-governador-bolsonarista-de-rondonia-por-censura\/"},"author":{"name":"Comunica\u00e7\u00e3o PSOL","@id":"https:\/\/psol50.org.br\/#\/schema\/person\/475dfa57d0b815993c714c2e96491fcd"},"headline":"PSOL aciona MPF contra governador bolsonarista de Rond\u00f4nia por censura medieval de livros em escolas","datePublished":"2020-02-07T20:15:04+00:00","mainEntityOfPage":{"@id":"https:\/\/psol50.org.br\/psol-aciona-mpf-contra-governador-bolsonarista-de-rondonia-por-censura\/"},"wordCount":335,"publisher":{"@id":"https:\/\/psol50.org.br\/#organization"},"image":{"@id":"https:\/\/psol50.org.br\/psol-aciona-mpf-contra-governador-bolsonarista-de-rondonia-por-censura\/#primaryimage"},"thumbnailUrl":"https:\/\/psol50.org.br\/inc\/uploads\/2020\/02\/15810264985e3c8cc26fb1d_1581026498_3x2_lg.jpg","keywords":["censura","crime","livros","PSOL","rond\u00f4nia"],"articleSection":["Not\u00edcias"],"inLanguage":"pt-BR"},{"@type":"WebPage","@id":"https:\/\/psol50.org.br\/psol-aciona-mpf-contra-governador-bolsonarista-de-rondonia-por-censura\/","url":"https:\/\/psol50.org.br\/psol-aciona-mpf-contra-governador-bolsonarista-de-rondonia-por-censura\/","name":"PSOL aciona MPF contra governador bolsonarista de Rond\u00f4nia por censura medieval de livros em escolas","isPartOf":{"@id":"https:\/\/psol50.org.br\/#website"},"primaryImageOfPage":{"@id":"https:\/\/psol50.org.br\/psol-aciona-mpf-contra-governador-bolsonarista-de-rondonia-por-censura\/#primaryimage"},"image":{"@id":"https:\/\/psol50.org.br\/psol-aciona-mpf-contra-governador-bolsonarista-de-rondonia-por-censura\/#primaryimage"},"thumbnailUrl":"https:\/\/psol50.org.br\/inc\/uploads\/2020\/02\/15810264985e3c8cc26fb1d_1581026498_3x2_lg.jpg","datePublished":"2020-02-07T20:15:04+00:00","description":"Livros como \"Macuna\u00edma\", de M\u00e1rio de Andrade, \"Mem\u00f3rias P\u00f3stumas de Br\u00e1s Cubas\", de Machado de Assis, e \"O Castelo\", de Franz Kafka, faziam parte da \"lista proibida\" de livros nas escolas.","breadcrumb":{"@id":"https:\/\/psol50.org.br\/psol-aciona-mpf-contra-governador-bolsonarista-de-rondonia-por-censura\/#breadcrumb"},"inLanguage":"pt-BR","potentialAction":[{"@type":"ReadAction","target":["https:\/\/psol50.org.br\/psol-aciona-mpf-contra-governador-bolsonarista-de-rondonia-por-censura\/"]}]},{"@type":"ImageObject","inLanguage":"pt-BR","@id":"https:\/\/psol50.org.br\/psol-aciona-mpf-contra-governador-bolsonarista-de-rondonia-por-censura\/#primaryimage","url":"https:\/\/psol50.org.br\/inc\/uploads\/2020\/02\/15810264985e3c8cc26fb1d_1581026498_3x2_lg.jpg","contentUrl":"https:\/\/psol50.org.br\/inc\/uploads\/2020\/02\/15810264985e3c8cc26fb1d_1581026498_3x2_lg.jpg","width":1024,"height":683,"caption":"Foto: Reprodu\u00e7\u00e3o"},{"@type":"BreadcrumbList","@id":"https:\/\/psol50.org.br\/psol-aciona-mpf-contra-governador-bolsonarista-de-rondonia-por-censura\/#breadcrumb","itemListElement":[{"@type":"ListItem","position":1,"name":"In\u00edcio","item":"https:\/\/psol50.org.br\/"},{"@type":"ListItem","position":2,"name":"PSOL aciona MPF contra governador bolsonarista de Rond\u00f4nia por censura medieval de livros em escolas"}]},{"@type":"WebSite","@id":"https:\/\/psol50.org.br\/#website","url":"https:\/\/psol50.org.br\/","name":"PSOL 50","description":"Site oficial do Partido Socialismo e Liberdade","publisher":{"@id":"https:\/\/psol50.org.br\/#organization"},"alternateName":"PSOL50","potentialAction":[{"@type":"SearchAction","target":{"@type":"EntryPoint","urlTemplate":"https:\/\/psol50.org.br\/?s={search_term_string}"},"query-input":{"@type":"PropertyValueSpecification","valueRequired":true,"valueName":"search_term_string"}}],"inLanguage":"pt-BR"},{"@type":"Organization","@id":"https:\/\/psol50.org.br\/#organization","name":"PSOL 50","alternateName":"PSOL 50","url":"https:\/\/psol50.org.br\/","logo":{"@type":"ImageObject","inLanguage":"pt-BR","@id":"https:\/\/psol50.org.br\/#\/schema\/logo\/image\/","url":"https:\/\/psol50.org.br\/inc\/uploads\/2018\/07\/capa.png","contentUrl":"https:\/\/psol50.org.br\/inc\/uploads\/2018\/07\/capa.png","width":1350,"height":900,"caption":"PSOL 50"},"image":{"@id":"https:\/\/psol50.org.br\/#\/schema\/logo\/image\/"},"sameAs":["https:\/\/www.facebook.com\/psol50","https:\/\/x.com\/psol50","https:\/\/www.instagram.com\/psol50\/","https:\/\/www.youtube.com\/channel\/UC7SnJS5o1os7a6CaiNabzcg"]},{"@type":"Person","@id":"https:\/\/psol50.org.br\/#\/schema\/person\/475dfa57d0b815993c714c2e96491fcd","name":"Comunica\u00e7\u00e3o PSOL","image":{"@type":"ImageObject","inLanguage":"pt-BR","@id":"https:\/\/psol50.org.br\/#\/schema\/person\/image\/","url":"https:\/\/secure.gravatar.com\/avatar\/b34fc4f4e468a4e51785917065a3db57b841f5c95dba6ad8c73aaf8f66f8f9bf?s=96&d=mm&r=g","contentUrl":"https:\/\/secure.gravatar.com\/avatar\/b34fc4f4e468a4e51785917065a3db57b841f5c95dba6ad8c73aaf8f66f8f9bf?s=96&d=mm&r=g","caption":"Comunica\u00e7\u00e3o PSOL"}}]}},"_links":{"self":[{"href":"https:\/\/psol50.org.br\/rest\/wp\/v2\/posts\/27486","targetHints":{"allow":["GET"]}}],"collection":[{"href":"https:\/\/psol50.org.br\/rest\/wp\/v2\/posts"}],"about":[{"href":"https:\/\/psol50.org.br\/rest\/wp\/v2\/types\/post"}],"author":[{"embeddable":true,"href":"https:\/\/psol50.org.br\/rest\/wp\/v2\/users\/2"}],"replies":[{"embeddable":true,"href":"https:\/\/psol50.org.br\/rest\/wp\/v2\/comments?post=27486"}],"version-history":[{"count":0,"href":"https:\/\/psol50.org.br\/rest\/wp\/v2\/posts\/27486\/revisions"}],"wp:featuredmedia":[{"embeddable":true,"href":"https:\/\/psol50.org.br\/rest\/wp\/v2\/media\/27487"}],"wp:attachment":[{"href":"https:\/\/psol50.org.br\/rest\/wp\/v2\/media?parent=27486"}],"wp:term":[{"taxonomy":"category","embeddable":true,"href":"https:\/\/psol50.org.br\/rest\/wp\/v2\/categories?post=27486"},{"taxonomy":"post_tag","embeddable":true,"href":"https:\/\/psol50.org.br\/rest\/wp\/v2\/tags?post=27486"}],"curies":[{"name":"wp","href":"https:\/\/api.w.org\/{rel}","templated":true}]}}