{"id":27490,"date":"2020-02-07T18:25:59","date_gmt":"2020-02-07T21:25:59","guid":{"rendered":"http:\/\/psol50.org.br\/?p=27490"},"modified":"2020-02-07T18:25:59","modified_gmt":"2020-02-07T21:25:59","slug":"lei-que-cria-programa-de-prevencao-ao-suicidio-entre-jovens-de-autoria-do-psol-e-sancionada-em-sp","status":"publish","type":"post","link":"https:\/\/psol50.org.br\/lei-que-cria-programa-de-prevencao-ao-suicidio-entre-jovens-de-autoria-do-psol-e-sancionada-em-sp\/","title":{"rendered":"Lei que cria programa de preven\u00e7\u00e3o ao suic\u00eddio entre jovens, de autoria do PSOL, \u00e9 sancionada em SP"},"content":{"rendered":"<p>A Prefeitura de S\u00e3o Paulo sancionou uma lei que cria o Programa Municipal de Preven\u00e7\u00e3o ao Suic\u00eddio e de Promo\u00e7\u00e3o do Direito ao acesso \u00e0 Sa\u00fade Mental entre jovens e adolescentes. A medida foi uma proposta de S\u00e2mia Bomfim, hoje deputada federal e antiga vereadora em S\u00e3o Paulo, al\u00e9m de Celso Giannazi, seu suplente que assumiu o mandato em 2019. As vereadoras Patr\u00edcia Bezerra (PSDB-SP) e Soninha Francine (Cidadania-SP) tamb\u00e9m assinaram o projeto que virou lei.<\/p>\n<p>S\u00e2mia Bomfim comemorou a aprova\u00e7\u00e3o da lei que prop\u00f4s quando vereadora e pretende cobrar a efetiva aplica\u00e7\u00e3o do programa. &#8220;A plena implementa\u00e7\u00e3o da Lei \u00e9 fundamental porque \u00e9 cada vez mais crescente o n\u00famero de jovens e adolescentes com depress\u00e3o, portanto, \u00e9 importante que os \u00f3rg\u00e3os municipais ofere\u00e7am apoio, informa\u00e7\u00e3o e ajuda a quem precisa\u201d, disse a deputada.<\/p>\n<p>A Lei, que entra em vigor a partir do pr\u00f3ximo dia 14 de fevereiro de 2020, prev\u00ea:<\/p>\n<p>I \u2013 realiza\u00e7\u00e3o de palestras, discuss\u00f5es, rodas e eventos com especialistas que abordem o tema;<\/p>\n<p>II \u2013 exposi\u00e7\u00e3o de cartazes e fomento de publicidade informativa sobre o Centro de Valoriza\u00e7\u00e3o da Vida (CVV) e seu n\u00famero telef\u00f4nico de atendimento;<\/p>\n<p>III \u2013 informa\u00e7\u00e3o, por meio de folhetos e cartazes, de servi\u00e7os para atendimento psicol\u00f3gico e psiqui\u00e1trico na rede p\u00fablica de sa\u00fade;<\/p>\n<p>IV \u2013 montagem, tempor\u00e1ria ou permanente, em articula\u00e7\u00e3o com as Unidades B\u00e1sicas de Sa\u00fade, com os Centros de Apoio Psicossocial e com os Consult\u00f3rios na Rua, de centros de atendimento para diagn\u00f3stico prim\u00e1rio e orienta\u00e7\u00e3o de tratamento aos que apresentem sintomas de tentativa de suic\u00eddio;<\/p>\n<p>V \u2013 monitoramento de grupos em situa\u00e7\u00e3o de vulnerabilidade para o desenvolvimento de a\u00e7\u00f5es interdisciplinares de promo\u00e7\u00e3o da sa\u00fade mental.<\/p>\n<p>Al\u00e9m disso, o programa prev\u00ea abordagens espec\u00edficas para pessoas em situa\u00e7\u00e3o de vulnerabilidade.<\/p>\n","protected":false},"excerpt":{"rendered":"<p>A Prefeitura de S\u00e3o Paulo sancionou uma lei que cria o Programa Municipal de Preven\u00e7\u00e3o ao Suic\u00eddio e de Promo\u00e7\u00e3o do Direito ao acesso \u00e0 Sa\u00fade Mental entre jovens e adolescentes. A medida foi uma proposta de S\u00e2mia Bomfim, hoje deputada federal e antiga vereadora em S\u00e3o Paulo, al\u00e9m de Celso Giannazi, seu suplente que [&hellip;]<\/p>\n","protected":false},"author":2,"featured_media":27491,"comment_status":"closed","ping_status":"open","sticky":false,"template":"","format":"standard","meta":{"_acf_changed":false,"footnotes":""},"categories":[6],"tags":[238,239,13,22,117,240],"class_list":{"0":"post-27490","1":"post","2":"type-post","3":"status-publish","4":"format-standard","5":"has-post-thumbnail","7":"category-noticias","8":"tag-adolescentes","9":"tag-jovens","10":"tag-lei","11":"tag-psol","12":"tag-sao-paulo","13":"tag-suicidio"},"acf":[],"yoast_head":"<!-- This site is optimized with the Yoast SEO plugin v26.5 - https:\/\/yoast.com\/wordpress\/plugins\/seo\/ -->\n<title>Lei que cria programa de preven\u00e7\u00e3o ao suic\u00eddio entre jovens, de autoria do PSOL, \u00e9 sancionada em SP<\/title>\n<meta name=\"description\" content=\"A medida entra em vigor no pr\u00f3ximo dia 14 de fevereiro e foi proposta pela ent\u00e3o vereadora S\u00e2mia Bomfim, hoje deputada federal, e seu suplente Celso Giannazi, tamb\u00e9m do PSOL.\" \/>\n<meta name=\"robots\" content=\"index, follow, max-snippet:-1, max-image-preview:large, max-video-preview:-1\" \/>\n<link rel=\"canonical\" href=\"https:\/\/psol50.org.br\/lei-que-cria-programa-de-prevencao-ao-suicidio-entre-jovens-de-autoria-do-psol-e-sancionada-em-sp\/\" \/>\n<meta property=\"og:locale\" content=\"pt_BR\" \/>\n<meta property=\"og:type\" content=\"article\" \/>\n<meta property=\"og:title\" content=\"Lei que cria programa de preven\u00e7\u00e3o ao suic\u00eddio entre jovens, de autoria do PSOL, \u00e9 sancionada em SP\" \/>\n<meta property=\"og:description\" content=\"A medida entra em vigor no pr\u00f3ximo dia 14 de fevereiro e foi proposta pela ent\u00e3o vereadora S\u00e2mia Bomfim, hoje deputada federal, e seu suplente Celso Giannazi, tamb\u00e9m do PSOL.\" \/>\n<meta property=\"og:url\" content=\"https:\/\/psol50.org.br\/lei-que-cria-programa-de-prevencao-ao-suicidio-entre-jovens-de-autoria-do-psol-e-sancionada-em-sp\/\" \/>\n<meta property=\"og:site_name\" content=\"PSOL 50\" \/>\n<meta property=\"article:publisher\" content=\"https:\/\/www.facebook.com\/psol50\" \/>\n<meta property=\"article:published_time\" content=\"2020-02-07T21:25:59+00:00\" \/>\n<meta property=\"og:image\" content=\"https:\/\/psol50.org.br\/inc\/uploads\/2020\/02\/prevenccca7acc83o-do-suicicc81dio.jpg\" \/>\n\t<meta property=\"og:image:width\" content=\"680\" \/>\n\t<meta property=\"og:image:height\" content=\"453\" \/>\n\t<meta property=\"og:image:type\" content=\"image\/jpeg\" \/>\n<meta name=\"author\" content=\"Comunica\u00e7\u00e3o PSOL\" \/>\n<meta name=\"twitter:card\" content=\"summary_large_image\" \/>\n<meta name=\"twitter:title\" content=\"Lei que cria programa de preven\u00e7\u00e3o ao suic\u00eddio entre jovens, de autoria do PSOL, \u00e9 sancionada em SP\" \/>\n<meta name=\"twitter:description\" content=\"A medida entra em vigor no pr\u00f3ximo dia 14 de fevereiro e foi proposta pela ent\u00e3o vereadora S\u00e2mia Bomfim, hoje deputada federal, e seu suplente Celso Giannazi, tamb\u00e9m do PSOL.\" \/>\n<meta name=\"twitter:image\" content=\"https:\/\/psol50.org.br\/inc\/uploads\/2020\/02\/prevenccca7acc83o-do-suicicc81dio.jpg\" \/>\n<meta name=\"twitter:creator\" content=\"@psol50\" \/>\n<meta name=\"twitter:site\" content=\"@psol50\" \/>\n<meta name=\"twitter:label1\" content=\"Escrito por\" \/>\n\t<meta name=\"twitter:data1\" content=\"Comunica\u00e7\u00e3o PSOL\" \/>\n\t<meta name=\"twitter:label2\" content=\"Est. tempo de leitura\" \/>\n\t<meta name=\"twitter:data2\" content=\"2 minutos\" \/>\n<script type=\"application\/ld+json\" class=\"yoast-schema-graph\">{\"@context\":\"https:\/\/schema.org\",\"@graph\":[{\"@type\":\"Article\",\"@id\":\"https:\/\/psol50.org.br\/lei-que-cria-programa-de-prevencao-ao-suicidio-entre-jovens-de-autoria-do-psol-e-sancionada-em-sp\/#article\",\"isPartOf\":{\"@id\":\"https:\/\/psol50.org.br\/lei-que-cria-programa-de-prevencao-ao-suicidio-entre-jovens-de-autoria-do-psol-e-sancionada-em-sp\/\"},\"author\":{\"name\":\"Comunica\u00e7\u00e3o PSOL\",\"@id\":\"https:\/\/psol50.org.br\/#\/schema\/person\/475dfa57d0b815993c714c2e96491fcd\"},\"headline\":\"Lei que cria programa de preven\u00e7\u00e3o ao suic\u00eddio entre jovens, de autoria do PSOL, \u00e9 sancionada em SP\",\"datePublished\":\"2020-02-07T21:25:59+00:00\",\"mainEntityOfPage\":{\"@id\":\"https:\/\/psol50.org.br\/lei-que-cria-programa-de-prevencao-ao-suicidio-entre-jovens-de-autoria-do-psol-e-sancionada-em-sp\/\"},\"wordCount\":345,\"publisher\":{\"@id\":\"https:\/\/psol50.org.br\/#organization\"},\"image\":{\"@id\":\"https:\/\/psol50.org.br\/lei-que-cria-programa-de-prevencao-ao-suicidio-entre-jovens-de-autoria-do-psol-e-sancionada-em-sp\/#primaryimage\"},\"thumbnailUrl\":\"https:\/\/psol50.org.br\/inc\/uploads\/2020\/02\/prevenccca7acc83o-do-suicicc81dio.jpg\",\"keywords\":[\"adolescentes\",\"jovens\",\"lei\",\"PSOL\",\"S\u00e3o Paulo\",\"suic\u00eddio\"],\"articleSection\":[\"Not\u00edcias\"],\"inLanguage\":\"pt-BR\"},{\"@type\":\"WebPage\",\"@id\":\"https:\/\/psol50.org.br\/lei-que-cria-programa-de-prevencao-ao-suicidio-entre-jovens-de-autoria-do-psol-e-sancionada-em-sp\/\",\"url\":\"https:\/\/psol50.org.br\/lei-que-cria-programa-de-prevencao-ao-suicidio-entre-jovens-de-autoria-do-psol-e-sancionada-em-sp\/\",\"name\":\"Lei que cria programa de preven\u00e7\u00e3o ao suic\u00eddio entre jovens, de autoria do PSOL, \u00e9 sancionada em SP\",\"isPartOf\":{\"@id\":\"https:\/\/psol50.org.br\/#website\"},\"primaryImageOfPage\":{\"@id\":\"https:\/\/psol50.org.br\/lei-que-cria-programa-de-prevencao-ao-suicidio-entre-jovens-de-autoria-do-psol-e-sancionada-em-sp\/#primaryimage\"},\"image\":{\"@id\":\"https:\/\/psol50.org.br\/lei-que-cria-programa-de-prevencao-ao-suicidio-entre-jovens-de-autoria-do-psol-e-sancionada-em-sp\/#primaryimage\"},\"thumbnailUrl\":\"https:\/\/psol50.org.br\/inc\/uploads\/2020\/02\/prevenccca7acc83o-do-suicicc81dio.jpg\",\"datePublished\":\"2020-02-07T21:25:59+00:00\",\"description\":\"A medida entra em vigor no pr\u00f3ximo dia 14 de fevereiro e foi proposta pela ent\u00e3o vereadora S\u00e2mia Bomfim, hoje deputada federal, e seu suplente Celso Giannazi, tamb\u00e9m do PSOL.\",\"breadcrumb\":{\"@id\":\"https:\/\/psol50.org.br\/lei-que-cria-programa-de-prevencao-ao-suicidio-entre-jovens-de-autoria-do-psol-e-sancionada-em-sp\/#breadcrumb\"},\"inLanguage\":\"pt-BR\",\"potentialAction\":[{\"@type\":\"ReadAction\",\"target\":[\"https:\/\/psol50.org.br\/lei-que-cria-programa-de-prevencao-ao-suicidio-entre-jovens-de-autoria-do-psol-e-sancionada-em-sp\/\"]}]},{\"@type\":\"ImageObject\",\"inLanguage\":\"pt-BR\",\"@id\":\"https:\/\/psol50.org.br\/lei-que-cria-programa-de-prevencao-ao-suicidio-entre-jovens-de-autoria-do-psol-e-sancionada-em-sp\/#primaryimage\",\"url\":\"https:\/\/psol50.org.br\/inc\/uploads\/2020\/02\/prevenccca7acc83o-do-suicicc81dio.jpg\",\"contentUrl\":\"https:\/\/psol50.org.br\/inc\/uploads\/2020\/02\/prevenccca7acc83o-do-suicicc81dio.jpg\",\"width\":680,\"height\":453},{\"@type\":\"BreadcrumbList\",\"@id\":\"https:\/\/psol50.org.br\/lei-que-cria-programa-de-prevencao-ao-suicidio-entre-jovens-de-autoria-do-psol-e-sancionada-em-sp\/#breadcrumb\",\"itemListElement\":[{\"@type\":\"ListItem\",\"position\":1,\"name\":\"In\u00edcio\",\"item\":\"https:\/\/psol50.org.br\/\"},{\"@type\":\"ListItem\",\"position\":2,\"name\":\"Lei que cria programa de preven\u00e7\u00e3o ao suic\u00eddio entre jovens, de autoria do PSOL, \u00e9 sancionada em SP\"}]},{\"@type\":\"WebSite\",\"@id\":\"https:\/\/psol50.org.br\/#website\",\"url\":\"https:\/\/psol50.org.br\/\",\"name\":\"PSOL 50\",\"description\":\"Site oficial do Partido Socialismo e Liberdade\",\"publisher\":{\"@id\":\"https:\/\/psol50.org.br\/#organization\"},\"alternateName\":\"PSOL50\",\"potentialAction\":[{\"@type\":\"SearchAction\",\"target\":{\"@type\":\"EntryPoint\",\"urlTemplate\":\"https:\/\/psol50.org.br\/?s={search_term_string}\"},\"query-input\":{\"@type\":\"PropertyValueSpecification\",\"valueRequired\":true,\"valueName\":\"search_term_string\"}}],\"inLanguage\":\"pt-BR\"},{\"@type\":\"Organization\",\"@id\":\"https:\/\/psol50.org.br\/#organization\",\"name\":\"PSOL 50\",\"alternateName\":\"PSOL 50\",\"url\":\"https:\/\/psol50.org.br\/\",\"logo\":{\"@type\":\"ImageObject\",\"inLanguage\":\"pt-BR\",\"@id\":\"https:\/\/psol50.org.br\/#\/schema\/logo\/image\/\",\"url\":\"https:\/\/psol50.org.br\/inc\/uploads\/2018\/07\/capa.png\",\"contentUrl\":\"https:\/\/psol50.org.br\/inc\/uploads\/2018\/07\/capa.png\",\"width\":1350,\"height\":900,\"caption\":\"PSOL 50\"},\"image\":{\"@id\":\"https:\/\/psol50.org.br\/#\/schema\/logo\/image\/\"},\"sameAs\":[\"https:\/\/www.facebook.com\/psol50\",\"https:\/\/x.com\/psol50\",\"https:\/\/www.instagram.com\/psol50\/\",\"https:\/\/www.youtube.com\/channel\/UC7SnJS5o1os7a6CaiNabzcg\"]},{\"@type\":\"Person\",\"@id\":\"https:\/\/psol50.org.br\/#\/schema\/person\/475dfa57d0b815993c714c2e96491fcd\",\"name\":\"Comunica\u00e7\u00e3o PSOL\",\"image\":{\"@type\":\"ImageObject\",\"inLanguage\":\"pt-BR\",\"@id\":\"https:\/\/psol50.org.br\/#\/schema\/person\/image\/\",\"url\":\"https:\/\/secure.gravatar.com\/avatar\/b34fc4f4e468a4e51785917065a3db57b841f5c95dba6ad8c73aaf8f66f8f9bf?s=96&d=mm&r=g\",\"contentUrl\":\"https:\/\/secure.gravatar.com\/avatar\/b34fc4f4e468a4e51785917065a3db57b841f5c95dba6ad8c73aaf8f66f8f9bf?s=96&d=mm&r=g\",\"caption\":\"Comunica\u00e7\u00e3o PSOL\"}}]}<\/script>\n<!-- \/ Yoast SEO plugin. -->","yoast_head_json":{"title":"Lei que cria programa de preven\u00e7\u00e3o ao suic\u00eddio entre jovens, de autoria do PSOL, \u00e9 sancionada em SP","description":"A medida entra em vigor no pr\u00f3ximo dia 14 de fevereiro e foi proposta pela ent\u00e3o vereadora S\u00e2mia Bomfim, hoje deputada federal, e seu suplente Celso Giannazi, tamb\u00e9m do PSOL.","robots":{"index":"index","follow":"follow","max-snippet":"max-snippet:-1","max-image-preview":"max-image-preview:large","max-video-preview":"max-video-preview:-1"},"canonical":"https:\/\/psol50.org.br\/lei-que-cria-programa-de-prevencao-ao-suicidio-entre-jovens-de-autoria-do-psol-e-sancionada-em-sp\/","og_locale":"pt_BR","og_type":"article","og_title":"Lei que cria programa de preven\u00e7\u00e3o ao suic\u00eddio entre jovens, de autoria do PSOL, \u00e9 sancionada em SP","og_description":"A medida entra em vigor no pr\u00f3ximo dia 14 de fevereiro e foi proposta pela ent\u00e3o vereadora S\u00e2mia Bomfim, hoje deputada federal, e seu suplente Celso Giannazi, tamb\u00e9m do PSOL.","og_url":"https:\/\/psol50.org.br\/lei-que-cria-programa-de-prevencao-ao-suicidio-entre-jovens-de-autoria-do-psol-e-sancionada-em-sp\/","og_site_name":"PSOL 50","article_publisher":"https:\/\/www.facebook.com\/psol50","article_published_time":"2020-02-07T21:25:59+00:00","og_image":[{"width":680,"height":453,"url":"https:\/\/psol50.org.br\/inc\/uploads\/2020\/02\/prevenccca7acc83o-do-suicicc81dio.jpg","type":"image\/jpeg"}],"author":"Comunica\u00e7\u00e3o PSOL","twitter_card":"summary_large_image","twitter_title":"Lei que cria programa de preven\u00e7\u00e3o ao suic\u00eddio entre jovens, de autoria do PSOL, \u00e9 sancionada em SP","twitter_description":"A medida entra em vigor no pr\u00f3ximo dia 14 de fevereiro e foi proposta pela ent\u00e3o vereadora S\u00e2mia Bomfim, hoje deputada federal, e seu suplente Celso Giannazi, tamb\u00e9m do PSOL.","twitter_image":"https:\/\/psol50.org.br\/inc\/uploads\/2020\/02\/prevenccca7acc83o-do-suicicc81dio.jpg","twitter_creator":"@psol50","twitter_site":"@psol50","twitter_misc":{"Escrito por":"Comunica\u00e7\u00e3o PSOL","Est. tempo de leitura":"2 minutos"},"schema":{"@context":"https:\/\/schema.org","@graph":[{"@type":"Article","@id":"https:\/\/psol50.org.br\/lei-que-cria-programa-de-prevencao-ao-suicidio-entre-jovens-de-autoria-do-psol-e-sancionada-em-sp\/#article","isPartOf":{"@id":"https:\/\/psol50.org.br\/lei-que-cria-programa-de-prevencao-ao-suicidio-entre-jovens-de-autoria-do-psol-e-sancionada-em-sp\/"},"author":{"name":"Comunica\u00e7\u00e3o PSOL","@id":"https:\/\/psol50.org.br\/#\/schema\/person\/475dfa57d0b815993c714c2e96491fcd"},"headline":"Lei que cria programa de preven\u00e7\u00e3o ao suic\u00eddio entre jovens, de autoria do PSOL, \u00e9 sancionada em SP","datePublished":"2020-02-07T21:25:59+00:00","mainEntityOfPage":{"@id":"https:\/\/psol50.org.br\/lei-que-cria-programa-de-prevencao-ao-suicidio-entre-jovens-de-autoria-do-psol-e-sancionada-em-sp\/"},"wordCount":345,"publisher":{"@id":"https:\/\/psol50.org.br\/#organization"},"image":{"@id":"https:\/\/psol50.org.br\/lei-que-cria-programa-de-prevencao-ao-suicidio-entre-jovens-de-autoria-do-psol-e-sancionada-em-sp\/#primaryimage"},"thumbnailUrl":"https:\/\/psol50.org.br\/inc\/uploads\/2020\/02\/prevenccca7acc83o-do-suicicc81dio.jpg","keywords":["adolescentes","jovens","lei","PSOL","S\u00e3o Paulo","suic\u00eddio"],"articleSection":["Not\u00edcias"],"inLanguage":"pt-BR"},{"@type":"WebPage","@id":"https:\/\/psol50.org.br\/lei-que-cria-programa-de-prevencao-ao-suicidio-entre-jovens-de-autoria-do-psol-e-sancionada-em-sp\/","url":"https:\/\/psol50.org.br\/lei-que-cria-programa-de-prevencao-ao-suicidio-entre-jovens-de-autoria-do-psol-e-sancionada-em-sp\/","name":"Lei que cria programa de preven\u00e7\u00e3o ao suic\u00eddio entre jovens, de autoria do PSOL, \u00e9 sancionada em SP","isPartOf":{"@id":"https:\/\/psol50.org.br\/#website"},"primaryImageOfPage":{"@id":"https:\/\/psol50.org.br\/lei-que-cria-programa-de-prevencao-ao-suicidio-entre-jovens-de-autoria-do-psol-e-sancionada-em-sp\/#primaryimage"},"image":{"@id":"https:\/\/psol50.org.br\/lei-que-cria-programa-de-prevencao-ao-suicidio-entre-jovens-de-autoria-do-psol-e-sancionada-em-sp\/#primaryimage"},"thumbnailUrl":"https:\/\/psol50.org.br\/inc\/uploads\/2020\/02\/prevenccca7acc83o-do-suicicc81dio.jpg","datePublished":"2020-02-07T21:25:59+00:00","description":"A medida entra em vigor no pr\u00f3ximo dia 14 de fevereiro e foi proposta pela ent\u00e3o vereadora S\u00e2mia Bomfim, hoje deputada federal, e seu suplente Celso Giannazi, tamb\u00e9m do PSOL.","breadcrumb":{"@id":"https:\/\/psol50.org.br\/lei-que-cria-programa-de-prevencao-ao-suicidio-entre-jovens-de-autoria-do-psol-e-sancionada-em-sp\/#breadcrumb"},"inLanguage":"pt-BR","potentialAction":[{"@type":"ReadAction","target":["https:\/\/psol50.org.br\/lei-que-cria-programa-de-prevencao-ao-suicidio-entre-jovens-de-autoria-do-psol-e-sancionada-em-sp\/"]}]},{"@type":"ImageObject","inLanguage":"pt-BR","@id":"https:\/\/psol50.org.br\/lei-que-cria-programa-de-prevencao-ao-suicidio-entre-jovens-de-autoria-do-psol-e-sancionada-em-sp\/#primaryimage","url":"https:\/\/psol50.org.br\/inc\/uploads\/2020\/02\/prevenccca7acc83o-do-suicicc81dio.jpg","contentUrl":"https:\/\/psol50.org.br\/inc\/uploads\/2020\/02\/prevenccca7acc83o-do-suicicc81dio.jpg","width":680,"height":453},{"@type":"BreadcrumbList","@id":"https:\/\/psol50.org.br\/lei-que-cria-programa-de-prevencao-ao-suicidio-entre-jovens-de-autoria-do-psol-e-sancionada-em-sp\/#breadcrumb","itemListElement":[{"@type":"ListItem","position":1,"name":"In\u00edcio","item":"https:\/\/psol50.org.br\/"},{"@type":"ListItem","position":2,"name":"Lei que cria programa de preven\u00e7\u00e3o ao suic\u00eddio entre jovens, de autoria do PSOL, \u00e9 sancionada em SP"}]},{"@type":"WebSite","@id":"https:\/\/psol50.org.br\/#website","url":"https:\/\/psol50.org.br\/","name":"PSOL 50","description":"Site oficial do Partido Socialismo e Liberdade","publisher":{"@id":"https:\/\/psol50.org.br\/#organization"},"alternateName":"PSOL50","potentialAction":[{"@type":"SearchAction","target":{"@type":"EntryPoint","urlTemplate":"https:\/\/psol50.org.br\/?s={search_term_string}"},"query-input":{"@type":"PropertyValueSpecification","valueRequired":true,"valueName":"search_term_string"}}],"inLanguage":"pt-BR"},{"@type":"Organization","@id":"https:\/\/psol50.org.br\/#organization","name":"PSOL 50","alternateName":"PSOL 50","url":"https:\/\/psol50.org.br\/","logo":{"@type":"ImageObject","inLanguage":"pt-BR","@id":"https:\/\/psol50.org.br\/#\/schema\/logo\/image\/","url":"https:\/\/psol50.org.br\/inc\/uploads\/2018\/07\/capa.png","contentUrl":"https:\/\/psol50.org.br\/inc\/uploads\/2018\/07\/capa.png","width":1350,"height":900,"caption":"PSOL 50"},"image":{"@id":"https:\/\/psol50.org.br\/#\/schema\/logo\/image\/"},"sameAs":["https:\/\/www.facebook.com\/psol50","https:\/\/x.com\/psol50","https:\/\/www.instagram.com\/psol50\/","https:\/\/www.youtube.com\/channel\/UC7SnJS5o1os7a6CaiNabzcg"]},{"@type":"Person","@id":"https:\/\/psol50.org.br\/#\/schema\/person\/475dfa57d0b815993c714c2e96491fcd","name":"Comunica\u00e7\u00e3o PSOL","image":{"@type":"ImageObject","inLanguage":"pt-BR","@id":"https:\/\/psol50.org.br\/#\/schema\/person\/image\/","url":"https:\/\/secure.gravatar.com\/avatar\/b34fc4f4e468a4e51785917065a3db57b841f5c95dba6ad8c73aaf8f66f8f9bf?s=96&d=mm&r=g","contentUrl":"https:\/\/secure.gravatar.com\/avatar\/b34fc4f4e468a4e51785917065a3db57b841f5c95dba6ad8c73aaf8f66f8f9bf?s=96&d=mm&r=g","caption":"Comunica\u00e7\u00e3o PSOL"}}]}},"_links":{"self":[{"href":"https:\/\/psol50.org.br\/rest\/wp\/v2\/posts\/27490","targetHints":{"allow":["GET"]}}],"collection":[{"href":"https:\/\/psol50.org.br\/rest\/wp\/v2\/posts"}],"about":[{"href":"https:\/\/psol50.org.br\/rest\/wp\/v2\/types\/post"}],"author":[{"embeddable":true,"href":"https:\/\/psol50.org.br\/rest\/wp\/v2\/users\/2"}],"replies":[{"embeddable":true,"href":"https:\/\/psol50.org.br\/rest\/wp\/v2\/comments?post=27490"}],"version-history":[{"count":0,"href":"https:\/\/psol50.org.br\/rest\/wp\/v2\/posts\/27490\/revisions"}],"wp:featuredmedia":[{"embeddable":true,"href":"https:\/\/psol50.org.br\/rest\/wp\/v2\/media\/27491"}],"wp:attachment":[{"href":"https:\/\/psol50.org.br\/rest\/wp\/v2\/media?parent=27490"}],"wp:term":[{"taxonomy":"category","embeddable":true,"href":"https:\/\/psol50.org.br\/rest\/wp\/v2\/categories?post=27490"},{"taxonomy":"post_tag","embeddable":true,"href":"https:\/\/psol50.org.br\/rest\/wp\/v2\/tags?post=27490"}],"curies":[{"name":"wp","href":"https:\/\/api.w.org\/{rel}","templated":true}]}}