{"id":275,"date":"2012-09-15T00:00:00","date_gmt":"2012-09-15T00:00:00","guid":{"rendered":"http:\/\/psol50.org.br\/arquivo\/2012\/09\/15\/nota-do-psol-belem-em-defesa-da-verdade-e-de-uma-campanha-limpa\/"},"modified":"2012-09-15T00:00:00","modified_gmt":"2012-09-15T00:00:00","slug":"nota-do-psol-belem-em-defesa-da-verdade-e-de-uma-campanha-limpa","status":"publish","type":"post","link":"https:\/\/psol50.org.br\/nota-do-psol-belem-em-defesa-da-verdade-e-de-uma-campanha-limpa\/","title":{"rendered":"Nota do PSOL Bel\u00e9m: Em defesa da verdade e de uma campanha limpa"},"content":{"rendered":"<p>Com o objetivo de repor a verdade, a dire\u00e7\u00e3o municipal do Partido Socialismo e Liberdade (PSOL) de Bel\u00e9m, vem esclarecer que, diferente do que foi noticiado no dia de hoje, 14, pelos jornais O Liberal (\u201cMilitantes do PSOL e PSDB promovem pancadaria no final do debate\u201d, Caderno Poder, B7) e Amaz\u00f4nia (\u201cMilitantes de partidos trocam agress\u00f5es ap\u00f3s debate entre candidatos\u201d, Gerais, p\u00e1gina 11), os militantes do PSOL n\u00e3o participaram de qualquer situa\u00e7\u00e3o de confronto, em frente a TV RBA, na noite da \u00faltima quinta-feira, 13, ap\u00f3s o debate eleitoral. A participa\u00e7\u00e3o da milit\u00e2ncia do partido no referido debate transcorreu no mais absoluto clima de tranquilidade, sem registrar quaisquer incidentes com apoiadores de outras candidaturas.<\/p>\n<p>A simples observa\u00e7\u00e3o das logomarcas das bandeiras que est\u00e3o nas m\u00e3os dos militantes que aparecem nas pr\u00f3prias fotos divulgadas \u00e9 suficiente para atestar que os envolvidos nos supostos atos de viol\u00eancia s\u00e3o integrantes de outras legendas partid\u00e1rias.<\/p>\n<p>Al\u00e9m disso, destacamos que a tentativa de atribuir atos dessa natureza a militantes do PSOL \u2013 partido que lidera a coliga\u00e7\u00e3o que aparece em primeiro lugar nas pesquisas de inten\u00e7\u00f5es de voto para a Prefeitura de Bel\u00e9m \u2013 pode estar vinculada a um clima de \u201cvale tudo\u201d e de baixaria que se intensifica no atual est\u00e1gio da campanha eleitoral.<\/p>\n<p>Destacamos tamb\u00e9m que o setor jur\u00eddico do PSOL j\u00e1 est\u00e1 tomando as provid\u00eancias legais cab\u00edveis para interpelar judicialmente os policiais militares que s\u00e3o apontados nas mat\u00e9rias como fonte das informa\u00e7\u00f5es inver\u00eddicas.<\/p>\n<p>Atenciosamente,<\/p>\n<p>Araceli Maria Pereira Lemos<\/p>\n<p>Presidenta do Diret\u00f3rio Municipal do Partido Socialismo e Liberdade (PSOL) \u2013 Bel\u00e9m<\/p>\n<p><a href=\"http:\/\/psol50.org.br\/blog\/2012\/09\/15\/nota-do-psol-belem-em-defesa-da-verdade-e-de-uma-campanha-limpa\/pancadaria-psdb-552x800-2\/\" rel=\"attachment wp-att-16308\"><img loading=\"lazy\" decoding=\"async\" class=\"alignnone size-full wp-image-16308\" src=\"http:\/\/psol50.org.br\/files\/2012\/09\/pancadaria-psdb-552x8001.jpg\" alt=\"\" width=\"540\" height=\"784\" \/><\/a><\/p>\n<p>Fotos publicadas nos jornais \u201cO Liberal\u201d e \u201cAmaz\u00f4nia\u201d no dia 14 de setembro de 2012.<\/p>\n<p>Fonte:\u00a0<a href=\"http:\/\/edmilson50.com.br\/\">http:\/\/edmilson50.com.br<\/a><\/p>\n","protected":false},"excerpt":{"rendered":"<p>Com o objetivo de repor a verdade, a dire\u00e7\u00e3o municipal do Partido Socialismo e Liberdade (PSOL) de Bel\u00e9m, vem esclarecer que, diferente do que foi noticiado no dia de hoje, 14, pelos jornais O Liberal (\u201cMilitantes do PSOL e PSDB promovem pancadaria no final do debate\u201d, Caderno Poder, B7) e Amaz\u00f4nia (\u201cMilitantes de partidos trocam [&hellip;]<\/p>\n","protected":false},"author":2,"featured_media":0,"comment_status":"open","ping_status":"open","sticky":false,"template":"","format":"standard","meta":{"_acf_changed":false,"footnotes":""},"categories":[4766,4974],"tags":[4975,22],"class_list":{"0":"post-275","1":"post","2":"type-post","3":"status-publish","4":"format-standard","6":"category-arquivo","7":"category-eleicoes-2012","8":"tag-eleicoes-2012","9":"tag-psol"},"acf":[],"yoast_head":"<!-- This site is optimized with the Yoast SEO plugin v26.5 - https:\/\/yoast.com\/wordpress\/plugins\/seo\/ -->\n<title>Nota do PSOL Bel\u00e9m: Em defesa da verdade e de uma campanha limpa - PSOL 50<\/title>\n<meta name=\"robots\" content=\"index, follow, max-snippet:-1, max-image-preview:large, max-video-preview:-1\" \/>\n<link rel=\"canonical\" href=\"https:\/\/psol50.org.br\/nota-do-psol-belem-em-defesa-da-verdade-e-de-uma-campanha-limpa\/\" \/>\n<meta property=\"og:locale\" content=\"pt_BR\" \/>\n<meta property=\"og:type\" content=\"article\" \/>\n<meta property=\"og:title\" content=\"Nota do PSOL Bel\u00e9m: Em defesa da verdade e de uma campanha limpa - PSOL 50\" \/>\n<meta property=\"og:description\" content=\"Com o objetivo de repor a verdade, a dire\u00e7\u00e3o municipal do Partido Socialismo e Liberdade (PSOL) de Bel\u00e9m, vem esclarecer que, diferente do que foi noticiado no dia de hoje, 14, pelos jornais O Liberal (\u201cMilitantes do PSOL e PSDB promovem pancadaria no final do debate\u201d, Caderno Poder, B7) e Amaz\u00f4nia (\u201cMilitantes de partidos trocam [&hellip;]\" \/>\n<meta property=\"og:url\" content=\"https:\/\/psol50.org.br\/nota-do-psol-belem-em-defesa-da-verdade-e-de-uma-campanha-limpa\/\" \/>\n<meta property=\"og:site_name\" content=\"PSOL 50\" \/>\n<meta property=\"article:publisher\" content=\"https:\/\/www.facebook.com\/psol50\" \/>\n<meta property=\"article:published_time\" content=\"2012-09-15T00:00:00+00:00\" \/>\n<meta property=\"og:image\" content=\"http:\/\/psol50.org.br\/files\/2012\/09\/pancadaria-psdb-552x8001.jpg\" \/>\n<meta name=\"author\" content=\"Comunica\u00e7\u00e3o PSOL\" \/>\n<meta name=\"twitter:card\" content=\"summary_large_image\" \/>\n<meta name=\"twitter:creator\" content=\"@psol50\" \/>\n<meta name=\"twitter:site\" content=\"@psol50\" \/>\n<meta name=\"twitter:label1\" content=\"Escrito por\" \/>\n\t<meta name=\"twitter:data1\" content=\"Comunica\u00e7\u00e3o PSOL\" \/>\n\t<meta name=\"twitter:label2\" content=\"Est. tempo de leitura\" \/>\n\t<meta name=\"twitter:data2\" content=\"2 minutos\" \/>\n<script type=\"application\/ld+json\" class=\"yoast-schema-graph\">{\"@context\":\"https:\/\/schema.org\",\"@graph\":[{\"@type\":\"Article\",\"@id\":\"https:\/\/psol50.org.br\/nota-do-psol-belem-em-defesa-da-verdade-e-de-uma-campanha-limpa\/#article\",\"isPartOf\":{\"@id\":\"https:\/\/psol50.org.br\/nota-do-psol-belem-em-defesa-da-verdade-e-de-uma-campanha-limpa\/\"},\"author\":{\"name\":\"Comunica\u00e7\u00e3o PSOL\",\"@id\":\"https:\/\/psol50.org.br\/#\/schema\/person\/475dfa57d0b815993c714c2e96491fcd\"},\"headline\":\"Nota do PSOL Bel\u00e9m: Em defesa da verdade e de uma campanha limpa\",\"datePublished\":\"2012-09-15T00:00:00+00:00\",\"mainEntityOfPage\":{\"@id\":\"https:\/\/psol50.org.br\/nota-do-psol-belem-em-defesa-da-verdade-e-de-uma-campanha-limpa\/\"},\"wordCount\":317,\"commentCount\":0,\"publisher\":{\"@id\":\"https:\/\/psol50.org.br\/#organization\"},\"image\":{\"@id\":\"https:\/\/psol50.org.br\/nota-do-psol-belem-em-defesa-da-verdade-e-de-uma-campanha-limpa\/#primaryimage\"},\"thumbnailUrl\":\"http:\/\/psol50.org.br\/files\/2012\/09\/pancadaria-psdb-552x8001.jpg\",\"keywords\":[\"Elei\u00e7\u00f5es 2012\",\"PSOL\"],\"articleSection\":[\"Arquivo\",\"ELEI\u00c7\u00d5ES 2012\"],\"inLanguage\":\"pt-BR\",\"potentialAction\":[{\"@type\":\"CommentAction\",\"name\":\"Comment\",\"target\":[\"https:\/\/psol50.org.br\/nota-do-psol-belem-em-defesa-da-verdade-e-de-uma-campanha-limpa\/#respond\"]}]},{\"@type\":\"WebPage\",\"@id\":\"https:\/\/psol50.org.br\/nota-do-psol-belem-em-defesa-da-verdade-e-de-uma-campanha-limpa\/\",\"url\":\"https:\/\/psol50.org.br\/nota-do-psol-belem-em-defesa-da-verdade-e-de-uma-campanha-limpa\/\",\"name\":\"Nota do PSOL Bel\u00e9m: Em defesa da verdade e de uma campanha limpa - PSOL 50\",\"isPartOf\":{\"@id\":\"https:\/\/psol50.org.br\/#website\"},\"primaryImageOfPage\":{\"@id\":\"https:\/\/psol50.org.br\/nota-do-psol-belem-em-defesa-da-verdade-e-de-uma-campanha-limpa\/#primaryimage\"},\"image\":{\"@id\":\"https:\/\/psol50.org.br\/nota-do-psol-belem-em-defesa-da-verdade-e-de-uma-campanha-limpa\/#primaryimage\"},\"thumbnailUrl\":\"http:\/\/psol50.org.br\/files\/2012\/09\/pancadaria-psdb-552x8001.jpg\",\"datePublished\":\"2012-09-15T00:00:00+00:00\",\"breadcrumb\":{\"@id\":\"https:\/\/psol50.org.br\/nota-do-psol-belem-em-defesa-da-verdade-e-de-uma-campanha-limpa\/#breadcrumb\"},\"inLanguage\":\"pt-BR\",\"potentialAction\":[{\"@type\":\"ReadAction\",\"target\":[\"https:\/\/psol50.org.br\/nota-do-psol-belem-em-defesa-da-verdade-e-de-uma-campanha-limpa\/\"]}]},{\"@type\":\"ImageObject\",\"inLanguage\":\"pt-BR\",\"@id\":\"https:\/\/psol50.org.br\/nota-do-psol-belem-em-defesa-da-verdade-e-de-uma-campanha-limpa\/#primaryimage\",\"url\":\"http:\/\/psol50.org.br\/files\/2012\/09\/pancadaria-psdb-552x8001.jpg\",\"contentUrl\":\"http:\/\/psol50.org.br\/files\/2012\/09\/pancadaria-psdb-552x8001.jpg\"},{\"@type\":\"BreadcrumbList\",\"@id\":\"https:\/\/psol50.org.br\/nota-do-psol-belem-em-defesa-da-verdade-e-de-uma-campanha-limpa\/#breadcrumb\",\"itemListElement\":[{\"@type\":\"ListItem\",\"position\":1,\"name\":\"In\u00edcio\",\"item\":\"https:\/\/psol50.org.br\/\"},{\"@type\":\"ListItem\",\"position\":2,\"name\":\"Nota do PSOL Bel\u00e9m: Em defesa da verdade e de uma campanha limpa\"}]},{\"@type\":\"WebSite\",\"@id\":\"https:\/\/psol50.org.br\/#website\",\"url\":\"https:\/\/psol50.org.br\/\",\"name\":\"PSOL 50\",\"description\":\"Site oficial do Partido Socialismo e Liberdade\",\"publisher\":{\"@id\":\"https:\/\/psol50.org.br\/#organization\"},\"alternateName\":\"PSOL50\",\"potentialAction\":[{\"@type\":\"SearchAction\",\"target\":{\"@type\":\"EntryPoint\",\"urlTemplate\":\"https:\/\/psol50.org.br\/?s={search_term_string}\"},\"query-input\":{\"@type\":\"PropertyValueSpecification\",\"valueRequired\":true,\"valueName\":\"search_term_string\"}}],\"inLanguage\":\"pt-BR\"},{\"@type\":\"Organization\",\"@id\":\"https:\/\/psol50.org.br\/#organization\",\"name\":\"PSOL 50\",\"alternateName\":\"PSOL 50\",\"url\":\"https:\/\/psol50.org.br\/\",\"logo\":{\"@type\":\"ImageObject\",\"inLanguage\":\"pt-BR\",\"@id\":\"https:\/\/psol50.org.br\/#\/schema\/logo\/image\/\",\"url\":\"https:\/\/psol50.org.br\/inc\/uploads\/2018\/07\/capa.png\",\"contentUrl\":\"https:\/\/psol50.org.br\/inc\/uploads\/2018\/07\/capa.png\",\"width\":1350,\"height\":900,\"caption\":\"PSOL 50\"},\"image\":{\"@id\":\"https:\/\/psol50.org.br\/#\/schema\/logo\/image\/\"},\"sameAs\":[\"https:\/\/www.facebook.com\/psol50\",\"https:\/\/x.com\/psol50\",\"https:\/\/www.instagram.com\/psol50\/\",\"https:\/\/www.youtube.com\/channel\/UC7SnJS5o1os7a6CaiNabzcg\"]},{\"@type\":\"Person\",\"@id\":\"https:\/\/psol50.org.br\/#\/schema\/person\/475dfa57d0b815993c714c2e96491fcd\",\"name\":\"Comunica\u00e7\u00e3o PSOL\",\"image\":{\"@type\":\"ImageObject\",\"inLanguage\":\"pt-BR\",\"@id\":\"https:\/\/psol50.org.br\/#\/schema\/person\/image\/\",\"url\":\"https:\/\/secure.gravatar.com\/avatar\/b34fc4f4e468a4e51785917065a3db57b841f5c95dba6ad8c73aaf8f66f8f9bf?s=96&d=mm&r=g\",\"contentUrl\":\"https:\/\/secure.gravatar.com\/avatar\/b34fc4f4e468a4e51785917065a3db57b841f5c95dba6ad8c73aaf8f66f8f9bf?s=96&d=mm&r=g\",\"caption\":\"Comunica\u00e7\u00e3o PSOL\"}}]}<\/script>\n<!-- \/ Yoast SEO plugin. -->","yoast_head_json":{"title":"Nota do PSOL Bel\u00e9m: Em defesa da verdade e de uma campanha limpa - PSOL 50","robots":{"index":"index","follow":"follow","max-snippet":"max-snippet:-1","max-image-preview":"max-image-preview:large","max-video-preview":"max-video-preview:-1"},"canonical":"https:\/\/psol50.org.br\/nota-do-psol-belem-em-defesa-da-verdade-e-de-uma-campanha-limpa\/","og_locale":"pt_BR","og_type":"article","og_title":"Nota do PSOL Bel\u00e9m: Em defesa da verdade e de uma campanha limpa - PSOL 50","og_description":"Com o objetivo de repor a verdade, a dire\u00e7\u00e3o municipal do Partido Socialismo e Liberdade (PSOL) de Bel\u00e9m, vem esclarecer que, diferente do que foi noticiado no dia de hoje, 14, pelos jornais O Liberal (\u201cMilitantes do PSOL e PSDB promovem pancadaria no final do debate\u201d, Caderno Poder, B7) e Amaz\u00f4nia (\u201cMilitantes de partidos trocam [&hellip;]","og_url":"https:\/\/psol50.org.br\/nota-do-psol-belem-em-defesa-da-verdade-e-de-uma-campanha-limpa\/","og_site_name":"PSOL 50","article_publisher":"https:\/\/www.facebook.com\/psol50","article_published_time":"2012-09-15T00:00:00+00:00","og_image":[{"url":"http:\/\/psol50.org.br\/files\/2012\/09\/pancadaria-psdb-552x8001.jpg","type":"","width":"","height":""}],"author":"Comunica\u00e7\u00e3o PSOL","twitter_card":"summary_large_image","twitter_creator":"@psol50","twitter_site":"@psol50","twitter_misc":{"Escrito por":"Comunica\u00e7\u00e3o PSOL","Est. tempo de leitura":"2 minutos"},"schema":{"@context":"https:\/\/schema.org","@graph":[{"@type":"Article","@id":"https:\/\/psol50.org.br\/nota-do-psol-belem-em-defesa-da-verdade-e-de-uma-campanha-limpa\/#article","isPartOf":{"@id":"https:\/\/psol50.org.br\/nota-do-psol-belem-em-defesa-da-verdade-e-de-uma-campanha-limpa\/"},"author":{"name":"Comunica\u00e7\u00e3o PSOL","@id":"https:\/\/psol50.org.br\/#\/schema\/person\/475dfa57d0b815993c714c2e96491fcd"},"headline":"Nota do PSOL Bel\u00e9m: Em defesa da verdade e de uma campanha limpa","datePublished":"2012-09-15T00:00:00+00:00","mainEntityOfPage":{"@id":"https:\/\/psol50.org.br\/nota-do-psol-belem-em-defesa-da-verdade-e-de-uma-campanha-limpa\/"},"wordCount":317,"commentCount":0,"publisher":{"@id":"https:\/\/psol50.org.br\/#organization"},"image":{"@id":"https:\/\/psol50.org.br\/nota-do-psol-belem-em-defesa-da-verdade-e-de-uma-campanha-limpa\/#primaryimage"},"thumbnailUrl":"http:\/\/psol50.org.br\/files\/2012\/09\/pancadaria-psdb-552x8001.jpg","keywords":["Elei\u00e7\u00f5es 2012","PSOL"],"articleSection":["Arquivo","ELEI\u00c7\u00d5ES 2012"],"inLanguage":"pt-BR","potentialAction":[{"@type":"CommentAction","name":"Comment","target":["https:\/\/psol50.org.br\/nota-do-psol-belem-em-defesa-da-verdade-e-de-uma-campanha-limpa\/#respond"]}]},{"@type":"WebPage","@id":"https:\/\/psol50.org.br\/nota-do-psol-belem-em-defesa-da-verdade-e-de-uma-campanha-limpa\/","url":"https:\/\/psol50.org.br\/nota-do-psol-belem-em-defesa-da-verdade-e-de-uma-campanha-limpa\/","name":"Nota do PSOL Bel\u00e9m: Em defesa da verdade e de uma campanha limpa - PSOL 50","isPartOf":{"@id":"https:\/\/psol50.org.br\/#website"},"primaryImageOfPage":{"@id":"https:\/\/psol50.org.br\/nota-do-psol-belem-em-defesa-da-verdade-e-de-uma-campanha-limpa\/#primaryimage"},"image":{"@id":"https:\/\/psol50.org.br\/nota-do-psol-belem-em-defesa-da-verdade-e-de-uma-campanha-limpa\/#primaryimage"},"thumbnailUrl":"http:\/\/psol50.org.br\/files\/2012\/09\/pancadaria-psdb-552x8001.jpg","datePublished":"2012-09-15T00:00:00+00:00","breadcrumb":{"@id":"https:\/\/psol50.org.br\/nota-do-psol-belem-em-defesa-da-verdade-e-de-uma-campanha-limpa\/#breadcrumb"},"inLanguage":"pt-BR","potentialAction":[{"@type":"ReadAction","target":["https:\/\/psol50.org.br\/nota-do-psol-belem-em-defesa-da-verdade-e-de-uma-campanha-limpa\/"]}]},{"@type":"ImageObject","inLanguage":"pt-BR","@id":"https:\/\/psol50.org.br\/nota-do-psol-belem-em-defesa-da-verdade-e-de-uma-campanha-limpa\/#primaryimage","url":"http:\/\/psol50.org.br\/files\/2012\/09\/pancadaria-psdb-552x8001.jpg","contentUrl":"http:\/\/psol50.org.br\/files\/2012\/09\/pancadaria-psdb-552x8001.jpg"},{"@type":"BreadcrumbList","@id":"https:\/\/psol50.org.br\/nota-do-psol-belem-em-defesa-da-verdade-e-de-uma-campanha-limpa\/#breadcrumb","itemListElement":[{"@type":"ListItem","position":1,"name":"In\u00edcio","item":"https:\/\/psol50.org.br\/"},{"@type":"ListItem","position":2,"name":"Nota do PSOL Bel\u00e9m: Em defesa da verdade e de uma campanha limpa"}]},{"@type":"WebSite","@id":"https:\/\/psol50.org.br\/#website","url":"https:\/\/psol50.org.br\/","name":"PSOL 50","description":"Site oficial do Partido Socialismo e Liberdade","publisher":{"@id":"https:\/\/psol50.org.br\/#organization"},"alternateName":"PSOL50","potentialAction":[{"@type":"SearchAction","target":{"@type":"EntryPoint","urlTemplate":"https:\/\/psol50.org.br\/?s={search_term_string}"},"query-input":{"@type":"PropertyValueSpecification","valueRequired":true,"valueName":"search_term_string"}}],"inLanguage":"pt-BR"},{"@type":"Organization","@id":"https:\/\/psol50.org.br\/#organization","name":"PSOL 50","alternateName":"PSOL 50","url":"https:\/\/psol50.org.br\/","logo":{"@type":"ImageObject","inLanguage":"pt-BR","@id":"https:\/\/psol50.org.br\/#\/schema\/logo\/image\/","url":"https:\/\/psol50.org.br\/inc\/uploads\/2018\/07\/capa.png","contentUrl":"https:\/\/psol50.org.br\/inc\/uploads\/2018\/07\/capa.png","width":1350,"height":900,"caption":"PSOL 50"},"image":{"@id":"https:\/\/psol50.org.br\/#\/schema\/logo\/image\/"},"sameAs":["https:\/\/www.facebook.com\/psol50","https:\/\/x.com\/psol50","https:\/\/www.instagram.com\/psol50\/","https:\/\/www.youtube.com\/channel\/UC7SnJS5o1os7a6CaiNabzcg"]},{"@type":"Person","@id":"https:\/\/psol50.org.br\/#\/schema\/person\/475dfa57d0b815993c714c2e96491fcd","name":"Comunica\u00e7\u00e3o PSOL","image":{"@type":"ImageObject","inLanguage":"pt-BR","@id":"https:\/\/psol50.org.br\/#\/schema\/person\/image\/","url":"https:\/\/secure.gravatar.com\/avatar\/b34fc4f4e468a4e51785917065a3db57b841f5c95dba6ad8c73aaf8f66f8f9bf?s=96&d=mm&r=g","contentUrl":"https:\/\/secure.gravatar.com\/avatar\/b34fc4f4e468a4e51785917065a3db57b841f5c95dba6ad8c73aaf8f66f8f9bf?s=96&d=mm&r=g","caption":"Comunica\u00e7\u00e3o PSOL"}}]}},"_links":{"self":[{"href":"https:\/\/psol50.org.br\/rest\/wp\/v2\/posts\/275","targetHints":{"allow":["GET"]}}],"collection":[{"href":"https:\/\/psol50.org.br\/rest\/wp\/v2\/posts"}],"about":[{"href":"https:\/\/psol50.org.br\/rest\/wp\/v2\/types\/post"}],"author":[{"embeddable":true,"href":"https:\/\/psol50.org.br\/rest\/wp\/v2\/users\/2"}],"replies":[{"embeddable":true,"href":"https:\/\/psol50.org.br\/rest\/wp\/v2\/comments?post=275"}],"version-history":[{"count":0,"href":"https:\/\/psol50.org.br\/rest\/wp\/v2\/posts\/275\/revisions"}],"wp:attachment":[{"href":"https:\/\/psol50.org.br\/rest\/wp\/v2\/media?parent=275"}],"wp:term":[{"taxonomy":"category","embeddable":true,"href":"https:\/\/psol50.org.br\/rest\/wp\/v2\/categories?post=275"},{"taxonomy":"post_tag","embeddable":true,"href":"https:\/\/psol50.org.br\/rest\/wp\/v2\/tags?post=275"}],"curies":[{"name":"wp","href":"https:\/\/api.w.org\/{rel}","templated":true}]}}