{"id":27513,"date":"2020-02-11T17:11:40","date_gmt":"2020-02-11T20:11:40","guid":{"rendered":"https:\/\/psol50.org.br\/?p=27513"},"modified":"2020-02-11T17:11:40","modified_gmt":"2020-02-11T20:11:40","slug":"psol-vai-entrar-com-acao-contra-flavio-bolsonaro-no-conselho-de-etica-do-senado","status":"publish","type":"post","link":"https:\/\/psol50.org.br\/psol-vai-entrar-com-acao-contra-flavio-bolsonaro-no-conselho-de-etica-do-senado\/","title":{"rendered":"PSOL vai entrar com a\u00e7\u00e3o contra Fl\u00e1vio Bolsonaro no Conselho de \u00c9tica do Senado"},"content":{"rendered":"<p>O Partido Socialismo e Liberdade (PSOL) vai entrar com uma representa\u00e7\u00e3o no Conselho de \u00c9tica do Senado Federal nesta semana contra Fl\u00e1vio Bolsonaro por quebra de decoro. A a\u00e7\u00e3o \u00e9 motivada pelas graves den\u00fancias de &#8220;rachadinha&#8221; no gabinete do ent\u00e3o deputado estadual do Rio de Janeiro, em esquema organizado pelo pol\u00eamico Fabr\u00edcio Queiroz, que chegou a depositar R$ 24 mil em dinheiro vivo na conta da primeira-dama Michelle Bolsonaro.<\/p>\n<p>A rela\u00e7\u00e3o do filho &#8220;zero um&#8221; com o ex-militar Adriano da N\u00f3brega, assassinado recentemente na Bahia, tamb\u00e9m deve ser investigada e sustenta a representa\u00e7\u00e3o.<\/p>\n<p class=\"p1\">Em reportagem exibida ontem pela Rede Globo, novas informa\u00e7\u00f5es tornam inadi\u00e1vel a a\u00e7\u00e3o do PSOL. Segundo o que foi apresentado pelo Jornal Nacional, entre diversas outras conex\u00f5es entre Flavio Bolsonaro e os dois ex-militares, a m\u00e3e de Adriano e a ex-mulher dele receberam de R$ 1 milh\u00e3o em sal\u00e1rios, mas n\u00e3o apareciam para trabalhar. Deste total, R$ 200 mil foram transferidos para contas de Fabr\u00edcio Queiroz. Outros R$ 200 mil foram sacados em dinheiro vivo.<\/p>\n<p class=\"p1\">O Minist\u00e9rio P\u00fablico do Rio de Janeiro acredita que essa quantia foi repassada em m\u00e3os para o esquema de rachadinhas da Assembleia Legislativa do Rio de Janeiro e serviu para financiar o chefe do Escrit\u00f3rio do Crime.<\/p>\n<p>Nas mensagens em grupos de Telegram mandados por integrantes da Opera\u00e7\u00e3o Lava Jato em 2018, quando as den\u00fancias robustas sobre a &#8220;rachadinha&#8221; vieram \u00e0 tona, a avalia\u00e7\u00e3o de Deltan Dallagnol e os procuradores estava cristalizada:\u00a0 \u201cE\u0301 o\u0301bvio o que aconteceu. E agora, Jose\u0301?\u201d; \u201cMoro deve aguardar a apurac\u0327a\u0303o e ver quem sera\u0301 implicado. Filho certamente. O problema e\u0301: o pai vai deixar? Ou pior, e se o pai estiver implicado, o que pode indicar o rolo dos empre\u0301stimos?\u201d; \u201cSeja como for, o presidente na\u0303o vai afastar o filho. E se isso tudo acontecer antes de aparecer vaga no Supremo?\u201d<\/p>\n<p>O Minist\u00e9rio P\u00fablico do Rio de Janeiro (MP-RJ) tamb\u00e9m aponta que, atrav\u00e9s dos crimes de falsidade ideol\u00f3gica e lavagem de dinheiro, o hoje senador enriquece exponencialmente. Em 2015, Fl\u00e1vio Bolsonaro abriu uma loja de chocolates no Rio de Janeiro em 2015, quando sua renda come\u00e7ou a crescer de forma muita r\u00e1pida.<\/p>\n<p>Na eleic\u0327a\u0303o de 2006, ele havia declarado 385 mil em bens. Na de 2010, 690 mil. Na de 2014, 714 mil. Nas duas seguintes, ja\u0301 um vendedor chocolates, tinha se tornado miliona\u0301rio: 1,4 milha\u0303o em 2016 e 1,7 milha\u0303o, em 2018.<\/p>\n<p>O pedido do PSOL \u00e9 assinado pelo presidente do partido, Juliano Medeiros, e pela l\u00edder da bancada do partido na C\u00e2mara dos Deputados, Fernanda Melchionna, e ser\u00e1 avaliado pelo Conselho de \u00c9tica do Senado. A san\u00e7\u00e3o m\u00e1xima ao filho &#8220;zero um&#8221; do presidente Jair Bolsonaro pode ser a cassa\u00e7\u00e3o de seu mandato no Congresso Nacional.<\/p>\n","protected":false},"excerpt":{"rendered":"<p>O Partido Socialismo e Liberdade (PSOL) vai entrar com uma representa\u00e7\u00e3o no Conselho de \u00c9tica do Senado Federal nesta semana contra Fl\u00e1vio Bolsonaro por quebra de decoro. A a\u00e7\u00e3o \u00e9 motivada pelas graves den\u00fancias de &#8220;rachadinha&#8221; no gabinete do ent\u00e3o deputado estadual do Rio de Janeiro, em esquema organizado pelo pol\u00eamico Fabr\u00edcio Queiroz, que chegou [&hellip;]<\/p>\n","protected":false},"author":2,"featured_media":27515,"comment_status":"closed","ping_status":"open","sticky":false,"template":"","format":"standard","meta":{"_acf_changed":false,"footnotes":""},"categories":[6,14],"tags":[248,56,174,249,22,250,251],"class_list":{"0":"post-27513","1":"post","2":"type-post","3":"status-publish","4":"format-standard","5":"has-post-thumbnail","7":"category-noticias","8":"category-partido","9":"tag-adriano-de-nobrega","10":"tag-bolsonaro","11":"tag-escritorio-do-crime","12":"tag-flavio","13":"tag-psol","14":"tag-queiroz","15":"tag-rachadinha"},"acf":[],"yoast_head":"<!-- This site is optimized with the Yoast SEO plugin v26.5 - https:\/\/yoast.com\/wordpress\/plugins\/seo\/ -->\n<title>PSOL vai entrar com a\u00e7\u00e3o contra Fl\u00e1vio Bolsonaro no Conselho de \u00c9tica do Senado<\/title>\n<meta name=\"description\" content=\"Graves den\u00fancias de &quot;rachadinha&quot; no gabinete do &quot;zero um&quot;, com participa\u00e7\u00e3o de Fabr\u00edcio Queiroz e o rec\u00e9m-assassinado Adriano de N\u00f3brega, motivam a a\u00e7\u00e3o.\" \/>\n<meta name=\"robots\" content=\"index, follow, max-snippet:-1, max-image-preview:large, max-video-preview:-1\" \/>\n<link rel=\"canonical\" href=\"https:\/\/psol50.org.br\/psol-vai-entrar-com-acao-contra-flavio-bolsonaro-no-conselho-de-etica-do-senado\/\" \/>\n<meta property=\"og:locale\" content=\"pt_BR\" \/>\n<meta property=\"og:type\" content=\"article\" \/>\n<meta property=\"og:title\" content=\"PSOL vai entrar com a\u00e7\u00e3o contra Fl\u00e1vio Bolsonaro no Conselho de \u00c9tica do Senado\" \/>\n<meta property=\"og:description\" content=\"Graves den\u00fancias de &quot;rachadinha&quot; no gabinete do &quot;zero um&quot;, com participa\u00e7\u00e3o de Fabr\u00edcio Queiroz e o rec\u00e9m-assassinado Adriano de N\u00f3brega, motivam a a\u00e7\u00e3o.\" \/>\n<meta property=\"og:url\" content=\"https:\/\/psol50.org.br\/psol-vai-entrar-com-acao-contra-flavio-bolsonaro-no-conselho-de-etica-do-senado\/\" \/>\n<meta property=\"og:site_name\" content=\"PSOL 50\" \/>\n<meta property=\"article:publisher\" content=\"https:\/\/www.facebook.com\/psol50\" \/>\n<meta property=\"article:published_time\" content=\"2020-02-11T20:11:40+00:00\" \/>\n<meta property=\"og:image\" content=\"https:\/\/psol50.org.br\/inc\/uploads\/2020\/02\/xqueiroz-bolsonaro.jpg.png.pagespeed.ic_.NJ7W42ZFDy.jpg\" \/>\n\t<meta property=\"og:image:width\" content=\"1086\" \/>\n\t<meta property=\"og:image:height\" content=\"652\" \/>\n\t<meta property=\"og:image:type\" content=\"image\/jpeg\" \/>\n<meta name=\"author\" content=\"Comunica\u00e7\u00e3o PSOL\" \/>\n<meta name=\"twitter:card\" content=\"summary_large_image\" \/>\n<meta name=\"twitter:title\" content=\"PSOL vai entrar com a\u00e7\u00e3o contra Fl\u00e1vio Bolsonaro no Conselho de \u00c9tica do Senado\" \/>\n<meta name=\"twitter:description\" content=\"Graves den\u00fancias de &quot;rachadinha&quot; no gabinete do &quot;zero um&quot;, com participa\u00e7\u00e3o de Fabr\u00edcio Queiroz e o rec\u00e9m-assassinado Adriano de N\u00f3brega, motivam a a\u00e7\u00e3o.\" \/>\n<meta name=\"twitter:image\" content=\"https:\/\/psol50.org.br\/inc\/uploads\/2020\/02\/xqueiroz-bolsonaro.jpg.png.pagespeed.ic_.NJ7W42ZFDy.jpg\" \/>\n<meta name=\"twitter:creator\" content=\"@psol50\" \/>\n<meta name=\"twitter:site\" content=\"@psol50\" \/>\n<meta name=\"twitter:label1\" content=\"Escrito por\" \/>\n\t<meta name=\"twitter:data1\" content=\"Comunica\u00e7\u00e3o PSOL\" \/>\n\t<meta name=\"twitter:label2\" content=\"Est. tempo de leitura\" \/>\n\t<meta name=\"twitter:data2\" content=\"2 minutos\" \/>\n<script type=\"application\/ld+json\" class=\"yoast-schema-graph\">{\"@context\":\"https:\/\/schema.org\",\"@graph\":[{\"@type\":\"Article\",\"@id\":\"https:\/\/psol50.org.br\/psol-vai-entrar-com-acao-contra-flavio-bolsonaro-no-conselho-de-etica-do-senado\/#article\",\"isPartOf\":{\"@id\":\"https:\/\/psol50.org.br\/psol-vai-entrar-com-acao-contra-flavio-bolsonaro-no-conselho-de-etica-do-senado\/\"},\"author\":{\"name\":\"Comunica\u00e7\u00e3o PSOL\",\"@id\":\"https:\/\/psol50.org.br\/#\/schema\/person\/475dfa57d0b815993c714c2e96491fcd\"},\"headline\":\"PSOL vai entrar com a\u00e7\u00e3o contra Fl\u00e1vio Bolsonaro no Conselho de \u00c9tica do Senado\",\"datePublished\":\"2020-02-11T20:11:40+00:00\",\"mainEntityOfPage\":{\"@id\":\"https:\/\/psol50.org.br\/psol-vai-entrar-com-acao-contra-flavio-bolsonaro-no-conselho-de-etica-do-senado\/\"},\"wordCount\":497,\"publisher\":{\"@id\":\"https:\/\/psol50.org.br\/#organization\"},\"image\":{\"@id\":\"https:\/\/psol50.org.br\/psol-vai-entrar-com-acao-contra-flavio-bolsonaro-no-conselho-de-etica-do-senado\/#primaryimage\"},\"thumbnailUrl\":\"https:\/\/psol50.org.br\/inc\/uploads\/2020\/02\/xqueiroz-bolsonaro.jpg.png.pagespeed.ic_.NJ7W42ZFDy.jpg\",\"keywords\":[\"adriano de n\u00f3brega\",\"Bolsonaro\",\"escrit\u00f3rio do crime\",\"fl\u00e1vio\",\"PSOL\",\"Queiroz\",\"rachadinha\"],\"articleSection\":[\"Not\u00edcias\",\"Partido\"],\"inLanguage\":\"pt-BR\"},{\"@type\":\"WebPage\",\"@id\":\"https:\/\/psol50.org.br\/psol-vai-entrar-com-acao-contra-flavio-bolsonaro-no-conselho-de-etica-do-senado\/\",\"url\":\"https:\/\/psol50.org.br\/psol-vai-entrar-com-acao-contra-flavio-bolsonaro-no-conselho-de-etica-do-senado\/\",\"name\":\"PSOL vai entrar com a\u00e7\u00e3o contra Fl\u00e1vio Bolsonaro no Conselho de \u00c9tica do Senado\",\"isPartOf\":{\"@id\":\"https:\/\/psol50.org.br\/#website\"},\"primaryImageOfPage\":{\"@id\":\"https:\/\/psol50.org.br\/psol-vai-entrar-com-acao-contra-flavio-bolsonaro-no-conselho-de-etica-do-senado\/#primaryimage\"},\"image\":{\"@id\":\"https:\/\/psol50.org.br\/psol-vai-entrar-com-acao-contra-flavio-bolsonaro-no-conselho-de-etica-do-senado\/#primaryimage\"},\"thumbnailUrl\":\"https:\/\/psol50.org.br\/inc\/uploads\/2020\/02\/xqueiroz-bolsonaro.jpg.png.pagespeed.ic_.NJ7W42ZFDy.jpg\",\"datePublished\":\"2020-02-11T20:11:40+00:00\",\"description\":\"Graves den\u00fancias de \\\"rachadinha\\\" no gabinete do \\\"zero um\\\", com participa\u00e7\u00e3o de Fabr\u00edcio Queiroz e o rec\u00e9m-assassinado Adriano de N\u00f3brega, motivam a a\u00e7\u00e3o.\",\"breadcrumb\":{\"@id\":\"https:\/\/psol50.org.br\/psol-vai-entrar-com-acao-contra-flavio-bolsonaro-no-conselho-de-etica-do-senado\/#breadcrumb\"},\"inLanguage\":\"pt-BR\",\"potentialAction\":[{\"@type\":\"ReadAction\",\"target\":[\"https:\/\/psol50.org.br\/psol-vai-entrar-com-acao-contra-flavio-bolsonaro-no-conselho-de-etica-do-senado\/\"]}]},{\"@type\":\"ImageObject\",\"inLanguage\":\"pt-BR\",\"@id\":\"https:\/\/psol50.org.br\/psol-vai-entrar-com-acao-contra-flavio-bolsonaro-no-conselho-de-etica-do-senado\/#primaryimage\",\"url\":\"https:\/\/psol50.org.br\/inc\/uploads\/2020\/02\/xqueiroz-bolsonaro.jpg.png.pagespeed.ic_.NJ7W42ZFDy.jpg\",\"contentUrl\":\"https:\/\/psol50.org.br\/inc\/uploads\/2020\/02\/xqueiroz-bolsonaro.jpg.png.pagespeed.ic_.NJ7W42ZFDy.jpg\",\"width\":1086,\"height\":652,\"caption\":\"Foto: Reprodu\u00e7\u00e3o\"},{\"@type\":\"BreadcrumbList\",\"@id\":\"https:\/\/psol50.org.br\/psol-vai-entrar-com-acao-contra-flavio-bolsonaro-no-conselho-de-etica-do-senado\/#breadcrumb\",\"itemListElement\":[{\"@type\":\"ListItem\",\"position\":1,\"name\":\"In\u00edcio\",\"item\":\"https:\/\/psol50.org.br\/\"},{\"@type\":\"ListItem\",\"position\":2,\"name\":\"PSOL vai entrar com a\u00e7\u00e3o contra Fl\u00e1vio Bolsonaro no Conselho de \u00c9tica do Senado\"}]},{\"@type\":\"WebSite\",\"@id\":\"https:\/\/psol50.org.br\/#website\",\"url\":\"https:\/\/psol50.org.br\/\",\"name\":\"PSOL 50\",\"description\":\"Site oficial do Partido Socialismo e Liberdade\",\"publisher\":{\"@id\":\"https:\/\/psol50.org.br\/#organization\"},\"alternateName\":\"PSOL50\",\"potentialAction\":[{\"@type\":\"SearchAction\",\"target\":{\"@type\":\"EntryPoint\",\"urlTemplate\":\"https:\/\/psol50.org.br\/?s={search_term_string}\"},\"query-input\":{\"@type\":\"PropertyValueSpecification\",\"valueRequired\":true,\"valueName\":\"search_term_string\"}}],\"inLanguage\":\"pt-BR\"},{\"@type\":\"Organization\",\"@id\":\"https:\/\/psol50.org.br\/#organization\",\"name\":\"PSOL 50\",\"alternateName\":\"PSOL 50\",\"url\":\"https:\/\/psol50.org.br\/\",\"logo\":{\"@type\":\"ImageObject\",\"inLanguage\":\"pt-BR\",\"@id\":\"https:\/\/psol50.org.br\/#\/schema\/logo\/image\/\",\"url\":\"https:\/\/psol50.org.br\/inc\/uploads\/2018\/07\/capa.png\",\"contentUrl\":\"https:\/\/psol50.org.br\/inc\/uploads\/2018\/07\/capa.png\",\"width\":1350,\"height\":900,\"caption\":\"PSOL 50\"},\"image\":{\"@id\":\"https:\/\/psol50.org.br\/#\/schema\/logo\/image\/\"},\"sameAs\":[\"https:\/\/www.facebook.com\/psol50\",\"https:\/\/x.com\/psol50\",\"https:\/\/www.instagram.com\/psol50\/\",\"https:\/\/www.youtube.com\/channel\/UC7SnJS5o1os7a6CaiNabzcg\"]},{\"@type\":\"Person\",\"@id\":\"https:\/\/psol50.org.br\/#\/schema\/person\/475dfa57d0b815993c714c2e96491fcd\",\"name\":\"Comunica\u00e7\u00e3o PSOL\",\"image\":{\"@type\":\"ImageObject\",\"inLanguage\":\"pt-BR\",\"@id\":\"https:\/\/psol50.org.br\/#\/schema\/person\/image\/\",\"url\":\"https:\/\/secure.gravatar.com\/avatar\/b34fc4f4e468a4e51785917065a3db57b841f5c95dba6ad8c73aaf8f66f8f9bf?s=96&d=mm&r=g\",\"contentUrl\":\"https:\/\/secure.gravatar.com\/avatar\/b34fc4f4e468a4e51785917065a3db57b841f5c95dba6ad8c73aaf8f66f8f9bf?s=96&d=mm&r=g\",\"caption\":\"Comunica\u00e7\u00e3o PSOL\"}}]}<\/script>\n<!-- \/ Yoast SEO plugin. -->","yoast_head_json":{"title":"PSOL vai entrar com a\u00e7\u00e3o contra Fl\u00e1vio Bolsonaro no Conselho de \u00c9tica do Senado","description":"Graves den\u00fancias de \"rachadinha\" no gabinete do \"zero um\", com participa\u00e7\u00e3o de Fabr\u00edcio Queiroz e o rec\u00e9m-assassinado Adriano de N\u00f3brega, motivam a a\u00e7\u00e3o.","robots":{"index":"index","follow":"follow","max-snippet":"max-snippet:-1","max-image-preview":"max-image-preview:large","max-video-preview":"max-video-preview:-1"},"canonical":"https:\/\/psol50.org.br\/psol-vai-entrar-com-acao-contra-flavio-bolsonaro-no-conselho-de-etica-do-senado\/","og_locale":"pt_BR","og_type":"article","og_title":"PSOL vai entrar com a\u00e7\u00e3o contra Fl\u00e1vio Bolsonaro no Conselho de \u00c9tica do Senado","og_description":"Graves den\u00fancias de \"rachadinha\" no gabinete do \"zero um\", com participa\u00e7\u00e3o de Fabr\u00edcio Queiroz e o rec\u00e9m-assassinado Adriano de N\u00f3brega, motivam a a\u00e7\u00e3o.","og_url":"https:\/\/psol50.org.br\/psol-vai-entrar-com-acao-contra-flavio-bolsonaro-no-conselho-de-etica-do-senado\/","og_site_name":"PSOL 50","article_publisher":"https:\/\/www.facebook.com\/psol50","article_published_time":"2020-02-11T20:11:40+00:00","og_image":[{"width":1086,"height":652,"url":"https:\/\/psol50.org.br\/inc\/uploads\/2020\/02\/xqueiroz-bolsonaro.jpg.png.pagespeed.ic_.NJ7W42ZFDy.jpg","type":"image\/jpeg"}],"author":"Comunica\u00e7\u00e3o PSOL","twitter_card":"summary_large_image","twitter_title":"PSOL vai entrar com a\u00e7\u00e3o contra Fl\u00e1vio Bolsonaro no Conselho de \u00c9tica do Senado","twitter_description":"Graves den\u00fancias de \"rachadinha\" no gabinete do \"zero um\", com participa\u00e7\u00e3o de Fabr\u00edcio Queiroz e o rec\u00e9m-assassinado Adriano de N\u00f3brega, motivam a a\u00e7\u00e3o.","twitter_image":"https:\/\/psol50.org.br\/inc\/uploads\/2020\/02\/xqueiroz-bolsonaro.jpg.png.pagespeed.ic_.NJ7W42ZFDy.jpg","twitter_creator":"@psol50","twitter_site":"@psol50","twitter_misc":{"Escrito por":"Comunica\u00e7\u00e3o PSOL","Est. tempo de leitura":"2 minutos"},"schema":{"@context":"https:\/\/schema.org","@graph":[{"@type":"Article","@id":"https:\/\/psol50.org.br\/psol-vai-entrar-com-acao-contra-flavio-bolsonaro-no-conselho-de-etica-do-senado\/#article","isPartOf":{"@id":"https:\/\/psol50.org.br\/psol-vai-entrar-com-acao-contra-flavio-bolsonaro-no-conselho-de-etica-do-senado\/"},"author":{"name":"Comunica\u00e7\u00e3o PSOL","@id":"https:\/\/psol50.org.br\/#\/schema\/person\/475dfa57d0b815993c714c2e96491fcd"},"headline":"PSOL vai entrar com a\u00e7\u00e3o contra Fl\u00e1vio Bolsonaro no Conselho de \u00c9tica do Senado","datePublished":"2020-02-11T20:11:40+00:00","mainEntityOfPage":{"@id":"https:\/\/psol50.org.br\/psol-vai-entrar-com-acao-contra-flavio-bolsonaro-no-conselho-de-etica-do-senado\/"},"wordCount":497,"publisher":{"@id":"https:\/\/psol50.org.br\/#organization"},"image":{"@id":"https:\/\/psol50.org.br\/psol-vai-entrar-com-acao-contra-flavio-bolsonaro-no-conselho-de-etica-do-senado\/#primaryimage"},"thumbnailUrl":"https:\/\/psol50.org.br\/inc\/uploads\/2020\/02\/xqueiroz-bolsonaro.jpg.png.pagespeed.ic_.NJ7W42ZFDy.jpg","keywords":["adriano de n\u00f3brega","Bolsonaro","escrit\u00f3rio do crime","fl\u00e1vio","PSOL","Queiroz","rachadinha"],"articleSection":["Not\u00edcias","Partido"],"inLanguage":"pt-BR"},{"@type":"WebPage","@id":"https:\/\/psol50.org.br\/psol-vai-entrar-com-acao-contra-flavio-bolsonaro-no-conselho-de-etica-do-senado\/","url":"https:\/\/psol50.org.br\/psol-vai-entrar-com-acao-contra-flavio-bolsonaro-no-conselho-de-etica-do-senado\/","name":"PSOL vai entrar com a\u00e7\u00e3o contra Fl\u00e1vio Bolsonaro no Conselho de \u00c9tica do Senado","isPartOf":{"@id":"https:\/\/psol50.org.br\/#website"},"primaryImageOfPage":{"@id":"https:\/\/psol50.org.br\/psol-vai-entrar-com-acao-contra-flavio-bolsonaro-no-conselho-de-etica-do-senado\/#primaryimage"},"image":{"@id":"https:\/\/psol50.org.br\/psol-vai-entrar-com-acao-contra-flavio-bolsonaro-no-conselho-de-etica-do-senado\/#primaryimage"},"thumbnailUrl":"https:\/\/psol50.org.br\/inc\/uploads\/2020\/02\/xqueiroz-bolsonaro.jpg.png.pagespeed.ic_.NJ7W42ZFDy.jpg","datePublished":"2020-02-11T20:11:40+00:00","description":"Graves den\u00fancias de \"rachadinha\" no gabinete do \"zero um\", com participa\u00e7\u00e3o de Fabr\u00edcio Queiroz e o rec\u00e9m-assassinado Adriano de N\u00f3brega, motivam a a\u00e7\u00e3o.","breadcrumb":{"@id":"https:\/\/psol50.org.br\/psol-vai-entrar-com-acao-contra-flavio-bolsonaro-no-conselho-de-etica-do-senado\/#breadcrumb"},"inLanguage":"pt-BR","potentialAction":[{"@type":"ReadAction","target":["https:\/\/psol50.org.br\/psol-vai-entrar-com-acao-contra-flavio-bolsonaro-no-conselho-de-etica-do-senado\/"]}]},{"@type":"ImageObject","inLanguage":"pt-BR","@id":"https:\/\/psol50.org.br\/psol-vai-entrar-com-acao-contra-flavio-bolsonaro-no-conselho-de-etica-do-senado\/#primaryimage","url":"https:\/\/psol50.org.br\/inc\/uploads\/2020\/02\/xqueiroz-bolsonaro.jpg.png.pagespeed.ic_.NJ7W42ZFDy.jpg","contentUrl":"https:\/\/psol50.org.br\/inc\/uploads\/2020\/02\/xqueiroz-bolsonaro.jpg.png.pagespeed.ic_.NJ7W42ZFDy.jpg","width":1086,"height":652,"caption":"Foto: Reprodu\u00e7\u00e3o"},{"@type":"BreadcrumbList","@id":"https:\/\/psol50.org.br\/psol-vai-entrar-com-acao-contra-flavio-bolsonaro-no-conselho-de-etica-do-senado\/#breadcrumb","itemListElement":[{"@type":"ListItem","position":1,"name":"In\u00edcio","item":"https:\/\/psol50.org.br\/"},{"@type":"ListItem","position":2,"name":"PSOL vai entrar com a\u00e7\u00e3o contra Fl\u00e1vio Bolsonaro no Conselho de \u00c9tica do Senado"}]},{"@type":"WebSite","@id":"https:\/\/psol50.org.br\/#website","url":"https:\/\/psol50.org.br\/","name":"PSOL 50","description":"Site oficial do Partido Socialismo e Liberdade","publisher":{"@id":"https:\/\/psol50.org.br\/#organization"},"alternateName":"PSOL50","potentialAction":[{"@type":"SearchAction","target":{"@type":"EntryPoint","urlTemplate":"https:\/\/psol50.org.br\/?s={search_term_string}"},"query-input":{"@type":"PropertyValueSpecification","valueRequired":true,"valueName":"search_term_string"}}],"inLanguage":"pt-BR"},{"@type":"Organization","@id":"https:\/\/psol50.org.br\/#organization","name":"PSOL 50","alternateName":"PSOL 50","url":"https:\/\/psol50.org.br\/","logo":{"@type":"ImageObject","inLanguage":"pt-BR","@id":"https:\/\/psol50.org.br\/#\/schema\/logo\/image\/","url":"https:\/\/psol50.org.br\/inc\/uploads\/2018\/07\/capa.png","contentUrl":"https:\/\/psol50.org.br\/inc\/uploads\/2018\/07\/capa.png","width":1350,"height":900,"caption":"PSOL 50"},"image":{"@id":"https:\/\/psol50.org.br\/#\/schema\/logo\/image\/"},"sameAs":["https:\/\/www.facebook.com\/psol50","https:\/\/x.com\/psol50","https:\/\/www.instagram.com\/psol50\/","https:\/\/www.youtube.com\/channel\/UC7SnJS5o1os7a6CaiNabzcg"]},{"@type":"Person","@id":"https:\/\/psol50.org.br\/#\/schema\/person\/475dfa57d0b815993c714c2e96491fcd","name":"Comunica\u00e7\u00e3o PSOL","image":{"@type":"ImageObject","inLanguage":"pt-BR","@id":"https:\/\/psol50.org.br\/#\/schema\/person\/image\/","url":"https:\/\/secure.gravatar.com\/avatar\/b34fc4f4e468a4e51785917065a3db57b841f5c95dba6ad8c73aaf8f66f8f9bf?s=96&d=mm&r=g","contentUrl":"https:\/\/secure.gravatar.com\/avatar\/b34fc4f4e468a4e51785917065a3db57b841f5c95dba6ad8c73aaf8f66f8f9bf?s=96&d=mm&r=g","caption":"Comunica\u00e7\u00e3o PSOL"}}]}},"_links":{"self":[{"href":"https:\/\/psol50.org.br\/rest\/wp\/v2\/posts\/27513","targetHints":{"allow":["GET"]}}],"collection":[{"href":"https:\/\/psol50.org.br\/rest\/wp\/v2\/posts"}],"about":[{"href":"https:\/\/psol50.org.br\/rest\/wp\/v2\/types\/post"}],"author":[{"embeddable":true,"href":"https:\/\/psol50.org.br\/rest\/wp\/v2\/users\/2"}],"replies":[{"embeddable":true,"href":"https:\/\/psol50.org.br\/rest\/wp\/v2\/comments?post=27513"}],"version-history":[{"count":0,"href":"https:\/\/psol50.org.br\/rest\/wp\/v2\/posts\/27513\/revisions"}],"wp:featuredmedia":[{"embeddable":true,"href":"https:\/\/psol50.org.br\/rest\/wp\/v2\/media\/27515"}],"wp:attachment":[{"href":"https:\/\/psol50.org.br\/rest\/wp\/v2\/media?parent=27513"}],"wp:term":[{"taxonomy":"category","embeddable":true,"href":"https:\/\/psol50.org.br\/rest\/wp\/v2\/categories?post=27513"},{"taxonomy":"post_tag","embeddable":true,"href":"https:\/\/psol50.org.br\/rest\/wp\/v2\/tags?post=27513"}],"curies":[{"name":"wp","href":"https:\/\/api.w.org\/{rel}","templated":true}]}}