{"id":2753,"date":"2014-05-16T00:00:00","date_gmt":"2014-05-16T15:43:19","guid":{"rendered":"http:\/\/psol50.org.br\/arquivo\/2014\/05\/16\/pm-reprime-protesto-o-15-de-maio-e-joga-bombas-de-gas-em-estacao-de-metro-em-sp\/"},"modified":"2014-05-16T00:00:00","modified_gmt":"2014-05-16T15:43:19","slug":"pm-reprime-protesto-o-15-de-maio-e-joga-bombas-de-gas-em-estacao-de-metro-em-sp","status":"publish","type":"post","link":"https:\/\/psol50.org.br\/pm-reprime-protesto-o-15-de-maio-e-joga-bombas-de-gas-em-estacao-de-metro-em-sp\/","title":{"rendered":"PM reprime protesto o 15 de maio e joga bombas de g\u00e1s em esta\u00e7\u00e3o de metr\u00f4 em SP"},"content":{"rendered":"<p style=\"text-align: justify;\">\n\t<span style=\"font-size:12px;\"><span style=\"font-family: arial,helvetica,sans-serif;\"><em>Do Brasil de Fato, Jos\u00e9 Francisco Neto<\/em><\/p>\n<p>\tO ato contra a Copa do Mundo realizado nesta quinta-feira (15) em S\u00e3o Paulo come\u00e7ou de forma pac\u00edfica, at\u00e9 a primeira bomba de g\u00e1s lacrimog\u00eaneo da Pol\u00edcia Militar ser lan\u00e7ada contra os manifestantes. Muitos se dispersaram pela rua da Consola\u00e7\u00e3o, sentido centro. Outros se dividiram e, no corre-corre, entraram na esta\u00e7\u00e3o de metr\u00f4 da Paulista.<br \/>\n\t&nbsp;<br \/>\n\tA PM cercou os manifestantes e lan\u00e7ou bombas de g\u00e1s dentro da esta\u00e7\u00e3o. Muitos trabalhadores, idosos e crian\u00e7as que retornavam para a casa passaram mal devido ao efeito provocado pela bomba. Uma nuvem de fuma\u00e7a tomou conta de toda a esta\u00e7\u00e3o, fazendo com que at\u00e9 os seguran\u00e7as da linha amarela do metr\u00f4 passassem mal.<br \/>\n\t&nbsp;<br \/>\n\tA reportagem do Brasil de Fato conversou com alguns passageiros que criticaram a a\u00e7\u00e3o da PM. \u201cDesnecess\u00e1rio fazerem isso. Isso s\u00f3 gera mais viol\u00eancia\u201d, disse um rapaz que estava com dificuldade para respirar por causa do g\u00e1s. &nbsp;<br \/>\n\t&nbsp;<br \/>\n\tNa rua, a PM continuou a repress\u00e3o, chegando, inclusive, a pisotear uma menina. Cerca de 30 pessoas foram detidas acusadas de vandalismo.<br \/>\n\t&nbsp;<br \/>\n\t<strong>In\u00edcio<\/strong><br \/>\n\tOs manifestantes come\u00e7aram a se concentrar \u00e0s 17h na Pra\u00e7a do Ciclista, na Avenida Paulista. Eles ficaram no local por cerca de duas horas, antes de sa\u00edrem em passeata pela Rua da Consola\u00e7\u00e3o.<br \/>\n\t&nbsp;<br \/>\n\tO protesto, que&nbsp;faz parte do Dia Internacional de Lutas contra a Copa,&nbsp;foi organizado pelo Comit\u00ea Popular da Copa em S\u00e3o Paulo.&nbsp;O ato, segundo o comit\u00ea, busca dar visibilidade \u00e0s viola\u00e7\u00f5es de direitos humanos durante os preparativos para a Copa.<br \/>\n\t&nbsp;<br \/>\n\tAinda antes do in\u00edcio da passeata, os militantes projetaram, na lateral de um edif\u00edcio na Avenida Paulista, os valores gastos na organiza\u00e7\u00e3o do evento e o nome de oper\u00e1rios que morreram em obras de constru\u00e7\u00e3o de est\u00e1dios.<br \/>\n\t&nbsp;<\/span><\/span><\/p>\n","protected":false},"excerpt":{"rendered":"<p>Viol\u00eancia policial marcou ato contra as viola\u00e7\u00f5es de direitos humanos durante os preparativos para a Copa do Mundo; trabalhadores passaram mal devido ao efeito do g\u00e1s das bombas lan\u00e7adas pela PM<\/p>\n","protected":false},"author":2,"featured_media":0,"comment_status":"open","ping_status":"open","sticky":false,"template":"","format":"standard","meta":{"_acf_changed":false,"footnotes":""},"categories":[4766,6],"tags":[],"class_list":{"0":"post-2753","1":"post","2":"type-post","3":"status-publish","4":"format-standard","6":"category-arquivo","7":"category-noticias"},"acf":[],"yoast_head":"<!-- This site is optimized with the Yoast SEO plugin v26.5 - https:\/\/yoast.com\/wordpress\/plugins\/seo\/ -->\n<title>PM reprime protesto o 15 de maio e joga bombas de g\u00e1s em esta\u00e7\u00e3o de metr\u00f4 em SP - PSOL 50<\/title>\n<meta name=\"robots\" content=\"index, follow, max-snippet:-1, max-image-preview:large, max-video-preview:-1\" \/>\n<link rel=\"canonical\" href=\"https:\/\/psol50.org.br\/pm-reprime-protesto-o-15-de-maio-e-joga-bombas-de-gas-em-estacao-de-metro-em-sp\/\" \/>\n<meta property=\"og:locale\" content=\"pt_BR\" \/>\n<meta property=\"og:type\" content=\"article\" \/>\n<meta property=\"og:title\" content=\"PM reprime protesto o 15 de maio e joga bombas de g\u00e1s em esta\u00e7\u00e3o de metr\u00f4 em SP - PSOL 50\" \/>\n<meta property=\"og:description\" content=\"Viol\u00eancia policial marcou ato contra as viola\u00e7\u00f5es de direitos humanos durante os preparativos para a Copa do Mundo; trabalhadores passaram mal devido ao efeito do g\u00e1s das bombas lan\u00e7adas pela PM\" \/>\n<meta property=\"og:url\" content=\"https:\/\/psol50.org.br\/pm-reprime-protesto-o-15-de-maio-e-joga-bombas-de-gas-em-estacao-de-metro-em-sp\/\" \/>\n<meta property=\"og:site_name\" content=\"PSOL 50\" \/>\n<meta property=\"article:publisher\" content=\"https:\/\/www.facebook.com\/psol50\" \/>\n<meta property=\"article:published_time\" content=\"2014-05-16T15:43:19+00:00\" \/>\n<meta property=\"og:image\" content=\"https:\/\/psol50.org.br\/inc\/uploads\/2018\/07\/capa.png\" \/>\n\t<meta property=\"og:image:width\" content=\"1350\" \/>\n\t<meta property=\"og:image:height\" content=\"900\" \/>\n\t<meta property=\"og:image:type\" content=\"image\/png\" \/>\n<meta name=\"author\" content=\"Comunica\u00e7\u00e3o PSOL\" \/>\n<meta name=\"twitter:card\" content=\"summary_large_image\" \/>\n<meta name=\"twitter:creator\" content=\"@psol50\" \/>\n<meta name=\"twitter:site\" content=\"@psol50\" \/>\n<meta name=\"twitter:label1\" content=\"Escrito por\" \/>\n\t<meta name=\"twitter:data1\" content=\"Comunica\u00e7\u00e3o PSOL\" \/>\n\t<meta name=\"twitter:label2\" content=\"Est. tempo de leitura\" \/>\n\t<meta name=\"twitter:data2\" content=\"2 minutos\" \/>\n<script type=\"application\/ld+json\" class=\"yoast-schema-graph\">{\"@context\":\"https:\/\/schema.org\",\"@graph\":[{\"@type\":\"Article\",\"@id\":\"https:\/\/psol50.org.br\/pm-reprime-protesto-o-15-de-maio-e-joga-bombas-de-gas-em-estacao-de-metro-em-sp\/#article\",\"isPartOf\":{\"@id\":\"https:\/\/psol50.org.br\/pm-reprime-protesto-o-15-de-maio-e-joga-bombas-de-gas-em-estacao-de-metro-em-sp\/\"},\"author\":{\"name\":\"Comunica\u00e7\u00e3o PSOL\",\"@id\":\"https:\/\/psol50.org.br\/#\/schema\/person\/475dfa57d0b815993c714c2e96491fcd\"},\"headline\":\"PM reprime protesto o 15 de maio e joga bombas de g\u00e1s em esta\u00e7\u00e3o de metr\u00f4 em SP\",\"datePublished\":\"2014-05-16T15:43:19+00:00\",\"mainEntityOfPage\":{\"@id\":\"https:\/\/psol50.org.br\/pm-reprime-protesto-o-15-de-maio-e-joga-bombas-de-gas-em-estacao-de-metro-em-sp\/\"},\"wordCount\":350,\"commentCount\":0,\"publisher\":{\"@id\":\"https:\/\/psol50.org.br\/#organization\"},\"articleSection\":[\"Arquivo\",\"Not\u00edcias\"],\"inLanguage\":\"pt-BR\",\"potentialAction\":[{\"@type\":\"CommentAction\",\"name\":\"Comment\",\"target\":[\"https:\/\/psol50.org.br\/pm-reprime-protesto-o-15-de-maio-e-joga-bombas-de-gas-em-estacao-de-metro-em-sp\/#respond\"]}]},{\"@type\":\"WebPage\",\"@id\":\"https:\/\/psol50.org.br\/pm-reprime-protesto-o-15-de-maio-e-joga-bombas-de-gas-em-estacao-de-metro-em-sp\/\",\"url\":\"https:\/\/psol50.org.br\/pm-reprime-protesto-o-15-de-maio-e-joga-bombas-de-gas-em-estacao-de-metro-em-sp\/\",\"name\":\"PM reprime protesto o 15 de maio e joga bombas de g\u00e1s em esta\u00e7\u00e3o de metr\u00f4 em SP - PSOL 50\",\"isPartOf\":{\"@id\":\"https:\/\/psol50.org.br\/#website\"},\"datePublished\":\"2014-05-16T15:43:19+00:00\",\"breadcrumb\":{\"@id\":\"https:\/\/psol50.org.br\/pm-reprime-protesto-o-15-de-maio-e-joga-bombas-de-gas-em-estacao-de-metro-em-sp\/#breadcrumb\"},\"inLanguage\":\"pt-BR\",\"potentialAction\":[{\"@type\":\"ReadAction\",\"target\":[\"https:\/\/psol50.org.br\/pm-reprime-protesto-o-15-de-maio-e-joga-bombas-de-gas-em-estacao-de-metro-em-sp\/\"]}]},{\"@type\":\"BreadcrumbList\",\"@id\":\"https:\/\/psol50.org.br\/pm-reprime-protesto-o-15-de-maio-e-joga-bombas-de-gas-em-estacao-de-metro-em-sp\/#breadcrumb\",\"itemListElement\":[{\"@type\":\"ListItem\",\"position\":1,\"name\":\"In\u00edcio\",\"item\":\"https:\/\/psol50.org.br\/\"},{\"@type\":\"ListItem\",\"position\":2,\"name\":\"PM reprime protesto o 15 de maio e joga bombas de g\u00e1s em esta\u00e7\u00e3o de metr\u00f4 em SP\"}]},{\"@type\":\"WebSite\",\"@id\":\"https:\/\/psol50.org.br\/#website\",\"url\":\"https:\/\/psol50.org.br\/\",\"name\":\"PSOL 50\",\"description\":\"Site oficial do Partido Socialismo e Liberdade\",\"publisher\":{\"@id\":\"https:\/\/psol50.org.br\/#organization\"},\"alternateName\":\"PSOL50\",\"potentialAction\":[{\"@type\":\"SearchAction\",\"target\":{\"@type\":\"EntryPoint\",\"urlTemplate\":\"https:\/\/psol50.org.br\/?s={search_term_string}\"},\"query-input\":{\"@type\":\"PropertyValueSpecification\",\"valueRequired\":true,\"valueName\":\"search_term_string\"}}],\"inLanguage\":\"pt-BR\"},{\"@type\":\"Organization\",\"@id\":\"https:\/\/psol50.org.br\/#organization\",\"name\":\"PSOL 50\",\"alternateName\":\"PSOL 50\",\"url\":\"https:\/\/psol50.org.br\/\",\"logo\":{\"@type\":\"ImageObject\",\"inLanguage\":\"pt-BR\",\"@id\":\"https:\/\/psol50.org.br\/#\/schema\/logo\/image\/\",\"url\":\"https:\/\/psol50.org.br\/inc\/uploads\/2018\/07\/capa.png\",\"contentUrl\":\"https:\/\/psol50.org.br\/inc\/uploads\/2018\/07\/capa.png\",\"width\":1350,\"height\":900,\"caption\":\"PSOL 50\"},\"image\":{\"@id\":\"https:\/\/psol50.org.br\/#\/schema\/logo\/image\/\"},\"sameAs\":[\"https:\/\/www.facebook.com\/psol50\",\"https:\/\/x.com\/psol50\",\"https:\/\/www.instagram.com\/psol50\/\",\"https:\/\/www.youtube.com\/channel\/UC7SnJS5o1os7a6CaiNabzcg\"]},{\"@type\":\"Person\",\"@id\":\"https:\/\/psol50.org.br\/#\/schema\/person\/475dfa57d0b815993c714c2e96491fcd\",\"name\":\"Comunica\u00e7\u00e3o PSOL\",\"image\":{\"@type\":\"ImageObject\",\"inLanguage\":\"pt-BR\",\"@id\":\"https:\/\/psol50.org.br\/#\/schema\/person\/image\/\",\"url\":\"https:\/\/secure.gravatar.com\/avatar\/b34fc4f4e468a4e51785917065a3db57b841f5c95dba6ad8c73aaf8f66f8f9bf?s=96&d=mm&r=g\",\"contentUrl\":\"https:\/\/secure.gravatar.com\/avatar\/b34fc4f4e468a4e51785917065a3db57b841f5c95dba6ad8c73aaf8f66f8f9bf?s=96&d=mm&r=g\",\"caption\":\"Comunica\u00e7\u00e3o PSOL\"}}]}<\/script>\n<!-- \/ Yoast SEO plugin. -->","yoast_head_json":{"title":"PM reprime protesto o 15 de maio e joga bombas de g\u00e1s em esta\u00e7\u00e3o de metr\u00f4 em SP - PSOL 50","robots":{"index":"index","follow":"follow","max-snippet":"max-snippet:-1","max-image-preview":"max-image-preview:large","max-video-preview":"max-video-preview:-1"},"canonical":"https:\/\/psol50.org.br\/pm-reprime-protesto-o-15-de-maio-e-joga-bombas-de-gas-em-estacao-de-metro-em-sp\/","og_locale":"pt_BR","og_type":"article","og_title":"PM reprime protesto o 15 de maio e joga bombas de g\u00e1s em esta\u00e7\u00e3o de metr\u00f4 em SP - PSOL 50","og_description":"Viol\u00eancia policial marcou ato contra as viola\u00e7\u00f5es de direitos humanos durante os preparativos para a Copa do Mundo; trabalhadores passaram mal devido ao efeito do g\u00e1s das bombas lan\u00e7adas pela PM","og_url":"https:\/\/psol50.org.br\/pm-reprime-protesto-o-15-de-maio-e-joga-bombas-de-gas-em-estacao-de-metro-em-sp\/","og_site_name":"PSOL 50","article_publisher":"https:\/\/www.facebook.com\/psol50","article_published_time":"2014-05-16T15:43:19+00:00","og_image":[{"width":1350,"height":900,"url":"https:\/\/psol50.org.br\/inc\/uploads\/2018\/07\/capa.png","type":"image\/png"}],"author":"Comunica\u00e7\u00e3o PSOL","twitter_card":"summary_large_image","twitter_creator":"@psol50","twitter_site":"@psol50","twitter_misc":{"Escrito por":"Comunica\u00e7\u00e3o PSOL","Est. tempo de leitura":"2 minutos"},"schema":{"@context":"https:\/\/schema.org","@graph":[{"@type":"Article","@id":"https:\/\/psol50.org.br\/pm-reprime-protesto-o-15-de-maio-e-joga-bombas-de-gas-em-estacao-de-metro-em-sp\/#article","isPartOf":{"@id":"https:\/\/psol50.org.br\/pm-reprime-protesto-o-15-de-maio-e-joga-bombas-de-gas-em-estacao-de-metro-em-sp\/"},"author":{"name":"Comunica\u00e7\u00e3o PSOL","@id":"https:\/\/psol50.org.br\/#\/schema\/person\/475dfa57d0b815993c714c2e96491fcd"},"headline":"PM reprime protesto o 15 de maio e joga bombas de g\u00e1s em esta\u00e7\u00e3o de metr\u00f4 em SP","datePublished":"2014-05-16T15:43:19+00:00","mainEntityOfPage":{"@id":"https:\/\/psol50.org.br\/pm-reprime-protesto-o-15-de-maio-e-joga-bombas-de-gas-em-estacao-de-metro-em-sp\/"},"wordCount":350,"commentCount":0,"publisher":{"@id":"https:\/\/psol50.org.br\/#organization"},"articleSection":["Arquivo","Not\u00edcias"],"inLanguage":"pt-BR","potentialAction":[{"@type":"CommentAction","name":"Comment","target":["https:\/\/psol50.org.br\/pm-reprime-protesto-o-15-de-maio-e-joga-bombas-de-gas-em-estacao-de-metro-em-sp\/#respond"]}]},{"@type":"WebPage","@id":"https:\/\/psol50.org.br\/pm-reprime-protesto-o-15-de-maio-e-joga-bombas-de-gas-em-estacao-de-metro-em-sp\/","url":"https:\/\/psol50.org.br\/pm-reprime-protesto-o-15-de-maio-e-joga-bombas-de-gas-em-estacao-de-metro-em-sp\/","name":"PM reprime protesto o 15 de maio e joga bombas de g\u00e1s em esta\u00e7\u00e3o de metr\u00f4 em SP - PSOL 50","isPartOf":{"@id":"https:\/\/psol50.org.br\/#website"},"datePublished":"2014-05-16T15:43:19+00:00","breadcrumb":{"@id":"https:\/\/psol50.org.br\/pm-reprime-protesto-o-15-de-maio-e-joga-bombas-de-gas-em-estacao-de-metro-em-sp\/#breadcrumb"},"inLanguage":"pt-BR","potentialAction":[{"@type":"ReadAction","target":["https:\/\/psol50.org.br\/pm-reprime-protesto-o-15-de-maio-e-joga-bombas-de-gas-em-estacao-de-metro-em-sp\/"]}]},{"@type":"BreadcrumbList","@id":"https:\/\/psol50.org.br\/pm-reprime-protesto-o-15-de-maio-e-joga-bombas-de-gas-em-estacao-de-metro-em-sp\/#breadcrumb","itemListElement":[{"@type":"ListItem","position":1,"name":"In\u00edcio","item":"https:\/\/psol50.org.br\/"},{"@type":"ListItem","position":2,"name":"PM reprime protesto o 15 de maio e joga bombas de g\u00e1s em esta\u00e7\u00e3o de metr\u00f4 em SP"}]},{"@type":"WebSite","@id":"https:\/\/psol50.org.br\/#website","url":"https:\/\/psol50.org.br\/","name":"PSOL 50","description":"Site oficial do Partido Socialismo e Liberdade","publisher":{"@id":"https:\/\/psol50.org.br\/#organization"},"alternateName":"PSOL50","potentialAction":[{"@type":"SearchAction","target":{"@type":"EntryPoint","urlTemplate":"https:\/\/psol50.org.br\/?s={search_term_string}"},"query-input":{"@type":"PropertyValueSpecification","valueRequired":true,"valueName":"search_term_string"}}],"inLanguage":"pt-BR"},{"@type":"Organization","@id":"https:\/\/psol50.org.br\/#organization","name":"PSOL 50","alternateName":"PSOL 50","url":"https:\/\/psol50.org.br\/","logo":{"@type":"ImageObject","inLanguage":"pt-BR","@id":"https:\/\/psol50.org.br\/#\/schema\/logo\/image\/","url":"https:\/\/psol50.org.br\/inc\/uploads\/2018\/07\/capa.png","contentUrl":"https:\/\/psol50.org.br\/inc\/uploads\/2018\/07\/capa.png","width":1350,"height":900,"caption":"PSOL 50"},"image":{"@id":"https:\/\/psol50.org.br\/#\/schema\/logo\/image\/"},"sameAs":["https:\/\/www.facebook.com\/psol50","https:\/\/x.com\/psol50","https:\/\/www.instagram.com\/psol50\/","https:\/\/www.youtube.com\/channel\/UC7SnJS5o1os7a6CaiNabzcg"]},{"@type":"Person","@id":"https:\/\/psol50.org.br\/#\/schema\/person\/475dfa57d0b815993c714c2e96491fcd","name":"Comunica\u00e7\u00e3o PSOL","image":{"@type":"ImageObject","inLanguage":"pt-BR","@id":"https:\/\/psol50.org.br\/#\/schema\/person\/image\/","url":"https:\/\/secure.gravatar.com\/avatar\/b34fc4f4e468a4e51785917065a3db57b841f5c95dba6ad8c73aaf8f66f8f9bf?s=96&d=mm&r=g","contentUrl":"https:\/\/secure.gravatar.com\/avatar\/b34fc4f4e468a4e51785917065a3db57b841f5c95dba6ad8c73aaf8f66f8f9bf?s=96&d=mm&r=g","caption":"Comunica\u00e7\u00e3o PSOL"}}]}},"_links":{"self":[{"href":"https:\/\/psol50.org.br\/rest\/wp\/v2\/posts\/2753","targetHints":{"allow":["GET"]}}],"collection":[{"href":"https:\/\/psol50.org.br\/rest\/wp\/v2\/posts"}],"about":[{"href":"https:\/\/psol50.org.br\/rest\/wp\/v2\/types\/post"}],"author":[{"embeddable":true,"href":"https:\/\/psol50.org.br\/rest\/wp\/v2\/users\/2"}],"replies":[{"embeddable":true,"href":"https:\/\/psol50.org.br\/rest\/wp\/v2\/comments?post=2753"}],"version-history":[{"count":0,"href":"https:\/\/psol50.org.br\/rest\/wp\/v2\/posts\/2753\/revisions"}],"wp:attachment":[{"href":"https:\/\/psol50.org.br\/rest\/wp\/v2\/media?parent=2753"}],"wp:term":[{"taxonomy":"category","embeddable":true,"href":"https:\/\/psol50.org.br\/rest\/wp\/v2\/categories?post=2753"},{"taxonomy":"post_tag","embeddable":true,"href":"https:\/\/psol50.org.br\/rest\/wp\/v2\/tags?post=2753"}],"curies":[{"name":"wp","href":"https:\/\/api.w.org\/{rel}","templated":true}]}}