{"id":2755,"date":"2014-05-18T00:00:00","date_gmt":"2014-05-18T20:31:41","guid":{"rendered":"http:\/\/psol50.org.br\/arquivo\/2014\/05\/18\/diretorio-do-psol-sp-indica-gilberto-maringoni-como-pre-candidato-ao-governo-do-estado\/"},"modified":"2014-05-18T00:00:00","modified_gmt":"2014-05-18T20:31:41","slug":"diretorio-do-psol-sp-indica-gilberto-maringoni-como-pre-candidato-ao-governo-do-estado","status":"publish","type":"post","link":"https:\/\/psol50.org.br\/diretorio-do-psol-sp-indica-gilberto-maringoni-como-pre-candidato-ao-governo-do-estado\/","title":{"rendered":"Diret\u00f3rio do PSOL-SP indica Gilberto Maringoni como pr\u00e9-candidato ao Governo do estado"},"content":{"rendered":"<p style=\"margin-bottom: 0cm; font-weight: normal; text-align: justify;\">\n\t<span style=\"font-size:12px;\"><font face=\"Arial, sans-serif\"><span style=\"font-variant: normal;\"><font color=\"#000000\"><span style=\"font-style: normal;\">Reunido neste domingo, 18 de maio, o Diret\u00f3rio Estadual do Partido Socialismo e Liberdade de S\u00e3o Paulo indicou por 23 votos e uma absten\u00e7\u00e3o o nome do professor e jornalista Gilberto Maringoni para pr\u00e9-candidato a governador. Seu nome ainda ser\u00e1 oficializado na Conven\u00e7\u00e3o Estadual do partido que acontecer\u00e1 no dia 14 de junho.<\/span><\/font><\/span><\/font><\/p>\n<p>\t<font face=\"Arial, sans-serif\"><font color=\"#222222\">Gilberto Maringoni \u00e9 professor de Rela\u00e7\u00f5es Internacionais da Universidade Federal do ABC, historiador, jornalista e escritor. Autor de 12 livros sobre Am\u00e9rica Latina, desenvolvimento e outras quest\u00f5es, tem uma longa trajet\u00f3ria de milit\u00e2ncia na esquerda e junto aos movimentos sociais.<\/font><\/font><\/p>\n<p>\t<font face=\"Arial, sans-serif\"><font color=\"#222222\">O PSOL segue o debate sobre a composi\u00e7\u00e3o de alian\u00e7a em S\u00e3o Paulo com o PSTU e PCB. As defini\u00e7\u00f5es das demais candidaturas da chapa majorit\u00e1ria (vice-governador e senador) e da chapa proporcional (deputados estaduais e federais) ainda ser\u00e3o tratadas na pr\u00f3xima reuni\u00e3o do Diret\u00f3rio Estadual.<\/font><\/font><\/p>\n<p>\t<font face=\"Arial, sans-serif\"><font color=\"#222222\">O Diret\u00f3rio Estadual tamb\u00e9m deliberou sobre a continuidade dos Semin\u00e1rios <i>Governar ap\u00f3s Junho. <\/i><\/font><font color=\"#222222\">J\u00e1 <\/font><font color=\"#222222\">foram realizados cinco debates tem\u00e1ticos sobre temas como transporte p\u00fablico, direitos humanos, moradia, trabalho e emprego. Outros quatro debates est\u00e3o previstos para antes da Conven\u00e7\u00e3o estadual. Este ciclo de debates serve como subs\u00eddio para a elabora\u00e7\u00e3o do programa de governo.<\/font><\/font><\/p>\n<p>\t<font face=\"Arial, sans-serif\"><font color=\"#222222\">Veja abaixo o documento de apresenta\u00e7\u00e3o da pr\u00e9-candidatura de Gilberto Maringoni, aprovado pelo Diret\u00f3rio.<\/font><\/font><\/p>\n<p>\t<font face=\"Arial, sans-serif\"><font color=\"#222222\"><b>Gilberto Maringoni governador<\/b><\/font><\/font><br \/>\n\t<font face=\"Arial, sans-serif\"><font color=\"#222222\"><b>Uma alternativa democr\u00e1tica e de esquerda para S\u00e3o Paulo!<\/b><\/font><\/font><br \/>\n\t<font face=\"Arial, sans-serif\"><font color=\"#222222\">S\u00e3o Paulo tem sido palco de grandes lutas sociais por moradia, mobilidade urbana, seguran\u00e7a p\u00fablica, sa\u00fade e educa\u00e7\u00e3o. Governado h\u00e1 vinte anos pelo PSDB, nosso estado n\u00e3o aguenta mais a continuidade de uma pol\u00edtica neoliberal. Ela se baseia na maximiza\u00e7\u00e3o de lucros privados e baixa qualidade dos servi\u00e7os p\u00fablicos essenciais, e em corrup\u00e7\u00e3o e repress\u00e3o policial contra movimentos sociais e a popula\u00e7\u00e3o negra e pobre.<\/font><\/font><\/p>\n<p>\t<font face=\"Arial, sans-serif\"><font color=\"#222222\">A crise mais recente, provocada pela falta de investimento e aumento de distribui\u00e7\u00e3o de lucros da Sabesp, est\u00e1 sendo a gota d\u2019\u00e1gua para a maioria dos paulistanos. Todos n\u00f3s somos agora chamados a pagar a conta dessa irresponsabilidade. Isso se soma \u00e0 multiplica\u00e7\u00e3o dos esc\u00e2ndalos conduzidos pelos governos tucanos no metr\u00f4 paulistano<\/font><\/font>.<\/p>\n<p>\t<font face=\"Arial, sans-serif\"><font color=\"#222222\">A indigna\u00e7\u00e3o que esteve nas ruas em junho do ano passado, quando a popula\u00e7\u00e3o \u2013 em especial a juventude &#8211; protagonizou grandes manifesta\u00e7\u00f5es, segue sem respostas por parte dos governantes. Se por um lado o PSDB buscou apenas refor\u00e7ar o discurso do medo para justificar a amplia\u00e7\u00e3o de sua pol\u00edtica repressiva, sem qualquer incremento dos investimentos sociais, por outro, o governo federal, encabe\u00e7ado pelo PT e pelo PMDB, optou por manter a pol\u00edtica econ\u00f4mica baseada em altas taxas de juros e baixos investimentos em infraestrutura e servi\u00e7os p\u00fablicos.<\/font><\/font><\/p>\n<p>\t<font face=\"Arial, sans-serif\"><font color=\"#222222\">Enquanto o governo brasileiro e o paulista se submetem a todas as exig\u00eancias do mercado financeiro, da Fifa e das for\u00e7as conservadoras, nosso pa\u00eds continua diante de uma crise social latente. Esta se expressa no incremento dos atos de linchamentos em pra\u00e7a p\u00fablica, no descontrole de uma pol\u00edcia violenta e militarizada, nas mortes de jovens nas periferias das grandes cidades e no envio de bilh\u00f5es de recursos que poderiam ser direcionados para enfrentar esses problemas sociais para o bolso dos banqueiros e especuladores.<\/font><\/font><\/p>\n<p>\t<font face=\"Arial, sans-serif\"><font color=\"#222222\">O PSOL \u00e9, na atual conjuntura, o partido que melhor pode apresentar uma alternativa ao governismo conservador e \u00e0 direita reacion\u00e1ria. O centro da a\u00e7\u00e3o governamental precisa ser a invers\u00e3o de prioridades e o investimento maci\u00e7o em pol\u00edticas sociais.<\/font><\/font><\/p>\n<p>\t<font face=\"Arial, sans-serif\"><font color=\"#222222\">Ciente dos desafios e do espa\u00e7o existente para a consolida\u00e7\u00e3o e o fortalecimento de uma alternativa de esquerda, lan\u00e7amos o nome do companheiro Gilberto Maringoni para representar o PSOL nas elei\u00e7\u00f5es para o governo de S\u00e3o Paulo em 2014. Professor de Rela\u00e7\u00f5es Internacionais da Universidade Federal do ABC, historiador e jornalista, Maringoni tem capacidade pol\u00edtica e disposi\u00e7\u00e3o militante para enfrentar o debate eleitoral e colocar a esquerda a altura desse desafio.<\/font><\/font><\/p>\n<p>\t<font face=\"Arial, sans-serif\"><font color=\"#222222\">Em torno de sua candidatura, construiremos um movimento de opini\u00e3o em favor das mudan\u00e7as progressistas e necess\u00e1rias para fazer de S\u00e3o Paulo o estado da inclus\u00e3o social e do combate \u00e0 desigualdade, ao racismo, ao machismo, \u00e0 homofobia e a toda forma de opress\u00e3o e discrimina\u00e7\u00e3o. Um estado em que o planejamento urbano seja definido pelo bem-estar das pessoas, e n\u00e3o mais pela sede de lucro da especula\u00e7\u00e3o imobili\u00e1ria, da ditadura do autom\u00f3vel e da falta de planejamento.<\/font><\/font><\/p>\n<p>\t<font face=\"Arial, sans-serif\"><font color=\"#222222\">Em cada escola, universidade, local de trabalho, bairro, lutas sociais e manifesta\u00e7\u00f5es por direitos, o PSOL estar\u00e1 presente para defender uma alternativa socialista, program\u00e1tica e popular. Onde tiver algu\u00e9m lutando por uma vida melhor, pode ter certeza, a\u00ed tem PSOL, a\u00ed tem Maringoni governador. Vamos juntos! Vamos mudar S\u00e3o Paulo!<\/font><\/font><\/p>\n<p>\t<font face=\"Arial, sans-serif\"><strong>Diret\u00f3rio Estadual do PSOL SP<\/strong><\/font><br \/>\n\t<strong><font face=\"Arial, sans-serif\"><font color=\"#222222\">S\u00e3o Paulo, 18 de Maio de 2014<\/font><\/font><\/strong><\/span><\/p>\n<p style=\"margin-bottom: 0cm\">\n\t&nbsp;<\/p>\n<p style=\"margin-bottom: 0cm\">\n\t&nbsp;<\/p>\n<p style=\"margin-bottom: 0cm\">\n\t&nbsp;<\/p>\n","protected":false},"excerpt":{"rendered":"<p>&#8220;Em torno de sua candidatura, construiremos um movimento de opini\u00e3o em favor das mudan\u00e7as progressistas e necess\u00e1rias para fazer de S\u00e3o Paulo o estado da inclus\u00e3o social e do combate \u00e0 desigualdade, ao racismo, ao machismo, \u00e0 homofobia e a toda forma de opress\u00e3o e discrimina\u00e7\u00e3o&#8221;<\/p>\n","protected":false},"author":2,"featured_media":0,"comment_status":"open","ping_status":"open","sticky":false,"template":"","format":"standard","meta":{"_acf_changed":false,"footnotes":""},"categories":[4766,654,6],"tags":[22],"class_list":{"0":"post-2755","1":"post","2":"type-post","3":"status-publish","4":"format-standard","6":"category-arquivo","7":"category-estados","8":"category-noticias","9":"tag-psol"},"acf":[],"yoast_head":"<!-- This site is optimized with the Yoast SEO plugin v26.5 - https:\/\/yoast.com\/wordpress\/plugins\/seo\/ -->\n<title>Diret\u00f3rio do PSOL-SP indica Gilberto Maringoni como pr\u00e9-candidato ao Governo do estado - PSOL 50<\/title>\n<meta name=\"robots\" content=\"index, follow, max-snippet:-1, max-image-preview:large, max-video-preview:-1\" \/>\n<link rel=\"canonical\" href=\"https:\/\/psol50.org.br\/diretorio-do-psol-sp-indica-gilberto-maringoni-como-pre-candidato-ao-governo-do-estado\/\" \/>\n<meta property=\"og:locale\" content=\"pt_BR\" \/>\n<meta property=\"og:type\" content=\"article\" \/>\n<meta property=\"og:title\" content=\"Diret\u00f3rio do PSOL-SP indica Gilberto Maringoni como pr\u00e9-candidato ao Governo do estado - PSOL 50\" \/>\n<meta property=\"og:description\" content=\"&quot;Em torno de sua candidatura, construiremos um movimento de opini\u00e3o em favor das mudan\u00e7as progressistas e necess\u00e1rias para fazer de S\u00e3o Paulo o estado da inclus\u00e3o social e do combate \u00e0 desigualdade, ao racismo, ao machismo, \u00e0 homofobia e a toda forma de opress\u00e3o e discrimina\u00e7\u00e3o&quot;\" \/>\n<meta property=\"og:url\" content=\"https:\/\/psol50.org.br\/diretorio-do-psol-sp-indica-gilberto-maringoni-como-pre-candidato-ao-governo-do-estado\/\" \/>\n<meta property=\"og:site_name\" content=\"PSOL 50\" \/>\n<meta property=\"article:publisher\" content=\"https:\/\/www.facebook.com\/psol50\" \/>\n<meta property=\"article:published_time\" content=\"2014-05-18T20:31:41+00:00\" \/>\n<meta property=\"og:image\" content=\"https:\/\/psol50.org.br\/inc\/uploads\/2018\/07\/capa.png\" \/>\n\t<meta property=\"og:image:width\" content=\"1350\" \/>\n\t<meta property=\"og:image:height\" content=\"900\" \/>\n\t<meta property=\"og:image:type\" content=\"image\/png\" \/>\n<meta name=\"author\" content=\"Comunica\u00e7\u00e3o PSOL\" \/>\n<meta name=\"twitter:card\" content=\"summary_large_image\" \/>\n<meta name=\"twitter:creator\" content=\"@psol50\" \/>\n<meta name=\"twitter:site\" content=\"@psol50\" \/>\n<meta name=\"twitter:label1\" content=\"Escrito por\" \/>\n\t<meta name=\"twitter:data1\" content=\"Comunica\u00e7\u00e3o PSOL\" \/>\n\t<meta name=\"twitter:label2\" content=\"Est. tempo de leitura\" \/>\n\t<meta name=\"twitter:data2\" content=\"4 minutos\" \/>\n<script type=\"application\/ld+json\" class=\"yoast-schema-graph\">{\"@context\":\"https:\/\/schema.org\",\"@graph\":[{\"@type\":\"Article\",\"@id\":\"https:\/\/psol50.org.br\/diretorio-do-psol-sp-indica-gilberto-maringoni-como-pre-candidato-ao-governo-do-estado\/#article\",\"isPartOf\":{\"@id\":\"https:\/\/psol50.org.br\/diretorio-do-psol-sp-indica-gilberto-maringoni-como-pre-candidato-ao-governo-do-estado\/\"},\"author\":{\"name\":\"Comunica\u00e7\u00e3o PSOL\",\"@id\":\"https:\/\/psol50.org.br\/#\/schema\/person\/475dfa57d0b815993c714c2e96491fcd\"},\"headline\":\"Diret\u00f3rio do PSOL-SP indica Gilberto Maringoni como pr\u00e9-candidato ao Governo do estado\",\"datePublished\":\"2014-05-18T20:31:41+00:00\",\"mainEntityOfPage\":{\"@id\":\"https:\/\/psol50.org.br\/diretorio-do-psol-sp-indica-gilberto-maringoni-como-pre-candidato-ao-governo-do-estado\/\"},\"wordCount\":860,\"commentCount\":0,\"publisher\":{\"@id\":\"https:\/\/psol50.org.br\/#organization\"},\"keywords\":[\"PSOL\"],\"articleSection\":[\"Arquivo\",\"Estados\",\"Not\u00edcias\"],\"inLanguage\":\"pt-BR\",\"potentialAction\":[{\"@type\":\"CommentAction\",\"name\":\"Comment\",\"target\":[\"https:\/\/psol50.org.br\/diretorio-do-psol-sp-indica-gilberto-maringoni-como-pre-candidato-ao-governo-do-estado\/#respond\"]}]},{\"@type\":\"WebPage\",\"@id\":\"https:\/\/psol50.org.br\/diretorio-do-psol-sp-indica-gilberto-maringoni-como-pre-candidato-ao-governo-do-estado\/\",\"url\":\"https:\/\/psol50.org.br\/diretorio-do-psol-sp-indica-gilberto-maringoni-como-pre-candidato-ao-governo-do-estado\/\",\"name\":\"Diret\u00f3rio do PSOL-SP indica Gilberto Maringoni como pr\u00e9-candidato ao Governo do estado - PSOL 50\",\"isPartOf\":{\"@id\":\"https:\/\/psol50.org.br\/#website\"},\"datePublished\":\"2014-05-18T20:31:41+00:00\",\"breadcrumb\":{\"@id\":\"https:\/\/psol50.org.br\/diretorio-do-psol-sp-indica-gilberto-maringoni-como-pre-candidato-ao-governo-do-estado\/#breadcrumb\"},\"inLanguage\":\"pt-BR\",\"potentialAction\":[{\"@type\":\"ReadAction\",\"target\":[\"https:\/\/psol50.org.br\/diretorio-do-psol-sp-indica-gilberto-maringoni-como-pre-candidato-ao-governo-do-estado\/\"]}]},{\"@type\":\"BreadcrumbList\",\"@id\":\"https:\/\/psol50.org.br\/diretorio-do-psol-sp-indica-gilberto-maringoni-como-pre-candidato-ao-governo-do-estado\/#breadcrumb\",\"itemListElement\":[{\"@type\":\"ListItem\",\"position\":1,\"name\":\"In\u00edcio\",\"item\":\"https:\/\/psol50.org.br\/\"},{\"@type\":\"ListItem\",\"position\":2,\"name\":\"Diret\u00f3rio do PSOL-SP indica Gilberto Maringoni como pr\u00e9-candidato ao Governo do estado\"}]},{\"@type\":\"WebSite\",\"@id\":\"https:\/\/psol50.org.br\/#website\",\"url\":\"https:\/\/psol50.org.br\/\",\"name\":\"PSOL 50\",\"description\":\"Site oficial do Partido Socialismo e Liberdade\",\"publisher\":{\"@id\":\"https:\/\/psol50.org.br\/#organization\"},\"alternateName\":\"PSOL50\",\"potentialAction\":[{\"@type\":\"SearchAction\",\"target\":{\"@type\":\"EntryPoint\",\"urlTemplate\":\"https:\/\/psol50.org.br\/?s={search_term_string}\"},\"query-input\":{\"@type\":\"PropertyValueSpecification\",\"valueRequired\":true,\"valueName\":\"search_term_string\"}}],\"inLanguage\":\"pt-BR\"},{\"@type\":\"Organization\",\"@id\":\"https:\/\/psol50.org.br\/#organization\",\"name\":\"PSOL 50\",\"alternateName\":\"PSOL 50\",\"url\":\"https:\/\/psol50.org.br\/\",\"logo\":{\"@type\":\"ImageObject\",\"inLanguage\":\"pt-BR\",\"@id\":\"https:\/\/psol50.org.br\/#\/schema\/logo\/image\/\",\"url\":\"https:\/\/psol50.org.br\/inc\/uploads\/2018\/07\/capa.png\",\"contentUrl\":\"https:\/\/psol50.org.br\/inc\/uploads\/2018\/07\/capa.png\",\"width\":1350,\"height\":900,\"caption\":\"PSOL 50\"},\"image\":{\"@id\":\"https:\/\/psol50.org.br\/#\/schema\/logo\/image\/\"},\"sameAs\":[\"https:\/\/www.facebook.com\/psol50\",\"https:\/\/x.com\/psol50\",\"https:\/\/www.instagram.com\/psol50\/\",\"https:\/\/www.youtube.com\/channel\/UC7SnJS5o1os7a6CaiNabzcg\"]},{\"@type\":\"Person\",\"@id\":\"https:\/\/psol50.org.br\/#\/schema\/person\/475dfa57d0b815993c714c2e96491fcd\",\"name\":\"Comunica\u00e7\u00e3o PSOL\",\"image\":{\"@type\":\"ImageObject\",\"inLanguage\":\"pt-BR\",\"@id\":\"https:\/\/psol50.org.br\/#\/schema\/person\/image\/\",\"url\":\"https:\/\/secure.gravatar.com\/avatar\/b34fc4f4e468a4e51785917065a3db57b841f5c95dba6ad8c73aaf8f66f8f9bf?s=96&d=mm&r=g\",\"contentUrl\":\"https:\/\/secure.gravatar.com\/avatar\/b34fc4f4e468a4e51785917065a3db57b841f5c95dba6ad8c73aaf8f66f8f9bf?s=96&d=mm&r=g\",\"caption\":\"Comunica\u00e7\u00e3o PSOL\"}}]}<\/script>\n<!-- \/ Yoast SEO plugin. -->","yoast_head_json":{"title":"Diret\u00f3rio do PSOL-SP indica Gilberto Maringoni como pr\u00e9-candidato ao Governo do estado - PSOL 50","robots":{"index":"index","follow":"follow","max-snippet":"max-snippet:-1","max-image-preview":"max-image-preview:large","max-video-preview":"max-video-preview:-1"},"canonical":"https:\/\/psol50.org.br\/diretorio-do-psol-sp-indica-gilberto-maringoni-como-pre-candidato-ao-governo-do-estado\/","og_locale":"pt_BR","og_type":"article","og_title":"Diret\u00f3rio do PSOL-SP indica Gilberto Maringoni como pr\u00e9-candidato ao Governo do estado - PSOL 50","og_description":"\"Em torno de sua candidatura, construiremos um movimento de opini\u00e3o em favor das mudan\u00e7as progressistas e necess\u00e1rias para fazer de S\u00e3o Paulo o estado da inclus\u00e3o social e do combate \u00e0 desigualdade, ao racismo, ao machismo, \u00e0 homofobia e a toda forma de opress\u00e3o e discrimina\u00e7\u00e3o\"","og_url":"https:\/\/psol50.org.br\/diretorio-do-psol-sp-indica-gilberto-maringoni-como-pre-candidato-ao-governo-do-estado\/","og_site_name":"PSOL 50","article_publisher":"https:\/\/www.facebook.com\/psol50","article_published_time":"2014-05-18T20:31:41+00:00","og_image":[{"width":1350,"height":900,"url":"https:\/\/psol50.org.br\/inc\/uploads\/2018\/07\/capa.png","type":"image\/png"}],"author":"Comunica\u00e7\u00e3o PSOL","twitter_card":"summary_large_image","twitter_creator":"@psol50","twitter_site":"@psol50","twitter_misc":{"Escrito por":"Comunica\u00e7\u00e3o PSOL","Est. tempo de leitura":"4 minutos"},"schema":{"@context":"https:\/\/schema.org","@graph":[{"@type":"Article","@id":"https:\/\/psol50.org.br\/diretorio-do-psol-sp-indica-gilberto-maringoni-como-pre-candidato-ao-governo-do-estado\/#article","isPartOf":{"@id":"https:\/\/psol50.org.br\/diretorio-do-psol-sp-indica-gilberto-maringoni-como-pre-candidato-ao-governo-do-estado\/"},"author":{"name":"Comunica\u00e7\u00e3o PSOL","@id":"https:\/\/psol50.org.br\/#\/schema\/person\/475dfa57d0b815993c714c2e96491fcd"},"headline":"Diret\u00f3rio do PSOL-SP indica Gilberto Maringoni como pr\u00e9-candidato ao Governo do estado","datePublished":"2014-05-18T20:31:41+00:00","mainEntityOfPage":{"@id":"https:\/\/psol50.org.br\/diretorio-do-psol-sp-indica-gilberto-maringoni-como-pre-candidato-ao-governo-do-estado\/"},"wordCount":860,"commentCount":0,"publisher":{"@id":"https:\/\/psol50.org.br\/#organization"},"keywords":["PSOL"],"articleSection":["Arquivo","Estados","Not\u00edcias"],"inLanguage":"pt-BR","potentialAction":[{"@type":"CommentAction","name":"Comment","target":["https:\/\/psol50.org.br\/diretorio-do-psol-sp-indica-gilberto-maringoni-como-pre-candidato-ao-governo-do-estado\/#respond"]}]},{"@type":"WebPage","@id":"https:\/\/psol50.org.br\/diretorio-do-psol-sp-indica-gilberto-maringoni-como-pre-candidato-ao-governo-do-estado\/","url":"https:\/\/psol50.org.br\/diretorio-do-psol-sp-indica-gilberto-maringoni-como-pre-candidato-ao-governo-do-estado\/","name":"Diret\u00f3rio do PSOL-SP indica Gilberto Maringoni como pr\u00e9-candidato ao Governo do estado - PSOL 50","isPartOf":{"@id":"https:\/\/psol50.org.br\/#website"},"datePublished":"2014-05-18T20:31:41+00:00","breadcrumb":{"@id":"https:\/\/psol50.org.br\/diretorio-do-psol-sp-indica-gilberto-maringoni-como-pre-candidato-ao-governo-do-estado\/#breadcrumb"},"inLanguage":"pt-BR","potentialAction":[{"@type":"ReadAction","target":["https:\/\/psol50.org.br\/diretorio-do-psol-sp-indica-gilberto-maringoni-como-pre-candidato-ao-governo-do-estado\/"]}]},{"@type":"BreadcrumbList","@id":"https:\/\/psol50.org.br\/diretorio-do-psol-sp-indica-gilberto-maringoni-como-pre-candidato-ao-governo-do-estado\/#breadcrumb","itemListElement":[{"@type":"ListItem","position":1,"name":"In\u00edcio","item":"https:\/\/psol50.org.br\/"},{"@type":"ListItem","position":2,"name":"Diret\u00f3rio do PSOL-SP indica Gilberto Maringoni como pr\u00e9-candidato ao Governo do estado"}]},{"@type":"WebSite","@id":"https:\/\/psol50.org.br\/#website","url":"https:\/\/psol50.org.br\/","name":"PSOL 50","description":"Site oficial do Partido Socialismo e Liberdade","publisher":{"@id":"https:\/\/psol50.org.br\/#organization"},"alternateName":"PSOL50","potentialAction":[{"@type":"SearchAction","target":{"@type":"EntryPoint","urlTemplate":"https:\/\/psol50.org.br\/?s={search_term_string}"},"query-input":{"@type":"PropertyValueSpecification","valueRequired":true,"valueName":"search_term_string"}}],"inLanguage":"pt-BR"},{"@type":"Organization","@id":"https:\/\/psol50.org.br\/#organization","name":"PSOL 50","alternateName":"PSOL 50","url":"https:\/\/psol50.org.br\/","logo":{"@type":"ImageObject","inLanguage":"pt-BR","@id":"https:\/\/psol50.org.br\/#\/schema\/logo\/image\/","url":"https:\/\/psol50.org.br\/inc\/uploads\/2018\/07\/capa.png","contentUrl":"https:\/\/psol50.org.br\/inc\/uploads\/2018\/07\/capa.png","width":1350,"height":900,"caption":"PSOL 50"},"image":{"@id":"https:\/\/psol50.org.br\/#\/schema\/logo\/image\/"},"sameAs":["https:\/\/www.facebook.com\/psol50","https:\/\/x.com\/psol50","https:\/\/www.instagram.com\/psol50\/","https:\/\/www.youtube.com\/channel\/UC7SnJS5o1os7a6CaiNabzcg"]},{"@type":"Person","@id":"https:\/\/psol50.org.br\/#\/schema\/person\/475dfa57d0b815993c714c2e96491fcd","name":"Comunica\u00e7\u00e3o PSOL","image":{"@type":"ImageObject","inLanguage":"pt-BR","@id":"https:\/\/psol50.org.br\/#\/schema\/person\/image\/","url":"https:\/\/secure.gravatar.com\/avatar\/b34fc4f4e468a4e51785917065a3db57b841f5c95dba6ad8c73aaf8f66f8f9bf?s=96&d=mm&r=g","contentUrl":"https:\/\/secure.gravatar.com\/avatar\/b34fc4f4e468a4e51785917065a3db57b841f5c95dba6ad8c73aaf8f66f8f9bf?s=96&d=mm&r=g","caption":"Comunica\u00e7\u00e3o PSOL"}}]}},"_links":{"self":[{"href":"https:\/\/psol50.org.br\/rest\/wp\/v2\/posts\/2755","targetHints":{"allow":["GET"]}}],"collection":[{"href":"https:\/\/psol50.org.br\/rest\/wp\/v2\/posts"}],"about":[{"href":"https:\/\/psol50.org.br\/rest\/wp\/v2\/types\/post"}],"author":[{"embeddable":true,"href":"https:\/\/psol50.org.br\/rest\/wp\/v2\/users\/2"}],"replies":[{"embeddable":true,"href":"https:\/\/psol50.org.br\/rest\/wp\/v2\/comments?post=2755"}],"version-history":[{"count":0,"href":"https:\/\/psol50.org.br\/rest\/wp\/v2\/posts\/2755\/revisions"}],"wp:attachment":[{"href":"https:\/\/psol50.org.br\/rest\/wp\/v2\/media?parent=2755"}],"wp:term":[{"taxonomy":"category","embeddable":true,"href":"https:\/\/psol50.org.br\/rest\/wp\/v2\/categories?post=2755"},{"taxonomy":"post_tag","embeddable":true,"href":"https:\/\/psol50.org.br\/rest\/wp\/v2\/tags?post=2755"}],"curies":[{"name":"wp","href":"https:\/\/api.w.org\/{rel}","templated":true}]}}