{"id":27552,"date":"2020-02-18T15:19:15","date_gmt":"2020-02-18T18:19:15","guid":{"rendered":"https:\/\/psol50.org.br\/?p=27552"},"modified":"2020-02-18T15:19:15","modified_gmt":"2020-02-18T18:19:15","slug":"psol-cobra-explicacoes-de-weintraub-sobre-processo-contra-30-professores-da-uff","status":"publish","type":"post","link":"https:\/\/psol50.org.br\/psol-cobra-explicacoes-de-weintraub-sobre-processo-contra-30-professores-da-uff\/","title":{"rendered":"PSOL cobra explica\u00e7\u00f5es de Weintraub sobre processo contra 30 professores da UFF"},"content":{"rendered":"<p>A bancada do PSOL na C\u00e2mara dos Deputados protocolou nesta ter\u00e7a-feira (18) um requerimento de informa\u00e7\u00e3o ao Minist\u00e9rio da Educa\u00e7\u00e3o (MEC) para que Abraham Weintraub preste explica\u00e7\u00f5es sobre um procedimento administrativo disciplinar que foi instaurado contra 30 professores na Universidade Federal Fluminense (UFF).<\/p>\n<p>O MEC decidiu cobrar explica\u00e7\u00f5es aos docentes sobre um voto de 12 anos atr\u00e1s que tratava da carreira administrativa na institui\u00e7\u00e3o.<\/p>\n<p>O PSOL encaminhou cinco perguntas ao Minist\u00e9rio que questionam a motiva\u00e7\u00e3o da abertura do procedimento, a fundamenta\u00e7\u00e3o jur\u00eddica para a a\u00e7\u00e3o, a autoridade que determinou a abertura do procedimento e se h\u00e1 envolvimento de Weintraub na decis\u00e3o.<\/p>\n<p>&#8220;Causa apreens\u00e3o, no momento que o Brasil atravessa, o n\u00famero extenso de\u00a0den\u00fancias de amea\u00e7as, abertas ou veladas, \u00e0 livre express\u00e3o, ao livre exerc\u00edcio do pensamento, \u00e0 autonomia universit\u00e1ria e \u00e0 liberdade de c\u00e1tedra que t\u00eam chegado ao conhecimento p\u00fablico&#8221;, afirma o documento.<\/p>\n<p>O requerimento cita a Constitui\u00e7\u00e3o ao defender a autonomia das universidades\u00a0no \u00e2mbito did\u00e1tico-cient\u00edfico, administrativo e de gest\u00e3o financeira e patrimonial.<\/p>\n","protected":false},"excerpt":{"rendered":"<p>A bancada do PSOL na C\u00e2mara dos Deputados protocolou nesta ter\u00e7a-feira (18) um requerimento de informa\u00e7\u00e3o ao Minist\u00e9rio da Educa\u00e7\u00e3o (MEC) para que Abraham Weintraub preste explica\u00e7\u00f5es sobre um procedimento administrativo disciplinar que foi instaurado contra 30 professores na Universidade Federal Fluminense (UFF). O MEC decidiu cobrar explica\u00e7\u00f5es aos docentes sobre um voto de 12 [&hellip;]<\/p>\n","protected":false},"author":2,"featured_media":26227,"comment_status":"closed","ping_status":"open","sticky":false,"template":"","format":"standard","meta":{"_acf_changed":false,"footnotes":""},"categories":[6],"tags":[234,91,271,272,22,273,93],"class_list":{"0":"post-27552","1":"post","2":"type-post","3":"status-publish","4":"format-standard","5":"has-post-thumbnail","7":"category-noticias","8":"tag-censura","9":"tag-mec","10":"tag-perseguicao","11":"tag-professores","12":"tag-psol","13":"tag-uff","14":"tag-weintraub"},"acf":[],"yoast_head":"<!-- This site is optimized with the Yoast SEO plugin v26.5 - https:\/\/yoast.com\/wordpress\/plugins\/seo\/ -->\n<title>PSOL cobra explica\u00e7\u00f5es de Weintraub sobre processo contra 30 professores da UFF<\/title>\n<meta name=\"description\" content=\"O MEC decidiu cobrar explica\u00e7\u00f5es aos docentes sobre um voto de 12 anos atr\u00e1s que tratava da carreira administrativa na institui\u00e7\u00e3o.\" \/>\n<meta name=\"robots\" content=\"index, follow, max-snippet:-1, max-image-preview:large, max-video-preview:-1\" \/>\n<link rel=\"canonical\" href=\"https:\/\/psol50.org.br\/psol-cobra-explicacoes-de-weintraub-sobre-processo-contra-30-professores-da-uff\/\" \/>\n<meta property=\"og:locale\" content=\"pt_BR\" \/>\n<meta property=\"og:type\" content=\"article\" \/>\n<meta property=\"og:title\" content=\"PSOL cobra explica\u00e7\u00f5es de Weintraub sobre processo contra 30 professores da UFF\" \/>\n<meta property=\"og:description\" content=\"O MEC decidiu cobrar explica\u00e7\u00f5es aos docentes sobre um voto de 12 anos atr\u00e1s que tratava da carreira administrativa na institui\u00e7\u00e3o.\" \/>\n<meta property=\"og:url\" content=\"https:\/\/psol50.org.br\/psol-cobra-explicacoes-de-weintraub-sobre-processo-contra-30-professores-da-uff\/\" \/>\n<meta property=\"og:site_name\" content=\"PSOL 50\" \/>\n<meta property=\"article:publisher\" content=\"https:\/\/www.facebook.com\/psol50\" \/>\n<meta property=\"article:published_time\" content=\"2020-02-18T18:19:15+00:00\" \/>\n<meta property=\"og:image\" content=\"https:\/\/psol50.org.br\/inc\/uploads\/2019\/08\/Weintraub.-Marcelo-CamargoAg.-Brasil.jpg\" \/>\n\t<meta property=\"og:image:width\" content=\"1140\" \/>\n\t<meta property=\"og:image:height\" content=\"760\" \/>\n\t<meta property=\"og:image:type\" content=\"image\/jpeg\" \/>\n<meta name=\"author\" content=\"Comunica\u00e7\u00e3o PSOL\" \/>\n<meta name=\"twitter:card\" content=\"summary_large_image\" \/>\n<meta name=\"twitter:title\" content=\"PSOL cobra explica\u00e7\u00f5es de Weintraub sobre processo contra 30 professores da UFF\" \/>\n<meta name=\"twitter:description\" content=\"O MEC decidiu cobrar explica\u00e7\u00f5es aos docentes sobre um voto de 12 anos atr\u00e1s que tratava da carreira administrativa na institui\u00e7\u00e3o.\" \/>\n<meta name=\"twitter:image\" content=\"https:\/\/psol50.org.br\/inc\/uploads\/2019\/08\/Weintraub.-Marcelo-CamargoAg.-Brasil.jpg\" \/>\n<meta name=\"twitter:creator\" content=\"@psol50\" \/>\n<meta name=\"twitter:site\" content=\"@psol50\" \/>\n<meta name=\"twitter:label1\" content=\"Escrito por\" \/>\n\t<meta name=\"twitter:data1\" content=\"Comunica\u00e7\u00e3o PSOL\" \/>\n\t<meta name=\"twitter:label2\" content=\"Est. tempo de leitura\" \/>\n\t<meta name=\"twitter:data2\" content=\"1 minuto\" \/>\n<script type=\"application\/ld+json\" class=\"yoast-schema-graph\">{\"@context\":\"https:\/\/schema.org\",\"@graph\":[{\"@type\":\"Article\",\"@id\":\"https:\/\/psol50.org.br\/psol-cobra-explicacoes-de-weintraub-sobre-processo-contra-30-professores-da-uff\/#article\",\"isPartOf\":{\"@id\":\"https:\/\/psol50.org.br\/psol-cobra-explicacoes-de-weintraub-sobre-processo-contra-30-professores-da-uff\/\"},\"author\":{\"name\":\"Comunica\u00e7\u00e3o PSOL\",\"@id\":\"https:\/\/psol50.org.br\/#\/schema\/person\/475dfa57d0b815993c714c2e96491fcd\"},\"headline\":\"PSOL cobra explica\u00e7\u00f5es de Weintraub sobre processo contra 30 professores da UFF\",\"datePublished\":\"2020-02-18T18:19:15+00:00\",\"mainEntityOfPage\":{\"@id\":\"https:\/\/psol50.org.br\/psol-cobra-explicacoes-de-weintraub-sobre-processo-contra-30-professores-da-uff\/\"},\"wordCount\":200,\"publisher\":{\"@id\":\"https:\/\/psol50.org.br\/#organization\"},\"image\":{\"@id\":\"https:\/\/psol50.org.br\/psol-cobra-explicacoes-de-weintraub-sobre-processo-contra-30-professores-da-uff\/#primaryimage\"},\"thumbnailUrl\":\"https:\/\/psol50.org.br\/inc\/uploads\/2019\/08\/Weintraub.-Marcelo-CamargoAg.-Brasil.jpg\",\"keywords\":[\"censura\",\"MEC\",\"persegui\u00e7\u00e3o\",\"professores\",\"PSOL\",\"UFF\",\"weintraub\"],\"articleSection\":[\"Not\u00edcias\"],\"inLanguage\":\"pt-BR\"},{\"@type\":\"WebPage\",\"@id\":\"https:\/\/psol50.org.br\/psol-cobra-explicacoes-de-weintraub-sobre-processo-contra-30-professores-da-uff\/\",\"url\":\"https:\/\/psol50.org.br\/psol-cobra-explicacoes-de-weintraub-sobre-processo-contra-30-professores-da-uff\/\",\"name\":\"PSOL cobra explica\u00e7\u00f5es de Weintraub sobre processo contra 30 professores da UFF\",\"isPartOf\":{\"@id\":\"https:\/\/psol50.org.br\/#website\"},\"primaryImageOfPage\":{\"@id\":\"https:\/\/psol50.org.br\/psol-cobra-explicacoes-de-weintraub-sobre-processo-contra-30-professores-da-uff\/#primaryimage\"},\"image\":{\"@id\":\"https:\/\/psol50.org.br\/psol-cobra-explicacoes-de-weintraub-sobre-processo-contra-30-professores-da-uff\/#primaryimage\"},\"thumbnailUrl\":\"https:\/\/psol50.org.br\/inc\/uploads\/2019\/08\/Weintraub.-Marcelo-CamargoAg.-Brasil.jpg\",\"datePublished\":\"2020-02-18T18:19:15+00:00\",\"description\":\"O MEC decidiu cobrar explica\u00e7\u00f5es aos docentes sobre um voto de 12 anos atr\u00e1s que tratava da carreira administrativa na institui\u00e7\u00e3o.\",\"breadcrumb\":{\"@id\":\"https:\/\/psol50.org.br\/psol-cobra-explicacoes-de-weintraub-sobre-processo-contra-30-professores-da-uff\/#breadcrumb\"},\"inLanguage\":\"pt-BR\",\"potentialAction\":[{\"@type\":\"ReadAction\",\"target\":[\"https:\/\/psol50.org.br\/psol-cobra-explicacoes-de-weintraub-sobre-processo-contra-30-professores-da-uff\/\"]}]},{\"@type\":\"ImageObject\",\"inLanguage\":\"pt-BR\",\"@id\":\"https:\/\/psol50.org.br\/psol-cobra-explicacoes-de-weintraub-sobre-processo-contra-30-professores-da-uff\/#primaryimage\",\"url\":\"https:\/\/psol50.org.br\/inc\/uploads\/2019\/08\/Weintraub.-Marcelo-CamargoAg.-Brasil.jpg\",\"contentUrl\":\"https:\/\/psol50.org.br\/inc\/uploads\/2019\/08\/Weintraub.-Marcelo-CamargoAg.-Brasil.jpg\",\"width\":1140,\"height\":760,\"caption\":\"Marcelo Camargo\/Ag. Brasil\"},{\"@type\":\"BreadcrumbList\",\"@id\":\"https:\/\/psol50.org.br\/psol-cobra-explicacoes-de-weintraub-sobre-processo-contra-30-professores-da-uff\/#breadcrumb\",\"itemListElement\":[{\"@type\":\"ListItem\",\"position\":1,\"name\":\"In\u00edcio\",\"item\":\"https:\/\/psol50.org.br\/\"},{\"@type\":\"ListItem\",\"position\":2,\"name\":\"PSOL cobra explica\u00e7\u00f5es de Weintraub sobre processo contra 30 professores da UFF\"}]},{\"@type\":\"WebSite\",\"@id\":\"https:\/\/psol50.org.br\/#website\",\"url\":\"https:\/\/psol50.org.br\/\",\"name\":\"PSOL 50\",\"description\":\"Site oficial do Partido Socialismo e Liberdade\",\"publisher\":{\"@id\":\"https:\/\/psol50.org.br\/#organization\"},\"alternateName\":\"PSOL50\",\"potentialAction\":[{\"@type\":\"SearchAction\",\"target\":{\"@type\":\"EntryPoint\",\"urlTemplate\":\"https:\/\/psol50.org.br\/?s={search_term_string}\"},\"query-input\":{\"@type\":\"PropertyValueSpecification\",\"valueRequired\":true,\"valueName\":\"search_term_string\"}}],\"inLanguage\":\"pt-BR\"},{\"@type\":\"Organization\",\"@id\":\"https:\/\/psol50.org.br\/#organization\",\"name\":\"PSOL 50\",\"alternateName\":\"PSOL 50\",\"url\":\"https:\/\/psol50.org.br\/\",\"logo\":{\"@type\":\"ImageObject\",\"inLanguage\":\"pt-BR\",\"@id\":\"https:\/\/psol50.org.br\/#\/schema\/logo\/image\/\",\"url\":\"https:\/\/psol50.org.br\/inc\/uploads\/2018\/07\/capa.png\",\"contentUrl\":\"https:\/\/psol50.org.br\/inc\/uploads\/2018\/07\/capa.png\",\"width\":1350,\"height\":900,\"caption\":\"PSOL 50\"},\"image\":{\"@id\":\"https:\/\/psol50.org.br\/#\/schema\/logo\/image\/\"},\"sameAs\":[\"https:\/\/www.facebook.com\/psol50\",\"https:\/\/x.com\/psol50\",\"https:\/\/www.instagram.com\/psol50\/\",\"https:\/\/www.youtube.com\/channel\/UC7SnJS5o1os7a6CaiNabzcg\"]},{\"@type\":\"Person\",\"@id\":\"https:\/\/psol50.org.br\/#\/schema\/person\/475dfa57d0b815993c714c2e96491fcd\",\"name\":\"Comunica\u00e7\u00e3o PSOL\",\"image\":{\"@type\":\"ImageObject\",\"inLanguage\":\"pt-BR\",\"@id\":\"https:\/\/psol50.org.br\/#\/schema\/person\/image\/\",\"url\":\"https:\/\/secure.gravatar.com\/avatar\/b34fc4f4e468a4e51785917065a3db57b841f5c95dba6ad8c73aaf8f66f8f9bf?s=96&d=mm&r=g\",\"contentUrl\":\"https:\/\/secure.gravatar.com\/avatar\/b34fc4f4e468a4e51785917065a3db57b841f5c95dba6ad8c73aaf8f66f8f9bf?s=96&d=mm&r=g\",\"caption\":\"Comunica\u00e7\u00e3o PSOL\"}}]}<\/script>\n<!-- \/ Yoast SEO plugin. -->","yoast_head_json":{"title":"PSOL cobra explica\u00e7\u00f5es de Weintraub sobre processo contra 30 professores da UFF","description":"O MEC decidiu cobrar explica\u00e7\u00f5es aos docentes sobre um voto de 12 anos atr\u00e1s que tratava da carreira administrativa na institui\u00e7\u00e3o.","robots":{"index":"index","follow":"follow","max-snippet":"max-snippet:-1","max-image-preview":"max-image-preview:large","max-video-preview":"max-video-preview:-1"},"canonical":"https:\/\/psol50.org.br\/psol-cobra-explicacoes-de-weintraub-sobre-processo-contra-30-professores-da-uff\/","og_locale":"pt_BR","og_type":"article","og_title":"PSOL cobra explica\u00e7\u00f5es de Weintraub sobre processo contra 30 professores da UFF","og_description":"O MEC decidiu cobrar explica\u00e7\u00f5es aos docentes sobre um voto de 12 anos atr\u00e1s que tratava da carreira administrativa na institui\u00e7\u00e3o.","og_url":"https:\/\/psol50.org.br\/psol-cobra-explicacoes-de-weintraub-sobre-processo-contra-30-professores-da-uff\/","og_site_name":"PSOL 50","article_publisher":"https:\/\/www.facebook.com\/psol50","article_published_time":"2020-02-18T18:19:15+00:00","og_image":[{"width":1140,"height":760,"url":"https:\/\/psol50.org.br\/inc\/uploads\/2019\/08\/Weintraub.-Marcelo-CamargoAg.-Brasil.jpg","type":"image\/jpeg"}],"author":"Comunica\u00e7\u00e3o PSOL","twitter_card":"summary_large_image","twitter_title":"PSOL cobra explica\u00e7\u00f5es de Weintraub sobre processo contra 30 professores da UFF","twitter_description":"O MEC decidiu cobrar explica\u00e7\u00f5es aos docentes sobre um voto de 12 anos atr\u00e1s que tratava da carreira administrativa na institui\u00e7\u00e3o.","twitter_image":"https:\/\/psol50.org.br\/inc\/uploads\/2019\/08\/Weintraub.-Marcelo-CamargoAg.-Brasil.jpg","twitter_creator":"@psol50","twitter_site":"@psol50","twitter_misc":{"Escrito por":"Comunica\u00e7\u00e3o PSOL","Est. tempo de leitura":"1 minuto"},"schema":{"@context":"https:\/\/schema.org","@graph":[{"@type":"Article","@id":"https:\/\/psol50.org.br\/psol-cobra-explicacoes-de-weintraub-sobre-processo-contra-30-professores-da-uff\/#article","isPartOf":{"@id":"https:\/\/psol50.org.br\/psol-cobra-explicacoes-de-weintraub-sobre-processo-contra-30-professores-da-uff\/"},"author":{"name":"Comunica\u00e7\u00e3o PSOL","@id":"https:\/\/psol50.org.br\/#\/schema\/person\/475dfa57d0b815993c714c2e96491fcd"},"headline":"PSOL cobra explica\u00e7\u00f5es de Weintraub sobre processo contra 30 professores da UFF","datePublished":"2020-02-18T18:19:15+00:00","mainEntityOfPage":{"@id":"https:\/\/psol50.org.br\/psol-cobra-explicacoes-de-weintraub-sobre-processo-contra-30-professores-da-uff\/"},"wordCount":200,"publisher":{"@id":"https:\/\/psol50.org.br\/#organization"},"image":{"@id":"https:\/\/psol50.org.br\/psol-cobra-explicacoes-de-weintraub-sobre-processo-contra-30-professores-da-uff\/#primaryimage"},"thumbnailUrl":"https:\/\/psol50.org.br\/inc\/uploads\/2019\/08\/Weintraub.-Marcelo-CamargoAg.-Brasil.jpg","keywords":["censura","MEC","persegui\u00e7\u00e3o","professores","PSOL","UFF","weintraub"],"articleSection":["Not\u00edcias"],"inLanguage":"pt-BR"},{"@type":"WebPage","@id":"https:\/\/psol50.org.br\/psol-cobra-explicacoes-de-weintraub-sobre-processo-contra-30-professores-da-uff\/","url":"https:\/\/psol50.org.br\/psol-cobra-explicacoes-de-weintraub-sobre-processo-contra-30-professores-da-uff\/","name":"PSOL cobra explica\u00e7\u00f5es de Weintraub sobre processo contra 30 professores da UFF","isPartOf":{"@id":"https:\/\/psol50.org.br\/#website"},"primaryImageOfPage":{"@id":"https:\/\/psol50.org.br\/psol-cobra-explicacoes-de-weintraub-sobre-processo-contra-30-professores-da-uff\/#primaryimage"},"image":{"@id":"https:\/\/psol50.org.br\/psol-cobra-explicacoes-de-weintraub-sobre-processo-contra-30-professores-da-uff\/#primaryimage"},"thumbnailUrl":"https:\/\/psol50.org.br\/inc\/uploads\/2019\/08\/Weintraub.-Marcelo-CamargoAg.-Brasil.jpg","datePublished":"2020-02-18T18:19:15+00:00","description":"O MEC decidiu cobrar explica\u00e7\u00f5es aos docentes sobre um voto de 12 anos atr\u00e1s que tratava da carreira administrativa na institui\u00e7\u00e3o.","breadcrumb":{"@id":"https:\/\/psol50.org.br\/psol-cobra-explicacoes-de-weintraub-sobre-processo-contra-30-professores-da-uff\/#breadcrumb"},"inLanguage":"pt-BR","potentialAction":[{"@type":"ReadAction","target":["https:\/\/psol50.org.br\/psol-cobra-explicacoes-de-weintraub-sobre-processo-contra-30-professores-da-uff\/"]}]},{"@type":"ImageObject","inLanguage":"pt-BR","@id":"https:\/\/psol50.org.br\/psol-cobra-explicacoes-de-weintraub-sobre-processo-contra-30-professores-da-uff\/#primaryimage","url":"https:\/\/psol50.org.br\/inc\/uploads\/2019\/08\/Weintraub.-Marcelo-CamargoAg.-Brasil.jpg","contentUrl":"https:\/\/psol50.org.br\/inc\/uploads\/2019\/08\/Weintraub.-Marcelo-CamargoAg.-Brasil.jpg","width":1140,"height":760,"caption":"Marcelo Camargo\/Ag. Brasil"},{"@type":"BreadcrumbList","@id":"https:\/\/psol50.org.br\/psol-cobra-explicacoes-de-weintraub-sobre-processo-contra-30-professores-da-uff\/#breadcrumb","itemListElement":[{"@type":"ListItem","position":1,"name":"In\u00edcio","item":"https:\/\/psol50.org.br\/"},{"@type":"ListItem","position":2,"name":"PSOL cobra explica\u00e7\u00f5es de Weintraub sobre processo contra 30 professores da UFF"}]},{"@type":"WebSite","@id":"https:\/\/psol50.org.br\/#website","url":"https:\/\/psol50.org.br\/","name":"PSOL 50","description":"Site oficial do Partido Socialismo e Liberdade","publisher":{"@id":"https:\/\/psol50.org.br\/#organization"},"alternateName":"PSOL50","potentialAction":[{"@type":"SearchAction","target":{"@type":"EntryPoint","urlTemplate":"https:\/\/psol50.org.br\/?s={search_term_string}"},"query-input":{"@type":"PropertyValueSpecification","valueRequired":true,"valueName":"search_term_string"}}],"inLanguage":"pt-BR"},{"@type":"Organization","@id":"https:\/\/psol50.org.br\/#organization","name":"PSOL 50","alternateName":"PSOL 50","url":"https:\/\/psol50.org.br\/","logo":{"@type":"ImageObject","inLanguage":"pt-BR","@id":"https:\/\/psol50.org.br\/#\/schema\/logo\/image\/","url":"https:\/\/psol50.org.br\/inc\/uploads\/2018\/07\/capa.png","contentUrl":"https:\/\/psol50.org.br\/inc\/uploads\/2018\/07\/capa.png","width":1350,"height":900,"caption":"PSOL 50"},"image":{"@id":"https:\/\/psol50.org.br\/#\/schema\/logo\/image\/"},"sameAs":["https:\/\/www.facebook.com\/psol50","https:\/\/x.com\/psol50","https:\/\/www.instagram.com\/psol50\/","https:\/\/www.youtube.com\/channel\/UC7SnJS5o1os7a6CaiNabzcg"]},{"@type":"Person","@id":"https:\/\/psol50.org.br\/#\/schema\/person\/475dfa57d0b815993c714c2e96491fcd","name":"Comunica\u00e7\u00e3o PSOL","image":{"@type":"ImageObject","inLanguage":"pt-BR","@id":"https:\/\/psol50.org.br\/#\/schema\/person\/image\/","url":"https:\/\/secure.gravatar.com\/avatar\/b34fc4f4e468a4e51785917065a3db57b841f5c95dba6ad8c73aaf8f66f8f9bf?s=96&d=mm&r=g","contentUrl":"https:\/\/secure.gravatar.com\/avatar\/b34fc4f4e468a4e51785917065a3db57b841f5c95dba6ad8c73aaf8f66f8f9bf?s=96&d=mm&r=g","caption":"Comunica\u00e7\u00e3o PSOL"}}]}},"_links":{"self":[{"href":"https:\/\/psol50.org.br\/rest\/wp\/v2\/posts\/27552","targetHints":{"allow":["GET"]}}],"collection":[{"href":"https:\/\/psol50.org.br\/rest\/wp\/v2\/posts"}],"about":[{"href":"https:\/\/psol50.org.br\/rest\/wp\/v2\/types\/post"}],"author":[{"embeddable":true,"href":"https:\/\/psol50.org.br\/rest\/wp\/v2\/users\/2"}],"replies":[{"embeddable":true,"href":"https:\/\/psol50.org.br\/rest\/wp\/v2\/comments?post=27552"}],"version-history":[{"count":0,"href":"https:\/\/psol50.org.br\/rest\/wp\/v2\/posts\/27552\/revisions"}],"wp:featuredmedia":[{"embeddable":true,"href":"https:\/\/psol50.org.br\/rest\/wp\/v2\/media\/26227"}],"wp:attachment":[{"href":"https:\/\/psol50.org.br\/rest\/wp\/v2\/media?parent=27552"}],"wp:term":[{"taxonomy":"category","embeddable":true,"href":"https:\/\/psol50.org.br\/rest\/wp\/v2\/categories?post=27552"},{"taxonomy":"post_tag","embeddable":true,"href":"https:\/\/psol50.org.br\/rest\/wp\/v2\/tags?post=27552"}],"curies":[{"name":"wp","href":"https:\/\/api.w.org\/{rel}","templated":true}]}}