{"id":27554,"date":"2020-02-19T12:03:53","date_gmt":"2020-02-19T15:03:53","guid":{"rendered":"https:\/\/psol50.org.br\/?p=27554"},"modified":"2020-02-19T12:03:53","modified_gmt":"2020-02-19T15:03:53","slug":"psol-aciona-comissao-de-etica-da-presidencia-contra-bolsonaro-por-ofensas-misoginas-a-jornalista","status":"publish","type":"post","link":"https:\/\/psol50.org.br\/psol-aciona-comissao-de-etica-da-presidencia-contra-bolsonaro-por-ofensas-misoginas-a-jornalista\/","title":{"rendered":"PSOL aciona Comiss\u00e3o de \u00c9tica da Presid\u00eancia contra Bolsonaro por ofensas mis\u00f3ginas a jornalista"},"content":{"rendered":"<p>A Bancada do PSOL na C\u00e2mara dos Deputados protocolou na noite desta ter\u00e7a-feira (18) um <a href=\"https:\/\/psol50.org.br\/inc\/uploads\/2020\/02\/Representa\u00e7\u00e3o-Coetica-Presidencia-Bolsonaro.pdf\"><strong>pedido de apura\u00e7\u00e3o contra o presidente Jair Bolsonaro na Comiss\u00e3o de \u00c9tica da Presid\u00eancia<\/strong><\/a>, por ter violado a Conduta da Alta Administra\u00e7\u00e3o Federal ao insultar a jornalista da Folha de S.Paulo Patr\u00edcia Campos Mello, com declara\u00e7\u00f5es de cunho machista e mis\u00f3gino.<\/p>\n<p>Em entrevista na manh\u00e3 da ter\u00e7a-feira,18, Bolsonaro deu a seguinte declara\u00e7\u00e3o machista e desrespeitosa: \u201cEla queria um furo. Ela queria dar o furo a qualquer pre\u00e7o contra mim\u201d, disse aos risos na sa\u00edda do Pal\u00e1cio da Alvorada.<\/p>\n<p>Para os deputados do PSOL, \u201cos ataques aos jornalistas empreendidos pelo Presidente s\u00e3o incompat\u00edveis com os princ\u00edpios da democracia, cuja sa\u00fade depende da livre circula\u00e7\u00e3o de informa\u00e7\u00f5es e da fiscaliza\u00e7\u00e3o das autoridades pelos cidad\u00e3os. As agress\u00f5es cotidianas aos rep\u00f3rteres que buscam esclarecer os fatos em nome da sociedade s\u00e3o incompat\u00edveis com o equil\u00edbrio esperado de um Presidente\u201d.<\/p>\n","protected":false},"excerpt":{"rendered":"<p>A Bancada do PSOL na C\u00e2mara dos Deputados protocolou na noite desta ter\u00e7a-feira (18) um pedido de apura\u00e7\u00e3o contra o presidente Jair Bolsonaro na Comiss\u00e3o de \u00c9tica da Presid\u00eancia, por ter violado a Conduta da Alta Administra\u00e7\u00e3o Federal ao insultar a jornalista da Folha de S.Paulo Patr\u00edcia Campos Mello, com declara\u00e7\u00f5es de cunho machista e [&hellip;]<\/p>\n","protected":false},"author":2,"featured_media":26773,"comment_status":"closed","ping_status":"open","sticky":false,"template":"","format":"standard","meta":{"_acf_changed":false,"footnotes":""},"categories":[6],"tags":[56,274,252,275,276,277,22],"class_list":{"0":"post-27554","1":"post","2":"type-post","3":"status-publish","4":"format-standard","5":"has-post-thumbnail","7":"category-noticias","8":"tag-bolsonaro","9":"tag-campos-mello","10":"tag-comissao-de-etica","11":"tag-jornalista","12":"tag-machismo","13":"tag-ofensa","14":"tag-psol"},"acf":[],"yoast_head":"<!-- This site is optimized with the Yoast SEO plugin v26.5 - https:\/\/yoast.com\/wordpress\/plugins\/seo\/ -->\n<title>PSOL aciona Comiss\u00e3o de \u00c9tica da Presid\u00eancia contra Bolsonaro por ofensas mis\u00f3ginas a jornalista<\/title>\n<meta name=\"description\" content=\"Para os deputados do PSOL, \u201cos ataques aos jornalistas empreendidos pelo Presidente s\u00e3o incompat\u00edveis com os princ\u00edpios da democracia&quot;.\" \/>\n<meta name=\"robots\" content=\"index, follow, max-snippet:-1, max-image-preview:large, max-video-preview:-1\" \/>\n<link rel=\"canonical\" href=\"https:\/\/psol50.org.br\/psol-aciona-comissao-de-etica-da-presidencia-contra-bolsonaro-por-ofensas-misoginas-a-jornalista\/\" \/>\n<meta property=\"og:locale\" content=\"pt_BR\" \/>\n<meta property=\"og:type\" content=\"article\" \/>\n<meta property=\"og:title\" content=\"PSOL aciona Comiss\u00e3o de \u00c9tica da Presid\u00eancia contra Bolsonaro por ofensas mis\u00f3ginas a jornalista\" \/>\n<meta property=\"og:description\" content=\"Para os deputados do PSOL, \u201cos ataques aos jornalistas empreendidos pelo Presidente s\u00e3o incompat\u00edveis com os princ\u00edpios da democracia&quot;.\" \/>\n<meta property=\"og:url\" content=\"https:\/\/psol50.org.br\/psol-aciona-comissao-de-etica-da-presidencia-contra-bolsonaro-por-ofensas-misoginas-a-jornalista\/\" \/>\n<meta property=\"og:site_name\" content=\"PSOL 50\" \/>\n<meta property=\"article:publisher\" content=\"https:\/\/www.facebook.com\/psol50\" \/>\n<meta property=\"article:published_time\" content=\"2020-02-19T15:03:53+00:00\" \/>\n<meta property=\"og:image\" content=\"https:\/\/psol50.org.br\/inc\/uploads\/2019\/10\/Bolsonaro-vendo-o-Celular-640x403-1.jpg\" \/>\n\t<meta property=\"og:image:width\" content=\"640\" \/>\n\t<meta property=\"og:image:height\" content=\"403\" \/>\n\t<meta property=\"og:image:type\" content=\"image\/jpeg\" \/>\n<meta name=\"author\" content=\"Comunica\u00e7\u00e3o PSOL\" \/>\n<meta name=\"twitter:card\" content=\"summary_large_image\" \/>\n<meta name=\"twitter:title\" content=\"PSOL aciona Comiss\u00e3o de \u00c9tica da Presid\u00eancia contra Bolsonaro por ofensas mis\u00f3ginas a jornalista\" \/>\n<meta name=\"twitter:description\" content=\"Para os deputados do PSOL, \u201cos ataques aos jornalistas empreendidos pelo Presidente s\u00e3o incompat\u00edveis com os princ\u00edpios da democracia&quot;.\" \/>\n<meta name=\"twitter:image\" content=\"https:\/\/psol50.org.br\/inc\/uploads\/2019\/10\/Bolsonaro-vendo-o-Celular-640x403-1.jpg\" \/>\n<meta name=\"twitter:creator\" content=\"@psol50\" \/>\n<meta name=\"twitter:site\" content=\"@psol50\" \/>\n<meta name=\"twitter:label1\" content=\"Escrito por\" \/>\n\t<meta name=\"twitter:data1\" content=\"Comunica\u00e7\u00e3o PSOL\" \/>\n\t<meta name=\"twitter:label2\" content=\"Est. tempo de leitura\" \/>\n\t<meta name=\"twitter:data2\" content=\"1 minuto\" \/>\n<script type=\"application\/ld+json\" class=\"yoast-schema-graph\">{\"@context\":\"https:\/\/schema.org\",\"@graph\":[{\"@type\":\"Article\",\"@id\":\"https:\/\/psol50.org.br\/psol-aciona-comissao-de-etica-da-presidencia-contra-bolsonaro-por-ofensas-misoginas-a-jornalista\/#article\",\"isPartOf\":{\"@id\":\"https:\/\/psol50.org.br\/psol-aciona-comissao-de-etica-da-presidencia-contra-bolsonaro-por-ofensas-misoginas-a-jornalista\/\"},\"author\":{\"name\":\"Comunica\u00e7\u00e3o PSOL\",\"@id\":\"https:\/\/psol50.org.br\/#\/schema\/person\/475dfa57d0b815993c714c2e96491fcd\"},\"headline\":\"PSOL aciona Comiss\u00e3o de \u00c9tica da Presid\u00eancia contra Bolsonaro por ofensas mis\u00f3ginas a jornalista\",\"datePublished\":\"2020-02-19T15:03:53+00:00\",\"mainEntityOfPage\":{\"@id\":\"https:\/\/psol50.org.br\/psol-aciona-comissao-de-etica-da-presidencia-contra-bolsonaro-por-ofensas-misoginas-a-jornalista\/\"},\"wordCount\":194,\"publisher\":{\"@id\":\"https:\/\/psol50.org.br\/#organization\"},\"image\":{\"@id\":\"https:\/\/psol50.org.br\/psol-aciona-comissao-de-etica-da-presidencia-contra-bolsonaro-por-ofensas-misoginas-a-jornalista\/#primaryimage\"},\"thumbnailUrl\":\"https:\/\/psol50.org.br\/inc\/uploads\/2019\/10\/Bolsonaro-vendo-o-Celular-640x403-1.jpg\",\"keywords\":[\"Bolsonaro\",\"campos mello\",\"Comiss\u00e3o de \u00c9tica\",\"jornalista\",\"machismo\",\"ofensa\",\"PSOL\"],\"articleSection\":[\"Not\u00edcias\"],\"inLanguage\":\"pt-BR\"},{\"@type\":\"WebPage\",\"@id\":\"https:\/\/psol50.org.br\/psol-aciona-comissao-de-etica-da-presidencia-contra-bolsonaro-por-ofensas-misoginas-a-jornalista\/\",\"url\":\"https:\/\/psol50.org.br\/psol-aciona-comissao-de-etica-da-presidencia-contra-bolsonaro-por-ofensas-misoginas-a-jornalista\/\",\"name\":\"PSOL aciona Comiss\u00e3o de \u00c9tica da Presid\u00eancia contra Bolsonaro por ofensas mis\u00f3ginas a jornalista\",\"isPartOf\":{\"@id\":\"https:\/\/psol50.org.br\/#website\"},\"primaryImageOfPage\":{\"@id\":\"https:\/\/psol50.org.br\/psol-aciona-comissao-de-etica-da-presidencia-contra-bolsonaro-por-ofensas-misoginas-a-jornalista\/#primaryimage\"},\"image\":{\"@id\":\"https:\/\/psol50.org.br\/psol-aciona-comissao-de-etica-da-presidencia-contra-bolsonaro-por-ofensas-misoginas-a-jornalista\/#primaryimage\"},\"thumbnailUrl\":\"https:\/\/psol50.org.br\/inc\/uploads\/2019\/10\/Bolsonaro-vendo-o-Celular-640x403-1.jpg\",\"datePublished\":\"2020-02-19T15:03:53+00:00\",\"description\":\"Para os deputados do PSOL, \u201cos ataques aos jornalistas empreendidos pelo Presidente s\u00e3o incompat\u00edveis com os princ\u00edpios da democracia\\\".\",\"breadcrumb\":{\"@id\":\"https:\/\/psol50.org.br\/psol-aciona-comissao-de-etica-da-presidencia-contra-bolsonaro-por-ofensas-misoginas-a-jornalista\/#breadcrumb\"},\"inLanguage\":\"pt-BR\",\"potentialAction\":[{\"@type\":\"ReadAction\",\"target\":[\"https:\/\/psol50.org.br\/psol-aciona-comissao-de-etica-da-presidencia-contra-bolsonaro-por-ofensas-misoginas-a-jornalista\/\"]}]},{\"@type\":\"ImageObject\",\"inLanguage\":\"pt-BR\",\"@id\":\"https:\/\/psol50.org.br\/psol-aciona-comissao-de-etica-da-presidencia-contra-bolsonaro-por-ofensas-misoginas-a-jornalista\/#primaryimage\",\"url\":\"https:\/\/psol50.org.br\/inc\/uploads\/2019\/10\/Bolsonaro-vendo-o-Celular-640x403-1.jpg\",\"contentUrl\":\"https:\/\/psol50.org.br\/inc\/uploads\/2019\/10\/Bolsonaro-vendo-o-Celular-640x403-1.jpg\",\"width\":640,\"height\":403,\"caption\":\"Foto: Jorge William\"},{\"@type\":\"BreadcrumbList\",\"@id\":\"https:\/\/psol50.org.br\/psol-aciona-comissao-de-etica-da-presidencia-contra-bolsonaro-por-ofensas-misoginas-a-jornalista\/#breadcrumb\",\"itemListElement\":[{\"@type\":\"ListItem\",\"position\":1,\"name\":\"In\u00edcio\",\"item\":\"https:\/\/psol50.org.br\/\"},{\"@type\":\"ListItem\",\"position\":2,\"name\":\"PSOL aciona Comiss\u00e3o de \u00c9tica da Presid\u00eancia contra Bolsonaro por ofensas mis\u00f3ginas a jornalista\"}]},{\"@type\":\"WebSite\",\"@id\":\"https:\/\/psol50.org.br\/#website\",\"url\":\"https:\/\/psol50.org.br\/\",\"name\":\"PSOL 50\",\"description\":\"Site oficial do Partido Socialismo e Liberdade\",\"publisher\":{\"@id\":\"https:\/\/psol50.org.br\/#organization\"},\"alternateName\":\"PSOL50\",\"potentialAction\":[{\"@type\":\"SearchAction\",\"target\":{\"@type\":\"EntryPoint\",\"urlTemplate\":\"https:\/\/psol50.org.br\/?s={search_term_string}\"},\"query-input\":{\"@type\":\"PropertyValueSpecification\",\"valueRequired\":true,\"valueName\":\"search_term_string\"}}],\"inLanguage\":\"pt-BR\"},{\"@type\":\"Organization\",\"@id\":\"https:\/\/psol50.org.br\/#organization\",\"name\":\"PSOL 50\",\"alternateName\":\"PSOL 50\",\"url\":\"https:\/\/psol50.org.br\/\",\"logo\":{\"@type\":\"ImageObject\",\"inLanguage\":\"pt-BR\",\"@id\":\"https:\/\/psol50.org.br\/#\/schema\/logo\/image\/\",\"url\":\"https:\/\/psol50.org.br\/inc\/uploads\/2018\/07\/capa.png\",\"contentUrl\":\"https:\/\/psol50.org.br\/inc\/uploads\/2018\/07\/capa.png\",\"width\":1350,\"height\":900,\"caption\":\"PSOL 50\"},\"image\":{\"@id\":\"https:\/\/psol50.org.br\/#\/schema\/logo\/image\/\"},\"sameAs\":[\"https:\/\/www.facebook.com\/psol50\",\"https:\/\/x.com\/psol50\",\"https:\/\/www.instagram.com\/psol50\/\",\"https:\/\/www.youtube.com\/channel\/UC7SnJS5o1os7a6CaiNabzcg\"]},{\"@type\":\"Person\",\"@id\":\"https:\/\/psol50.org.br\/#\/schema\/person\/475dfa57d0b815993c714c2e96491fcd\",\"name\":\"Comunica\u00e7\u00e3o PSOL\",\"image\":{\"@type\":\"ImageObject\",\"inLanguage\":\"pt-BR\",\"@id\":\"https:\/\/psol50.org.br\/#\/schema\/person\/image\/\",\"url\":\"https:\/\/secure.gravatar.com\/avatar\/b34fc4f4e468a4e51785917065a3db57b841f5c95dba6ad8c73aaf8f66f8f9bf?s=96&d=mm&r=g\",\"contentUrl\":\"https:\/\/secure.gravatar.com\/avatar\/b34fc4f4e468a4e51785917065a3db57b841f5c95dba6ad8c73aaf8f66f8f9bf?s=96&d=mm&r=g\",\"caption\":\"Comunica\u00e7\u00e3o PSOL\"}}]}<\/script>\n<!-- \/ Yoast SEO plugin. -->","yoast_head_json":{"title":"PSOL aciona Comiss\u00e3o de \u00c9tica da Presid\u00eancia contra Bolsonaro por ofensas mis\u00f3ginas a jornalista","description":"Para os deputados do PSOL, \u201cos ataques aos jornalistas empreendidos pelo Presidente s\u00e3o incompat\u00edveis com os princ\u00edpios da democracia\".","robots":{"index":"index","follow":"follow","max-snippet":"max-snippet:-1","max-image-preview":"max-image-preview:large","max-video-preview":"max-video-preview:-1"},"canonical":"https:\/\/psol50.org.br\/psol-aciona-comissao-de-etica-da-presidencia-contra-bolsonaro-por-ofensas-misoginas-a-jornalista\/","og_locale":"pt_BR","og_type":"article","og_title":"PSOL aciona Comiss\u00e3o de \u00c9tica da Presid\u00eancia contra Bolsonaro por ofensas mis\u00f3ginas a jornalista","og_description":"Para os deputados do PSOL, \u201cos ataques aos jornalistas empreendidos pelo Presidente s\u00e3o incompat\u00edveis com os princ\u00edpios da democracia\".","og_url":"https:\/\/psol50.org.br\/psol-aciona-comissao-de-etica-da-presidencia-contra-bolsonaro-por-ofensas-misoginas-a-jornalista\/","og_site_name":"PSOL 50","article_publisher":"https:\/\/www.facebook.com\/psol50","article_published_time":"2020-02-19T15:03:53+00:00","og_image":[{"width":640,"height":403,"url":"https:\/\/psol50.org.br\/inc\/uploads\/2019\/10\/Bolsonaro-vendo-o-Celular-640x403-1.jpg","type":"image\/jpeg"}],"author":"Comunica\u00e7\u00e3o PSOL","twitter_card":"summary_large_image","twitter_title":"PSOL aciona Comiss\u00e3o de \u00c9tica da Presid\u00eancia contra Bolsonaro por ofensas mis\u00f3ginas a jornalista","twitter_description":"Para os deputados do PSOL, \u201cos ataques aos jornalistas empreendidos pelo Presidente s\u00e3o incompat\u00edveis com os princ\u00edpios da democracia\".","twitter_image":"https:\/\/psol50.org.br\/inc\/uploads\/2019\/10\/Bolsonaro-vendo-o-Celular-640x403-1.jpg","twitter_creator":"@psol50","twitter_site":"@psol50","twitter_misc":{"Escrito por":"Comunica\u00e7\u00e3o PSOL","Est. tempo de leitura":"1 minuto"},"schema":{"@context":"https:\/\/schema.org","@graph":[{"@type":"Article","@id":"https:\/\/psol50.org.br\/psol-aciona-comissao-de-etica-da-presidencia-contra-bolsonaro-por-ofensas-misoginas-a-jornalista\/#article","isPartOf":{"@id":"https:\/\/psol50.org.br\/psol-aciona-comissao-de-etica-da-presidencia-contra-bolsonaro-por-ofensas-misoginas-a-jornalista\/"},"author":{"name":"Comunica\u00e7\u00e3o PSOL","@id":"https:\/\/psol50.org.br\/#\/schema\/person\/475dfa57d0b815993c714c2e96491fcd"},"headline":"PSOL aciona Comiss\u00e3o de \u00c9tica da Presid\u00eancia contra Bolsonaro por ofensas mis\u00f3ginas a jornalista","datePublished":"2020-02-19T15:03:53+00:00","mainEntityOfPage":{"@id":"https:\/\/psol50.org.br\/psol-aciona-comissao-de-etica-da-presidencia-contra-bolsonaro-por-ofensas-misoginas-a-jornalista\/"},"wordCount":194,"publisher":{"@id":"https:\/\/psol50.org.br\/#organization"},"image":{"@id":"https:\/\/psol50.org.br\/psol-aciona-comissao-de-etica-da-presidencia-contra-bolsonaro-por-ofensas-misoginas-a-jornalista\/#primaryimage"},"thumbnailUrl":"https:\/\/psol50.org.br\/inc\/uploads\/2019\/10\/Bolsonaro-vendo-o-Celular-640x403-1.jpg","keywords":["Bolsonaro","campos mello","Comiss\u00e3o de \u00c9tica","jornalista","machismo","ofensa","PSOL"],"articleSection":["Not\u00edcias"],"inLanguage":"pt-BR"},{"@type":"WebPage","@id":"https:\/\/psol50.org.br\/psol-aciona-comissao-de-etica-da-presidencia-contra-bolsonaro-por-ofensas-misoginas-a-jornalista\/","url":"https:\/\/psol50.org.br\/psol-aciona-comissao-de-etica-da-presidencia-contra-bolsonaro-por-ofensas-misoginas-a-jornalista\/","name":"PSOL aciona Comiss\u00e3o de \u00c9tica da Presid\u00eancia contra Bolsonaro por ofensas mis\u00f3ginas a jornalista","isPartOf":{"@id":"https:\/\/psol50.org.br\/#website"},"primaryImageOfPage":{"@id":"https:\/\/psol50.org.br\/psol-aciona-comissao-de-etica-da-presidencia-contra-bolsonaro-por-ofensas-misoginas-a-jornalista\/#primaryimage"},"image":{"@id":"https:\/\/psol50.org.br\/psol-aciona-comissao-de-etica-da-presidencia-contra-bolsonaro-por-ofensas-misoginas-a-jornalista\/#primaryimage"},"thumbnailUrl":"https:\/\/psol50.org.br\/inc\/uploads\/2019\/10\/Bolsonaro-vendo-o-Celular-640x403-1.jpg","datePublished":"2020-02-19T15:03:53+00:00","description":"Para os deputados do PSOL, \u201cos ataques aos jornalistas empreendidos pelo Presidente s\u00e3o incompat\u00edveis com os princ\u00edpios da democracia\".","breadcrumb":{"@id":"https:\/\/psol50.org.br\/psol-aciona-comissao-de-etica-da-presidencia-contra-bolsonaro-por-ofensas-misoginas-a-jornalista\/#breadcrumb"},"inLanguage":"pt-BR","potentialAction":[{"@type":"ReadAction","target":["https:\/\/psol50.org.br\/psol-aciona-comissao-de-etica-da-presidencia-contra-bolsonaro-por-ofensas-misoginas-a-jornalista\/"]}]},{"@type":"ImageObject","inLanguage":"pt-BR","@id":"https:\/\/psol50.org.br\/psol-aciona-comissao-de-etica-da-presidencia-contra-bolsonaro-por-ofensas-misoginas-a-jornalista\/#primaryimage","url":"https:\/\/psol50.org.br\/inc\/uploads\/2019\/10\/Bolsonaro-vendo-o-Celular-640x403-1.jpg","contentUrl":"https:\/\/psol50.org.br\/inc\/uploads\/2019\/10\/Bolsonaro-vendo-o-Celular-640x403-1.jpg","width":640,"height":403,"caption":"Foto: Jorge William"},{"@type":"BreadcrumbList","@id":"https:\/\/psol50.org.br\/psol-aciona-comissao-de-etica-da-presidencia-contra-bolsonaro-por-ofensas-misoginas-a-jornalista\/#breadcrumb","itemListElement":[{"@type":"ListItem","position":1,"name":"In\u00edcio","item":"https:\/\/psol50.org.br\/"},{"@type":"ListItem","position":2,"name":"PSOL aciona Comiss\u00e3o de \u00c9tica da Presid\u00eancia contra Bolsonaro por ofensas mis\u00f3ginas a jornalista"}]},{"@type":"WebSite","@id":"https:\/\/psol50.org.br\/#website","url":"https:\/\/psol50.org.br\/","name":"PSOL 50","description":"Site oficial do Partido Socialismo e Liberdade","publisher":{"@id":"https:\/\/psol50.org.br\/#organization"},"alternateName":"PSOL50","potentialAction":[{"@type":"SearchAction","target":{"@type":"EntryPoint","urlTemplate":"https:\/\/psol50.org.br\/?s={search_term_string}"},"query-input":{"@type":"PropertyValueSpecification","valueRequired":true,"valueName":"search_term_string"}}],"inLanguage":"pt-BR"},{"@type":"Organization","@id":"https:\/\/psol50.org.br\/#organization","name":"PSOL 50","alternateName":"PSOL 50","url":"https:\/\/psol50.org.br\/","logo":{"@type":"ImageObject","inLanguage":"pt-BR","@id":"https:\/\/psol50.org.br\/#\/schema\/logo\/image\/","url":"https:\/\/psol50.org.br\/inc\/uploads\/2018\/07\/capa.png","contentUrl":"https:\/\/psol50.org.br\/inc\/uploads\/2018\/07\/capa.png","width":1350,"height":900,"caption":"PSOL 50"},"image":{"@id":"https:\/\/psol50.org.br\/#\/schema\/logo\/image\/"},"sameAs":["https:\/\/www.facebook.com\/psol50","https:\/\/x.com\/psol50","https:\/\/www.instagram.com\/psol50\/","https:\/\/www.youtube.com\/channel\/UC7SnJS5o1os7a6CaiNabzcg"]},{"@type":"Person","@id":"https:\/\/psol50.org.br\/#\/schema\/person\/475dfa57d0b815993c714c2e96491fcd","name":"Comunica\u00e7\u00e3o PSOL","image":{"@type":"ImageObject","inLanguage":"pt-BR","@id":"https:\/\/psol50.org.br\/#\/schema\/person\/image\/","url":"https:\/\/secure.gravatar.com\/avatar\/b34fc4f4e468a4e51785917065a3db57b841f5c95dba6ad8c73aaf8f66f8f9bf?s=96&d=mm&r=g","contentUrl":"https:\/\/secure.gravatar.com\/avatar\/b34fc4f4e468a4e51785917065a3db57b841f5c95dba6ad8c73aaf8f66f8f9bf?s=96&d=mm&r=g","caption":"Comunica\u00e7\u00e3o PSOL"}}]}},"_links":{"self":[{"href":"https:\/\/psol50.org.br\/rest\/wp\/v2\/posts\/27554","targetHints":{"allow":["GET"]}}],"collection":[{"href":"https:\/\/psol50.org.br\/rest\/wp\/v2\/posts"}],"about":[{"href":"https:\/\/psol50.org.br\/rest\/wp\/v2\/types\/post"}],"author":[{"embeddable":true,"href":"https:\/\/psol50.org.br\/rest\/wp\/v2\/users\/2"}],"replies":[{"embeddable":true,"href":"https:\/\/psol50.org.br\/rest\/wp\/v2\/comments?post=27554"}],"version-history":[{"count":0,"href":"https:\/\/psol50.org.br\/rest\/wp\/v2\/posts\/27554\/revisions"}],"wp:featuredmedia":[{"embeddable":true,"href":"https:\/\/psol50.org.br\/rest\/wp\/v2\/media\/26773"}],"wp:attachment":[{"href":"https:\/\/psol50.org.br\/rest\/wp\/v2\/media?parent=27554"}],"wp:term":[{"taxonomy":"category","embeddable":true,"href":"https:\/\/psol50.org.br\/rest\/wp\/v2\/categories?post=27554"},{"taxonomy":"post_tag","embeddable":true,"href":"https:\/\/psol50.org.br\/rest\/wp\/v2\/tags?post=27554"}],"curies":[{"name":"wp","href":"https:\/\/api.w.org\/{rel}","templated":true}]}}