{"id":2757,"date":"2014-05-19T00:00:00","date_gmt":"2014-05-19T17:14:15","guid":{"rendered":"http:\/\/psol50.org.br\/arquivo\/2014\/05\/19\/setorial-de-saude-do-psol-realiza-dias-24-e-2505-seminario-nacional-em-niteroi\/"},"modified":"2014-05-19T00:00:00","modified_gmt":"2014-05-19T17:14:15","slug":"setorial-de-saude-do-psol-realiza-dias-24-e-2505-seminario-nacional-em-niteroi","status":"publish","type":"post","link":"https:\/\/psol50.org.br\/setorial-de-saude-do-psol-realiza-dias-24-e-2505-seminario-nacional-em-niteroi\/","title":{"rendered":"Setorial de Sa\u00fade do PSOL realiza, dias 24 e 25\/05, semin\u00e1rio nacional em Niter\u00f3i"},"content":{"rendered":"<div style=\"margin-bottom: 0cm; text-align: justify;\">\n\t<span style=\"font-size:12px;\"><font face=\"Arial, sans-serif\">Faltam poucos dias para o <\/font><strong><font face=\"Arial, sans-serif\"><span style=\"font-weight: normal;\">II Semin\u00e1rio Nacional de Sa\u00fade do PSOL, <\/span><\/font><\/strong><strong><font face=\"Arial, sans-serif\"><span style=\"font-weight: normal;\">que ser\u00e1 <\/span><\/font><\/strong><font face=\"Arial, sans-serif\">em Niter\u00f3i\/RJ, nos dias 24 e 25 de maio. <\/font><strong><font face=\"Arial, sans-serif\"><span style=\"font-weight: normal;\">O militante que n\u00e3o se inscreveu, ainda tem tempo. A<\/span><\/font><\/strong><font face=\"Arial, sans-serif\">s inscri\u00e7\u00f5es s\u00e3o <\/font><strong><font face=\"Arial, sans-serif\"><span style=\"font-weight: normal;\">gratuitas <\/span><\/font><\/strong><strong><font face=\"Arial, sans-serif\"><span style=\"font-weight: normal;\">e podem ser feitas<\/span><\/font><\/strong><font face=\"Arial, sans-serif\"> <\/font><strong><a href=\"https:\/\/docs.google.com\/forms\/d\/1wRMyaPHnZuA6zmuKFImBHUj83BmFY1pFGhbzvNZaxr4\/viewform\" target=\"_blank\" rel=\"noopener\"><font face=\"Arial, sans-serif\">atrav\u00e9s deste formul\u00e1rio eletr\u00f4nico<\/font><\/a><\/strong><font face=\"Arial, sans-serif\">. <\/font><font face=\"Arial, sans-serif\">O Setorial Nacional de Sa\u00fade do PSOL, organizador do semin\u00e1rio, pede <\/font><font face=\"Arial, sans-serif\">que todos preencham o formul\u00e1rio, mesmo <\/font><font face=\"Arial, sans-serif\">aqueles <\/font><font face=\"Arial, sans-serif\">que j\u00e1 tenham confirmado presen\u00e7a no <a href=\"https:\/\/www.facebook.com\/events\/695360030505929\" target=\"_blank\" rel=\"noopener\">evento do Facebook<\/a>.<\/font><\/p>\n<p>\t<font face=\"Arial, sans-serif\">O semin\u00e1rio vai acontecer na <\/font><strong><font face=\"Arial, sans-serif\"><span style=\"font-weight: normal;\">C\u00e2mara Municipal de Niter\u00f3i <\/span><\/font><\/strong><strong><font face=\"Arial, sans-serif\"><span style=\"font-weight: normal;\">(<\/span><\/font><\/strong><font face=\"Arial, sans-serif\"><a href=\"https:\/\/goo.gl\/maps\/tHvwr\" target=\"_blank\" rel=\"noopener\">Av. Ernani Amaral Peixoto, 625 \u2013 Centro<\/a>).<\/font><strong><font face=\"Arial, sans-serif\"> <\/font><\/strong><font face=\"Arial, sans-serif\">Informa\u00e7\u00f5es sobre hospedagem e como chegar ao local est\u00e3o dispon\u00edveis no blog do Setorial, no endere\u00e7o: <a href=\"http:\/\/www.psolsaude.com.br\/182\">http:\/\/www.psolsaude.com.br\/182<\/a>.<\/font><\/p>\n<p>\t<strong><font face=\"Arial, sans-serif\">Organiza\u00e7\u00e3o pretende transmitir semin\u00e1rio pela internet<\/font><\/strong><br \/>\n\t<font face=\"Arial, sans-serif\">Os organizadores do II Semin\u00e1rio Nacional de Sa\u00fade do PSOL pretendem transmitir o evento pela internet. Se voc\u00ea n\u00e3o poder\u00e1 comparecer, mas pretende acompanhar os debates, informe <\/font><strong><a href=\"https:\/\/docs.google.com\/forms\/d\/1X-oduDgFuBnSwvD95xwnClmUj6D3dMrKWYUZRVYNCkY\/viewform\" target=\"_blank\" rel=\"noopener\"><font face=\"Arial, sans-serif\">neste formul\u00e1rio<\/font><\/a><\/strong><font face=\"Arial, sans-serif\"> sua inten\u00e7\u00e3o em assistir \u00e0 transmiss\u00e3o das mesas pela internet, ao vivo. Os grupos de trabalho e a plen\u00e1ria <\/font><font face=\"Arial, sans-serif\">final <\/font><font face=\"Arial, sans-serif\">n\u00e3o ser<\/font><font face=\"Arial, sans-serif\">\u00e3o<\/font><font face=\"Arial, sans-serif\"> transmitidos.<\/font><\/p>\n<p>\t<font face=\"Arial, sans-serif\">Como a transmiss\u00e3o depende de viabilidade t\u00e9cnica (principalmente quanto ao sinal de Internet est\u00e1vel), at\u00e9 o in\u00edcio do evento a organiza\u00e7\u00e3o avisar\u00e1 aos interessados se ela realmente acontecer\u00e1.<\/font><\/p>\n<p>\t<strong><font face=\"Arial, sans-serif\">Confira a programa\u00e7\u00e3o:<\/font><\/strong><br \/>\n\t<font face=\"Arial, sans-serif\"><b>24\/05 &#8211; S\u00e1bado<\/b><\/font><br \/>\n\t<font face=\"Arial, sans-serif\">09:00 &#8211; 09:30 &#8211; Abertura<\/font><br \/>\n\t<font face=\"Arial, sans-serif\">09:30 &#8211; 12:00 &#8211; Mesa 1: Da Reforma Sanit\u00e1ria ao SUS de hoje: Onde fomos parar?<\/font><\/span><\/div>\n<ul>\n<li>\n<div style=\"margin-bottom: 0cm; text-align: justify;\">\n\t\t\t<span style=\"font-size:12px;\"><em><font face=\"Arial, sans-serif\">Eduardo Stotz &#8211; Pesquisador ENSP\/Fiocruz<\/font><\/em><\/span><\/div>\n<\/li>\n<li>\n<div style=\"margin-bottom: 0cm; text-align: justify;\">\n\t\t\t<span style=\"font-size:12px;\"><em><font face=\"Arial, sans-serif\">Felipe Monte Cardoso &#8211; Setorial de Sa\u00fade do PSOL<\/font><\/em><\/span><\/div>\n<\/li>\n<li>\n<div style=\"margin-bottom: 0cm; text-align: justify;\">\n\t\t\t<span style=\"font-size:12px;\"><em><font face=\"Arial, sans-serif\">Paulo Pinheiro &#8211; Vereador pelo PSOL &#8211; Rio de Janeiro<\/font><\/em><\/span><\/div>\n<\/li>\n<\/ul>\n<div style=\"margin-bottom: 0cm; text-align: justify;\">\n\t<span style=\"font-size:12px;\"><font face=\"Arial, sans-serif\">13:30 &#8211; 16:00 &#8211; Mesa 2: Aten\u00e7\u00e3o B\u00e1sica, Mais M\u00e9dicos e o SUS p\u00f3s-junho de 2013.<\/font><\/span><\/div>\n<ul>\n<li>\n<div style=\"margin-bottom: 0cm; text-align: justify;\">\n\t\t\t<span style=\"font-size:12px;\"><em><font face=\"Arial, sans-serif\">Filipe Malta &#8211; Estudante de Medicina &#8211; DENEM<\/font><\/em><\/span><\/div>\n<\/li>\n<li>\n<div style=\"margin-bottom: 0cm; text-align: justify;\">\n\t\t\t<span style=\"font-size:12px;\"><em><font face=\"Arial, sans-serif\">Representante do Setorial de Sa\u00fade do PSOL<\/font><\/em><\/span><\/div>\n<\/li>\n<\/ul>\n<div style=\"margin-bottom: 0cm; text-align: justify;\">\n\t<span style=\"font-size:12px;\"><font face=\"Arial, sans-serif\">16:00 &#8211; 18:00 &#8211; Grupos de Trabalho<\/font><\/p>\n<p>\t<font face=\"Arial, sans-serif\"><b>25\/05 &#8211; Domingo<\/b><\/font><br \/>\n\t<font face=\"Arial, sans-serif\">09:00 &#8211; 11:30 &#8211; Mesa 3: Capitalismo e Sa\u00fade no Brasil<\/font><\/span><\/div>\n<ul>\n<li>\n<div style=\"margin-bottom: 0cm; text-align: justify;\">\n\t\t\t<span style=\"font-size:12px;\"><em><font face=\"Arial, sans-serif\">\u00c1quilas Mendes &#8211; Professor Faculdade de Sa\u00fade P\u00fablica da USP<\/font><\/em><\/span><\/div>\n<\/li>\n<li>\n<div style=\"margin-bottom: 0cm; text-align: justify;\">\n\t\t\t<span style=\"font-size:12px;\"><em><font face=\"Arial, sans-serif\">F\u00e1tima Siliansky &#8211; Professora UFRJ &#8211; Frente Nacional Contra a Privatiza\u00e7\u00e3o da Sa\u00fade<\/font><\/em><\/span><\/div>\n<\/li>\n<li>\n<div style=\"margin-bottom: 0cm; text-align: justify;\">\n\t\t\t<span style=\"font-size:12px;\"><em><font face=\"Arial, sans-serif\">Maria Val\u00e9ria Correia &#8211; Professora UFAL &#8211; Frente Nacional Contra a Privatiza\u00e7\u00e3o da Sa\u00fade<\/font><\/em><font face=\"Arial, sans-serif\"> <\/font><\/span><\/div>\n<\/li>\n<\/ul>\n<div style=\"margin-bottom: 0cm; text-align: justify;\">\n\t<span style=\"font-size:12px;\"><font face=\"Arial, sans-serif\">13:00 &#8211; 17:00 \u2013 Plen\u00e1ria<\/font><\/p>\n<p>\t<strong><font face=\"Arial, sans-serif\">S<\/font><\/strong><strong><font face=\"Arial, sans-serif\">obre<\/font><\/strong><strong><font face=\"Arial, sans-serif\"> <\/font><\/strong><strong><font face=\"Arial, sans-serif\">o<\/font><\/strong><strong><font face=\"Arial, sans-serif\"> <\/font><\/strong><strong><font face=\"Arial, sans-serif\">semin\u00e1rio<\/font><\/strong><br \/>\n\t<font face=\"Arial, sans-serif\">O objetivo do Setorial Nacional de Sa\u00fade do PSOL \u00e9 aproveitar a proximidade do momento eleitoral para aprofundar, coletivamente, a formula\u00e7\u00e3o program\u00e1tica na \u00e1rea de sa\u00fade. O objetivo, segundo os organizadores, \u00e9 qualificar a atua\u00e7\u00e3o dos militantes nos movimentos sociais, contribuir com a atua\u00e7\u00e3o dos parlamentares do PSOL e influenciar as candidaturas legislativas e executivas do partido nas elei\u00e7\u00f5es de 2014. O semin\u00e1rio complementa ainda o ciclo de debates que vem acontecendo atrav\u00e9s de mesas nas principais capitais brasileiras, organizado pela Executiva Nacional do PSOL.<\/font><\/p>\n<p>\t<font face=\"Arial, sans-serif\">O semin\u00e1rio contar\u00e1 com mesas de debate e grupos de discuss\u00e3o e com a participa\u00e7\u00e3o de parlamentares e militantes do partido, al\u00e9m de ativistas e pensadores da sa\u00fade que n\u00e3o s\u00e3o filiados ao PSOL mas que se disp\u00f5em a ajudar na formula\u00e7\u00e3o coletiva.<\/font><\/span><\/div>\n","protected":false},"excerpt":{"rendered":"<p>Faltam poucos dias para o II Semin\u00e1rio Nacional de Sa\u00fade do PSOL, que ser\u00e1 em Niter\u00f3i\/RJ, nos dias 24 e 25 de maio. O militante que n\u00e3o se inscreveu, ainda tem tempo. As inscri\u00e7\u00f5es s\u00e3o gratuitas e podem ser feitas atrav\u00e9s deste formul\u00e1rio eletr\u00f4nico. O Setorial Nacional de Sa\u00fade do PSOL, organizador do semin\u00e1rio, pede [&hellip;]<\/p>\n","protected":false},"author":2,"featured_media":0,"comment_status":"open","ping_status":"open","sticky":false,"template":"","format":"standard","meta":{"_acf_changed":false,"footnotes":""},"categories":[4766,6],"tags":[22],"class_list":{"0":"post-2757","1":"post","2":"type-post","3":"status-publish","4":"format-standard","6":"category-arquivo","7":"category-noticias","8":"tag-psol"},"acf":[],"yoast_head":"<!-- This site is optimized with the Yoast SEO plugin v26.5 - https:\/\/yoast.com\/wordpress\/plugins\/seo\/ -->\n<title>Setorial de Sa\u00fade do PSOL realiza, dias 24 e 25\/05, semin\u00e1rio nacional em Niter\u00f3i - PSOL 50<\/title>\n<meta name=\"robots\" content=\"index, follow, max-snippet:-1, max-image-preview:large, max-video-preview:-1\" \/>\n<link rel=\"canonical\" href=\"https:\/\/psol50.org.br\/setorial-de-saude-do-psol-realiza-dias-24-e-2505-seminario-nacional-em-niteroi\/\" \/>\n<meta property=\"og:locale\" content=\"pt_BR\" \/>\n<meta property=\"og:type\" content=\"article\" \/>\n<meta property=\"og:title\" content=\"Setorial de Sa\u00fade do PSOL realiza, dias 24 e 25\/05, semin\u00e1rio nacional em Niter\u00f3i - PSOL 50\" \/>\n<meta property=\"og:description\" content=\"Faltam poucos dias para o II Semin\u00e1rio Nacional de Sa\u00fade do PSOL, que ser\u00e1 em Niter\u00f3i\/RJ, nos dias 24 e 25 de maio. O militante que n\u00e3o se inscreveu, ainda tem tempo. As inscri\u00e7\u00f5es s\u00e3o gratuitas e podem ser feitas atrav\u00e9s deste formul\u00e1rio eletr\u00f4nico. O Setorial Nacional de Sa\u00fade do PSOL, organizador do semin\u00e1rio, pede [&hellip;]\" \/>\n<meta property=\"og:url\" content=\"https:\/\/psol50.org.br\/setorial-de-saude-do-psol-realiza-dias-24-e-2505-seminario-nacional-em-niteroi\/\" \/>\n<meta property=\"og:site_name\" content=\"PSOL 50\" \/>\n<meta property=\"article:publisher\" content=\"https:\/\/www.facebook.com\/psol50\" \/>\n<meta property=\"article:published_time\" content=\"2014-05-19T17:14:15+00:00\" \/>\n<meta property=\"og:image\" content=\"https:\/\/psol50.org.br\/inc\/uploads\/2018\/07\/capa.png\" \/>\n\t<meta property=\"og:image:width\" content=\"1350\" \/>\n\t<meta property=\"og:image:height\" content=\"900\" \/>\n\t<meta property=\"og:image:type\" content=\"image\/png\" \/>\n<meta name=\"author\" content=\"Comunica\u00e7\u00e3o PSOL\" \/>\n<meta name=\"twitter:card\" content=\"summary_large_image\" \/>\n<meta name=\"twitter:creator\" content=\"@psol50\" \/>\n<meta name=\"twitter:site\" content=\"@psol50\" \/>\n<meta name=\"twitter:label1\" content=\"Escrito por\" \/>\n\t<meta name=\"twitter:data1\" content=\"Comunica\u00e7\u00e3o PSOL\" \/>\n\t<meta name=\"twitter:label2\" content=\"Est. tempo de leitura\" \/>\n\t<meta name=\"twitter:data2\" content=\"3 minutos\" \/>\n<script type=\"application\/ld+json\" class=\"yoast-schema-graph\">{\"@context\":\"https:\/\/schema.org\",\"@graph\":[{\"@type\":\"Article\",\"@id\":\"https:\/\/psol50.org.br\/setorial-de-saude-do-psol-realiza-dias-24-e-2505-seminario-nacional-em-niteroi\/#article\",\"isPartOf\":{\"@id\":\"https:\/\/psol50.org.br\/setorial-de-saude-do-psol-realiza-dias-24-e-2505-seminario-nacional-em-niteroi\/\"},\"author\":{\"name\":\"Comunica\u00e7\u00e3o PSOL\",\"@id\":\"https:\/\/psol50.org.br\/#\/schema\/person\/475dfa57d0b815993c714c2e96491fcd\"},\"headline\":\"Setorial de Sa\u00fade do PSOL realiza, dias 24 e 25\/05, semin\u00e1rio nacional em Niter\u00f3i\",\"datePublished\":\"2014-05-19T17:14:15+00:00\",\"mainEntityOfPage\":{\"@id\":\"https:\/\/psol50.org.br\/setorial-de-saude-do-psol-realiza-dias-24-e-2505-seminario-nacional-em-niteroi\/\"},\"wordCount\":536,\"commentCount\":0,\"publisher\":{\"@id\":\"https:\/\/psol50.org.br\/#organization\"},\"keywords\":[\"PSOL\"],\"articleSection\":[\"Arquivo\",\"Not\u00edcias\"],\"inLanguage\":\"pt-BR\",\"potentialAction\":[{\"@type\":\"CommentAction\",\"name\":\"Comment\",\"target\":[\"https:\/\/psol50.org.br\/setorial-de-saude-do-psol-realiza-dias-24-e-2505-seminario-nacional-em-niteroi\/#respond\"]}]},{\"@type\":\"WebPage\",\"@id\":\"https:\/\/psol50.org.br\/setorial-de-saude-do-psol-realiza-dias-24-e-2505-seminario-nacional-em-niteroi\/\",\"url\":\"https:\/\/psol50.org.br\/setorial-de-saude-do-psol-realiza-dias-24-e-2505-seminario-nacional-em-niteroi\/\",\"name\":\"Setorial de Sa\u00fade do PSOL realiza, dias 24 e 25\/05, semin\u00e1rio nacional em Niter\u00f3i - PSOL 50\",\"isPartOf\":{\"@id\":\"https:\/\/psol50.org.br\/#website\"},\"datePublished\":\"2014-05-19T17:14:15+00:00\",\"breadcrumb\":{\"@id\":\"https:\/\/psol50.org.br\/setorial-de-saude-do-psol-realiza-dias-24-e-2505-seminario-nacional-em-niteroi\/#breadcrumb\"},\"inLanguage\":\"pt-BR\",\"potentialAction\":[{\"@type\":\"ReadAction\",\"target\":[\"https:\/\/psol50.org.br\/setorial-de-saude-do-psol-realiza-dias-24-e-2505-seminario-nacional-em-niteroi\/\"]}]},{\"@type\":\"BreadcrumbList\",\"@id\":\"https:\/\/psol50.org.br\/setorial-de-saude-do-psol-realiza-dias-24-e-2505-seminario-nacional-em-niteroi\/#breadcrumb\",\"itemListElement\":[{\"@type\":\"ListItem\",\"position\":1,\"name\":\"In\u00edcio\",\"item\":\"https:\/\/psol50.org.br\/\"},{\"@type\":\"ListItem\",\"position\":2,\"name\":\"Setorial de Sa\u00fade do PSOL realiza, dias 24 e 25\/05, semin\u00e1rio nacional em Niter\u00f3i\"}]},{\"@type\":\"WebSite\",\"@id\":\"https:\/\/psol50.org.br\/#website\",\"url\":\"https:\/\/psol50.org.br\/\",\"name\":\"PSOL 50\",\"description\":\"Site oficial do Partido Socialismo e Liberdade\",\"publisher\":{\"@id\":\"https:\/\/psol50.org.br\/#organization\"},\"alternateName\":\"PSOL50\",\"potentialAction\":[{\"@type\":\"SearchAction\",\"target\":{\"@type\":\"EntryPoint\",\"urlTemplate\":\"https:\/\/psol50.org.br\/?s={search_term_string}\"},\"query-input\":{\"@type\":\"PropertyValueSpecification\",\"valueRequired\":true,\"valueName\":\"search_term_string\"}}],\"inLanguage\":\"pt-BR\"},{\"@type\":\"Organization\",\"@id\":\"https:\/\/psol50.org.br\/#organization\",\"name\":\"PSOL 50\",\"alternateName\":\"PSOL 50\",\"url\":\"https:\/\/psol50.org.br\/\",\"logo\":{\"@type\":\"ImageObject\",\"inLanguage\":\"pt-BR\",\"@id\":\"https:\/\/psol50.org.br\/#\/schema\/logo\/image\/\",\"url\":\"https:\/\/psol50.org.br\/inc\/uploads\/2018\/07\/capa.png\",\"contentUrl\":\"https:\/\/psol50.org.br\/inc\/uploads\/2018\/07\/capa.png\",\"width\":1350,\"height\":900,\"caption\":\"PSOL 50\"},\"image\":{\"@id\":\"https:\/\/psol50.org.br\/#\/schema\/logo\/image\/\"},\"sameAs\":[\"https:\/\/www.facebook.com\/psol50\",\"https:\/\/x.com\/psol50\",\"https:\/\/www.instagram.com\/psol50\/\",\"https:\/\/www.youtube.com\/channel\/UC7SnJS5o1os7a6CaiNabzcg\"]},{\"@type\":\"Person\",\"@id\":\"https:\/\/psol50.org.br\/#\/schema\/person\/475dfa57d0b815993c714c2e96491fcd\",\"name\":\"Comunica\u00e7\u00e3o PSOL\",\"image\":{\"@type\":\"ImageObject\",\"inLanguage\":\"pt-BR\",\"@id\":\"https:\/\/psol50.org.br\/#\/schema\/person\/image\/\",\"url\":\"https:\/\/secure.gravatar.com\/avatar\/b34fc4f4e468a4e51785917065a3db57b841f5c95dba6ad8c73aaf8f66f8f9bf?s=96&d=mm&r=g\",\"contentUrl\":\"https:\/\/secure.gravatar.com\/avatar\/b34fc4f4e468a4e51785917065a3db57b841f5c95dba6ad8c73aaf8f66f8f9bf?s=96&d=mm&r=g\",\"caption\":\"Comunica\u00e7\u00e3o PSOL\"}}]}<\/script>\n<!-- \/ Yoast SEO plugin. -->","yoast_head_json":{"title":"Setorial de Sa\u00fade do PSOL realiza, dias 24 e 25\/05, semin\u00e1rio nacional em Niter\u00f3i - PSOL 50","robots":{"index":"index","follow":"follow","max-snippet":"max-snippet:-1","max-image-preview":"max-image-preview:large","max-video-preview":"max-video-preview:-1"},"canonical":"https:\/\/psol50.org.br\/setorial-de-saude-do-psol-realiza-dias-24-e-2505-seminario-nacional-em-niteroi\/","og_locale":"pt_BR","og_type":"article","og_title":"Setorial de Sa\u00fade do PSOL realiza, dias 24 e 25\/05, semin\u00e1rio nacional em Niter\u00f3i - PSOL 50","og_description":"Faltam poucos dias para o II Semin\u00e1rio Nacional de Sa\u00fade do PSOL, que ser\u00e1 em Niter\u00f3i\/RJ, nos dias 24 e 25 de maio. O militante que n\u00e3o se inscreveu, ainda tem tempo. As inscri\u00e7\u00f5es s\u00e3o gratuitas e podem ser feitas atrav\u00e9s deste formul\u00e1rio eletr\u00f4nico. O Setorial Nacional de Sa\u00fade do PSOL, organizador do semin\u00e1rio, pede [&hellip;]","og_url":"https:\/\/psol50.org.br\/setorial-de-saude-do-psol-realiza-dias-24-e-2505-seminario-nacional-em-niteroi\/","og_site_name":"PSOL 50","article_publisher":"https:\/\/www.facebook.com\/psol50","article_published_time":"2014-05-19T17:14:15+00:00","og_image":[{"width":1350,"height":900,"url":"https:\/\/psol50.org.br\/inc\/uploads\/2018\/07\/capa.png","type":"image\/png"}],"author":"Comunica\u00e7\u00e3o PSOL","twitter_card":"summary_large_image","twitter_creator":"@psol50","twitter_site":"@psol50","twitter_misc":{"Escrito por":"Comunica\u00e7\u00e3o PSOL","Est. tempo de leitura":"3 minutos"},"schema":{"@context":"https:\/\/schema.org","@graph":[{"@type":"Article","@id":"https:\/\/psol50.org.br\/setorial-de-saude-do-psol-realiza-dias-24-e-2505-seminario-nacional-em-niteroi\/#article","isPartOf":{"@id":"https:\/\/psol50.org.br\/setorial-de-saude-do-psol-realiza-dias-24-e-2505-seminario-nacional-em-niteroi\/"},"author":{"name":"Comunica\u00e7\u00e3o PSOL","@id":"https:\/\/psol50.org.br\/#\/schema\/person\/475dfa57d0b815993c714c2e96491fcd"},"headline":"Setorial de Sa\u00fade do PSOL realiza, dias 24 e 25\/05, semin\u00e1rio nacional em Niter\u00f3i","datePublished":"2014-05-19T17:14:15+00:00","mainEntityOfPage":{"@id":"https:\/\/psol50.org.br\/setorial-de-saude-do-psol-realiza-dias-24-e-2505-seminario-nacional-em-niteroi\/"},"wordCount":536,"commentCount":0,"publisher":{"@id":"https:\/\/psol50.org.br\/#organization"},"keywords":["PSOL"],"articleSection":["Arquivo","Not\u00edcias"],"inLanguage":"pt-BR","potentialAction":[{"@type":"CommentAction","name":"Comment","target":["https:\/\/psol50.org.br\/setorial-de-saude-do-psol-realiza-dias-24-e-2505-seminario-nacional-em-niteroi\/#respond"]}]},{"@type":"WebPage","@id":"https:\/\/psol50.org.br\/setorial-de-saude-do-psol-realiza-dias-24-e-2505-seminario-nacional-em-niteroi\/","url":"https:\/\/psol50.org.br\/setorial-de-saude-do-psol-realiza-dias-24-e-2505-seminario-nacional-em-niteroi\/","name":"Setorial de Sa\u00fade do PSOL realiza, dias 24 e 25\/05, semin\u00e1rio nacional em Niter\u00f3i - PSOL 50","isPartOf":{"@id":"https:\/\/psol50.org.br\/#website"},"datePublished":"2014-05-19T17:14:15+00:00","breadcrumb":{"@id":"https:\/\/psol50.org.br\/setorial-de-saude-do-psol-realiza-dias-24-e-2505-seminario-nacional-em-niteroi\/#breadcrumb"},"inLanguage":"pt-BR","potentialAction":[{"@type":"ReadAction","target":["https:\/\/psol50.org.br\/setorial-de-saude-do-psol-realiza-dias-24-e-2505-seminario-nacional-em-niteroi\/"]}]},{"@type":"BreadcrumbList","@id":"https:\/\/psol50.org.br\/setorial-de-saude-do-psol-realiza-dias-24-e-2505-seminario-nacional-em-niteroi\/#breadcrumb","itemListElement":[{"@type":"ListItem","position":1,"name":"In\u00edcio","item":"https:\/\/psol50.org.br\/"},{"@type":"ListItem","position":2,"name":"Setorial de Sa\u00fade do PSOL realiza, dias 24 e 25\/05, semin\u00e1rio nacional em Niter\u00f3i"}]},{"@type":"WebSite","@id":"https:\/\/psol50.org.br\/#website","url":"https:\/\/psol50.org.br\/","name":"PSOL 50","description":"Site oficial do Partido Socialismo e Liberdade","publisher":{"@id":"https:\/\/psol50.org.br\/#organization"},"alternateName":"PSOL50","potentialAction":[{"@type":"SearchAction","target":{"@type":"EntryPoint","urlTemplate":"https:\/\/psol50.org.br\/?s={search_term_string}"},"query-input":{"@type":"PropertyValueSpecification","valueRequired":true,"valueName":"search_term_string"}}],"inLanguage":"pt-BR"},{"@type":"Organization","@id":"https:\/\/psol50.org.br\/#organization","name":"PSOL 50","alternateName":"PSOL 50","url":"https:\/\/psol50.org.br\/","logo":{"@type":"ImageObject","inLanguage":"pt-BR","@id":"https:\/\/psol50.org.br\/#\/schema\/logo\/image\/","url":"https:\/\/psol50.org.br\/inc\/uploads\/2018\/07\/capa.png","contentUrl":"https:\/\/psol50.org.br\/inc\/uploads\/2018\/07\/capa.png","width":1350,"height":900,"caption":"PSOL 50"},"image":{"@id":"https:\/\/psol50.org.br\/#\/schema\/logo\/image\/"},"sameAs":["https:\/\/www.facebook.com\/psol50","https:\/\/x.com\/psol50","https:\/\/www.instagram.com\/psol50\/","https:\/\/www.youtube.com\/channel\/UC7SnJS5o1os7a6CaiNabzcg"]},{"@type":"Person","@id":"https:\/\/psol50.org.br\/#\/schema\/person\/475dfa57d0b815993c714c2e96491fcd","name":"Comunica\u00e7\u00e3o PSOL","image":{"@type":"ImageObject","inLanguage":"pt-BR","@id":"https:\/\/psol50.org.br\/#\/schema\/person\/image\/","url":"https:\/\/secure.gravatar.com\/avatar\/b34fc4f4e468a4e51785917065a3db57b841f5c95dba6ad8c73aaf8f66f8f9bf?s=96&d=mm&r=g","contentUrl":"https:\/\/secure.gravatar.com\/avatar\/b34fc4f4e468a4e51785917065a3db57b841f5c95dba6ad8c73aaf8f66f8f9bf?s=96&d=mm&r=g","caption":"Comunica\u00e7\u00e3o PSOL"}}]}},"_links":{"self":[{"href":"https:\/\/psol50.org.br\/rest\/wp\/v2\/posts\/2757","targetHints":{"allow":["GET"]}}],"collection":[{"href":"https:\/\/psol50.org.br\/rest\/wp\/v2\/posts"}],"about":[{"href":"https:\/\/psol50.org.br\/rest\/wp\/v2\/types\/post"}],"author":[{"embeddable":true,"href":"https:\/\/psol50.org.br\/rest\/wp\/v2\/users\/2"}],"replies":[{"embeddable":true,"href":"https:\/\/psol50.org.br\/rest\/wp\/v2\/comments?post=2757"}],"version-history":[{"count":0,"href":"https:\/\/psol50.org.br\/rest\/wp\/v2\/posts\/2757\/revisions"}],"wp:attachment":[{"href":"https:\/\/psol50.org.br\/rest\/wp\/v2\/media?parent=2757"}],"wp:term":[{"taxonomy":"category","embeddable":true,"href":"https:\/\/psol50.org.br\/rest\/wp\/v2\/categories?post=2757"},{"taxonomy":"post_tag","embeddable":true,"href":"https:\/\/psol50.org.br\/rest\/wp\/v2\/tags?post=2757"}],"curies":[{"name":"wp","href":"https:\/\/api.w.org\/{rel}","templated":true}]}}