{"id":27602,"date":"2020-02-21T11:33:54","date_gmt":"2020-02-21T14:33:54","guid":{"rendered":"https:\/\/psol50.org.br\/?p=27602"},"modified":"2020-02-21T11:33:54","modified_gmt":"2020-02-21T14:33:54","slug":"fabio-felix-denuncia-retaliacao-por-defesa-de-direitos-humanos-no-socioeducativo","status":"publish","type":"post","link":"https:\/\/psol50.org.br\/fabio-felix-denuncia-retaliacao-por-defesa-de-direitos-humanos-no-socioeducativo\/","title":{"rendered":"F\u00e1bio Felix denuncia retalia\u00e7\u00e3o por defesa de direitos humanos no Socioeducativo"},"content":{"rendered":"<p><em>Originalmente publicado em <a href=\"https:\/\/fabiofelix.com.br\/fabio-felix-denuncia-retaliacao-por-defesa-de-direitos-humanos-no-socioeducativo\/\" target=\"_blank\" rel=\"noopener noreferrer\">F\u00e1bio F\u00e9lix.<\/a><\/em><\/p>\n<p>Recebi hoje a not\u00edcia de que foi noticiado na imprensa um processo contra meu trabalho de defesa dos direitos humanos. A a\u00e7\u00e3o foi iniciada a partir da den\u00fancia de um servidor que geriu o sistema socioeducativo enquanto fui presidente do Conselho dos Direitos da Crian\u00e7a e do Adolescente (2016\/2017). Naquela \u00e9poca, o sistema registrou nove mortes de internos e outras graves viola\u00e7\u00f5es de direitos humanos. Produzimos um relat\u00f3rio consistente acerca da grave crise por que passava o sistema socioeducativo.<\/p>\n<p>Ap\u00f3s a apresenta\u00e7\u00e3o do diagn\u00f3stico, o subsecret\u00e1rio do sistema socioeducativo \u2013 que inclusive era meu superior hier\u00e1rquico direto \u2013 apresentou den\u00fancia de que eu n\u00e3o estaria trabalhando. Tanto estava trabalhando, que, de forma in\u00e9dita na Secretaria, apresentei um relato minucioso que atestou a precariedade do sistema. O relat\u00f3rio foi produzido a partir de inspe\u00e7\u00f5es tanto no meio aberto quanto fechado, in loco. Nossa gest\u00e3o foi a que mais produziu melhorias na execu\u00e7\u00e3o do Fundo da Crian\u00e7a e do Adolescente do DF.<\/p>\n<p>A den\u00fancia foi apurada de mar\u00e7o de 2017 a novembro de 2018, foram ouvidas mais de dez testemunhas e fui inocentado. O processo administrativo foi arquivado em 2018 na Secretaria da Crian\u00e7a, quando ficou provado que n\u00e3o houve nenhuma irregularidade. O Minist\u00e9rio P\u00fablico tamb\u00e9m chegou \u00e0 mesma conclus\u00e3o. Mas a Pol\u00edcia Civil abriu um procedimento no qual fui ouvido uma \u00fanica vez e na condi\u00e7\u00e3o de testemunha.<\/p>\n<p>\u00c9 evidente que esse processo tem motiva\u00e7\u00e3o pol\u00edtica. Inclusive, ele \u00e9 sigiloso, mas, desobedecendo a Lei, tem sido vazado recorrentemente. Me coloquei \u00e0 disposi\u00e7\u00e3o, por escrito, para ser ouvido diversas vezes, mas meus requerimentos nunca foram respondidos. Me causa estranhamento o fato de eu n\u00e3o ser indiciado no processo, n\u00e3o ter meus requerimentos para oitiva respondidos e, inesperadamente, ser expedido esse mandado de busca e apreens\u00e3o. Meu interesse \u00e9 que os fatos sejam esclarecidos o mais r\u00e1pido poss\u00edvel e que a pol\u00edcia civil conclua essa investiga\u00e7\u00e3o o quanto antes.<\/p>\n<p>O momento \u00e9 de criminaliza\u00e7\u00e3o da pol\u00edtica, mas n\u00e3o daremos um passo atr\u00e1s na defesa dos Direitos Humanos, na condu\u00e7\u00e3o dos trabalhos da CPI do Feminic\u00eddio e na defesa das empresas e servidores p\u00fablicos do DF.<\/p>\n<p style=\"text-align: right;\"><strong><em>F\u00e1bio Felix, deputado Distrital (PSOL) e presidente da Comiss\u00e3o de Direitos Humanos da CLDF<\/em><\/strong><\/p>\n","protected":false},"excerpt":{"rendered":"<p>Originalmente publicado em F\u00e1bio F\u00e9lix. Recebi hoje a not\u00edcia de que foi noticiado na imprensa um processo contra meu trabalho de defesa dos direitos humanos. A a\u00e7\u00e3o foi iniciada a partir da den\u00fancia de um servidor que geriu o sistema socioeducativo enquanto fui presidente do Conselho dos Direitos da Crian\u00e7a e do Adolescente (2016\/2017). Naquela [&hellip;]<\/p>\n","protected":false},"author":2,"featured_media":24774,"comment_status":"closed","ping_status":"open","sticky":false,"template":"","format":"standard","meta":{"_acf_changed":false,"footnotes":""},"categories":[20,6],"tags":[288,289,104,19],"class_list":{"0":"post-27602","1":"post","2":"type-post","3":"status-publish","4":"format-standard","5":"has-post-thumbnail","7":"category-notas","8":"category-noticias","9":"tag-ameaca","10":"tag-df","11":"tag-fabio-felix","12":"tag-nota"},"acf":[],"yoast_head":"<!-- This site is optimized with the Yoast SEO plugin v26.5 - https:\/\/yoast.com\/wordpress\/plugins\/seo\/ -->\n<title>F\u00e1bio Felix denuncia retalia\u00e7\u00e3o por defesa de direitos humanos no Socioeducativo - PSOL 50<\/title>\n<meta name=\"robots\" content=\"index, follow, max-snippet:-1, max-image-preview:large, max-video-preview:-1\" \/>\n<link rel=\"canonical\" href=\"https:\/\/psol50.org.br\/fabio-felix-denuncia-retaliacao-por-defesa-de-direitos-humanos-no-socioeducativo\/\" \/>\n<meta property=\"og:locale\" content=\"pt_BR\" \/>\n<meta property=\"og:type\" content=\"article\" \/>\n<meta property=\"og:title\" content=\"F\u00e1bio Felix denuncia retalia\u00e7\u00e3o por defesa de direitos humanos no Socioeducativo\" \/>\n<meta property=\"og:description\" content=\"Leia mais sobre a tentativa de desmoralizar o deputado distrital pelo PSOL, F\u00e1bio F\u00e9lix.\" \/>\n<meta property=\"og:url\" content=\"https:\/\/psol50.org.br\/fabio-felix-denuncia-retaliacao-por-defesa-de-direitos-humanos-no-socioeducativo\/\" \/>\n<meta property=\"og:site_name\" content=\"PSOL 50\" \/>\n<meta property=\"article:publisher\" content=\"https:\/\/www.facebook.com\/psol50\" \/>\n<meta property=\"article:published_time\" content=\"2020-02-21T14:33:54+00:00\" \/>\n<meta property=\"og:image\" content=\"https:\/\/psol50.org.br\/inc\/uploads\/2018\/09\/capa-546x365-1.png\" \/>\n\t<meta property=\"og:image:width\" content=\"546\" \/>\n\t<meta property=\"og:image:height\" content=\"365\" \/>\n\t<meta property=\"og:image:type\" content=\"image\/png\" \/>\n<meta name=\"author\" content=\"Comunica\u00e7\u00e3o PSOL\" \/>\n<meta name=\"twitter:card\" content=\"summary_large_image\" \/>\n<meta name=\"twitter:title\" content=\"F\u00e1bio Felix denuncia retalia\u00e7\u00e3o por defesa de direitos humanos no Socioeducativo\" \/>\n<meta name=\"twitter:description\" content=\"Leia mais sobre a tentativa de desmoralizar o deputado distrital pelo PSOL, F\u00e1bio F\u00e9lix.\" \/>\n<meta name=\"twitter:image\" content=\"https:\/\/psol50.org.br\/inc\/uploads\/2019\/04\/capa-546x365-2.png\" \/>\n<meta name=\"twitter:creator\" content=\"@psol50\" \/>\n<meta name=\"twitter:site\" content=\"@psol50\" \/>\n<meta name=\"twitter:label1\" content=\"Escrito por\" \/>\n\t<meta name=\"twitter:data1\" content=\"Comunica\u00e7\u00e3o PSOL\" \/>\n\t<meta name=\"twitter:label2\" content=\"Est. tempo de leitura\" \/>\n\t<meta name=\"twitter:data2\" content=\"2 minutos\" \/>\n<script type=\"application\/ld+json\" class=\"yoast-schema-graph\">{\"@context\":\"https:\/\/schema.org\",\"@graph\":[{\"@type\":\"Article\",\"@id\":\"https:\/\/psol50.org.br\/fabio-felix-denuncia-retaliacao-por-defesa-de-direitos-humanos-no-socioeducativo\/#article\",\"isPartOf\":{\"@id\":\"https:\/\/psol50.org.br\/fabio-felix-denuncia-retaliacao-por-defesa-de-direitos-humanos-no-socioeducativo\/\"},\"author\":{\"name\":\"Comunica\u00e7\u00e3o PSOL\",\"@id\":\"https:\/\/psol50.org.br\/#\/schema\/person\/475dfa57d0b815993c714c2e96491fcd\"},\"headline\":\"F\u00e1bio Felix denuncia retalia\u00e7\u00e3o por defesa de direitos humanos no Socioeducativo\",\"datePublished\":\"2020-02-21T14:33:54+00:00\",\"mainEntityOfPage\":{\"@id\":\"https:\/\/psol50.org.br\/fabio-felix-denuncia-retaliacao-por-defesa-de-direitos-humanos-no-socioeducativo\/\"},\"wordCount\":422,\"publisher\":{\"@id\":\"https:\/\/psol50.org.br\/#organization\"},\"image\":{\"@id\":\"https:\/\/psol50.org.br\/fabio-felix-denuncia-retaliacao-por-defesa-de-direitos-humanos-no-socioeducativo\/#primaryimage\"},\"thumbnailUrl\":\"https:\/\/psol50.org.br\/inc\/uploads\/2019\/04\/capa-546x365-2.png\",\"keywords\":[\"Amea\u00e7a\",\"DF\",\"F\u00e1bio F\u00e9lix\",\"nota\"],\"articleSection\":[\"Notas\",\"Not\u00edcias\"],\"inLanguage\":\"pt-BR\"},{\"@type\":\"WebPage\",\"@id\":\"https:\/\/psol50.org.br\/fabio-felix-denuncia-retaliacao-por-defesa-de-direitos-humanos-no-socioeducativo\/\",\"url\":\"https:\/\/psol50.org.br\/fabio-felix-denuncia-retaliacao-por-defesa-de-direitos-humanos-no-socioeducativo\/\",\"name\":\"F\u00e1bio Felix denuncia retalia\u00e7\u00e3o por defesa de direitos humanos no Socioeducativo - PSOL 50\",\"isPartOf\":{\"@id\":\"https:\/\/psol50.org.br\/#website\"},\"primaryImageOfPage\":{\"@id\":\"https:\/\/psol50.org.br\/fabio-felix-denuncia-retaliacao-por-defesa-de-direitos-humanos-no-socioeducativo\/#primaryimage\"},\"image\":{\"@id\":\"https:\/\/psol50.org.br\/fabio-felix-denuncia-retaliacao-por-defesa-de-direitos-humanos-no-socioeducativo\/#primaryimage\"},\"thumbnailUrl\":\"https:\/\/psol50.org.br\/inc\/uploads\/2019\/04\/capa-546x365-2.png\",\"datePublished\":\"2020-02-21T14:33:54+00:00\",\"breadcrumb\":{\"@id\":\"https:\/\/psol50.org.br\/fabio-felix-denuncia-retaliacao-por-defesa-de-direitos-humanos-no-socioeducativo\/#breadcrumb\"},\"inLanguage\":\"pt-BR\",\"potentialAction\":[{\"@type\":\"ReadAction\",\"target\":[\"https:\/\/psol50.org.br\/fabio-felix-denuncia-retaliacao-por-defesa-de-direitos-humanos-no-socioeducativo\/\"]}]},{\"@type\":\"ImageObject\",\"inLanguage\":\"pt-BR\",\"@id\":\"https:\/\/psol50.org.br\/fabio-felix-denuncia-retaliacao-por-defesa-de-direitos-humanos-no-socioeducativo\/#primaryimage\",\"url\":\"https:\/\/psol50.org.br\/inc\/uploads\/2019\/04\/capa-546x365-2.png\",\"contentUrl\":\"https:\/\/psol50.org.br\/inc\/uploads\/2019\/04\/capa-546x365-2.png\",\"width\":546,\"height\":365},{\"@type\":\"BreadcrumbList\",\"@id\":\"https:\/\/psol50.org.br\/fabio-felix-denuncia-retaliacao-por-defesa-de-direitos-humanos-no-socioeducativo\/#breadcrumb\",\"itemListElement\":[{\"@type\":\"ListItem\",\"position\":1,\"name\":\"In\u00edcio\",\"item\":\"https:\/\/psol50.org.br\/\"},{\"@type\":\"ListItem\",\"position\":2,\"name\":\"F\u00e1bio Felix denuncia retalia\u00e7\u00e3o por defesa de direitos humanos no Socioeducativo\"}]},{\"@type\":\"WebSite\",\"@id\":\"https:\/\/psol50.org.br\/#website\",\"url\":\"https:\/\/psol50.org.br\/\",\"name\":\"PSOL 50\",\"description\":\"Site oficial do Partido Socialismo e Liberdade\",\"publisher\":{\"@id\":\"https:\/\/psol50.org.br\/#organization\"},\"alternateName\":\"PSOL50\",\"potentialAction\":[{\"@type\":\"SearchAction\",\"target\":{\"@type\":\"EntryPoint\",\"urlTemplate\":\"https:\/\/psol50.org.br\/?s={search_term_string}\"},\"query-input\":{\"@type\":\"PropertyValueSpecification\",\"valueRequired\":true,\"valueName\":\"search_term_string\"}}],\"inLanguage\":\"pt-BR\"},{\"@type\":\"Organization\",\"@id\":\"https:\/\/psol50.org.br\/#organization\",\"name\":\"PSOL 50\",\"alternateName\":\"PSOL 50\",\"url\":\"https:\/\/psol50.org.br\/\",\"logo\":{\"@type\":\"ImageObject\",\"inLanguage\":\"pt-BR\",\"@id\":\"https:\/\/psol50.org.br\/#\/schema\/logo\/image\/\",\"url\":\"https:\/\/psol50.org.br\/inc\/uploads\/2018\/07\/capa.png\",\"contentUrl\":\"https:\/\/psol50.org.br\/inc\/uploads\/2018\/07\/capa.png\",\"width\":1350,\"height\":900,\"caption\":\"PSOL 50\"},\"image\":{\"@id\":\"https:\/\/psol50.org.br\/#\/schema\/logo\/image\/\"},\"sameAs\":[\"https:\/\/www.facebook.com\/psol50\",\"https:\/\/x.com\/psol50\",\"https:\/\/www.instagram.com\/psol50\/\",\"https:\/\/www.youtube.com\/channel\/UC7SnJS5o1os7a6CaiNabzcg\"]},{\"@type\":\"Person\",\"@id\":\"https:\/\/psol50.org.br\/#\/schema\/person\/475dfa57d0b815993c714c2e96491fcd\",\"name\":\"Comunica\u00e7\u00e3o PSOL\",\"image\":{\"@type\":\"ImageObject\",\"inLanguage\":\"pt-BR\",\"@id\":\"https:\/\/psol50.org.br\/#\/schema\/person\/image\/\",\"url\":\"https:\/\/secure.gravatar.com\/avatar\/b34fc4f4e468a4e51785917065a3db57b841f5c95dba6ad8c73aaf8f66f8f9bf?s=96&d=mm&r=g\",\"contentUrl\":\"https:\/\/secure.gravatar.com\/avatar\/b34fc4f4e468a4e51785917065a3db57b841f5c95dba6ad8c73aaf8f66f8f9bf?s=96&d=mm&r=g\",\"caption\":\"Comunica\u00e7\u00e3o PSOL\"}}]}<\/script>\n<!-- \/ Yoast SEO plugin. -->","yoast_head_json":{"title":"F\u00e1bio Felix denuncia retalia\u00e7\u00e3o por defesa de direitos humanos no Socioeducativo - PSOL 50","robots":{"index":"index","follow":"follow","max-snippet":"max-snippet:-1","max-image-preview":"max-image-preview:large","max-video-preview":"max-video-preview:-1"},"canonical":"https:\/\/psol50.org.br\/fabio-felix-denuncia-retaliacao-por-defesa-de-direitos-humanos-no-socioeducativo\/","og_locale":"pt_BR","og_type":"article","og_title":"F\u00e1bio Felix denuncia retalia\u00e7\u00e3o por defesa de direitos humanos no Socioeducativo","og_description":"Leia mais sobre a tentativa de desmoralizar o deputado distrital pelo PSOL, F\u00e1bio F\u00e9lix.","og_url":"https:\/\/psol50.org.br\/fabio-felix-denuncia-retaliacao-por-defesa-de-direitos-humanos-no-socioeducativo\/","og_site_name":"PSOL 50","article_publisher":"https:\/\/www.facebook.com\/psol50","article_published_time":"2020-02-21T14:33:54+00:00","og_image":[{"width":546,"height":365,"url":"https:\/\/psol50.org.br\/inc\/uploads\/2018\/09\/capa-546x365-1.png","type":"image\/png"}],"author":"Comunica\u00e7\u00e3o PSOL","twitter_card":"summary_large_image","twitter_title":"F\u00e1bio Felix denuncia retalia\u00e7\u00e3o por defesa de direitos humanos no Socioeducativo","twitter_description":"Leia mais sobre a tentativa de desmoralizar o deputado distrital pelo PSOL, F\u00e1bio F\u00e9lix.","twitter_image":"https:\/\/psol50.org.br\/inc\/uploads\/2019\/04\/capa-546x365-2.png","twitter_creator":"@psol50","twitter_site":"@psol50","twitter_misc":{"Escrito por":"Comunica\u00e7\u00e3o PSOL","Est. tempo de leitura":"2 minutos"},"schema":{"@context":"https:\/\/schema.org","@graph":[{"@type":"Article","@id":"https:\/\/psol50.org.br\/fabio-felix-denuncia-retaliacao-por-defesa-de-direitos-humanos-no-socioeducativo\/#article","isPartOf":{"@id":"https:\/\/psol50.org.br\/fabio-felix-denuncia-retaliacao-por-defesa-de-direitos-humanos-no-socioeducativo\/"},"author":{"name":"Comunica\u00e7\u00e3o PSOL","@id":"https:\/\/psol50.org.br\/#\/schema\/person\/475dfa57d0b815993c714c2e96491fcd"},"headline":"F\u00e1bio Felix denuncia retalia\u00e7\u00e3o por defesa de direitos humanos no Socioeducativo","datePublished":"2020-02-21T14:33:54+00:00","mainEntityOfPage":{"@id":"https:\/\/psol50.org.br\/fabio-felix-denuncia-retaliacao-por-defesa-de-direitos-humanos-no-socioeducativo\/"},"wordCount":422,"publisher":{"@id":"https:\/\/psol50.org.br\/#organization"},"image":{"@id":"https:\/\/psol50.org.br\/fabio-felix-denuncia-retaliacao-por-defesa-de-direitos-humanos-no-socioeducativo\/#primaryimage"},"thumbnailUrl":"https:\/\/psol50.org.br\/inc\/uploads\/2019\/04\/capa-546x365-2.png","keywords":["Amea\u00e7a","DF","F\u00e1bio F\u00e9lix","nota"],"articleSection":["Notas","Not\u00edcias"],"inLanguage":"pt-BR"},{"@type":"WebPage","@id":"https:\/\/psol50.org.br\/fabio-felix-denuncia-retaliacao-por-defesa-de-direitos-humanos-no-socioeducativo\/","url":"https:\/\/psol50.org.br\/fabio-felix-denuncia-retaliacao-por-defesa-de-direitos-humanos-no-socioeducativo\/","name":"F\u00e1bio Felix denuncia retalia\u00e7\u00e3o por defesa de direitos humanos no Socioeducativo - PSOL 50","isPartOf":{"@id":"https:\/\/psol50.org.br\/#website"},"primaryImageOfPage":{"@id":"https:\/\/psol50.org.br\/fabio-felix-denuncia-retaliacao-por-defesa-de-direitos-humanos-no-socioeducativo\/#primaryimage"},"image":{"@id":"https:\/\/psol50.org.br\/fabio-felix-denuncia-retaliacao-por-defesa-de-direitos-humanos-no-socioeducativo\/#primaryimage"},"thumbnailUrl":"https:\/\/psol50.org.br\/inc\/uploads\/2019\/04\/capa-546x365-2.png","datePublished":"2020-02-21T14:33:54+00:00","breadcrumb":{"@id":"https:\/\/psol50.org.br\/fabio-felix-denuncia-retaliacao-por-defesa-de-direitos-humanos-no-socioeducativo\/#breadcrumb"},"inLanguage":"pt-BR","potentialAction":[{"@type":"ReadAction","target":["https:\/\/psol50.org.br\/fabio-felix-denuncia-retaliacao-por-defesa-de-direitos-humanos-no-socioeducativo\/"]}]},{"@type":"ImageObject","inLanguage":"pt-BR","@id":"https:\/\/psol50.org.br\/fabio-felix-denuncia-retaliacao-por-defesa-de-direitos-humanos-no-socioeducativo\/#primaryimage","url":"https:\/\/psol50.org.br\/inc\/uploads\/2019\/04\/capa-546x365-2.png","contentUrl":"https:\/\/psol50.org.br\/inc\/uploads\/2019\/04\/capa-546x365-2.png","width":546,"height":365},{"@type":"BreadcrumbList","@id":"https:\/\/psol50.org.br\/fabio-felix-denuncia-retaliacao-por-defesa-de-direitos-humanos-no-socioeducativo\/#breadcrumb","itemListElement":[{"@type":"ListItem","position":1,"name":"In\u00edcio","item":"https:\/\/psol50.org.br\/"},{"@type":"ListItem","position":2,"name":"F\u00e1bio Felix denuncia retalia\u00e7\u00e3o por defesa de direitos humanos no Socioeducativo"}]},{"@type":"WebSite","@id":"https:\/\/psol50.org.br\/#website","url":"https:\/\/psol50.org.br\/","name":"PSOL 50","description":"Site oficial do Partido Socialismo e Liberdade","publisher":{"@id":"https:\/\/psol50.org.br\/#organization"},"alternateName":"PSOL50","potentialAction":[{"@type":"SearchAction","target":{"@type":"EntryPoint","urlTemplate":"https:\/\/psol50.org.br\/?s={search_term_string}"},"query-input":{"@type":"PropertyValueSpecification","valueRequired":true,"valueName":"search_term_string"}}],"inLanguage":"pt-BR"},{"@type":"Organization","@id":"https:\/\/psol50.org.br\/#organization","name":"PSOL 50","alternateName":"PSOL 50","url":"https:\/\/psol50.org.br\/","logo":{"@type":"ImageObject","inLanguage":"pt-BR","@id":"https:\/\/psol50.org.br\/#\/schema\/logo\/image\/","url":"https:\/\/psol50.org.br\/inc\/uploads\/2018\/07\/capa.png","contentUrl":"https:\/\/psol50.org.br\/inc\/uploads\/2018\/07\/capa.png","width":1350,"height":900,"caption":"PSOL 50"},"image":{"@id":"https:\/\/psol50.org.br\/#\/schema\/logo\/image\/"},"sameAs":["https:\/\/www.facebook.com\/psol50","https:\/\/x.com\/psol50","https:\/\/www.instagram.com\/psol50\/","https:\/\/www.youtube.com\/channel\/UC7SnJS5o1os7a6CaiNabzcg"]},{"@type":"Person","@id":"https:\/\/psol50.org.br\/#\/schema\/person\/475dfa57d0b815993c714c2e96491fcd","name":"Comunica\u00e7\u00e3o PSOL","image":{"@type":"ImageObject","inLanguage":"pt-BR","@id":"https:\/\/psol50.org.br\/#\/schema\/person\/image\/","url":"https:\/\/secure.gravatar.com\/avatar\/b34fc4f4e468a4e51785917065a3db57b841f5c95dba6ad8c73aaf8f66f8f9bf?s=96&d=mm&r=g","contentUrl":"https:\/\/secure.gravatar.com\/avatar\/b34fc4f4e468a4e51785917065a3db57b841f5c95dba6ad8c73aaf8f66f8f9bf?s=96&d=mm&r=g","caption":"Comunica\u00e7\u00e3o PSOL"}}]}},"_links":{"self":[{"href":"https:\/\/psol50.org.br\/rest\/wp\/v2\/posts\/27602","targetHints":{"allow":["GET"]}}],"collection":[{"href":"https:\/\/psol50.org.br\/rest\/wp\/v2\/posts"}],"about":[{"href":"https:\/\/psol50.org.br\/rest\/wp\/v2\/types\/post"}],"author":[{"embeddable":true,"href":"https:\/\/psol50.org.br\/rest\/wp\/v2\/users\/2"}],"replies":[{"embeddable":true,"href":"https:\/\/psol50.org.br\/rest\/wp\/v2\/comments?post=27602"}],"version-history":[{"count":0,"href":"https:\/\/psol50.org.br\/rest\/wp\/v2\/posts\/27602\/revisions"}],"wp:featuredmedia":[{"embeddable":true,"href":"https:\/\/psol50.org.br\/rest\/wp\/v2\/media\/24774"}],"wp:attachment":[{"href":"https:\/\/psol50.org.br\/rest\/wp\/v2\/media?parent=27602"}],"wp:term":[{"taxonomy":"category","embeddable":true,"href":"https:\/\/psol50.org.br\/rest\/wp\/v2\/categories?post=27602"},{"taxonomy":"post_tag","embeddable":true,"href":"https:\/\/psol50.org.br\/rest\/wp\/v2\/tags?post=27602"}],"curies":[{"name":"wp","href":"https:\/\/api.w.org\/{rel}","templated":true}]}}