{"id":27611,"date":"2020-02-26T11:30:53","date_gmt":"2020-02-26T14:30:53","guid":{"rendered":"https:\/\/psol50.org.br\/?p=27611"},"modified":"2020-02-26T11:30:53","modified_gmt":"2020-02-26T14:30:53","slug":"nota-do-psol-e-hora-de-mobilizacao-contra-o-golpismo-e-bolsonaro","status":"publish","type":"post","link":"https:\/\/psol50.org.br\/nota-do-psol-e-hora-de-mobilizacao-contra-o-golpismo-e-bolsonaro\/","title":{"rendered":"Nota do PSOL: \u00c9 hora de mobiliza\u00e7\u00e3o contra o golpismo e Bolsonaro"},"content":{"rendered":"<p>O Partido Socialismo e Liberdade (PSOL) repudia veemente a participa\u00e7\u00e3o do Presidente da Rep\u00fablica, Jair Bolsonaro, na convoca\u00e7\u00e3o de manifesta\u00e7\u00f5es de car\u00e1ter golpista que pedem o fechamento do Congresso Nacional. Essa atitude se soma a outras que marcam o car\u00e1ter antidemocr\u00e1tico do projeto bolsonarista &#8211; dissemina\u00e7\u00e3o de preconceito e intoler\u00e2ncia, amea\u00e7as \u00e0 oposi\u00e7\u00e3o, louva\u00e7\u00e3o de regimes autorit\u00e1rios &#8211; mas representa um passo a mais na escalada autorit\u00e1ria da extrema-direita: o envolvimento direto de Bolsonaro na convoca\u00e7\u00e3o dessas manifesta\u00e7\u00f5es marca um sentido de ruptura democr\u00e1tica, o que \u00e9 inaceit\u00e1vel.<\/p>\n<p>Ao envolver-se diretamente na convoca\u00e7\u00e3o de manifesta\u00e7\u00f5es pelo fechamento do Congresso Nacional, Bolsonaro comete crime de responsabilidade e crime de improbidade. \u00c9 preciso uma resposta dura. O sil\u00eancio dos presidentes da C\u00e2mara dos Deputados e do Senado Federal precisa ser rompido urgentemente. Medidas podem e devem ser tomadas no \u00e2mbito do STF.<\/p>\n<p>O PSOL convoca toda a sua milit\u00e2ncia e simpatizantes para as mobiliza\u00e7\u00f5es do m\u00eas de mar\u00e7o (8 de mar\u00e7o, Dia Internacional de Luta das Mulheres; 14 de mar\u00e7o, dois anos do assassinato de Marielle; 18 de mar\u00e7o, Greve Nacional da Educa\u00e7\u00e3o) e se somar\u00e1 \u00e0s mobiliza\u00e7\u00f5es convocadas pelos movimentos sociais atrav\u00e9s da Frente Povo Sem Medo para deter imediatamente a escalada autorit\u00e1ria de Bolsonaro. A coniv\u00eancia das institui\u00e7\u00f5es permitiu que se chegasse a tal situa\u00e7\u00e3o. Portanto, \u00e9 nas ruas que se pode derrotar a extrema-direita. A hora \u00e9 de mobiliza\u00e7\u00e3o contra o golpismo e Bolsonaro!<\/p>\n<p><em><strong>Executiva Nacional do PSOL<\/strong><\/em><br \/>\n<em><strong>26 de fevereiro de 2020<\/strong><\/em><\/p>\n","protected":false},"excerpt":{"rendered":"<p>O Partido Socialismo e Liberdade (PSOL) repudia veemente a participa\u00e7\u00e3o do Presidente da Rep\u00fablica, Jair Bolsonaro, na convoca\u00e7\u00e3o de manifesta\u00e7\u00f5es de car\u00e1ter golpista que pedem o fechamento do Congresso Nacional. Essa atitude se soma a outras que marcam o car\u00e1ter antidemocr\u00e1tico do projeto bolsonarista &#8211; dissemina\u00e7\u00e3o de preconceito e intoler\u00e2ncia, amea\u00e7as \u00e0 oposi\u00e7\u00e3o, louva\u00e7\u00e3o de [&hellip;]<\/p>\n","protected":false},"author":2,"featured_media":26365,"comment_status":"closed","ping_status":"open","sticky":false,"template":"","format":"standard","meta":{"_acf_changed":false,"footnotes":""},"categories":[20,6,14],"tags":[56,70,87,151,19,22,45],"class_list":{"0":"post-27611","1":"post","2":"type-post","3":"status-publish","4":"format-standard","5":"has-post-thumbnail","7":"category-notas","8":"category-noticias","9":"category-partido","10":"tag-bolsonaro","11":"tag-congresso","12":"tag-democracia","13":"tag-golpe","14":"tag-nota","15":"tag-psol","16":"tag-stf"},"acf":[],"yoast_head":"<!-- This site is optimized with the Yoast SEO plugin v26.5 - https:\/\/yoast.com\/wordpress\/plugins\/seo\/ -->\n<title>Nota do PSOL: \u00c9 hora de mobiliza\u00e7\u00e3o contra o golpismo e Bolsonaro<\/title>\n<meta name=\"description\" content=\"O PSOL convoca toda a sua milit\u00e2ncia e simpatizantes para as mobiliza\u00e7\u00f5es do m\u00eas de mar\u00e7o convocadas pelas mulheres, estudantes e pela Frente Povo Sem Medo.\" \/>\n<meta name=\"robots\" content=\"index, follow, max-snippet:-1, max-image-preview:large, max-video-preview:-1\" \/>\n<link rel=\"canonical\" href=\"https:\/\/psol50.org.br\/nota-do-psol-e-hora-de-mobilizacao-contra-o-golpismo-e-bolsonaro\/\" \/>\n<meta property=\"og:locale\" content=\"pt_BR\" \/>\n<meta property=\"og:type\" content=\"article\" \/>\n<meta property=\"og:title\" content=\"Nota do PSOL: \u00c9 hora de mobiliza\u00e7\u00e3o contra o golpismo e Bolsonaro\" \/>\n<meta property=\"og:description\" content=\"O PSOL convoca toda a sua milit\u00e2ncia e simpatizantes para as mobiliza\u00e7\u00f5es do m\u00eas de mar\u00e7o convocadas pelas mulheres, estudantes e pela Frente Povo Sem Medo.\" \/>\n<meta property=\"og:url\" content=\"https:\/\/psol50.org.br\/nota-do-psol-e-hora-de-mobilizacao-contra-o-golpismo-e-bolsonaro\/\" \/>\n<meta property=\"og:site_name\" content=\"PSOL 50\" \/>\n<meta property=\"article:publisher\" content=\"https:\/\/www.facebook.com\/psol50\" \/>\n<meta property=\"article:published_time\" content=\"2020-02-26T14:30:53+00:00\" \/>\n<meta property=\"og:image\" content=\"https:\/\/psol50.org.br\/inc\/uploads\/2019\/09\/Bolsonaro.MARCOS-CORREA-PR.png\" \/>\n\t<meta property=\"og:image:width\" content=\"1200\" \/>\n\t<meta property=\"og:image:height\" content=\"720\" \/>\n\t<meta property=\"og:image:type\" content=\"image\/png\" \/>\n<meta name=\"author\" content=\"Comunica\u00e7\u00e3o PSOL\" \/>\n<meta name=\"twitter:card\" content=\"summary_large_image\" \/>\n<meta name=\"twitter:title\" content=\"Nota do PSOL: \u00c9 hora de mobiliza\u00e7\u00e3o contra o golpismo e Bolsonaro\" \/>\n<meta name=\"twitter:description\" content=\"O PSOL convoca toda a sua milit\u00e2ncia e simpatizantes para as mobiliza\u00e7\u00f5es do m\u00eas de mar\u00e7o convocadas pelas mulheres, estudantes e pela Frente Povo Sem Medo.\" \/>\n<meta name=\"twitter:image\" content=\"https:\/\/psol50.org.br\/inc\/uploads\/2019\/09\/Bolsonaro.MARCOS-CORREA-PR.png\" \/>\n<meta name=\"twitter:creator\" content=\"@psol50\" \/>\n<meta name=\"twitter:site\" content=\"@psol50\" \/>\n<meta name=\"twitter:label1\" content=\"Escrito por\" \/>\n\t<meta name=\"twitter:data1\" content=\"Comunica\u00e7\u00e3o PSOL\" \/>\n\t<meta name=\"twitter:label2\" content=\"Est. tempo de leitura\" \/>\n\t<meta name=\"twitter:data2\" content=\"1 minuto\" \/>\n<script type=\"application\/ld+json\" class=\"yoast-schema-graph\">{\"@context\":\"https:\/\/schema.org\",\"@graph\":[{\"@type\":\"Article\",\"@id\":\"https:\/\/psol50.org.br\/nota-do-psol-e-hora-de-mobilizacao-contra-o-golpismo-e-bolsonaro\/#article\",\"isPartOf\":{\"@id\":\"https:\/\/psol50.org.br\/nota-do-psol-e-hora-de-mobilizacao-contra-o-golpismo-e-bolsonaro\/\"},\"author\":{\"name\":\"Comunica\u00e7\u00e3o PSOL\",\"@id\":\"https:\/\/psol50.org.br\/#\/schema\/person\/475dfa57d0b815993c714c2e96491fcd\"},\"headline\":\"Nota do PSOL: \u00c9 hora de mobiliza\u00e7\u00e3o contra o golpismo e Bolsonaro\",\"datePublished\":\"2020-02-26T14:30:53+00:00\",\"mainEntityOfPage\":{\"@id\":\"https:\/\/psol50.org.br\/nota-do-psol-e-hora-de-mobilizacao-contra-o-golpismo-e-bolsonaro\/\"},\"wordCount\":283,\"publisher\":{\"@id\":\"https:\/\/psol50.org.br\/#organization\"},\"image\":{\"@id\":\"https:\/\/psol50.org.br\/nota-do-psol-e-hora-de-mobilizacao-contra-o-golpismo-e-bolsonaro\/#primaryimage\"},\"thumbnailUrl\":\"https:\/\/psol50.org.br\/inc\/uploads\/2019\/09\/Bolsonaro.MARCOS-CORREA-PR.png\",\"keywords\":[\"Bolsonaro\",\"Congresso\",\"democracia\",\"golpe\",\"nota\",\"PSOL\",\"STF\"],\"articleSection\":[\"Notas\",\"Not\u00edcias\",\"Partido\"],\"inLanguage\":\"pt-BR\"},{\"@type\":\"WebPage\",\"@id\":\"https:\/\/psol50.org.br\/nota-do-psol-e-hora-de-mobilizacao-contra-o-golpismo-e-bolsonaro\/\",\"url\":\"https:\/\/psol50.org.br\/nota-do-psol-e-hora-de-mobilizacao-contra-o-golpismo-e-bolsonaro\/\",\"name\":\"Nota do PSOL: \u00c9 hora de mobiliza\u00e7\u00e3o contra o golpismo e Bolsonaro\",\"isPartOf\":{\"@id\":\"https:\/\/psol50.org.br\/#website\"},\"primaryImageOfPage\":{\"@id\":\"https:\/\/psol50.org.br\/nota-do-psol-e-hora-de-mobilizacao-contra-o-golpismo-e-bolsonaro\/#primaryimage\"},\"image\":{\"@id\":\"https:\/\/psol50.org.br\/nota-do-psol-e-hora-de-mobilizacao-contra-o-golpismo-e-bolsonaro\/#primaryimage\"},\"thumbnailUrl\":\"https:\/\/psol50.org.br\/inc\/uploads\/2019\/09\/Bolsonaro.MARCOS-CORREA-PR.png\",\"datePublished\":\"2020-02-26T14:30:53+00:00\",\"description\":\"O PSOL convoca toda a sua milit\u00e2ncia e simpatizantes para as mobiliza\u00e7\u00f5es do m\u00eas de mar\u00e7o convocadas pelas mulheres, estudantes e pela Frente Povo Sem Medo.\",\"breadcrumb\":{\"@id\":\"https:\/\/psol50.org.br\/nota-do-psol-e-hora-de-mobilizacao-contra-o-golpismo-e-bolsonaro\/#breadcrumb\"},\"inLanguage\":\"pt-BR\",\"potentialAction\":[{\"@type\":\"ReadAction\",\"target\":[\"https:\/\/psol50.org.br\/nota-do-psol-e-hora-de-mobilizacao-contra-o-golpismo-e-bolsonaro\/\"]}]},{\"@type\":\"ImageObject\",\"inLanguage\":\"pt-BR\",\"@id\":\"https:\/\/psol50.org.br\/nota-do-psol-e-hora-de-mobilizacao-contra-o-golpismo-e-bolsonaro\/#primaryimage\",\"url\":\"https:\/\/psol50.org.br\/inc\/uploads\/2019\/09\/Bolsonaro.MARCOS-CORREA-PR.png\",\"contentUrl\":\"https:\/\/psol50.org.br\/inc\/uploads\/2019\/09\/Bolsonaro.MARCOS-CORREA-PR.png\",\"width\":1200,\"height\":720,\"caption\":\"Marcos Corr\u00eaa\/PR\"},{\"@type\":\"BreadcrumbList\",\"@id\":\"https:\/\/psol50.org.br\/nota-do-psol-e-hora-de-mobilizacao-contra-o-golpismo-e-bolsonaro\/#breadcrumb\",\"itemListElement\":[{\"@type\":\"ListItem\",\"position\":1,\"name\":\"In\u00edcio\",\"item\":\"https:\/\/psol50.org.br\/\"},{\"@type\":\"ListItem\",\"position\":2,\"name\":\"Nota do PSOL: \u00c9 hora de mobiliza\u00e7\u00e3o contra o golpismo e Bolsonaro\"}]},{\"@type\":\"WebSite\",\"@id\":\"https:\/\/psol50.org.br\/#website\",\"url\":\"https:\/\/psol50.org.br\/\",\"name\":\"PSOL 50\",\"description\":\"Site oficial do Partido Socialismo e Liberdade\",\"publisher\":{\"@id\":\"https:\/\/psol50.org.br\/#organization\"},\"alternateName\":\"PSOL50\",\"potentialAction\":[{\"@type\":\"SearchAction\",\"target\":{\"@type\":\"EntryPoint\",\"urlTemplate\":\"https:\/\/psol50.org.br\/?s={search_term_string}\"},\"query-input\":{\"@type\":\"PropertyValueSpecification\",\"valueRequired\":true,\"valueName\":\"search_term_string\"}}],\"inLanguage\":\"pt-BR\"},{\"@type\":\"Organization\",\"@id\":\"https:\/\/psol50.org.br\/#organization\",\"name\":\"PSOL 50\",\"alternateName\":\"PSOL 50\",\"url\":\"https:\/\/psol50.org.br\/\",\"logo\":{\"@type\":\"ImageObject\",\"inLanguage\":\"pt-BR\",\"@id\":\"https:\/\/psol50.org.br\/#\/schema\/logo\/image\/\",\"url\":\"https:\/\/psol50.org.br\/inc\/uploads\/2018\/07\/capa.png\",\"contentUrl\":\"https:\/\/psol50.org.br\/inc\/uploads\/2018\/07\/capa.png\",\"width\":1350,\"height\":900,\"caption\":\"PSOL 50\"},\"image\":{\"@id\":\"https:\/\/psol50.org.br\/#\/schema\/logo\/image\/\"},\"sameAs\":[\"https:\/\/www.facebook.com\/psol50\",\"https:\/\/x.com\/psol50\",\"https:\/\/www.instagram.com\/psol50\/\",\"https:\/\/www.youtube.com\/channel\/UC7SnJS5o1os7a6CaiNabzcg\"]},{\"@type\":\"Person\",\"@id\":\"https:\/\/psol50.org.br\/#\/schema\/person\/475dfa57d0b815993c714c2e96491fcd\",\"name\":\"Comunica\u00e7\u00e3o PSOL\",\"image\":{\"@type\":\"ImageObject\",\"inLanguage\":\"pt-BR\",\"@id\":\"https:\/\/psol50.org.br\/#\/schema\/person\/image\/\",\"url\":\"https:\/\/secure.gravatar.com\/avatar\/b34fc4f4e468a4e51785917065a3db57b841f5c95dba6ad8c73aaf8f66f8f9bf?s=96&d=mm&r=g\",\"contentUrl\":\"https:\/\/secure.gravatar.com\/avatar\/b34fc4f4e468a4e51785917065a3db57b841f5c95dba6ad8c73aaf8f66f8f9bf?s=96&d=mm&r=g\",\"caption\":\"Comunica\u00e7\u00e3o PSOL\"}}]}<\/script>\n<!-- \/ Yoast SEO plugin. -->","yoast_head_json":{"title":"Nota do PSOL: \u00c9 hora de mobiliza\u00e7\u00e3o contra o golpismo e Bolsonaro","description":"O PSOL convoca toda a sua milit\u00e2ncia e simpatizantes para as mobiliza\u00e7\u00f5es do m\u00eas de mar\u00e7o convocadas pelas mulheres, estudantes e pela Frente Povo Sem Medo.","robots":{"index":"index","follow":"follow","max-snippet":"max-snippet:-1","max-image-preview":"max-image-preview:large","max-video-preview":"max-video-preview:-1"},"canonical":"https:\/\/psol50.org.br\/nota-do-psol-e-hora-de-mobilizacao-contra-o-golpismo-e-bolsonaro\/","og_locale":"pt_BR","og_type":"article","og_title":"Nota do PSOL: \u00c9 hora de mobiliza\u00e7\u00e3o contra o golpismo e Bolsonaro","og_description":"O PSOL convoca toda a sua milit\u00e2ncia e simpatizantes para as mobiliza\u00e7\u00f5es do m\u00eas de mar\u00e7o convocadas pelas mulheres, estudantes e pela Frente Povo Sem Medo.","og_url":"https:\/\/psol50.org.br\/nota-do-psol-e-hora-de-mobilizacao-contra-o-golpismo-e-bolsonaro\/","og_site_name":"PSOL 50","article_publisher":"https:\/\/www.facebook.com\/psol50","article_published_time":"2020-02-26T14:30:53+00:00","og_image":[{"width":1200,"height":720,"url":"https:\/\/psol50.org.br\/inc\/uploads\/2019\/09\/Bolsonaro.MARCOS-CORREA-PR.png","type":"image\/png"}],"author":"Comunica\u00e7\u00e3o PSOL","twitter_card":"summary_large_image","twitter_title":"Nota do PSOL: \u00c9 hora de mobiliza\u00e7\u00e3o contra o golpismo e Bolsonaro","twitter_description":"O PSOL convoca toda a sua milit\u00e2ncia e simpatizantes para as mobiliza\u00e7\u00f5es do m\u00eas de mar\u00e7o convocadas pelas mulheres, estudantes e pela Frente Povo Sem Medo.","twitter_image":"https:\/\/psol50.org.br\/inc\/uploads\/2019\/09\/Bolsonaro.MARCOS-CORREA-PR.png","twitter_creator":"@psol50","twitter_site":"@psol50","twitter_misc":{"Escrito por":"Comunica\u00e7\u00e3o PSOL","Est. tempo de leitura":"1 minuto"},"schema":{"@context":"https:\/\/schema.org","@graph":[{"@type":"Article","@id":"https:\/\/psol50.org.br\/nota-do-psol-e-hora-de-mobilizacao-contra-o-golpismo-e-bolsonaro\/#article","isPartOf":{"@id":"https:\/\/psol50.org.br\/nota-do-psol-e-hora-de-mobilizacao-contra-o-golpismo-e-bolsonaro\/"},"author":{"name":"Comunica\u00e7\u00e3o PSOL","@id":"https:\/\/psol50.org.br\/#\/schema\/person\/475dfa57d0b815993c714c2e96491fcd"},"headline":"Nota do PSOL: \u00c9 hora de mobiliza\u00e7\u00e3o contra o golpismo e Bolsonaro","datePublished":"2020-02-26T14:30:53+00:00","mainEntityOfPage":{"@id":"https:\/\/psol50.org.br\/nota-do-psol-e-hora-de-mobilizacao-contra-o-golpismo-e-bolsonaro\/"},"wordCount":283,"publisher":{"@id":"https:\/\/psol50.org.br\/#organization"},"image":{"@id":"https:\/\/psol50.org.br\/nota-do-psol-e-hora-de-mobilizacao-contra-o-golpismo-e-bolsonaro\/#primaryimage"},"thumbnailUrl":"https:\/\/psol50.org.br\/inc\/uploads\/2019\/09\/Bolsonaro.MARCOS-CORREA-PR.png","keywords":["Bolsonaro","Congresso","democracia","golpe","nota","PSOL","STF"],"articleSection":["Notas","Not\u00edcias","Partido"],"inLanguage":"pt-BR"},{"@type":"WebPage","@id":"https:\/\/psol50.org.br\/nota-do-psol-e-hora-de-mobilizacao-contra-o-golpismo-e-bolsonaro\/","url":"https:\/\/psol50.org.br\/nota-do-psol-e-hora-de-mobilizacao-contra-o-golpismo-e-bolsonaro\/","name":"Nota do PSOL: \u00c9 hora de mobiliza\u00e7\u00e3o contra o golpismo e Bolsonaro","isPartOf":{"@id":"https:\/\/psol50.org.br\/#website"},"primaryImageOfPage":{"@id":"https:\/\/psol50.org.br\/nota-do-psol-e-hora-de-mobilizacao-contra-o-golpismo-e-bolsonaro\/#primaryimage"},"image":{"@id":"https:\/\/psol50.org.br\/nota-do-psol-e-hora-de-mobilizacao-contra-o-golpismo-e-bolsonaro\/#primaryimage"},"thumbnailUrl":"https:\/\/psol50.org.br\/inc\/uploads\/2019\/09\/Bolsonaro.MARCOS-CORREA-PR.png","datePublished":"2020-02-26T14:30:53+00:00","description":"O PSOL convoca toda a sua milit\u00e2ncia e simpatizantes para as mobiliza\u00e7\u00f5es do m\u00eas de mar\u00e7o convocadas pelas mulheres, estudantes e pela Frente Povo Sem Medo.","breadcrumb":{"@id":"https:\/\/psol50.org.br\/nota-do-psol-e-hora-de-mobilizacao-contra-o-golpismo-e-bolsonaro\/#breadcrumb"},"inLanguage":"pt-BR","potentialAction":[{"@type":"ReadAction","target":["https:\/\/psol50.org.br\/nota-do-psol-e-hora-de-mobilizacao-contra-o-golpismo-e-bolsonaro\/"]}]},{"@type":"ImageObject","inLanguage":"pt-BR","@id":"https:\/\/psol50.org.br\/nota-do-psol-e-hora-de-mobilizacao-contra-o-golpismo-e-bolsonaro\/#primaryimage","url":"https:\/\/psol50.org.br\/inc\/uploads\/2019\/09\/Bolsonaro.MARCOS-CORREA-PR.png","contentUrl":"https:\/\/psol50.org.br\/inc\/uploads\/2019\/09\/Bolsonaro.MARCOS-CORREA-PR.png","width":1200,"height":720,"caption":"Marcos Corr\u00eaa\/PR"},{"@type":"BreadcrumbList","@id":"https:\/\/psol50.org.br\/nota-do-psol-e-hora-de-mobilizacao-contra-o-golpismo-e-bolsonaro\/#breadcrumb","itemListElement":[{"@type":"ListItem","position":1,"name":"In\u00edcio","item":"https:\/\/psol50.org.br\/"},{"@type":"ListItem","position":2,"name":"Nota do PSOL: \u00c9 hora de mobiliza\u00e7\u00e3o contra o golpismo e Bolsonaro"}]},{"@type":"WebSite","@id":"https:\/\/psol50.org.br\/#website","url":"https:\/\/psol50.org.br\/","name":"PSOL 50","description":"Site oficial do Partido Socialismo e Liberdade","publisher":{"@id":"https:\/\/psol50.org.br\/#organization"},"alternateName":"PSOL50","potentialAction":[{"@type":"SearchAction","target":{"@type":"EntryPoint","urlTemplate":"https:\/\/psol50.org.br\/?s={search_term_string}"},"query-input":{"@type":"PropertyValueSpecification","valueRequired":true,"valueName":"search_term_string"}}],"inLanguage":"pt-BR"},{"@type":"Organization","@id":"https:\/\/psol50.org.br\/#organization","name":"PSOL 50","alternateName":"PSOL 50","url":"https:\/\/psol50.org.br\/","logo":{"@type":"ImageObject","inLanguage":"pt-BR","@id":"https:\/\/psol50.org.br\/#\/schema\/logo\/image\/","url":"https:\/\/psol50.org.br\/inc\/uploads\/2018\/07\/capa.png","contentUrl":"https:\/\/psol50.org.br\/inc\/uploads\/2018\/07\/capa.png","width":1350,"height":900,"caption":"PSOL 50"},"image":{"@id":"https:\/\/psol50.org.br\/#\/schema\/logo\/image\/"},"sameAs":["https:\/\/www.facebook.com\/psol50","https:\/\/x.com\/psol50","https:\/\/www.instagram.com\/psol50\/","https:\/\/www.youtube.com\/channel\/UC7SnJS5o1os7a6CaiNabzcg"]},{"@type":"Person","@id":"https:\/\/psol50.org.br\/#\/schema\/person\/475dfa57d0b815993c714c2e96491fcd","name":"Comunica\u00e7\u00e3o PSOL","image":{"@type":"ImageObject","inLanguage":"pt-BR","@id":"https:\/\/psol50.org.br\/#\/schema\/person\/image\/","url":"https:\/\/secure.gravatar.com\/avatar\/b34fc4f4e468a4e51785917065a3db57b841f5c95dba6ad8c73aaf8f66f8f9bf?s=96&d=mm&r=g","contentUrl":"https:\/\/secure.gravatar.com\/avatar\/b34fc4f4e468a4e51785917065a3db57b841f5c95dba6ad8c73aaf8f66f8f9bf?s=96&d=mm&r=g","caption":"Comunica\u00e7\u00e3o PSOL"}}]}},"_links":{"self":[{"href":"https:\/\/psol50.org.br\/rest\/wp\/v2\/posts\/27611","targetHints":{"allow":["GET"]}}],"collection":[{"href":"https:\/\/psol50.org.br\/rest\/wp\/v2\/posts"}],"about":[{"href":"https:\/\/psol50.org.br\/rest\/wp\/v2\/types\/post"}],"author":[{"embeddable":true,"href":"https:\/\/psol50.org.br\/rest\/wp\/v2\/users\/2"}],"replies":[{"embeddable":true,"href":"https:\/\/psol50.org.br\/rest\/wp\/v2\/comments?post=27611"}],"version-history":[{"count":0,"href":"https:\/\/psol50.org.br\/rest\/wp\/v2\/posts\/27611\/revisions"}],"wp:featuredmedia":[{"embeddable":true,"href":"https:\/\/psol50.org.br\/rest\/wp\/v2\/media\/26365"}],"wp:attachment":[{"href":"https:\/\/psol50.org.br\/rest\/wp\/v2\/media?parent=27611"}],"wp:term":[{"taxonomy":"category","embeddable":true,"href":"https:\/\/psol50.org.br\/rest\/wp\/v2\/categories?post=27611"},{"taxonomy":"post_tag","embeddable":true,"href":"https:\/\/psol50.org.br\/rest\/wp\/v2\/tags?post=27611"}],"curies":[{"name":"wp","href":"https:\/\/api.w.org\/{rel}","templated":true}]}}