{"id":27613,"date":"2020-02-26T15:45:52","date_gmt":"2020-02-26T18:45:52","guid":{"rendered":"https:\/\/psol50.org.br\/?p=27613"},"modified":"2020-02-26T15:45:52","modified_gmt":"2020-02-26T18:45:52","slug":"lider-do-psol-na-camara-se-reune-com-equipe-de-bernie-sanders-nos-eua","status":"publish","type":"post","link":"https:\/\/psol50.org.br\/lider-do-psol-na-camara-se-reune-com-equipe-de-bernie-sanders-nos-eua\/","title":{"rendered":"L\u00edder do PSOL na C\u00e2mara se re\u00fane com equipe de Bernie Sanders nos EUA"},"content":{"rendered":"<p>A l\u00edder do PSOL na C\u00e2mara dos Deputados, Fernanda Melchionna, est\u00e1 nos Estados Unidos a convite do Congresso dos EUA para uma s\u00e9rie de reuni\u00f5es e atividades sobre a escalada autorit\u00e1ria que acontece no Brasil, ao lado das tamb\u00e9m deputadas Joenia Wapichana (Rede) e Erika Kokay (PT).<\/p>\n<p>Na \u00faltima ter\u00e7a-feira (25), Fernanda Melchionna representou o PSOL em uma reuni\u00e3o com a equipe do candidato socialista nas pr\u00e9vias do Partido Democrata \u00e0s elei\u00e7\u00f5es dos EUA, Bernie Sanders. Ainda no in\u00edcio do processo eleitoral para definir o oponente de Donald Trump, Bernie desponta como favorito \u00e0 indica\u00e7\u00e3o como candidato do Partido Democrata com uma plataforma radical de reformas estruturais e programas sociais nos EUA.<\/p>\n<p>Como definiu Fernanda Melchionna ao divulgar a reuni\u00e3o em suas redes sociais, a campanha de Bernie Sanders mostra que \u00e9 poss\u00edvel fazer &#8220;o socialismo crescer no cora\u00e7\u00e3o do imperialismo&#8221;. A campanha do socialista democr\u00e1tico, que recusa doa\u00e7\u00f5es de bilion\u00e1rios e grandes empres\u00e1rios, conta com crescente engajamento de jovens, latinos, mulheres, negros e oper\u00e1rios por todos os estados americanos.<\/p>\n<blockquote class=\"twitter-tweet\" data-width=\"550\" data-dnt=\"true\">\n<p lang=\"pt\" dir=\"ltr\">Saindo de uma \u00f3tima reuni\u00e3o com a equipe de Bernie Sanders, que est\u00e1 em meio a uma grande campanha nas prim\u00e1rias democratas das elei\u00e7\u00f5es \u00e0 presid\u00eancia dos Estados Unidos. O socialismo cresce no cora\u00e7\u00e3o do imperialismo. <a href=\"https:\/\/twitter.com\/hashtag\/Bernie2020?src=hash&amp;ref_src=twsrc%5Etfw\">#Bernie2020<\/a><a href=\"https:\/\/t.co\/ZBtwHqGeVv\">https:\/\/t.co\/ZBtwHqGeVv<\/a><\/p>\n<p>&mdash; Fernanda Melchionna (@fernandapsol) <a href=\"https:\/\/twitter.com\/fernandapsol\/status\/1232448917540724736?ref_src=twsrc%5Etfw\">February 25, 2020<\/a><\/p><\/blockquote>\n<p><script async src=\"https:\/\/platform.twitter.com\/widgets.js\" charset=\"utf-8\"><\/script><\/p>\n<p>Na \u00faltima pr\u00e9via democrata, realizada no \u00faltimo s\u00e1bado (22) em Nevada, Bernie Sanders conseguiu uma vit\u00f3ria avassaladora com 46,8% dos votos e 24 dos 36 delegados eleitos pelo estado para a Confer\u00eancia do Partido Democrata.<\/p>\n<p><strong>REUNI\u00c3O COM A ORGANIZA\u00c7\u00c3O DOS ESTADOS AMERICANOS (OEA)<\/strong><\/p>\n<p>Fernanda Melchionna tamb\u00e9m se reuniu com representantes da Organiza\u00e7\u00e3o dos Estados Americanos (OEA) em Washington para tratar das crescentes amea\u00e7as de legaliza\u00e7\u00e3o da minera\u00e7\u00e3o em terras ind\u00edgenas no Brasil e os sistem\u00e1ticos ataques do pr\u00f3prio presidente Jair Bolsonaro aos povos ind\u00edgenas.<\/p>\n<p>Ao se encontrar com a Secret\u00e1ria-Geral de Direitos Humanos da OEA, a deputada do PSOL tamb\u00e9m tratou do aumento de feminic\u00eddios e estupros no Brasil e as tentativas de avan\u00e7os de temas conservadores nas escolas brasileiras.<\/p>\n<p>https:\/\/www.facebook.com\/fernandapsol\/posts\/2549133298531771<\/p>\n","protected":false},"excerpt":{"rendered":"<p>A l\u00edder do PSOL na C\u00e2mara dos Deputados, Fernanda Melchionna, est\u00e1 nos Estados Unidos a convite do Congresso dos EUA para uma s\u00e9rie de reuni\u00f5es e atividades sobre a escalada autorit\u00e1ria que acontece no Brasil, ao lado das tamb\u00e9m deputadas Joenia Wapichana (Rede) e Erika Kokay (PT). Na \u00faltima ter\u00e7a-feira (25), Fernanda Melchionna representou o [&hellip;]<\/p>\n","protected":false},"author":2,"featured_media":27614,"comment_status":"closed","ping_status":"open","sticky":false,"template":"","format":"standard","meta":{"_acf_changed":false,"footnotes":""},"categories":[10,6],"tags":[290,291,16,208,22,292],"class_list":{"0":"post-27613","1":"post","2":"type-post","3":"status-publish","4":"format-standard","5":"has-post-thumbnail","7":"category-acao-parlamentares","8":"category-noticias","9":"tag-bernie-sanders","10":"tag-democrata","11":"tag-eua","12":"tag-melchionna","13":"tag-psol","14":"tag-socialismo"},"acf":[],"yoast_head":"<!-- This site is optimized with the Yoast SEO plugin v26.5 - https:\/\/yoast.com\/wordpress\/plugins\/seo\/ -->\n<title>L\u00edder do PSOL na C\u00e2mara se re\u00fane com equipe de Bernie Sanders nos EUA - PSOL 50<\/title>\n<meta name=\"description\" content=\"Fernanda Melchionna est\u00e1 nos Estados Unidos a convite do Congresso dos EUA para uma s\u00e9rie de reuni\u00f5es e atividades sobre a escalada autorit\u00e1ria que acontece no Brasil.\" \/>\n<meta name=\"robots\" content=\"index, follow, max-snippet:-1, max-image-preview:large, max-video-preview:-1\" \/>\n<link rel=\"canonical\" href=\"https:\/\/psol50.org.br\/lider-do-psol-na-camara-se-reune-com-equipe-de-bernie-sanders-nos-eua\/\" \/>\n<meta property=\"og:locale\" content=\"pt_BR\" \/>\n<meta property=\"og:type\" content=\"article\" \/>\n<meta property=\"og:title\" content=\"L\u00edder do PSOL na C\u00e2mara se re\u00fane com equipe de Bernie Sanders nos EUA\" \/>\n<meta property=\"og:description\" content=\"Fernanda Melchionna est\u00e1 nos Estados Unidos a convite do Congresso dos EUA para uma s\u00e9rie de reuni\u00f5es e atividades sobre a escalada autorit\u00e1ria que acontece no Brasil.\" \/>\n<meta property=\"og:url\" content=\"https:\/\/psol50.org.br\/lider-do-psol-na-camara-se-reune-com-equipe-de-bernie-sanders-nos-eua\/\" \/>\n<meta property=\"og:site_name\" content=\"PSOL 50\" \/>\n<meta property=\"article:publisher\" content=\"https:\/\/www.facebook.com\/psol50\" \/>\n<meta property=\"article:published_time\" content=\"2020-02-26T18:45:52+00:00\" \/>\n<meta property=\"og:image\" content=\"https:\/\/psol50.org.br\/inc\/uploads\/2020\/02\/25511143.jpg\" \/>\n\t<meta property=\"og:image:width\" content=\"1200\" \/>\n\t<meta property=\"og:image:height\" content=\"630\" \/>\n\t<meta property=\"og:image:type\" content=\"image\/jpeg\" \/>\n<meta name=\"author\" content=\"Comunica\u00e7\u00e3o PSOL\" \/>\n<meta name=\"twitter:card\" content=\"summary_large_image\" \/>\n<meta name=\"twitter:title\" content=\"L\u00edder do PSOL na C\u00e2mara se re\u00fane com equipe de Bernie Sanders nos EUA\" \/>\n<meta name=\"twitter:description\" content=\"Fernanda Melchionna est\u00e1 nos Estados Unidos a convite do Congresso dos EUA para uma s\u00e9rie de reuni\u00f5es e atividades sobre a escalada autorit\u00e1ria que acontece no Brasil.\" \/>\n<meta name=\"twitter:image\" content=\"https:\/\/psol50.org.br\/inc\/uploads\/2020\/02\/25511143.jpg\" \/>\n<meta name=\"twitter:creator\" content=\"@psol50\" \/>\n<meta name=\"twitter:site\" content=\"@psol50\" \/>\n<meta name=\"twitter:label1\" content=\"Escrito por\" \/>\n\t<meta name=\"twitter:data1\" content=\"Comunica\u00e7\u00e3o PSOL\" \/>\n\t<meta name=\"twitter:label2\" content=\"Est. tempo de leitura\" \/>\n\t<meta name=\"twitter:data2\" content=\"2 minutos\" \/>\n<script type=\"application\/ld+json\" class=\"yoast-schema-graph\">{\"@context\":\"https:\/\/schema.org\",\"@graph\":[{\"@type\":\"Article\",\"@id\":\"https:\/\/psol50.org.br\/lider-do-psol-na-camara-se-reune-com-equipe-de-bernie-sanders-nos-eua\/#article\",\"isPartOf\":{\"@id\":\"https:\/\/psol50.org.br\/lider-do-psol-na-camara-se-reune-com-equipe-de-bernie-sanders-nos-eua\/\"},\"author\":{\"name\":\"Comunica\u00e7\u00e3o PSOL\",\"@id\":\"https:\/\/psol50.org.br\/#\/schema\/person\/475dfa57d0b815993c714c2e96491fcd\"},\"headline\":\"L\u00edder do PSOL na C\u00e2mara se re\u00fane com equipe de Bernie Sanders nos EUA\",\"datePublished\":\"2020-02-26T18:45:52+00:00\",\"mainEntityOfPage\":{\"@id\":\"https:\/\/psol50.org.br\/lider-do-psol-na-camara-se-reune-com-equipe-de-bernie-sanders-nos-eua\/\"},\"wordCount\":350,\"publisher\":{\"@id\":\"https:\/\/psol50.org.br\/#organization\"},\"image\":{\"@id\":\"https:\/\/psol50.org.br\/lider-do-psol-na-camara-se-reune-com-equipe-de-bernie-sanders-nos-eua\/#primaryimage\"},\"thumbnailUrl\":\"https:\/\/psol50.org.br\/inc\/uploads\/2020\/02\/25511143.jpg\",\"keywords\":[\"bernie sanders\",\"democrata\",\"EUA\",\"melchionna\",\"PSOL\",\"socialismo\"],\"articleSection\":[\"A\u00e7\u00e3o Parlamentar\",\"Not\u00edcias\"],\"inLanguage\":\"pt-BR\"},{\"@type\":\"WebPage\",\"@id\":\"https:\/\/psol50.org.br\/lider-do-psol-na-camara-se-reune-com-equipe-de-bernie-sanders-nos-eua\/\",\"url\":\"https:\/\/psol50.org.br\/lider-do-psol-na-camara-se-reune-com-equipe-de-bernie-sanders-nos-eua\/\",\"name\":\"L\u00edder do PSOL na C\u00e2mara se re\u00fane com equipe de Bernie Sanders nos EUA - PSOL 50\",\"isPartOf\":{\"@id\":\"https:\/\/psol50.org.br\/#website\"},\"primaryImageOfPage\":{\"@id\":\"https:\/\/psol50.org.br\/lider-do-psol-na-camara-se-reune-com-equipe-de-bernie-sanders-nos-eua\/#primaryimage\"},\"image\":{\"@id\":\"https:\/\/psol50.org.br\/lider-do-psol-na-camara-se-reune-com-equipe-de-bernie-sanders-nos-eua\/#primaryimage\"},\"thumbnailUrl\":\"https:\/\/psol50.org.br\/inc\/uploads\/2020\/02\/25511143.jpg\",\"datePublished\":\"2020-02-26T18:45:52+00:00\",\"description\":\"Fernanda Melchionna est\u00e1 nos Estados Unidos a convite do Congresso dos EUA para uma s\u00e9rie de reuni\u00f5es e atividades sobre a escalada autorit\u00e1ria que acontece no Brasil.\",\"breadcrumb\":{\"@id\":\"https:\/\/psol50.org.br\/lider-do-psol-na-camara-se-reune-com-equipe-de-bernie-sanders-nos-eua\/#breadcrumb\"},\"inLanguage\":\"pt-BR\",\"potentialAction\":[{\"@type\":\"ReadAction\",\"target\":[\"https:\/\/psol50.org.br\/lider-do-psol-na-camara-se-reune-com-equipe-de-bernie-sanders-nos-eua\/\"]}]},{\"@type\":\"ImageObject\",\"inLanguage\":\"pt-BR\",\"@id\":\"https:\/\/psol50.org.br\/lider-do-psol-na-camara-se-reune-com-equipe-de-bernie-sanders-nos-eua\/#primaryimage\",\"url\":\"https:\/\/psol50.org.br\/inc\/uploads\/2020\/02\/25511143.jpg\",\"contentUrl\":\"https:\/\/psol50.org.br\/inc\/uploads\/2020\/02\/25511143.jpg\",\"width\":1200,\"height\":630},{\"@type\":\"BreadcrumbList\",\"@id\":\"https:\/\/psol50.org.br\/lider-do-psol-na-camara-se-reune-com-equipe-de-bernie-sanders-nos-eua\/#breadcrumb\",\"itemListElement\":[{\"@type\":\"ListItem\",\"position\":1,\"name\":\"In\u00edcio\",\"item\":\"https:\/\/psol50.org.br\/\"},{\"@type\":\"ListItem\",\"position\":2,\"name\":\"L\u00edder do PSOL na C\u00e2mara se re\u00fane com equipe de Bernie Sanders nos EUA\"}]},{\"@type\":\"WebSite\",\"@id\":\"https:\/\/psol50.org.br\/#website\",\"url\":\"https:\/\/psol50.org.br\/\",\"name\":\"PSOL 50\",\"description\":\"Site oficial do Partido Socialismo e Liberdade\",\"publisher\":{\"@id\":\"https:\/\/psol50.org.br\/#organization\"},\"alternateName\":\"PSOL50\",\"potentialAction\":[{\"@type\":\"SearchAction\",\"target\":{\"@type\":\"EntryPoint\",\"urlTemplate\":\"https:\/\/psol50.org.br\/?s={search_term_string}\"},\"query-input\":{\"@type\":\"PropertyValueSpecification\",\"valueRequired\":true,\"valueName\":\"search_term_string\"}}],\"inLanguage\":\"pt-BR\"},{\"@type\":\"Organization\",\"@id\":\"https:\/\/psol50.org.br\/#organization\",\"name\":\"PSOL 50\",\"alternateName\":\"PSOL 50\",\"url\":\"https:\/\/psol50.org.br\/\",\"logo\":{\"@type\":\"ImageObject\",\"inLanguage\":\"pt-BR\",\"@id\":\"https:\/\/psol50.org.br\/#\/schema\/logo\/image\/\",\"url\":\"https:\/\/psol50.org.br\/inc\/uploads\/2018\/07\/capa.png\",\"contentUrl\":\"https:\/\/psol50.org.br\/inc\/uploads\/2018\/07\/capa.png\",\"width\":1350,\"height\":900,\"caption\":\"PSOL 50\"},\"image\":{\"@id\":\"https:\/\/psol50.org.br\/#\/schema\/logo\/image\/\"},\"sameAs\":[\"https:\/\/www.facebook.com\/psol50\",\"https:\/\/x.com\/psol50\",\"https:\/\/www.instagram.com\/psol50\/\",\"https:\/\/www.youtube.com\/channel\/UC7SnJS5o1os7a6CaiNabzcg\"]},{\"@type\":\"Person\",\"@id\":\"https:\/\/psol50.org.br\/#\/schema\/person\/475dfa57d0b815993c714c2e96491fcd\",\"name\":\"Comunica\u00e7\u00e3o PSOL\",\"image\":{\"@type\":\"ImageObject\",\"inLanguage\":\"pt-BR\",\"@id\":\"https:\/\/psol50.org.br\/#\/schema\/person\/image\/\",\"url\":\"https:\/\/secure.gravatar.com\/avatar\/b34fc4f4e468a4e51785917065a3db57b841f5c95dba6ad8c73aaf8f66f8f9bf?s=96&d=mm&r=g\",\"contentUrl\":\"https:\/\/secure.gravatar.com\/avatar\/b34fc4f4e468a4e51785917065a3db57b841f5c95dba6ad8c73aaf8f66f8f9bf?s=96&d=mm&r=g\",\"caption\":\"Comunica\u00e7\u00e3o PSOL\"}}]}<\/script>\n<!-- \/ Yoast SEO plugin. -->","yoast_head_json":{"title":"L\u00edder do PSOL na C\u00e2mara se re\u00fane com equipe de Bernie Sanders nos EUA - PSOL 50","description":"Fernanda Melchionna est\u00e1 nos Estados Unidos a convite do Congresso dos EUA para uma s\u00e9rie de reuni\u00f5es e atividades sobre a escalada autorit\u00e1ria que acontece no Brasil.","robots":{"index":"index","follow":"follow","max-snippet":"max-snippet:-1","max-image-preview":"max-image-preview:large","max-video-preview":"max-video-preview:-1"},"canonical":"https:\/\/psol50.org.br\/lider-do-psol-na-camara-se-reune-com-equipe-de-bernie-sanders-nos-eua\/","og_locale":"pt_BR","og_type":"article","og_title":"L\u00edder do PSOL na C\u00e2mara se re\u00fane com equipe de Bernie Sanders nos EUA","og_description":"Fernanda Melchionna est\u00e1 nos Estados Unidos a convite do Congresso dos EUA para uma s\u00e9rie de reuni\u00f5es e atividades sobre a escalada autorit\u00e1ria que acontece no Brasil.","og_url":"https:\/\/psol50.org.br\/lider-do-psol-na-camara-se-reune-com-equipe-de-bernie-sanders-nos-eua\/","og_site_name":"PSOL 50","article_publisher":"https:\/\/www.facebook.com\/psol50","article_published_time":"2020-02-26T18:45:52+00:00","og_image":[{"width":1200,"height":630,"url":"https:\/\/psol50.org.br\/inc\/uploads\/2020\/02\/25511143.jpg","type":"image\/jpeg"}],"author":"Comunica\u00e7\u00e3o PSOL","twitter_card":"summary_large_image","twitter_title":"L\u00edder do PSOL na C\u00e2mara se re\u00fane com equipe de Bernie Sanders nos EUA","twitter_description":"Fernanda Melchionna est\u00e1 nos Estados Unidos a convite do Congresso dos EUA para uma s\u00e9rie de reuni\u00f5es e atividades sobre a escalada autorit\u00e1ria que acontece no Brasil.","twitter_image":"https:\/\/psol50.org.br\/inc\/uploads\/2020\/02\/25511143.jpg","twitter_creator":"@psol50","twitter_site":"@psol50","twitter_misc":{"Escrito por":"Comunica\u00e7\u00e3o PSOL","Est. tempo de leitura":"2 minutos"},"schema":{"@context":"https:\/\/schema.org","@graph":[{"@type":"Article","@id":"https:\/\/psol50.org.br\/lider-do-psol-na-camara-se-reune-com-equipe-de-bernie-sanders-nos-eua\/#article","isPartOf":{"@id":"https:\/\/psol50.org.br\/lider-do-psol-na-camara-se-reune-com-equipe-de-bernie-sanders-nos-eua\/"},"author":{"name":"Comunica\u00e7\u00e3o PSOL","@id":"https:\/\/psol50.org.br\/#\/schema\/person\/475dfa57d0b815993c714c2e96491fcd"},"headline":"L\u00edder do PSOL na C\u00e2mara se re\u00fane com equipe de Bernie Sanders nos EUA","datePublished":"2020-02-26T18:45:52+00:00","mainEntityOfPage":{"@id":"https:\/\/psol50.org.br\/lider-do-psol-na-camara-se-reune-com-equipe-de-bernie-sanders-nos-eua\/"},"wordCount":350,"publisher":{"@id":"https:\/\/psol50.org.br\/#organization"},"image":{"@id":"https:\/\/psol50.org.br\/lider-do-psol-na-camara-se-reune-com-equipe-de-bernie-sanders-nos-eua\/#primaryimage"},"thumbnailUrl":"https:\/\/psol50.org.br\/inc\/uploads\/2020\/02\/25511143.jpg","keywords":["bernie sanders","democrata","EUA","melchionna","PSOL","socialismo"],"articleSection":["A\u00e7\u00e3o Parlamentar","Not\u00edcias"],"inLanguage":"pt-BR"},{"@type":"WebPage","@id":"https:\/\/psol50.org.br\/lider-do-psol-na-camara-se-reune-com-equipe-de-bernie-sanders-nos-eua\/","url":"https:\/\/psol50.org.br\/lider-do-psol-na-camara-se-reune-com-equipe-de-bernie-sanders-nos-eua\/","name":"L\u00edder do PSOL na C\u00e2mara se re\u00fane com equipe de Bernie Sanders nos EUA - PSOL 50","isPartOf":{"@id":"https:\/\/psol50.org.br\/#website"},"primaryImageOfPage":{"@id":"https:\/\/psol50.org.br\/lider-do-psol-na-camara-se-reune-com-equipe-de-bernie-sanders-nos-eua\/#primaryimage"},"image":{"@id":"https:\/\/psol50.org.br\/lider-do-psol-na-camara-se-reune-com-equipe-de-bernie-sanders-nos-eua\/#primaryimage"},"thumbnailUrl":"https:\/\/psol50.org.br\/inc\/uploads\/2020\/02\/25511143.jpg","datePublished":"2020-02-26T18:45:52+00:00","description":"Fernanda Melchionna est\u00e1 nos Estados Unidos a convite do Congresso dos EUA para uma s\u00e9rie de reuni\u00f5es e atividades sobre a escalada autorit\u00e1ria que acontece no Brasil.","breadcrumb":{"@id":"https:\/\/psol50.org.br\/lider-do-psol-na-camara-se-reune-com-equipe-de-bernie-sanders-nos-eua\/#breadcrumb"},"inLanguage":"pt-BR","potentialAction":[{"@type":"ReadAction","target":["https:\/\/psol50.org.br\/lider-do-psol-na-camara-se-reune-com-equipe-de-bernie-sanders-nos-eua\/"]}]},{"@type":"ImageObject","inLanguage":"pt-BR","@id":"https:\/\/psol50.org.br\/lider-do-psol-na-camara-se-reune-com-equipe-de-bernie-sanders-nos-eua\/#primaryimage","url":"https:\/\/psol50.org.br\/inc\/uploads\/2020\/02\/25511143.jpg","contentUrl":"https:\/\/psol50.org.br\/inc\/uploads\/2020\/02\/25511143.jpg","width":1200,"height":630},{"@type":"BreadcrumbList","@id":"https:\/\/psol50.org.br\/lider-do-psol-na-camara-se-reune-com-equipe-de-bernie-sanders-nos-eua\/#breadcrumb","itemListElement":[{"@type":"ListItem","position":1,"name":"In\u00edcio","item":"https:\/\/psol50.org.br\/"},{"@type":"ListItem","position":2,"name":"L\u00edder do PSOL na C\u00e2mara se re\u00fane com equipe de Bernie Sanders nos EUA"}]},{"@type":"WebSite","@id":"https:\/\/psol50.org.br\/#website","url":"https:\/\/psol50.org.br\/","name":"PSOL 50","description":"Site oficial do Partido Socialismo e Liberdade","publisher":{"@id":"https:\/\/psol50.org.br\/#organization"},"alternateName":"PSOL50","potentialAction":[{"@type":"SearchAction","target":{"@type":"EntryPoint","urlTemplate":"https:\/\/psol50.org.br\/?s={search_term_string}"},"query-input":{"@type":"PropertyValueSpecification","valueRequired":true,"valueName":"search_term_string"}}],"inLanguage":"pt-BR"},{"@type":"Organization","@id":"https:\/\/psol50.org.br\/#organization","name":"PSOL 50","alternateName":"PSOL 50","url":"https:\/\/psol50.org.br\/","logo":{"@type":"ImageObject","inLanguage":"pt-BR","@id":"https:\/\/psol50.org.br\/#\/schema\/logo\/image\/","url":"https:\/\/psol50.org.br\/inc\/uploads\/2018\/07\/capa.png","contentUrl":"https:\/\/psol50.org.br\/inc\/uploads\/2018\/07\/capa.png","width":1350,"height":900,"caption":"PSOL 50"},"image":{"@id":"https:\/\/psol50.org.br\/#\/schema\/logo\/image\/"},"sameAs":["https:\/\/www.facebook.com\/psol50","https:\/\/x.com\/psol50","https:\/\/www.instagram.com\/psol50\/","https:\/\/www.youtube.com\/channel\/UC7SnJS5o1os7a6CaiNabzcg"]},{"@type":"Person","@id":"https:\/\/psol50.org.br\/#\/schema\/person\/475dfa57d0b815993c714c2e96491fcd","name":"Comunica\u00e7\u00e3o PSOL","image":{"@type":"ImageObject","inLanguage":"pt-BR","@id":"https:\/\/psol50.org.br\/#\/schema\/person\/image\/","url":"https:\/\/secure.gravatar.com\/avatar\/b34fc4f4e468a4e51785917065a3db57b841f5c95dba6ad8c73aaf8f66f8f9bf?s=96&d=mm&r=g","contentUrl":"https:\/\/secure.gravatar.com\/avatar\/b34fc4f4e468a4e51785917065a3db57b841f5c95dba6ad8c73aaf8f66f8f9bf?s=96&d=mm&r=g","caption":"Comunica\u00e7\u00e3o PSOL"}}]}},"_links":{"self":[{"href":"https:\/\/psol50.org.br\/rest\/wp\/v2\/posts\/27613","targetHints":{"allow":["GET"]}}],"collection":[{"href":"https:\/\/psol50.org.br\/rest\/wp\/v2\/posts"}],"about":[{"href":"https:\/\/psol50.org.br\/rest\/wp\/v2\/types\/post"}],"author":[{"embeddable":true,"href":"https:\/\/psol50.org.br\/rest\/wp\/v2\/users\/2"}],"replies":[{"embeddable":true,"href":"https:\/\/psol50.org.br\/rest\/wp\/v2\/comments?post=27613"}],"version-history":[{"count":0,"href":"https:\/\/psol50.org.br\/rest\/wp\/v2\/posts\/27613\/revisions"}],"wp:featuredmedia":[{"embeddable":true,"href":"https:\/\/psol50.org.br\/rest\/wp\/v2\/media\/27614"}],"wp:attachment":[{"href":"https:\/\/psol50.org.br\/rest\/wp\/v2\/media?parent=27613"}],"wp:term":[{"taxonomy":"category","embeddable":true,"href":"https:\/\/psol50.org.br\/rest\/wp\/v2\/categories?post=27613"},{"taxonomy":"post_tag","embeddable":true,"href":"https:\/\/psol50.org.br\/rest\/wp\/v2\/tags?post=27613"}],"curies":[{"name":"wp","href":"https:\/\/api.w.org\/{rel}","templated":true}]}}