{"id":2764,"date":"2014-05-21T00:00:00","date_gmt":"2014-05-21T18:13:11","guid":{"rendered":"http:\/\/psol50.org.br\/arquivo\/2014\/05\/21\/brasil-e-denunciado-na-onu-por-regressao-nos-direitos-indigenas\/"},"modified":"2014-05-21T00:00:00","modified_gmt":"2014-05-21T18:13:11","slug":"brasil-e-denunciado-na-onu-por-regressao-nos-direitos-indigenas","status":"publish","type":"post","link":"https:\/\/psol50.org.br\/brasil-e-denunciado-na-onu-por-regressao-nos-direitos-indigenas\/","title":{"rendered":"Brasil \u00e9 denunciado na ONU por \u201cregress\u00e3o nos direitos ind\u00edgenas\u201d"},"content":{"rendered":"<p style=\"text-align: justify;\">\n\t<span style=\"font-size:12px;\"><span style=\"font-family: arial,helvetica,sans-serif;\">As viola\u00e7\u00f5es de direitos humanos e territoriais dos povos ind\u00edgenas no Brasil foram denunciadas \u00e0 Organiza\u00e7\u00e3o das Na\u00e7\u00f5es Unidas (ONU) nesta ter\u00e7a-feira (20) durante a 13\u00aa sess\u00e3o do F\u00f3rum Permanente da ONU sobre Quest\u00f5es Ind\u00edgenas, realizado na sede da Organiza\u00e7\u00e3o em Nova York.<\/p>\n<p>\tLindomar Terena, ind\u00edgena de Mato Grosso do Sul e representante da Articula\u00e7\u00e3o dos Povos Ind\u00edgenas do Brasil (APIB), falou sobre as iniciativas de setores da sociedade, como a bancada ruralista do Congresso Nacional, para aprovar mudan\u00e7as nos direitos constitucionais ind\u00edgenas. \u201cEst\u00e1 em curso no Brasil uma s\u00e9rie de articula\u00e7\u00f5es e iniciativas que buscam a reduzir, suprimir os direitos dos povos ind\u00edgenas, reconhecidos pela Constitui\u00e7\u00e3o Federal Brasileira e reafirmados por tratados internacionais. [&#8230;] O modelo desenvolvimentista brasileiro objetiva disponibilizar os territ\u00f3rios ind\u00edgenas, e de outros segmentos e comunidades tradicionais, para a explora\u00e7\u00e3o descontrolada dos bens naturais, a expans\u00e3o do agroneg\u00f3cio e a implanta\u00e7\u00e3o de grandes empreendimentos. [&#8230;] Para tanto, o Governo brasileiro paralisou o processo constitucional de demarca\u00e7\u00e3o de nossos territ\u00f3rios, aumentando gravemente os conflitos territoriais em v\u00e1rias regi\u00f5es do Brasil\u201d.<br \/>\n\t&nbsp;<br \/>\n\t<strong>Leia o discurso na \u00edntegra<\/strong><br \/>\n\tSenhora Presidente, demais parentes ind\u00edgenas de todo o mundo<br \/>\n\tA organiza\u00e7\u00e3o que represento, chamada Articula\u00e7\u00e3o dos Povos Ind\u00edgenas do Brasil &#8211; APIB, re\u00fane organiza\u00e7\u00f5es regionais ind\u00edgenas e de base dos 4 cantos do Brasil, atua na defesa dos direitos e da vida de mais de 300 povos, falantes de 270 l\u00ednguas. Apesar de sermos 1 milh\u00e3o de ind\u00edgenas que sobreviveram a grande invas\u00e3o de 1500, ainda hoje, representamos 1\/3 da diversidade \u00e9tnica na Am\u00e9rica do Sul.<br \/>\n\t&nbsp;<br \/>\n\tVimos a este F\u00f3rum, porque a situa\u00e7\u00e3o de viola\u00e7\u00e3o de direitos humanos e territoriais dos povos ind\u00edgenas no Brasil se agravou fortemente nos \u00faltimos anos. Contrariamente ao que o Governo brasileiro divulga em espa\u00e7os internacionais, relatando uma suposta harmonia entre os povos ind\u00edgenas e o estado nacional, temos certeza ao afirmar que a situa\u00e7\u00e3o dos povos ind\u00edgenas no Brasil hoje, \u00e9 a mais grave desde a redemocratiza\u00e7\u00e3o do Pa\u00eds, seja na quantidade de ind\u00edgenas assassinados, seja nas iniciativas de esfacelar nossos direitos conquistados ao sangue de nossos povos.<br \/>\n\t&nbsp;<br \/>\n\tEst\u00e1 em curso no Brasil uma s\u00e9rie de articula\u00e7\u00f5es e iniciativas que buscam a reduzir, suprimir os direitos dos povos ind\u00edgenas, reconhecidos pela Constitui\u00e7\u00e3o Federal Brasileira e reafirmados por tratados internacionais, textos normativos, dos quais o pa\u00eds \u00e9 signat\u00e1rio.<br \/>\n\t&nbsp;<br \/>\n\tNo Congresso Nacional, a bancada ruralista, os representantes do agroneg\u00f3cio, querem de todas as formas aprovar mudan\u00e7as nos direitos constitucionais estabelecidos principalmente nos artigos 231 e 232 da Constitui\u00e7\u00e3o Federal. Somam-se as iniciativas de propostas de emendas \u00e0 Constitui\u00e7\u00e3o (PEC) 038 e 215 que pretendem transferir para o Senado e Congresso Nacional, hoje maioritariamente composto por representantes do agroneg\u00f3cio, a compet\u00eancia de demarcar as terras ind\u00edgenas, usurpando uma prerrogativa constitucional do Poder Executivo.<br \/>\n\t&nbsp;<br \/>\n\tO modelo desenvolvimentista brasileiro objetiva disponibilizar os territ\u00f3rios ind\u00edgenas, e de outros segmentos e comunidades tradicionais, para a explora\u00e7\u00e3o descontrolada dos bens naturais, a expans\u00e3o do agroneg\u00f3cio e a implanta\u00e7\u00e3o de grandes empreendimentos, principalmente energ\u00e9ticos (hidrel\u00e9tricas) e de explora\u00e7\u00e3o mineral, e obras de infraestrutura: portos, estradas, linhas de transmiss\u00e3o etc. que comprometem a sobreviv\u00eancia e continuidade f\u00edsica e cultural dos povos ind\u00edgenas.<br \/>\n\t&nbsp;<br \/>\n\tPara tanto, o Governo brasileiro paralisou o processo constitucional de demarca\u00e7\u00e3o de nossos territ\u00f3rios, aumentando gravemente os conflitos territoriais em v\u00e1rias regi\u00f5es do Brasil. Nunca, em nossa hist\u00f3ria recente, vimos tantas lideran\u00e7as amea\u00e7adas de morte, comunidades inteiras inclusas em programas de prote\u00e7\u00e3o e no caso do estado em que moro, lideran\u00e7as assassinadas a luz do dia, e com seus assassinos impunes. Meu estado concentra a maior quantidade de lideran\u00e7as ind\u00edgenas assassinadas na \u00faltima d\u00e9cada devido a luta pela terra. Ontem mesmo, uma lideran\u00e7a de meu povo, sr. Paulino, sofreu atentando e dos v\u00e1rios tiros que foi dado em seu carro, felizmente apenas um acertou sua perna e segue vivo. No meu estado, pelo menos 20 lideran\u00e7as ind\u00edgenas foram assassinadas na \u00faltima d\u00e9cada devido a suas lutas por territ\u00f3rios; outros 350 assassinatos no mesmo per\u00edodo resultam do processo de confinamento de nossos povos em pequenos territ\u00f3rios.<br \/>\n\t&nbsp;<br \/>\n\tO povo Kaiow\u00e1 e Guarani em meu estado, diante da falta de suas terras, contabilizaram desde de 2000 cerca de 690 suic\u00eddios, sendo que em 2013 foram 73 casos, o maior j\u00e1 registrado em 1 ano, dos quais 70% eram jovens.<br \/>\n\tDiante da inercia do governo, vimos uma cidade inteira se revoltar, alimentada pela desinforma\u00e7\u00e3o, pelo racismo, contra o povo Tenharim no Amazonas.<br \/>\n\t&nbsp;<br \/>\n\tO povo Tupinamb\u00e1 ap\u00f3s v\u00e1rios casos de conflitos e ataques a suas comunidades, tem seu territ\u00f3rio militarizado, suas lideran\u00e7as amea\u00e7adas e impedidas de denunciar sua realidade.<br \/>\n\t&nbsp;<br \/>\n\tTrazemos tamb\u00e9m a situa\u00e7\u00e3o do Povo Kaingang que semana passada, teve 7 lideran\u00e7as de seu povo presos no Rio Grande do Sul como resultado de a\u00e7\u00f5es de defesa da comunidade.&nbsp;&nbsp;<br \/>\n\t&nbsp;<br \/>\n\tH\u00e1 no Brasil uma virulenta campanha de criminaliza\u00e7\u00e3o, deslegitima\u00e7\u00e3o, discrimina\u00e7\u00e3o e racismo contra os povos ind\u00edgenas. Informa\u00e7\u00f5es midi\u00e1ticas s\u00e3o difundidas visando burlar os fatos reais e projetar inverdades que constituem uma verdadeira invers\u00e3o de direitos. Na concep\u00e7\u00e3o deles, os povos e comunidades ind\u00edgenas se constituem em invasores, subverteres da ordem e principalmente s\u00e3o obst\u00e1culos ao desenvolvimento nacional.<br \/>\n\t&nbsp;<br \/>\n\tO poder Executivo, por meio do Minist\u00e9rio da Justi\u00e7a, tem atuado em convencer o movimento ind\u00edgena a negociar nossos direitos, propondo graves mudan\u00e7as no processo de demarca\u00e7\u00e3o de nossos territ\u00f3rios estabelecidos pelo Decreto 1775\/96, tudo em favor dos interesses do latif\u00fandio, do agroneg\u00f3cio e da reterritorializa\u00e7\u00e3o do capital sobre as terras tradicionais dos povos ind\u00edgenas.<br \/>\n\t&nbsp;<br \/>\n\tSobre o processo estabelecido pelo governo para regulamentar a conven\u00e7\u00e3o 169 da OIT no Brasil, a APIB se retirou das mesas de negocia\u00e7\u00e3o porque, o pr\u00f3prio governo atropelou o encaminhamento publicando a Portaria 303\/12, que desrespeita e desqualifica a Conven\u00e7\u00e3o e que em suma quer viabilizar seus megaprojetos em terras ind\u00edgenas como por exemplo o fez em rela\u00e7\u00e3o aos casos das hidro-eletricas&nbsp;&nbsp;Belo Monte e Tapajos, levadas a cabo sem um processo de consulta.<br \/>\n\t&nbsp;<br \/>\n\tPara vossa informa\u00e7\u00e3o, sobre a reuni\u00e3o de alto n\u00edvel a ser realizada em setembro conhecida como Conferencia Mundial dos Povos Ind\u00edgenas, venho afirmar que os povos ind\u00edgenas no Brasil s\u00f3 souberam desta iniciativa este ano, atrav\u00e9s de um informe r\u00e1pido que o Governo Brasileiro fez em reuni\u00e3o da CNPI e que h\u00e1 apenas 1 vaga; n\u00e3o houve por parte do governo brasileiro a realiza\u00e7\u00e3o de um processo de consulta, de constru\u00e7\u00e3o coletiva e o esfor\u00e7o de garantir uma representatividade \u00e0 altura do Brasil. Cabe ressaltar que o Brasil abriga 1\/3 da diversidade de povos ind\u00edgenas na Am\u00e9rica do Sul.<br \/>\n\t&nbsp;<br \/>\n\tFace a esse quadro de agress\u00f5es e regress\u00e3o nos direitos ind\u00edgenas, principalmente territoriais, a Articula\u00e7\u00e3o dos Povos Ind\u00edgenas do Brasil (APIB) recomenda ao F\u00f3rum Permanente sobre Direitos Ind\u00edgenas, o quanto segue:<br \/>\n\t&nbsp;<br \/>\n\t1. Que o F\u00f3rum Permanente envie urgentemente observadores ao Brasil para que acompanhem a realidade dos conflitos territoriais, situa\u00e7\u00e3o ausente nos relat\u00f3rios do governo.<br \/>\n\t&nbsp;<br \/>\n\t2. Que o F\u00f3rum urja ao Brasil a retomada do processo constitucional de demarca\u00e7\u00e3o das terras ind\u00edgenas, cuja paralisa\u00e7\u00e3o tem ampliado gravemente os conflitos territoriais. Lamentavelmente o governo Dilma \u00e9 o que menos tem demarcado terras ind\u00edgenas. Portarias de identifica\u00e7\u00e3o, declarat\u00f3rias e decretos de homologa\u00e7\u00e3o n\u00e3o tem sido publicado, mesmo quando estes n\u00e3o possuem impedimentos judiciais, perpetuando a agonia dos povos ind\u00edgenas.<br \/>\n\t&nbsp;<br \/>\n\t3. Que o F\u00f3rum realize um Semin\u00e1rio Internacional em conjunto com o UNODC e UNHRC, sobre a Criminaliza\u00e7\u00e3o dos Povos ind\u00edgenas e suas organiza\u00e7\u00f5es, quando estes defendem seus direitos humanos e territoriais.<br \/>\n\t&nbsp;<br \/>\n\t4. Que o documento final da reuni\u00e3o de alto n\u00edvel em setembro, conhecida como Conferencia Mundial dos Povos ind\u00edgenas, caso realizada, seja contundente quanto a implementa\u00e7\u00e3o de a\u00e7\u00f5es efetivas nas distintas \u00e1reas de interesse dos povos ind\u00edgenas, principalmente quanto a efetiva devolu\u00e7\u00e3o e prote\u00e7\u00e3o dos nossos territ\u00f3rios tradicionais.<br \/>\n\t&nbsp;<\/span><\/span><\/p>\n","protected":false},"excerpt":{"rendered":"<p>\u201cO modelo desenvolvimentista brasileiro objetiva disponibilizar os territ\u00f3rios ind\u00edgenas para a explora\u00e7\u00e3o descontrolada dos bens naturais, a expans\u00e3o do agroneg\u00f3cio e a implanta\u00e7\u00e3o de grandes empreendimentos\u201d, criticou o representante da Articula\u00e7\u00e3o dos Povos Ind\u00edgenas do Brasil (APIB) Lindomar Terena<\/p>\n","protected":false},"author":2,"featured_media":0,"comment_status":"open","ping_status":"open","sticky":false,"template":"","format":"standard","meta":{"_acf_changed":false,"footnotes":""},"categories":[4766,1104,6],"tags":[],"class_list":{"0":"post-2764","1":"post","2":"type-post","3":"status-publish","4":"format-standard","6":"category-arquivo","7":"category-movimento","8":"category-noticias"},"acf":[],"yoast_head":"<!-- This site is optimized with the Yoast SEO plugin v26.5 - https:\/\/yoast.com\/wordpress\/plugins\/seo\/ -->\n<title>Brasil \u00e9 denunciado na ONU por \u201cregress\u00e3o nos direitos ind\u00edgenas\u201d - PSOL 50<\/title>\n<meta name=\"robots\" content=\"index, follow, max-snippet:-1, max-image-preview:large, max-video-preview:-1\" \/>\n<link rel=\"canonical\" href=\"https:\/\/psol50.org.br\/brasil-e-denunciado-na-onu-por-regressao-nos-direitos-indigenas\/\" \/>\n<meta property=\"og:locale\" content=\"pt_BR\" \/>\n<meta property=\"og:type\" content=\"article\" \/>\n<meta property=\"og:title\" content=\"Brasil \u00e9 denunciado na ONU por \u201cregress\u00e3o nos direitos ind\u00edgenas\u201d - PSOL 50\" \/>\n<meta property=\"og:description\" content=\"\u201cO modelo desenvolvimentista brasileiro objetiva disponibilizar os territ\u00f3rios ind\u00edgenas para a explora\u00e7\u00e3o descontrolada dos bens naturais, a expans\u00e3o do agroneg\u00f3cio e a implanta\u00e7\u00e3o de grandes empreendimentos\u201d, criticou o representante da Articula\u00e7\u00e3o dos Povos Ind\u00edgenas do Brasil (APIB) Lindomar Terena\" \/>\n<meta property=\"og:url\" content=\"https:\/\/psol50.org.br\/brasil-e-denunciado-na-onu-por-regressao-nos-direitos-indigenas\/\" \/>\n<meta property=\"og:site_name\" content=\"PSOL 50\" \/>\n<meta property=\"article:publisher\" content=\"https:\/\/www.facebook.com\/psol50\" \/>\n<meta property=\"article:published_time\" content=\"2014-05-21T18:13:11+00:00\" \/>\n<meta property=\"og:image\" content=\"https:\/\/psol50.org.br\/inc\/uploads\/2018\/07\/capa.png\" \/>\n\t<meta property=\"og:image:width\" content=\"1350\" \/>\n\t<meta property=\"og:image:height\" content=\"900\" \/>\n\t<meta property=\"og:image:type\" content=\"image\/png\" \/>\n<meta name=\"author\" content=\"Comunica\u00e7\u00e3o PSOL\" \/>\n<meta name=\"twitter:card\" content=\"summary_large_image\" \/>\n<meta name=\"twitter:creator\" content=\"@psol50\" \/>\n<meta name=\"twitter:site\" content=\"@psol50\" \/>\n<meta name=\"twitter:label1\" content=\"Escrito por\" \/>\n\t<meta name=\"twitter:data1\" content=\"Comunica\u00e7\u00e3o PSOL\" \/>\n\t<meta name=\"twitter:label2\" content=\"Est. tempo de leitura\" \/>\n\t<meta name=\"twitter:data2\" content=\"7 minutos\" \/>\n<script type=\"application\/ld+json\" class=\"yoast-schema-graph\">{\"@context\":\"https:\/\/schema.org\",\"@graph\":[{\"@type\":\"Article\",\"@id\":\"https:\/\/psol50.org.br\/brasil-e-denunciado-na-onu-por-regressao-nos-direitos-indigenas\/#article\",\"isPartOf\":{\"@id\":\"https:\/\/psol50.org.br\/brasil-e-denunciado-na-onu-por-regressao-nos-direitos-indigenas\/\"},\"author\":{\"name\":\"Comunica\u00e7\u00e3o PSOL\",\"@id\":\"https:\/\/psol50.org.br\/#\/schema\/person\/475dfa57d0b815993c714c2e96491fcd\"},\"headline\":\"Brasil \u00e9 denunciado na ONU por \u201cregress\u00e3o nos direitos ind\u00edgenas\u201d\",\"datePublished\":\"2014-05-21T18:13:11+00:00\",\"mainEntityOfPage\":{\"@id\":\"https:\/\/psol50.org.br\/brasil-e-denunciado-na-onu-por-regressao-nos-direitos-indigenas\/\"},\"wordCount\":1444,\"commentCount\":0,\"publisher\":{\"@id\":\"https:\/\/psol50.org.br\/#organization\"},\"articleSection\":[\"Arquivo\",\"Movimento\",\"Not\u00edcias\"],\"inLanguage\":\"pt-BR\",\"potentialAction\":[{\"@type\":\"CommentAction\",\"name\":\"Comment\",\"target\":[\"https:\/\/psol50.org.br\/brasil-e-denunciado-na-onu-por-regressao-nos-direitos-indigenas\/#respond\"]}]},{\"@type\":\"WebPage\",\"@id\":\"https:\/\/psol50.org.br\/brasil-e-denunciado-na-onu-por-regressao-nos-direitos-indigenas\/\",\"url\":\"https:\/\/psol50.org.br\/brasil-e-denunciado-na-onu-por-regressao-nos-direitos-indigenas\/\",\"name\":\"Brasil \u00e9 denunciado na ONU por \u201cregress\u00e3o nos direitos ind\u00edgenas\u201d - PSOL 50\",\"isPartOf\":{\"@id\":\"https:\/\/psol50.org.br\/#website\"},\"datePublished\":\"2014-05-21T18:13:11+00:00\",\"breadcrumb\":{\"@id\":\"https:\/\/psol50.org.br\/brasil-e-denunciado-na-onu-por-regressao-nos-direitos-indigenas\/#breadcrumb\"},\"inLanguage\":\"pt-BR\",\"potentialAction\":[{\"@type\":\"ReadAction\",\"target\":[\"https:\/\/psol50.org.br\/brasil-e-denunciado-na-onu-por-regressao-nos-direitos-indigenas\/\"]}]},{\"@type\":\"BreadcrumbList\",\"@id\":\"https:\/\/psol50.org.br\/brasil-e-denunciado-na-onu-por-regressao-nos-direitos-indigenas\/#breadcrumb\",\"itemListElement\":[{\"@type\":\"ListItem\",\"position\":1,\"name\":\"In\u00edcio\",\"item\":\"https:\/\/psol50.org.br\/\"},{\"@type\":\"ListItem\",\"position\":2,\"name\":\"Brasil \u00e9 denunciado na ONU por \u201cregress\u00e3o nos direitos ind\u00edgenas\u201d\"}]},{\"@type\":\"WebSite\",\"@id\":\"https:\/\/psol50.org.br\/#website\",\"url\":\"https:\/\/psol50.org.br\/\",\"name\":\"PSOL 50\",\"description\":\"Site oficial do Partido Socialismo e Liberdade\",\"publisher\":{\"@id\":\"https:\/\/psol50.org.br\/#organization\"},\"alternateName\":\"PSOL50\",\"potentialAction\":[{\"@type\":\"SearchAction\",\"target\":{\"@type\":\"EntryPoint\",\"urlTemplate\":\"https:\/\/psol50.org.br\/?s={search_term_string}\"},\"query-input\":{\"@type\":\"PropertyValueSpecification\",\"valueRequired\":true,\"valueName\":\"search_term_string\"}}],\"inLanguage\":\"pt-BR\"},{\"@type\":\"Organization\",\"@id\":\"https:\/\/psol50.org.br\/#organization\",\"name\":\"PSOL 50\",\"alternateName\":\"PSOL 50\",\"url\":\"https:\/\/psol50.org.br\/\",\"logo\":{\"@type\":\"ImageObject\",\"inLanguage\":\"pt-BR\",\"@id\":\"https:\/\/psol50.org.br\/#\/schema\/logo\/image\/\",\"url\":\"https:\/\/psol50.org.br\/inc\/uploads\/2018\/07\/capa.png\",\"contentUrl\":\"https:\/\/psol50.org.br\/inc\/uploads\/2018\/07\/capa.png\",\"width\":1350,\"height\":900,\"caption\":\"PSOL 50\"},\"image\":{\"@id\":\"https:\/\/psol50.org.br\/#\/schema\/logo\/image\/\"},\"sameAs\":[\"https:\/\/www.facebook.com\/psol50\",\"https:\/\/x.com\/psol50\",\"https:\/\/www.instagram.com\/psol50\/\",\"https:\/\/www.youtube.com\/channel\/UC7SnJS5o1os7a6CaiNabzcg\"]},{\"@type\":\"Person\",\"@id\":\"https:\/\/psol50.org.br\/#\/schema\/person\/475dfa57d0b815993c714c2e96491fcd\",\"name\":\"Comunica\u00e7\u00e3o PSOL\",\"image\":{\"@type\":\"ImageObject\",\"inLanguage\":\"pt-BR\",\"@id\":\"https:\/\/psol50.org.br\/#\/schema\/person\/image\/\",\"url\":\"https:\/\/secure.gravatar.com\/avatar\/b34fc4f4e468a4e51785917065a3db57b841f5c95dba6ad8c73aaf8f66f8f9bf?s=96&d=mm&r=g\",\"contentUrl\":\"https:\/\/secure.gravatar.com\/avatar\/b34fc4f4e468a4e51785917065a3db57b841f5c95dba6ad8c73aaf8f66f8f9bf?s=96&d=mm&r=g\",\"caption\":\"Comunica\u00e7\u00e3o PSOL\"}}]}<\/script>\n<!-- \/ Yoast SEO plugin. -->","yoast_head_json":{"title":"Brasil \u00e9 denunciado na ONU por \u201cregress\u00e3o nos direitos ind\u00edgenas\u201d - PSOL 50","robots":{"index":"index","follow":"follow","max-snippet":"max-snippet:-1","max-image-preview":"max-image-preview:large","max-video-preview":"max-video-preview:-1"},"canonical":"https:\/\/psol50.org.br\/brasil-e-denunciado-na-onu-por-regressao-nos-direitos-indigenas\/","og_locale":"pt_BR","og_type":"article","og_title":"Brasil \u00e9 denunciado na ONU por \u201cregress\u00e3o nos direitos ind\u00edgenas\u201d - PSOL 50","og_description":"\u201cO modelo desenvolvimentista brasileiro objetiva disponibilizar os territ\u00f3rios ind\u00edgenas para a explora\u00e7\u00e3o descontrolada dos bens naturais, a expans\u00e3o do agroneg\u00f3cio e a implanta\u00e7\u00e3o de grandes empreendimentos\u201d, criticou o representante da Articula\u00e7\u00e3o dos Povos Ind\u00edgenas do Brasil (APIB) Lindomar Terena","og_url":"https:\/\/psol50.org.br\/brasil-e-denunciado-na-onu-por-regressao-nos-direitos-indigenas\/","og_site_name":"PSOL 50","article_publisher":"https:\/\/www.facebook.com\/psol50","article_published_time":"2014-05-21T18:13:11+00:00","og_image":[{"width":1350,"height":900,"url":"https:\/\/psol50.org.br\/inc\/uploads\/2018\/07\/capa.png","type":"image\/png"}],"author":"Comunica\u00e7\u00e3o PSOL","twitter_card":"summary_large_image","twitter_creator":"@psol50","twitter_site":"@psol50","twitter_misc":{"Escrito por":"Comunica\u00e7\u00e3o PSOL","Est. tempo de leitura":"7 minutos"},"schema":{"@context":"https:\/\/schema.org","@graph":[{"@type":"Article","@id":"https:\/\/psol50.org.br\/brasil-e-denunciado-na-onu-por-regressao-nos-direitos-indigenas\/#article","isPartOf":{"@id":"https:\/\/psol50.org.br\/brasil-e-denunciado-na-onu-por-regressao-nos-direitos-indigenas\/"},"author":{"name":"Comunica\u00e7\u00e3o PSOL","@id":"https:\/\/psol50.org.br\/#\/schema\/person\/475dfa57d0b815993c714c2e96491fcd"},"headline":"Brasil \u00e9 denunciado na ONU por \u201cregress\u00e3o nos direitos ind\u00edgenas\u201d","datePublished":"2014-05-21T18:13:11+00:00","mainEntityOfPage":{"@id":"https:\/\/psol50.org.br\/brasil-e-denunciado-na-onu-por-regressao-nos-direitos-indigenas\/"},"wordCount":1444,"commentCount":0,"publisher":{"@id":"https:\/\/psol50.org.br\/#organization"},"articleSection":["Arquivo","Movimento","Not\u00edcias"],"inLanguage":"pt-BR","potentialAction":[{"@type":"CommentAction","name":"Comment","target":["https:\/\/psol50.org.br\/brasil-e-denunciado-na-onu-por-regressao-nos-direitos-indigenas\/#respond"]}]},{"@type":"WebPage","@id":"https:\/\/psol50.org.br\/brasil-e-denunciado-na-onu-por-regressao-nos-direitos-indigenas\/","url":"https:\/\/psol50.org.br\/brasil-e-denunciado-na-onu-por-regressao-nos-direitos-indigenas\/","name":"Brasil \u00e9 denunciado na ONU por \u201cregress\u00e3o nos direitos ind\u00edgenas\u201d - PSOL 50","isPartOf":{"@id":"https:\/\/psol50.org.br\/#website"},"datePublished":"2014-05-21T18:13:11+00:00","breadcrumb":{"@id":"https:\/\/psol50.org.br\/brasil-e-denunciado-na-onu-por-regressao-nos-direitos-indigenas\/#breadcrumb"},"inLanguage":"pt-BR","potentialAction":[{"@type":"ReadAction","target":["https:\/\/psol50.org.br\/brasil-e-denunciado-na-onu-por-regressao-nos-direitos-indigenas\/"]}]},{"@type":"BreadcrumbList","@id":"https:\/\/psol50.org.br\/brasil-e-denunciado-na-onu-por-regressao-nos-direitos-indigenas\/#breadcrumb","itemListElement":[{"@type":"ListItem","position":1,"name":"In\u00edcio","item":"https:\/\/psol50.org.br\/"},{"@type":"ListItem","position":2,"name":"Brasil \u00e9 denunciado na ONU por \u201cregress\u00e3o nos direitos ind\u00edgenas\u201d"}]},{"@type":"WebSite","@id":"https:\/\/psol50.org.br\/#website","url":"https:\/\/psol50.org.br\/","name":"PSOL 50","description":"Site oficial do Partido Socialismo e Liberdade","publisher":{"@id":"https:\/\/psol50.org.br\/#organization"},"alternateName":"PSOL50","potentialAction":[{"@type":"SearchAction","target":{"@type":"EntryPoint","urlTemplate":"https:\/\/psol50.org.br\/?s={search_term_string}"},"query-input":{"@type":"PropertyValueSpecification","valueRequired":true,"valueName":"search_term_string"}}],"inLanguage":"pt-BR"},{"@type":"Organization","@id":"https:\/\/psol50.org.br\/#organization","name":"PSOL 50","alternateName":"PSOL 50","url":"https:\/\/psol50.org.br\/","logo":{"@type":"ImageObject","inLanguage":"pt-BR","@id":"https:\/\/psol50.org.br\/#\/schema\/logo\/image\/","url":"https:\/\/psol50.org.br\/inc\/uploads\/2018\/07\/capa.png","contentUrl":"https:\/\/psol50.org.br\/inc\/uploads\/2018\/07\/capa.png","width":1350,"height":900,"caption":"PSOL 50"},"image":{"@id":"https:\/\/psol50.org.br\/#\/schema\/logo\/image\/"},"sameAs":["https:\/\/www.facebook.com\/psol50","https:\/\/x.com\/psol50","https:\/\/www.instagram.com\/psol50\/","https:\/\/www.youtube.com\/channel\/UC7SnJS5o1os7a6CaiNabzcg"]},{"@type":"Person","@id":"https:\/\/psol50.org.br\/#\/schema\/person\/475dfa57d0b815993c714c2e96491fcd","name":"Comunica\u00e7\u00e3o PSOL","image":{"@type":"ImageObject","inLanguage":"pt-BR","@id":"https:\/\/psol50.org.br\/#\/schema\/person\/image\/","url":"https:\/\/secure.gravatar.com\/avatar\/b34fc4f4e468a4e51785917065a3db57b841f5c95dba6ad8c73aaf8f66f8f9bf?s=96&d=mm&r=g","contentUrl":"https:\/\/secure.gravatar.com\/avatar\/b34fc4f4e468a4e51785917065a3db57b841f5c95dba6ad8c73aaf8f66f8f9bf?s=96&d=mm&r=g","caption":"Comunica\u00e7\u00e3o PSOL"}}]}},"_links":{"self":[{"href":"https:\/\/psol50.org.br\/rest\/wp\/v2\/posts\/2764","targetHints":{"allow":["GET"]}}],"collection":[{"href":"https:\/\/psol50.org.br\/rest\/wp\/v2\/posts"}],"about":[{"href":"https:\/\/psol50.org.br\/rest\/wp\/v2\/types\/post"}],"author":[{"embeddable":true,"href":"https:\/\/psol50.org.br\/rest\/wp\/v2\/users\/2"}],"replies":[{"embeddable":true,"href":"https:\/\/psol50.org.br\/rest\/wp\/v2\/comments?post=2764"}],"version-history":[{"count":0,"href":"https:\/\/psol50.org.br\/rest\/wp\/v2\/posts\/2764\/revisions"}],"wp:attachment":[{"href":"https:\/\/psol50.org.br\/rest\/wp\/v2\/media?parent=2764"}],"wp:term":[{"taxonomy":"category","embeddable":true,"href":"https:\/\/psol50.org.br\/rest\/wp\/v2\/categories?post=2764"},{"taxonomy":"post_tag","embeddable":true,"href":"https:\/\/psol50.org.br\/rest\/wp\/v2\/tags?post=2764"}],"curies":[{"name":"wp","href":"https:\/\/api.w.org\/{rel}","templated":true}]}}