{"id":27644,"date":"2020-03-02T16:41:13","date_gmt":"2020-03-02T19:41:13","guid":{"rendered":"https:\/\/psol50.org.br\/?p=27644"},"modified":"2020-03-02T16:41:13","modified_gmt":"2020-03-02T19:41:13","slug":"marcelo-freixo-a-responsabilidade-pelas-mortes-na-chuva-do-rio-nao-e-dos-pobres-e-de-crivella","status":"publish","type":"post","link":"https:\/\/psol50.org.br\/marcelo-freixo-a-responsabilidade-pelas-mortes-na-chuva-do-rio-nao-e-dos-pobres-e-de-crivella\/","title":{"rendered":"Marcelo Freixo | &#8220;A responsabilidade pelas mortes na chuva do Rio n\u00e3o \u00e9 dos pobres, \u00e9 de Crivella&#8221;"},"content":{"rendered":"<p>Ao contr\u00e1rio do que disse Marcelo Crivella, a responsabilidade pelas mortes e destrui\u00e7\u00e3o provocadas pelas chuvas no Rio n\u00e3o \u00e9 das fam\u00edlias pobres, \u00e9 do pr\u00f3prio prefeito, que mistura incompet\u00eancia e descaso com a vida dos cariocas mais pobres.<\/p>\n<p>N\u00e3o temos como evitar os temporais, mas podemos agir para reduzir danos e salvar vidas. Esse \u00e9 o papel do prefeito, mas somando os anos de 2017 e 2018, Crivella cortou R$ 564 milh\u00f5es que seriam usados na preven\u00e7\u00e3o de enchentes e conten\u00e7\u00e3o de encostas. Isso significa que ele deixou de investir 80% do que estava previsto para ampliar o sistema de drenagem e evitar deslizamentos de terra. Absurdo!<\/p>\n<p>S\u00f3 na parte de conten\u00e7\u00e3o de encostas, algo que \u00e9 essencial diante da quantidade de morros que o Rio possui, o corte foi de 70%! Em fevereiro de 2018, quatro pessoas morreram e duas mil fam\u00edlias ficaram desabrigadas por causa das chuvas na capital. J\u00e1 em 2019, entre janeiro e abril, <strong>Crivella n\u00e3o investiu nem um centavo<\/strong> na manuten\u00e7\u00e3o do sistema de drenagem e na conten\u00e7\u00e3o de encostas. Naquele ver\u00e3o, os temporais mataram seis pessoas.<\/p>\n<p>Neste ano, o descaso com a vida dos cariocas se repete: o prefeito cortou R$ 14 milh\u00f5es que seriam investidos em preven\u00e7\u00e3o de enchentes e de deslizamentos de terra. Tr\u00eas pessoas morreram at\u00e9 o momento em nossa cidade.<\/p>\n<p><span class=\"css-901oao css-16my406 r-1qd0xha r-ad9z0x r-bcqeeo r-qvutc0\">O vereador do PSOL Tarc\u00edsio Motta <\/span>presidiu em 2019 a CPI das Enchentes e 105 medidas concretas foram apresentadas para evitar que trag\u00e9dias continuem ocorrendo, mas nada foi feito at\u00e9 o momento por Crivella. <strong><a href=\"https:\/\/t.co\/9upsURAfVE?amp=1\">Voc\u00ea pode ler o relat\u00f3rio completo aqui.<\/a><\/strong><\/p>\n<p>\u00c9 urgente o fim dos cortes nos or\u00e7amentos de monitoramento de riscos e preven\u00e7\u00e3o de desastres. Nossa cidade precisa de um plano municipal de conten\u00e7\u00e3o de encostas e controle de enchentes. At\u00e9 que os problemas sejam devidamente solucionados, todas as \u00e1reas de risco precisam ser monitoradas em tempo real e contar com um sistema de alerta aos moradores, mas at\u00e9 hoje a Zona Oeste, a mais atingida pelos temporais neste ano, n\u00e3o possui esses alarmes.<\/p>\n<p>A prefeitura tamb\u00e9m tem obriga\u00e7\u00e3o de orientar e treinar moradores dessas \u00e1reas de risco para que eles identifiquem amea\u00e7as e saibam rapidamente o que fazer em momentos de crise. A capacita\u00e7\u00e3o e assist\u00eancia do poder p\u00fablico fazem diferen\u00e7a e podem salvar vidas.<\/p>\n<p>Mas o principal mesmo \u00e9 que o prefeito se importe com a vida das fam\u00edlias cariocas, assuma a sua responsabilidade e se prepare de fato para os temporais que <strong>sempre ocorrem nessa \u00e9poca do ano<\/strong>. Infelizmente, as chuvas e o descaso do prefeito n\u00e3o s\u00e3o novidades.<\/p>\n<p><em><strong>Marcelo Freixo<\/strong><\/em><br \/>\n<em><strong>Deputado Federal pelo PSOL-RJ<\/strong><\/em><\/p>\n","protected":false},"excerpt":{"rendered":"<p>Ao contr\u00e1rio do que disse Marcelo Crivella, a responsabilidade pelas mortes e destrui\u00e7\u00e3o provocadas pelas chuvas no Rio n\u00e3o \u00e9 das fam\u00edlias pobres, \u00e9 do pr\u00f3prio prefeito, que mistura incompet\u00eancia e descaso com a vida dos cariocas mais pobres. N\u00e3o temos como evitar os temporais, mas podemos agir para reduzir danos e salvar vidas. Esse [&hellip;]<\/p>\n","protected":false},"author":2,"featured_media":27646,"comment_status":"closed","ping_status":"open","sticky":false,"template":"","format":"standard","meta":{"_acf_changed":false,"footnotes":""},"categories":[6],"tags":[304,305,175,306,307],"class_list":{"0":"post-27644","1":"post","2":"type-post","3":"status-publish","4":"format-standard","5":"has-post-thumbnail","7":"category-noticias","8":"tag-chuva","9":"tag-crivella","10":"tag-freixo","11":"tag-lama","12":"tag-rio"},"acf":[],"yoast_head":"<!-- This site is optimized with the Yoast SEO plugin v26.5 - https:\/\/yoast.com\/wordpress\/plugins\/seo\/ -->\n<title>Marcelo Freixo | &quot;A responsabilidade pelas mortes na chuva do Rio n\u00e3o \u00e9 dos pobres, \u00e9 de Crivella&quot;<\/title>\n<meta name=\"description\" content=\"Marcelo Freixo apresenta solu\u00e7\u00f5es para as cat\u00e1strofes causadas pelas chuvas no Rio de Janeiro e rebate declara\u00e7\u00f5es abjetas de Marcelo Crivella.\" \/>\n<meta name=\"robots\" content=\"index, follow, max-snippet:-1, max-image-preview:large, max-video-preview:-1\" \/>\n<link rel=\"canonical\" href=\"https:\/\/psol50.org.br\/marcelo-freixo-a-responsabilidade-pelas-mortes-na-chuva-do-rio-nao-e-dos-pobres-e-de-crivella\/\" \/>\n<meta property=\"og:locale\" content=\"pt_BR\" \/>\n<meta property=\"og:type\" content=\"article\" \/>\n<meta property=\"og:title\" content=\"A responsabilidade pelas mortes na chuva do Rio n\u00e3o \u00e9 dos pobres, \u00e9 de Crivella\" \/>\n<meta property=\"og:description\" content=\"Marcelo Freixo apresenta solu\u00e7\u00f5es para as cat\u00e1strofes causadas pelas chuvas no Rio de Janeiro e rebate declara\u00e7\u00f5es abjetas de Marcelo Crivella.\" \/>\n<meta property=\"og:url\" content=\"https:\/\/psol50.org.br\/marcelo-freixo-a-responsabilidade-pelas-mortes-na-chuva-do-rio-nao-e-dos-pobres-e-de-crivella\/\" \/>\n<meta property=\"og:site_name\" content=\"PSOL 50\" \/>\n<meta property=\"article:publisher\" content=\"https:\/\/www.facebook.com\/psol50\" \/>\n<meta property=\"article:published_time\" content=\"2020-03-02T19:41:13+00:00\" \/>\n<meta property=\"og:image\" content=\"https:\/\/psol50.org.br\/inc\/uploads\/2020\/03\/x87310289_rio-de-janeiro-02-03-2020o-prefeito-do-rio-de-janeiro-marcelo-crivella-percorre-ruas-1.jpg.pagespeed.ic_.TG7MIC3oS9-1.jpg\" \/>\n\t<meta property=\"og:image:width\" content=\"640\" \/>\n\t<meta property=\"og:image:height\" content=\"360\" \/>\n\t<meta property=\"og:image:type\" content=\"image\/jpeg\" \/>\n<meta name=\"author\" content=\"Comunica\u00e7\u00e3o PSOL\" \/>\n<meta name=\"twitter:card\" content=\"summary_large_image\" \/>\n<meta name=\"twitter:title\" content=\"A responsabilidade pelas mortes na chuva do Rio n\u00e3o \u00e9 dos pobres, \u00e9 de Crivella\" \/>\n<meta name=\"twitter:description\" content=\"Marcelo Freixo apresenta solu\u00e7\u00f5es para as cat\u00e1strofes causadas pelas chuvas no Rio de Janeiro e rebate declara\u00e7\u00f5es abjetas de Marcelo Crivella.\" \/>\n<meta name=\"twitter:image\" content=\"https:\/\/psol50.org.br\/inc\/uploads\/2020\/03\/x87310289_rio-de-janeiro-02-03-2020o-prefeito-do-rio-de-janeiro-marcelo-crivella-percorre-ruas-1.jpg.pagespeed.ic_.TG7MIC3oS9-1.jpg\" \/>\n<meta name=\"twitter:creator\" content=\"@psol50\" \/>\n<meta name=\"twitter:site\" content=\"@psol50\" \/>\n<meta name=\"twitter:label1\" content=\"Escrito por\" \/>\n\t<meta name=\"twitter:data1\" content=\"Comunica\u00e7\u00e3o PSOL\" \/>\n\t<meta name=\"twitter:label2\" content=\"Est. tempo de leitura\" \/>\n\t<meta name=\"twitter:data2\" content=\"2 minutos\" \/>\n<script type=\"application\/ld+json\" class=\"yoast-schema-graph\">{\"@context\":\"https:\/\/schema.org\",\"@graph\":[{\"@type\":\"Article\",\"@id\":\"https:\/\/psol50.org.br\/marcelo-freixo-a-responsabilidade-pelas-mortes-na-chuva-do-rio-nao-e-dos-pobres-e-de-crivella\/#article\",\"isPartOf\":{\"@id\":\"https:\/\/psol50.org.br\/marcelo-freixo-a-responsabilidade-pelas-mortes-na-chuva-do-rio-nao-e-dos-pobres-e-de-crivella\/\"},\"author\":{\"name\":\"Comunica\u00e7\u00e3o PSOL\",\"@id\":\"https:\/\/psol50.org.br\/#\/schema\/person\/475dfa57d0b815993c714c2e96491fcd\"},\"headline\":\"Marcelo Freixo | &#8220;A responsabilidade pelas mortes na chuva do Rio n\u00e3o \u00e9 dos pobres, \u00e9 de Crivella&#8221;\",\"datePublished\":\"2020-03-02T19:41:13+00:00\",\"mainEntityOfPage\":{\"@id\":\"https:\/\/psol50.org.br\/marcelo-freixo-a-responsabilidade-pelas-mortes-na-chuva-do-rio-nao-e-dos-pobres-e-de-crivella\/\"},\"wordCount\":467,\"publisher\":{\"@id\":\"https:\/\/psol50.org.br\/#organization\"},\"image\":{\"@id\":\"https:\/\/psol50.org.br\/marcelo-freixo-a-responsabilidade-pelas-mortes-na-chuva-do-rio-nao-e-dos-pobres-e-de-crivella\/#primaryimage\"},\"thumbnailUrl\":\"https:\/\/psol50.org.br\/inc\/uploads\/2020\/03\/x87310289_rio-de-janeiro-02-03-2020o-prefeito-do-rio-de-janeiro-marcelo-crivella-percorre-ruas-1.jpg.pagespeed.ic_.TG7MIC3oS9-1.jpg\",\"keywords\":[\"chuva\",\"Crivella\",\"freixo\",\"Lama\",\"Rio\"],\"articleSection\":[\"Not\u00edcias\"],\"inLanguage\":\"pt-BR\"},{\"@type\":\"WebPage\",\"@id\":\"https:\/\/psol50.org.br\/marcelo-freixo-a-responsabilidade-pelas-mortes-na-chuva-do-rio-nao-e-dos-pobres-e-de-crivella\/\",\"url\":\"https:\/\/psol50.org.br\/marcelo-freixo-a-responsabilidade-pelas-mortes-na-chuva-do-rio-nao-e-dos-pobres-e-de-crivella\/\",\"name\":\"Marcelo Freixo | \\\"A responsabilidade pelas mortes na chuva do Rio n\u00e3o \u00e9 dos pobres, \u00e9 de Crivella\\\"\",\"isPartOf\":{\"@id\":\"https:\/\/psol50.org.br\/#website\"},\"primaryImageOfPage\":{\"@id\":\"https:\/\/psol50.org.br\/marcelo-freixo-a-responsabilidade-pelas-mortes-na-chuva-do-rio-nao-e-dos-pobres-e-de-crivella\/#primaryimage\"},\"image\":{\"@id\":\"https:\/\/psol50.org.br\/marcelo-freixo-a-responsabilidade-pelas-mortes-na-chuva-do-rio-nao-e-dos-pobres-e-de-crivella\/#primaryimage\"},\"thumbnailUrl\":\"https:\/\/psol50.org.br\/inc\/uploads\/2020\/03\/x87310289_rio-de-janeiro-02-03-2020o-prefeito-do-rio-de-janeiro-marcelo-crivella-percorre-ruas-1.jpg.pagespeed.ic_.TG7MIC3oS9-1.jpg\",\"datePublished\":\"2020-03-02T19:41:13+00:00\",\"description\":\"Marcelo Freixo apresenta solu\u00e7\u00f5es para as cat\u00e1strofes causadas pelas chuvas no Rio de Janeiro e rebate declara\u00e7\u00f5es abjetas de Marcelo Crivella.\",\"breadcrumb\":{\"@id\":\"https:\/\/psol50.org.br\/marcelo-freixo-a-responsabilidade-pelas-mortes-na-chuva-do-rio-nao-e-dos-pobres-e-de-crivella\/#breadcrumb\"},\"inLanguage\":\"pt-BR\",\"potentialAction\":[{\"@type\":\"ReadAction\",\"target\":[\"https:\/\/psol50.org.br\/marcelo-freixo-a-responsabilidade-pelas-mortes-na-chuva-do-rio-nao-e-dos-pobres-e-de-crivella\/\"]}]},{\"@type\":\"ImageObject\",\"inLanguage\":\"pt-BR\",\"@id\":\"https:\/\/psol50.org.br\/marcelo-freixo-a-responsabilidade-pelas-mortes-na-chuva-do-rio-nao-e-dos-pobres-e-de-crivella\/#primaryimage\",\"url\":\"https:\/\/psol50.org.br\/inc\/uploads\/2020\/03\/x87310289_rio-de-janeiro-02-03-2020o-prefeito-do-rio-de-janeiro-marcelo-crivella-percorre-ruas-1.jpg.pagespeed.ic_.TG7MIC3oS9-1.jpg\",\"contentUrl\":\"https:\/\/psol50.org.br\/inc\/uploads\/2020\/03\/x87310289_rio-de-janeiro-02-03-2020o-prefeito-do-rio-de-janeiro-marcelo-crivella-percorre-ruas-1.jpg.pagespeed.ic_.TG7MIC3oS9-1.jpg\",\"width\":640,\"height\":360,\"caption\":\"Foto: M\u00e1rcio Alves\"},{\"@type\":\"BreadcrumbList\",\"@id\":\"https:\/\/psol50.org.br\/marcelo-freixo-a-responsabilidade-pelas-mortes-na-chuva-do-rio-nao-e-dos-pobres-e-de-crivella\/#breadcrumb\",\"itemListElement\":[{\"@type\":\"ListItem\",\"position\":1,\"name\":\"In\u00edcio\",\"item\":\"https:\/\/psol50.org.br\/\"},{\"@type\":\"ListItem\",\"position\":2,\"name\":\"Marcelo Freixo | &#8220;A responsabilidade pelas mortes na chuva do Rio n\u00e3o \u00e9 dos pobres, \u00e9 de Crivella&#8221;\"}]},{\"@type\":\"WebSite\",\"@id\":\"https:\/\/psol50.org.br\/#website\",\"url\":\"https:\/\/psol50.org.br\/\",\"name\":\"PSOL 50\",\"description\":\"Site oficial do Partido Socialismo e Liberdade\",\"publisher\":{\"@id\":\"https:\/\/psol50.org.br\/#organization\"},\"alternateName\":\"PSOL50\",\"potentialAction\":[{\"@type\":\"SearchAction\",\"target\":{\"@type\":\"EntryPoint\",\"urlTemplate\":\"https:\/\/psol50.org.br\/?s={search_term_string}\"},\"query-input\":{\"@type\":\"PropertyValueSpecification\",\"valueRequired\":true,\"valueName\":\"search_term_string\"}}],\"inLanguage\":\"pt-BR\"},{\"@type\":\"Organization\",\"@id\":\"https:\/\/psol50.org.br\/#organization\",\"name\":\"PSOL 50\",\"alternateName\":\"PSOL 50\",\"url\":\"https:\/\/psol50.org.br\/\",\"logo\":{\"@type\":\"ImageObject\",\"inLanguage\":\"pt-BR\",\"@id\":\"https:\/\/psol50.org.br\/#\/schema\/logo\/image\/\",\"url\":\"https:\/\/psol50.org.br\/inc\/uploads\/2018\/07\/capa.png\",\"contentUrl\":\"https:\/\/psol50.org.br\/inc\/uploads\/2018\/07\/capa.png\",\"width\":1350,\"height\":900,\"caption\":\"PSOL 50\"},\"image\":{\"@id\":\"https:\/\/psol50.org.br\/#\/schema\/logo\/image\/\"},\"sameAs\":[\"https:\/\/www.facebook.com\/psol50\",\"https:\/\/x.com\/psol50\",\"https:\/\/www.instagram.com\/psol50\/\",\"https:\/\/www.youtube.com\/channel\/UC7SnJS5o1os7a6CaiNabzcg\"]},{\"@type\":\"Person\",\"@id\":\"https:\/\/psol50.org.br\/#\/schema\/person\/475dfa57d0b815993c714c2e96491fcd\",\"name\":\"Comunica\u00e7\u00e3o PSOL\",\"image\":{\"@type\":\"ImageObject\",\"inLanguage\":\"pt-BR\",\"@id\":\"https:\/\/psol50.org.br\/#\/schema\/person\/image\/\",\"url\":\"https:\/\/secure.gravatar.com\/avatar\/b34fc4f4e468a4e51785917065a3db57b841f5c95dba6ad8c73aaf8f66f8f9bf?s=96&d=mm&r=g\",\"contentUrl\":\"https:\/\/secure.gravatar.com\/avatar\/b34fc4f4e468a4e51785917065a3db57b841f5c95dba6ad8c73aaf8f66f8f9bf?s=96&d=mm&r=g\",\"caption\":\"Comunica\u00e7\u00e3o PSOL\"}}]}<\/script>\n<!-- \/ Yoast SEO plugin. -->","yoast_head_json":{"title":"Marcelo Freixo | \"A responsabilidade pelas mortes na chuva do Rio n\u00e3o \u00e9 dos pobres, \u00e9 de Crivella\"","description":"Marcelo Freixo apresenta solu\u00e7\u00f5es para as cat\u00e1strofes causadas pelas chuvas no Rio de Janeiro e rebate declara\u00e7\u00f5es abjetas de Marcelo Crivella.","robots":{"index":"index","follow":"follow","max-snippet":"max-snippet:-1","max-image-preview":"max-image-preview:large","max-video-preview":"max-video-preview:-1"},"canonical":"https:\/\/psol50.org.br\/marcelo-freixo-a-responsabilidade-pelas-mortes-na-chuva-do-rio-nao-e-dos-pobres-e-de-crivella\/","og_locale":"pt_BR","og_type":"article","og_title":"A responsabilidade pelas mortes na chuva do Rio n\u00e3o \u00e9 dos pobres, \u00e9 de Crivella","og_description":"Marcelo Freixo apresenta solu\u00e7\u00f5es para as cat\u00e1strofes causadas pelas chuvas no Rio de Janeiro e rebate declara\u00e7\u00f5es abjetas de Marcelo Crivella.","og_url":"https:\/\/psol50.org.br\/marcelo-freixo-a-responsabilidade-pelas-mortes-na-chuva-do-rio-nao-e-dos-pobres-e-de-crivella\/","og_site_name":"PSOL 50","article_publisher":"https:\/\/www.facebook.com\/psol50","article_published_time":"2020-03-02T19:41:13+00:00","og_image":[{"width":640,"height":360,"url":"https:\/\/psol50.org.br\/inc\/uploads\/2020\/03\/x87310289_rio-de-janeiro-02-03-2020o-prefeito-do-rio-de-janeiro-marcelo-crivella-percorre-ruas-1.jpg.pagespeed.ic_.TG7MIC3oS9-1.jpg","type":"image\/jpeg"}],"author":"Comunica\u00e7\u00e3o PSOL","twitter_card":"summary_large_image","twitter_title":"A responsabilidade pelas mortes na chuva do Rio n\u00e3o \u00e9 dos pobres, \u00e9 de Crivella","twitter_description":"Marcelo Freixo apresenta solu\u00e7\u00f5es para as cat\u00e1strofes causadas pelas chuvas no Rio de Janeiro e rebate declara\u00e7\u00f5es abjetas de Marcelo Crivella.","twitter_image":"https:\/\/psol50.org.br\/inc\/uploads\/2020\/03\/x87310289_rio-de-janeiro-02-03-2020o-prefeito-do-rio-de-janeiro-marcelo-crivella-percorre-ruas-1.jpg.pagespeed.ic_.TG7MIC3oS9-1.jpg","twitter_creator":"@psol50","twitter_site":"@psol50","twitter_misc":{"Escrito por":"Comunica\u00e7\u00e3o PSOL","Est. tempo de leitura":"2 minutos"},"schema":{"@context":"https:\/\/schema.org","@graph":[{"@type":"Article","@id":"https:\/\/psol50.org.br\/marcelo-freixo-a-responsabilidade-pelas-mortes-na-chuva-do-rio-nao-e-dos-pobres-e-de-crivella\/#article","isPartOf":{"@id":"https:\/\/psol50.org.br\/marcelo-freixo-a-responsabilidade-pelas-mortes-na-chuva-do-rio-nao-e-dos-pobres-e-de-crivella\/"},"author":{"name":"Comunica\u00e7\u00e3o PSOL","@id":"https:\/\/psol50.org.br\/#\/schema\/person\/475dfa57d0b815993c714c2e96491fcd"},"headline":"Marcelo Freixo | &#8220;A responsabilidade pelas mortes na chuva do Rio n\u00e3o \u00e9 dos pobres, \u00e9 de Crivella&#8221;","datePublished":"2020-03-02T19:41:13+00:00","mainEntityOfPage":{"@id":"https:\/\/psol50.org.br\/marcelo-freixo-a-responsabilidade-pelas-mortes-na-chuva-do-rio-nao-e-dos-pobres-e-de-crivella\/"},"wordCount":467,"publisher":{"@id":"https:\/\/psol50.org.br\/#organization"},"image":{"@id":"https:\/\/psol50.org.br\/marcelo-freixo-a-responsabilidade-pelas-mortes-na-chuva-do-rio-nao-e-dos-pobres-e-de-crivella\/#primaryimage"},"thumbnailUrl":"https:\/\/psol50.org.br\/inc\/uploads\/2020\/03\/x87310289_rio-de-janeiro-02-03-2020o-prefeito-do-rio-de-janeiro-marcelo-crivella-percorre-ruas-1.jpg.pagespeed.ic_.TG7MIC3oS9-1.jpg","keywords":["chuva","Crivella","freixo","Lama","Rio"],"articleSection":["Not\u00edcias"],"inLanguage":"pt-BR"},{"@type":"WebPage","@id":"https:\/\/psol50.org.br\/marcelo-freixo-a-responsabilidade-pelas-mortes-na-chuva-do-rio-nao-e-dos-pobres-e-de-crivella\/","url":"https:\/\/psol50.org.br\/marcelo-freixo-a-responsabilidade-pelas-mortes-na-chuva-do-rio-nao-e-dos-pobres-e-de-crivella\/","name":"Marcelo Freixo | \"A responsabilidade pelas mortes na chuva do Rio n\u00e3o \u00e9 dos pobres, \u00e9 de Crivella\"","isPartOf":{"@id":"https:\/\/psol50.org.br\/#website"},"primaryImageOfPage":{"@id":"https:\/\/psol50.org.br\/marcelo-freixo-a-responsabilidade-pelas-mortes-na-chuva-do-rio-nao-e-dos-pobres-e-de-crivella\/#primaryimage"},"image":{"@id":"https:\/\/psol50.org.br\/marcelo-freixo-a-responsabilidade-pelas-mortes-na-chuva-do-rio-nao-e-dos-pobres-e-de-crivella\/#primaryimage"},"thumbnailUrl":"https:\/\/psol50.org.br\/inc\/uploads\/2020\/03\/x87310289_rio-de-janeiro-02-03-2020o-prefeito-do-rio-de-janeiro-marcelo-crivella-percorre-ruas-1.jpg.pagespeed.ic_.TG7MIC3oS9-1.jpg","datePublished":"2020-03-02T19:41:13+00:00","description":"Marcelo Freixo apresenta solu\u00e7\u00f5es para as cat\u00e1strofes causadas pelas chuvas no Rio de Janeiro e rebate declara\u00e7\u00f5es abjetas de Marcelo Crivella.","breadcrumb":{"@id":"https:\/\/psol50.org.br\/marcelo-freixo-a-responsabilidade-pelas-mortes-na-chuva-do-rio-nao-e-dos-pobres-e-de-crivella\/#breadcrumb"},"inLanguage":"pt-BR","potentialAction":[{"@type":"ReadAction","target":["https:\/\/psol50.org.br\/marcelo-freixo-a-responsabilidade-pelas-mortes-na-chuva-do-rio-nao-e-dos-pobres-e-de-crivella\/"]}]},{"@type":"ImageObject","inLanguage":"pt-BR","@id":"https:\/\/psol50.org.br\/marcelo-freixo-a-responsabilidade-pelas-mortes-na-chuva-do-rio-nao-e-dos-pobres-e-de-crivella\/#primaryimage","url":"https:\/\/psol50.org.br\/inc\/uploads\/2020\/03\/x87310289_rio-de-janeiro-02-03-2020o-prefeito-do-rio-de-janeiro-marcelo-crivella-percorre-ruas-1.jpg.pagespeed.ic_.TG7MIC3oS9-1.jpg","contentUrl":"https:\/\/psol50.org.br\/inc\/uploads\/2020\/03\/x87310289_rio-de-janeiro-02-03-2020o-prefeito-do-rio-de-janeiro-marcelo-crivella-percorre-ruas-1.jpg.pagespeed.ic_.TG7MIC3oS9-1.jpg","width":640,"height":360,"caption":"Foto: M\u00e1rcio Alves"},{"@type":"BreadcrumbList","@id":"https:\/\/psol50.org.br\/marcelo-freixo-a-responsabilidade-pelas-mortes-na-chuva-do-rio-nao-e-dos-pobres-e-de-crivella\/#breadcrumb","itemListElement":[{"@type":"ListItem","position":1,"name":"In\u00edcio","item":"https:\/\/psol50.org.br\/"},{"@type":"ListItem","position":2,"name":"Marcelo Freixo | &#8220;A responsabilidade pelas mortes na chuva do Rio n\u00e3o \u00e9 dos pobres, \u00e9 de Crivella&#8221;"}]},{"@type":"WebSite","@id":"https:\/\/psol50.org.br\/#website","url":"https:\/\/psol50.org.br\/","name":"PSOL 50","description":"Site oficial do Partido Socialismo e Liberdade","publisher":{"@id":"https:\/\/psol50.org.br\/#organization"},"alternateName":"PSOL50","potentialAction":[{"@type":"SearchAction","target":{"@type":"EntryPoint","urlTemplate":"https:\/\/psol50.org.br\/?s={search_term_string}"},"query-input":{"@type":"PropertyValueSpecification","valueRequired":true,"valueName":"search_term_string"}}],"inLanguage":"pt-BR"},{"@type":"Organization","@id":"https:\/\/psol50.org.br\/#organization","name":"PSOL 50","alternateName":"PSOL 50","url":"https:\/\/psol50.org.br\/","logo":{"@type":"ImageObject","inLanguage":"pt-BR","@id":"https:\/\/psol50.org.br\/#\/schema\/logo\/image\/","url":"https:\/\/psol50.org.br\/inc\/uploads\/2018\/07\/capa.png","contentUrl":"https:\/\/psol50.org.br\/inc\/uploads\/2018\/07\/capa.png","width":1350,"height":900,"caption":"PSOL 50"},"image":{"@id":"https:\/\/psol50.org.br\/#\/schema\/logo\/image\/"},"sameAs":["https:\/\/www.facebook.com\/psol50","https:\/\/x.com\/psol50","https:\/\/www.instagram.com\/psol50\/","https:\/\/www.youtube.com\/channel\/UC7SnJS5o1os7a6CaiNabzcg"]},{"@type":"Person","@id":"https:\/\/psol50.org.br\/#\/schema\/person\/475dfa57d0b815993c714c2e96491fcd","name":"Comunica\u00e7\u00e3o PSOL","image":{"@type":"ImageObject","inLanguage":"pt-BR","@id":"https:\/\/psol50.org.br\/#\/schema\/person\/image\/","url":"https:\/\/secure.gravatar.com\/avatar\/b34fc4f4e468a4e51785917065a3db57b841f5c95dba6ad8c73aaf8f66f8f9bf?s=96&d=mm&r=g","contentUrl":"https:\/\/secure.gravatar.com\/avatar\/b34fc4f4e468a4e51785917065a3db57b841f5c95dba6ad8c73aaf8f66f8f9bf?s=96&d=mm&r=g","caption":"Comunica\u00e7\u00e3o PSOL"}}]}},"_links":{"self":[{"href":"https:\/\/psol50.org.br\/rest\/wp\/v2\/posts\/27644","targetHints":{"allow":["GET"]}}],"collection":[{"href":"https:\/\/psol50.org.br\/rest\/wp\/v2\/posts"}],"about":[{"href":"https:\/\/psol50.org.br\/rest\/wp\/v2\/types\/post"}],"author":[{"embeddable":true,"href":"https:\/\/psol50.org.br\/rest\/wp\/v2\/users\/2"}],"replies":[{"embeddable":true,"href":"https:\/\/psol50.org.br\/rest\/wp\/v2\/comments?post=27644"}],"version-history":[{"count":0,"href":"https:\/\/psol50.org.br\/rest\/wp\/v2\/posts\/27644\/revisions"}],"wp:featuredmedia":[{"embeddable":true,"href":"https:\/\/psol50.org.br\/rest\/wp\/v2\/media\/27646"}],"wp:attachment":[{"href":"https:\/\/psol50.org.br\/rest\/wp\/v2\/media?parent=27644"}],"wp:term":[{"taxonomy":"category","embeddable":true,"href":"https:\/\/psol50.org.br\/rest\/wp\/v2\/categories?post=27644"},{"taxonomy":"post_tag","embeddable":true,"href":"https:\/\/psol50.org.br\/rest\/wp\/v2\/tags?post=27644"}],"curies":[{"name":"wp","href":"https:\/\/api.w.org\/{rel}","templated":true}]}}