{"id":27659,"date":"2020-03-03T18:06:32","date_gmt":"2020-03-03T21:06:32","guid":{"rendered":"https:\/\/psol50.org.br\/?p=27659"},"modified":"2020-03-03T18:06:32","modified_gmt":"2020-03-03T21:06:32","slug":"nota-dos-partidos-de-oposicao-em-defesa-da-democracia-dos-direitos-e-do-brasil","status":"publish","type":"post","link":"https:\/\/psol50.org.br\/nota-dos-partidos-de-oposicao-em-defesa-da-democracia-dos-direitos-e-do-brasil\/","title":{"rendered":"Nota dos partidos de oposi\u00e7\u00e3o em defesa da democracia, dos direitos e do Brasil"},"content":{"rendered":"<p>A situa\u00e7\u00e3o\u00a0pol\u00edtica, econ\u00f4mica e social do pa\u00eds \u00e9 cada dia mais grave. O presidente da Rep\u00fablica afronta sistematicamente a\u00a0Constitui\u00e7\u00e3o\u00a0e a\u00a0Democracia. Atua para desestabilizar as institui\u00e7\u00f5es, ao apoiar manifesta\u00e7\u00f5es contra o Congresso e o\u00a0STF\u00a0e ao incitar a\u00e7\u00f5es pol\u00edticas e ilegais nas pol\u00edcias militares.<\/p>\n<p>A\u00a0economia\u00a0continua estagnada. A pol\u00edtica de austeridade voltada aos interesses do sistema financeiro drena recursos da sociedade. O real se desvaloriza, n\u00e3o h\u00e1 investimentos p\u00fablicos nem privados, as proje\u00e7\u00f5es do\u00a0PIB\u00a0s\u00e3o minguantes.<\/p>\n<p>A vida do povo piora com os cortes nos programas de prote\u00e7\u00e3o social. Milh\u00f5es aguardam na fila do\u00a0Bolsa Fam\u00edlia\u00a0e da\u00a0Previd\u00eancia. N\u00e3o h\u00e1 resposta eficaz para o\u00a0desemprego. O trabalho \u00e9 cada vez mais informal e prec\u00e1rio. A\u00a0fome\u00a0voltou a atormentar as fam\u00edlias.<\/p>\n<p>Diante deste ac\u00famulo de crises, que compromete o desenvolvimento do pa\u00eds, sacrifica a vida do povo e amea\u00e7a a pr\u00f3pria democracia, os partidos pol\u00edticos que assinam esta nota decidem:<\/p>\n<ul>\n<li>Resistir \u00e0 agenda neoliberal, de destrui\u00e7\u00e3o dos direitos do povo e do estado brasileiro;<\/li>\n<li>Definir uma pauta de atua\u00e7\u00e3o conjunta no\u00a0Congresso Nacional\u00a0em defesa do pa\u00eds;<\/li>\n<li>Apoiar, incentivar e participar dos atos e manifesta\u00e7\u00f5es dos\u00a0movimentos sociais, sindicais e populares convocados para os dias 8 (Dia Internacional da Mulher), 14 (2 anos do assassinato de Marielle e Anderson) e 18 de mar\u00e7o (Em Defesa da\u00a0Educa\u00e7\u00e3o e do Servi\u00e7o P\u00fablico);<\/li>\n<li>Fortalecer o f\u00f3rum permanente dos partidos de oposi\u00e7\u00e3o para avaliar a conjuntura e definir a\u00e7\u00f5es e manifesta\u00e7\u00f5es conjuntas;<\/li>\n<li>Construir atos nacionais unificados em defesa dos direitos do povo, da democracia e da soberania, com todas as for\u00e7as democr\u00e1ticas;<\/li>\n<li>Construir uma pol\u00edtica unificada de\u00a0comunica\u00e7\u00e3o, fortalecendo a presen\u00e7a nas\u00a0redes sociais.<\/li>\n<\/ul>\n<p><em><strong>Bras\u00edlia, 3 de mar\u00e7o de 2020<\/strong><\/em><\/p>\n<p><em><strong>Juliano Medeiros, presidente do PSOL<\/strong><\/em><br \/>\n<em><strong>Gleisi Hoffmann, presidenta do PT<\/strong><\/em><br \/>\n<em><strong>Carlos Siqueira, presidente do PSB<\/strong><\/em><br \/>\n<em><strong>Carlos Lupi, presidente do PDT<\/strong><\/em><br \/>\n<em><strong>Luciana Santos, presidenta do PCdoB<\/strong><\/em><br \/>\n<em><strong>Marina Silva, presidenta da Rede Sustentabilidade<\/strong><\/em><br \/>\n<em><strong>Jos\u00e9 Luiz Penna, presidente do PV<\/strong><\/em><br \/>\n<em><strong>Leonardo P\u00e9ricles, presidente da Unidade Popular<\/strong><\/em><\/p>\n","protected":false},"excerpt":{"rendered":"<p>A situa\u00e7\u00e3o\u00a0pol\u00edtica, econ\u00f4mica e social do pa\u00eds \u00e9 cada dia mais grave. O presidente da Rep\u00fablica afronta sistematicamente a\u00a0Constitui\u00e7\u00e3o\u00a0e a\u00a0Democracia. Atua para desestabilizar as institui\u00e7\u00f5es, ao apoiar manifesta\u00e7\u00f5es contra o Congresso e o\u00a0STF\u00a0e ao incitar a\u00e7\u00f5es pol\u00edticas e ilegais nas pol\u00edcias militares. A\u00a0economia\u00a0continua estagnada. A pol\u00edtica de austeridade voltada aos interesses do sistema financeiro drena [&hellip;]<\/p>\n","protected":false},"author":2,"featured_media":27660,"comment_status":"closed","ping_status":"open","sticky":false,"template":"","format":"standard","meta":{"_acf_changed":false,"footnotes":""},"categories":[20,6,14],"tags":[56,87,19,315,316,317,318,22,319,320,321,322],"class_list":{"0":"post-27659","1":"post","2":"type-post","3":"status-publish","4":"format-standard","5":"has-post-thumbnail","7":"category-notas","8":"category-noticias","9":"category-partido","10":"tag-bolsonaro","11":"tag-democracia","12":"tag-nota","13":"tag-oposicao","14":"tag-pcdob","15":"tag-pdt","16":"tag-psb","17":"tag-psol","18":"tag-pt","19":"tag-pv","20":"tag-unidade","21":"tag-up"},"acf":[],"yoast_head":"<!-- This site is optimized with the Yoast SEO plugin v26.5 - https:\/\/yoast.com\/wordpress\/plugins\/seo\/ -->\n<title>Nota dos partidos de oposi\u00e7\u00e3o em defesa da democracia, dos direitos e do Brasil - PSOL 50<\/title>\n<meta name=\"description\" content=\"Documento assinado pelos presidentes de PSOL, PT, PSB, PDT, PCdoB, Rede, PV e UP reafirma unidade para resistir \u00e0 agenda neoliberal e antidemocr\u00e1tica de Bolsonaro\" \/>\n<meta name=\"robots\" content=\"index, follow, max-snippet:-1, max-image-preview:large, max-video-preview:-1\" \/>\n<link rel=\"canonical\" href=\"https:\/\/psol50.org.br\/nota-dos-partidos-de-oposicao-em-defesa-da-democracia-dos-direitos-e-do-brasil\/\" \/>\n<meta property=\"og:locale\" content=\"pt_BR\" \/>\n<meta property=\"og:type\" content=\"article\" \/>\n<meta property=\"og:title\" content=\"Nota dos partidos de oposi\u00e7\u00e3o em defesa da democracia, dos direitos e do Brasil\" \/>\n<meta property=\"og:description\" content=\"Documento assinado pelos presidentes de PSOL, PT, PSB, PDT, PCdoB, Rede, PV e UP reafirma unidade para resistir \u00e0 agenda neoliberal e antidemocr\u00e1tica de Bolsonaro.\" \/>\n<meta property=\"og:url\" content=\"https:\/\/psol50.org.br\/nota-dos-partidos-de-oposicao-em-defesa-da-democracia-dos-direitos-e-do-brasil\/\" \/>\n<meta property=\"og:site_name\" content=\"PSOL 50\" \/>\n<meta property=\"article:publisher\" content=\"https:\/\/www.facebook.com\/psol50\" \/>\n<meta property=\"article:published_time\" content=\"2020-03-03T21:06:32+00:00\" \/>\n<meta property=\"og:image\" content=\"https:\/\/psol50.org.br\/inc\/uploads\/2020\/03\/Captura-de-Tela-2020-03-03-a\u0300s-18.04.31.png\" \/>\n\t<meta property=\"og:image:width\" content=\"772\" \/>\n\t<meta property=\"og:image:height\" content=\"437\" \/>\n\t<meta property=\"og:image:type\" content=\"image\/png\" \/>\n<meta name=\"author\" content=\"Comunica\u00e7\u00e3o PSOL\" \/>\n<meta name=\"twitter:card\" content=\"summary_large_image\" \/>\n<meta name=\"twitter:title\" content=\"Nota dos partidos de oposi\u00e7\u00e3o em defesa da democracia, dos direitos e do Brasil\" \/>\n<meta name=\"twitter:description\" content=\"Documento assinado pelos presidentes de PSOL, PT, PSB, PDT, PCdoB, Rede, PV e UP reafirma unidade para resistir \u00e0 agenda neoliberal e antidemocr\u00e1tica de Bolsonaro.\" \/>\n<meta name=\"twitter:image\" content=\"https:\/\/psol50.org.br\/inc\/uploads\/2020\/03\/Captura-de-Tela-2020-03-03-a\u0300s-18.04.31.png\" \/>\n<meta name=\"twitter:creator\" content=\"@psol50\" \/>\n<meta name=\"twitter:site\" content=\"@psol50\" \/>\n<meta name=\"twitter:label1\" content=\"Escrito por\" \/>\n\t<meta name=\"twitter:data1\" content=\"Comunica\u00e7\u00e3o PSOL\" \/>\n\t<meta name=\"twitter:label2\" content=\"Est. tempo de leitura\" \/>\n\t<meta name=\"twitter:data2\" content=\"2 minutos\" \/>\n<script type=\"application\/ld+json\" class=\"yoast-schema-graph\">{\"@context\":\"https:\/\/schema.org\",\"@graph\":[{\"@type\":\"Article\",\"@id\":\"https:\/\/psol50.org.br\/nota-dos-partidos-de-oposicao-em-defesa-da-democracia-dos-direitos-e-do-brasil\/#article\",\"isPartOf\":{\"@id\":\"https:\/\/psol50.org.br\/nota-dos-partidos-de-oposicao-em-defesa-da-democracia-dos-direitos-e-do-brasil\/\"},\"author\":{\"name\":\"Comunica\u00e7\u00e3o PSOL\",\"@id\":\"https:\/\/psol50.org.br\/#\/schema\/person\/475dfa57d0b815993c714c2e96491fcd\"},\"headline\":\"Nota dos partidos de oposi\u00e7\u00e3o em defesa da democracia, dos direitos e do Brasil\",\"datePublished\":\"2020-03-03T21:06:32+00:00\",\"mainEntityOfPage\":{\"@id\":\"https:\/\/psol50.org.br\/nota-dos-partidos-de-oposicao-em-defesa-da-democracia-dos-direitos-e-do-brasil\/\"},\"wordCount\":381,\"publisher\":{\"@id\":\"https:\/\/psol50.org.br\/#organization\"},\"image\":{\"@id\":\"https:\/\/psol50.org.br\/nota-dos-partidos-de-oposicao-em-defesa-da-democracia-dos-direitos-e-do-brasil\/#primaryimage\"},\"thumbnailUrl\":\"https:\/\/psol50.org.br\/inc\/uploads\/2020\/03\/Captura-de-Tela-2020-03-03-a\u0300s-18.04.31.png\",\"keywords\":[\"Bolsonaro\",\"democracia\",\"nota\",\"Oposi\u00e7\u00e3o\",\"PCdoB\",\"PDT\",\"PSB\",\"PSOL\",\"PT\",\"PV\",\"unidade\",\"up\"],\"articleSection\":[\"Notas\",\"Not\u00edcias\",\"Partido\"],\"inLanguage\":\"pt-BR\"},{\"@type\":\"WebPage\",\"@id\":\"https:\/\/psol50.org.br\/nota-dos-partidos-de-oposicao-em-defesa-da-democracia-dos-direitos-e-do-brasil\/\",\"url\":\"https:\/\/psol50.org.br\/nota-dos-partidos-de-oposicao-em-defesa-da-democracia-dos-direitos-e-do-brasil\/\",\"name\":\"Nota dos partidos de oposi\u00e7\u00e3o em defesa da democracia, dos direitos e do Brasil - PSOL 50\",\"isPartOf\":{\"@id\":\"https:\/\/psol50.org.br\/#website\"},\"primaryImageOfPage\":{\"@id\":\"https:\/\/psol50.org.br\/nota-dos-partidos-de-oposicao-em-defesa-da-democracia-dos-direitos-e-do-brasil\/#primaryimage\"},\"image\":{\"@id\":\"https:\/\/psol50.org.br\/nota-dos-partidos-de-oposicao-em-defesa-da-democracia-dos-direitos-e-do-brasil\/#primaryimage\"},\"thumbnailUrl\":\"https:\/\/psol50.org.br\/inc\/uploads\/2020\/03\/Captura-de-Tela-2020-03-03-a\u0300s-18.04.31.png\",\"datePublished\":\"2020-03-03T21:06:32+00:00\",\"description\":\"Documento assinado pelos presidentes de PSOL, PT, PSB, PDT, PCdoB, Rede, PV e UP reafirma unidade para resistir \u00e0 agenda neoliberal e antidemocr\u00e1tica de Bolsonaro\",\"breadcrumb\":{\"@id\":\"https:\/\/psol50.org.br\/nota-dos-partidos-de-oposicao-em-defesa-da-democracia-dos-direitos-e-do-brasil\/#breadcrumb\"},\"inLanguage\":\"pt-BR\",\"potentialAction\":[{\"@type\":\"ReadAction\",\"target\":[\"https:\/\/psol50.org.br\/nota-dos-partidos-de-oposicao-em-defesa-da-democracia-dos-direitos-e-do-brasil\/\"]}]},{\"@type\":\"ImageObject\",\"inLanguage\":\"pt-BR\",\"@id\":\"https:\/\/psol50.org.br\/nota-dos-partidos-de-oposicao-em-defesa-da-democracia-dos-direitos-e-do-brasil\/#primaryimage\",\"url\":\"https:\/\/psol50.org.br\/inc\/uploads\/2020\/03\/Captura-de-Tela-2020-03-03-a\u0300s-18.04.31.png\",\"contentUrl\":\"https:\/\/psol50.org.br\/inc\/uploads\/2020\/03\/Captura-de-Tela-2020-03-03-a\u0300s-18.04.31.png\",\"width\":772,\"height\":437,\"caption\":\"Foto: Humberto Pradera\"},{\"@type\":\"BreadcrumbList\",\"@id\":\"https:\/\/psol50.org.br\/nota-dos-partidos-de-oposicao-em-defesa-da-democracia-dos-direitos-e-do-brasil\/#breadcrumb\",\"itemListElement\":[{\"@type\":\"ListItem\",\"position\":1,\"name\":\"In\u00edcio\",\"item\":\"https:\/\/psol50.org.br\/\"},{\"@type\":\"ListItem\",\"position\":2,\"name\":\"Nota dos partidos de oposi\u00e7\u00e3o em defesa da democracia, dos direitos e do Brasil\"}]},{\"@type\":\"WebSite\",\"@id\":\"https:\/\/psol50.org.br\/#website\",\"url\":\"https:\/\/psol50.org.br\/\",\"name\":\"PSOL 50\",\"description\":\"Site oficial do Partido Socialismo e Liberdade\",\"publisher\":{\"@id\":\"https:\/\/psol50.org.br\/#organization\"},\"alternateName\":\"PSOL50\",\"potentialAction\":[{\"@type\":\"SearchAction\",\"target\":{\"@type\":\"EntryPoint\",\"urlTemplate\":\"https:\/\/psol50.org.br\/?s={search_term_string}\"},\"query-input\":{\"@type\":\"PropertyValueSpecification\",\"valueRequired\":true,\"valueName\":\"search_term_string\"}}],\"inLanguage\":\"pt-BR\"},{\"@type\":\"Organization\",\"@id\":\"https:\/\/psol50.org.br\/#organization\",\"name\":\"PSOL 50\",\"alternateName\":\"PSOL 50\",\"url\":\"https:\/\/psol50.org.br\/\",\"logo\":{\"@type\":\"ImageObject\",\"inLanguage\":\"pt-BR\",\"@id\":\"https:\/\/psol50.org.br\/#\/schema\/logo\/image\/\",\"url\":\"https:\/\/psol50.org.br\/inc\/uploads\/2018\/07\/capa.png\",\"contentUrl\":\"https:\/\/psol50.org.br\/inc\/uploads\/2018\/07\/capa.png\",\"width\":1350,\"height\":900,\"caption\":\"PSOL 50\"},\"image\":{\"@id\":\"https:\/\/psol50.org.br\/#\/schema\/logo\/image\/\"},\"sameAs\":[\"https:\/\/www.facebook.com\/psol50\",\"https:\/\/x.com\/psol50\",\"https:\/\/www.instagram.com\/psol50\/\",\"https:\/\/www.youtube.com\/channel\/UC7SnJS5o1os7a6CaiNabzcg\"]},{\"@type\":\"Person\",\"@id\":\"https:\/\/psol50.org.br\/#\/schema\/person\/475dfa57d0b815993c714c2e96491fcd\",\"name\":\"Comunica\u00e7\u00e3o PSOL\",\"image\":{\"@type\":\"ImageObject\",\"inLanguage\":\"pt-BR\",\"@id\":\"https:\/\/psol50.org.br\/#\/schema\/person\/image\/\",\"url\":\"https:\/\/secure.gravatar.com\/avatar\/b34fc4f4e468a4e51785917065a3db57b841f5c95dba6ad8c73aaf8f66f8f9bf?s=96&d=mm&r=g\",\"contentUrl\":\"https:\/\/secure.gravatar.com\/avatar\/b34fc4f4e468a4e51785917065a3db57b841f5c95dba6ad8c73aaf8f66f8f9bf?s=96&d=mm&r=g\",\"caption\":\"Comunica\u00e7\u00e3o PSOL\"}}]}<\/script>\n<!-- \/ Yoast SEO plugin. -->","yoast_head_json":{"title":"Nota dos partidos de oposi\u00e7\u00e3o em defesa da democracia, dos direitos e do Brasil - PSOL 50","description":"Documento assinado pelos presidentes de PSOL, PT, PSB, PDT, PCdoB, Rede, PV e UP reafirma unidade para resistir \u00e0 agenda neoliberal e antidemocr\u00e1tica de Bolsonaro","robots":{"index":"index","follow":"follow","max-snippet":"max-snippet:-1","max-image-preview":"max-image-preview:large","max-video-preview":"max-video-preview:-1"},"canonical":"https:\/\/psol50.org.br\/nota-dos-partidos-de-oposicao-em-defesa-da-democracia-dos-direitos-e-do-brasil\/","og_locale":"pt_BR","og_type":"article","og_title":"Nota dos partidos de oposi\u00e7\u00e3o em defesa da democracia, dos direitos e do Brasil","og_description":"Documento assinado pelos presidentes de PSOL, PT, PSB, PDT, PCdoB, Rede, PV e UP reafirma unidade para resistir \u00e0 agenda neoliberal e antidemocr\u00e1tica de Bolsonaro.","og_url":"https:\/\/psol50.org.br\/nota-dos-partidos-de-oposicao-em-defesa-da-democracia-dos-direitos-e-do-brasil\/","og_site_name":"PSOL 50","article_publisher":"https:\/\/www.facebook.com\/psol50","article_published_time":"2020-03-03T21:06:32+00:00","og_image":[{"width":772,"height":437,"url":"https:\/\/psol50.org.br\/inc\/uploads\/2020\/03\/Captura-de-Tela-2020-03-03-a\u0300s-18.04.31.png","type":"image\/png"}],"author":"Comunica\u00e7\u00e3o PSOL","twitter_card":"summary_large_image","twitter_title":"Nota dos partidos de oposi\u00e7\u00e3o em defesa da democracia, dos direitos e do Brasil","twitter_description":"Documento assinado pelos presidentes de PSOL, PT, PSB, PDT, PCdoB, Rede, PV e UP reafirma unidade para resistir \u00e0 agenda neoliberal e antidemocr\u00e1tica de Bolsonaro.","twitter_image":"https:\/\/psol50.org.br\/inc\/uploads\/2020\/03\/Captura-de-Tela-2020-03-03-a\u0300s-18.04.31.png","twitter_creator":"@psol50","twitter_site":"@psol50","twitter_misc":{"Escrito por":"Comunica\u00e7\u00e3o PSOL","Est. tempo de leitura":"2 minutos"},"schema":{"@context":"https:\/\/schema.org","@graph":[{"@type":"Article","@id":"https:\/\/psol50.org.br\/nota-dos-partidos-de-oposicao-em-defesa-da-democracia-dos-direitos-e-do-brasil\/#article","isPartOf":{"@id":"https:\/\/psol50.org.br\/nota-dos-partidos-de-oposicao-em-defesa-da-democracia-dos-direitos-e-do-brasil\/"},"author":{"name":"Comunica\u00e7\u00e3o PSOL","@id":"https:\/\/psol50.org.br\/#\/schema\/person\/475dfa57d0b815993c714c2e96491fcd"},"headline":"Nota dos partidos de oposi\u00e7\u00e3o em defesa da democracia, dos direitos e do Brasil","datePublished":"2020-03-03T21:06:32+00:00","mainEntityOfPage":{"@id":"https:\/\/psol50.org.br\/nota-dos-partidos-de-oposicao-em-defesa-da-democracia-dos-direitos-e-do-brasil\/"},"wordCount":381,"publisher":{"@id":"https:\/\/psol50.org.br\/#organization"},"image":{"@id":"https:\/\/psol50.org.br\/nota-dos-partidos-de-oposicao-em-defesa-da-democracia-dos-direitos-e-do-brasil\/#primaryimage"},"thumbnailUrl":"https:\/\/psol50.org.br\/inc\/uploads\/2020\/03\/Captura-de-Tela-2020-03-03-a\u0300s-18.04.31.png","keywords":["Bolsonaro","democracia","nota","Oposi\u00e7\u00e3o","PCdoB","PDT","PSB","PSOL","PT","PV","unidade","up"],"articleSection":["Notas","Not\u00edcias","Partido"],"inLanguage":"pt-BR"},{"@type":"WebPage","@id":"https:\/\/psol50.org.br\/nota-dos-partidos-de-oposicao-em-defesa-da-democracia-dos-direitos-e-do-brasil\/","url":"https:\/\/psol50.org.br\/nota-dos-partidos-de-oposicao-em-defesa-da-democracia-dos-direitos-e-do-brasil\/","name":"Nota dos partidos de oposi\u00e7\u00e3o em defesa da democracia, dos direitos e do Brasil - PSOL 50","isPartOf":{"@id":"https:\/\/psol50.org.br\/#website"},"primaryImageOfPage":{"@id":"https:\/\/psol50.org.br\/nota-dos-partidos-de-oposicao-em-defesa-da-democracia-dos-direitos-e-do-brasil\/#primaryimage"},"image":{"@id":"https:\/\/psol50.org.br\/nota-dos-partidos-de-oposicao-em-defesa-da-democracia-dos-direitos-e-do-brasil\/#primaryimage"},"thumbnailUrl":"https:\/\/psol50.org.br\/inc\/uploads\/2020\/03\/Captura-de-Tela-2020-03-03-a\u0300s-18.04.31.png","datePublished":"2020-03-03T21:06:32+00:00","description":"Documento assinado pelos presidentes de PSOL, PT, PSB, PDT, PCdoB, Rede, PV e UP reafirma unidade para resistir \u00e0 agenda neoliberal e antidemocr\u00e1tica de Bolsonaro","breadcrumb":{"@id":"https:\/\/psol50.org.br\/nota-dos-partidos-de-oposicao-em-defesa-da-democracia-dos-direitos-e-do-brasil\/#breadcrumb"},"inLanguage":"pt-BR","potentialAction":[{"@type":"ReadAction","target":["https:\/\/psol50.org.br\/nota-dos-partidos-de-oposicao-em-defesa-da-democracia-dos-direitos-e-do-brasil\/"]}]},{"@type":"ImageObject","inLanguage":"pt-BR","@id":"https:\/\/psol50.org.br\/nota-dos-partidos-de-oposicao-em-defesa-da-democracia-dos-direitos-e-do-brasil\/#primaryimage","url":"https:\/\/psol50.org.br\/inc\/uploads\/2020\/03\/Captura-de-Tela-2020-03-03-a\u0300s-18.04.31.png","contentUrl":"https:\/\/psol50.org.br\/inc\/uploads\/2020\/03\/Captura-de-Tela-2020-03-03-a\u0300s-18.04.31.png","width":772,"height":437,"caption":"Foto: Humberto Pradera"},{"@type":"BreadcrumbList","@id":"https:\/\/psol50.org.br\/nota-dos-partidos-de-oposicao-em-defesa-da-democracia-dos-direitos-e-do-brasil\/#breadcrumb","itemListElement":[{"@type":"ListItem","position":1,"name":"In\u00edcio","item":"https:\/\/psol50.org.br\/"},{"@type":"ListItem","position":2,"name":"Nota dos partidos de oposi\u00e7\u00e3o em defesa da democracia, dos direitos e do Brasil"}]},{"@type":"WebSite","@id":"https:\/\/psol50.org.br\/#website","url":"https:\/\/psol50.org.br\/","name":"PSOL 50","description":"Site oficial do Partido Socialismo e Liberdade","publisher":{"@id":"https:\/\/psol50.org.br\/#organization"},"alternateName":"PSOL50","potentialAction":[{"@type":"SearchAction","target":{"@type":"EntryPoint","urlTemplate":"https:\/\/psol50.org.br\/?s={search_term_string}"},"query-input":{"@type":"PropertyValueSpecification","valueRequired":true,"valueName":"search_term_string"}}],"inLanguage":"pt-BR"},{"@type":"Organization","@id":"https:\/\/psol50.org.br\/#organization","name":"PSOL 50","alternateName":"PSOL 50","url":"https:\/\/psol50.org.br\/","logo":{"@type":"ImageObject","inLanguage":"pt-BR","@id":"https:\/\/psol50.org.br\/#\/schema\/logo\/image\/","url":"https:\/\/psol50.org.br\/inc\/uploads\/2018\/07\/capa.png","contentUrl":"https:\/\/psol50.org.br\/inc\/uploads\/2018\/07\/capa.png","width":1350,"height":900,"caption":"PSOL 50"},"image":{"@id":"https:\/\/psol50.org.br\/#\/schema\/logo\/image\/"},"sameAs":["https:\/\/www.facebook.com\/psol50","https:\/\/x.com\/psol50","https:\/\/www.instagram.com\/psol50\/","https:\/\/www.youtube.com\/channel\/UC7SnJS5o1os7a6CaiNabzcg"]},{"@type":"Person","@id":"https:\/\/psol50.org.br\/#\/schema\/person\/475dfa57d0b815993c714c2e96491fcd","name":"Comunica\u00e7\u00e3o PSOL","image":{"@type":"ImageObject","inLanguage":"pt-BR","@id":"https:\/\/psol50.org.br\/#\/schema\/person\/image\/","url":"https:\/\/secure.gravatar.com\/avatar\/b34fc4f4e468a4e51785917065a3db57b841f5c95dba6ad8c73aaf8f66f8f9bf?s=96&d=mm&r=g","contentUrl":"https:\/\/secure.gravatar.com\/avatar\/b34fc4f4e468a4e51785917065a3db57b841f5c95dba6ad8c73aaf8f66f8f9bf?s=96&d=mm&r=g","caption":"Comunica\u00e7\u00e3o PSOL"}}]}},"_links":{"self":[{"href":"https:\/\/psol50.org.br\/rest\/wp\/v2\/posts\/27659","targetHints":{"allow":["GET"]}}],"collection":[{"href":"https:\/\/psol50.org.br\/rest\/wp\/v2\/posts"}],"about":[{"href":"https:\/\/psol50.org.br\/rest\/wp\/v2\/types\/post"}],"author":[{"embeddable":true,"href":"https:\/\/psol50.org.br\/rest\/wp\/v2\/users\/2"}],"replies":[{"embeddable":true,"href":"https:\/\/psol50.org.br\/rest\/wp\/v2\/comments?post=27659"}],"version-history":[{"count":0,"href":"https:\/\/psol50.org.br\/rest\/wp\/v2\/posts\/27659\/revisions"}],"wp:featuredmedia":[{"embeddable":true,"href":"https:\/\/psol50.org.br\/rest\/wp\/v2\/media\/27660"}],"wp:attachment":[{"href":"https:\/\/psol50.org.br\/rest\/wp\/v2\/media?parent=27659"}],"wp:term":[{"taxonomy":"category","embeddable":true,"href":"https:\/\/psol50.org.br\/rest\/wp\/v2\/categories?post=27659"},{"taxonomy":"post_tag","embeddable":true,"href":"https:\/\/psol50.org.br\/rest\/wp\/v2\/tags?post=27659"}],"curies":[{"name":"wp","href":"https:\/\/api.w.org\/{rel}","templated":true}]}}