{"id":2768,"date":"2014-05-22T00:00:00","date_gmt":"2014-05-22T17:28:30","guid":{"rendered":"http:\/\/psol50.org.br\/arquivo\/2014\/05\/22\/em-audiencia-publica-edmilson-reafirma-apoio-as-reivindicacoes-dos-trabalhadores-em-educacao\/"},"modified":"2014-05-22T00:00:00","modified_gmt":"2014-05-22T17:28:30","slug":"em-audiencia-publica-edmilson-reafirma-apoio-as-reivindicacoes-dos-trabalhadores-em-educacao","status":"publish","type":"post","link":"https:\/\/psol50.org.br\/em-audiencia-publica-edmilson-reafirma-apoio-as-reivindicacoes-dos-trabalhadores-em-educacao\/","title":{"rendered":"Em audi\u00eancia p\u00fablica, Edmilson reafirma apoio \u00e0s reivindica\u00e7\u00f5es dos trabalhadores em Educa\u00e7\u00e3o"},"content":{"rendered":"<div style=\"text-align: justify;\">\n\tO deputado estadual pelo PSOL do Par\u00e1, Edmilson Rodrigues, participou, na tarde desta quarta-feira (21), de audi\u00eancia p\u00fablica na Assembleia Legislativa do Par\u00e1 (Alepa), proposta pela Comiss\u00e3o de Educa\u00e7\u00e3o, para debater as reivindica\u00e7\u00f5es dos trabalhadores em educa\u00e7\u00e3o que foram acordados nas \u00faltimas negocia\u00e7\u00f5es, mas n\u00e3o cumpridos pelo governo de Sim\u00e3o Jatene. Entre as reivindica\u00e7\u00f5es negociadas, est\u00e3o a jornada de trabalho, hora-atividade e sua implementa\u00e7\u00e3o, PCCR, lei do piso, lota\u00e7\u00e3o, entre outras quest\u00f5es. Na audi\u00eancia p\u00fablica, o deputado do PSOL reafirmou seu apoio \u00e0 luta da categoria.<br \/>\n\t&nbsp;<br \/>\n\t<strong>Greve nas escolas municipais<\/strong><br \/>\n\tJ\u00e1 os professores da rede municipal de ensino de Bel\u00e9m ir\u00e3o entrar em greve a partir da pr\u00f3xima segunda-feira (26). A decis\u00e3o foi tomada durante uma assembleia da categoria realizada na manh\u00e3 desta quarta-feira (21). Entre as principais reivindica\u00e7\u00f5es da categoria est\u00e3o o pagamento do piso salarial nacional, o reajuste do valor do vale alimenta\u00e7\u00e3o, o pagamento de insalubridade, novas elei\u00e7\u00f5es para diretores de escolas, cumprimento do estatuto do magist\u00e9rio municipal e reforma das escolas do munic\u00edpio.<\/div>\n","protected":false},"excerpt":{"rendered":"<p>O deputado estadual pelo PSOL do Par\u00e1, Edmilson Rodrigues, participou, na tarde desta quarta-feira (21), de audi\u00eancia p\u00fablica na Assembleia Legislativa do Par\u00e1 (Alepa), proposta pela Comiss\u00e3o de Educa\u00e7\u00e3o, para debater as reivindica\u00e7\u00f5es dos trabalhadores em educa\u00e7\u00e3o que foram acordados nas \u00faltimas negocia\u00e7\u00f5es, mas n\u00e3o cumpridos pelo governo de Sim\u00e3o Jatene. Entre as reivindica\u00e7\u00f5es negociadas, [&hellip;]<\/p>\n","protected":false},"author":2,"featured_media":0,"comment_status":"open","ping_status":"open","sticky":false,"template":"","format":"standard","meta":{"_acf_changed":false,"footnotes":""},"categories":[10,4766,6],"tags":[973],"class_list":{"0":"post-2768","1":"post","2":"type-post","3":"status-publish","4":"format-standard","6":"category-acao-parlamentares","7":"category-arquivo","8":"category-noticias","9":"tag-edmilson-rodrigues"},"acf":[],"yoast_head":"<!-- This site is optimized with the Yoast SEO plugin v26.5 - https:\/\/yoast.com\/wordpress\/plugins\/seo\/ -->\n<title>Em audi\u00eancia p\u00fablica, Edmilson reafirma apoio \u00e0s reivindica\u00e7\u00f5es dos trabalhadores em Educa\u00e7\u00e3o - PSOL 50<\/title>\n<meta name=\"robots\" content=\"index, follow, max-snippet:-1, max-image-preview:large, max-video-preview:-1\" \/>\n<link rel=\"canonical\" href=\"https:\/\/psol50.org.br\/em-audiencia-publica-edmilson-reafirma-apoio-as-reivindicacoes-dos-trabalhadores-em-educacao\/\" \/>\n<meta property=\"og:locale\" content=\"pt_BR\" \/>\n<meta property=\"og:type\" content=\"article\" \/>\n<meta property=\"og:title\" content=\"Em audi\u00eancia p\u00fablica, Edmilson reafirma apoio \u00e0s reivindica\u00e7\u00f5es dos trabalhadores em Educa\u00e7\u00e3o - PSOL 50\" \/>\n<meta property=\"og:description\" content=\"O deputado estadual pelo PSOL do Par\u00e1, Edmilson Rodrigues, participou, na tarde desta quarta-feira (21), de audi\u00eancia p\u00fablica na Assembleia Legislativa do Par\u00e1 (Alepa), proposta pela Comiss\u00e3o de Educa\u00e7\u00e3o, para debater as reivindica\u00e7\u00f5es dos trabalhadores em educa\u00e7\u00e3o que foram acordados nas \u00faltimas negocia\u00e7\u00f5es, mas n\u00e3o cumpridos pelo governo de Sim\u00e3o Jatene. Entre as reivindica\u00e7\u00f5es negociadas, [&hellip;]\" \/>\n<meta property=\"og:url\" content=\"https:\/\/psol50.org.br\/em-audiencia-publica-edmilson-reafirma-apoio-as-reivindicacoes-dos-trabalhadores-em-educacao\/\" \/>\n<meta property=\"og:site_name\" content=\"PSOL 50\" \/>\n<meta property=\"article:publisher\" content=\"https:\/\/www.facebook.com\/psol50\" \/>\n<meta property=\"article:published_time\" content=\"2014-05-22T17:28:30+00:00\" \/>\n<meta property=\"og:image\" content=\"https:\/\/psol50.org.br\/inc\/uploads\/2018\/07\/capa.png\" \/>\n\t<meta property=\"og:image:width\" content=\"1350\" \/>\n\t<meta property=\"og:image:height\" content=\"900\" \/>\n\t<meta property=\"og:image:type\" content=\"image\/png\" \/>\n<meta name=\"author\" content=\"Comunica\u00e7\u00e3o PSOL\" \/>\n<meta name=\"twitter:card\" content=\"summary_large_image\" \/>\n<meta name=\"twitter:creator\" content=\"@psol50\" \/>\n<meta name=\"twitter:site\" content=\"@psol50\" \/>\n<meta name=\"twitter:label1\" content=\"Escrito por\" \/>\n\t<meta name=\"twitter:data1\" content=\"Comunica\u00e7\u00e3o PSOL\" \/>\n\t<meta name=\"twitter:label2\" content=\"Est. tempo de leitura\" \/>\n\t<meta name=\"twitter:data2\" content=\"1 minuto\" \/>\n<script type=\"application\/ld+json\" class=\"yoast-schema-graph\">{\"@context\":\"https:\/\/schema.org\",\"@graph\":[{\"@type\":\"Article\",\"@id\":\"https:\/\/psol50.org.br\/em-audiencia-publica-edmilson-reafirma-apoio-as-reivindicacoes-dos-trabalhadores-em-educacao\/#article\",\"isPartOf\":{\"@id\":\"https:\/\/psol50.org.br\/em-audiencia-publica-edmilson-reafirma-apoio-as-reivindicacoes-dos-trabalhadores-em-educacao\/\"},\"author\":{\"name\":\"Comunica\u00e7\u00e3o PSOL\",\"@id\":\"https:\/\/psol50.org.br\/#\/schema\/person\/475dfa57d0b815993c714c2e96491fcd\"},\"headline\":\"Em audi\u00eancia p\u00fablica, Edmilson reafirma apoio \u00e0s reivindica\u00e7\u00f5es dos trabalhadores em Educa\u00e7\u00e3o\",\"datePublished\":\"2014-05-22T17:28:30+00:00\",\"mainEntityOfPage\":{\"@id\":\"https:\/\/psol50.org.br\/em-audiencia-publica-edmilson-reafirma-apoio-as-reivindicacoes-dos-trabalhadores-em-educacao\/\"},\"wordCount\":206,\"commentCount\":0,\"publisher\":{\"@id\":\"https:\/\/psol50.org.br\/#organization\"},\"keywords\":[\"Edmilson Rodrigues\"],\"articleSection\":[\"A\u00e7\u00e3o Parlamentar\",\"Arquivo\",\"Not\u00edcias\"],\"inLanguage\":\"pt-BR\",\"potentialAction\":[{\"@type\":\"CommentAction\",\"name\":\"Comment\",\"target\":[\"https:\/\/psol50.org.br\/em-audiencia-publica-edmilson-reafirma-apoio-as-reivindicacoes-dos-trabalhadores-em-educacao\/#respond\"]}]},{\"@type\":\"WebPage\",\"@id\":\"https:\/\/psol50.org.br\/em-audiencia-publica-edmilson-reafirma-apoio-as-reivindicacoes-dos-trabalhadores-em-educacao\/\",\"url\":\"https:\/\/psol50.org.br\/em-audiencia-publica-edmilson-reafirma-apoio-as-reivindicacoes-dos-trabalhadores-em-educacao\/\",\"name\":\"Em audi\u00eancia p\u00fablica, Edmilson reafirma apoio \u00e0s reivindica\u00e7\u00f5es dos trabalhadores em Educa\u00e7\u00e3o - PSOL 50\",\"isPartOf\":{\"@id\":\"https:\/\/psol50.org.br\/#website\"},\"datePublished\":\"2014-05-22T17:28:30+00:00\",\"breadcrumb\":{\"@id\":\"https:\/\/psol50.org.br\/em-audiencia-publica-edmilson-reafirma-apoio-as-reivindicacoes-dos-trabalhadores-em-educacao\/#breadcrumb\"},\"inLanguage\":\"pt-BR\",\"potentialAction\":[{\"@type\":\"ReadAction\",\"target\":[\"https:\/\/psol50.org.br\/em-audiencia-publica-edmilson-reafirma-apoio-as-reivindicacoes-dos-trabalhadores-em-educacao\/\"]}]},{\"@type\":\"BreadcrumbList\",\"@id\":\"https:\/\/psol50.org.br\/em-audiencia-publica-edmilson-reafirma-apoio-as-reivindicacoes-dos-trabalhadores-em-educacao\/#breadcrumb\",\"itemListElement\":[{\"@type\":\"ListItem\",\"position\":1,\"name\":\"In\u00edcio\",\"item\":\"https:\/\/psol50.org.br\/\"},{\"@type\":\"ListItem\",\"position\":2,\"name\":\"Em audi\u00eancia p\u00fablica, Edmilson reafirma apoio \u00e0s reivindica\u00e7\u00f5es dos trabalhadores em Educa\u00e7\u00e3o\"}]},{\"@type\":\"WebSite\",\"@id\":\"https:\/\/psol50.org.br\/#website\",\"url\":\"https:\/\/psol50.org.br\/\",\"name\":\"PSOL 50\",\"description\":\"Site oficial do Partido Socialismo e Liberdade\",\"publisher\":{\"@id\":\"https:\/\/psol50.org.br\/#organization\"},\"alternateName\":\"PSOL50\",\"potentialAction\":[{\"@type\":\"SearchAction\",\"target\":{\"@type\":\"EntryPoint\",\"urlTemplate\":\"https:\/\/psol50.org.br\/?s={search_term_string}\"},\"query-input\":{\"@type\":\"PropertyValueSpecification\",\"valueRequired\":true,\"valueName\":\"search_term_string\"}}],\"inLanguage\":\"pt-BR\"},{\"@type\":\"Organization\",\"@id\":\"https:\/\/psol50.org.br\/#organization\",\"name\":\"PSOL 50\",\"alternateName\":\"PSOL 50\",\"url\":\"https:\/\/psol50.org.br\/\",\"logo\":{\"@type\":\"ImageObject\",\"inLanguage\":\"pt-BR\",\"@id\":\"https:\/\/psol50.org.br\/#\/schema\/logo\/image\/\",\"url\":\"https:\/\/psol50.org.br\/inc\/uploads\/2018\/07\/capa.png\",\"contentUrl\":\"https:\/\/psol50.org.br\/inc\/uploads\/2018\/07\/capa.png\",\"width\":1350,\"height\":900,\"caption\":\"PSOL 50\"},\"image\":{\"@id\":\"https:\/\/psol50.org.br\/#\/schema\/logo\/image\/\"},\"sameAs\":[\"https:\/\/www.facebook.com\/psol50\",\"https:\/\/x.com\/psol50\",\"https:\/\/www.instagram.com\/psol50\/\",\"https:\/\/www.youtube.com\/channel\/UC7SnJS5o1os7a6CaiNabzcg\"]},{\"@type\":\"Person\",\"@id\":\"https:\/\/psol50.org.br\/#\/schema\/person\/475dfa57d0b815993c714c2e96491fcd\",\"name\":\"Comunica\u00e7\u00e3o PSOL\",\"image\":{\"@type\":\"ImageObject\",\"inLanguage\":\"pt-BR\",\"@id\":\"https:\/\/psol50.org.br\/#\/schema\/person\/image\/\",\"url\":\"https:\/\/secure.gravatar.com\/avatar\/b34fc4f4e468a4e51785917065a3db57b841f5c95dba6ad8c73aaf8f66f8f9bf?s=96&d=mm&r=g\",\"contentUrl\":\"https:\/\/secure.gravatar.com\/avatar\/b34fc4f4e468a4e51785917065a3db57b841f5c95dba6ad8c73aaf8f66f8f9bf?s=96&d=mm&r=g\",\"caption\":\"Comunica\u00e7\u00e3o PSOL\"}}]}<\/script>\n<!-- \/ Yoast SEO plugin. -->","yoast_head_json":{"title":"Em audi\u00eancia p\u00fablica, Edmilson reafirma apoio \u00e0s reivindica\u00e7\u00f5es dos trabalhadores em Educa\u00e7\u00e3o - PSOL 50","robots":{"index":"index","follow":"follow","max-snippet":"max-snippet:-1","max-image-preview":"max-image-preview:large","max-video-preview":"max-video-preview:-1"},"canonical":"https:\/\/psol50.org.br\/em-audiencia-publica-edmilson-reafirma-apoio-as-reivindicacoes-dos-trabalhadores-em-educacao\/","og_locale":"pt_BR","og_type":"article","og_title":"Em audi\u00eancia p\u00fablica, Edmilson reafirma apoio \u00e0s reivindica\u00e7\u00f5es dos trabalhadores em Educa\u00e7\u00e3o - PSOL 50","og_description":"O deputado estadual pelo PSOL do Par\u00e1, Edmilson Rodrigues, participou, na tarde desta quarta-feira (21), de audi\u00eancia p\u00fablica na Assembleia Legislativa do Par\u00e1 (Alepa), proposta pela Comiss\u00e3o de Educa\u00e7\u00e3o, para debater as reivindica\u00e7\u00f5es dos trabalhadores em educa\u00e7\u00e3o que foram acordados nas \u00faltimas negocia\u00e7\u00f5es, mas n\u00e3o cumpridos pelo governo de Sim\u00e3o Jatene. Entre as reivindica\u00e7\u00f5es negociadas, [&hellip;]","og_url":"https:\/\/psol50.org.br\/em-audiencia-publica-edmilson-reafirma-apoio-as-reivindicacoes-dos-trabalhadores-em-educacao\/","og_site_name":"PSOL 50","article_publisher":"https:\/\/www.facebook.com\/psol50","article_published_time":"2014-05-22T17:28:30+00:00","og_image":[{"width":1350,"height":900,"url":"https:\/\/psol50.org.br\/inc\/uploads\/2018\/07\/capa.png","type":"image\/png"}],"author":"Comunica\u00e7\u00e3o PSOL","twitter_card":"summary_large_image","twitter_creator":"@psol50","twitter_site":"@psol50","twitter_misc":{"Escrito por":"Comunica\u00e7\u00e3o PSOL","Est. tempo de leitura":"1 minuto"},"schema":{"@context":"https:\/\/schema.org","@graph":[{"@type":"Article","@id":"https:\/\/psol50.org.br\/em-audiencia-publica-edmilson-reafirma-apoio-as-reivindicacoes-dos-trabalhadores-em-educacao\/#article","isPartOf":{"@id":"https:\/\/psol50.org.br\/em-audiencia-publica-edmilson-reafirma-apoio-as-reivindicacoes-dos-trabalhadores-em-educacao\/"},"author":{"name":"Comunica\u00e7\u00e3o PSOL","@id":"https:\/\/psol50.org.br\/#\/schema\/person\/475dfa57d0b815993c714c2e96491fcd"},"headline":"Em audi\u00eancia p\u00fablica, Edmilson reafirma apoio \u00e0s reivindica\u00e7\u00f5es dos trabalhadores em Educa\u00e7\u00e3o","datePublished":"2014-05-22T17:28:30+00:00","mainEntityOfPage":{"@id":"https:\/\/psol50.org.br\/em-audiencia-publica-edmilson-reafirma-apoio-as-reivindicacoes-dos-trabalhadores-em-educacao\/"},"wordCount":206,"commentCount":0,"publisher":{"@id":"https:\/\/psol50.org.br\/#organization"},"keywords":["Edmilson Rodrigues"],"articleSection":["A\u00e7\u00e3o Parlamentar","Arquivo","Not\u00edcias"],"inLanguage":"pt-BR","potentialAction":[{"@type":"CommentAction","name":"Comment","target":["https:\/\/psol50.org.br\/em-audiencia-publica-edmilson-reafirma-apoio-as-reivindicacoes-dos-trabalhadores-em-educacao\/#respond"]}]},{"@type":"WebPage","@id":"https:\/\/psol50.org.br\/em-audiencia-publica-edmilson-reafirma-apoio-as-reivindicacoes-dos-trabalhadores-em-educacao\/","url":"https:\/\/psol50.org.br\/em-audiencia-publica-edmilson-reafirma-apoio-as-reivindicacoes-dos-trabalhadores-em-educacao\/","name":"Em audi\u00eancia p\u00fablica, Edmilson reafirma apoio \u00e0s reivindica\u00e7\u00f5es dos trabalhadores em Educa\u00e7\u00e3o - PSOL 50","isPartOf":{"@id":"https:\/\/psol50.org.br\/#website"},"datePublished":"2014-05-22T17:28:30+00:00","breadcrumb":{"@id":"https:\/\/psol50.org.br\/em-audiencia-publica-edmilson-reafirma-apoio-as-reivindicacoes-dos-trabalhadores-em-educacao\/#breadcrumb"},"inLanguage":"pt-BR","potentialAction":[{"@type":"ReadAction","target":["https:\/\/psol50.org.br\/em-audiencia-publica-edmilson-reafirma-apoio-as-reivindicacoes-dos-trabalhadores-em-educacao\/"]}]},{"@type":"BreadcrumbList","@id":"https:\/\/psol50.org.br\/em-audiencia-publica-edmilson-reafirma-apoio-as-reivindicacoes-dos-trabalhadores-em-educacao\/#breadcrumb","itemListElement":[{"@type":"ListItem","position":1,"name":"In\u00edcio","item":"https:\/\/psol50.org.br\/"},{"@type":"ListItem","position":2,"name":"Em audi\u00eancia p\u00fablica, Edmilson reafirma apoio \u00e0s reivindica\u00e7\u00f5es dos trabalhadores em Educa\u00e7\u00e3o"}]},{"@type":"WebSite","@id":"https:\/\/psol50.org.br\/#website","url":"https:\/\/psol50.org.br\/","name":"PSOL 50","description":"Site oficial do Partido Socialismo e Liberdade","publisher":{"@id":"https:\/\/psol50.org.br\/#organization"},"alternateName":"PSOL50","potentialAction":[{"@type":"SearchAction","target":{"@type":"EntryPoint","urlTemplate":"https:\/\/psol50.org.br\/?s={search_term_string}"},"query-input":{"@type":"PropertyValueSpecification","valueRequired":true,"valueName":"search_term_string"}}],"inLanguage":"pt-BR"},{"@type":"Organization","@id":"https:\/\/psol50.org.br\/#organization","name":"PSOL 50","alternateName":"PSOL 50","url":"https:\/\/psol50.org.br\/","logo":{"@type":"ImageObject","inLanguage":"pt-BR","@id":"https:\/\/psol50.org.br\/#\/schema\/logo\/image\/","url":"https:\/\/psol50.org.br\/inc\/uploads\/2018\/07\/capa.png","contentUrl":"https:\/\/psol50.org.br\/inc\/uploads\/2018\/07\/capa.png","width":1350,"height":900,"caption":"PSOL 50"},"image":{"@id":"https:\/\/psol50.org.br\/#\/schema\/logo\/image\/"},"sameAs":["https:\/\/www.facebook.com\/psol50","https:\/\/x.com\/psol50","https:\/\/www.instagram.com\/psol50\/","https:\/\/www.youtube.com\/channel\/UC7SnJS5o1os7a6CaiNabzcg"]},{"@type":"Person","@id":"https:\/\/psol50.org.br\/#\/schema\/person\/475dfa57d0b815993c714c2e96491fcd","name":"Comunica\u00e7\u00e3o PSOL","image":{"@type":"ImageObject","inLanguage":"pt-BR","@id":"https:\/\/psol50.org.br\/#\/schema\/person\/image\/","url":"https:\/\/secure.gravatar.com\/avatar\/b34fc4f4e468a4e51785917065a3db57b841f5c95dba6ad8c73aaf8f66f8f9bf?s=96&d=mm&r=g","contentUrl":"https:\/\/secure.gravatar.com\/avatar\/b34fc4f4e468a4e51785917065a3db57b841f5c95dba6ad8c73aaf8f66f8f9bf?s=96&d=mm&r=g","caption":"Comunica\u00e7\u00e3o PSOL"}}]}},"_links":{"self":[{"href":"https:\/\/psol50.org.br\/rest\/wp\/v2\/posts\/2768","targetHints":{"allow":["GET"]}}],"collection":[{"href":"https:\/\/psol50.org.br\/rest\/wp\/v2\/posts"}],"about":[{"href":"https:\/\/psol50.org.br\/rest\/wp\/v2\/types\/post"}],"author":[{"embeddable":true,"href":"https:\/\/psol50.org.br\/rest\/wp\/v2\/users\/2"}],"replies":[{"embeddable":true,"href":"https:\/\/psol50.org.br\/rest\/wp\/v2\/comments?post=2768"}],"version-history":[{"count":0,"href":"https:\/\/psol50.org.br\/rest\/wp\/v2\/posts\/2768\/revisions"}],"wp:attachment":[{"href":"https:\/\/psol50.org.br\/rest\/wp\/v2\/media?parent=2768"}],"wp:term":[{"taxonomy":"category","embeddable":true,"href":"https:\/\/psol50.org.br\/rest\/wp\/v2\/categories?post=2768"},{"taxonomy":"post_tag","embeddable":true,"href":"https:\/\/psol50.org.br\/rest\/wp\/v2\/tags?post=2768"}],"curies":[{"name":"wp","href":"https:\/\/api.w.org\/{rel}","templated":true}]}}