{"id":27696,"date":"2020-03-06T09:42:44","date_gmt":"2020-03-06T12:42:44","guid":{"rendered":"https:\/\/psol50.org.br\/?p=27696"},"modified":"2020-03-06T09:42:44","modified_gmt":"2020-03-06T12:42:44","slug":"partidos-e-movimentos-sociais-fazem-convocacao-unificada-para-atos-do-8m","status":"publish","type":"post","link":"https:\/\/psol50.org.br\/partidos-e-movimentos-sociais-fazem-convocacao-unificada-para-atos-do-8m\/","title":{"rendered":"Partidos e movimentos sociais fazem convoca\u00e7\u00e3o unificada para atos do #8M"},"content":{"rendered":"<p>Partidos de oposi\u00e7\u00e3o ao governo do presidente Jair Bolsonaro e movimentos sociais lan\u00e7aram nesta sexta-feira (6) uma nota unificada para convocar o povo brasileiro a se somar ao movimento de mulheres nas manifesta\u00e7\u00f5es deste 8 de mar\u00e7o, Dia Internacional de Luta das Mulheres. <strong><a href=\"https:\/\/psol50.org.br\/mulheres-nas-ruas-contra-bolsonaro-confira-onde-vai-ser-ato-do-8m-na-sua-cidade\/\">Confira a lista de atos confirmados para este final de semana.<\/a><\/strong><\/p>\n<p>O PSOL e muitos movimentos sociais e centrais sindicais que contam com participa\u00e7\u00e3o ativa da milit\u00e2ncia do partido assinam a nota que relembra o movimento massivo impulsionado pelas mulheres nas elei\u00e7\u00f5es de 2018, que ficou conhecido como #EleN\u00e3o, e aponta para a import\u00e2ncia de ocupar as ruas novamente contra o cl\u00e3 de Jair Bolsonaro.<\/p>\n<p>Al\u00e9m do dia 8, o m\u00eas de mar\u00e7o tamb\u00e9m ter\u00e1 mobiliza\u00e7\u00f5es nos dias 14 e 18, relembrando os dois anos do assassinato pol\u00edtico de Marielle Franco e tomando as ruas por direitos sociais e democracia.<\/p>\n<p><a href=\"https:\/\/psol50.org.br\/inc\/uploads\/2020\/03\/Documento.pdf.pdf\"><strong>Leia a nota na \u00edntegra:<\/strong><\/a><\/p>\n<p style=\"text-align: center;\"><strong>Todas \u00e0s ruas no dia 8 de mar\u00e7o:<br \/>\nContra o governo Bolsonaro e pela vida <\/strong><strong>das mulheres<\/strong><\/p>\n<p>Em 2018, milh\u00f5es de mulheres ocuparam as ruas do Brasil para dizer de forma sonora que o projeto pol\u00edtico ultraneoliberal e conservador apresentado por Bolsonaro n\u00e3o nos representa e amea\u00e7a nossas vidas e nossa liberdade. O movimento #EleN\u00e3o reuniu mulheres trabalhadoras, do campo e cidade, das florestas, das \u00e1guas, negras, ind\u00edgenas, bissexuais, travestis, transexuais, l\u00e9sbicas, com defici\u00eancia, brancas e amarelas que estiveram nas ruas do pa\u00eds contra a rede de Fake News organizada para distribuir mentiras durante o processo eleitoral.<\/p>\n<p>Neste ano, o movimento de mulheres vai \u00e0s ruas pedir o fim deste governo e lutar contra os desmandos e desmontes praticados por Bolsonaro. N\u00e3o admitimos as tentativas autorit\u00e1rias do presidente e seus apoiadores de acabar com as condi\u00e7\u00f5es democr\u00e1ticas no nosso pa\u00eds.<\/p>\n<p>Por esse motivo, convidamos as mulheres de todas as organiza\u00e7\u00f5es, coletivos, partidos pol\u00edticos e movimentos feministas e sociais do pa\u00eds, bem como todas as ativistas independentes, para marcharmos juntas neste 8 de mar\u00e7o em defesa da democracia e dos nossos direitos, pela nossa liberdade, pela vida das mulheres e contra este governo conservador, reacion\u00e1rio, racista, machista, xen\u00f3fobo e LGBTf\u00f3bico e que j\u00e1 declarou in\u00fameras vezes que tem o movimento de mulheres organizado como seu inimigo.<\/p>\n<p>Estamos de p\u00e9 na defesa dos avan\u00e7os dos direitos conquistados pela classe trabalhadora que v\u00eam sendo retirados. Vamos lutar contra a viol\u00eancia e o corte de verbas promovidos pelo governo Bolsonaro aos programas sociais, que fragilizam e colocam em risco a vida das pessoas mais pobres. Caminharemos juntas contra todas as formas de viol\u00eancia, pelo direito \u00e0 diversidade, \u00e0 autonomia, \u00e0 liberdade, pelo direito e soberania de nossos corpos, pelo direito de existir.<\/p>\n<p>Somos contra a reforma trabalhista, a reforma da previd\u00eancia, a Emenda Constitucional 95 que congelou os investimentos p\u00fablicos por vinte anos e contra a \u201cnova\u201d proposta de reforma administrativa desse governo. Defendemos uma aposentadoria digna, o direito \u00e0s pol\u00edticas sociais, pol\u00edticas p\u00fablicas que defendam nossas vidas e o direito de viver com dignidade, pois somos n\u00f3s que sustentamos a maioria das fam\u00edlias neste pa\u00eds.<\/p>\n<p>Marchamos contra a opress\u00e3o hist\u00f3rica que silencia mulheres de diversas formas e contra o machismo, o racismo, a lesbofobia e a transfobia que nos mata todos os dias.<\/p>\n<p>Denunciamos o genoc\u00eddio e o encarceramento em massa da popula\u00e7\u00e3o negra e ind\u00edgena. Estamos nas ruas pela vida de TODAS as mulheres, brasileiras e imigrantes.<\/p>\n<p>Em cada estado do pa\u00eds iremos ressoar a luta por demarca\u00e7\u00e3o de terras ind\u00edgenas e quilombolas, denunciando os desastres ambientais que vimos se espalhar pelo pa\u00eds, em especial na Amaz\u00f4nia, Brumadinho e no Nordeste.<\/p>\n<p>Nossas vozes tamb\u00e9m ecoar\u00e3o alto em defesa da Petrobr\u00e1s, em solidariedade \u00e0 greve dos Petroleiros e pela garantia da soberania nacional, amea\u00e7ada diariamente pela obsess\u00e3o de Bolsonaro em entregar nossas riquezas e patrim\u00f4nios para os interesses estrangeiros.<\/p>\n<p>Ocuparemos as ruas em defesa do Estado laico e pelo respeito a todas as religi\u00f5es e aos que n\u00e3o tem nenhuma, por uma conviv\u00eancia harmoniosa e respeitosa. Lutaremos pelo direito \u00e0 pluralidade de vozes, em defesa de todas as formas de organiza\u00e7\u00e3o da classe trabalhadora e da sociedade civil.<\/p>\n<p>N\u00f3s n\u00e3o esquecemos que, h\u00e1 dois anos, foi executada Marielle Franco, parlamentar mulher, negra, favelada, que amava mulheres e era de esquerda. Marielle foi assassinada pelo projeto\u00a0 pol\u00edtico que representava em seu pr\u00f3prio corpo e at\u00e9 hoje n\u00e3o temos respostas. Exigimos justi\u00e7a para Marielle e puni\u00e7\u00e3o aos mandantes de seu assassinato.<\/p>\n<p>Atentas, mobilizadas e organizadas para defender o Brasil e o nosso povo, neste m\u00eas de mar\u00e7o mostraremos toda a nossa for\u00e7a. Convidamos todas a se somarem aos atos convocados em todos os estados do pa\u00eds neste dia 8 de mar\u00e7o, Dia Internacional de Luta da Mulher Trabalhadora. Tamb\u00e9m nos incorporamos ao chamado dos atos que acontecer\u00e3o no dia 14 de mar\u00e7o, data que marca dois anos da execu\u00e7\u00e3o da vereadora Marielle Franco, e ao dia 18 de mar\u00e7o, quando iremos \u00e0s ruas em defesa dos servi\u00e7os p\u00fablicos de qualidade.<\/p>\n<p>\u00c9 por nossas vidas, democracia e direitos!<\/p>\n<p>Mulheres Contra Bolsonaro<\/p>\n<p>A democracia n\u00e3o ser\u00e1 silenciada! Ditadura nunca mais!<\/p>\n<p>#EleN\u00e3o #EleJamais<\/p>\n<p>Fascistas n\u00e3o passar\u00e3o!<\/p>\n<p><strong>Assinam essa convoca\u00e7\u00e3o:<\/strong><br \/>\n<em>PSOL<\/em><br \/>\n<em>PCdoB<\/em><br \/>\n<em>PCB<\/em><br \/>\n<em>PCR<\/em><br \/>\n<em>PSTU<\/em><br \/>\n<em>A\u00e7\u00e3o da Mulher Trabalhista &#8211; PDT<\/em><br \/>\n<em>Secretaria Nacional de Mulheres do PT<\/em><br \/>\n<em>Secretaria Nacional de Mulheres do PSB<\/em><br \/>\n<em>UP &#8211; Unidade Popular pelo Socialismo<\/em><br \/>\n<em>Afronte!<\/em><br \/>\n<em>ABGLT &#8211; Associa\u00e7\u00e3o Brasileira de Gays, L\u00e9sbicas, Bissexuais, Travestis, Transsexuais e Intersexos<\/em><br \/>\n<em>ABL &#8211; Articula\u00e7\u00e3o Brasileira de L\u00e9sbicas<\/em><br \/>\n<em>ANPG &#8211; Associa\u00e7\u00e3o Nacional de P\u00f3s-Graduandos<\/em><br \/>\n<em>ANTRA &#8211; Associa\u00e7\u00e3o Nacional de Travestis e Transsexuais<\/em><br \/>\n<em>Artjovem LGBT<\/em><br \/>\n<em>Cat\u00f3licas pelo Direito de Decidir<\/em><br \/>\n<em>C\u00edrculo Palmarino<\/em><br \/>\n<em>Coletivo Feminista Classista Ana Montenegro<\/em><br \/>\n<em>Coletivo Juntas<\/em><br \/>\n<em>Coletivo Negro Minervino Oliveira<\/em><br \/>\n<em>Coletivo Para Todas<\/em><br \/>\n<em>CSP-Conlutas<br \/>\nCONTAG &#8211; Confedera\u00e7\u00e3o Nacional dos Trabalhadores na Agricultura<\/em><br \/>\n<em>CUT &#8211; Central \u00danica dos Trabalhadores<\/em><br \/>\n<em>EIG &#8211; Evang\u00e9licas pela Igualdade de G\u00eanero<\/em><br \/>\n<em>Feministas Anticapitalistas<\/em><br \/>\n<em>Intersindical<\/em><br \/>\n<em>Instituto Plurais<\/em><br \/>\n<em>Juventude Rebeldia<\/em><br \/>\n<em>MAMA &#8211; Movimento de Mulheres da Amaz\u00f4nia<\/em><br \/>\n<em>Marcha das Mulheres Negras de S\u00e3o Paulo<\/em><br \/>\n<em>Marcha Mundial das Mulheres<\/em><br \/>\n<em>Movimento de Mulheres Olga Ben\u00e1rio<\/em><br \/>\n<em>Movimento Mulheres em Luta<\/em><br \/>\n<em>MCONEN &#8211; Mulheres da Coordena\u00e7\u00e3o Nacional de Entidades Negras<\/em><br \/>\n<em>MLB &#8211; Movimento de Luta nos Bairros, Vilas e Favelas<\/em><br \/>\n<em>MNU &#8211; Movimento Negro Unificado<\/em><br \/>\n<em>MST &#8211; Movimento dos Trabalhadores Sem Terra<\/em><br \/>\n<em>MTST &#8211; Movimento dos Trabalhadores Sem Teto<\/em><br \/>\n<em>Rede Afro LGBT<\/em><br \/>\n<em>Rede Emancipa de Cursinhos Populares<\/em><br \/>\n<em>Rede Feminista de Juristas &#8211; DEFEMDE<\/em><br \/>\n<em>Resist\u00eancia Feminista<\/em><br \/>\n<em>RUA &#8211; Juventude Anticapitalista<\/em><br \/>\n<em>UBM &#8211; Uni\u00e3o Brasileira de Mulheres<\/em><br \/>\n<em>UBES &#8211; Uni\u00e3o Brasileira de Estudantes Secundaristas<\/em><br \/>\n<em>UNE &#8211; Uni\u00e3o Nacional dos Estudantes<\/em><br \/>\n<em>UJR &#8211; Uni\u00e3o da Juventude Rebeli\u00e3o<\/em><br \/>\n<em>UJS &#8211; Uni\u00e3o da Juventude Socialista<\/em><br \/>\n<em>Uni\u00e3o de Mulheres do Munic\u00edpio de S\u00e3o Paulo<\/em><br \/>\n<em>Unidade Classista<\/em><\/p>\n","protected":false},"excerpt":{"rendered":"<p>Partidos de oposi\u00e7\u00e3o ao governo do presidente Jair Bolsonaro e movimentos sociais lan\u00e7aram nesta sexta-feira (6) uma nota unificada para convocar o povo brasileiro a se somar ao movimento de mulheres nas manifesta\u00e7\u00f5es deste 8 de mar\u00e7o, Dia Internacional de Luta das Mulheres. Confira a lista de atos confirmados para este final de semana. O [&hellip;]<\/p>\n","protected":false},"author":2,"featured_media":27698,"comment_status":"closed","ping_status":"open","sticky":false,"template":"","format":"standard","meta":{"_acf_changed":false,"footnotes":""},"categories":[49,20,6,14],"tags":[308,334,335,4,19,22],"class_list":{"0":"post-27696","1":"post","2":"type-post","3":"status-publish","4":"format-standard","5":"has-post-thumbnail","7":"category-mulheres","8":"category-notas","9":"category-noticias","10":"category-partido","11":"tag-8m","12":"tag-ato","13":"tag-elenao","14":"tag-mulheres","15":"tag-nota","16":"tag-psol"},"acf":[],"yoast_head":"<!-- This site is optimized with the Yoast SEO plugin v26.5 - https:\/\/yoast.com\/wordpress\/plugins\/seo\/ -->\n<title>Partidos e movimentos sociais fazem convoca\u00e7\u00e3o unificada para atos do #8M - PSOL 50<\/title>\n<meta name=\"description\" content=\"A nota relembra o movimento massivo impulsionado pelas mulheres em 2018 conhecido como #EleN\u00e3o, e aponta a import\u00e2ncia de tomar novamente as ruas.\" \/>\n<meta name=\"robots\" content=\"index, follow, max-snippet:-1, max-image-preview:large, max-video-preview:-1\" \/>\n<link rel=\"canonical\" href=\"https:\/\/psol50.org.br\/partidos-e-movimentos-sociais-fazem-convocacao-unificada-para-atos-do-8m\/\" \/>\n<meta property=\"og:locale\" content=\"pt_BR\" \/>\n<meta property=\"og:type\" content=\"article\" \/>\n<meta property=\"og:title\" content=\"Partidos e movimentos sociais fazem convoca\u00e7\u00e3o unificada para atos do #8M\" \/>\n<meta property=\"og:description\" content=\"A nota relembra o movimento massivo impulsionado pelas mulheres em 2018 conhecido como #EleN\u00e3o, e aponta a import\u00e2ncia de tomar novamente as ruas.\" \/>\n<meta property=\"og:url\" content=\"https:\/\/psol50.org.br\/partidos-e-movimentos-sociais-fazem-convocacao-unificada-para-atos-do-8m\/\" \/>\n<meta property=\"og:site_name\" content=\"PSOL 50\" \/>\n<meta property=\"article:publisher\" content=\"https:\/\/www.facebook.com\/psol50\" \/>\n<meta property=\"article:published_time\" content=\"2020-03-06T12:42:44+00:00\" \/>\n<meta property=\"og:image\" content=\"https:\/\/psol50.org.br\/inc\/uploads\/2020\/03\/E141409-F00001-O752-2000x0-1-scaled-1.jpeg\" \/>\n\t<meta property=\"og:image:width\" content=\"1920\" \/>\n\t<meta property=\"og:image:height\" content=\"1440\" \/>\n\t<meta property=\"og:image:type\" content=\"image\/jpeg\" \/>\n<meta name=\"author\" content=\"Comunica\u00e7\u00e3o PSOL\" \/>\n<meta name=\"twitter:card\" content=\"summary_large_image\" \/>\n<meta name=\"twitter:title\" content=\"Partidos e movimentos sociais fazem convoca\u00e7\u00e3o unificada para atos do #8M\" \/>\n<meta name=\"twitter:description\" content=\"A nota relembra o movimento massivo impulsionado pelas mulheres em 2018 conhecido como #EleN\u00e3o, e aponta a import\u00e2ncia de tomar novamente as ruas.\" \/>\n<meta name=\"twitter:image\" content=\"https:\/\/psol50.org.br\/inc\/uploads\/2020\/03\/E141409-F00001-O752-2000x0-1-scaled-1.jpeg\" \/>\n<meta name=\"twitter:creator\" content=\"@psol50\" \/>\n<meta name=\"twitter:site\" content=\"@psol50\" \/>\n<meta name=\"twitter:label1\" content=\"Escrito por\" \/>\n\t<meta name=\"twitter:data1\" content=\"Comunica\u00e7\u00e3o PSOL\" \/>\n\t<meta name=\"twitter:label2\" content=\"Est. tempo de leitura\" \/>\n\t<meta name=\"twitter:data2\" content=\"6 minutos\" \/>\n<script type=\"application\/ld+json\" class=\"yoast-schema-graph\">{\"@context\":\"https:\/\/schema.org\",\"@graph\":[{\"@type\":\"Article\",\"@id\":\"https:\/\/psol50.org.br\/partidos-e-movimentos-sociais-fazem-convocacao-unificada-para-atos-do-8m\/#article\",\"isPartOf\":{\"@id\":\"https:\/\/psol50.org.br\/partidos-e-movimentos-sociais-fazem-convocacao-unificada-para-atos-do-8m\/\"},\"author\":{\"name\":\"Comunica\u00e7\u00e3o PSOL\",\"@id\":\"https:\/\/psol50.org.br\/#\/schema\/person\/475dfa57d0b815993c714c2e96491fcd\"},\"headline\":\"Partidos e movimentos sociais fazem convoca\u00e7\u00e3o unificada para atos do #8M\",\"datePublished\":\"2020-03-06T12:42:44+00:00\",\"mainEntityOfPage\":{\"@id\":\"https:\/\/psol50.org.br\/partidos-e-movimentos-sociais-fazem-convocacao-unificada-para-atos-do-8m\/\"},\"wordCount\":1193,\"publisher\":{\"@id\":\"https:\/\/psol50.org.br\/#organization\"},\"image\":{\"@id\":\"https:\/\/psol50.org.br\/partidos-e-movimentos-sociais-fazem-convocacao-unificada-para-atos-do-8m\/#primaryimage\"},\"thumbnailUrl\":\"https:\/\/psol50.org.br\/inc\/uploads\/2020\/03\/E141409-F00001-O752-2000x0-1-scaled-1.jpeg\",\"keywords\":[\"8M\",\"ato\",\"elen\u00e3o\",\"mulheres\",\"nota\",\"PSOL\"],\"articleSection\":[\"Mulheres\",\"Notas\",\"Not\u00edcias\",\"Partido\"],\"inLanguage\":\"pt-BR\"},{\"@type\":\"WebPage\",\"@id\":\"https:\/\/psol50.org.br\/partidos-e-movimentos-sociais-fazem-convocacao-unificada-para-atos-do-8m\/\",\"url\":\"https:\/\/psol50.org.br\/partidos-e-movimentos-sociais-fazem-convocacao-unificada-para-atos-do-8m\/\",\"name\":\"Partidos e movimentos sociais fazem convoca\u00e7\u00e3o unificada para atos do #8M - PSOL 50\",\"isPartOf\":{\"@id\":\"https:\/\/psol50.org.br\/#website\"},\"primaryImageOfPage\":{\"@id\":\"https:\/\/psol50.org.br\/partidos-e-movimentos-sociais-fazem-convocacao-unificada-para-atos-do-8m\/#primaryimage\"},\"image\":{\"@id\":\"https:\/\/psol50.org.br\/partidos-e-movimentos-sociais-fazem-convocacao-unificada-para-atos-do-8m\/#primaryimage\"},\"thumbnailUrl\":\"https:\/\/psol50.org.br\/inc\/uploads\/2020\/03\/E141409-F00001-O752-2000x0-1-scaled-1.jpeg\",\"datePublished\":\"2020-03-06T12:42:44+00:00\",\"description\":\"A nota relembra o movimento massivo impulsionado pelas mulheres em 2018 conhecido como #EleN\u00e3o, e aponta a import\u00e2ncia de tomar novamente as ruas.\",\"breadcrumb\":{\"@id\":\"https:\/\/psol50.org.br\/partidos-e-movimentos-sociais-fazem-convocacao-unificada-para-atos-do-8m\/#breadcrumb\"},\"inLanguage\":\"pt-BR\",\"potentialAction\":[{\"@type\":\"ReadAction\",\"target\":[\"https:\/\/psol50.org.br\/partidos-e-movimentos-sociais-fazem-convocacao-unificada-para-atos-do-8m\/\"]}]},{\"@type\":\"ImageObject\",\"inLanguage\":\"pt-BR\",\"@id\":\"https:\/\/psol50.org.br\/partidos-e-movimentos-sociais-fazem-convocacao-unificada-para-atos-do-8m\/#primaryimage\",\"url\":\"https:\/\/psol50.org.br\/inc\/uploads\/2020\/03\/E141409-F00001-O752-2000x0-1-scaled-1.jpeg\",\"contentUrl\":\"https:\/\/psol50.org.br\/inc\/uploads\/2020\/03\/E141409-F00001-O752-2000x0-1-scaled-1.jpeg\",\"width\":1920,\"height\":1440,\"caption\":\"Foto: M\u00eddia Ninja\"},{\"@type\":\"BreadcrumbList\",\"@id\":\"https:\/\/psol50.org.br\/partidos-e-movimentos-sociais-fazem-convocacao-unificada-para-atos-do-8m\/#breadcrumb\",\"itemListElement\":[{\"@type\":\"ListItem\",\"position\":1,\"name\":\"In\u00edcio\",\"item\":\"https:\/\/psol50.org.br\/\"},{\"@type\":\"ListItem\",\"position\":2,\"name\":\"Partidos e movimentos sociais fazem convoca\u00e7\u00e3o unificada para atos do #8M\"}]},{\"@type\":\"WebSite\",\"@id\":\"https:\/\/psol50.org.br\/#website\",\"url\":\"https:\/\/psol50.org.br\/\",\"name\":\"PSOL 50\",\"description\":\"Site oficial do Partido Socialismo e Liberdade\",\"publisher\":{\"@id\":\"https:\/\/psol50.org.br\/#organization\"},\"alternateName\":\"PSOL50\",\"potentialAction\":[{\"@type\":\"SearchAction\",\"target\":{\"@type\":\"EntryPoint\",\"urlTemplate\":\"https:\/\/psol50.org.br\/?s={search_term_string}\"},\"query-input\":{\"@type\":\"PropertyValueSpecification\",\"valueRequired\":true,\"valueName\":\"search_term_string\"}}],\"inLanguage\":\"pt-BR\"},{\"@type\":\"Organization\",\"@id\":\"https:\/\/psol50.org.br\/#organization\",\"name\":\"PSOL 50\",\"alternateName\":\"PSOL 50\",\"url\":\"https:\/\/psol50.org.br\/\",\"logo\":{\"@type\":\"ImageObject\",\"inLanguage\":\"pt-BR\",\"@id\":\"https:\/\/psol50.org.br\/#\/schema\/logo\/image\/\",\"url\":\"https:\/\/psol50.org.br\/inc\/uploads\/2018\/07\/capa.png\",\"contentUrl\":\"https:\/\/psol50.org.br\/inc\/uploads\/2018\/07\/capa.png\",\"width\":1350,\"height\":900,\"caption\":\"PSOL 50\"},\"image\":{\"@id\":\"https:\/\/psol50.org.br\/#\/schema\/logo\/image\/\"},\"sameAs\":[\"https:\/\/www.facebook.com\/psol50\",\"https:\/\/x.com\/psol50\",\"https:\/\/www.instagram.com\/psol50\/\",\"https:\/\/www.youtube.com\/channel\/UC7SnJS5o1os7a6CaiNabzcg\"]},{\"@type\":\"Person\",\"@id\":\"https:\/\/psol50.org.br\/#\/schema\/person\/475dfa57d0b815993c714c2e96491fcd\",\"name\":\"Comunica\u00e7\u00e3o PSOL\",\"image\":{\"@type\":\"ImageObject\",\"inLanguage\":\"pt-BR\",\"@id\":\"https:\/\/psol50.org.br\/#\/schema\/person\/image\/\",\"url\":\"https:\/\/secure.gravatar.com\/avatar\/b34fc4f4e468a4e51785917065a3db57b841f5c95dba6ad8c73aaf8f66f8f9bf?s=96&d=mm&r=g\",\"contentUrl\":\"https:\/\/secure.gravatar.com\/avatar\/b34fc4f4e468a4e51785917065a3db57b841f5c95dba6ad8c73aaf8f66f8f9bf?s=96&d=mm&r=g\",\"caption\":\"Comunica\u00e7\u00e3o PSOL\"}}]}<\/script>\n<!-- \/ Yoast SEO plugin. -->","yoast_head_json":{"title":"Partidos e movimentos sociais fazem convoca\u00e7\u00e3o unificada para atos do #8M - PSOL 50","description":"A nota relembra o movimento massivo impulsionado pelas mulheres em 2018 conhecido como #EleN\u00e3o, e aponta a import\u00e2ncia de tomar novamente as ruas.","robots":{"index":"index","follow":"follow","max-snippet":"max-snippet:-1","max-image-preview":"max-image-preview:large","max-video-preview":"max-video-preview:-1"},"canonical":"https:\/\/psol50.org.br\/partidos-e-movimentos-sociais-fazem-convocacao-unificada-para-atos-do-8m\/","og_locale":"pt_BR","og_type":"article","og_title":"Partidos e movimentos sociais fazem convoca\u00e7\u00e3o unificada para atos do #8M","og_description":"A nota relembra o movimento massivo impulsionado pelas mulheres em 2018 conhecido como #EleN\u00e3o, e aponta a import\u00e2ncia de tomar novamente as ruas.","og_url":"https:\/\/psol50.org.br\/partidos-e-movimentos-sociais-fazem-convocacao-unificada-para-atos-do-8m\/","og_site_name":"PSOL 50","article_publisher":"https:\/\/www.facebook.com\/psol50","article_published_time":"2020-03-06T12:42:44+00:00","og_image":[{"width":1920,"height":1440,"url":"https:\/\/psol50.org.br\/inc\/uploads\/2020\/03\/E141409-F00001-O752-2000x0-1-scaled-1.jpeg","type":"image\/jpeg"}],"author":"Comunica\u00e7\u00e3o PSOL","twitter_card":"summary_large_image","twitter_title":"Partidos e movimentos sociais fazem convoca\u00e7\u00e3o unificada para atos do #8M","twitter_description":"A nota relembra o movimento massivo impulsionado pelas mulheres em 2018 conhecido como #EleN\u00e3o, e aponta a import\u00e2ncia de tomar novamente as ruas.","twitter_image":"https:\/\/psol50.org.br\/inc\/uploads\/2020\/03\/E141409-F00001-O752-2000x0-1-scaled-1.jpeg","twitter_creator":"@psol50","twitter_site":"@psol50","twitter_misc":{"Escrito por":"Comunica\u00e7\u00e3o PSOL","Est. tempo de leitura":"6 minutos"},"schema":{"@context":"https:\/\/schema.org","@graph":[{"@type":"Article","@id":"https:\/\/psol50.org.br\/partidos-e-movimentos-sociais-fazem-convocacao-unificada-para-atos-do-8m\/#article","isPartOf":{"@id":"https:\/\/psol50.org.br\/partidos-e-movimentos-sociais-fazem-convocacao-unificada-para-atos-do-8m\/"},"author":{"name":"Comunica\u00e7\u00e3o PSOL","@id":"https:\/\/psol50.org.br\/#\/schema\/person\/475dfa57d0b815993c714c2e96491fcd"},"headline":"Partidos e movimentos sociais fazem convoca\u00e7\u00e3o unificada para atos do #8M","datePublished":"2020-03-06T12:42:44+00:00","mainEntityOfPage":{"@id":"https:\/\/psol50.org.br\/partidos-e-movimentos-sociais-fazem-convocacao-unificada-para-atos-do-8m\/"},"wordCount":1193,"publisher":{"@id":"https:\/\/psol50.org.br\/#organization"},"image":{"@id":"https:\/\/psol50.org.br\/partidos-e-movimentos-sociais-fazem-convocacao-unificada-para-atos-do-8m\/#primaryimage"},"thumbnailUrl":"https:\/\/psol50.org.br\/inc\/uploads\/2020\/03\/E141409-F00001-O752-2000x0-1-scaled-1.jpeg","keywords":["8M","ato","elen\u00e3o","mulheres","nota","PSOL"],"articleSection":["Mulheres","Notas","Not\u00edcias","Partido"],"inLanguage":"pt-BR"},{"@type":"WebPage","@id":"https:\/\/psol50.org.br\/partidos-e-movimentos-sociais-fazem-convocacao-unificada-para-atos-do-8m\/","url":"https:\/\/psol50.org.br\/partidos-e-movimentos-sociais-fazem-convocacao-unificada-para-atos-do-8m\/","name":"Partidos e movimentos sociais fazem convoca\u00e7\u00e3o unificada para atos do #8M - PSOL 50","isPartOf":{"@id":"https:\/\/psol50.org.br\/#website"},"primaryImageOfPage":{"@id":"https:\/\/psol50.org.br\/partidos-e-movimentos-sociais-fazem-convocacao-unificada-para-atos-do-8m\/#primaryimage"},"image":{"@id":"https:\/\/psol50.org.br\/partidos-e-movimentos-sociais-fazem-convocacao-unificada-para-atos-do-8m\/#primaryimage"},"thumbnailUrl":"https:\/\/psol50.org.br\/inc\/uploads\/2020\/03\/E141409-F00001-O752-2000x0-1-scaled-1.jpeg","datePublished":"2020-03-06T12:42:44+00:00","description":"A nota relembra o movimento massivo impulsionado pelas mulheres em 2018 conhecido como #EleN\u00e3o, e aponta a import\u00e2ncia de tomar novamente as ruas.","breadcrumb":{"@id":"https:\/\/psol50.org.br\/partidos-e-movimentos-sociais-fazem-convocacao-unificada-para-atos-do-8m\/#breadcrumb"},"inLanguage":"pt-BR","potentialAction":[{"@type":"ReadAction","target":["https:\/\/psol50.org.br\/partidos-e-movimentos-sociais-fazem-convocacao-unificada-para-atos-do-8m\/"]}]},{"@type":"ImageObject","inLanguage":"pt-BR","@id":"https:\/\/psol50.org.br\/partidos-e-movimentos-sociais-fazem-convocacao-unificada-para-atos-do-8m\/#primaryimage","url":"https:\/\/psol50.org.br\/inc\/uploads\/2020\/03\/E141409-F00001-O752-2000x0-1-scaled-1.jpeg","contentUrl":"https:\/\/psol50.org.br\/inc\/uploads\/2020\/03\/E141409-F00001-O752-2000x0-1-scaled-1.jpeg","width":1920,"height":1440,"caption":"Foto: M\u00eddia Ninja"},{"@type":"BreadcrumbList","@id":"https:\/\/psol50.org.br\/partidos-e-movimentos-sociais-fazem-convocacao-unificada-para-atos-do-8m\/#breadcrumb","itemListElement":[{"@type":"ListItem","position":1,"name":"In\u00edcio","item":"https:\/\/psol50.org.br\/"},{"@type":"ListItem","position":2,"name":"Partidos e movimentos sociais fazem convoca\u00e7\u00e3o unificada para atos do #8M"}]},{"@type":"WebSite","@id":"https:\/\/psol50.org.br\/#website","url":"https:\/\/psol50.org.br\/","name":"PSOL 50","description":"Site oficial do Partido Socialismo e Liberdade","publisher":{"@id":"https:\/\/psol50.org.br\/#organization"},"alternateName":"PSOL50","potentialAction":[{"@type":"SearchAction","target":{"@type":"EntryPoint","urlTemplate":"https:\/\/psol50.org.br\/?s={search_term_string}"},"query-input":{"@type":"PropertyValueSpecification","valueRequired":true,"valueName":"search_term_string"}}],"inLanguage":"pt-BR"},{"@type":"Organization","@id":"https:\/\/psol50.org.br\/#organization","name":"PSOL 50","alternateName":"PSOL 50","url":"https:\/\/psol50.org.br\/","logo":{"@type":"ImageObject","inLanguage":"pt-BR","@id":"https:\/\/psol50.org.br\/#\/schema\/logo\/image\/","url":"https:\/\/psol50.org.br\/inc\/uploads\/2018\/07\/capa.png","contentUrl":"https:\/\/psol50.org.br\/inc\/uploads\/2018\/07\/capa.png","width":1350,"height":900,"caption":"PSOL 50"},"image":{"@id":"https:\/\/psol50.org.br\/#\/schema\/logo\/image\/"},"sameAs":["https:\/\/www.facebook.com\/psol50","https:\/\/x.com\/psol50","https:\/\/www.instagram.com\/psol50\/","https:\/\/www.youtube.com\/channel\/UC7SnJS5o1os7a6CaiNabzcg"]},{"@type":"Person","@id":"https:\/\/psol50.org.br\/#\/schema\/person\/475dfa57d0b815993c714c2e96491fcd","name":"Comunica\u00e7\u00e3o PSOL","image":{"@type":"ImageObject","inLanguage":"pt-BR","@id":"https:\/\/psol50.org.br\/#\/schema\/person\/image\/","url":"https:\/\/secure.gravatar.com\/avatar\/b34fc4f4e468a4e51785917065a3db57b841f5c95dba6ad8c73aaf8f66f8f9bf?s=96&d=mm&r=g","contentUrl":"https:\/\/secure.gravatar.com\/avatar\/b34fc4f4e468a4e51785917065a3db57b841f5c95dba6ad8c73aaf8f66f8f9bf?s=96&d=mm&r=g","caption":"Comunica\u00e7\u00e3o PSOL"}}]}},"_links":{"self":[{"href":"https:\/\/psol50.org.br\/rest\/wp\/v2\/posts\/27696","targetHints":{"allow":["GET"]}}],"collection":[{"href":"https:\/\/psol50.org.br\/rest\/wp\/v2\/posts"}],"about":[{"href":"https:\/\/psol50.org.br\/rest\/wp\/v2\/types\/post"}],"author":[{"embeddable":true,"href":"https:\/\/psol50.org.br\/rest\/wp\/v2\/users\/2"}],"replies":[{"embeddable":true,"href":"https:\/\/psol50.org.br\/rest\/wp\/v2\/comments?post=27696"}],"version-history":[{"count":0,"href":"https:\/\/psol50.org.br\/rest\/wp\/v2\/posts\/27696\/revisions"}],"wp:featuredmedia":[{"embeddable":true,"href":"https:\/\/psol50.org.br\/rest\/wp\/v2\/media\/27698"}],"wp:attachment":[{"href":"https:\/\/psol50.org.br\/rest\/wp\/v2\/media?parent=27696"}],"wp:term":[{"taxonomy":"category","embeddable":true,"href":"https:\/\/psol50.org.br\/rest\/wp\/v2\/categories?post=27696"},{"taxonomy":"post_tag","embeddable":true,"href":"https:\/\/psol50.org.br\/rest\/wp\/v2\/tags?post=27696"}],"curies":[{"name":"wp","href":"https:\/\/api.w.org\/{rel}","templated":true}]}}