{"id":277,"date":"2012-10-04T00:00:00","date_gmt":"2012-10-04T00:00:00","guid":{"rendered":"http:\/\/psol50.org.br\/arquivo\/2012\/10\/04\/direcao-nacional-do-psol-pede-a-atencao-da-militancia-ao-processo-de-votacao-dia-7\/"},"modified":"2012-10-04T00:00:00","modified_gmt":"2012-10-04T00:00:00","slug":"direcao-nacional-do-psol-pede-a-atencao-da-militancia-ao-processo-de-votacao-dia-7","status":"publish","type":"post","link":"https:\/\/psol50.org.br\/direcao-nacional-do-psol-pede-a-atencao-da-militancia-ao-processo-de-votacao-dia-7\/","title":{"rendered":"Dire\u00e7\u00e3o Nacional do PSOL pede a aten\u00e7\u00e3o da milit\u00e2ncia ao processo de vota\u00e7\u00e3o, dia 7"},"content":{"rendered":"<p>A poucos dias da elei\u00e7\u00e3o municipal, marcada para este domingo, 7 de outubro, a Dire\u00e7\u00e3o Nacional do PSOL convoca a milit\u00e2ncia do partido e a todos os companheiros e companheiras que estejam preparados e fiquem atentos ao processo eleitoral at\u00e9 o fim. Por isso, a Dire\u00e7\u00e3o Nacional est\u00e1 encaminhando um modelo de crach\u00e1 para auxiliar os dirigentes municipais do partido a confeccionarem os\u00a0crach\u00e1s de identifica\u00e7\u00e3o para acompanhamento da vota\u00e7\u00e3o e apura\u00e7\u00e3o.<\/p>\n<p>O secret\u00e1rio nacional de finan\u00e7as do PSOL, Francisvaldo Mendes, pede a aten\u00e7\u00e3o das dire\u00e7\u00f5es municipais do partido no que se refere \u00e0 observ\u00e2ncia da resolu\u00e7\u00e3o 23372\/2012, dispon\u00edvel\u00a0 na p\u00e1gina do Tribunal Superior Eleitoral (<a href=\"http:\/\/www.tse.jus.br\/\">www.tse.jus.br<\/a>), que define as dimens\u00f5es m\u00e1ximas do crach\u00e1.<\/p>\n<p>Ele explica que, de acordo com a legisla\u00e7\u00e3o eleitoral, \u201cno dia da vota\u00e7\u00e3o, durante os trabalhos, aos fiscais\u00a0dos partidos pol\u00edticos e das coliga\u00e7\u00f5es s\u00f3 \u00e9 permitido que, em seus crach\u00e1s,\u00a0constem o nome e a sigla do partido pol\u00edtico ou da coliga\u00e7\u00e3o a que sirvam,\u00a0vedada a padroniza\u00e7\u00e3o do vestu\u00e1rio\u201d.<\/p>\n<p>A resolu\u00e7\u00e3o do TSE estabelece ainda que o crach\u00e1 \u201cdever\u00e1 ter medidas que n\u00e3o\u00a0ultrapassem 10 cent\u00edmetros de comprimento por 5 cent\u00edmetros de largura, o\u00a0qual conter\u00e1 apenas o nome do usu\u00e1rio e a indica\u00e7\u00e3o do partido pol\u00edtico que\u00a0represente, sem qualquer refer\u00eancia que possa ser interpretada como\u00a0propaganda eleitoral\u201d.<\/p>\n<p><a title=\"FISCAL\" href=\"http:\/\/psol50.org.br\/files\/2012\/10\/cracha-fiscal.pdf\"><span style=\"text-decoration: underline\"><strong>Baixe aqui a arte do crach\u00e1 de FISCAL DO PSOL<\/strong><\/span><\/a><\/p>\n<p><a title=\"DELEGADO\" href=\"http:\/\/psol50.org.br\/files\/2012\/10\/cracha-delegado.pdf\"><span style=\"text-decoration: underline\"><strong>Baixe aqui a arte do crach\u00e1 de DELEGADO DO PSOL<\/strong><\/span><\/a><\/p>\n","protected":false},"excerpt":{"rendered":"<p>A poucos dias da elei\u00e7\u00e3o municipal, marcada para este domingo, 7 de outubro, a Dire\u00e7\u00e3o Nacional do PSOL convoca a milit\u00e2ncia do partido e a todos os companheiros e companheiras que estejam preparados e fiquem atentos ao processo eleitoral at\u00e9 o fim. Por isso, a Dire\u00e7\u00e3o Nacional est\u00e1 encaminhando um modelo de crach\u00e1 para auxiliar [&hellip;]<\/p>\n","protected":false},"author":2,"featured_media":0,"comment_status":"open","ping_status":"open","sticky":false,"template":"","format":"standard","meta":{"_acf_changed":false,"footnotes":""},"categories":[4766,4974],"tags":[4975,22],"class_list":{"0":"post-277","1":"post","2":"type-post","3":"status-publish","4":"format-standard","6":"category-arquivo","7":"category-eleicoes-2012","8":"tag-eleicoes-2012","9":"tag-psol"},"acf":[],"yoast_head":"<!-- This site is optimized with the Yoast SEO plugin v26.5 - https:\/\/yoast.com\/wordpress\/plugins\/seo\/ -->\n<title>Dire\u00e7\u00e3o Nacional do PSOL pede a aten\u00e7\u00e3o da milit\u00e2ncia ao processo de vota\u00e7\u00e3o, dia 7 - PSOL 50<\/title>\n<meta name=\"robots\" content=\"index, follow, max-snippet:-1, max-image-preview:large, max-video-preview:-1\" \/>\n<link rel=\"canonical\" href=\"https:\/\/psol50.org.br\/direcao-nacional-do-psol-pede-a-atencao-da-militancia-ao-processo-de-votacao-dia-7\/\" \/>\n<meta property=\"og:locale\" content=\"pt_BR\" \/>\n<meta property=\"og:type\" content=\"article\" \/>\n<meta property=\"og:title\" content=\"Dire\u00e7\u00e3o Nacional do PSOL pede a aten\u00e7\u00e3o da milit\u00e2ncia ao processo de vota\u00e7\u00e3o, dia 7 - PSOL 50\" \/>\n<meta property=\"og:description\" content=\"A poucos dias da elei\u00e7\u00e3o municipal, marcada para este domingo, 7 de outubro, a Dire\u00e7\u00e3o Nacional do PSOL convoca a milit\u00e2ncia do partido e a todos os companheiros e companheiras que estejam preparados e fiquem atentos ao processo eleitoral at\u00e9 o fim. Por isso, a Dire\u00e7\u00e3o Nacional est\u00e1 encaminhando um modelo de crach\u00e1 para auxiliar [&hellip;]\" \/>\n<meta property=\"og:url\" content=\"https:\/\/psol50.org.br\/direcao-nacional-do-psol-pede-a-atencao-da-militancia-ao-processo-de-votacao-dia-7\/\" \/>\n<meta property=\"og:site_name\" content=\"PSOL 50\" \/>\n<meta property=\"article:publisher\" content=\"https:\/\/www.facebook.com\/psol50\" \/>\n<meta property=\"article:published_time\" content=\"2012-10-04T00:00:00+00:00\" \/>\n<meta property=\"og:image\" content=\"https:\/\/psol50.org.br\/inc\/uploads\/2018\/07\/capa.png\" \/>\n\t<meta property=\"og:image:width\" content=\"1350\" \/>\n\t<meta property=\"og:image:height\" content=\"900\" \/>\n\t<meta property=\"og:image:type\" content=\"image\/png\" \/>\n<meta name=\"author\" content=\"Comunica\u00e7\u00e3o PSOL\" \/>\n<meta name=\"twitter:card\" content=\"summary_large_image\" \/>\n<meta name=\"twitter:creator\" content=\"@psol50\" \/>\n<meta name=\"twitter:site\" content=\"@psol50\" \/>\n<meta name=\"twitter:label1\" content=\"Escrito por\" \/>\n\t<meta name=\"twitter:data1\" content=\"Comunica\u00e7\u00e3o PSOL\" \/>\n\t<meta name=\"twitter:label2\" content=\"Est. tempo de leitura\" \/>\n\t<meta name=\"twitter:data2\" content=\"1 minuto\" \/>\n<script type=\"application\/ld+json\" class=\"yoast-schema-graph\">{\"@context\":\"https:\/\/schema.org\",\"@graph\":[{\"@type\":\"Article\",\"@id\":\"https:\/\/psol50.org.br\/direcao-nacional-do-psol-pede-a-atencao-da-militancia-ao-processo-de-votacao-dia-7\/#article\",\"isPartOf\":{\"@id\":\"https:\/\/psol50.org.br\/direcao-nacional-do-psol-pede-a-atencao-da-militancia-ao-processo-de-votacao-dia-7\/\"},\"author\":{\"name\":\"Comunica\u00e7\u00e3o PSOL\",\"@id\":\"https:\/\/psol50.org.br\/#\/schema\/person\/475dfa57d0b815993c714c2e96491fcd\"},\"headline\":\"Dire\u00e7\u00e3o Nacional do PSOL pede a aten\u00e7\u00e3o da milit\u00e2ncia ao processo de vota\u00e7\u00e3o, dia 7\",\"datePublished\":\"2012-10-04T00:00:00+00:00\",\"mainEntityOfPage\":{\"@id\":\"https:\/\/psol50.org.br\/direcao-nacional-do-psol-pede-a-atencao-da-militancia-ao-processo-de-votacao-dia-7\/\"},\"wordCount\":284,\"commentCount\":0,\"publisher\":{\"@id\":\"https:\/\/psol50.org.br\/#organization\"},\"keywords\":[\"Elei\u00e7\u00f5es 2012\",\"PSOL\"],\"articleSection\":[\"Arquivo\",\"ELEI\u00c7\u00d5ES 2012\"],\"inLanguage\":\"pt-BR\",\"potentialAction\":[{\"@type\":\"CommentAction\",\"name\":\"Comment\",\"target\":[\"https:\/\/psol50.org.br\/direcao-nacional-do-psol-pede-a-atencao-da-militancia-ao-processo-de-votacao-dia-7\/#respond\"]}]},{\"@type\":\"WebPage\",\"@id\":\"https:\/\/psol50.org.br\/direcao-nacional-do-psol-pede-a-atencao-da-militancia-ao-processo-de-votacao-dia-7\/\",\"url\":\"https:\/\/psol50.org.br\/direcao-nacional-do-psol-pede-a-atencao-da-militancia-ao-processo-de-votacao-dia-7\/\",\"name\":\"Dire\u00e7\u00e3o Nacional do PSOL pede a aten\u00e7\u00e3o da milit\u00e2ncia ao processo de vota\u00e7\u00e3o, dia 7 - PSOL 50\",\"isPartOf\":{\"@id\":\"https:\/\/psol50.org.br\/#website\"},\"datePublished\":\"2012-10-04T00:00:00+00:00\",\"breadcrumb\":{\"@id\":\"https:\/\/psol50.org.br\/direcao-nacional-do-psol-pede-a-atencao-da-militancia-ao-processo-de-votacao-dia-7\/#breadcrumb\"},\"inLanguage\":\"pt-BR\",\"potentialAction\":[{\"@type\":\"ReadAction\",\"target\":[\"https:\/\/psol50.org.br\/direcao-nacional-do-psol-pede-a-atencao-da-militancia-ao-processo-de-votacao-dia-7\/\"]}]},{\"@type\":\"BreadcrumbList\",\"@id\":\"https:\/\/psol50.org.br\/direcao-nacional-do-psol-pede-a-atencao-da-militancia-ao-processo-de-votacao-dia-7\/#breadcrumb\",\"itemListElement\":[{\"@type\":\"ListItem\",\"position\":1,\"name\":\"In\u00edcio\",\"item\":\"https:\/\/psol50.org.br\/\"},{\"@type\":\"ListItem\",\"position\":2,\"name\":\"Dire\u00e7\u00e3o Nacional do PSOL pede a aten\u00e7\u00e3o da milit\u00e2ncia ao processo de vota\u00e7\u00e3o, dia 7\"}]},{\"@type\":\"WebSite\",\"@id\":\"https:\/\/psol50.org.br\/#website\",\"url\":\"https:\/\/psol50.org.br\/\",\"name\":\"PSOL 50\",\"description\":\"Site oficial do Partido Socialismo e Liberdade\",\"publisher\":{\"@id\":\"https:\/\/psol50.org.br\/#organization\"},\"alternateName\":\"PSOL50\",\"potentialAction\":[{\"@type\":\"SearchAction\",\"target\":{\"@type\":\"EntryPoint\",\"urlTemplate\":\"https:\/\/psol50.org.br\/?s={search_term_string}\"},\"query-input\":{\"@type\":\"PropertyValueSpecification\",\"valueRequired\":true,\"valueName\":\"search_term_string\"}}],\"inLanguage\":\"pt-BR\"},{\"@type\":\"Organization\",\"@id\":\"https:\/\/psol50.org.br\/#organization\",\"name\":\"PSOL 50\",\"alternateName\":\"PSOL 50\",\"url\":\"https:\/\/psol50.org.br\/\",\"logo\":{\"@type\":\"ImageObject\",\"inLanguage\":\"pt-BR\",\"@id\":\"https:\/\/psol50.org.br\/#\/schema\/logo\/image\/\",\"url\":\"https:\/\/psol50.org.br\/inc\/uploads\/2018\/07\/capa.png\",\"contentUrl\":\"https:\/\/psol50.org.br\/inc\/uploads\/2018\/07\/capa.png\",\"width\":1350,\"height\":900,\"caption\":\"PSOL 50\"},\"image\":{\"@id\":\"https:\/\/psol50.org.br\/#\/schema\/logo\/image\/\"},\"sameAs\":[\"https:\/\/www.facebook.com\/psol50\",\"https:\/\/x.com\/psol50\",\"https:\/\/www.instagram.com\/psol50\/\",\"https:\/\/www.youtube.com\/channel\/UC7SnJS5o1os7a6CaiNabzcg\"]},{\"@type\":\"Person\",\"@id\":\"https:\/\/psol50.org.br\/#\/schema\/person\/475dfa57d0b815993c714c2e96491fcd\",\"name\":\"Comunica\u00e7\u00e3o PSOL\",\"image\":{\"@type\":\"ImageObject\",\"inLanguage\":\"pt-BR\",\"@id\":\"https:\/\/psol50.org.br\/#\/schema\/person\/image\/\",\"url\":\"https:\/\/secure.gravatar.com\/avatar\/b34fc4f4e468a4e51785917065a3db57b841f5c95dba6ad8c73aaf8f66f8f9bf?s=96&d=mm&r=g\",\"contentUrl\":\"https:\/\/secure.gravatar.com\/avatar\/b34fc4f4e468a4e51785917065a3db57b841f5c95dba6ad8c73aaf8f66f8f9bf?s=96&d=mm&r=g\",\"caption\":\"Comunica\u00e7\u00e3o PSOL\"}}]}<\/script>\n<!-- \/ Yoast SEO plugin. -->","yoast_head_json":{"title":"Dire\u00e7\u00e3o Nacional do PSOL pede a aten\u00e7\u00e3o da milit\u00e2ncia ao processo de vota\u00e7\u00e3o, dia 7 - PSOL 50","robots":{"index":"index","follow":"follow","max-snippet":"max-snippet:-1","max-image-preview":"max-image-preview:large","max-video-preview":"max-video-preview:-1"},"canonical":"https:\/\/psol50.org.br\/direcao-nacional-do-psol-pede-a-atencao-da-militancia-ao-processo-de-votacao-dia-7\/","og_locale":"pt_BR","og_type":"article","og_title":"Dire\u00e7\u00e3o Nacional do PSOL pede a aten\u00e7\u00e3o da milit\u00e2ncia ao processo de vota\u00e7\u00e3o, dia 7 - PSOL 50","og_description":"A poucos dias da elei\u00e7\u00e3o municipal, marcada para este domingo, 7 de outubro, a Dire\u00e7\u00e3o Nacional do PSOL convoca a milit\u00e2ncia do partido e a todos os companheiros e companheiras que estejam preparados e fiquem atentos ao processo eleitoral at\u00e9 o fim. Por isso, a Dire\u00e7\u00e3o Nacional est\u00e1 encaminhando um modelo de crach\u00e1 para auxiliar [&hellip;]","og_url":"https:\/\/psol50.org.br\/direcao-nacional-do-psol-pede-a-atencao-da-militancia-ao-processo-de-votacao-dia-7\/","og_site_name":"PSOL 50","article_publisher":"https:\/\/www.facebook.com\/psol50","article_published_time":"2012-10-04T00:00:00+00:00","og_image":[{"width":1350,"height":900,"url":"https:\/\/psol50.org.br\/inc\/uploads\/2018\/07\/capa.png","type":"image\/png"}],"author":"Comunica\u00e7\u00e3o PSOL","twitter_card":"summary_large_image","twitter_creator":"@psol50","twitter_site":"@psol50","twitter_misc":{"Escrito por":"Comunica\u00e7\u00e3o PSOL","Est. tempo de leitura":"1 minuto"},"schema":{"@context":"https:\/\/schema.org","@graph":[{"@type":"Article","@id":"https:\/\/psol50.org.br\/direcao-nacional-do-psol-pede-a-atencao-da-militancia-ao-processo-de-votacao-dia-7\/#article","isPartOf":{"@id":"https:\/\/psol50.org.br\/direcao-nacional-do-psol-pede-a-atencao-da-militancia-ao-processo-de-votacao-dia-7\/"},"author":{"name":"Comunica\u00e7\u00e3o PSOL","@id":"https:\/\/psol50.org.br\/#\/schema\/person\/475dfa57d0b815993c714c2e96491fcd"},"headline":"Dire\u00e7\u00e3o Nacional do PSOL pede a aten\u00e7\u00e3o da milit\u00e2ncia ao processo de vota\u00e7\u00e3o, dia 7","datePublished":"2012-10-04T00:00:00+00:00","mainEntityOfPage":{"@id":"https:\/\/psol50.org.br\/direcao-nacional-do-psol-pede-a-atencao-da-militancia-ao-processo-de-votacao-dia-7\/"},"wordCount":284,"commentCount":0,"publisher":{"@id":"https:\/\/psol50.org.br\/#organization"},"keywords":["Elei\u00e7\u00f5es 2012","PSOL"],"articleSection":["Arquivo","ELEI\u00c7\u00d5ES 2012"],"inLanguage":"pt-BR","potentialAction":[{"@type":"CommentAction","name":"Comment","target":["https:\/\/psol50.org.br\/direcao-nacional-do-psol-pede-a-atencao-da-militancia-ao-processo-de-votacao-dia-7\/#respond"]}]},{"@type":"WebPage","@id":"https:\/\/psol50.org.br\/direcao-nacional-do-psol-pede-a-atencao-da-militancia-ao-processo-de-votacao-dia-7\/","url":"https:\/\/psol50.org.br\/direcao-nacional-do-psol-pede-a-atencao-da-militancia-ao-processo-de-votacao-dia-7\/","name":"Dire\u00e7\u00e3o Nacional do PSOL pede a aten\u00e7\u00e3o da milit\u00e2ncia ao processo de vota\u00e7\u00e3o, dia 7 - PSOL 50","isPartOf":{"@id":"https:\/\/psol50.org.br\/#website"},"datePublished":"2012-10-04T00:00:00+00:00","breadcrumb":{"@id":"https:\/\/psol50.org.br\/direcao-nacional-do-psol-pede-a-atencao-da-militancia-ao-processo-de-votacao-dia-7\/#breadcrumb"},"inLanguage":"pt-BR","potentialAction":[{"@type":"ReadAction","target":["https:\/\/psol50.org.br\/direcao-nacional-do-psol-pede-a-atencao-da-militancia-ao-processo-de-votacao-dia-7\/"]}]},{"@type":"BreadcrumbList","@id":"https:\/\/psol50.org.br\/direcao-nacional-do-psol-pede-a-atencao-da-militancia-ao-processo-de-votacao-dia-7\/#breadcrumb","itemListElement":[{"@type":"ListItem","position":1,"name":"In\u00edcio","item":"https:\/\/psol50.org.br\/"},{"@type":"ListItem","position":2,"name":"Dire\u00e7\u00e3o Nacional do PSOL pede a aten\u00e7\u00e3o da milit\u00e2ncia ao processo de vota\u00e7\u00e3o, dia 7"}]},{"@type":"WebSite","@id":"https:\/\/psol50.org.br\/#website","url":"https:\/\/psol50.org.br\/","name":"PSOL 50","description":"Site oficial do Partido Socialismo e Liberdade","publisher":{"@id":"https:\/\/psol50.org.br\/#organization"},"alternateName":"PSOL50","potentialAction":[{"@type":"SearchAction","target":{"@type":"EntryPoint","urlTemplate":"https:\/\/psol50.org.br\/?s={search_term_string}"},"query-input":{"@type":"PropertyValueSpecification","valueRequired":true,"valueName":"search_term_string"}}],"inLanguage":"pt-BR"},{"@type":"Organization","@id":"https:\/\/psol50.org.br\/#organization","name":"PSOL 50","alternateName":"PSOL 50","url":"https:\/\/psol50.org.br\/","logo":{"@type":"ImageObject","inLanguage":"pt-BR","@id":"https:\/\/psol50.org.br\/#\/schema\/logo\/image\/","url":"https:\/\/psol50.org.br\/inc\/uploads\/2018\/07\/capa.png","contentUrl":"https:\/\/psol50.org.br\/inc\/uploads\/2018\/07\/capa.png","width":1350,"height":900,"caption":"PSOL 50"},"image":{"@id":"https:\/\/psol50.org.br\/#\/schema\/logo\/image\/"},"sameAs":["https:\/\/www.facebook.com\/psol50","https:\/\/x.com\/psol50","https:\/\/www.instagram.com\/psol50\/","https:\/\/www.youtube.com\/channel\/UC7SnJS5o1os7a6CaiNabzcg"]},{"@type":"Person","@id":"https:\/\/psol50.org.br\/#\/schema\/person\/475dfa57d0b815993c714c2e96491fcd","name":"Comunica\u00e7\u00e3o PSOL","image":{"@type":"ImageObject","inLanguage":"pt-BR","@id":"https:\/\/psol50.org.br\/#\/schema\/person\/image\/","url":"https:\/\/secure.gravatar.com\/avatar\/b34fc4f4e468a4e51785917065a3db57b841f5c95dba6ad8c73aaf8f66f8f9bf?s=96&d=mm&r=g","contentUrl":"https:\/\/secure.gravatar.com\/avatar\/b34fc4f4e468a4e51785917065a3db57b841f5c95dba6ad8c73aaf8f66f8f9bf?s=96&d=mm&r=g","caption":"Comunica\u00e7\u00e3o PSOL"}}]}},"_links":{"self":[{"href":"https:\/\/psol50.org.br\/rest\/wp\/v2\/posts\/277","targetHints":{"allow":["GET"]}}],"collection":[{"href":"https:\/\/psol50.org.br\/rest\/wp\/v2\/posts"}],"about":[{"href":"https:\/\/psol50.org.br\/rest\/wp\/v2\/types\/post"}],"author":[{"embeddable":true,"href":"https:\/\/psol50.org.br\/rest\/wp\/v2\/users\/2"}],"replies":[{"embeddable":true,"href":"https:\/\/psol50.org.br\/rest\/wp\/v2\/comments?post=277"}],"version-history":[{"count":0,"href":"https:\/\/psol50.org.br\/rest\/wp\/v2\/posts\/277\/revisions"}],"wp:attachment":[{"href":"https:\/\/psol50.org.br\/rest\/wp\/v2\/media?parent=277"}],"wp:term":[{"taxonomy":"category","embeddable":true,"href":"https:\/\/psol50.org.br\/rest\/wp\/v2\/categories?post=277"},{"taxonomy":"post_tag","embeddable":true,"href":"https:\/\/psol50.org.br\/rest\/wp\/v2\/tags?post=277"}],"curies":[{"name":"wp","href":"https:\/\/api.w.org\/{rel}","templated":true}]}}