{"id":27713,"date":"2020-03-08T19:30:56","date_gmt":"2020-03-08T22:30:56","guid":{"rendered":"https:\/\/psol50.org.br\/?p=27713"},"modified":"2020-03-08T19:30:56","modified_gmt":"2020-03-08T22:30:56","slug":"veja-como-foram-as-manifestacoes-das-mulheres-no-8m-pelo-brasil-e-no-mundo","status":"publish","type":"post","link":"https:\/\/psol50.org.br\/veja-como-foram-as-manifestacoes-das-mulheres-no-8m-pelo-brasil-e-no-mundo\/","title":{"rendered":"Veja como foram as manifesta\u00e7\u00f5es das mulheres no #8M pelo Brasil e no mundo"},"content":{"rendered":"<p>Manifesta\u00e7\u00f5es pelos quatro cantos do Brasil e em v\u00e1rias partes do mundo marcaram o Dia Internacional de Luta das Mulheres neste domingo (8). Logo pela manh\u00e3, cidades como Bras\u00edlia (DF), Belo Horizonte (MG) e Bel\u00e9m (PA) tiveram atos contra o governo Bolsonaro e em defesa da vida das mulheres e de seus direitos. De tarde, mesmo debaixo de chuva, as mulheres de S\u00e3o Paulo ocuparam as ruas do centro da cidade. Algumas grandes cidades, como o Rio de Janeiro, far\u00e3o suas manifesta\u00e7\u00f5es nesta segunda-feira (9).<\/p>\n<p>As parlamentares do PSOL estiveram presentes nas manifesta\u00e7\u00f5es por todo o pa\u00eds, como a deputada federal S\u00e2mia Bomfim, as deputadas estaduais de S\u00e3o Paulo Isa Penna e M\u00f4nica Seixas, as parlamentares de Minas Gerais Andreia de Jesus, Cida Falabella e Bella Gon\u00e7alves, a deputada estadual do Par\u00e1 Marinor Brito, entre tantas outras.<\/p>\n<p>Ao mesmo tempo, outros pa\u00edses da Am\u00e9rica Latina marcaram este #8M com manifesta\u00e7\u00f5es hist\u00f3ricas, como a de Santiago, no Chile, que teve mais de um milh\u00e3o de participantes. Em pa\u00edses da Europa, como Portugal, as manifesta\u00e7\u00f5es de hoje tamb\u00e9m exigiram respostas sobre o assassinato da vereadora do PSOL Marielle Franco, morta em mar\u00e7o de 2018 em um crime pol\u00edtico ainda sem solu\u00e7\u00e3o.<\/p>\n<h6>Veja alguns dos principais momentos do dia que marcaram as redes sociais:<\/h6>\n<blockquote class=\"twitter-tweet\" data-width=\"550\" data-dnt=\"true\">\n<p lang=\"pt\" dir=\"ltr\">S\u00e3o Paulo, Belo Horizonte e Bel\u00e9m fazem manifesta\u00e7\u00f5es muito potentes neste <a href=\"https:\/\/twitter.com\/hashtag\/8M2020?src=hash&amp;ref_src=twsrc%5Etfw\">#8M2020<\/a>. As mulheres v\u00e3o derrotar Bolsonaro! \u270a <a href=\"https:\/\/twitter.com\/hashtag\/DiaDasMulheres?src=hash&amp;ref_src=twsrc%5Etfw\">#DiaDasMulheres<\/a><\/p>\n<p>\ud83d\udcf8 Elineudo Meira, Caio Couto e Catarina Barbosa. <a href=\"https:\/\/t.co\/blJEIgLaXx\">pic.twitter.com\/blJEIgLaXx<\/a><\/p>\n<p>&mdash; PSOL 50 (@psol50) <a href=\"https:\/\/twitter.com\/psol50\/status\/1236749893764595712?ref_src=twsrc%5Etfw\">March 8, 2020<\/a><\/p><\/blockquote>\n<p><script async src=\"https:\/\/platform.twitter.com\/widgets.js\" charset=\"utf-8\"><\/script><\/p>\n<blockquote class=\"twitter-tweet\" data-width=\"550\" data-dnt=\"true\">\n<p lang=\"pt\" dir=\"ltr\">As parlamentares do PSOL est\u00e3o nas ruas ao lado das mulheres de todo o Brasil neste <a href=\"https:\/\/twitter.com\/hashtag\/8M2020?src=hash&amp;ref_src=twsrc%5Etfw\">#8M2020<\/a>! <\/p>\n<p>@IsaPennaPsol, <a href=\"https:\/\/twitter.com\/samiabomfim?ref_src=twsrc%5Etfw\">@samiabomfim<\/a>, <a href=\"https:\/\/twitter.com\/andreiadejesuus?ref_src=twsrc%5Etfw\">@andreiadejesuus<\/a>, <a href=\"https:\/\/twitter.com\/FalabellaCida?ref_src=twsrc%5Etfw\">@FalabellaCida<\/a>, <a href=\"https:\/\/twitter.com\/bellagoncalvs?ref_src=twsrc%5Etfw\">@bellagoncalvs<\/a>, @marinorbrito e tantas outras nos orgulham ao construir o PSOL nas ruas! <a href=\"https:\/\/twitter.com\/hashtag\/DiaDasMulheres?src=hash&amp;ref_src=twsrc%5Etfw\">#DiaDasMulheres<\/a> <a href=\"https:\/\/t.co\/QIKzNGcbmW\">pic.twitter.com\/QIKzNGcbmW<\/a><\/p>\n<p>&mdash; PSOL 50 (@psol50) <a href=\"https:\/\/twitter.com\/psol50\/status\/1236773689552785408?ref_src=twsrc%5Etfw\">March 8, 2020<\/a><\/p><\/blockquote>\n<p><script async src=\"https:\/\/platform.twitter.com\/widgets.js\" charset=\"utf-8\"><\/script><\/p>\n<blockquote class=\"twitter-tweet\" data-width=\"550\" data-dnt=\"true\">\n<p lang=\"pt\" dir=\"ltr\">\ud83c\udde8\ud83c\uddf1 CHILE GIGANTE | Manifesta\u00e7\u00e3o do <a href=\"https:\/\/twitter.com\/hashtag\/8M2020?src=hash&amp;ref_src=twsrc%5Etfw\">#8M2020<\/a> em Santiago, no Chile, re\u00fane mais de 1 MILH\u00c3O de mulheres nas ruas. A for\u00e7a das mulheres vai mudar o mundo! \u270a <a href=\"https:\/\/twitter.com\/hashtag\/DiaDasMulheres?src=hash&amp;ref_src=twsrc%5Etfw\">#DiaDasMulheres<\/a> <a href=\"https:\/\/t.co\/Zqj3W3Bo1W\">pic.twitter.com\/Zqj3W3Bo1W<\/a><\/p>\n<p>&mdash; PSOL 50 (@psol50) <a href=\"https:\/\/twitter.com\/psol50\/status\/1236734214080512005?ref_src=twsrc%5Etfw\">March 8, 2020<\/a><\/p><\/blockquote>\n<p><script async src=\"https:\/\/platform.twitter.com\/widgets.js\" charset=\"utf-8\"><\/script><\/p>\n<blockquote class=\"twitter-tweet\" data-width=\"550\" data-dnt=\"true\">\n<p lang=\"pt\" dir=\"ltr\">As mulheres est\u00e3o nas ruas de S\u00e3o Paulo neste <a href=\"https:\/\/twitter.com\/hashtag\/8M2020?src=hash&amp;ref_src=twsrc%5Etfw\">#8M2020<\/a> contra Bolsonaro e relembrando que no pr\u00f3ximo s\u00e1bado (14) completa dois anos do brutal assassinato de Marielle Franco. <a href=\"https:\/\/twitter.com\/hashtag\/DiaDasMulheres?src=hash&amp;ref_src=twsrc%5Etfw\">#DiaDasMulheres<\/a> <a href=\"https:\/\/twitter.com\/hashtag\/MariellePresente?src=hash&amp;ref_src=twsrc%5Etfw\">#MariellePresente<\/a><\/p>\n<p>V\u00eddeo: Elineudo Meira <a href=\"https:\/\/t.co\/0MnBgOIw8I\">pic.twitter.com\/0MnBgOIw8I<\/a><\/p>\n<p>&mdash; PSOL 50 (@psol50) <a href=\"https:\/\/twitter.com\/psol50\/status\/1236726081333460993?ref_src=twsrc%5Etfw\">March 8, 2020<\/a><\/p><\/blockquote>\n<p><script async src=\"https:\/\/platform.twitter.com\/widgets.js\" charset=\"utf-8\"><\/script><\/p>\n<blockquote class=\"twitter-tweet\" data-width=\"550\" data-dnt=\"true\">\n<p lang=\"pt\" dir=\"ltr\">&quot;Fazemos essa luta juntas e lembrando sempre de uma grande mulher que nos deu exemplos c\u00e1 e l\u00e1, Marielle Franco &quot;<br \/>Joana Mort\u00e1gua, deputada do Bloco de Esquerda na Assembleia da Rep\u00fablica de Portugal presta depoimento exclusivo durante a Marcha da Rede 8M.<\/p>\n<p>Por Clara Domingos \/ JL <a href=\"https:\/\/t.co\/lM8uqZYhLd\">pic.twitter.com\/lM8uqZYhLd<\/a><\/p>\n<p>&mdash; Jornalistas Livres (@J_LIVRES) <a href=\"https:\/\/twitter.com\/J_LIVRES\/status\/1236770574405455872?ref_src=twsrc%5Etfw\">March 8, 2020<\/a><\/p><\/blockquote>\n<p><script async src=\"https:\/\/platform.twitter.com\/widgets.js\" charset=\"utf-8\"><\/script><\/p>\n<blockquote class=\"twitter-tweet\" data-width=\"550\" data-dnt=\"true\">\n<p lang=\"pt\" dir=\"ltr\">Lideran\u00e7as ind\u00edgenas, como S\u00f4nia Guajajara, marcaram presen\u00e7a no 8M de Bras\u00edlia. <a href=\"https:\/\/twitter.com\/hashtag\/8m?src=hash&amp;ref_src=twsrc%5Etfw\">#8m<\/a> <a href=\"https:\/\/twitter.com\/hashtag\/mulherescontrabolsonaro?src=hash&amp;ref_src=twsrc%5Etfw\">#mulherescontrabolsonaro<\/a><a href=\"https:\/\/twitter.com\/hashtag\/8m2020?src=hash&amp;ref_src=twsrc%5Etfw\">#8m2020<\/a>\u2640\ufe0f <a href=\"https:\/\/twitter.com\/hashtag\/8m2020?src=hash&amp;ref_src=twsrc%5Etfw\">#8m2020<\/a> <a href=\"https:\/\/twitter.com\/hashtag\/diadasmulheres?src=hash&amp;ref_src=twsrc%5Etfw\">#diadasmulheres<\/a><br \/>Ft:Leonardo Milano\/JL <a href=\"https:\/\/t.co\/LZmSxTKiCA\">pic.twitter.com\/LZmSxTKiCA<\/a><\/p>\n<p>&mdash; Jornalistas Livres (@J_LIVRES) <a href=\"https:\/\/twitter.com\/J_LIVRES\/status\/1236763519099551744?ref_src=twsrc%5Etfw\">March 8, 2020<\/a><\/p><\/blockquote>\n<p><script async src=\"https:\/\/platform.twitter.com\/widgets.js\" charset=\"utf-8\"><\/script><\/p>\n<blockquote class=\"twitter-tweet\" data-width=\"550\" data-dnt=\"true\">\n<p lang=\"pt\" dir=\"ltr\">Dia Internacional da Mulher \u00e9 dia de Luta! Em Bel\u00e9m, as mulheres sa\u00edram \u00e0s ruas em defesa do direito a vida, contra o machismo e as pol\u00edticas do governo Bolsonaro que retiram direitos das mulheres. Todo apoio a luta!  <a href=\"https:\/\/twitter.com\/hashtag\/8M?src=hash&amp;ref_src=twsrc%5Etfw\">#8M<\/a><br \/>Fotos: <a href=\"https:\/\/twitter.com\/fecarolina?ref_src=twsrc%5Etfw\">@fecarolina<\/a> <a href=\"https:\/\/t.co\/gEGJ57Z4aa\">pic.twitter.com\/gEGJ57Z4aa<\/a><\/p>\n<p>&mdash; Edmilson Rodrigues (@EdmilsonPSOL) <a href=\"https:\/\/twitter.com\/EdmilsonPSOL\/status\/1236734470046257158?ref_src=twsrc%5Etfw\">March 8, 2020<\/a><\/p><\/blockquote>\n<p><script async src=\"https:\/\/platform.twitter.com\/widgets.js\" charset=\"utf-8\"><\/script><\/p>\n","protected":false},"excerpt":{"rendered":"<p>Manifesta\u00e7\u00f5es pelos quatro cantos do Brasil e em v\u00e1rias partes do mundo marcaram o Dia Internacional de Luta das Mulheres neste domingo (8). Logo pela manh\u00e3, cidades como Bras\u00edlia (DF), Belo Horizonte (MG) e Bel\u00e9m (PA) tiveram atos contra o governo Bolsonaro e em defesa da vida das mulheres e de seus direitos. De tarde, [&hellip;]<\/p>\n","protected":false},"author":2,"featured_media":27722,"comment_status":"closed","ping_status":"open","sticky":false,"template":"","format":"standard","meta":{"_acf_changed":false,"footnotes":""},"categories":[49,6],"tags":[308,314,4],"class_list":{"0":"post-27713","1":"post","2":"type-post","3":"status-publish","4":"format-standard","5":"has-post-thumbnail","7":"category-mulheres","8":"category-noticias","9":"tag-8m","10":"tag-manifestacoes","11":"tag-mulheres"},"acf":[],"yoast_head":"<!-- This site is optimized with the Yoast SEO plugin v26.5 - https:\/\/yoast.com\/wordpress\/plugins\/seo\/ -->\n<title>Veja como foram as manifesta\u00e7\u00f5es das mulheres no #8M pelo Brasil e no mundo - PSOL 50<\/title>\n<meta name=\"description\" content=\"Cidades como S\u00e3o Paulo, Belo Horizonte, Bras\u00edlia e Bel\u00e9m tiveram manifesta\u00e7\u00f5es neste domingo. Em Santiago, no Chile, mais de um milh\u00e3o de mulheres foi \u00e0s ruas.\" \/>\n<meta name=\"robots\" content=\"index, follow, max-snippet:-1, max-image-preview:large, max-video-preview:-1\" \/>\n<link rel=\"canonical\" href=\"https:\/\/psol50.org.br\/veja-como-foram-as-manifestacoes-das-mulheres-no-8m-pelo-brasil-e-no-mundo\/\" \/>\n<meta property=\"og:locale\" content=\"pt_BR\" \/>\n<meta property=\"og:type\" content=\"article\" \/>\n<meta property=\"og:title\" content=\"Veja como foram as manifesta\u00e7\u00f5es das mulheres no #8M pelo Brasil e no mundo\" \/>\n<meta property=\"og:description\" content=\"Cidades como S\u00e3o Paulo, Belo Horizonte, Bras\u00edlia e Bel\u00e9m tiveram manifesta\u00e7\u00f5es neste domingo. Em Santiago, no Chile, mais de um milh\u00e3o de mulheres foi \u00e0s ruas.\" \/>\n<meta property=\"og:url\" content=\"https:\/\/psol50.org.br\/veja-como-foram-as-manifestacoes-das-mulheres-no-8m-pelo-brasil-e-no-mundo\/\" \/>\n<meta property=\"og:site_name\" content=\"PSOL 50\" \/>\n<meta property=\"article:publisher\" content=\"https:\/\/www.facebook.com\/psol50\" \/>\n<meta property=\"article:published_time\" content=\"2020-03-08T22:30:56+00:00\" \/>\n<meta property=\"og:image\" content=\"https:\/\/psol50.org.br\/inc\/uploads\/2020\/03\/ESnL730WkAALDT1.jpg\" \/>\n\t<meta property=\"og:image:width\" content=\"1280\" \/>\n\t<meta property=\"og:image:height\" content=\"854\" \/>\n\t<meta property=\"og:image:type\" content=\"image\/jpeg\" \/>\n<meta name=\"author\" content=\"Comunica\u00e7\u00e3o PSOL\" \/>\n<meta name=\"twitter:card\" content=\"summary_large_image\" \/>\n<meta name=\"twitter:title\" content=\"Veja como foram as manifesta\u00e7\u00f5es das mulheres no #8M pelo Brasil e no mundo\" \/>\n<meta name=\"twitter:description\" content=\"Cidades como S\u00e3o Paulo, Belo Horizonte, Bras\u00edlia e Bel\u00e9m tiveram manifesta\u00e7\u00f5es neste domingo. Em Santiago, no Chile, mais de um milh\u00e3o de mulheres foi \u00e0s ruas.\" \/>\n<meta name=\"twitter:image\" content=\"https:\/\/psol50.org.br\/inc\/uploads\/2020\/03\/ESnL730WkAALDT1.jpg\" \/>\n<meta name=\"twitter:creator\" content=\"@psol50\" \/>\n<meta name=\"twitter:site\" content=\"@psol50\" \/>\n<meta name=\"twitter:label1\" content=\"Escrito por\" \/>\n\t<meta name=\"twitter:data1\" content=\"Comunica\u00e7\u00e3o PSOL\" \/>\n\t<meta name=\"twitter:label2\" content=\"Est. tempo de leitura\" \/>\n\t<meta name=\"twitter:data2\" content=\"1 minuto\" \/>\n<script type=\"application\/ld+json\" class=\"yoast-schema-graph\">{\"@context\":\"https:\/\/schema.org\",\"@graph\":[{\"@type\":\"Article\",\"@id\":\"https:\/\/psol50.org.br\/veja-como-foram-as-manifestacoes-das-mulheres-no-8m-pelo-brasil-e-no-mundo\/#article\",\"isPartOf\":{\"@id\":\"https:\/\/psol50.org.br\/veja-como-foram-as-manifestacoes-das-mulheres-no-8m-pelo-brasil-e-no-mundo\/\"},\"author\":{\"name\":\"Comunica\u00e7\u00e3o PSOL\",\"@id\":\"https:\/\/psol50.org.br\/#\/schema\/person\/475dfa57d0b815993c714c2e96491fcd\"},\"headline\":\"Veja como foram as manifesta\u00e7\u00f5es das mulheres no #8M pelo Brasil e no mundo\",\"datePublished\":\"2020-03-08T22:30:56+00:00\",\"mainEntityOfPage\":{\"@id\":\"https:\/\/psol50.org.br\/veja-como-foram-as-manifestacoes-das-mulheres-no-8m-pelo-brasil-e-no-mundo\/\"},\"wordCount\":284,\"publisher\":{\"@id\":\"https:\/\/psol50.org.br\/#organization\"},\"image\":{\"@id\":\"https:\/\/psol50.org.br\/veja-como-foram-as-manifestacoes-das-mulheres-no-8m-pelo-brasil-e-no-mundo\/#primaryimage\"},\"thumbnailUrl\":\"https:\/\/psol50.org.br\/inc\/uploads\/2020\/03\/ESnL730WkAALDT1.jpg\",\"keywords\":[\"8M\",\"manifesta\u00e7\u00f5es\",\"mulheres\"],\"articleSection\":[\"Mulheres\",\"Not\u00edcias\"],\"inLanguage\":\"pt-BR\"},{\"@type\":\"WebPage\",\"@id\":\"https:\/\/psol50.org.br\/veja-como-foram-as-manifestacoes-das-mulheres-no-8m-pelo-brasil-e-no-mundo\/\",\"url\":\"https:\/\/psol50.org.br\/veja-como-foram-as-manifestacoes-das-mulheres-no-8m-pelo-brasil-e-no-mundo\/\",\"name\":\"Veja como foram as manifesta\u00e7\u00f5es das mulheres no #8M pelo Brasil e no mundo - PSOL 50\",\"isPartOf\":{\"@id\":\"https:\/\/psol50.org.br\/#website\"},\"primaryImageOfPage\":{\"@id\":\"https:\/\/psol50.org.br\/veja-como-foram-as-manifestacoes-das-mulheres-no-8m-pelo-brasil-e-no-mundo\/#primaryimage\"},\"image\":{\"@id\":\"https:\/\/psol50.org.br\/veja-como-foram-as-manifestacoes-das-mulheres-no-8m-pelo-brasil-e-no-mundo\/#primaryimage\"},\"thumbnailUrl\":\"https:\/\/psol50.org.br\/inc\/uploads\/2020\/03\/ESnL730WkAALDT1.jpg\",\"datePublished\":\"2020-03-08T22:30:56+00:00\",\"description\":\"Cidades como S\u00e3o Paulo, Belo Horizonte, Bras\u00edlia e Bel\u00e9m tiveram manifesta\u00e7\u00f5es neste domingo. Em Santiago, no Chile, mais de um milh\u00e3o de mulheres foi \u00e0s ruas.\",\"breadcrumb\":{\"@id\":\"https:\/\/psol50.org.br\/veja-como-foram-as-manifestacoes-das-mulheres-no-8m-pelo-brasil-e-no-mundo\/#breadcrumb\"},\"inLanguage\":\"pt-BR\",\"potentialAction\":[{\"@type\":\"ReadAction\",\"target\":[\"https:\/\/psol50.org.br\/veja-como-foram-as-manifestacoes-das-mulheres-no-8m-pelo-brasil-e-no-mundo\/\"]}]},{\"@type\":\"ImageObject\",\"inLanguage\":\"pt-BR\",\"@id\":\"https:\/\/psol50.org.br\/veja-como-foram-as-manifestacoes-das-mulheres-no-8m-pelo-brasil-e-no-mundo\/#primaryimage\",\"url\":\"https:\/\/psol50.org.br\/inc\/uploads\/2020\/03\/ESnL730WkAALDT1.jpg\",\"contentUrl\":\"https:\/\/psol50.org.br\/inc\/uploads\/2020\/03\/ESnL730WkAALDT1.jpg\",\"width\":1280,\"height\":854,\"caption\":\"Lorena Fadul \/ M\u00eddia Ninja\"},{\"@type\":\"BreadcrumbList\",\"@id\":\"https:\/\/psol50.org.br\/veja-como-foram-as-manifestacoes-das-mulheres-no-8m-pelo-brasil-e-no-mundo\/#breadcrumb\",\"itemListElement\":[{\"@type\":\"ListItem\",\"position\":1,\"name\":\"In\u00edcio\",\"item\":\"https:\/\/psol50.org.br\/\"},{\"@type\":\"ListItem\",\"position\":2,\"name\":\"Veja como foram as manifesta\u00e7\u00f5es das mulheres no #8M pelo Brasil e no mundo\"}]},{\"@type\":\"WebSite\",\"@id\":\"https:\/\/psol50.org.br\/#website\",\"url\":\"https:\/\/psol50.org.br\/\",\"name\":\"PSOL 50\",\"description\":\"Site oficial do Partido Socialismo e Liberdade\",\"publisher\":{\"@id\":\"https:\/\/psol50.org.br\/#organization\"},\"alternateName\":\"PSOL50\",\"potentialAction\":[{\"@type\":\"SearchAction\",\"target\":{\"@type\":\"EntryPoint\",\"urlTemplate\":\"https:\/\/psol50.org.br\/?s={search_term_string}\"},\"query-input\":{\"@type\":\"PropertyValueSpecification\",\"valueRequired\":true,\"valueName\":\"search_term_string\"}}],\"inLanguage\":\"pt-BR\"},{\"@type\":\"Organization\",\"@id\":\"https:\/\/psol50.org.br\/#organization\",\"name\":\"PSOL 50\",\"alternateName\":\"PSOL 50\",\"url\":\"https:\/\/psol50.org.br\/\",\"logo\":{\"@type\":\"ImageObject\",\"inLanguage\":\"pt-BR\",\"@id\":\"https:\/\/psol50.org.br\/#\/schema\/logo\/image\/\",\"url\":\"https:\/\/psol50.org.br\/inc\/uploads\/2018\/07\/capa.png\",\"contentUrl\":\"https:\/\/psol50.org.br\/inc\/uploads\/2018\/07\/capa.png\",\"width\":1350,\"height\":900,\"caption\":\"PSOL 50\"},\"image\":{\"@id\":\"https:\/\/psol50.org.br\/#\/schema\/logo\/image\/\"},\"sameAs\":[\"https:\/\/www.facebook.com\/psol50\",\"https:\/\/x.com\/psol50\",\"https:\/\/www.instagram.com\/psol50\/\",\"https:\/\/www.youtube.com\/channel\/UC7SnJS5o1os7a6CaiNabzcg\"]},{\"@type\":\"Person\",\"@id\":\"https:\/\/psol50.org.br\/#\/schema\/person\/475dfa57d0b815993c714c2e96491fcd\",\"name\":\"Comunica\u00e7\u00e3o PSOL\",\"image\":{\"@type\":\"ImageObject\",\"inLanguage\":\"pt-BR\",\"@id\":\"https:\/\/psol50.org.br\/#\/schema\/person\/image\/\",\"url\":\"https:\/\/secure.gravatar.com\/avatar\/b34fc4f4e468a4e51785917065a3db57b841f5c95dba6ad8c73aaf8f66f8f9bf?s=96&d=mm&r=g\",\"contentUrl\":\"https:\/\/secure.gravatar.com\/avatar\/b34fc4f4e468a4e51785917065a3db57b841f5c95dba6ad8c73aaf8f66f8f9bf?s=96&d=mm&r=g\",\"caption\":\"Comunica\u00e7\u00e3o PSOL\"}}]}<\/script>\n<!-- \/ Yoast SEO plugin. -->","yoast_head_json":{"title":"Veja como foram as manifesta\u00e7\u00f5es das mulheres no #8M pelo Brasil e no mundo - PSOL 50","description":"Cidades como S\u00e3o Paulo, Belo Horizonte, Bras\u00edlia e Bel\u00e9m tiveram manifesta\u00e7\u00f5es neste domingo. Em Santiago, no Chile, mais de um milh\u00e3o de mulheres foi \u00e0s ruas.","robots":{"index":"index","follow":"follow","max-snippet":"max-snippet:-1","max-image-preview":"max-image-preview:large","max-video-preview":"max-video-preview:-1"},"canonical":"https:\/\/psol50.org.br\/veja-como-foram-as-manifestacoes-das-mulheres-no-8m-pelo-brasil-e-no-mundo\/","og_locale":"pt_BR","og_type":"article","og_title":"Veja como foram as manifesta\u00e7\u00f5es das mulheres no #8M pelo Brasil e no mundo","og_description":"Cidades como S\u00e3o Paulo, Belo Horizonte, Bras\u00edlia e Bel\u00e9m tiveram manifesta\u00e7\u00f5es neste domingo. Em Santiago, no Chile, mais de um milh\u00e3o de mulheres foi \u00e0s ruas.","og_url":"https:\/\/psol50.org.br\/veja-como-foram-as-manifestacoes-das-mulheres-no-8m-pelo-brasil-e-no-mundo\/","og_site_name":"PSOL 50","article_publisher":"https:\/\/www.facebook.com\/psol50","article_published_time":"2020-03-08T22:30:56+00:00","og_image":[{"width":1280,"height":854,"url":"https:\/\/psol50.org.br\/inc\/uploads\/2020\/03\/ESnL730WkAALDT1.jpg","type":"image\/jpeg"}],"author":"Comunica\u00e7\u00e3o PSOL","twitter_card":"summary_large_image","twitter_title":"Veja como foram as manifesta\u00e7\u00f5es das mulheres no #8M pelo Brasil e no mundo","twitter_description":"Cidades como S\u00e3o Paulo, Belo Horizonte, Bras\u00edlia e Bel\u00e9m tiveram manifesta\u00e7\u00f5es neste domingo. Em Santiago, no Chile, mais de um milh\u00e3o de mulheres foi \u00e0s ruas.","twitter_image":"https:\/\/psol50.org.br\/inc\/uploads\/2020\/03\/ESnL730WkAALDT1.jpg","twitter_creator":"@psol50","twitter_site":"@psol50","twitter_misc":{"Escrito por":"Comunica\u00e7\u00e3o PSOL","Est. tempo de leitura":"1 minuto"},"schema":{"@context":"https:\/\/schema.org","@graph":[{"@type":"Article","@id":"https:\/\/psol50.org.br\/veja-como-foram-as-manifestacoes-das-mulheres-no-8m-pelo-brasil-e-no-mundo\/#article","isPartOf":{"@id":"https:\/\/psol50.org.br\/veja-como-foram-as-manifestacoes-das-mulheres-no-8m-pelo-brasil-e-no-mundo\/"},"author":{"name":"Comunica\u00e7\u00e3o PSOL","@id":"https:\/\/psol50.org.br\/#\/schema\/person\/475dfa57d0b815993c714c2e96491fcd"},"headline":"Veja como foram as manifesta\u00e7\u00f5es das mulheres no #8M pelo Brasil e no mundo","datePublished":"2020-03-08T22:30:56+00:00","mainEntityOfPage":{"@id":"https:\/\/psol50.org.br\/veja-como-foram-as-manifestacoes-das-mulheres-no-8m-pelo-brasil-e-no-mundo\/"},"wordCount":284,"publisher":{"@id":"https:\/\/psol50.org.br\/#organization"},"image":{"@id":"https:\/\/psol50.org.br\/veja-como-foram-as-manifestacoes-das-mulheres-no-8m-pelo-brasil-e-no-mundo\/#primaryimage"},"thumbnailUrl":"https:\/\/psol50.org.br\/inc\/uploads\/2020\/03\/ESnL730WkAALDT1.jpg","keywords":["8M","manifesta\u00e7\u00f5es","mulheres"],"articleSection":["Mulheres","Not\u00edcias"],"inLanguage":"pt-BR"},{"@type":"WebPage","@id":"https:\/\/psol50.org.br\/veja-como-foram-as-manifestacoes-das-mulheres-no-8m-pelo-brasil-e-no-mundo\/","url":"https:\/\/psol50.org.br\/veja-como-foram-as-manifestacoes-das-mulheres-no-8m-pelo-brasil-e-no-mundo\/","name":"Veja como foram as manifesta\u00e7\u00f5es das mulheres no #8M pelo Brasil e no mundo - PSOL 50","isPartOf":{"@id":"https:\/\/psol50.org.br\/#website"},"primaryImageOfPage":{"@id":"https:\/\/psol50.org.br\/veja-como-foram-as-manifestacoes-das-mulheres-no-8m-pelo-brasil-e-no-mundo\/#primaryimage"},"image":{"@id":"https:\/\/psol50.org.br\/veja-como-foram-as-manifestacoes-das-mulheres-no-8m-pelo-brasil-e-no-mundo\/#primaryimage"},"thumbnailUrl":"https:\/\/psol50.org.br\/inc\/uploads\/2020\/03\/ESnL730WkAALDT1.jpg","datePublished":"2020-03-08T22:30:56+00:00","description":"Cidades como S\u00e3o Paulo, Belo Horizonte, Bras\u00edlia e Bel\u00e9m tiveram manifesta\u00e7\u00f5es neste domingo. Em Santiago, no Chile, mais de um milh\u00e3o de mulheres foi \u00e0s ruas.","breadcrumb":{"@id":"https:\/\/psol50.org.br\/veja-como-foram-as-manifestacoes-das-mulheres-no-8m-pelo-brasil-e-no-mundo\/#breadcrumb"},"inLanguage":"pt-BR","potentialAction":[{"@type":"ReadAction","target":["https:\/\/psol50.org.br\/veja-como-foram-as-manifestacoes-das-mulheres-no-8m-pelo-brasil-e-no-mundo\/"]}]},{"@type":"ImageObject","inLanguage":"pt-BR","@id":"https:\/\/psol50.org.br\/veja-como-foram-as-manifestacoes-das-mulheres-no-8m-pelo-brasil-e-no-mundo\/#primaryimage","url":"https:\/\/psol50.org.br\/inc\/uploads\/2020\/03\/ESnL730WkAALDT1.jpg","contentUrl":"https:\/\/psol50.org.br\/inc\/uploads\/2020\/03\/ESnL730WkAALDT1.jpg","width":1280,"height":854,"caption":"Lorena Fadul \/ M\u00eddia Ninja"},{"@type":"BreadcrumbList","@id":"https:\/\/psol50.org.br\/veja-como-foram-as-manifestacoes-das-mulheres-no-8m-pelo-brasil-e-no-mundo\/#breadcrumb","itemListElement":[{"@type":"ListItem","position":1,"name":"In\u00edcio","item":"https:\/\/psol50.org.br\/"},{"@type":"ListItem","position":2,"name":"Veja como foram as manifesta\u00e7\u00f5es das mulheres no #8M pelo Brasil e no mundo"}]},{"@type":"WebSite","@id":"https:\/\/psol50.org.br\/#website","url":"https:\/\/psol50.org.br\/","name":"PSOL 50","description":"Site oficial do Partido Socialismo e Liberdade","publisher":{"@id":"https:\/\/psol50.org.br\/#organization"},"alternateName":"PSOL50","potentialAction":[{"@type":"SearchAction","target":{"@type":"EntryPoint","urlTemplate":"https:\/\/psol50.org.br\/?s={search_term_string}"},"query-input":{"@type":"PropertyValueSpecification","valueRequired":true,"valueName":"search_term_string"}}],"inLanguage":"pt-BR"},{"@type":"Organization","@id":"https:\/\/psol50.org.br\/#organization","name":"PSOL 50","alternateName":"PSOL 50","url":"https:\/\/psol50.org.br\/","logo":{"@type":"ImageObject","inLanguage":"pt-BR","@id":"https:\/\/psol50.org.br\/#\/schema\/logo\/image\/","url":"https:\/\/psol50.org.br\/inc\/uploads\/2018\/07\/capa.png","contentUrl":"https:\/\/psol50.org.br\/inc\/uploads\/2018\/07\/capa.png","width":1350,"height":900,"caption":"PSOL 50"},"image":{"@id":"https:\/\/psol50.org.br\/#\/schema\/logo\/image\/"},"sameAs":["https:\/\/www.facebook.com\/psol50","https:\/\/x.com\/psol50","https:\/\/www.instagram.com\/psol50\/","https:\/\/www.youtube.com\/channel\/UC7SnJS5o1os7a6CaiNabzcg"]},{"@type":"Person","@id":"https:\/\/psol50.org.br\/#\/schema\/person\/475dfa57d0b815993c714c2e96491fcd","name":"Comunica\u00e7\u00e3o PSOL","image":{"@type":"ImageObject","inLanguage":"pt-BR","@id":"https:\/\/psol50.org.br\/#\/schema\/person\/image\/","url":"https:\/\/secure.gravatar.com\/avatar\/b34fc4f4e468a4e51785917065a3db57b841f5c95dba6ad8c73aaf8f66f8f9bf?s=96&d=mm&r=g","contentUrl":"https:\/\/secure.gravatar.com\/avatar\/b34fc4f4e468a4e51785917065a3db57b841f5c95dba6ad8c73aaf8f66f8f9bf?s=96&d=mm&r=g","caption":"Comunica\u00e7\u00e3o PSOL"}}]}},"_links":{"self":[{"href":"https:\/\/psol50.org.br\/rest\/wp\/v2\/posts\/27713","targetHints":{"allow":["GET"]}}],"collection":[{"href":"https:\/\/psol50.org.br\/rest\/wp\/v2\/posts"}],"about":[{"href":"https:\/\/psol50.org.br\/rest\/wp\/v2\/types\/post"}],"author":[{"embeddable":true,"href":"https:\/\/psol50.org.br\/rest\/wp\/v2\/users\/2"}],"replies":[{"embeddable":true,"href":"https:\/\/psol50.org.br\/rest\/wp\/v2\/comments?post=27713"}],"version-history":[{"count":0,"href":"https:\/\/psol50.org.br\/rest\/wp\/v2\/posts\/27713\/revisions"}],"wp:featuredmedia":[{"embeddable":true,"href":"https:\/\/psol50.org.br\/rest\/wp\/v2\/media\/27722"}],"wp:attachment":[{"href":"https:\/\/psol50.org.br\/rest\/wp\/v2\/media?parent=27713"}],"wp:term":[{"taxonomy":"category","embeddable":true,"href":"https:\/\/psol50.org.br\/rest\/wp\/v2\/categories?post=27713"},{"taxonomy":"post_tag","embeddable":true,"href":"https:\/\/psol50.org.br\/rest\/wp\/v2\/tags?post=27713"}],"curies":[{"name":"wp","href":"https:\/\/api.w.org\/{rel}","templated":true}]}}