{"id":27724,"date":"2020-03-09T16:21:50","date_gmt":"2020-03-09T19:21:50","guid":{"rendered":"https:\/\/psol50.org.br\/?p=27724"},"modified":"2020-03-09T16:21:50","modified_gmt":"2020-03-09T19:21:50","slug":"psol-inicia-previas-democraticas-candidatura-prefeitura-sao-paulo","status":"publish","type":"post","link":"https:\/\/psol50.org.br\/psol-inicia-previas-democraticas-candidatura-prefeitura-sao-paulo\/","title":{"rendered":"PSOL inicia pr\u00e9vias democr\u00e1ticas para definir candidatura \u00e0 Prefeitura de S\u00e3o Paulo"},"content":{"rendered":"<p>A dire\u00e7\u00e3o do PSOL na cidade de S\u00e3o Paulo definiu que quem decidir\u00e1 a candidatura do partido para concorrer \u00e0 Prefeitura da maior metr\u00f3pole da Am\u00e9rica Latina ser\u00e1 a base do partido atrav\u00e9s de pr\u00e9vias durante as plen\u00e1rias municipais do VII Congresso Nacional do PSOL.<\/p>\n<p>As inscri\u00e7\u00f5es para participar do processo se encerram nesta semana e nomes de peso v\u00e3o participar do democr\u00e1tico processo interno do partido: a deputada federal S\u00e2mia Bomfim, o deputado estadual Carlos Giannazi e Guilherme Boulos, coordenador nacional do MTST e ex-candidato \u00e0 Presid\u00eancia do PSOL em 2018. Boulos anunciou tamb\u00e9m que sua pr\u00e9-candidata a vice-prefeita \u00e9 Luiza Erundina, deputada federal e ex-prefeita de S\u00e3o Paulo.<\/p>\n<p>A primeira plen\u00e1ria para a milit\u00e2ncia do partido est\u00e1 marcada para o pr\u00f3ximo domingo (15), \u00e0s 13h no Sinpro (Rua Borges Lagoa, 208 &#8211; pr\u00f3ximo ao metr\u00f4 Santa Cruz). Ao total ser\u00e3o cinco plen\u00e1rias na cidade, entre mar\u00e7o e abril, para que os militantes do PSOL possam participar e decidir quem ser\u00e1 o candidato ou candidata majorit\u00e1ria do partido nas elei\u00e7\u00f5es deste ano em S\u00e3o Paulo.<\/p>\n<h6>Conhe\u00e7a os candidatos nas pr\u00e9vias do PSOL\u00a0para concorrer \u00e0 Prefeitura de S\u00e3o Paulo em 2020:<\/h6>\n<p><strong>Carlos Giannazi<\/strong> &#8211; Professor e diretor de escolas p\u00fablicas da rede estadual de S\u00e3o Paulo, est\u00e1 atualmente em seu quarto mandato de deputado estadual na Alesp. Foi o terceiro mais votado do estado e o mais votado da oposi\u00e7\u00e3o ao governo tucano de Jo\u00e3o Doria nas elei\u00e7\u00f5es de 2018, com 218.705 votos. Tamb\u00e9m foi vereador da cidade de S\u00e3o Paulo entre 2000 e 2006 e j\u00e1 foi candidato \u00e0 prefeitura de S\u00e3o Paulo pelo PSOL em 2012.<\/p>\n<p><strong>S\u00e2mia Bomfim<\/strong> &#8211; Formada em Letras na USP e servidora da universidade, come\u00e7ou sua milit\u00e2ncia no movimento estudantil e foi uma das principais lideran\u00e7as do movimento conhecido como Primavera Feminista em 2015 e 2016. Eleita como a vereadora mais jovem da hist\u00f3ria de S\u00e3o Paulo em 2016 e tornou-se deputada federal dois anos depois com 249.887 votos, a 8\u00aa mais bem votada de S\u00e3o Paulo. \u00c9 a mais jovem da bancada do PSOL na C\u00e2mara dos Deputados.<\/p>\n<p><strong>Guilherme Boulos\/Luiza Erundina<\/strong> &#8211; Boulos \u00e9 professor e coordenador nacional do Movimento dos Trabalhadores Sem-Teto (MTST). Uma das prinicipais lideran\u00e7as de esquerda do pa\u00eds, foi candidato do PSOL \u00e0 Presid\u00eancia em 2018 e teve 617.122 votos. Em sua chapa, conta com a experi\u00eancia de Luiza Erundina, a mais experiente deputada federal do Brasil e ex-prefeita de S\u00e3o Paulo (1989-1992). Nordestina, foi a primeira mulher \u00e0 frente da maior cidade da Am\u00e9rica Latina.<\/p>\n","protected":false},"excerpt":{"rendered":"<p>A dire\u00e7\u00e3o do PSOL na cidade de S\u00e3o Paulo definiu que quem decidir\u00e1 a candidatura do partido para concorrer \u00e0 Prefeitura da maior metr\u00f3pole da Am\u00e9rica Latina ser\u00e1 a base do partido atrav\u00e9s de pr\u00e9vias durante as plen\u00e1rias municipais do VII Congresso Nacional do PSOL. As inscri\u00e7\u00f5es para participar do processo se encerram nesta semana [&hellip;]<\/p>\n","protected":false},"author":2,"featured_media":27730,"comment_status":"closed","ping_status":"open","sticky":false,"template":"","format":"standard","meta":{"_acf_changed":false,"footnotes":""},"categories":[6,14],"tags":[204,342,70,343,344,345,346,22,138],"class_list":{"0":"post-27724","1":"post","2":"type-post","3":"status-publish","4":"format-standard","5":"has-post-thumbnail","7":"category-noticias","8":"category-partido","9":"tag-204","10":"tag-boulos","11":"tag-congresso","12":"tag-eleicoes","13":"tag-giannazi","14":"tag-prefeitura","15":"tag-previas","16":"tag-psol","17":"tag-samia"},"acf":[],"yoast_head":"<!-- This site is optimized with the Yoast SEO plugin v26.5 - https:\/\/yoast.com\/wordpress\/plugins\/seo\/ -->\n<title>PSOL inicia pr\u00e9vias democr\u00e1ticas para definir candidatura \u00e0 Prefeitura de S\u00e3o Paulo<\/title>\n<meta name=\"description\" content=\"Nomes de peso v\u00e3o participar do processo, como Carlos Giannazi, S\u00e2mia Bomfim e Guilherme Boulos. Decis\u00e3o da candidatura ser\u00e1 tomada pelos militantes da base do partido em SP.\" \/>\n<meta name=\"robots\" content=\"index, follow, max-snippet:-1, max-image-preview:large, max-video-preview:-1\" \/>\n<link rel=\"canonical\" href=\"https:\/\/psol50.org.br\/psol-inicia-previas-democraticas-candidatura-prefeitura-sao-paulo\/\" \/>\n<meta property=\"og:locale\" content=\"pt_BR\" \/>\n<meta property=\"og:type\" content=\"article\" \/>\n<meta property=\"og:title\" content=\"PSOL inicia pr\u00e9vias democr\u00e1ticas para definir candidatura \u00e0 Prefeitura de S\u00e3o Paulo\" \/>\n<meta property=\"og:description\" content=\"Nomes de peso v\u00e3o participar do processo, como Carlos Giannazi, S\u00e2mia Bomfim e Guilherme Boulos. Decis\u00e3o da candidatura ser\u00e1 tomada pelos militantes da base do partido em SP.\" \/>\n<meta property=\"og:url\" content=\"https:\/\/psol50.org.br\/psol-inicia-previas-democraticas-candidatura-prefeitura-sao-paulo\/\" \/>\n<meta property=\"og:site_name\" content=\"PSOL 50\" \/>\n<meta property=\"article:publisher\" content=\"https:\/\/www.facebook.com\/psol50\" \/>\n<meta property=\"article:published_time\" content=\"2020-03-09T19:21:50+00:00\" \/>\n<meta property=\"og:image\" content=\"https:\/\/psol50.org.br\/inc\/uploads\/2020\/03\/unnamed-1.jpg\" \/>\n\t<meta property=\"og:image:width\" content=\"512\" \/>\n\t<meta property=\"og:image:height\" content=\"341\" \/>\n\t<meta property=\"og:image:type\" content=\"image\/jpeg\" \/>\n<meta name=\"author\" content=\"Comunica\u00e7\u00e3o PSOL\" \/>\n<meta name=\"twitter:card\" content=\"summary_large_image\" \/>\n<meta name=\"twitter:title\" content=\"PSOL inicia pr\u00e9vias democr\u00e1ticas para definir candidatura \u00e0 Prefeitura de S\u00e3o Paulo\" \/>\n<meta name=\"twitter:description\" content=\"Nomes de peso v\u00e3o participar do processo, como Carlos Giannazi, S\u00e2mia Bomfim e Guilherme Boulos. Decis\u00e3o da candidatura ser\u00e1 tomada pelos militantes da base do partido em SP.\" \/>\n<meta name=\"twitter:image\" content=\"https:\/\/psol50.org.br\/inc\/uploads\/2020\/03\/unnamed-1.jpg\" \/>\n<meta name=\"twitter:creator\" content=\"@psol50\" \/>\n<meta name=\"twitter:site\" content=\"@psol50\" \/>\n<meta name=\"twitter:label1\" content=\"Escrito por\" \/>\n\t<meta name=\"twitter:data1\" content=\"Comunica\u00e7\u00e3o PSOL\" \/>\n\t<meta name=\"twitter:label2\" content=\"Est. tempo de leitura\" \/>\n\t<meta name=\"twitter:data2\" content=\"2 minutos\" \/>\n<script type=\"application\/ld+json\" class=\"yoast-schema-graph\">{\"@context\":\"https:\/\/schema.org\",\"@graph\":[{\"@type\":\"Article\",\"@id\":\"https:\/\/psol50.org.br\/psol-inicia-previas-democraticas-candidatura-prefeitura-sao-paulo\/#article\",\"isPartOf\":{\"@id\":\"https:\/\/psol50.org.br\/psol-inicia-previas-democraticas-candidatura-prefeitura-sao-paulo\/\"},\"author\":{\"name\":\"Comunica\u00e7\u00e3o PSOL\",\"@id\":\"https:\/\/psol50.org.br\/#\/schema\/person\/475dfa57d0b815993c714c2e96491fcd\"},\"headline\":\"PSOL inicia pr\u00e9vias democr\u00e1ticas para definir candidatura \u00e0 Prefeitura de S\u00e3o Paulo\",\"datePublished\":\"2020-03-09T19:21:50+00:00\",\"mainEntityOfPage\":{\"@id\":\"https:\/\/psol50.org.br\/psol-inicia-previas-democraticas-candidatura-prefeitura-sao-paulo\/\"},\"wordCount\":458,\"publisher\":{\"@id\":\"https:\/\/psol50.org.br\/#organization\"},\"image\":{\"@id\":\"https:\/\/psol50.org.br\/psol-inicia-previas-democraticas-candidatura-prefeitura-sao-paulo\/#primaryimage\"},\"thumbnailUrl\":\"https:\/\/psol50.org.br\/inc\/uploads\/2020\/03\/unnamed-1.jpg\",\"keywords\":[\"2020\",\"Boulos\",\"Congresso\",\"elei\u00e7\u00f5es\",\"giannazi\",\"prefeitura\",\"pr\u00e9vias\",\"PSOL\",\"s\u00e2mia\"],\"articleSection\":[\"Not\u00edcias\",\"Partido\"],\"inLanguage\":\"pt-BR\"},{\"@type\":\"WebPage\",\"@id\":\"https:\/\/psol50.org.br\/psol-inicia-previas-democraticas-candidatura-prefeitura-sao-paulo\/\",\"url\":\"https:\/\/psol50.org.br\/psol-inicia-previas-democraticas-candidatura-prefeitura-sao-paulo\/\",\"name\":\"PSOL inicia pr\u00e9vias democr\u00e1ticas para definir candidatura \u00e0 Prefeitura de S\u00e3o Paulo\",\"isPartOf\":{\"@id\":\"https:\/\/psol50.org.br\/#website\"},\"primaryImageOfPage\":{\"@id\":\"https:\/\/psol50.org.br\/psol-inicia-previas-democraticas-candidatura-prefeitura-sao-paulo\/#primaryimage\"},\"image\":{\"@id\":\"https:\/\/psol50.org.br\/psol-inicia-previas-democraticas-candidatura-prefeitura-sao-paulo\/#primaryimage\"},\"thumbnailUrl\":\"https:\/\/psol50.org.br\/inc\/uploads\/2020\/03\/unnamed-1.jpg\",\"datePublished\":\"2020-03-09T19:21:50+00:00\",\"description\":\"Nomes de peso v\u00e3o participar do processo, como Carlos Giannazi, S\u00e2mia Bomfim e Guilherme Boulos. Decis\u00e3o da candidatura ser\u00e1 tomada pelos militantes da base do partido em SP.\",\"breadcrumb\":{\"@id\":\"https:\/\/psol50.org.br\/psol-inicia-previas-democraticas-candidatura-prefeitura-sao-paulo\/#breadcrumb\"},\"inLanguage\":\"pt-BR\",\"potentialAction\":[{\"@type\":\"ReadAction\",\"target\":[\"https:\/\/psol50.org.br\/psol-inicia-previas-democraticas-candidatura-prefeitura-sao-paulo\/\"]}]},{\"@type\":\"ImageObject\",\"inLanguage\":\"pt-BR\",\"@id\":\"https:\/\/psol50.org.br\/psol-inicia-previas-democraticas-candidatura-prefeitura-sao-paulo\/#primaryimage\",\"url\":\"https:\/\/psol50.org.br\/inc\/uploads\/2020\/03\/unnamed-1.jpg\",\"contentUrl\":\"https:\/\/psol50.org.br\/inc\/uploads\/2020\/03\/unnamed-1.jpg\",\"width\":512,\"height\":341},{\"@type\":\"BreadcrumbList\",\"@id\":\"https:\/\/psol50.org.br\/psol-inicia-previas-democraticas-candidatura-prefeitura-sao-paulo\/#breadcrumb\",\"itemListElement\":[{\"@type\":\"ListItem\",\"position\":1,\"name\":\"In\u00edcio\",\"item\":\"https:\/\/psol50.org.br\/\"},{\"@type\":\"ListItem\",\"position\":2,\"name\":\"PSOL inicia pr\u00e9vias democr\u00e1ticas para definir candidatura \u00e0 Prefeitura de S\u00e3o Paulo\"}]},{\"@type\":\"WebSite\",\"@id\":\"https:\/\/psol50.org.br\/#website\",\"url\":\"https:\/\/psol50.org.br\/\",\"name\":\"PSOL 50\",\"description\":\"Site oficial do Partido Socialismo e Liberdade\",\"publisher\":{\"@id\":\"https:\/\/psol50.org.br\/#organization\"},\"alternateName\":\"PSOL50\",\"potentialAction\":[{\"@type\":\"SearchAction\",\"target\":{\"@type\":\"EntryPoint\",\"urlTemplate\":\"https:\/\/psol50.org.br\/?s={search_term_string}\"},\"query-input\":{\"@type\":\"PropertyValueSpecification\",\"valueRequired\":true,\"valueName\":\"search_term_string\"}}],\"inLanguage\":\"pt-BR\"},{\"@type\":\"Organization\",\"@id\":\"https:\/\/psol50.org.br\/#organization\",\"name\":\"PSOL 50\",\"alternateName\":\"PSOL 50\",\"url\":\"https:\/\/psol50.org.br\/\",\"logo\":{\"@type\":\"ImageObject\",\"inLanguage\":\"pt-BR\",\"@id\":\"https:\/\/psol50.org.br\/#\/schema\/logo\/image\/\",\"url\":\"https:\/\/psol50.org.br\/inc\/uploads\/2018\/07\/capa.png\",\"contentUrl\":\"https:\/\/psol50.org.br\/inc\/uploads\/2018\/07\/capa.png\",\"width\":1350,\"height\":900,\"caption\":\"PSOL 50\"},\"image\":{\"@id\":\"https:\/\/psol50.org.br\/#\/schema\/logo\/image\/\"},\"sameAs\":[\"https:\/\/www.facebook.com\/psol50\",\"https:\/\/x.com\/psol50\",\"https:\/\/www.instagram.com\/psol50\/\",\"https:\/\/www.youtube.com\/channel\/UC7SnJS5o1os7a6CaiNabzcg\"]},{\"@type\":\"Person\",\"@id\":\"https:\/\/psol50.org.br\/#\/schema\/person\/475dfa57d0b815993c714c2e96491fcd\",\"name\":\"Comunica\u00e7\u00e3o PSOL\",\"image\":{\"@type\":\"ImageObject\",\"inLanguage\":\"pt-BR\",\"@id\":\"https:\/\/psol50.org.br\/#\/schema\/person\/image\/\",\"url\":\"https:\/\/secure.gravatar.com\/avatar\/b34fc4f4e468a4e51785917065a3db57b841f5c95dba6ad8c73aaf8f66f8f9bf?s=96&d=mm&r=g\",\"contentUrl\":\"https:\/\/secure.gravatar.com\/avatar\/b34fc4f4e468a4e51785917065a3db57b841f5c95dba6ad8c73aaf8f66f8f9bf?s=96&d=mm&r=g\",\"caption\":\"Comunica\u00e7\u00e3o PSOL\"}}]}<\/script>\n<!-- \/ Yoast SEO plugin. -->","yoast_head_json":{"title":"PSOL inicia pr\u00e9vias democr\u00e1ticas para definir candidatura \u00e0 Prefeitura de S\u00e3o Paulo","description":"Nomes de peso v\u00e3o participar do processo, como Carlos Giannazi, S\u00e2mia Bomfim e Guilherme Boulos. Decis\u00e3o da candidatura ser\u00e1 tomada pelos militantes da base do partido em SP.","robots":{"index":"index","follow":"follow","max-snippet":"max-snippet:-1","max-image-preview":"max-image-preview:large","max-video-preview":"max-video-preview:-1"},"canonical":"https:\/\/psol50.org.br\/psol-inicia-previas-democraticas-candidatura-prefeitura-sao-paulo\/","og_locale":"pt_BR","og_type":"article","og_title":"PSOL inicia pr\u00e9vias democr\u00e1ticas para definir candidatura \u00e0 Prefeitura de S\u00e3o Paulo","og_description":"Nomes de peso v\u00e3o participar do processo, como Carlos Giannazi, S\u00e2mia Bomfim e Guilherme Boulos. Decis\u00e3o da candidatura ser\u00e1 tomada pelos militantes da base do partido em SP.","og_url":"https:\/\/psol50.org.br\/psol-inicia-previas-democraticas-candidatura-prefeitura-sao-paulo\/","og_site_name":"PSOL 50","article_publisher":"https:\/\/www.facebook.com\/psol50","article_published_time":"2020-03-09T19:21:50+00:00","og_image":[{"width":512,"height":341,"url":"https:\/\/psol50.org.br\/inc\/uploads\/2020\/03\/unnamed-1.jpg","type":"image\/jpeg"}],"author":"Comunica\u00e7\u00e3o PSOL","twitter_card":"summary_large_image","twitter_title":"PSOL inicia pr\u00e9vias democr\u00e1ticas para definir candidatura \u00e0 Prefeitura de S\u00e3o Paulo","twitter_description":"Nomes de peso v\u00e3o participar do processo, como Carlos Giannazi, S\u00e2mia Bomfim e Guilherme Boulos. Decis\u00e3o da candidatura ser\u00e1 tomada pelos militantes da base do partido em SP.","twitter_image":"https:\/\/psol50.org.br\/inc\/uploads\/2020\/03\/unnamed-1.jpg","twitter_creator":"@psol50","twitter_site":"@psol50","twitter_misc":{"Escrito por":"Comunica\u00e7\u00e3o PSOL","Est. tempo de leitura":"2 minutos"},"schema":{"@context":"https:\/\/schema.org","@graph":[{"@type":"Article","@id":"https:\/\/psol50.org.br\/psol-inicia-previas-democraticas-candidatura-prefeitura-sao-paulo\/#article","isPartOf":{"@id":"https:\/\/psol50.org.br\/psol-inicia-previas-democraticas-candidatura-prefeitura-sao-paulo\/"},"author":{"name":"Comunica\u00e7\u00e3o PSOL","@id":"https:\/\/psol50.org.br\/#\/schema\/person\/475dfa57d0b815993c714c2e96491fcd"},"headline":"PSOL inicia pr\u00e9vias democr\u00e1ticas para definir candidatura \u00e0 Prefeitura de S\u00e3o Paulo","datePublished":"2020-03-09T19:21:50+00:00","mainEntityOfPage":{"@id":"https:\/\/psol50.org.br\/psol-inicia-previas-democraticas-candidatura-prefeitura-sao-paulo\/"},"wordCount":458,"publisher":{"@id":"https:\/\/psol50.org.br\/#organization"},"image":{"@id":"https:\/\/psol50.org.br\/psol-inicia-previas-democraticas-candidatura-prefeitura-sao-paulo\/#primaryimage"},"thumbnailUrl":"https:\/\/psol50.org.br\/inc\/uploads\/2020\/03\/unnamed-1.jpg","keywords":["2020","Boulos","Congresso","elei\u00e7\u00f5es","giannazi","prefeitura","pr\u00e9vias","PSOL","s\u00e2mia"],"articleSection":["Not\u00edcias","Partido"],"inLanguage":"pt-BR"},{"@type":"WebPage","@id":"https:\/\/psol50.org.br\/psol-inicia-previas-democraticas-candidatura-prefeitura-sao-paulo\/","url":"https:\/\/psol50.org.br\/psol-inicia-previas-democraticas-candidatura-prefeitura-sao-paulo\/","name":"PSOL inicia pr\u00e9vias democr\u00e1ticas para definir candidatura \u00e0 Prefeitura de S\u00e3o Paulo","isPartOf":{"@id":"https:\/\/psol50.org.br\/#website"},"primaryImageOfPage":{"@id":"https:\/\/psol50.org.br\/psol-inicia-previas-democraticas-candidatura-prefeitura-sao-paulo\/#primaryimage"},"image":{"@id":"https:\/\/psol50.org.br\/psol-inicia-previas-democraticas-candidatura-prefeitura-sao-paulo\/#primaryimage"},"thumbnailUrl":"https:\/\/psol50.org.br\/inc\/uploads\/2020\/03\/unnamed-1.jpg","datePublished":"2020-03-09T19:21:50+00:00","description":"Nomes de peso v\u00e3o participar do processo, como Carlos Giannazi, S\u00e2mia Bomfim e Guilherme Boulos. Decis\u00e3o da candidatura ser\u00e1 tomada pelos militantes da base do partido em SP.","breadcrumb":{"@id":"https:\/\/psol50.org.br\/psol-inicia-previas-democraticas-candidatura-prefeitura-sao-paulo\/#breadcrumb"},"inLanguage":"pt-BR","potentialAction":[{"@type":"ReadAction","target":["https:\/\/psol50.org.br\/psol-inicia-previas-democraticas-candidatura-prefeitura-sao-paulo\/"]}]},{"@type":"ImageObject","inLanguage":"pt-BR","@id":"https:\/\/psol50.org.br\/psol-inicia-previas-democraticas-candidatura-prefeitura-sao-paulo\/#primaryimage","url":"https:\/\/psol50.org.br\/inc\/uploads\/2020\/03\/unnamed-1.jpg","contentUrl":"https:\/\/psol50.org.br\/inc\/uploads\/2020\/03\/unnamed-1.jpg","width":512,"height":341},{"@type":"BreadcrumbList","@id":"https:\/\/psol50.org.br\/psol-inicia-previas-democraticas-candidatura-prefeitura-sao-paulo\/#breadcrumb","itemListElement":[{"@type":"ListItem","position":1,"name":"In\u00edcio","item":"https:\/\/psol50.org.br\/"},{"@type":"ListItem","position":2,"name":"PSOL inicia pr\u00e9vias democr\u00e1ticas para definir candidatura \u00e0 Prefeitura de S\u00e3o Paulo"}]},{"@type":"WebSite","@id":"https:\/\/psol50.org.br\/#website","url":"https:\/\/psol50.org.br\/","name":"PSOL 50","description":"Site oficial do Partido Socialismo e Liberdade","publisher":{"@id":"https:\/\/psol50.org.br\/#organization"},"alternateName":"PSOL50","potentialAction":[{"@type":"SearchAction","target":{"@type":"EntryPoint","urlTemplate":"https:\/\/psol50.org.br\/?s={search_term_string}"},"query-input":{"@type":"PropertyValueSpecification","valueRequired":true,"valueName":"search_term_string"}}],"inLanguage":"pt-BR"},{"@type":"Organization","@id":"https:\/\/psol50.org.br\/#organization","name":"PSOL 50","alternateName":"PSOL 50","url":"https:\/\/psol50.org.br\/","logo":{"@type":"ImageObject","inLanguage":"pt-BR","@id":"https:\/\/psol50.org.br\/#\/schema\/logo\/image\/","url":"https:\/\/psol50.org.br\/inc\/uploads\/2018\/07\/capa.png","contentUrl":"https:\/\/psol50.org.br\/inc\/uploads\/2018\/07\/capa.png","width":1350,"height":900,"caption":"PSOL 50"},"image":{"@id":"https:\/\/psol50.org.br\/#\/schema\/logo\/image\/"},"sameAs":["https:\/\/www.facebook.com\/psol50","https:\/\/x.com\/psol50","https:\/\/www.instagram.com\/psol50\/","https:\/\/www.youtube.com\/channel\/UC7SnJS5o1os7a6CaiNabzcg"]},{"@type":"Person","@id":"https:\/\/psol50.org.br\/#\/schema\/person\/475dfa57d0b815993c714c2e96491fcd","name":"Comunica\u00e7\u00e3o PSOL","image":{"@type":"ImageObject","inLanguage":"pt-BR","@id":"https:\/\/psol50.org.br\/#\/schema\/person\/image\/","url":"https:\/\/secure.gravatar.com\/avatar\/b34fc4f4e468a4e51785917065a3db57b841f5c95dba6ad8c73aaf8f66f8f9bf?s=96&d=mm&r=g","contentUrl":"https:\/\/secure.gravatar.com\/avatar\/b34fc4f4e468a4e51785917065a3db57b841f5c95dba6ad8c73aaf8f66f8f9bf?s=96&d=mm&r=g","caption":"Comunica\u00e7\u00e3o PSOL"}}]}},"_links":{"self":[{"href":"https:\/\/psol50.org.br\/rest\/wp\/v2\/posts\/27724","targetHints":{"allow":["GET"]}}],"collection":[{"href":"https:\/\/psol50.org.br\/rest\/wp\/v2\/posts"}],"about":[{"href":"https:\/\/psol50.org.br\/rest\/wp\/v2\/types\/post"}],"author":[{"embeddable":true,"href":"https:\/\/psol50.org.br\/rest\/wp\/v2\/users\/2"}],"replies":[{"embeddable":true,"href":"https:\/\/psol50.org.br\/rest\/wp\/v2\/comments?post=27724"}],"version-history":[{"count":0,"href":"https:\/\/psol50.org.br\/rest\/wp\/v2\/posts\/27724\/revisions"}],"wp:featuredmedia":[{"embeddable":true,"href":"https:\/\/psol50.org.br\/rest\/wp\/v2\/media\/27730"}],"wp:attachment":[{"href":"https:\/\/psol50.org.br\/rest\/wp\/v2\/media?parent=27724"}],"wp:term":[{"taxonomy":"category","embeddable":true,"href":"https:\/\/psol50.org.br\/rest\/wp\/v2\/categories?post=27724"},{"taxonomy":"post_tag","embeddable":true,"href":"https:\/\/psol50.org.br\/rest\/wp\/v2\/tags?post=27724"}],"curies":[{"name":"wp","href":"https:\/\/api.w.org\/{rel}","templated":true}]}}