{"id":27735,"date":"2020-03-10T12:51:30","date_gmt":"2020-03-10T15:51:30","guid":{"rendered":"https:\/\/psol50.org.br\/?p=27735"},"modified":"2020-03-10T12:51:30","modified_gmt":"2020-03-10T15:51:30","slug":"marcelo-freixo-e-urgente-a-derrubada-do-teto-de-gastos","status":"publish","type":"post","link":"https:\/\/psol50.org.br\/marcelo-freixo-e-urgente-a-derrubada-do-teto-de-gastos\/","title":{"rendered":"Marcelo Freixo: &#8220;\u00c9 urgente a derrubada do teto de gastos!&#8221;"},"content":{"rendered":"<p>A pol\u00edtica econ\u00f4mica de Bolsonaro e Guedes est\u00e1 agravando os efeitos da crise internacional no Brasil. A crise tem uma dimens\u00e3o global (coronav\u00edrus e petr\u00f3leo) e outra nacional, que est\u00e1 diretamente relacionada \u00e0s a\u00e7\u00f5es desastrosas do governo brasileiro.<\/p>\n<p>O &#8220;Pibinho do Guedes&#8221; mostra que a pol\u00edtica de cortes nos investimentos p\u00fablicos e desmonte dos programas sociais, que garantem algum dinheiro no bolso dos mais pobres e incentivam o consumo, est\u00e3o estrangulando a economia. \u00c9 verdade que as reformas v\u00eam desde o governo Temer prometendo o para\u00edso. O Teto de Gastos n\u00e3o alavancou o crescimento, a Trabalhista n\u00e3o gerou os empregos prometidos&#8230; Mas Bolsonaro e Guedes continuam vendendo ilus\u00f5es.<\/p>\n<p>Temos 3,5 milh\u00f5es de fam\u00edlias passando fome sem receber o Bolsa Fam\u00edlia, apesar de atenderem as regras do programa. A fila do INSS prejudica 2 milh\u00f5es de brasileiros. E Guedes ainda planeja congelar o sal\u00e1rio m\u00ednimo e permitir a redu\u00e7\u00e3o dos investimentos em sa\u00fade e educa\u00e7\u00e3o.<\/p>\n<p>Al\u00e9m de desumanas, essas medidas pioram os efeitos da crise e tornam a nossa recupera\u00e7\u00e3o mais dif\u00edcil. Afinal, sal\u00e1rios menores significam menos consumo, redu\u00e7\u00e3o nos lucros, cortes nos investimentos, menos empregos&#8230; Um ciclo vicioso. \u00c9 t\u00e3o absurdo que as tesouradas de Guedes incluem a sa\u00fade p\u00fablica num momento em que o mundo enfrenta uma pandemia!<\/p>\n<p>A receita para tirar um pa\u00eds t\u00e3o desigual como o Brasil da crise n\u00e3o \u00e9 reduzir investimentos, congelar sal\u00e1rio e abandonar os pobres. Nossa proposta \u00e9 o oposto disso. Defendemos a IMEDIATA ANULA\u00c7\u00c3O DO TETO DE GASTOS, para que o Estado brasileiro volte a investir em infraestrutura e servi\u00e7os p\u00fablicos, melhorando a vida da popula\u00e7\u00e3o e estimulando a retomada do setor produtivo.<\/p>\n<p>Apresentamos projeto para que todas as fam\u00edlias pobres recebam de imediato o Bolsa Fam\u00edlia. Al\u00e9m de enfrentarmos a fome, o Bolsa Fam\u00edlia tem efeito positivo na renda e no consumo. Segundo a FGV, para cada R$1 gasto com programa s\u00e3o gerados R$1,78 para a economia.<\/p>\n<p>Tamb\u00e9m cobramos provid\u00eancias e denunciamos ao Tribunal de Contas da Uni\u00e3o a fila do INSS que prejudica milh\u00f5es de fam\u00edlias. E ao contr\u00e1rio de Guedes, n\u00f3s propusemos uma reforma tribut\u00e1ria justa, que estimula o setor produtivo e reduz os impostos sobre o consumo, beneficiando a classe m\u00e9dia e os pobres. Mais dinheiro no bolso \u00e9 mais consumo.<\/p>\n<p>Para enfrentarmos a crise global e tirarmos o Brasil do atoleiro, precisamos garantir a renda dos trabalhadores, assegurar assist\u00eancia social aos pobres e investir nos servi\u00e7os p\u00fablicos e infraestrutura.<strong> Por isso \u00c9 URGENTE A DERRUBADA DO TETO DE GASTOS.<\/strong><\/p>\n<p><em><strong>Marcelo Freixo<\/strong><\/em><br \/>\n<em><strong>Deputado federal do PSOL-RJ<\/strong><\/em><\/p>\n","protected":false},"excerpt":{"rendered":"<p>A pol\u00edtica econ\u00f4mica de Bolsonaro e Guedes est\u00e1 agravando os efeitos da crise internacional no Brasil. A crise tem uma dimens\u00e3o global (coronav\u00edrus e petr\u00f3leo) e outra nacional, que est\u00e1 diretamente relacionada \u00e0s a\u00e7\u00f5es desastrosas do governo brasileiro. O &#8220;Pibinho do Guedes&#8221; mostra que a pol\u00edtica de cortes nos investimentos p\u00fablicos e desmonte dos programas [&hellip;]<\/p>\n","protected":false},"author":2,"featured_media":27736,"comment_status":"closed","ping_status":"open","sticky":false,"template":"","format":"standard","meta":{"_acf_changed":false,"footnotes":""},"categories":[3,6],"tags":[329,219,253,175,201,349,22,350],"class_list":{"0":"post-27735","1":"post","2":"type-post","3":"status-publish","4":"format-standard","5":"has-post-thumbnail","7":"category-artigos-e-entrevistas","8":"category-noticias","9":"tag-bolsa-familia","10":"tag-crise","11":"tag-economia","12":"tag-freixo","13":"tag-guedes","14":"tag-pib","15":"tag-psol","16":"tag-teto-de-gastos"},"acf":[],"yoast_head":"<!-- This site is optimized with the Yoast SEO plugin v26.5 - https:\/\/yoast.com\/wordpress\/plugins\/seo\/ -->\n<title>Marcelo Freixo: &quot;\u00c9 urgente a derrubada do teto de gastos!&quot; - PSOL 50<\/title>\n<meta name=\"description\" content=\"Para enfrentarmos a crise global e tirarmos o Brasil do atoleiro, precisamos garantir a renda dos trabalhadores, assegurar assist\u00eancia social aos pobres e investir nos servi\u00e7os p\u00fablicos e infraestrutura.\" \/>\n<meta name=\"robots\" content=\"index, follow, max-snippet:-1, max-image-preview:large, max-video-preview:-1\" \/>\n<link rel=\"canonical\" href=\"https:\/\/psol50.org.br\/marcelo-freixo-e-urgente-a-derrubada-do-teto-de-gastos\/\" \/>\n<meta property=\"og:locale\" content=\"pt_BR\" \/>\n<meta property=\"og:type\" content=\"article\" \/>\n<meta property=\"og:title\" content=\"Marcelo Freixo: &quot;\u00c9 urgente a derrubada do teto de gastos!&quot;\" \/>\n<meta property=\"og:description\" content=\"Para enfrentarmos a crise global e tirarmos o Brasil do atoleiro, precisamos garantir a renda dos trabalhadores, assegurar assist\u00eancia social aos pobres e investir nos servi\u00e7os p\u00fablicos e infraestrutura.\" \/>\n<meta property=\"og:url\" content=\"https:\/\/psol50.org.br\/marcelo-freixo-e-urgente-a-derrubada-do-teto-de-gastos\/\" \/>\n<meta property=\"og:site_name\" content=\"PSOL 50\" \/>\n<meta property=\"article:publisher\" content=\"https:\/\/www.facebook.com\/psol50\" \/>\n<meta property=\"article:published_time\" content=\"2020-03-10T15:51:30+00:00\" \/>\n<meta property=\"og:image\" content=\"https:\/\/psol50.org.br\/inc\/uploads\/2020\/03\/img20190312123049063-scaled-1.jpg\" \/>\n\t<meta property=\"og:image:width\" content=\"1920\" \/>\n\t<meta property=\"og:image:height\" content=\"1280\" \/>\n\t<meta property=\"og:image:type\" content=\"image\/jpeg\" \/>\n<meta name=\"author\" content=\"Comunica\u00e7\u00e3o PSOL\" \/>\n<meta name=\"twitter:card\" content=\"summary_large_image\" \/>\n<meta name=\"twitter:title\" content=\"Marcelo Freixo: &quot;\u00c9 urgente a derrubada do teto de gastos!&quot;\" \/>\n<meta name=\"twitter:description\" content=\"Para enfrentarmos a crise global e tirarmos o Brasil do atoleiro, precisamos garantir a renda dos trabalhadores, assegurar assist\u00eancia social aos pobres e investir nos servi\u00e7os p\u00fablicos e infraestrutura.\" \/>\n<meta name=\"twitter:image\" content=\"https:\/\/psol50.org.br\/inc\/uploads\/2020\/03\/img20190312123049063-scaled-1.jpg\" \/>\n<meta name=\"twitter:creator\" content=\"@psol50\" \/>\n<meta name=\"twitter:site\" content=\"@psol50\" \/>\n<meta name=\"twitter:label1\" content=\"Escrito por\" \/>\n\t<meta name=\"twitter:data1\" content=\"Comunica\u00e7\u00e3o PSOL\" \/>\n\t<meta name=\"twitter:label2\" content=\"Est. tempo de leitura\" \/>\n\t<meta name=\"twitter:data2\" content=\"2 minutos\" \/>\n<script type=\"application\/ld+json\" class=\"yoast-schema-graph\">{\"@context\":\"https:\/\/schema.org\",\"@graph\":[{\"@type\":\"Article\",\"@id\":\"https:\/\/psol50.org.br\/marcelo-freixo-e-urgente-a-derrubada-do-teto-de-gastos\/#article\",\"isPartOf\":{\"@id\":\"https:\/\/psol50.org.br\/marcelo-freixo-e-urgente-a-derrubada-do-teto-de-gastos\/\"},\"author\":{\"name\":\"Comunica\u00e7\u00e3o PSOL\",\"@id\":\"https:\/\/psol50.org.br\/#\/schema\/person\/475dfa57d0b815993c714c2e96491fcd\"},\"headline\":\"Marcelo Freixo: &#8220;\u00c9 urgente a derrubada do teto de gastos!&#8221;\",\"datePublished\":\"2020-03-10T15:51:30+00:00\",\"mainEntityOfPage\":{\"@id\":\"https:\/\/psol50.org.br\/marcelo-freixo-e-urgente-a-derrubada-do-teto-de-gastos\/\"},\"wordCount\":475,\"publisher\":{\"@id\":\"https:\/\/psol50.org.br\/#organization\"},\"image\":{\"@id\":\"https:\/\/psol50.org.br\/marcelo-freixo-e-urgente-a-derrubada-do-teto-de-gastos\/#primaryimage\"},\"thumbnailUrl\":\"https:\/\/psol50.org.br\/inc\/uploads\/2020\/03\/img20190312123049063-scaled-1.jpg\",\"keywords\":[\"bolsa fam\u00edlia\",\"crise\",\"economia\",\"freixo\",\"guedes\",\"pib\",\"PSOL\",\"Teto de gastos\"],\"articleSection\":[\"Artigos\",\"Not\u00edcias\"],\"inLanguage\":\"pt-BR\"},{\"@type\":\"WebPage\",\"@id\":\"https:\/\/psol50.org.br\/marcelo-freixo-e-urgente-a-derrubada-do-teto-de-gastos\/\",\"url\":\"https:\/\/psol50.org.br\/marcelo-freixo-e-urgente-a-derrubada-do-teto-de-gastos\/\",\"name\":\"Marcelo Freixo: \\\"\u00c9 urgente a derrubada do teto de gastos!\\\" - PSOL 50\",\"isPartOf\":{\"@id\":\"https:\/\/psol50.org.br\/#website\"},\"primaryImageOfPage\":{\"@id\":\"https:\/\/psol50.org.br\/marcelo-freixo-e-urgente-a-derrubada-do-teto-de-gastos\/#primaryimage\"},\"image\":{\"@id\":\"https:\/\/psol50.org.br\/marcelo-freixo-e-urgente-a-derrubada-do-teto-de-gastos\/#primaryimage\"},\"thumbnailUrl\":\"https:\/\/psol50.org.br\/inc\/uploads\/2020\/03\/img20190312123049063-scaled-1.jpg\",\"datePublished\":\"2020-03-10T15:51:30+00:00\",\"description\":\"Para enfrentarmos a crise global e tirarmos o Brasil do atoleiro, precisamos garantir a renda dos trabalhadores, assegurar assist\u00eancia social aos pobres e investir nos servi\u00e7os p\u00fablicos e infraestrutura.\",\"breadcrumb\":{\"@id\":\"https:\/\/psol50.org.br\/marcelo-freixo-e-urgente-a-derrubada-do-teto-de-gastos\/#breadcrumb\"},\"inLanguage\":\"pt-BR\",\"potentialAction\":[{\"@type\":\"ReadAction\",\"target\":[\"https:\/\/psol50.org.br\/marcelo-freixo-e-urgente-a-derrubada-do-teto-de-gastos\/\"]}]},{\"@type\":\"ImageObject\",\"inLanguage\":\"pt-BR\",\"@id\":\"https:\/\/psol50.org.br\/marcelo-freixo-e-urgente-a-derrubada-do-teto-de-gastos\/#primaryimage\",\"url\":\"https:\/\/psol50.org.br\/inc\/uploads\/2020\/03\/img20190312123049063-scaled-1.jpg\",\"contentUrl\":\"https:\/\/psol50.org.br\/inc\/uploads\/2020\/03\/img20190312123049063-scaled-1.jpg\",\"width\":1920,\"height\":1280,\"caption\":\"Najara Ara\u00fajo\/C\u00e2mara dos Deputados\"},{\"@type\":\"BreadcrumbList\",\"@id\":\"https:\/\/psol50.org.br\/marcelo-freixo-e-urgente-a-derrubada-do-teto-de-gastos\/#breadcrumb\",\"itemListElement\":[{\"@type\":\"ListItem\",\"position\":1,\"name\":\"In\u00edcio\",\"item\":\"https:\/\/psol50.org.br\/\"},{\"@type\":\"ListItem\",\"position\":2,\"name\":\"Marcelo Freixo: &#8220;\u00c9 urgente a derrubada do teto de gastos!&#8221;\"}]},{\"@type\":\"WebSite\",\"@id\":\"https:\/\/psol50.org.br\/#website\",\"url\":\"https:\/\/psol50.org.br\/\",\"name\":\"PSOL 50\",\"description\":\"Site oficial do Partido Socialismo e Liberdade\",\"publisher\":{\"@id\":\"https:\/\/psol50.org.br\/#organization\"},\"alternateName\":\"PSOL50\",\"potentialAction\":[{\"@type\":\"SearchAction\",\"target\":{\"@type\":\"EntryPoint\",\"urlTemplate\":\"https:\/\/psol50.org.br\/?s={search_term_string}\"},\"query-input\":{\"@type\":\"PropertyValueSpecification\",\"valueRequired\":true,\"valueName\":\"search_term_string\"}}],\"inLanguage\":\"pt-BR\"},{\"@type\":\"Organization\",\"@id\":\"https:\/\/psol50.org.br\/#organization\",\"name\":\"PSOL 50\",\"alternateName\":\"PSOL 50\",\"url\":\"https:\/\/psol50.org.br\/\",\"logo\":{\"@type\":\"ImageObject\",\"inLanguage\":\"pt-BR\",\"@id\":\"https:\/\/psol50.org.br\/#\/schema\/logo\/image\/\",\"url\":\"https:\/\/psol50.org.br\/inc\/uploads\/2018\/07\/capa.png\",\"contentUrl\":\"https:\/\/psol50.org.br\/inc\/uploads\/2018\/07\/capa.png\",\"width\":1350,\"height\":900,\"caption\":\"PSOL 50\"},\"image\":{\"@id\":\"https:\/\/psol50.org.br\/#\/schema\/logo\/image\/\"},\"sameAs\":[\"https:\/\/www.facebook.com\/psol50\",\"https:\/\/x.com\/psol50\",\"https:\/\/www.instagram.com\/psol50\/\",\"https:\/\/www.youtube.com\/channel\/UC7SnJS5o1os7a6CaiNabzcg\"]},{\"@type\":\"Person\",\"@id\":\"https:\/\/psol50.org.br\/#\/schema\/person\/475dfa57d0b815993c714c2e96491fcd\",\"name\":\"Comunica\u00e7\u00e3o PSOL\",\"image\":{\"@type\":\"ImageObject\",\"inLanguage\":\"pt-BR\",\"@id\":\"https:\/\/psol50.org.br\/#\/schema\/person\/image\/\",\"url\":\"https:\/\/secure.gravatar.com\/avatar\/b34fc4f4e468a4e51785917065a3db57b841f5c95dba6ad8c73aaf8f66f8f9bf?s=96&d=mm&r=g\",\"contentUrl\":\"https:\/\/secure.gravatar.com\/avatar\/b34fc4f4e468a4e51785917065a3db57b841f5c95dba6ad8c73aaf8f66f8f9bf?s=96&d=mm&r=g\",\"caption\":\"Comunica\u00e7\u00e3o PSOL\"}}]}<\/script>\n<!-- \/ Yoast SEO plugin. -->","yoast_head_json":{"title":"Marcelo Freixo: \"\u00c9 urgente a derrubada do teto de gastos!\" - PSOL 50","description":"Para enfrentarmos a crise global e tirarmos o Brasil do atoleiro, precisamos garantir a renda dos trabalhadores, assegurar assist\u00eancia social aos pobres e investir nos servi\u00e7os p\u00fablicos e infraestrutura.","robots":{"index":"index","follow":"follow","max-snippet":"max-snippet:-1","max-image-preview":"max-image-preview:large","max-video-preview":"max-video-preview:-1"},"canonical":"https:\/\/psol50.org.br\/marcelo-freixo-e-urgente-a-derrubada-do-teto-de-gastos\/","og_locale":"pt_BR","og_type":"article","og_title":"Marcelo Freixo: \"\u00c9 urgente a derrubada do teto de gastos!\"","og_description":"Para enfrentarmos a crise global e tirarmos o Brasil do atoleiro, precisamos garantir a renda dos trabalhadores, assegurar assist\u00eancia social aos pobres e investir nos servi\u00e7os p\u00fablicos e infraestrutura.","og_url":"https:\/\/psol50.org.br\/marcelo-freixo-e-urgente-a-derrubada-do-teto-de-gastos\/","og_site_name":"PSOL 50","article_publisher":"https:\/\/www.facebook.com\/psol50","article_published_time":"2020-03-10T15:51:30+00:00","og_image":[{"width":1920,"height":1280,"url":"https:\/\/psol50.org.br\/inc\/uploads\/2020\/03\/img20190312123049063-scaled-1.jpg","type":"image\/jpeg"}],"author":"Comunica\u00e7\u00e3o PSOL","twitter_card":"summary_large_image","twitter_title":"Marcelo Freixo: \"\u00c9 urgente a derrubada do teto de gastos!\"","twitter_description":"Para enfrentarmos a crise global e tirarmos o Brasil do atoleiro, precisamos garantir a renda dos trabalhadores, assegurar assist\u00eancia social aos pobres e investir nos servi\u00e7os p\u00fablicos e infraestrutura.","twitter_image":"https:\/\/psol50.org.br\/inc\/uploads\/2020\/03\/img20190312123049063-scaled-1.jpg","twitter_creator":"@psol50","twitter_site":"@psol50","twitter_misc":{"Escrito por":"Comunica\u00e7\u00e3o PSOL","Est. tempo de leitura":"2 minutos"},"schema":{"@context":"https:\/\/schema.org","@graph":[{"@type":"Article","@id":"https:\/\/psol50.org.br\/marcelo-freixo-e-urgente-a-derrubada-do-teto-de-gastos\/#article","isPartOf":{"@id":"https:\/\/psol50.org.br\/marcelo-freixo-e-urgente-a-derrubada-do-teto-de-gastos\/"},"author":{"name":"Comunica\u00e7\u00e3o PSOL","@id":"https:\/\/psol50.org.br\/#\/schema\/person\/475dfa57d0b815993c714c2e96491fcd"},"headline":"Marcelo Freixo: &#8220;\u00c9 urgente a derrubada do teto de gastos!&#8221;","datePublished":"2020-03-10T15:51:30+00:00","mainEntityOfPage":{"@id":"https:\/\/psol50.org.br\/marcelo-freixo-e-urgente-a-derrubada-do-teto-de-gastos\/"},"wordCount":475,"publisher":{"@id":"https:\/\/psol50.org.br\/#organization"},"image":{"@id":"https:\/\/psol50.org.br\/marcelo-freixo-e-urgente-a-derrubada-do-teto-de-gastos\/#primaryimage"},"thumbnailUrl":"https:\/\/psol50.org.br\/inc\/uploads\/2020\/03\/img20190312123049063-scaled-1.jpg","keywords":["bolsa fam\u00edlia","crise","economia","freixo","guedes","pib","PSOL","Teto de gastos"],"articleSection":["Artigos","Not\u00edcias"],"inLanguage":"pt-BR"},{"@type":"WebPage","@id":"https:\/\/psol50.org.br\/marcelo-freixo-e-urgente-a-derrubada-do-teto-de-gastos\/","url":"https:\/\/psol50.org.br\/marcelo-freixo-e-urgente-a-derrubada-do-teto-de-gastos\/","name":"Marcelo Freixo: \"\u00c9 urgente a derrubada do teto de gastos!\" - PSOL 50","isPartOf":{"@id":"https:\/\/psol50.org.br\/#website"},"primaryImageOfPage":{"@id":"https:\/\/psol50.org.br\/marcelo-freixo-e-urgente-a-derrubada-do-teto-de-gastos\/#primaryimage"},"image":{"@id":"https:\/\/psol50.org.br\/marcelo-freixo-e-urgente-a-derrubada-do-teto-de-gastos\/#primaryimage"},"thumbnailUrl":"https:\/\/psol50.org.br\/inc\/uploads\/2020\/03\/img20190312123049063-scaled-1.jpg","datePublished":"2020-03-10T15:51:30+00:00","description":"Para enfrentarmos a crise global e tirarmos o Brasil do atoleiro, precisamos garantir a renda dos trabalhadores, assegurar assist\u00eancia social aos pobres e investir nos servi\u00e7os p\u00fablicos e infraestrutura.","breadcrumb":{"@id":"https:\/\/psol50.org.br\/marcelo-freixo-e-urgente-a-derrubada-do-teto-de-gastos\/#breadcrumb"},"inLanguage":"pt-BR","potentialAction":[{"@type":"ReadAction","target":["https:\/\/psol50.org.br\/marcelo-freixo-e-urgente-a-derrubada-do-teto-de-gastos\/"]}]},{"@type":"ImageObject","inLanguage":"pt-BR","@id":"https:\/\/psol50.org.br\/marcelo-freixo-e-urgente-a-derrubada-do-teto-de-gastos\/#primaryimage","url":"https:\/\/psol50.org.br\/inc\/uploads\/2020\/03\/img20190312123049063-scaled-1.jpg","contentUrl":"https:\/\/psol50.org.br\/inc\/uploads\/2020\/03\/img20190312123049063-scaled-1.jpg","width":1920,"height":1280,"caption":"Najara Ara\u00fajo\/C\u00e2mara dos Deputados"},{"@type":"BreadcrumbList","@id":"https:\/\/psol50.org.br\/marcelo-freixo-e-urgente-a-derrubada-do-teto-de-gastos\/#breadcrumb","itemListElement":[{"@type":"ListItem","position":1,"name":"In\u00edcio","item":"https:\/\/psol50.org.br\/"},{"@type":"ListItem","position":2,"name":"Marcelo Freixo: &#8220;\u00c9 urgente a derrubada do teto de gastos!&#8221;"}]},{"@type":"WebSite","@id":"https:\/\/psol50.org.br\/#website","url":"https:\/\/psol50.org.br\/","name":"PSOL 50","description":"Site oficial do Partido Socialismo e Liberdade","publisher":{"@id":"https:\/\/psol50.org.br\/#organization"},"alternateName":"PSOL50","potentialAction":[{"@type":"SearchAction","target":{"@type":"EntryPoint","urlTemplate":"https:\/\/psol50.org.br\/?s={search_term_string}"},"query-input":{"@type":"PropertyValueSpecification","valueRequired":true,"valueName":"search_term_string"}}],"inLanguage":"pt-BR"},{"@type":"Organization","@id":"https:\/\/psol50.org.br\/#organization","name":"PSOL 50","alternateName":"PSOL 50","url":"https:\/\/psol50.org.br\/","logo":{"@type":"ImageObject","inLanguage":"pt-BR","@id":"https:\/\/psol50.org.br\/#\/schema\/logo\/image\/","url":"https:\/\/psol50.org.br\/inc\/uploads\/2018\/07\/capa.png","contentUrl":"https:\/\/psol50.org.br\/inc\/uploads\/2018\/07\/capa.png","width":1350,"height":900,"caption":"PSOL 50"},"image":{"@id":"https:\/\/psol50.org.br\/#\/schema\/logo\/image\/"},"sameAs":["https:\/\/www.facebook.com\/psol50","https:\/\/x.com\/psol50","https:\/\/www.instagram.com\/psol50\/","https:\/\/www.youtube.com\/channel\/UC7SnJS5o1os7a6CaiNabzcg"]},{"@type":"Person","@id":"https:\/\/psol50.org.br\/#\/schema\/person\/475dfa57d0b815993c714c2e96491fcd","name":"Comunica\u00e7\u00e3o PSOL","image":{"@type":"ImageObject","inLanguage":"pt-BR","@id":"https:\/\/psol50.org.br\/#\/schema\/person\/image\/","url":"https:\/\/secure.gravatar.com\/avatar\/b34fc4f4e468a4e51785917065a3db57b841f5c95dba6ad8c73aaf8f66f8f9bf?s=96&d=mm&r=g","contentUrl":"https:\/\/secure.gravatar.com\/avatar\/b34fc4f4e468a4e51785917065a3db57b841f5c95dba6ad8c73aaf8f66f8f9bf?s=96&d=mm&r=g","caption":"Comunica\u00e7\u00e3o PSOL"}}]}},"_links":{"self":[{"href":"https:\/\/psol50.org.br\/rest\/wp\/v2\/posts\/27735","targetHints":{"allow":["GET"]}}],"collection":[{"href":"https:\/\/psol50.org.br\/rest\/wp\/v2\/posts"}],"about":[{"href":"https:\/\/psol50.org.br\/rest\/wp\/v2\/types\/post"}],"author":[{"embeddable":true,"href":"https:\/\/psol50.org.br\/rest\/wp\/v2\/users\/2"}],"replies":[{"embeddable":true,"href":"https:\/\/psol50.org.br\/rest\/wp\/v2\/comments?post=27735"}],"version-history":[{"count":0,"href":"https:\/\/psol50.org.br\/rest\/wp\/v2\/posts\/27735\/revisions"}],"wp:featuredmedia":[{"embeddable":true,"href":"https:\/\/psol50.org.br\/rest\/wp\/v2\/media\/27736"}],"wp:attachment":[{"href":"https:\/\/psol50.org.br\/rest\/wp\/v2\/media?parent=27735"}],"wp:term":[{"taxonomy":"category","embeddable":true,"href":"https:\/\/psol50.org.br\/rest\/wp\/v2\/categories?post=27735"},{"taxonomy":"post_tag","embeddable":true,"href":"https:\/\/psol50.org.br\/rest\/wp\/v2\/tags?post=27735"}],"curies":[{"name":"wp","href":"https:\/\/api.w.org\/{rel}","templated":true}]}}