{"id":27738,"date":"2020-03-10T15:28:05","date_gmt":"2020-03-10T18:28:05","guid":{"rendered":"https:\/\/psol50.org.br\/?p=27738"},"modified":"2020-03-10T15:28:05","modified_gmt":"2020-03-10T18:28:05","slug":"construir-uma-saida-urgente-para-a-crise-em-defesa-do-povo-brasileiro","status":"publish","type":"post","link":"https:\/\/psol50.org.br\/construir-uma-saida-urgente-para-a-crise-em-defesa-do-povo-brasileiro\/","title":{"rendered":"Construir uma sa\u00edda urgente para a crise em defesa do povo brasileiro"},"content":{"rendered":"<p>O p\u00e2nico nas bolsas de valores em todo o mundo \u00e9 a express\u00e3o mais vis\u00edvel de uma crise que se desenha h\u00e1 meses e que agora \u00e9 potencializada pela epidemia de coronav\u00edrus e pela guerra de pre\u00e7os no mercado de petr\u00f3leo.<\/p>\n<p>A economia nacional, fragilizada por dois anos de depress\u00e3o e tr\u00eas de estagna\u00e7\u00e3o, mostra sua vulnerabilidade. Reformas regressivas em \u00e1reas sociais, privatiza\u00e7\u00f5es, desmonte do BNDES, quebra da capacidade de investimento da Petrobr\u00e1s, irresponsabilidade na \u00e1rea ambiental, que dizima recursos naturais e empregos, o crescente endividamento das fam\u00edlias com os bancos e o seu empobrecimento, agravam a crise econ\u00f4mica e deixam o Brasil a merc\u00ea das oscila\u00e7\u00f5es globais. A fuga de capitais nos primeiros dois meses do ano supera a sa\u00edda total de 2019. A r\u00e1pida e forte desvaloriza\u00e7\u00e3o do real ante o d\u00f3lar queima nossas reservas, compromete parte da ind\u00fastria que depende da importa\u00e7\u00e3o de insumos, pe\u00e7as e maquin\u00e1rios, muito embora o agroneg\u00f3cio e os exportadores de commodities se beneficiem da exporta\u00e7\u00e3o. O ultraliberalismo de Paulo Guedes \u00e9 incapaz de retirar o pa\u00eds da estagna\u00e7\u00e3o e prevenir efeitos desastrosos da crise atual.<\/p>\n<p>Nosso pa\u00eds vive as agruras de um desmonte planejado pelas elites que promoveram o golpe parlamentar de 2016, penalizando sobretudo os mais pobres e vulner\u00e1veis.<\/p>\n<p>Diante do descontrole anunciado, o governo prima pela irresponsabilidade. A desqualifica\u00e7\u00e3o do presidente da Rep\u00fablica e de seu minist\u00e9rio ficam patentes. No meio da crise, o Estado tem de agir investindo, expandindo o cr\u00e9dito e assumindo o comando da atividade econ\u00f4mica. Mas n\u00e3o \u00e9 isso que se v\u00ea por parte de Bolsonaro, que governa contra o Brasil.<\/p>\n<p>Diante dessa situa\u00e7\u00e3o dram\u00e1tica, como medidas de emerg\u00eancia o PSOL prop\u00f5e:<\/p>\n<p><em>1. Suspens\u00e3o imediata da tramita\u00e7\u00e3o das reformas que desmontam o Estado e o sistema de prote\u00e7\u00e3o social;<\/em><\/p>\n<p><em>2. Amplia\u00e7\u00e3o do investimento p\u00fablico j\u00e1, em \u00e1reas com grande potencial de gera\u00e7\u00e3o de empregos e forte efeito multiplicador;<\/em><\/p>\n<p><em>3. Urgente libera\u00e7\u00e3o de benef\u00edcios sociais. H\u00e1 2 milh\u00f5es de pessoas na fila do INSS e 3,5 milh\u00f5es a espera do bolsa-fam\u00edlia.<\/em><\/p>\n<p><em>4. Reforma Tribut\u00e1ria progressiva, desonerando o consumo das fam\u00edlias e taxando os bilion\u00e1rios;<\/em><\/p>\n<p><em>5. Imediata Revoga\u00e7\u00e3o da emenda do teto de gastos, que estrangula os servi\u00e7os p\u00fablicos em sa\u00fade e educa\u00e7\u00e3o, dentre outras \u00e1reas<\/em><\/p>\n<p>\u00c9 preciso enfrentar os interesses dos poderosos e reverter o ciclo de desmonte do Brasil. Com essas propostas, estaremos prontos para proteger os trabalhadores e trabalhadoras da crise que se aprofunda a cada dia.<\/p>\n<p><em><strong>Executiva Nacional do PSOL<\/strong><\/em><br \/>\n<em><strong>Bancada do PSOL<\/strong><\/em><\/p>\n","protected":false},"excerpt":{"rendered":"<p>O p\u00e2nico nas bolsas de valores em todo o mundo \u00e9 a express\u00e3o mais vis\u00edvel de uma crise que se desenha h\u00e1 meses e que agora \u00e9 potencializada pela epidemia de coronav\u00edrus e pela guerra de pre\u00e7os no mercado de petr\u00f3leo. A economia nacional, fragilizada por dois anos de depress\u00e3o e tr\u00eas de estagna\u00e7\u00e3o, mostra [&hellip;]<\/p>\n","protected":false},"author":2,"featured_media":24774,"comment_status":"closed","ping_status":"open","sticky":false,"template":"","format":"standard","meta":{"_acf_changed":false,"footnotes":""},"categories":[20,6],"tags":[219,253,351,19,22],"class_list":{"0":"post-27738","1":"post","2":"type-post","3":"status-publish","4":"format-standard","5":"has-post-thumbnail","7":"category-notas","8":"category-noticias","9":"tag-crise","10":"tag-economia","11":"tag-emergencia","12":"tag-nota","13":"tag-psol"},"acf":[],"yoast_head":"<!-- This site is optimized with the Yoast SEO plugin v26.5 - https:\/\/yoast.com\/wordpress\/plugins\/seo\/ -->\n<title>Construir uma sa\u00edda urgente para a crise em defesa do povo brasileiro - PSOL 50<\/title>\n<meta name=\"description\" content=\"5 medidas de emerg\u00eancia propostas pelo PSOL para tirar o pa\u00eds da crise.\" \/>\n<meta name=\"robots\" content=\"index, follow, max-snippet:-1, max-image-preview:large, max-video-preview:-1\" \/>\n<link rel=\"canonical\" href=\"https:\/\/psol50.org.br\/construir-uma-saida-urgente-para-a-crise-em-defesa-do-povo-brasileiro\/\" \/>\n<meta property=\"og:locale\" content=\"pt_BR\" \/>\n<meta property=\"og:type\" content=\"article\" \/>\n<meta property=\"og:title\" content=\"Construir uma sa\u00edda urgente para a crise em defesa do povo brasileiro\" \/>\n<meta property=\"og:description\" content=\"5 medidas de emerg\u00eancia propostas pelo PSOL para tirar o pa\u00eds da crise.\" \/>\n<meta property=\"og:url\" content=\"https:\/\/psol50.org.br\/construir-uma-saida-urgente-para-a-crise-em-defesa-do-povo-brasileiro\/\" \/>\n<meta property=\"og:site_name\" content=\"PSOL 50\" \/>\n<meta property=\"article:publisher\" content=\"https:\/\/www.facebook.com\/psol50\" \/>\n<meta property=\"article:published_time\" content=\"2020-03-10T18:28:05+00:00\" \/>\n<meta property=\"og:image\" content=\"https:\/\/psol50.org.br\/inc\/uploads\/2019\/04\/capa-546x365-2.png\" \/>\n\t<meta property=\"og:image:width\" content=\"546\" \/>\n\t<meta property=\"og:image:height\" content=\"365\" \/>\n\t<meta property=\"og:image:type\" content=\"image\/png\" \/>\n<meta name=\"author\" content=\"Comunica\u00e7\u00e3o PSOL\" \/>\n<meta name=\"twitter:card\" content=\"summary_large_image\" \/>\n<meta name=\"twitter:title\" content=\"Construir uma sa\u00edda urgente para a crise em defesa do povo brasileiro\" \/>\n<meta name=\"twitter:description\" content=\"5 medidas de emerg\u00eancia propostas pelo PSOL para tirar o pa\u00eds da crise.\" \/>\n<meta name=\"twitter:image\" content=\"https:\/\/psol50.org.br\/inc\/uploads\/2019\/04\/capa-546x365-2.png\" \/>\n<meta name=\"twitter:creator\" content=\"@psol50\" \/>\n<meta name=\"twitter:site\" content=\"@psol50\" \/>\n<meta name=\"twitter:label1\" content=\"Escrito por\" \/>\n\t<meta name=\"twitter:data1\" content=\"Comunica\u00e7\u00e3o PSOL\" \/>\n\t<meta name=\"twitter:label2\" content=\"Est. tempo de leitura\" \/>\n\t<meta name=\"twitter:data2\" content=\"2 minutos\" \/>\n<script type=\"application\/ld+json\" class=\"yoast-schema-graph\">{\"@context\":\"https:\/\/schema.org\",\"@graph\":[{\"@type\":\"Article\",\"@id\":\"https:\/\/psol50.org.br\/construir-uma-saida-urgente-para-a-crise-em-defesa-do-povo-brasileiro\/#article\",\"isPartOf\":{\"@id\":\"https:\/\/psol50.org.br\/construir-uma-saida-urgente-para-a-crise-em-defesa-do-povo-brasileiro\/\"},\"author\":{\"name\":\"Comunica\u00e7\u00e3o PSOL\",\"@id\":\"https:\/\/psol50.org.br\/#\/schema\/person\/475dfa57d0b815993c714c2e96491fcd\"},\"headline\":\"Construir uma sa\u00edda urgente para a crise em defesa do povo brasileiro\",\"datePublished\":\"2020-03-10T18:28:05+00:00\",\"mainEntityOfPage\":{\"@id\":\"https:\/\/psol50.org.br\/construir-uma-saida-urgente-para-a-crise-em-defesa-do-povo-brasileiro\/\"},\"wordCount\":465,\"publisher\":{\"@id\":\"https:\/\/psol50.org.br\/#organization\"},\"image\":{\"@id\":\"https:\/\/psol50.org.br\/construir-uma-saida-urgente-para-a-crise-em-defesa-do-povo-brasileiro\/#primaryimage\"},\"thumbnailUrl\":\"https:\/\/psol50.org.br\/inc\/uploads\/2019\/04\/capa-546x365-2.png\",\"keywords\":[\"crise\",\"economia\",\"emerg\u00eancia\",\"nota\",\"PSOL\"],\"articleSection\":[\"Notas\",\"Not\u00edcias\"],\"inLanguage\":\"pt-BR\"},{\"@type\":\"WebPage\",\"@id\":\"https:\/\/psol50.org.br\/construir-uma-saida-urgente-para-a-crise-em-defesa-do-povo-brasileiro\/\",\"url\":\"https:\/\/psol50.org.br\/construir-uma-saida-urgente-para-a-crise-em-defesa-do-povo-brasileiro\/\",\"name\":\"Construir uma sa\u00edda urgente para a crise em defesa do povo brasileiro - PSOL 50\",\"isPartOf\":{\"@id\":\"https:\/\/psol50.org.br\/#website\"},\"primaryImageOfPage\":{\"@id\":\"https:\/\/psol50.org.br\/construir-uma-saida-urgente-para-a-crise-em-defesa-do-povo-brasileiro\/#primaryimage\"},\"image\":{\"@id\":\"https:\/\/psol50.org.br\/construir-uma-saida-urgente-para-a-crise-em-defesa-do-povo-brasileiro\/#primaryimage\"},\"thumbnailUrl\":\"https:\/\/psol50.org.br\/inc\/uploads\/2019\/04\/capa-546x365-2.png\",\"datePublished\":\"2020-03-10T18:28:05+00:00\",\"description\":\"5 medidas de emerg\u00eancia propostas pelo PSOL para tirar o pa\u00eds da crise.\",\"breadcrumb\":{\"@id\":\"https:\/\/psol50.org.br\/construir-uma-saida-urgente-para-a-crise-em-defesa-do-povo-brasileiro\/#breadcrumb\"},\"inLanguage\":\"pt-BR\",\"potentialAction\":[{\"@type\":\"ReadAction\",\"target\":[\"https:\/\/psol50.org.br\/construir-uma-saida-urgente-para-a-crise-em-defesa-do-povo-brasileiro\/\"]}]},{\"@type\":\"ImageObject\",\"inLanguage\":\"pt-BR\",\"@id\":\"https:\/\/psol50.org.br\/construir-uma-saida-urgente-para-a-crise-em-defesa-do-povo-brasileiro\/#primaryimage\",\"url\":\"https:\/\/psol50.org.br\/inc\/uploads\/2019\/04\/capa-546x365-2.png\",\"contentUrl\":\"https:\/\/psol50.org.br\/inc\/uploads\/2019\/04\/capa-546x365-2.png\",\"width\":546,\"height\":365},{\"@type\":\"BreadcrumbList\",\"@id\":\"https:\/\/psol50.org.br\/construir-uma-saida-urgente-para-a-crise-em-defesa-do-povo-brasileiro\/#breadcrumb\",\"itemListElement\":[{\"@type\":\"ListItem\",\"position\":1,\"name\":\"In\u00edcio\",\"item\":\"https:\/\/psol50.org.br\/\"},{\"@type\":\"ListItem\",\"position\":2,\"name\":\"Construir uma sa\u00edda urgente para a crise em defesa do povo brasileiro\"}]},{\"@type\":\"WebSite\",\"@id\":\"https:\/\/psol50.org.br\/#website\",\"url\":\"https:\/\/psol50.org.br\/\",\"name\":\"PSOL 50\",\"description\":\"Site oficial do Partido Socialismo e Liberdade\",\"publisher\":{\"@id\":\"https:\/\/psol50.org.br\/#organization\"},\"alternateName\":\"PSOL50\",\"potentialAction\":[{\"@type\":\"SearchAction\",\"target\":{\"@type\":\"EntryPoint\",\"urlTemplate\":\"https:\/\/psol50.org.br\/?s={search_term_string}\"},\"query-input\":{\"@type\":\"PropertyValueSpecification\",\"valueRequired\":true,\"valueName\":\"search_term_string\"}}],\"inLanguage\":\"pt-BR\"},{\"@type\":\"Organization\",\"@id\":\"https:\/\/psol50.org.br\/#organization\",\"name\":\"PSOL 50\",\"alternateName\":\"PSOL 50\",\"url\":\"https:\/\/psol50.org.br\/\",\"logo\":{\"@type\":\"ImageObject\",\"inLanguage\":\"pt-BR\",\"@id\":\"https:\/\/psol50.org.br\/#\/schema\/logo\/image\/\",\"url\":\"https:\/\/psol50.org.br\/inc\/uploads\/2018\/07\/capa.png\",\"contentUrl\":\"https:\/\/psol50.org.br\/inc\/uploads\/2018\/07\/capa.png\",\"width\":1350,\"height\":900,\"caption\":\"PSOL 50\"},\"image\":{\"@id\":\"https:\/\/psol50.org.br\/#\/schema\/logo\/image\/\"},\"sameAs\":[\"https:\/\/www.facebook.com\/psol50\",\"https:\/\/x.com\/psol50\",\"https:\/\/www.instagram.com\/psol50\/\",\"https:\/\/www.youtube.com\/channel\/UC7SnJS5o1os7a6CaiNabzcg\"]},{\"@type\":\"Person\",\"@id\":\"https:\/\/psol50.org.br\/#\/schema\/person\/475dfa57d0b815993c714c2e96491fcd\",\"name\":\"Comunica\u00e7\u00e3o PSOL\",\"image\":{\"@type\":\"ImageObject\",\"inLanguage\":\"pt-BR\",\"@id\":\"https:\/\/psol50.org.br\/#\/schema\/person\/image\/\",\"url\":\"https:\/\/secure.gravatar.com\/avatar\/b34fc4f4e468a4e51785917065a3db57b841f5c95dba6ad8c73aaf8f66f8f9bf?s=96&d=mm&r=g\",\"contentUrl\":\"https:\/\/secure.gravatar.com\/avatar\/b34fc4f4e468a4e51785917065a3db57b841f5c95dba6ad8c73aaf8f66f8f9bf?s=96&d=mm&r=g\",\"caption\":\"Comunica\u00e7\u00e3o PSOL\"}}]}<\/script>\n<!-- \/ Yoast SEO plugin. -->","yoast_head_json":{"title":"Construir uma sa\u00edda urgente para a crise em defesa do povo brasileiro - PSOL 50","description":"5 medidas de emerg\u00eancia propostas pelo PSOL para tirar o pa\u00eds da crise.","robots":{"index":"index","follow":"follow","max-snippet":"max-snippet:-1","max-image-preview":"max-image-preview:large","max-video-preview":"max-video-preview:-1"},"canonical":"https:\/\/psol50.org.br\/construir-uma-saida-urgente-para-a-crise-em-defesa-do-povo-brasileiro\/","og_locale":"pt_BR","og_type":"article","og_title":"Construir uma sa\u00edda urgente para a crise em defesa do povo brasileiro","og_description":"5 medidas de emerg\u00eancia propostas pelo PSOL para tirar o pa\u00eds da crise.","og_url":"https:\/\/psol50.org.br\/construir-uma-saida-urgente-para-a-crise-em-defesa-do-povo-brasileiro\/","og_site_name":"PSOL 50","article_publisher":"https:\/\/www.facebook.com\/psol50","article_published_time":"2020-03-10T18:28:05+00:00","og_image":[{"width":546,"height":365,"url":"https:\/\/psol50.org.br\/inc\/uploads\/2019\/04\/capa-546x365-2.png","type":"image\/png"}],"author":"Comunica\u00e7\u00e3o PSOL","twitter_card":"summary_large_image","twitter_title":"Construir uma sa\u00edda urgente para a crise em defesa do povo brasileiro","twitter_description":"5 medidas de emerg\u00eancia propostas pelo PSOL para tirar o pa\u00eds da crise.","twitter_image":"https:\/\/psol50.org.br\/inc\/uploads\/2019\/04\/capa-546x365-2.png","twitter_creator":"@psol50","twitter_site":"@psol50","twitter_misc":{"Escrito por":"Comunica\u00e7\u00e3o PSOL","Est. tempo de leitura":"2 minutos"},"schema":{"@context":"https:\/\/schema.org","@graph":[{"@type":"Article","@id":"https:\/\/psol50.org.br\/construir-uma-saida-urgente-para-a-crise-em-defesa-do-povo-brasileiro\/#article","isPartOf":{"@id":"https:\/\/psol50.org.br\/construir-uma-saida-urgente-para-a-crise-em-defesa-do-povo-brasileiro\/"},"author":{"name":"Comunica\u00e7\u00e3o PSOL","@id":"https:\/\/psol50.org.br\/#\/schema\/person\/475dfa57d0b815993c714c2e96491fcd"},"headline":"Construir uma sa\u00edda urgente para a crise em defesa do povo brasileiro","datePublished":"2020-03-10T18:28:05+00:00","mainEntityOfPage":{"@id":"https:\/\/psol50.org.br\/construir-uma-saida-urgente-para-a-crise-em-defesa-do-povo-brasileiro\/"},"wordCount":465,"publisher":{"@id":"https:\/\/psol50.org.br\/#organization"},"image":{"@id":"https:\/\/psol50.org.br\/construir-uma-saida-urgente-para-a-crise-em-defesa-do-povo-brasileiro\/#primaryimage"},"thumbnailUrl":"https:\/\/psol50.org.br\/inc\/uploads\/2019\/04\/capa-546x365-2.png","keywords":["crise","economia","emerg\u00eancia","nota","PSOL"],"articleSection":["Notas","Not\u00edcias"],"inLanguage":"pt-BR"},{"@type":"WebPage","@id":"https:\/\/psol50.org.br\/construir-uma-saida-urgente-para-a-crise-em-defesa-do-povo-brasileiro\/","url":"https:\/\/psol50.org.br\/construir-uma-saida-urgente-para-a-crise-em-defesa-do-povo-brasileiro\/","name":"Construir uma sa\u00edda urgente para a crise em defesa do povo brasileiro - PSOL 50","isPartOf":{"@id":"https:\/\/psol50.org.br\/#website"},"primaryImageOfPage":{"@id":"https:\/\/psol50.org.br\/construir-uma-saida-urgente-para-a-crise-em-defesa-do-povo-brasileiro\/#primaryimage"},"image":{"@id":"https:\/\/psol50.org.br\/construir-uma-saida-urgente-para-a-crise-em-defesa-do-povo-brasileiro\/#primaryimage"},"thumbnailUrl":"https:\/\/psol50.org.br\/inc\/uploads\/2019\/04\/capa-546x365-2.png","datePublished":"2020-03-10T18:28:05+00:00","description":"5 medidas de emerg\u00eancia propostas pelo PSOL para tirar o pa\u00eds da crise.","breadcrumb":{"@id":"https:\/\/psol50.org.br\/construir-uma-saida-urgente-para-a-crise-em-defesa-do-povo-brasileiro\/#breadcrumb"},"inLanguage":"pt-BR","potentialAction":[{"@type":"ReadAction","target":["https:\/\/psol50.org.br\/construir-uma-saida-urgente-para-a-crise-em-defesa-do-povo-brasileiro\/"]}]},{"@type":"ImageObject","inLanguage":"pt-BR","@id":"https:\/\/psol50.org.br\/construir-uma-saida-urgente-para-a-crise-em-defesa-do-povo-brasileiro\/#primaryimage","url":"https:\/\/psol50.org.br\/inc\/uploads\/2019\/04\/capa-546x365-2.png","contentUrl":"https:\/\/psol50.org.br\/inc\/uploads\/2019\/04\/capa-546x365-2.png","width":546,"height":365},{"@type":"BreadcrumbList","@id":"https:\/\/psol50.org.br\/construir-uma-saida-urgente-para-a-crise-em-defesa-do-povo-brasileiro\/#breadcrumb","itemListElement":[{"@type":"ListItem","position":1,"name":"In\u00edcio","item":"https:\/\/psol50.org.br\/"},{"@type":"ListItem","position":2,"name":"Construir uma sa\u00edda urgente para a crise em defesa do povo brasileiro"}]},{"@type":"WebSite","@id":"https:\/\/psol50.org.br\/#website","url":"https:\/\/psol50.org.br\/","name":"PSOL 50","description":"Site oficial do Partido Socialismo e Liberdade","publisher":{"@id":"https:\/\/psol50.org.br\/#organization"},"alternateName":"PSOL50","potentialAction":[{"@type":"SearchAction","target":{"@type":"EntryPoint","urlTemplate":"https:\/\/psol50.org.br\/?s={search_term_string}"},"query-input":{"@type":"PropertyValueSpecification","valueRequired":true,"valueName":"search_term_string"}}],"inLanguage":"pt-BR"},{"@type":"Organization","@id":"https:\/\/psol50.org.br\/#organization","name":"PSOL 50","alternateName":"PSOL 50","url":"https:\/\/psol50.org.br\/","logo":{"@type":"ImageObject","inLanguage":"pt-BR","@id":"https:\/\/psol50.org.br\/#\/schema\/logo\/image\/","url":"https:\/\/psol50.org.br\/inc\/uploads\/2018\/07\/capa.png","contentUrl":"https:\/\/psol50.org.br\/inc\/uploads\/2018\/07\/capa.png","width":1350,"height":900,"caption":"PSOL 50"},"image":{"@id":"https:\/\/psol50.org.br\/#\/schema\/logo\/image\/"},"sameAs":["https:\/\/www.facebook.com\/psol50","https:\/\/x.com\/psol50","https:\/\/www.instagram.com\/psol50\/","https:\/\/www.youtube.com\/channel\/UC7SnJS5o1os7a6CaiNabzcg"]},{"@type":"Person","@id":"https:\/\/psol50.org.br\/#\/schema\/person\/475dfa57d0b815993c714c2e96491fcd","name":"Comunica\u00e7\u00e3o PSOL","image":{"@type":"ImageObject","inLanguage":"pt-BR","@id":"https:\/\/psol50.org.br\/#\/schema\/person\/image\/","url":"https:\/\/secure.gravatar.com\/avatar\/b34fc4f4e468a4e51785917065a3db57b841f5c95dba6ad8c73aaf8f66f8f9bf?s=96&d=mm&r=g","contentUrl":"https:\/\/secure.gravatar.com\/avatar\/b34fc4f4e468a4e51785917065a3db57b841f5c95dba6ad8c73aaf8f66f8f9bf?s=96&d=mm&r=g","caption":"Comunica\u00e7\u00e3o PSOL"}}]}},"_links":{"self":[{"href":"https:\/\/psol50.org.br\/rest\/wp\/v2\/posts\/27738","targetHints":{"allow":["GET"]}}],"collection":[{"href":"https:\/\/psol50.org.br\/rest\/wp\/v2\/posts"}],"about":[{"href":"https:\/\/psol50.org.br\/rest\/wp\/v2\/types\/post"}],"author":[{"embeddable":true,"href":"https:\/\/psol50.org.br\/rest\/wp\/v2\/users\/2"}],"replies":[{"embeddable":true,"href":"https:\/\/psol50.org.br\/rest\/wp\/v2\/comments?post=27738"}],"version-history":[{"count":0,"href":"https:\/\/psol50.org.br\/rest\/wp\/v2\/posts\/27738\/revisions"}],"wp:featuredmedia":[{"embeddable":true,"href":"https:\/\/psol50.org.br\/rest\/wp\/v2\/media\/24774"}],"wp:attachment":[{"href":"https:\/\/psol50.org.br\/rest\/wp\/v2\/media?parent=27738"}],"wp:term":[{"taxonomy":"category","embeddable":true,"href":"https:\/\/psol50.org.br\/rest\/wp\/v2\/categories?post=27738"},{"taxonomy":"post_tag","embeddable":true,"href":"https:\/\/psol50.org.br\/rest\/wp\/v2\/tags?post=27738"}],"curies":[{"name":"wp","href":"https:\/\/api.w.org\/{rel}","templated":true}]}}