{"id":27740,"date":"2020-03-11T11:06:00","date_gmt":"2020-03-11T14:06:00","guid":{"rendered":"https:\/\/psol50.org.br\/?p=27740"},"modified":"2020-03-11T11:06:00","modified_gmt":"2020-03-11T14:06:00","slug":"psol-pede-convocacao-de-paulo-guedes-para-que-ele-explique-pib-privado-e-pib-publico","status":"publish","type":"post","link":"https:\/\/psol50.org.br\/psol-pede-convocacao-de-paulo-guedes-para-que-ele-explique-pib-privado-e-pib-publico\/","title":{"rendered":"PSOL pede convoca\u00e7\u00e3o de Paulo Guedes para que ele explique &#8220;PIB Privado&#8221; e &#8220;PIB P\u00fablico&#8221;"},"content":{"rendered":"<p>A bancada do PSOL na C\u00e2mara entrou, na \u00faltima ter\u00e7a-feira (10), com um pedido de convoca\u00e7\u00e3o do ministro da Economia Paulo Guedes ao plen\u00e1rio da C\u00e2mara dos Deputados para que ele tente explicar os conceitos de &#8220;PIB Privado&#8221; e &#8220;PIB P\u00fablico&#8221; que sua pasta criou para justificar o baixo resultado do PIB em 2019, com aumento t\u00edmido de 1,1%.<\/p>\n<p>Na nota t\u00e9cnica que divulgou, o Minist\u00e9rio da Economia destacou que a composi\u00e7\u00e3o do PIB indica uma &#8220;melhora substancial&#8221;, com &#8220;aumento consistente do crescimento do PIB privado e do investimento privado&#8221;. Por\u00e9m, n\u00e3o h\u00e1 em qualquer bibliografia especializada a refer\u00eancia \u00e0 express\u00e3o &#8220;PIB Privado&#8221;.<\/p>\n<p>At\u00e9 a Secretaria de Comunica\u00e7\u00e3o da Presid\u00eancia (Secom) utilizou estes &#8220;novos dados&#8221; para uma pe\u00e7a de propaganda que indicava uma melhora inexistente na economia brasileira. &#8220;Em uma busca na bibliografia para os cursos de contabilidade social, n\u00e3o h\u00e1 nenhum registro, em \u00e2mbito nacional ou internacional, da distin\u00e7\u00e3o do PIB dessa maneira&#8221;, diz o requerimento.<\/p>\n<p>O pedido tem que ser aprovado pelos deputados para que o ministro seja obrigado a ir para a C\u00e2mara prestar explica\u00e7\u00f5es aos brasileiros.<\/p>\n","protected":false},"excerpt":{"rendered":"<p>A bancada do PSOL na C\u00e2mara entrou, na \u00faltima ter\u00e7a-feira (10), com um pedido de convoca\u00e7\u00e3o do ministro da Economia Paulo Guedes ao plen\u00e1rio da C\u00e2mara dos Deputados para que ele tente explicar os conceitos de &#8220;PIB Privado&#8221; e &#8220;PIB P\u00fablico&#8221; que sua pasta criou para justificar o baixo resultado do PIB em 2019, com [&hellip;]<\/p>\n","protected":false},"author":2,"featured_media":25004,"comment_status":"closed","ping_status":"open","sticky":false,"template":"","format":"standard","meta":{"_acf_changed":false,"footnotes":""},"categories":[6],"tags":[163,212,253,225,352,353,22],"class_list":{"0":"post-27740","1":"post","2":"type-post","3":"status-publish","4":"format-standard","5":"has-post-thumbnail","7":"category-noticias","8":"tag-camara","9":"tag-convocacao","10":"tag-economia","11":"tag-paulo-guedes","12":"tag-pib-privado","13":"tag-pib-publico","14":"tag-psol"},"acf":[],"yoast_head":"<!-- This site is optimized with the Yoast SEO plugin v26.5 - https:\/\/yoast.com\/wordpress\/plugins\/seo\/ -->\n<title>PSOL pede convoca\u00e7\u00e3o de Paulo Guedes para que ele explique &quot;PIB Privado&quot; e &quot;PIB P\u00fablico&quot;<\/title>\n<meta name=\"description\" content=\"N\u00e3o h\u00e1 em qualquer bibliografia especializada a refer\u00eancia \u00e0 express\u00e3o &quot;PIB Privado&quot;. O ministro pode ter a oportunidade de se explicar.\" \/>\n<meta name=\"robots\" content=\"index, follow, max-snippet:-1, max-image-preview:large, max-video-preview:-1\" \/>\n<link rel=\"canonical\" href=\"https:\/\/psol50.org.br\/psol-pede-convocacao-de-paulo-guedes-para-que-ele-explique-pib-privado-e-pib-publico\/\" \/>\n<meta property=\"og:locale\" content=\"pt_BR\" \/>\n<meta property=\"og:type\" content=\"article\" \/>\n<meta property=\"og:title\" content=\"PSOL pede convoca\u00e7\u00e3o de Paulo Guedes para que ele explique &quot;PIB Privado&quot; e &quot;PIB P\u00fablico&quot;\" \/>\n<meta property=\"og:description\" content=\"N\u00e3o h\u00e1 em qualquer bibliografia especializada a refer\u00eancia \u00e0 express\u00e3o &quot;PIB Privado&quot;. O ministro pode ter a oportunidade de se explicar.\" \/>\n<meta property=\"og:url\" content=\"https:\/\/psol50.org.br\/psol-pede-convocacao-de-paulo-guedes-para-que-ele-explique-pib-privado-e-pib-publico\/\" \/>\n<meta property=\"og:site_name\" content=\"PSOL 50\" \/>\n<meta property=\"article:publisher\" content=\"https:\/\/www.facebook.com\/psol50\" \/>\n<meta property=\"article:published_time\" content=\"2020-03-11T14:06:00+00:00\" \/>\n<meta property=\"og:image\" content=\"https:\/\/psol50.org.br\/inc\/uploads\/2019\/04\/PauloGuedes-SergioLima-Poder360jan2019-BB-39-868x644-1.jpg\" \/>\n\t<meta property=\"og:image:width\" content=\"868\" \/>\n\t<meta property=\"og:image:height\" content=\"644\" \/>\n\t<meta property=\"og:image:type\" content=\"image\/jpeg\" \/>\n<meta name=\"author\" content=\"Comunica\u00e7\u00e3o PSOL\" \/>\n<meta name=\"twitter:card\" content=\"summary_large_image\" \/>\n<meta name=\"twitter:title\" content=\"PSOL pede convoca\u00e7\u00e3o de Paulo Guedes para que ele explique &quot;PIB Privado&quot; e &quot;PIB P\u00fablico&quot;\" \/>\n<meta name=\"twitter:description\" content=\"N\u00e3o h\u00e1 em qualquer bibliografia especializada a refer\u00eancia \u00e0 express\u00e3o &quot;PIB Privado&quot;. O ministro pode ter a oportunidade de se explicar.\" \/>\n<meta name=\"twitter:image\" content=\"https:\/\/psol50.org.br\/inc\/uploads\/2019\/04\/PauloGuedes-SergioLima-Poder360jan2019-BB-39-868x644-1.jpg\" \/>\n<meta name=\"twitter:creator\" content=\"@psol50\" \/>\n<meta name=\"twitter:site\" content=\"@psol50\" \/>\n<meta name=\"twitter:label1\" content=\"Escrito por\" \/>\n\t<meta name=\"twitter:data1\" content=\"Comunica\u00e7\u00e3o PSOL\" \/>\n\t<meta name=\"twitter:label2\" content=\"Est. tempo de leitura\" \/>\n\t<meta name=\"twitter:data2\" content=\"1 minuto\" \/>\n<script type=\"application\/ld+json\" class=\"yoast-schema-graph\">{\"@context\":\"https:\/\/schema.org\",\"@graph\":[{\"@type\":\"Article\",\"@id\":\"https:\/\/psol50.org.br\/psol-pede-convocacao-de-paulo-guedes-para-que-ele-explique-pib-privado-e-pib-publico\/#article\",\"isPartOf\":{\"@id\":\"https:\/\/psol50.org.br\/psol-pede-convocacao-de-paulo-guedes-para-que-ele-explique-pib-privado-e-pib-publico\/\"},\"author\":{\"name\":\"Comunica\u00e7\u00e3o PSOL\",\"@id\":\"https:\/\/psol50.org.br\/#\/schema\/person\/475dfa57d0b815993c714c2e96491fcd\"},\"headline\":\"PSOL pede convoca\u00e7\u00e3o de Paulo Guedes para que ele explique &#8220;PIB Privado&#8221; e &#8220;PIB P\u00fablico&#8221;\",\"datePublished\":\"2020-03-11T14:06:00+00:00\",\"mainEntityOfPage\":{\"@id\":\"https:\/\/psol50.org.br\/psol-pede-convocacao-de-paulo-guedes-para-que-ele-explique-pib-privado-e-pib-publico\/\"},\"wordCount\":214,\"publisher\":{\"@id\":\"https:\/\/psol50.org.br\/#organization\"},\"image\":{\"@id\":\"https:\/\/psol50.org.br\/psol-pede-convocacao-de-paulo-guedes-para-que-ele-explique-pib-privado-e-pib-publico\/#primaryimage\"},\"thumbnailUrl\":\"https:\/\/psol50.org.br\/inc\/uploads\/2019\/04\/PauloGuedes-SergioLima-Poder360jan2019-BB-39-868x644-1.jpg\",\"keywords\":[\"c\u00e2mara\",\"convoca\u00e7\u00e3o\",\"economia\",\"Paulo Guedes\",\"pib privado\",\"pib p\u00fablico\",\"PSOL\"],\"articleSection\":[\"Not\u00edcias\"],\"inLanguage\":\"pt-BR\"},{\"@type\":\"WebPage\",\"@id\":\"https:\/\/psol50.org.br\/psol-pede-convocacao-de-paulo-guedes-para-que-ele-explique-pib-privado-e-pib-publico\/\",\"url\":\"https:\/\/psol50.org.br\/psol-pede-convocacao-de-paulo-guedes-para-que-ele-explique-pib-privado-e-pib-publico\/\",\"name\":\"PSOL pede convoca\u00e7\u00e3o de Paulo Guedes para que ele explique \\\"PIB Privado\\\" e \\\"PIB P\u00fablico\\\"\",\"isPartOf\":{\"@id\":\"https:\/\/psol50.org.br\/#website\"},\"primaryImageOfPage\":{\"@id\":\"https:\/\/psol50.org.br\/psol-pede-convocacao-de-paulo-guedes-para-que-ele-explique-pib-privado-e-pib-publico\/#primaryimage\"},\"image\":{\"@id\":\"https:\/\/psol50.org.br\/psol-pede-convocacao-de-paulo-guedes-para-que-ele-explique-pib-privado-e-pib-publico\/#primaryimage\"},\"thumbnailUrl\":\"https:\/\/psol50.org.br\/inc\/uploads\/2019\/04\/PauloGuedes-SergioLima-Poder360jan2019-BB-39-868x644-1.jpg\",\"datePublished\":\"2020-03-11T14:06:00+00:00\",\"description\":\"N\u00e3o h\u00e1 em qualquer bibliografia especializada a refer\u00eancia \u00e0 express\u00e3o \\\"PIB Privado\\\". O ministro pode ter a oportunidade de se explicar.\",\"breadcrumb\":{\"@id\":\"https:\/\/psol50.org.br\/psol-pede-convocacao-de-paulo-guedes-para-que-ele-explique-pib-privado-e-pib-publico\/#breadcrumb\"},\"inLanguage\":\"pt-BR\",\"potentialAction\":[{\"@type\":\"ReadAction\",\"target\":[\"https:\/\/psol50.org.br\/psol-pede-convocacao-de-paulo-guedes-para-que-ele-explique-pib-privado-e-pib-publico\/\"]}]},{\"@type\":\"ImageObject\",\"inLanguage\":\"pt-BR\",\"@id\":\"https:\/\/psol50.org.br\/psol-pede-convocacao-de-paulo-guedes-para-que-ele-explique-pib-privado-e-pib-publico\/#primaryimage\",\"url\":\"https:\/\/psol50.org.br\/inc\/uploads\/2019\/04\/PauloGuedes-SergioLima-Poder360jan2019-BB-39-868x644-1.jpg\",\"contentUrl\":\"https:\/\/psol50.org.br\/inc\/uploads\/2019\/04\/PauloGuedes-SergioLima-Poder360jan2019-BB-39-868x644-1.jpg\",\"width\":868,\"height\":644,\"caption\":\"Foto: S\u00e9rgio Lima\"},{\"@type\":\"BreadcrumbList\",\"@id\":\"https:\/\/psol50.org.br\/psol-pede-convocacao-de-paulo-guedes-para-que-ele-explique-pib-privado-e-pib-publico\/#breadcrumb\",\"itemListElement\":[{\"@type\":\"ListItem\",\"position\":1,\"name\":\"In\u00edcio\",\"item\":\"https:\/\/psol50.org.br\/\"},{\"@type\":\"ListItem\",\"position\":2,\"name\":\"PSOL pede convoca\u00e7\u00e3o de Paulo Guedes para que ele explique &#8220;PIB Privado&#8221; e &#8220;PIB P\u00fablico&#8221;\"}]},{\"@type\":\"WebSite\",\"@id\":\"https:\/\/psol50.org.br\/#website\",\"url\":\"https:\/\/psol50.org.br\/\",\"name\":\"PSOL 50\",\"description\":\"Site oficial do Partido Socialismo e Liberdade\",\"publisher\":{\"@id\":\"https:\/\/psol50.org.br\/#organization\"},\"alternateName\":\"PSOL50\",\"potentialAction\":[{\"@type\":\"SearchAction\",\"target\":{\"@type\":\"EntryPoint\",\"urlTemplate\":\"https:\/\/psol50.org.br\/?s={search_term_string}\"},\"query-input\":{\"@type\":\"PropertyValueSpecification\",\"valueRequired\":true,\"valueName\":\"search_term_string\"}}],\"inLanguage\":\"pt-BR\"},{\"@type\":\"Organization\",\"@id\":\"https:\/\/psol50.org.br\/#organization\",\"name\":\"PSOL 50\",\"alternateName\":\"PSOL 50\",\"url\":\"https:\/\/psol50.org.br\/\",\"logo\":{\"@type\":\"ImageObject\",\"inLanguage\":\"pt-BR\",\"@id\":\"https:\/\/psol50.org.br\/#\/schema\/logo\/image\/\",\"url\":\"https:\/\/psol50.org.br\/inc\/uploads\/2018\/07\/capa.png\",\"contentUrl\":\"https:\/\/psol50.org.br\/inc\/uploads\/2018\/07\/capa.png\",\"width\":1350,\"height\":900,\"caption\":\"PSOL 50\"},\"image\":{\"@id\":\"https:\/\/psol50.org.br\/#\/schema\/logo\/image\/\"},\"sameAs\":[\"https:\/\/www.facebook.com\/psol50\",\"https:\/\/x.com\/psol50\",\"https:\/\/www.instagram.com\/psol50\/\",\"https:\/\/www.youtube.com\/channel\/UC7SnJS5o1os7a6CaiNabzcg\"]},{\"@type\":\"Person\",\"@id\":\"https:\/\/psol50.org.br\/#\/schema\/person\/475dfa57d0b815993c714c2e96491fcd\",\"name\":\"Comunica\u00e7\u00e3o PSOL\",\"image\":{\"@type\":\"ImageObject\",\"inLanguage\":\"pt-BR\",\"@id\":\"https:\/\/psol50.org.br\/#\/schema\/person\/image\/\",\"url\":\"https:\/\/secure.gravatar.com\/avatar\/b34fc4f4e468a4e51785917065a3db57b841f5c95dba6ad8c73aaf8f66f8f9bf?s=96&d=mm&r=g\",\"contentUrl\":\"https:\/\/secure.gravatar.com\/avatar\/b34fc4f4e468a4e51785917065a3db57b841f5c95dba6ad8c73aaf8f66f8f9bf?s=96&d=mm&r=g\",\"caption\":\"Comunica\u00e7\u00e3o PSOL\"}}]}<\/script>\n<!-- \/ Yoast SEO plugin. -->","yoast_head_json":{"title":"PSOL pede convoca\u00e7\u00e3o de Paulo Guedes para que ele explique \"PIB Privado\" e \"PIB P\u00fablico\"","description":"N\u00e3o h\u00e1 em qualquer bibliografia especializada a refer\u00eancia \u00e0 express\u00e3o \"PIB Privado\". O ministro pode ter a oportunidade de se explicar.","robots":{"index":"index","follow":"follow","max-snippet":"max-snippet:-1","max-image-preview":"max-image-preview:large","max-video-preview":"max-video-preview:-1"},"canonical":"https:\/\/psol50.org.br\/psol-pede-convocacao-de-paulo-guedes-para-que-ele-explique-pib-privado-e-pib-publico\/","og_locale":"pt_BR","og_type":"article","og_title":"PSOL pede convoca\u00e7\u00e3o de Paulo Guedes para que ele explique \"PIB Privado\" e \"PIB P\u00fablico\"","og_description":"N\u00e3o h\u00e1 em qualquer bibliografia especializada a refer\u00eancia \u00e0 express\u00e3o \"PIB Privado\". O ministro pode ter a oportunidade de se explicar.","og_url":"https:\/\/psol50.org.br\/psol-pede-convocacao-de-paulo-guedes-para-que-ele-explique-pib-privado-e-pib-publico\/","og_site_name":"PSOL 50","article_publisher":"https:\/\/www.facebook.com\/psol50","article_published_time":"2020-03-11T14:06:00+00:00","og_image":[{"width":868,"height":644,"url":"https:\/\/psol50.org.br\/inc\/uploads\/2019\/04\/PauloGuedes-SergioLima-Poder360jan2019-BB-39-868x644-1.jpg","type":"image\/jpeg"}],"author":"Comunica\u00e7\u00e3o PSOL","twitter_card":"summary_large_image","twitter_title":"PSOL pede convoca\u00e7\u00e3o de Paulo Guedes para que ele explique \"PIB Privado\" e \"PIB P\u00fablico\"","twitter_description":"N\u00e3o h\u00e1 em qualquer bibliografia especializada a refer\u00eancia \u00e0 express\u00e3o \"PIB Privado\". O ministro pode ter a oportunidade de se explicar.","twitter_image":"https:\/\/psol50.org.br\/inc\/uploads\/2019\/04\/PauloGuedes-SergioLima-Poder360jan2019-BB-39-868x644-1.jpg","twitter_creator":"@psol50","twitter_site":"@psol50","twitter_misc":{"Escrito por":"Comunica\u00e7\u00e3o PSOL","Est. tempo de leitura":"1 minuto"},"schema":{"@context":"https:\/\/schema.org","@graph":[{"@type":"Article","@id":"https:\/\/psol50.org.br\/psol-pede-convocacao-de-paulo-guedes-para-que-ele-explique-pib-privado-e-pib-publico\/#article","isPartOf":{"@id":"https:\/\/psol50.org.br\/psol-pede-convocacao-de-paulo-guedes-para-que-ele-explique-pib-privado-e-pib-publico\/"},"author":{"name":"Comunica\u00e7\u00e3o PSOL","@id":"https:\/\/psol50.org.br\/#\/schema\/person\/475dfa57d0b815993c714c2e96491fcd"},"headline":"PSOL pede convoca\u00e7\u00e3o de Paulo Guedes para que ele explique &#8220;PIB Privado&#8221; e &#8220;PIB P\u00fablico&#8221;","datePublished":"2020-03-11T14:06:00+00:00","mainEntityOfPage":{"@id":"https:\/\/psol50.org.br\/psol-pede-convocacao-de-paulo-guedes-para-que-ele-explique-pib-privado-e-pib-publico\/"},"wordCount":214,"publisher":{"@id":"https:\/\/psol50.org.br\/#organization"},"image":{"@id":"https:\/\/psol50.org.br\/psol-pede-convocacao-de-paulo-guedes-para-que-ele-explique-pib-privado-e-pib-publico\/#primaryimage"},"thumbnailUrl":"https:\/\/psol50.org.br\/inc\/uploads\/2019\/04\/PauloGuedes-SergioLima-Poder360jan2019-BB-39-868x644-1.jpg","keywords":["c\u00e2mara","convoca\u00e7\u00e3o","economia","Paulo Guedes","pib privado","pib p\u00fablico","PSOL"],"articleSection":["Not\u00edcias"],"inLanguage":"pt-BR"},{"@type":"WebPage","@id":"https:\/\/psol50.org.br\/psol-pede-convocacao-de-paulo-guedes-para-que-ele-explique-pib-privado-e-pib-publico\/","url":"https:\/\/psol50.org.br\/psol-pede-convocacao-de-paulo-guedes-para-que-ele-explique-pib-privado-e-pib-publico\/","name":"PSOL pede convoca\u00e7\u00e3o de Paulo Guedes para que ele explique \"PIB Privado\" e \"PIB P\u00fablico\"","isPartOf":{"@id":"https:\/\/psol50.org.br\/#website"},"primaryImageOfPage":{"@id":"https:\/\/psol50.org.br\/psol-pede-convocacao-de-paulo-guedes-para-que-ele-explique-pib-privado-e-pib-publico\/#primaryimage"},"image":{"@id":"https:\/\/psol50.org.br\/psol-pede-convocacao-de-paulo-guedes-para-que-ele-explique-pib-privado-e-pib-publico\/#primaryimage"},"thumbnailUrl":"https:\/\/psol50.org.br\/inc\/uploads\/2019\/04\/PauloGuedes-SergioLima-Poder360jan2019-BB-39-868x644-1.jpg","datePublished":"2020-03-11T14:06:00+00:00","description":"N\u00e3o h\u00e1 em qualquer bibliografia especializada a refer\u00eancia \u00e0 express\u00e3o \"PIB Privado\". O ministro pode ter a oportunidade de se explicar.","breadcrumb":{"@id":"https:\/\/psol50.org.br\/psol-pede-convocacao-de-paulo-guedes-para-que-ele-explique-pib-privado-e-pib-publico\/#breadcrumb"},"inLanguage":"pt-BR","potentialAction":[{"@type":"ReadAction","target":["https:\/\/psol50.org.br\/psol-pede-convocacao-de-paulo-guedes-para-que-ele-explique-pib-privado-e-pib-publico\/"]}]},{"@type":"ImageObject","inLanguage":"pt-BR","@id":"https:\/\/psol50.org.br\/psol-pede-convocacao-de-paulo-guedes-para-que-ele-explique-pib-privado-e-pib-publico\/#primaryimage","url":"https:\/\/psol50.org.br\/inc\/uploads\/2019\/04\/PauloGuedes-SergioLima-Poder360jan2019-BB-39-868x644-1.jpg","contentUrl":"https:\/\/psol50.org.br\/inc\/uploads\/2019\/04\/PauloGuedes-SergioLima-Poder360jan2019-BB-39-868x644-1.jpg","width":868,"height":644,"caption":"Foto: S\u00e9rgio Lima"},{"@type":"BreadcrumbList","@id":"https:\/\/psol50.org.br\/psol-pede-convocacao-de-paulo-guedes-para-que-ele-explique-pib-privado-e-pib-publico\/#breadcrumb","itemListElement":[{"@type":"ListItem","position":1,"name":"In\u00edcio","item":"https:\/\/psol50.org.br\/"},{"@type":"ListItem","position":2,"name":"PSOL pede convoca\u00e7\u00e3o de Paulo Guedes para que ele explique &#8220;PIB Privado&#8221; e &#8220;PIB P\u00fablico&#8221;"}]},{"@type":"WebSite","@id":"https:\/\/psol50.org.br\/#website","url":"https:\/\/psol50.org.br\/","name":"PSOL 50","description":"Site oficial do Partido Socialismo e Liberdade","publisher":{"@id":"https:\/\/psol50.org.br\/#organization"},"alternateName":"PSOL50","potentialAction":[{"@type":"SearchAction","target":{"@type":"EntryPoint","urlTemplate":"https:\/\/psol50.org.br\/?s={search_term_string}"},"query-input":{"@type":"PropertyValueSpecification","valueRequired":true,"valueName":"search_term_string"}}],"inLanguage":"pt-BR"},{"@type":"Organization","@id":"https:\/\/psol50.org.br\/#organization","name":"PSOL 50","alternateName":"PSOL 50","url":"https:\/\/psol50.org.br\/","logo":{"@type":"ImageObject","inLanguage":"pt-BR","@id":"https:\/\/psol50.org.br\/#\/schema\/logo\/image\/","url":"https:\/\/psol50.org.br\/inc\/uploads\/2018\/07\/capa.png","contentUrl":"https:\/\/psol50.org.br\/inc\/uploads\/2018\/07\/capa.png","width":1350,"height":900,"caption":"PSOL 50"},"image":{"@id":"https:\/\/psol50.org.br\/#\/schema\/logo\/image\/"},"sameAs":["https:\/\/www.facebook.com\/psol50","https:\/\/x.com\/psol50","https:\/\/www.instagram.com\/psol50\/","https:\/\/www.youtube.com\/channel\/UC7SnJS5o1os7a6CaiNabzcg"]},{"@type":"Person","@id":"https:\/\/psol50.org.br\/#\/schema\/person\/475dfa57d0b815993c714c2e96491fcd","name":"Comunica\u00e7\u00e3o PSOL","image":{"@type":"ImageObject","inLanguage":"pt-BR","@id":"https:\/\/psol50.org.br\/#\/schema\/person\/image\/","url":"https:\/\/secure.gravatar.com\/avatar\/b34fc4f4e468a4e51785917065a3db57b841f5c95dba6ad8c73aaf8f66f8f9bf?s=96&d=mm&r=g","contentUrl":"https:\/\/secure.gravatar.com\/avatar\/b34fc4f4e468a4e51785917065a3db57b841f5c95dba6ad8c73aaf8f66f8f9bf?s=96&d=mm&r=g","caption":"Comunica\u00e7\u00e3o PSOL"}}]}},"_links":{"self":[{"href":"https:\/\/psol50.org.br\/rest\/wp\/v2\/posts\/27740","targetHints":{"allow":["GET"]}}],"collection":[{"href":"https:\/\/psol50.org.br\/rest\/wp\/v2\/posts"}],"about":[{"href":"https:\/\/psol50.org.br\/rest\/wp\/v2\/types\/post"}],"author":[{"embeddable":true,"href":"https:\/\/psol50.org.br\/rest\/wp\/v2\/users\/2"}],"replies":[{"embeddable":true,"href":"https:\/\/psol50.org.br\/rest\/wp\/v2\/comments?post=27740"}],"version-history":[{"count":0,"href":"https:\/\/psol50.org.br\/rest\/wp\/v2\/posts\/27740\/revisions"}],"wp:featuredmedia":[{"embeddable":true,"href":"https:\/\/psol50.org.br\/rest\/wp\/v2\/media\/25004"}],"wp:attachment":[{"href":"https:\/\/psol50.org.br\/rest\/wp\/v2\/media?parent=27740"}],"wp:term":[{"taxonomy":"category","embeddable":true,"href":"https:\/\/psol50.org.br\/rest\/wp\/v2\/categories?post=27740"},{"taxonomy":"post_tag","embeddable":true,"href":"https:\/\/psol50.org.br\/rest\/wp\/v2\/tags?post=27740"}],"curies":[{"name":"wp","href":"https:\/\/api.w.org\/{rel}","templated":true}]}}