{"id":27746,"date":"2020-03-11T17:01:58","date_gmt":"2020-03-11T20:01:58","guid":{"rendered":"https:\/\/psol50.org.br\/?p=27746"},"modified":"2020-03-11T17:01:58","modified_gmt":"2020-03-11T20:01:58","slug":"psol-aciona-pgr-sobre-divulgacao-de-protestos-contra-a-democracia-em-redes-sociais-do-governo-bolsonaro","status":"publish","type":"post","link":"https:\/\/psol50.org.br\/psol-aciona-pgr-sobre-divulgacao-de-protestos-contra-a-democracia-em-redes-sociais-do-governo-bolsonaro\/","title":{"rendered":"PSOL aciona PGR sobre divulga\u00e7\u00e3o de protestos contra a democracia em redes sociais do governo Bolsonaro"},"content":{"rendered":"<p>A bancada do PSOL na C\u00e2mara protocolou nesta quarta-feira (11) uma <strong><a href=\"https:\/\/psol50.org.br\/inc\/uploads\/2020\/03\/Representac\u0327a\u0303o-SECOM-ato-contra-o-congresso.docx.pdf\">representa\u00e7\u00e3o na Procuradoria-Geral da Rep\u00fablica (PGR)<\/a><\/strong> para que seja investigada a divulga\u00e7\u00e3o pelo Twitter oficial da Secretaria de Comunica\u00e7\u00e3o do Pal\u00e1cio do Planalto (Secom) de protestos contra o Congresso e a favor de Jair Bolsonaro.<\/p>\n<p>Os deputados solicitaram apura\u00e7\u00f5es contra Jair Bolsonaro,\u00a0Fabio Wajngarten, o secret\u00e1rio de Comunica\u00e7\u00e3o, e o general Luiz Ramos, ministro da Secretaria de Governo.<\/p>\n<blockquote class=\"twitter-tweet\" data-width=\"550\" data-dnt=\"true\">\n<p lang=\"pt\" dir=\"ltr\">A visita do presidente <a href=\"https:\/\/twitter.com\/jairbolsonaro?ref_src=twsrc%5Etfw\">@jairbolsonaro<\/a> aos EUA incluiu um encontro com a comunidade brasileira que vive na Fl\u00f3rida. Em seu discurso, ele destacou a legitimidade das manifesta\u00e7\u00f5es populares previstas para o dia 15 de mar\u00e7o em todo o Brasil. <a href=\"https:\/\/t.co\/vcAe2m2Gi8\">pic.twitter.com\/vcAe2m2Gi8<\/a><\/p>\n<p>&mdash; SecomVc (@secomvc) <a href=\"https:\/\/twitter.com\/secomvc\/status\/1237522976280424449?ref_src=twsrc%5Etfw\">March 10, 2020<\/a><\/p><\/blockquote>\n<p><script async src=\"https:\/\/platform.twitter.com\/widgets.js\" charset=\"utf-8\"><\/script><\/p>\n<p>H\u00e1 duas semanas, a crise institucional se agravou ap\u00f3s Jair Bolsonaro divulgar pelo Whatsapp a convoca\u00e7\u00e3o de atos contra o Congresso e o STF para mar\u00e7o. Nesta quarta-feira, o Twitter da Secom publicou uma foto de manifestantes de verde e amarelo, afirmando que as manifesta\u00e7\u00f5es ser\u00e3o &#8220;a favor do Brasil&#8221;.<\/p>\n<p>O PSOL afirma na representa\u00e7\u00e3o que &#8220;a divulga\u00e7\u00e3o de mensagens de natureza eminentemente antidemocr\u00e1ticas por parte da p\u00e1gina oficial da Secom no Twitter causa espanto&#8221;, e que a Constitui\u00e7\u00e3o vem sendo &#8220;sistematicamente violada&#8221; no governo Bolsonaro.<\/p>\n","protected":false},"excerpt":{"rendered":"<p>A bancada do PSOL na C\u00e2mara protocolou nesta quarta-feira (11) uma representa\u00e7\u00e3o na Procuradoria-Geral da Rep\u00fablica (PGR) para que seja investigada a divulga\u00e7\u00e3o pelo Twitter oficial da Secretaria de Comunica\u00e7\u00e3o do Pal\u00e1cio do Planalto (Secom) de protestos contra o Congresso e a favor de Jair Bolsonaro. Os deputados solicitaram apura\u00e7\u00f5es contra Jair Bolsonaro,\u00a0Fabio Wajngarten, o [&hellip;]<\/p>\n","protected":false},"author":2,"featured_media":26365,"comment_status":"closed","ping_status":"open","sticky":false,"template":"","format":"standard","meta":{"_acf_changed":false,"footnotes":""},"categories":[10,6],"tags":[56,70,314,77,22,60],"class_list":{"0":"post-27746","1":"post","2":"type-post","3":"status-publish","4":"format-standard","5":"has-post-thumbnail","7":"category-acao-parlamentares","8":"category-noticias","9":"tag-bolsonaro","10":"tag-congresso","11":"tag-manifestacoes","12":"tag-pgr","13":"tag-psol","14":"tag-secom"},"acf":[],"yoast_head":"<!-- This site is optimized with the Yoast SEO plugin v26.5 - https:\/\/yoast.com\/wordpress\/plugins\/seo\/ -->\n<title>PSOL aciona PGR sobre divulga\u00e7\u00e3o de protestos contra a democracia em redes sociais do governo Bolsonaro<\/title>\n<meta name=\"description\" content=\"O Twitter da Secom publicou uma foto de manifestantes de verde e amarelo, afirmando que as manifesta\u00e7\u00f5es ser\u00e3o &quot;a favor do Brasil&quot;.\" \/>\n<meta name=\"robots\" content=\"index, follow, max-snippet:-1, max-image-preview:large, max-video-preview:-1\" \/>\n<link rel=\"canonical\" href=\"https:\/\/psol50.org.br\/psol-aciona-pgr-sobre-divulgacao-de-protestos-contra-a-democracia-em-redes-sociais-do-governo-bolsonaro\/\" \/>\n<meta property=\"og:locale\" content=\"pt_BR\" \/>\n<meta property=\"og:type\" content=\"article\" \/>\n<meta property=\"og:title\" content=\"PSOL aciona PGR sobre divulga\u00e7\u00e3o de protestos contra a democracia em redes sociais do governo Bolsonaro\" \/>\n<meta property=\"og:description\" content=\"O Twitter da Secom publicou uma foto de manifestantes de verde e amarelo, afirmando que as manifesta\u00e7\u00f5es ser\u00e3o &quot;a favor do Brasil&quot;.\" \/>\n<meta property=\"og:url\" content=\"https:\/\/psol50.org.br\/psol-aciona-pgr-sobre-divulgacao-de-protestos-contra-a-democracia-em-redes-sociais-do-governo-bolsonaro\/\" \/>\n<meta property=\"og:site_name\" content=\"PSOL 50\" \/>\n<meta property=\"article:publisher\" content=\"https:\/\/www.facebook.com\/psol50\" \/>\n<meta property=\"article:published_time\" content=\"2020-03-11T20:01:58+00:00\" \/>\n<meta property=\"og:image\" content=\"https:\/\/psol50.org.br\/inc\/uploads\/2019\/09\/Bolsonaro.MARCOS-CORREA-PR.png\" \/>\n\t<meta property=\"og:image:width\" content=\"1200\" \/>\n\t<meta property=\"og:image:height\" content=\"720\" \/>\n\t<meta property=\"og:image:type\" content=\"image\/png\" \/>\n<meta name=\"author\" content=\"Comunica\u00e7\u00e3o PSOL\" \/>\n<meta name=\"twitter:card\" content=\"summary_large_image\" \/>\n<meta name=\"twitter:title\" content=\"PSOL aciona PGR sobre divulga\u00e7\u00e3o de protestos contra a democracia em redes sociais do governo Bolsonaro\" \/>\n<meta name=\"twitter:description\" content=\"O Twitter da Secom publicou uma foto de manifestantes de verde e amarelo, afirmando que as manifesta\u00e7\u00f5es ser\u00e3o &quot;a favor do Brasil&quot;.\" \/>\n<meta name=\"twitter:image\" content=\"https:\/\/psol50.org.br\/inc\/uploads\/2019\/09\/Bolsonaro.MARCOS-CORREA-PR.png\" \/>\n<meta name=\"twitter:creator\" content=\"@psol50\" \/>\n<meta name=\"twitter:site\" content=\"@psol50\" \/>\n<meta name=\"twitter:label1\" content=\"Escrito por\" \/>\n\t<meta name=\"twitter:data1\" content=\"Comunica\u00e7\u00e3o PSOL\" \/>\n\t<meta name=\"twitter:label2\" content=\"Est. tempo de leitura\" \/>\n\t<meta name=\"twitter:data2\" content=\"1 minuto\" \/>\n<script type=\"application\/ld+json\" class=\"yoast-schema-graph\">{\"@context\":\"https:\/\/schema.org\",\"@graph\":[{\"@type\":\"Article\",\"@id\":\"https:\/\/psol50.org.br\/psol-aciona-pgr-sobre-divulgacao-de-protestos-contra-a-democracia-em-redes-sociais-do-governo-bolsonaro\/#article\",\"isPartOf\":{\"@id\":\"https:\/\/psol50.org.br\/psol-aciona-pgr-sobre-divulgacao-de-protestos-contra-a-democracia-em-redes-sociais-do-governo-bolsonaro\/\"},\"author\":{\"name\":\"Comunica\u00e7\u00e3o PSOL\",\"@id\":\"https:\/\/psol50.org.br\/#\/schema\/person\/475dfa57d0b815993c714c2e96491fcd\"},\"headline\":\"PSOL aciona PGR sobre divulga\u00e7\u00e3o de protestos contra a democracia em redes sociais do governo Bolsonaro\",\"datePublished\":\"2020-03-11T20:01:58+00:00\",\"mainEntityOfPage\":{\"@id\":\"https:\/\/psol50.org.br\/psol-aciona-pgr-sobre-divulgacao-de-protestos-contra-a-democracia-em-redes-sociais-do-governo-bolsonaro\/\"},\"wordCount\":195,\"publisher\":{\"@id\":\"https:\/\/psol50.org.br\/#organization\"},\"image\":{\"@id\":\"https:\/\/psol50.org.br\/psol-aciona-pgr-sobre-divulgacao-de-protestos-contra-a-democracia-em-redes-sociais-do-governo-bolsonaro\/#primaryimage\"},\"thumbnailUrl\":\"https:\/\/psol50.org.br\/inc\/uploads\/2019\/09\/Bolsonaro.MARCOS-CORREA-PR.png\",\"keywords\":[\"Bolsonaro\",\"Congresso\",\"manifesta\u00e7\u00f5es\",\"PGR\",\"PSOL\",\"secom\"],\"articleSection\":[\"A\u00e7\u00e3o Parlamentar\",\"Not\u00edcias\"],\"inLanguage\":\"pt-BR\"},{\"@type\":\"WebPage\",\"@id\":\"https:\/\/psol50.org.br\/psol-aciona-pgr-sobre-divulgacao-de-protestos-contra-a-democracia-em-redes-sociais-do-governo-bolsonaro\/\",\"url\":\"https:\/\/psol50.org.br\/psol-aciona-pgr-sobre-divulgacao-de-protestos-contra-a-democracia-em-redes-sociais-do-governo-bolsonaro\/\",\"name\":\"PSOL aciona PGR sobre divulga\u00e7\u00e3o de protestos contra a democracia em redes sociais do governo Bolsonaro\",\"isPartOf\":{\"@id\":\"https:\/\/psol50.org.br\/#website\"},\"primaryImageOfPage\":{\"@id\":\"https:\/\/psol50.org.br\/psol-aciona-pgr-sobre-divulgacao-de-protestos-contra-a-democracia-em-redes-sociais-do-governo-bolsonaro\/#primaryimage\"},\"image\":{\"@id\":\"https:\/\/psol50.org.br\/psol-aciona-pgr-sobre-divulgacao-de-protestos-contra-a-democracia-em-redes-sociais-do-governo-bolsonaro\/#primaryimage\"},\"thumbnailUrl\":\"https:\/\/psol50.org.br\/inc\/uploads\/2019\/09\/Bolsonaro.MARCOS-CORREA-PR.png\",\"datePublished\":\"2020-03-11T20:01:58+00:00\",\"description\":\"O Twitter da Secom publicou uma foto de manifestantes de verde e amarelo, afirmando que as manifesta\u00e7\u00f5es ser\u00e3o \\\"a favor do Brasil\\\".\",\"breadcrumb\":{\"@id\":\"https:\/\/psol50.org.br\/psol-aciona-pgr-sobre-divulgacao-de-protestos-contra-a-democracia-em-redes-sociais-do-governo-bolsonaro\/#breadcrumb\"},\"inLanguage\":\"pt-BR\",\"potentialAction\":[{\"@type\":\"ReadAction\",\"target\":[\"https:\/\/psol50.org.br\/psol-aciona-pgr-sobre-divulgacao-de-protestos-contra-a-democracia-em-redes-sociais-do-governo-bolsonaro\/\"]}]},{\"@type\":\"ImageObject\",\"inLanguage\":\"pt-BR\",\"@id\":\"https:\/\/psol50.org.br\/psol-aciona-pgr-sobre-divulgacao-de-protestos-contra-a-democracia-em-redes-sociais-do-governo-bolsonaro\/#primaryimage\",\"url\":\"https:\/\/psol50.org.br\/inc\/uploads\/2019\/09\/Bolsonaro.MARCOS-CORREA-PR.png\",\"contentUrl\":\"https:\/\/psol50.org.br\/inc\/uploads\/2019\/09\/Bolsonaro.MARCOS-CORREA-PR.png\",\"width\":1200,\"height\":720,\"caption\":\"Marcos Corr\u00eaa\/PR\"},{\"@type\":\"BreadcrumbList\",\"@id\":\"https:\/\/psol50.org.br\/psol-aciona-pgr-sobre-divulgacao-de-protestos-contra-a-democracia-em-redes-sociais-do-governo-bolsonaro\/#breadcrumb\",\"itemListElement\":[{\"@type\":\"ListItem\",\"position\":1,\"name\":\"In\u00edcio\",\"item\":\"https:\/\/psol50.org.br\/\"},{\"@type\":\"ListItem\",\"position\":2,\"name\":\"PSOL aciona PGR sobre divulga\u00e7\u00e3o de protestos contra a democracia em redes sociais do governo Bolsonaro\"}]},{\"@type\":\"WebSite\",\"@id\":\"https:\/\/psol50.org.br\/#website\",\"url\":\"https:\/\/psol50.org.br\/\",\"name\":\"PSOL 50\",\"description\":\"Site oficial do Partido Socialismo e Liberdade\",\"publisher\":{\"@id\":\"https:\/\/psol50.org.br\/#organization\"},\"alternateName\":\"PSOL50\",\"potentialAction\":[{\"@type\":\"SearchAction\",\"target\":{\"@type\":\"EntryPoint\",\"urlTemplate\":\"https:\/\/psol50.org.br\/?s={search_term_string}\"},\"query-input\":{\"@type\":\"PropertyValueSpecification\",\"valueRequired\":true,\"valueName\":\"search_term_string\"}}],\"inLanguage\":\"pt-BR\"},{\"@type\":\"Organization\",\"@id\":\"https:\/\/psol50.org.br\/#organization\",\"name\":\"PSOL 50\",\"alternateName\":\"PSOL 50\",\"url\":\"https:\/\/psol50.org.br\/\",\"logo\":{\"@type\":\"ImageObject\",\"inLanguage\":\"pt-BR\",\"@id\":\"https:\/\/psol50.org.br\/#\/schema\/logo\/image\/\",\"url\":\"https:\/\/psol50.org.br\/inc\/uploads\/2018\/07\/capa.png\",\"contentUrl\":\"https:\/\/psol50.org.br\/inc\/uploads\/2018\/07\/capa.png\",\"width\":1350,\"height\":900,\"caption\":\"PSOL 50\"},\"image\":{\"@id\":\"https:\/\/psol50.org.br\/#\/schema\/logo\/image\/\"},\"sameAs\":[\"https:\/\/www.facebook.com\/psol50\",\"https:\/\/x.com\/psol50\",\"https:\/\/www.instagram.com\/psol50\/\",\"https:\/\/www.youtube.com\/channel\/UC7SnJS5o1os7a6CaiNabzcg\"]},{\"@type\":\"Person\",\"@id\":\"https:\/\/psol50.org.br\/#\/schema\/person\/475dfa57d0b815993c714c2e96491fcd\",\"name\":\"Comunica\u00e7\u00e3o PSOL\",\"image\":{\"@type\":\"ImageObject\",\"inLanguage\":\"pt-BR\",\"@id\":\"https:\/\/psol50.org.br\/#\/schema\/person\/image\/\",\"url\":\"https:\/\/secure.gravatar.com\/avatar\/b34fc4f4e468a4e51785917065a3db57b841f5c95dba6ad8c73aaf8f66f8f9bf?s=96&d=mm&r=g\",\"contentUrl\":\"https:\/\/secure.gravatar.com\/avatar\/b34fc4f4e468a4e51785917065a3db57b841f5c95dba6ad8c73aaf8f66f8f9bf?s=96&d=mm&r=g\",\"caption\":\"Comunica\u00e7\u00e3o PSOL\"}}]}<\/script>\n<!-- \/ Yoast SEO plugin. -->","yoast_head_json":{"title":"PSOL aciona PGR sobre divulga\u00e7\u00e3o de protestos contra a democracia em redes sociais do governo Bolsonaro","description":"O Twitter da Secom publicou uma foto de manifestantes de verde e amarelo, afirmando que as manifesta\u00e7\u00f5es ser\u00e3o \"a favor do Brasil\".","robots":{"index":"index","follow":"follow","max-snippet":"max-snippet:-1","max-image-preview":"max-image-preview:large","max-video-preview":"max-video-preview:-1"},"canonical":"https:\/\/psol50.org.br\/psol-aciona-pgr-sobre-divulgacao-de-protestos-contra-a-democracia-em-redes-sociais-do-governo-bolsonaro\/","og_locale":"pt_BR","og_type":"article","og_title":"PSOL aciona PGR sobre divulga\u00e7\u00e3o de protestos contra a democracia em redes sociais do governo Bolsonaro","og_description":"O Twitter da Secom publicou uma foto de manifestantes de verde e amarelo, afirmando que as manifesta\u00e7\u00f5es ser\u00e3o \"a favor do Brasil\".","og_url":"https:\/\/psol50.org.br\/psol-aciona-pgr-sobre-divulgacao-de-protestos-contra-a-democracia-em-redes-sociais-do-governo-bolsonaro\/","og_site_name":"PSOL 50","article_publisher":"https:\/\/www.facebook.com\/psol50","article_published_time":"2020-03-11T20:01:58+00:00","og_image":[{"width":1200,"height":720,"url":"https:\/\/psol50.org.br\/inc\/uploads\/2019\/09\/Bolsonaro.MARCOS-CORREA-PR.png","type":"image\/png"}],"author":"Comunica\u00e7\u00e3o PSOL","twitter_card":"summary_large_image","twitter_title":"PSOL aciona PGR sobre divulga\u00e7\u00e3o de protestos contra a democracia em redes sociais do governo Bolsonaro","twitter_description":"O Twitter da Secom publicou uma foto de manifestantes de verde e amarelo, afirmando que as manifesta\u00e7\u00f5es ser\u00e3o \"a favor do Brasil\".","twitter_image":"https:\/\/psol50.org.br\/inc\/uploads\/2019\/09\/Bolsonaro.MARCOS-CORREA-PR.png","twitter_creator":"@psol50","twitter_site":"@psol50","twitter_misc":{"Escrito por":"Comunica\u00e7\u00e3o PSOL","Est. tempo de leitura":"1 minuto"},"schema":{"@context":"https:\/\/schema.org","@graph":[{"@type":"Article","@id":"https:\/\/psol50.org.br\/psol-aciona-pgr-sobre-divulgacao-de-protestos-contra-a-democracia-em-redes-sociais-do-governo-bolsonaro\/#article","isPartOf":{"@id":"https:\/\/psol50.org.br\/psol-aciona-pgr-sobre-divulgacao-de-protestos-contra-a-democracia-em-redes-sociais-do-governo-bolsonaro\/"},"author":{"name":"Comunica\u00e7\u00e3o PSOL","@id":"https:\/\/psol50.org.br\/#\/schema\/person\/475dfa57d0b815993c714c2e96491fcd"},"headline":"PSOL aciona PGR sobre divulga\u00e7\u00e3o de protestos contra a democracia em redes sociais do governo Bolsonaro","datePublished":"2020-03-11T20:01:58+00:00","mainEntityOfPage":{"@id":"https:\/\/psol50.org.br\/psol-aciona-pgr-sobre-divulgacao-de-protestos-contra-a-democracia-em-redes-sociais-do-governo-bolsonaro\/"},"wordCount":195,"publisher":{"@id":"https:\/\/psol50.org.br\/#organization"},"image":{"@id":"https:\/\/psol50.org.br\/psol-aciona-pgr-sobre-divulgacao-de-protestos-contra-a-democracia-em-redes-sociais-do-governo-bolsonaro\/#primaryimage"},"thumbnailUrl":"https:\/\/psol50.org.br\/inc\/uploads\/2019\/09\/Bolsonaro.MARCOS-CORREA-PR.png","keywords":["Bolsonaro","Congresso","manifesta\u00e7\u00f5es","PGR","PSOL","secom"],"articleSection":["A\u00e7\u00e3o Parlamentar","Not\u00edcias"],"inLanguage":"pt-BR"},{"@type":"WebPage","@id":"https:\/\/psol50.org.br\/psol-aciona-pgr-sobre-divulgacao-de-protestos-contra-a-democracia-em-redes-sociais-do-governo-bolsonaro\/","url":"https:\/\/psol50.org.br\/psol-aciona-pgr-sobre-divulgacao-de-protestos-contra-a-democracia-em-redes-sociais-do-governo-bolsonaro\/","name":"PSOL aciona PGR sobre divulga\u00e7\u00e3o de protestos contra a democracia em redes sociais do governo Bolsonaro","isPartOf":{"@id":"https:\/\/psol50.org.br\/#website"},"primaryImageOfPage":{"@id":"https:\/\/psol50.org.br\/psol-aciona-pgr-sobre-divulgacao-de-protestos-contra-a-democracia-em-redes-sociais-do-governo-bolsonaro\/#primaryimage"},"image":{"@id":"https:\/\/psol50.org.br\/psol-aciona-pgr-sobre-divulgacao-de-protestos-contra-a-democracia-em-redes-sociais-do-governo-bolsonaro\/#primaryimage"},"thumbnailUrl":"https:\/\/psol50.org.br\/inc\/uploads\/2019\/09\/Bolsonaro.MARCOS-CORREA-PR.png","datePublished":"2020-03-11T20:01:58+00:00","description":"O Twitter da Secom publicou uma foto de manifestantes de verde e amarelo, afirmando que as manifesta\u00e7\u00f5es ser\u00e3o \"a favor do Brasil\".","breadcrumb":{"@id":"https:\/\/psol50.org.br\/psol-aciona-pgr-sobre-divulgacao-de-protestos-contra-a-democracia-em-redes-sociais-do-governo-bolsonaro\/#breadcrumb"},"inLanguage":"pt-BR","potentialAction":[{"@type":"ReadAction","target":["https:\/\/psol50.org.br\/psol-aciona-pgr-sobre-divulgacao-de-protestos-contra-a-democracia-em-redes-sociais-do-governo-bolsonaro\/"]}]},{"@type":"ImageObject","inLanguage":"pt-BR","@id":"https:\/\/psol50.org.br\/psol-aciona-pgr-sobre-divulgacao-de-protestos-contra-a-democracia-em-redes-sociais-do-governo-bolsonaro\/#primaryimage","url":"https:\/\/psol50.org.br\/inc\/uploads\/2019\/09\/Bolsonaro.MARCOS-CORREA-PR.png","contentUrl":"https:\/\/psol50.org.br\/inc\/uploads\/2019\/09\/Bolsonaro.MARCOS-CORREA-PR.png","width":1200,"height":720,"caption":"Marcos Corr\u00eaa\/PR"},{"@type":"BreadcrumbList","@id":"https:\/\/psol50.org.br\/psol-aciona-pgr-sobre-divulgacao-de-protestos-contra-a-democracia-em-redes-sociais-do-governo-bolsonaro\/#breadcrumb","itemListElement":[{"@type":"ListItem","position":1,"name":"In\u00edcio","item":"https:\/\/psol50.org.br\/"},{"@type":"ListItem","position":2,"name":"PSOL aciona PGR sobre divulga\u00e7\u00e3o de protestos contra a democracia em redes sociais do governo Bolsonaro"}]},{"@type":"WebSite","@id":"https:\/\/psol50.org.br\/#website","url":"https:\/\/psol50.org.br\/","name":"PSOL 50","description":"Site oficial do Partido Socialismo e Liberdade","publisher":{"@id":"https:\/\/psol50.org.br\/#organization"},"alternateName":"PSOL50","potentialAction":[{"@type":"SearchAction","target":{"@type":"EntryPoint","urlTemplate":"https:\/\/psol50.org.br\/?s={search_term_string}"},"query-input":{"@type":"PropertyValueSpecification","valueRequired":true,"valueName":"search_term_string"}}],"inLanguage":"pt-BR"},{"@type":"Organization","@id":"https:\/\/psol50.org.br\/#organization","name":"PSOL 50","alternateName":"PSOL 50","url":"https:\/\/psol50.org.br\/","logo":{"@type":"ImageObject","inLanguage":"pt-BR","@id":"https:\/\/psol50.org.br\/#\/schema\/logo\/image\/","url":"https:\/\/psol50.org.br\/inc\/uploads\/2018\/07\/capa.png","contentUrl":"https:\/\/psol50.org.br\/inc\/uploads\/2018\/07\/capa.png","width":1350,"height":900,"caption":"PSOL 50"},"image":{"@id":"https:\/\/psol50.org.br\/#\/schema\/logo\/image\/"},"sameAs":["https:\/\/www.facebook.com\/psol50","https:\/\/x.com\/psol50","https:\/\/www.instagram.com\/psol50\/","https:\/\/www.youtube.com\/channel\/UC7SnJS5o1os7a6CaiNabzcg"]},{"@type":"Person","@id":"https:\/\/psol50.org.br\/#\/schema\/person\/475dfa57d0b815993c714c2e96491fcd","name":"Comunica\u00e7\u00e3o PSOL","image":{"@type":"ImageObject","inLanguage":"pt-BR","@id":"https:\/\/psol50.org.br\/#\/schema\/person\/image\/","url":"https:\/\/secure.gravatar.com\/avatar\/b34fc4f4e468a4e51785917065a3db57b841f5c95dba6ad8c73aaf8f66f8f9bf?s=96&d=mm&r=g","contentUrl":"https:\/\/secure.gravatar.com\/avatar\/b34fc4f4e468a4e51785917065a3db57b841f5c95dba6ad8c73aaf8f66f8f9bf?s=96&d=mm&r=g","caption":"Comunica\u00e7\u00e3o PSOL"}}]}},"_links":{"self":[{"href":"https:\/\/psol50.org.br\/rest\/wp\/v2\/posts\/27746","targetHints":{"allow":["GET"]}}],"collection":[{"href":"https:\/\/psol50.org.br\/rest\/wp\/v2\/posts"}],"about":[{"href":"https:\/\/psol50.org.br\/rest\/wp\/v2\/types\/post"}],"author":[{"embeddable":true,"href":"https:\/\/psol50.org.br\/rest\/wp\/v2\/users\/2"}],"replies":[{"embeddable":true,"href":"https:\/\/psol50.org.br\/rest\/wp\/v2\/comments?post=27746"}],"version-history":[{"count":0,"href":"https:\/\/psol50.org.br\/rest\/wp\/v2\/posts\/27746\/revisions"}],"wp:featuredmedia":[{"embeddable":true,"href":"https:\/\/psol50.org.br\/rest\/wp\/v2\/media\/26365"}],"wp:attachment":[{"href":"https:\/\/psol50.org.br\/rest\/wp\/v2\/media?parent=27746"}],"wp:term":[{"taxonomy":"category","embeddable":true,"href":"https:\/\/psol50.org.br\/rest\/wp\/v2\/categories?post=27746"},{"taxonomy":"post_tag","embeddable":true,"href":"https:\/\/psol50.org.br\/rest\/wp\/v2\/tags?post=27746"}],"curies":[{"name":"wp","href":"https:\/\/api.w.org\/{rel}","templated":true}]}}