{"id":27751,"date":"2020-03-11T17:53:30","date_gmt":"2020-03-11T20:53:30","guid":{"rendered":"https:\/\/psol50.org.br\/?p=27751"},"modified":"2020-03-11T17:53:30","modified_gmt":"2020-03-11T20:53:30","slug":"manifestacoes-e-atividades-pelo-brasil-vao-marcar-este-14m-para-exigir-justica-para-marielle-franco","status":"publish","type":"post","link":"https:\/\/psol50.org.br\/manifestacoes-e-atividades-pelo-brasil-vao-marcar-este-14m-para-exigir-justica-para-marielle-franco\/","title":{"rendered":"Manifesta\u00e7\u00f5es e atividades pelo Brasil v\u00e3o marcar este #14M para exigir justi\u00e7a para Marielle Franco"},"content":{"rendered":"<p>Neste s\u00e1bado (14) vai completar dois anos do brutal assassinato pol\u00edtico da vereadora do PSOL Marielle Franco e seu motorista Anderson Gomes na cidade do Rio de Janeiro. Desde ent\u00e3o, muitas perguntas seguem sem respostas. Quem mandou Marielle? Por qu\u00ea?<\/p>\n<p>Para celebrar a mem\u00f3ria de Marielle Franco, mulher, negra, LGBT, cria da Mar\u00e9 e socialista, al\u00e9m de seguir exigindo respostas e justi\u00e7a deste crime b\u00e1rbaro, diversas manifesta\u00e7\u00f5es e atividades acontecer\u00e3o pelo Brasil neste final de semana, especialmente neste dia 14 de mar\u00e7o.<\/p>\n<h6>Confira algumas das atividades e manifesta\u00e7\u00f5es confirmadas:<\/h6>\n<p><strong>RJ<\/strong><br \/>\nRio de Janeiro: Dia 14 &#8211; o dia todo<br \/>\n7h \u00e0s 9h &#8211; Amanhecer no mundo inteiro e depois na Pra\u00e7a Mau\u00e1<br \/>\n9h \u00e0s 11h &#8211; Ato Ecum\u00eanico no Largo de S\u00e3o Francisco da Prainha<br \/>\n14h \u00e0s 16h &#8211; Aula p\u00fablica no Largo de S\u00e3o Francisco da Prainha<br \/>\n16h \u00e0s 17h &#8211; Ato Pol\u00edtico do Lgo. de S\u00e3o Francisco da Prainha at\u00e9 a Pra\u00e7a Mau\u00e1<br \/>\n17h \u00e0s 22h &#8211; Festival na Pra\u00e7a Mau\u00e1<\/p>\n<p><strong>SP<br \/>\n<\/strong>S\u00e3o Paulo: Dia 14 \u2013 17h \u2013 Pra\u00e7a do Ciclista<br \/>\nSorocaba: Dia 13 &#8211; 19h &#8211; Debate na C\u00e2mara Municipal de Sorocaba<br \/>\nCampinas: Dia 14 \u2013 9h \u2013 Em frente \u00e0 Catedral<br \/>\nSantos: Dia 14 \u2013 10h \u2013 Pra\u00e7a das Bandeiras<br \/>\nOsasco: Dia 14 \u2013 10h \u2013 Cal\u00e7ad\u00e3o da Ant\u00f4nio Agu<\/p>\n<p><strong>MG<br \/>\n<\/strong>Belo Horizonte: Dia 14 \u2013 9h \u2013 Pra\u00e7a da Esta\u00e7\u00e3o<\/p>\n<p><strong>ES<\/strong><br \/>\nVit\u00f3ria: Dia 14 &#8211; 9h &#8211; Pra\u00e7a Costa Pereira<\/p>\n<p><strong>AM<br \/>\n<\/strong>Manaus: Dia 14 \u2013 18h \u2013 Largo S\u00e3o Sebasti\u00e3o<\/p>\n<p><strong>AP<br \/>\n<\/strong>Macap\u00e1: Dia 14 \u2013 17h \u2013 Pra\u00e7a Floriano Peixoto<\/p>\n<p><strong>PA<br \/>\n<\/strong>Bel\u00e9m: Dia 14 \u2013 16h \u2013 Pra\u00e7a Benedito Monteiro no Guam\u00e1<br \/>\nAltamira: Dia 14 \u2013 16h \u2013 Pra\u00e7a da Paz<br \/>\nCastanhal: Dia 14 \u2013 17h \u2013 Pra\u00e7a da Estrela<br \/>\nSantar\u00e9m: Dia 14 \u2013 8h \u2013 Parque da Cidade<\/p>\n<p><strong>DF<br \/>\n<\/strong>Bras\u00edlia: Dia 14 \u2013 10h \u2013 Pra\u00e7a Marielle Franco na Esta\u00e7\u00e3o Galeria SCS<\/p>\n<p>BA<br \/>\nSalvador: Dia 14 &#8211; 16h &#8211; Velho Espanha, Barris<br \/>\nVit\u00f3ria da Conquista: Dia 14 &#8211; 11h30 &#8211;\u00a0 Pra\u00e7a 9 de Novembro<\/p>\n<p><strong>PE<br \/>\n<\/strong>Recife: Dia 13 \u2013 16h \u2013 Tribunal de Justi\u00e7a<\/p>\n<p><strong>PB<br \/>\n<\/strong>Jo\u00e3o Pessoa: Dia 14 \u2013 16h \u2013 Pra\u00e7a da Paz<\/p>\n<p><strong>AL<\/strong><br \/>\nMacei\u00f3: Dia 14 &#8211; 9h &#8211; Pra\u00e7a Deodoro<\/p>\n<p><strong>RN<\/strong><br \/>\nNatal: Dia 14 &#8211; A partir das 9h na Sede do PSOL<\/p>\n<p><strong>RS<br \/>\n<\/strong>Porto Alegre: Dia 14 \u2013 11h \u2013 Esquina Democr\u00e1tica<br \/>\nSanta Cruz do Sul: Dia 14 &#8211; 9h &#8211; Pra\u00e7a Get\u00falio Vargas<br \/>\nSanta Maria: Dia 14 &#8211; 16h &#8211; Pra\u00e7a Saldanha Marinho (Centro)<\/p>\n<p><strong>SC<br \/>\n<\/strong>Joinville: Dia 14h \u2013 10h \u2013 Cinedebate na Universidade de Joinville<\/p>\n<p><strong>PR<\/strong><br \/>\nFoz do Igua\u00e7u: Dia 14h &#8211; 8h &#8211; em frente \u00e0 C\u00e2mara dos Vereadores<\/p>\n","protected":false},"excerpt":{"rendered":"<p>Neste s\u00e1bado (14) vai completar dois anos do brutal assassinato pol\u00edtico da vereadora do PSOL Marielle Franco e seu motorista Anderson Gomes na cidade do Rio de Janeiro. Desde ent\u00e3o, muitas perguntas seguem sem respostas. Quem mandou Marielle? Por qu\u00ea? Para celebrar a mem\u00f3ria de Marielle Franco, mulher, negra, LGBT, cria da Mar\u00e9 e socialista, [&hellip;]<\/p>\n","protected":false},"author":2,"featured_media":24385,"comment_status":"closed","ping_status":"open","sticky":false,"template":"","format":"standard","meta":{"_acf_changed":false,"footnotes":""},"categories":[6],"tags":[354,355,131,356,54,287,107],"class_list":{"0":"post-27751","1":"post","2":"type-post","3":"status-publish","4":"format-standard","5":"has-post-thumbnail","7":"category-noticias","8":"tag-14m","9":"tag-anderson","10":"tag-assassinato","11":"tag-dois-anos","12":"tag-justica","13":"tag-manifestacao","14":"tag-marielle"},"acf":[],"yoast_head":"<!-- This site is optimized with the Yoast SEO plugin v26.5 - https:\/\/yoast.com\/wordpress\/plugins\/seo\/ -->\n<title>Manifesta\u00e7\u00f5es e atividades pelo Brasil v\u00e3o marcar este #14M para exigir justi\u00e7a para Marielle Franco - PSOL 50<\/title>\n<meta name=\"description\" content=\"Para celebrar a mem\u00f3ria de Marielle Franco, mulher, negra, LGBT, cria da Mar\u00e9 e socialista, al\u00e9m de seguir exigindo respostas e justi\u00e7a deste crime b\u00e1rbaro\" \/>\n<meta name=\"robots\" content=\"index, follow, max-snippet:-1, max-image-preview:large, max-video-preview:-1\" \/>\n<link rel=\"canonical\" href=\"https:\/\/psol50.org.br\/manifestacoes-e-atividades-pelo-brasil-vao-marcar-este-14m-para-exigir-justica-para-marielle-franco\/\" \/>\n<meta property=\"og:locale\" content=\"pt_BR\" \/>\n<meta property=\"og:type\" content=\"article\" \/>\n<meta property=\"og:title\" content=\"Manifesta\u00e7\u00f5es e atividades pelo Brasil v\u00e3o marcar este #14M para exigir justi\u00e7a para Marielle Franco\" \/>\n<meta property=\"og:description\" content=\"Para celebrar a mem\u00f3ria de Marielle Franco, mulher, negra, LGBT, cria da Mar\u00e9 e socialista, al\u00e9m de seguir exigindo respostas e justi\u00e7a deste crime b\u00e1rbaro.\" \/>\n<meta property=\"og:url\" content=\"https:\/\/psol50.org.br\/manifestacoes-e-atividades-pelo-brasil-vao-marcar-este-14m-para-exigir-justica-para-marielle-franco\/\" \/>\n<meta property=\"og:site_name\" content=\"PSOL 50\" \/>\n<meta property=\"article:publisher\" content=\"https:\/\/www.facebook.com\/psol50\" \/>\n<meta property=\"article:published_time\" content=\"2020-03-11T20:53:30+00:00\" \/>\n<meta property=\"og:image\" content=\"https:\/\/psol50.org.br\/inc\/uploads\/2019\/03\/MarielleFranco.jpeg\" \/>\n\t<meta property=\"og:image:width\" content=\"1799\" \/>\n\t<meta property=\"og:image:height\" content=\"1200\" \/>\n\t<meta property=\"og:image:type\" content=\"image\/jpeg\" \/>\n<meta name=\"author\" content=\"Comunica\u00e7\u00e3o PSOL\" \/>\n<meta name=\"twitter:card\" content=\"summary_large_image\" \/>\n<meta name=\"twitter:title\" content=\"Manifesta\u00e7\u00f5es e atividades pelo Brasil v\u00e3o marcar este #14M para exigir justi\u00e7a para Marielle Franco\" \/>\n<meta name=\"twitter:description\" content=\"Para celebrar a mem\u00f3ria de Marielle Franco, mulher, negra, LGBT, cria da Mar\u00e9 e socialista, al\u00e9m de seguir exigindo respostas e justi\u00e7a deste crime b\u00e1rbaro\" \/>\n<meta name=\"twitter:image\" content=\"https:\/\/psol50.org.br\/inc\/uploads\/2019\/03\/MarielleFranco.jpeg\" \/>\n<meta name=\"twitter:creator\" content=\"@psol50\" \/>\n<meta name=\"twitter:site\" content=\"@psol50\" \/>\n<meta name=\"twitter:label1\" content=\"Escrito por\" \/>\n\t<meta name=\"twitter:data1\" content=\"Comunica\u00e7\u00e3o PSOL\" \/>\n\t<meta name=\"twitter:label2\" content=\"Est. tempo de leitura\" \/>\n\t<meta name=\"twitter:data2\" content=\"2 minutos\" \/>\n<script type=\"application\/ld+json\" class=\"yoast-schema-graph\">{\"@context\":\"https:\/\/schema.org\",\"@graph\":[{\"@type\":\"Article\",\"@id\":\"https:\/\/psol50.org.br\/manifestacoes-e-atividades-pelo-brasil-vao-marcar-este-14m-para-exigir-justica-para-marielle-franco\/#article\",\"isPartOf\":{\"@id\":\"https:\/\/psol50.org.br\/manifestacoes-e-atividades-pelo-brasil-vao-marcar-este-14m-para-exigir-justica-para-marielle-franco\/\"},\"author\":{\"name\":\"Comunica\u00e7\u00e3o PSOL\",\"@id\":\"https:\/\/psol50.org.br\/#\/schema\/person\/475dfa57d0b815993c714c2e96491fcd\"},\"headline\":\"Manifesta\u00e7\u00f5es e atividades pelo Brasil v\u00e3o marcar este #14M para exigir justi\u00e7a para Marielle Franco\",\"datePublished\":\"2020-03-11T20:53:30+00:00\",\"mainEntityOfPage\":{\"@id\":\"https:\/\/psol50.org.br\/manifestacoes-e-atividades-pelo-brasil-vao-marcar-este-14m-para-exigir-justica-para-marielle-franco\/\"},\"wordCount\":445,\"publisher\":{\"@id\":\"https:\/\/psol50.org.br\/#organization\"},\"image\":{\"@id\":\"https:\/\/psol50.org.br\/manifestacoes-e-atividades-pelo-brasil-vao-marcar-este-14m-para-exigir-justica-para-marielle-franco\/#primaryimage\"},\"thumbnailUrl\":\"https:\/\/psol50.org.br\/inc\/uploads\/2019\/03\/MarielleFranco.jpeg\",\"keywords\":[\"14m\",\"Anderson\",\"assassinato\",\"dois anos\",\"justi\u00e7a\",\"manifesta\u00e7\u00e3o\",\"Marielle\"],\"articleSection\":[\"Not\u00edcias\"],\"inLanguage\":\"pt-BR\"},{\"@type\":\"WebPage\",\"@id\":\"https:\/\/psol50.org.br\/manifestacoes-e-atividades-pelo-brasil-vao-marcar-este-14m-para-exigir-justica-para-marielle-franco\/\",\"url\":\"https:\/\/psol50.org.br\/manifestacoes-e-atividades-pelo-brasil-vao-marcar-este-14m-para-exigir-justica-para-marielle-franco\/\",\"name\":\"Manifesta\u00e7\u00f5es e atividades pelo Brasil v\u00e3o marcar este #14M para exigir justi\u00e7a para Marielle Franco - PSOL 50\",\"isPartOf\":{\"@id\":\"https:\/\/psol50.org.br\/#website\"},\"primaryImageOfPage\":{\"@id\":\"https:\/\/psol50.org.br\/manifestacoes-e-atividades-pelo-brasil-vao-marcar-este-14m-para-exigir-justica-para-marielle-franco\/#primaryimage\"},\"image\":{\"@id\":\"https:\/\/psol50.org.br\/manifestacoes-e-atividades-pelo-brasil-vao-marcar-este-14m-para-exigir-justica-para-marielle-franco\/#primaryimage\"},\"thumbnailUrl\":\"https:\/\/psol50.org.br\/inc\/uploads\/2019\/03\/MarielleFranco.jpeg\",\"datePublished\":\"2020-03-11T20:53:30+00:00\",\"description\":\"Para celebrar a mem\u00f3ria de Marielle Franco, mulher, negra, LGBT, cria da Mar\u00e9 e socialista, al\u00e9m de seguir exigindo respostas e justi\u00e7a deste crime b\u00e1rbaro\",\"breadcrumb\":{\"@id\":\"https:\/\/psol50.org.br\/manifestacoes-e-atividades-pelo-brasil-vao-marcar-este-14m-para-exigir-justica-para-marielle-franco\/#breadcrumb\"},\"inLanguage\":\"pt-BR\",\"potentialAction\":[{\"@type\":\"ReadAction\",\"target\":[\"https:\/\/psol50.org.br\/manifestacoes-e-atividades-pelo-brasil-vao-marcar-este-14m-para-exigir-justica-para-marielle-franco\/\"]}]},{\"@type\":\"ImageObject\",\"inLanguage\":\"pt-BR\",\"@id\":\"https:\/\/psol50.org.br\/manifestacoes-e-atividades-pelo-brasil-vao-marcar-este-14m-para-exigir-justica-para-marielle-franco\/#primaryimage\",\"url\":\"https:\/\/psol50.org.br\/inc\/uploads\/2019\/03\/MarielleFranco.jpeg\",\"contentUrl\":\"https:\/\/psol50.org.br\/inc\/uploads\/2019\/03\/MarielleFranco.jpeg\",\"width\":1799,\"height\":1200,\"caption\":\"\"},{\"@type\":\"BreadcrumbList\",\"@id\":\"https:\/\/psol50.org.br\/manifestacoes-e-atividades-pelo-brasil-vao-marcar-este-14m-para-exigir-justica-para-marielle-franco\/#breadcrumb\",\"itemListElement\":[{\"@type\":\"ListItem\",\"position\":1,\"name\":\"In\u00edcio\",\"item\":\"https:\/\/psol50.org.br\/\"},{\"@type\":\"ListItem\",\"position\":2,\"name\":\"Manifesta\u00e7\u00f5es e atividades pelo Brasil v\u00e3o marcar este #14M para exigir justi\u00e7a para Marielle Franco\"}]},{\"@type\":\"WebSite\",\"@id\":\"https:\/\/psol50.org.br\/#website\",\"url\":\"https:\/\/psol50.org.br\/\",\"name\":\"PSOL 50\",\"description\":\"Site oficial do Partido Socialismo e Liberdade\",\"publisher\":{\"@id\":\"https:\/\/psol50.org.br\/#organization\"},\"alternateName\":\"PSOL50\",\"potentialAction\":[{\"@type\":\"SearchAction\",\"target\":{\"@type\":\"EntryPoint\",\"urlTemplate\":\"https:\/\/psol50.org.br\/?s={search_term_string}\"},\"query-input\":{\"@type\":\"PropertyValueSpecification\",\"valueRequired\":true,\"valueName\":\"search_term_string\"}}],\"inLanguage\":\"pt-BR\"},{\"@type\":\"Organization\",\"@id\":\"https:\/\/psol50.org.br\/#organization\",\"name\":\"PSOL 50\",\"alternateName\":\"PSOL 50\",\"url\":\"https:\/\/psol50.org.br\/\",\"logo\":{\"@type\":\"ImageObject\",\"inLanguage\":\"pt-BR\",\"@id\":\"https:\/\/psol50.org.br\/#\/schema\/logo\/image\/\",\"url\":\"https:\/\/psol50.org.br\/inc\/uploads\/2018\/07\/capa.png\",\"contentUrl\":\"https:\/\/psol50.org.br\/inc\/uploads\/2018\/07\/capa.png\",\"width\":1350,\"height\":900,\"caption\":\"PSOL 50\"},\"image\":{\"@id\":\"https:\/\/psol50.org.br\/#\/schema\/logo\/image\/\"},\"sameAs\":[\"https:\/\/www.facebook.com\/psol50\",\"https:\/\/x.com\/psol50\",\"https:\/\/www.instagram.com\/psol50\/\",\"https:\/\/www.youtube.com\/channel\/UC7SnJS5o1os7a6CaiNabzcg\"]},{\"@type\":\"Person\",\"@id\":\"https:\/\/psol50.org.br\/#\/schema\/person\/475dfa57d0b815993c714c2e96491fcd\",\"name\":\"Comunica\u00e7\u00e3o PSOL\",\"image\":{\"@type\":\"ImageObject\",\"inLanguage\":\"pt-BR\",\"@id\":\"https:\/\/psol50.org.br\/#\/schema\/person\/image\/\",\"url\":\"https:\/\/secure.gravatar.com\/avatar\/b34fc4f4e468a4e51785917065a3db57b841f5c95dba6ad8c73aaf8f66f8f9bf?s=96&d=mm&r=g\",\"contentUrl\":\"https:\/\/secure.gravatar.com\/avatar\/b34fc4f4e468a4e51785917065a3db57b841f5c95dba6ad8c73aaf8f66f8f9bf?s=96&d=mm&r=g\",\"caption\":\"Comunica\u00e7\u00e3o PSOL\"}}]}<\/script>\n<!-- \/ Yoast SEO plugin. -->","yoast_head_json":{"title":"Manifesta\u00e7\u00f5es e atividades pelo Brasil v\u00e3o marcar este #14M para exigir justi\u00e7a para Marielle Franco - PSOL 50","description":"Para celebrar a mem\u00f3ria de Marielle Franco, mulher, negra, LGBT, cria da Mar\u00e9 e socialista, al\u00e9m de seguir exigindo respostas e justi\u00e7a deste crime b\u00e1rbaro","robots":{"index":"index","follow":"follow","max-snippet":"max-snippet:-1","max-image-preview":"max-image-preview:large","max-video-preview":"max-video-preview:-1"},"canonical":"https:\/\/psol50.org.br\/manifestacoes-e-atividades-pelo-brasil-vao-marcar-este-14m-para-exigir-justica-para-marielle-franco\/","og_locale":"pt_BR","og_type":"article","og_title":"Manifesta\u00e7\u00f5es e atividades pelo Brasil v\u00e3o marcar este #14M para exigir justi\u00e7a para Marielle Franco","og_description":"Para celebrar a mem\u00f3ria de Marielle Franco, mulher, negra, LGBT, cria da Mar\u00e9 e socialista, al\u00e9m de seguir exigindo respostas e justi\u00e7a deste crime b\u00e1rbaro.","og_url":"https:\/\/psol50.org.br\/manifestacoes-e-atividades-pelo-brasil-vao-marcar-este-14m-para-exigir-justica-para-marielle-franco\/","og_site_name":"PSOL 50","article_publisher":"https:\/\/www.facebook.com\/psol50","article_published_time":"2020-03-11T20:53:30+00:00","og_image":[{"width":1799,"height":1200,"url":"https:\/\/psol50.org.br\/inc\/uploads\/2019\/03\/MarielleFranco.jpeg","type":"image\/jpeg"}],"author":"Comunica\u00e7\u00e3o PSOL","twitter_card":"summary_large_image","twitter_title":"Manifesta\u00e7\u00f5es e atividades pelo Brasil v\u00e3o marcar este #14M para exigir justi\u00e7a para Marielle Franco","twitter_description":"Para celebrar a mem\u00f3ria de Marielle Franco, mulher, negra, LGBT, cria da Mar\u00e9 e socialista, al\u00e9m de seguir exigindo respostas e justi\u00e7a deste crime b\u00e1rbaro","twitter_image":"https:\/\/psol50.org.br\/inc\/uploads\/2019\/03\/MarielleFranco.jpeg","twitter_creator":"@psol50","twitter_site":"@psol50","twitter_misc":{"Escrito por":"Comunica\u00e7\u00e3o PSOL","Est. tempo de leitura":"2 minutos"},"schema":{"@context":"https:\/\/schema.org","@graph":[{"@type":"Article","@id":"https:\/\/psol50.org.br\/manifestacoes-e-atividades-pelo-brasil-vao-marcar-este-14m-para-exigir-justica-para-marielle-franco\/#article","isPartOf":{"@id":"https:\/\/psol50.org.br\/manifestacoes-e-atividades-pelo-brasil-vao-marcar-este-14m-para-exigir-justica-para-marielle-franco\/"},"author":{"name":"Comunica\u00e7\u00e3o PSOL","@id":"https:\/\/psol50.org.br\/#\/schema\/person\/475dfa57d0b815993c714c2e96491fcd"},"headline":"Manifesta\u00e7\u00f5es e atividades pelo Brasil v\u00e3o marcar este #14M para exigir justi\u00e7a para Marielle Franco","datePublished":"2020-03-11T20:53:30+00:00","mainEntityOfPage":{"@id":"https:\/\/psol50.org.br\/manifestacoes-e-atividades-pelo-brasil-vao-marcar-este-14m-para-exigir-justica-para-marielle-franco\/"},"wordCount":445,"publisher":{"@id":"https:\/\/psol50.org.br\/#organization"},"image":{"@id":"https:\/\/psol50.org.br\/manifestacoes-e-atividades-pelo-brasil-vao-marcar-este-14m-para-exigir-justica-para-marielle-franco\/#primaryimage"},"thumbnailUrl":"https:\/\/psol50.org.br\/inc\/uploads\/2019\/03\/MarielleFranco.jpeg","keywords":["14m","Anderson","assassinato","dois anos","justi\u00e7a","manifesta\u00e7\u00e3o","Marielle"],"articleSection":["Not\u00edcias"],"inLanguage":"pt-BR"},{"@type":"WebPage","@id":"https:\/\/psol50.org.br\/manifestacoes-e-atividades-pelo-brasil-vao-marcar-este-14m-para-exigir-justica-para-marielle-franco\/","url":"https:\/\/psol50.org.br\/manifestacoes-e-atividades-pelo-brasil-vao-marcar-este-14m-para-exigir-justica-para-marielle-franco\/","name":"Manifesta\u00e7\u00f5es e atividades pelo Brasil v\u00e3o marcar este #14M para exigir justi\u00e7a para Marielle Franco - PSOL 50","isPartOf":{"@id":"https:\/\/psol50.org.br\/#website"},"primaryImageOfPage":{"@id":"https:\/\/psol50.org.br\/manifestacoes-e-atividades-pelo-brasil-vao-marcar-este-14m-para-exigir-justica-para-marielle-franco\/#primaryimage"},"image":{"@id":"https:\/\/psol50.org.br\/manifestacoes-e-atividades-pelo-brasil-vao-marcar-este-14m-para-exigir-justica-para-marielle-franco\/#primaryimage"},"thumbnailUrl":"https:\/\/psol50.org.br\/inc\/uploads\/2019\/03\/MarielleFranco.jpeg","datePublished":"2020-03-11T20:53:30+00:00","description":"Para celebrar a mem\u00f3ria de Marielle Franco, mulher, negra, LGBT, cria da Mar\u00e9 e socialista, al\u00e9m de seguir exigindo respostas e justi\u00e7a deste crime b\u00e1rbaro","breadcrumb":{"@id":"https:\/\/psol50.org.br\/manifestacoes-e-atividades-pelo-brasil-vao-marcar-este-14m-para-exigir-justica-para-marielle-franco\/#breadcrumb"},"inLanguage":"pt-BR","potentialAction":[{"@type":"ReadAction","target":["https:\/\/psol50.org.br\/manifestacoes-e-atividades-pelo-brasil-vao-marcar-este-14m-para-exigir-justica-para-marielle-franco\/"]}]},{"@type":"ImageObject","inLanguage":"pt-BR","@id":"https:\/\/psol50.org.br\/manifestacoes-e-atividades-pelo-brasil-vao-marcar-este-14m-para-exigir-justica-para-marielle-franco\/#primaryimage","url":"https:\/\/psol50.org.br\/inc\/uploads\/2019\/03\/MarielleFranco.jpeg","contentUrl":"https:\/\/psol50.org.br\/inc\/uploads\/2019\/03\/MarielleFranco.jpeg","width":1799,"height":1200,"caption":""},{"@type":"BreadcrumbList","@id":"https:\/\/psol50.org.br\/manifestacoes-e-atividades-pelo-brasil-vao-marcar-este-14m-para-exigir-justica-para-marielle-franco\/#breadcrumb","itemListElement":[{"@type":"ListItem","position":1,"name":"In\u00edcio","item":"https:\/\/psol50.org.br\/"},{"@type":"ListItem","position":2,"name":"Manifesta\u00e7\u00f5es e atividades pelo Brasil v\u00e3o marcar este #14M para exigir justi\u00e7a para Marielle Franco"}]},{"@type":"WebSite","@id":"https:\/\/psol50.org.br\/#website","url":"https:\/\/psol50.org.br\/","name":"PSOL 50","description":"Site oficial do Partido Socialismo e Liberdade","publisher":{"@id":"https:\/\/psol50.org.br\/#organization"},"alternateName":"PSOL50","potentialAction":[{"@type":"SearchAction","target":{"@type":"EntryPoint","urlTemplate":"https:\/\/psol50.org.br\/?s={search_term_string}"},"query-input":{"@type":"PropertyValueSpecification","valueRequired":true,"valueName":"search_term_string"}}],"inLanguage":"pt-BR"},{"@type":"Organization","@id":"https:\/\/psol50.org.br\/#organization","name":"PSOL 50","alternateName":"PSOL 50","url":"https:\/\/psol50.org.br\/","logo":{"@type":"ImageObject","inLanguage":"pt-BR","@id":"https:\/\/psol50.org.br\/#\/schema\/logo\/image\/","url":"https:\/\/psol50.org.br\/inc\/uploads\/2018\/07\/capa.png","contentUrl":"https:\/\/psol50.org.br\/inc\/uploads\/2018\/07\/capa.png","width":1350,"height":900,"caption":"PSOL 50"},"image":{"@id":"https:\/\/psol50.org.br\/#\/schema\/logo\/image\/"},"sameAs":["https:\/\/www.facebook.com\/psol50","https:\/\/x.com\/psol50","https:\/\/www.instagram.com\/psol50\/","https:\/\/www.youtube.com\/channel\/UC7SnJS5o1os7a6CaiNabzcg"]},{"@type":"Person","@id":"https:\/\/psol50.org.br\/#\/schema\/person\/475dfa57d0b815993c714c2e96491fcd","name":"Comunica\u00e7\u00e3o PSOL","image":{"@type":"ImageObject","inLanguage":"pt-BR","@id":"https:\/\/psol50.org.br\/#\/schema\/person\/image\/","url":"https:\/\/secure.gravatar.com\/avatar\/b34fc4f4e468a4e51785917065a3db57b841f5c95dba6ad8c73aaf8f66f8f9bf?s=96&d=mm&r=g","contentUrl":"https:\/\/secure.gravatar.com\/avatar\/b34fc4f4e468a4e51785917065a3db57b841f5c95dba6ad8c73aaf8f66f8f9bf?s=96&d=mm&r=g","caption":"Comunica\u00e7\u00e3o PSOL"}}]}},"_links":{"self":[{"href":"https:\/\/psol50.org.br\/rest\/wp\/v2\/posts\/27751","targetHints":{"allow":["GET"]}}],"collection":[{"href":"https:\/\/psol50.org.br\/rest\/wp\/v2\/posts"}],"about":[{"href":"https:\/\/psol50.org.br\/rest\/wp\/v2\/types\/post"}],"author":[{"embeddable":true,"href":"https:\/\/psol50.org.br\/rest\/wp\/v2\/users\/2"}],"replies":[{"embeddable":true,"href":"https:\/\/psol50.org.br\/rest\/wp\/v2\/comments?post=27751"}],"version-history":[{"count":0,"href":"https:\/\/psol50.org.br\/rest\/wp\/v2\/posts\/27751\/revisions"}],"wp:featuredmedia":[{"embeddable":true,"href":"https:\/\/psol50.org.br\/rest\/wp\/v2\/media\/24385"}],"wp:attachment":[{"href":"https:\/\/psol50.org.br\/rest\/wp\/v2\/media?parent=27751"}],"wp:term":[{"taxonomy":"category","embeddable":true,"href":"https:\/\/psol50.org.br\/rest\/wp\/v2\/categories?post=27751"},{"taxonomy":"post_tag","embeddable":true,"href":"https:\/\/psol50.org.br\/rest\/wp\/v2\/tags?post=27751"}],"curies":[{"name":"wp","href":"https:\/\/api.w.org\/{rel}","templated":true}]}}