{"id":2776,"date":"2014-05-28T00:00:00","date_gmt":"2014-05-28T17:41:54","guid":{"rendered":"http:\/\/psol50.org.br\/arquivo\/2014\/05\/28\/deputado-chico-alencar-lanca-livro-nesta-quinta-feira-em-brasilia\/"},"modified":"2014-05-28T00:00:00","modified_gmt":"2014-05-28T17:41:54","slug":"deputado-chico-alencar-lanca-livro-nesta-quinta-feira-em-brasilia","status":"publish","type":"post","link":"https:\/\/psol50.org.br\/deputado-chico-alencar-lanca-livro-nesta-quinta-feira-em-brasilia\/","title":{"rendered":"Deputado Chico Alencar lan\u00e7a livro nesta quinta-feira em Bras\u00edlia"},"content":{"rendered":"<div style=\"text-align: justify;\">\n\tO deputado Chico Alencar (PSOL\/RJ) lan\u00e7a, nesta quinta-feira, 29 de maio, \u00e0s 18h30, no Balaio Caf\u00e9, seu novo livro \u201cA rua, a na\u00e7\u00e3o e o sonho: reflex\u00f5es para uma nova gera\u00e7\u00e3o\u201d<strong>.<\/strong> Percorrendo a hist\u00f3ria e fatos recentes, o livro levanta quest\u00f5es para interpretar a realidade brasileira e apresentar novas utopias de transforma\u00e7\u00e3o da sociedade.<br \/>\n\t&nbsp;<br \/>\n\tO lan\u00e7amento ser\u00e1 tamb\u00e9m uma conversa descontra\u00edda com Idelber Avelar, professor de literatura latino-americana, teoria liter\u00e1ria e estudos culturais da Tulane University; com Maria L\u00facia Fattorelli, auditora fiscal e coordenadora da Ong Auditoria Cidad\u00e3 da D\u00edvida; e com Toninho de Andrade, psic\u00f3logo, cientista pol\u00edtico e pr\u00e9-candidato do PSOL ao Governo do Distrito Federal.<br \/>\n\t&nbsp;<br \/>\n\t<strong><u>Servi\u00e7o:<\/u><\/strong><br \/>\n\tLan\u00e7amento do livro \u201c<strong>A rua, a na\u00e7\u00e3o e o sonho: reflex\u00f5es para uma nova gera\u00e7\u00e3o\u201d<\/strong>, do deputado Chico Alencar.<br \/>\n\tData: 29 de maio \u2013 quinta-feira<br \/>\n\tHor\u00e1rio: 18h30<br \/>\n\tLocal: Balaio Caf\u00e9 \u2013 201 Norte, Bloco B, Asa Norte, Bras\u00edlia-DF.<\/div>\n<p>&nbsp;<\/p>\n","protected":false},"excerpt":{"rendered":"<p>\u201cA rua, a na\u00e7\u00e3o e o sonho: reflex\u00f5es para uma nova gera\u00e7\u00e3o\u201d traz interpreta\u00e7\u00f5es da realidade brasileira<\/p>\n","protected":false},"author":2,"featured_media":0,"comment_status":"open","ping_status":"open","sticky":false,"template":"","format":"standard","meta":{"_acf_changed":false,"footnotes":""},"categories":[10,4766,6],"tags":[],"class_list":{"0":"post-2776","1":"post","2":"type-post","3":"status-publish","4":"format-standard","6":"category-acao-parlamentares","7":"category-arquivo","8":"category-noticias"},"acf":[],"yoast_head":"<!-- This site is optimized with the Yoast SEO plugin v26.5 - https:\/\/yoast.com\/wordpress\/plugins\/seo\/ -->\n<title>Deputado Chico Alencar lan\u00e7a livro nesta quinta-feira em Bras\u00edlia - PSOL 50<\/title>\n<meta name=\"robots\" content=\"index, follow, max-snippet:-1, max-image-preview:large, max-video-preview:-1\" \/>\n<link rel=\"canonical\" href=\"https:\/\/psol50.org.br\/deputado-chico-alencar-lanca-livro-nesta-quinta-feira-em-brasilia\/\" \/>\n<meta property=\"og:locale\" content=\"pt_BR\" \/>\n<meta property=\"og:type\" content=\"article\" \/>\n<meta property=\"og:title\" content=\"Deputado Chico Alencar lan\u00e7a livro nesta quinta-feira em Bras\u00edlia - PSOL 50\" \/>\n<meta property=\"og:description\" content=\"\u201cA rua, a na\u00e7\u00e3o e o sonho: reflex\u00f5es para uma nova gera\u00e7\u00e3o\u201d traz interpreta\u00e7\u00f5es da realidade brasileira\" \/>\n<meta property=\"og:url\" content=\"https:\/\/psol50.org.br\/deputado-chico-alencar-lanca-livro-nesta-quinta-feira-em-brasilia\/\" \/>\n<meta property=\"og:site_name\" content=\"PSOL 50\" \/>\n<meta property=\"article:publisher\" content=\"https:\/\/www.facebook.com\/psol50\" \/>\n<meta property=\"article:published_time\" content=\"2014-05-28T17:41:54+00:00\" \/>\n<meta property=\"og:image\" content=\"https:\/\/psol50.org.br\/inc\/uploads\/2018\/07\/capa.png\" \/>\n\t<meta property=\"og:image:width\" content=\"1350\" \/>\n\t<meta property=\"og:image:height\" content=\"900\" \/>\n\t<meta property=\"og:image:type\" content=\"image\/png\" \/>\n<meta name=\"author\" content=\"Comunica\u00e7\u00e3o PSOL\" \/>\n<meta name=\"twitter:card\" content=\"summary_large_image\" \/>\n<meta name=\"twitter:creator\" content=\"@psol50\" \/>\n<meta name=\"twitter:site\" content=\"@psol50\" \/>\n<meta name=\"twitter:label1\" content=\"Escrito por\" \/>\n\t<meta name=\"twitter:data1\" content=\"Comunica\u00e7\u00e3o PSOL\" \/>\n\t<meta name=\"twitter:label2\" content=\"Est. tempo de leitura\" \/>\n\t<meta name=\"twitter:data2\" content=\"1 minuto\" \/>\n<script type=\"application\/ld+json\" class=\"yoast-schema-graph\">{\"@context\":\"https:\/\/schema.org\",\"@graph\":[{\"@type\":\"Article\",\"@id\":\"https:\/\/psol50.org.br\/deputado-chico-alencar-lanca-livro-nesta-quinta-feira-em-brasilia\/#article\",\"isPartOf\":{\"@id\":\"https:\/\/psol50.org.br\/deputado-chico-alencar-lanca-livro-nesta-quinta-feira-em-brasilia\/\"},\"author\":{\"name\":\"Comunica\u00e7\u00e3o PSOL\",\"@id\":\"https:\/\/psol50.org.br\/#\/schema\/person\/475dfa57d0b815993c714c2e96491fcd\"},\"headline\":\"Deputado Chico Alencar lan\u00e7a livro nesta quinta-feira em Bras\u00edlia\",\"datePublished\":\"2014-05-28T17:41:54+00:00\",\"mainEntityOfPage\":{\"@id\":\"https:\/\/psol50.org.br\/deputado-chico-alencar-lanca-livro-nesta-quinta-feira-em-brasilia\/\"},\"wordCount\":179,\"commentCount\":0,\"publisher\":{\"@id\":\"https:\/\/psol50.org.br\/#organization\"},\"articleSection\":[\"A\u00e7\u00e3o Parlamentar\",\"Arquivo\",\"Not\u00edcias\"],\"inLanguage\":\"pt-BR\",\"potentialAction\":[{\"@type\":\"CommentAction\",\"name\":\"Comment\",\"target\":[\"https:\/\/psol50.org.br\/deputado-chico-alencar-lanca-livro-nesta-quinta-feira-em-brasilia\/#respond\"]}]},{\"@type\":\"WebPage\",\"@id\":\"https:\/\/psol50.org.br\/deputado-chico-alencar-lanca-livro-nesta-quinta-feira-em-brasilia\/\",\"url\":\"https:\/\/psol50.org.br\/deputado-chico-alencar-lanca-livro-nesta-quinta-feira-em-brasilia\/\",\"name\":\"Deputado Chico Alencar lan\u00e7a livro nesta quinta-feira em Bras\u00edlia - PSOL 50\",\"isPartOf\":{\"@id\":\"https:\/\/psol50.org.br\/#website\"},\"datePublished\":\"2014-05-28T17:41:54+00:00\",\"breadcrumb\":{\"@id\":\"https:\/\/psol50.org.br\/deputado-chico-alencar-lanca-livro-nesta-quinta-feira-em-brasilia\/#breadcrumb\"},\"inLanguage\":\"pt-BR\",\"potentialAction\":[{\"@type\":\"ReadAction\",\"target\":[\"https:\/\/psol50.org.br\/deputado-chico-alencar-lanca-livro-nesta-quinta-feira-em-brasilia\/\"]}]},{\"@type\":\"BreadcrumbList\",\"@id\":\"https:\/\/psol50.org.br\/deputado-chico-alencar-lanca-livro-nesta-quinta-feira-em-brasilia\/#breadcrumb\",\"itemListElement\":[{\"@type\":\"ListItem\",\"position\":1,\"name\":\"In\u00edcio\",\"item\":\"https:\/\/psol50.org.br\/\"},{\"@type\":\"ListItem\",\"position\":2,\"name\":\"Deputado Chico Alencar lan\u00e7a livro nesta quinta-feira em Bras\u00edlia\"}]},{\"@type\":\"WebSite\",\"@id\":\"https:\/\/psol50.org.br\/#website\",\"url\":\"https:\/\/psol50.org.br\/\",\"name\":\"PSOL 50\",\"description\":\"Site oficial do Partido Socialismo e Liberdade\",\"publisher\":{\"@id\":\"https:\/\/psol50.org.br\/#organization\"},\"alternateName\":\"PSOL50\",\"potentialAction\":[{\"@type\":\"SearchAction\",\"target\":{\"@type\":\"EntryPoint\",\"urlTemplate\":\"https:\/\/psol50.org.br\/?s={search_term_string}\"},\"query-input\":{\"@type\":\"PropertyValueSpecification\",\"valueRequired\":true,\"valueName\":\"search_term_string\"}}],\"inLanguage\":\"pt-BR\"},{\"@type\":\"Organization\",\"@id\":\"https:\/\/psol50.org.br\/#organization\",\"name\":\"PSOL 50\",\"alternateName\":\"PSOL 50\",\"url\":\"https:\/\/psol50.org.br\/\",\"logo\":{\"@type\":\"ImageObject\",\"inLanguage\":\"pt-BR\",\"@id\":\"https:\/\/psol50.org.br\/#\/schema\/logo\/image\/\",\"url\":\"https:\/\/psol50.org.br\/inc\/uploads\/2018\/07\/capa.png\",\"contentUrl\":\"https:\/\/psol50.org.br\/inc\/uploads\/2018\/07\/capa.png\",\"width\":1350,\"height\":900,\"caption\":\"PSOL 50\"},\"image\":{\"@id\":\"https:\/\/psol50.org.br\/#\/schema\/logo\/image\/\"},\"sameAs\":[\"https:\/\/www.facebook.com\/psol50\",\"https:\/\/x.com\/psol50\",\"https:\/\/www.instagram.com\/psol50\/\",\"https:\/\/www.youtube.com\/channel\/UC7SnJS5o1os7a6CaiNabzcg\"]},{\"@type\":\"Person\",\"@id\":\"https:\/\/psol50.org.br\/#\/schema\/person\/475dfa57d0b815993c714c2e96491fcd\",\"name\":\"Comunica\u00e7\u00e3o PSOL\",\"image\":{\"@type\":\"ImageObject\",\"inLanguage\":\"pt-BR\",\"@id\":\"https:\/\/psol50.org.br\/#\/schema\/person\/image\/\",\"url\":\"https:\/\/secure.gravatar.com\/avatar\/b34fc4f4e468a4e51785917065a3db57b841f5c95dba6ad8c73aaf8f66f8f9bf?s=96&d=mm&r=g\",\"contentUrl\":\"https:\/\/secure.gravatar.com\/avatar\/b34fc4f4e468a4e51785917065a3db57b841f5c95dba6ad8c73aaf8f66f8f9bf?s=96&d=mm&r=g\",\"caption\":\"Comunica\u00e7\u00e3o PSOL\"}}]}<\/script>\n<!-- \/ Yoast SEO plugin. -->","yoast_head_json":{"title":"Deputado Chico Alencar lan\u00e7a livro nesta quinta-feira em Bras\u00edlia - PSOL 50","robots":{"index":"index","follow":"follow","max-snippet":"max-snippet:-1","max-image-preview":"max-image-preview:large","max-video-preview":"max-video-preview:-1"},"canonical":"https:\/\/psol50.org.br\/deputado-chico-alencar-lanca-livro-nesta-quinta-feira-em-brasilia\/","og_locale":"pt_BR","og_type":"article","og_title":"Deputado Chico Alencar lan\u00e7a livro nesta quinta-feira em Bras\u00edlia - PSOL 50","og_description":"\u201cA rua, a na\u00e7\u00e3o e o sonho: reflex\u00f5es para uma nova gera\u00e7\u00e3o\u201d traz interpreta\u00e7\u00f5es da realidade brasileira","og_url":"https:\/\/psol50.org.br\/deputado-chico-alencar-lanca-livro-nesta-quinta-feira-em-brasilia\/","og_site_name":"PSOL 50","article_publisher":"https:\/\/www.facebook.com\/psol50","article_published_time":"2014-05-28T17:41:54+00:00","og_image":[{"width":1350,"height":900,"url":"https:\/\/psol50.org.br\/inc\/uploads\/2018\/07\/capa.png","type":"image\/png"}],"author":"Comunica\u00e7\u00e3o PSOL","twitter_card":"summary_large_image","twitter_creator":"@psol50","twitter_site":"@psol50","twitter_misc":{"Escrito por":"Comunica\u00e7\u00e3o PSOL","Est. tempo de leitura":"1 minuto"},"schema":{"@context":"https:\/\/schema.org","@graph":[{"@type":"Article","@id":"https:\/\/psol50.org.br\/deputado-chico-alencar-lanca-livro-nesta-quinta-feira-em-brasilia\/#article","isPartOf":{"@id":"https:\/\/psol50.org.br\/deputado-chico-alencar-lanca-livro-nesta-quinta-feira-em-brasilia\/"},"author":{"name":"Comunica\u00e7\u00e3o PSOL","@id":"https:\/\/psol50.org.br\/#\/schema\/person\/475dfa57d0b815993c714c2e96491fcd"},"headline":"Deputado Chico Alencar lan\u00e7a livro nesta quinta-feira em Bras\u00edlia","datePublished":"2014-05-28T17:41:54+00:00","mainEntityOfPage":{"@id":"https:\/\/psol50.org.br\/deputado-chico-alencar-lanca-livro-nesta-quinta-feira-em-brasilia\/"},"wordCount":179,"commentCount":0,"publisher":{"@id":"https:\/\/psol50.org.br\/#organization"},"articleSection":["A\u00e7\u00e3o Parlamentar","Arquivo","Not\u00edcias"],"inLanguage":"pt-BR","potentialAction":[{"@type":"CommentAction","name":"Comment","target":["https:\/\/psol50.org.br\/deputado-chico-alencar-lanca-livro-nesta-quinta-feira-em-brasilia\/#respond"]}]},{"@type":"WebPage","@id":"https:\/\/psol50.org.br\/deputado-chico-alencar-lanca-livro-nesta-quinta-feira-em-brasilia\/","url":"https:\/\/psol50.org.br\/deputado-chico-alencar-lanca-livro-nesta-quinta-feira-em-brasilia\/","name":"Deputado Chico Alencar lan\u00e7a livro nesta quinta-feira em Bras\u00edlia - PSOL 50","isPartOf":{"@id":"https:\/\/psol50.org.br\/#website"},"datePublished":"2014-05-28T17:41:54+00:00","breadcrumb":{"@id":"https:\/\/psol50.org.br\/deputado-chico-alencar-lanca-livro-nesta-quinta-feira-em-brasilia\/#breadcrumb"},"inLanguage":"pt-BR","potentialAction":[{"@type":"ReadAction","target":["https:\/\/psol50.org.br\/deputado-chico-alencar-lanca-livro-nesta-quinta-feira-em-brasilia\/"]}]},{"@type":"BreadcrumbList","@id":"https:\/\/psol50.org.br\/deputado-chico-alencar-lanca-livro-nesta-quinta-feira-em-brasilia\/#breadcrumb","itemListElement":[{"@type":"ListItem","position":1,"name":"In\u00edcio","item":"https:\/\/psol50.org.br\/"},{"@type":"ListItem","position":2,"name":"Deputado Chico Alencar lan\u00e7a livro nesta quinta-feira em Bras\u00edlia"}]},{"@type":"WebSite","@id":"https:\/\/psol50.org.br\/#website","url":"https:\/\/psol50.org.br\/","name":"PSOL 50","description":"Site oficial do Partido Socialismo e Liberdade","publisher":{"@id":"https:\/\/psol50.org.br\/#organization"},"alternateName":"PSOL50","potentialAction":[{"@type":"SearchAction","target":{"@type":"EntryPoint","urlTemplate":"https:\/\/psol50.org.br\/?s={search_term_string}"},"query-input":{"@type":"PropertyValueSpecification","valueRequired":true,"valueName":"search_term_string"}}],"inLanguage":"pt-BR"},{"@type":"Organization","@id":"https:\/\/psol50.org.br\/#organization","name":"PSOL 50","alternateName":"PSOL 50","url":"https:\/\/psol50.org.br\/","logo":{"@type":"ImageObject","inLanguage":"pt-BR","@id":"https:\/\/psol50.org.br\/#\/schema\/logo\/image\/","url":"https:\/\/psol50.org.br\/inc\/uploads\/2018\/07\/capa.png","contentUrl":"https:\/\/psol50.org.br\/inc\/uploads\/2018\/07\/capa.png","width":1350,"height":900,"caption":"PSOL 50"},"image":{"@id":"https:\/\/psol50.org.br\/#\/schema\/logo\/image\/"},"sameAs":["https:\/\/www.facebook.com\/psol50","https:\/\/x.com\/psol50","https:\/\/www.instagram.com\/psol50\/","https:\/\/www.youtube.com\/channel\/UC7SnJS5o1os7a6CaiNabzcg"]},{"@type":"Person","@id":"https:\/\/psol50.org.br\/#\/schema\/person\/475dfa57d0b815993c714c2e96491fcd","name":"Comunica\u00e7\u00e3o PSOL","image":{"@type":"ImageObject","inLanguage":"pt-BR","@id":"https:\/\/psol50.org.br\/#\/schema\/person\/image\/","url":"https:\/\/secure.gravatar.com\/avatar\/b34fc4f4e468a4e51785917065a3db57b841f5c95dba6ad8c73aaf8f66f8f9bf?s=96&d=mm&r=g","contentUrl":"https:\/\/secure.gravatar.com\/avatar\/b34fc4f4e468a4e51785917065a3db57b841f5c95dba6ad8c73aaf8f66f8f9bf?s=96&d=mm&r=g","caption":"Comunica\u00e7\u00e3o PSOL"}}]}},"_links":{"self":[{"href":"https:\/\/psol50.org.br\/rest\/wp\/v2\/posts\/2776","targetHints":{"allow":["GET"]}}],"collection":[{"href":"https:\/\/psol50.org.br\/rest\/wp\/v2\/posts"}],"about":[{"href":"https:\/\/psol50.org.br\/rest\/wp\/v2\/types\/post"}],"author":[{"embeddable":true,"href":"https:\/\/psol50.org.br\/rest\/wp\/v2\/users\/2"}],"replies":[{"embeddable":true,"href":"https:\/\/psol50.org.br\/rest\/wp\/v2\/comments?post=2776"}],"version-history":[{"count":0,"href":"https:\/\/psol50.org.br\/rest\/wp\/v2\/posts\/2776\/revisions"}],"wp:attachment":[{"href":"https:\/\/psol50.org.br\/rest\/wp\/v2\/media?parent=2776"}],"wp:term":[{"taxonomy":"category","embeddable":true,"href":"https:\/\/psol50.org.br\/rest\/wp\/v2\/categories?post=2776"},{"taxonomy":"post_tag","embeddable":true,"href":"https:\/\/psol50.org.br\/rest\/wp\/v2\/tags?post=2776"}],"curies":[{"name":"wp","href":"https:\/\/api.w.org\/{rel}","templated":true}]}}