{"id":27760,"date":"2020-03-13T14:56:07","date_gmt":"2020-03-13T17:56:07","guid":{"rendered":"https:\/\/psol50.org.br\/?p=27760"},"modified":"2020-03-13T14:56:07","modified_gmt":"2020-03-13T17:56:07","slug":"executiva-nacional-do-psol-suspende-plenarias-do-7o-congresso-a-partir-de-segunda-feira-16","status":"publish","type":"post","link":"https:\/\/psol50.org.br\/executiva-nacional-do-psol-suspende-plenarias-do-7o-congresso-a-partir-de-segunda-feira-16\/","title":{"rendered":"Executiva Nacional do PSOL suspende plen\u00e1rias do 7\u00ba Congresso a partir de segunda-feira (16)"},"content":{"rendered":"<p class=\"p1\">Considerando o crescente aumento de casos confirmados de coronav\u00edrus, a Executiva Nacional decide suspender a partir da pr\u00f3xima segunda-feira, 16 de mar\u00e7o, <strong>todas as plen\u00e1rias municipais<\/strong> com vistas \u00e0 elei\u00e7\u00e3o de delegados e delegadas ao VII Congresso Nacional do PSOL. Essa medida busca preservar a integridade f\u00edsica de nossa milit\u00e2ncia e evitar o aumento da propaga\u00e7\u00e3o do v\u00edrus.<\/p>\n<p class=\"p1\">Orientamos ainda que as dire\u00e7\u00f5es estaduais e municipais do partido avaliem as situa\u00e7\u00f5es locais, e, julgando necess\u00e1rio, informem a Comiss\u00e3o Organizadora o adiamento de plen\u00e1rias marcadas para este final de semana para que ela tome as medidas para divulga\u00e7\u00e3o da suspens\u00e3o da referida plen\u00e1ria. A CO apresentar\u00e1, ainda, um plano de reestrutura\u00e7\u00e3o do calend\u00e1rio de plen\u00e1rias a ser submetido a essa inst\u00e2ncia, dentro do cronograma aprovado pelo Diret\u00f3rio Nacional. Para aquelas plen\u00e1rias que forem mantidas, recomendamos que sejam tomadas todas as medidas de seguran\u00e7a sugeridas pelos \u00f3rg\u00e3os de vigil\u00e2ncia sanit\u00e1rias.<\/p>\n<p class=\"p1\">Ao mesmo tempo, em reuni\u00e3o conjunta entre a dire\u00e7\u00e3o partid\u00e1ria e sua bancada na C\u00e2mara dos Deputados, no in\u00edcio da pr\u00f3xima semana, discutiremos propostas para garantir a prote\u00e7\u00e3o aos mais vulner\u00e1veis e a imediata libera\u00e7\u00e3o de recursos para o SUS, bem como dos benef\u00edcios sociais e previdenci\u00e1rios represados criminosamente pelo governo Jair Bolsonaro.<\/p>\n<p class=\"p1\"><em><strong>Executiva Nacional do PSOL<\/strong><\/em><br \/>\n<em><strong>13 de mar\u00e7o de 2020<\/strong><\/em><\/p>\n","protected":false},"excerpt":{"rendered":"<p>Considerando o crescente aumento de casos confirmados de coronav\u00edrus, a Executiva Nacional decide suspender a partir da pr\u00f3xima segunda-feira, 16 de mar\u00e7o, todas as plen\u00e1rias municipais com vistas \u00e0 elei\u00e7\u00e3o de delegados e delegadas ao VII Congresso Nacional do PSOL. Essa medida busca preservar a integridade f\u00edsica de nossa milit\u00e2ncia e evitar o aumento da [&hellip;]<\/p>\n","protected":false},"author":2,"featured_media":24774,"comment_status":"closed","ping_status":"open","sticky":false,"template":"","format":"standard","meta":{"_acf_changed":false,"footnotes":""},"categories":[6,14],"tags":[],"class_list":{"0":"post-27760","1":"post","2":"type-post","3":"status-publish","4":"format-standard","5":"has-post-thumbnail","7":"category-noticias","8":"category-partido"},"acf":[],"yoast_head":"<!-- This site is optimized with the Yoast SEO plugin v26.5 - https:\/\/yoast.com\/wordpress\/plugins\/seo\/ -->\n<title>Executiva Nacional do PSOL suspende plen\u00e1rias do 7\u00ba Congresso a partir de segunda-feira (16) - PSOL 50<\/title>\n<meta name=\"description\" content=\"Dire\u00e7\u00f5es estaduais e municipais do partido avaliam situa\u00e7\u00f5es locais e podem adiar plen\u00e1rias marcadas para este final de semana.\" \/>\n<meta name=\"robots\" content=\"index, follow, max-snippet:-1, max-image-preview:large, max-video-preview:-1\" \/>\n<link rel=\"canonical\" href=\"https:\/\/psol50.org.br\/executiva-nacional-do-psol-suspende-plenarias-do-7o-congresso-a-partir-de-segunda-feira-16\/\" \/>\n<meta property=\"og:locale\" content=\"pt_BR\" \/>\n<meta property=\"og:type\" content=\"article\" \/>\n<meta property=\"og:title\" content=\"Executiva Nacional do PSOL suspende plen\u00e1rias do 7\u00ba Congresso a partir de segunda-feira (16)\" \/>\n<meta property=\"og:description\" content=\"Dire\u00e7\u00f5es estaduais e municipais do partido avaliam situa\u00e7\u00f5es locais e podem adiar plen\u00e1rias marcadas para este final de semana.\" \/>\n<meta property=\"og:url\" content=\"https:\/\/psol50.org.br\/executiva-nacional-do-psol-suspende-plenarias-do-7o-congresso-a-partir-de-segunda-feira-16\/\" \/>\n<meta property=\"og:site_name\" content=\"PSOL 50\" \/>\n<meta property=\"article:publisher\" content=\"https:\/\/www.facebook.com\/psol50\" \/>\n<meta property=\"article:published_time\" content=\"2020-03-13T17:56:07+00:00\" \/>\n<meta property=\"og:image\" content=\"https:\/\/psol50.org.br\/inc\/uploads\/2019\/04\/capa-546x365-2.png\" \/>\n\t<meta property=\"og:image:width\" content=\"546\" \/>\n\t<meta property=\"og:image:height\" content=\"365\" \/>\n\t<meta property=\"og:image:type\" content=\"image\/png\" \/>\n<meta name=\"author\" content=\"Comunica\u00e7\u00e3o PSOL\" \/>\n<meta name=\"twitter:card\" content=\"summary_large_image\" \/>\n<meta name=\"twitter:title\" content=\"Executiva Nacional do PSOL suspende plen\u00e1rias do 7\u00ba Congresso a partir de segunda-feira (16)\" \/>\n<meta name=\"twitter:description\" content=\"Dire\u00e7\u00f5es estaduais e municipais do partido avaliam situa\u00e7\u00f5es locais e podem adiar plen\u00e1rias marcadas para este final de semana.\" \/>\n<meta name=\"twitter:image\" content=\"https:\/\/psol50.org.br\/inc\/uploads\/2019\/04\/capa-546x365-2.png\" \/>\n<meta name=\"twitter:creator\" content=\"@psol50\" \/>\n<meta name=\"twitter:site\" content=\"@psol50\" \/>\n<meta name=\"twitter:label1\" content=\"Escrito por\" \/>\n\t<meta name=\"twitter:data1\" content=\"Comunica\u00e7\u00e3o PSOL\" \/>\n\t<meta name=\"twitter:label2\" content=\"Est. tempo de leitura\" \/>\n\t<meta name=\"twitter:data2\" content=\"1 minuto\" \/>\n<script type=\"application\/ld+json\" class=\"yoast-schema-graph\">{\"@context\":\"https:\/\/schema.org\",\"@graph\":[{\"@type\":\"Article\",\"@id\":\"https:\/\/psol50.org.br\/executiva-nacional-do-psol-suspende-plenarias-do-7o-congresso-a-partir-de-segunda-feira-16\/#article\",\"isPartOf\":{\"@id\":\"https:\/\/psol50.org.br\/executiva-nacional-do-psol-suspende-plenarias-do-7o-congresso-a-partir-de-segunda-feira-16\/\"},\"author\":{\"name\":\"Comunica\u00e7\u00e3o PSOL\",\"@id\":\"https:\/\/psol50.org.br\/#\/schema\/person\/475dfa57d0b815993c714c2e96491fcd\"},\"headline\":\"Executiva Nacional do PSOL suspende plen\u00e1rias do 7\u00ba Congresso a partir de segunda-feira (16)\",\"datePublished\":\"2020-03-13T17:56:07+00:00\",\"mainEntityOfPage\":{\"@id\":\"https:\/\/psol50.org.br\/executiva-nacional-do-psol-suspende-plenarias-do-7o-congresso-a-partir-de-segunda-feira-16\/\"},\"wordCount\":258,\"publisher\":{\"@id\":\"https:\/\/psol50.org.br\/#organization\"},\"image\":{\"@id\":\"https:\/\/psol50.org.br\/executiva-nacional-do-psol-suspende-plenarias-do-7o-congresso-a-partir-de-segunda-feira-16\/#primaryimage\"},\"thumbnailUrl\":\"https:\/\/psol50.org.br\/inc\/uploads\/2019\/04\/capa-546x365-2.png\",\"articleSection\":[\"Not\u00edcias\",\"Partido\"],\"inLanguage\":\"pt-BR\"},{\"@type\":\"WebPage\",\"@id\":\"https:\/\/psol50.org.br\/executiva-nacional-do-psol-suspende-plenarias-do-7o-congresso-a-partir-de-segunda-feira-16\/\",\"url\":\"https:\/\/psol50.org.br\/executiva-nacional-do-psol-suspende-plenarias-do-7o-congresso-a-partir-de-segunda-feira-16\/\",\"name\":\"Executiva Nacional do PSOL suspende plen\u00e1rias do 7\u00ba Congresso a partir de segunda-feira (16) - PSOL 50\",\"isPartOf\":{\"@id\":\"https:\/\/psol50.org.br\/#website\"},\"primaryImageOfPage\":{\"@id\":\"https:\/\/psol50.org.br\/executiva-nacional-do-psol-suspende-plenarias-do-7o-congresso-a-partir-de-segunda-feira-16\/#primaryimage\"},\"image\":{\"@id\":\"https:\/\/psol50.org.br\/executiva-nacional-do-psol-suspende-plenarias-do-7o-congresso-a-partir-de-segunda-feira-16\/#primaryimage\"},\"thumbnailUrl\":\"https:\/\/psol50.org.br\/inc\/uploads\/2019\/04\/capa-546x365-2.png\",\"datePublished\":\"2020-03-13T17:56:07+00:00\",\"description\":\"Dire\u00e7\u00f5es estaduais e municipais do partido avaliam situa\u00e7\u00f5es locais e podem adiar plen\u00e1rias marcadas para este final de semana.\",\"breadcrumb\":{\"@id\":\"https:\/\/psol50.org.br\/executiva-nacional-do-psol-suspende-plenarias-do-7o-congresso-a-partir-de-segunda-feira-16\/#breadcrumb\"},\"inLanguage\":\"pt-BR\",\"potentialAction\":[{\"@type\":\"ReadAction\",\"target\":[\"https:\/\/psol50.org.br\/executiva-nacional-do-psol-suspende-plenarias-do-7o-congresso-a-partir-de-segunda-feira-16\/\"]}]},{\"@type\":\"ImageObject\",\"inLanguage\":\"pt-BR\",\"@id\":\"https:\/\/psol50.org.br\/executiva-nacional-do-psol-suspende-plenarias-do-7o-congresso-a-partir-de-segunda-feira-16\/#primaryimage\",\"url\":\"https:\/\/psol50.org.br\/inc\/uploads\/2019\/04\/capa-546x365-2.png\",\"contentUrl\":\"https:\/\/psol50.org.br\/inc\/uploads\/2019\/04\/capa-546x365-2.png\",\"width\":546,\"height\":365},{\"@type\":\"BreadcrumbList\",\"@id\":\"https:\/\/psol50.org.br\/executiva-nacional-do-psol-suspende-plenarias-do-7o-congresso-a-partir-de-segunda-feira-16\/#breadcrumb\",\"itemListElement\":[{\"@type\":\"ListItem\",\"position\":1,\"name\":\"In\u00edcio\",\"item\":\"https:\/\/psol50.org.br\/\"},{\"@type\":\"ListItem\",\"position\":2,\"name\":\"Executiva Nacional do PSOL suspende plen\u00e1rias do 7\u00ba Congresso a partir de segunda-feira (16)\"}]},{\"@type\":\"WebSite\",\"@id\":\"https:\/\/psol50.org.br\/#website\",\"url\":\"https:\/\/psol50.org.br\/\",\"name\":\"PSOL 50\",\"description\":\"Site oficial do Partido Socialismo e Liberdade\",\"publisher\":{\"@id\":\"https:\/\/psol50.org.br\/#organization\"},\"alternateName\":\"PSOL50\",\"potentialAction\":[{\"@type\":\"SearchAction\",\"target\":{\"@type\":\"EntryPoint\",\"urlTemplate\":\"https:\/\/psol50.org.br\/?s={search_term_string}\"},\"query-input\":{\"@type\":\"PropertyValueSpecification\",\"valueRequired\":true,\"valueName\":\"search_term_string\"}}],\"inLanguage\":\"pt-BR\"},{\"@type\":\"Organization\",\"@id\":\"https:\/\/psol50.org.br\/#organization\",\"name\":\"PSOL 50\",\"alternateName\":\"PSOL 50\",\"url\":\"https:\/\/psol50.org.br\/\",\"logo\":{\"@type\":\"ImageObject\",\"inLanguage\":\"pt-BR\",\"@id\":\"https:\/\/psol50.org.br\/#\/schema\/logo\/image\/\",\"url\":\"https:\/\/psol50.org.br\/inc\/uploads\/2018\/07\/capa.png\",\"contentUrl\":\"https:\/\/psol50.org.br\/inc\/uploads\/2018\/07\/capa.png\",\"width\":1350,\"height\":900,\"caption\":\"PSOL 50\"},\"image\":{\"@id\":\"https:\/\/psol50.org.br\/#\/schema\/logo\/image\/\"},\"sameAs\":[\"https:\/\/www.facebook.com\/psol50\",\"https:\/\/x.com\/psol50\",\"https:\/\/www.instagram.com\/psol50\/\",\"https:\/\/www.youtube.com\/channel\/UC7SnJS5o1os7a6CaiNabzcg\"]},{\"@type\":\"Person\",\"@id\":\"https:\/\/psol50.org.br\/#\/schema\/person\/475dfa57d0b815993c714c2e96491fcd\",\"name\":\"Comunica\u00e7\u00e3o PSOL\",\"image\":{\"@type\":\"ImageObject\",\"inLanguage\":\"pt-BR\",\"@id\":\"https:\/\/psol50.org.br\/#\/schema\/person\/image\/\",\"url\":\"https:\/\/secure.gravatar.com\/avatar\/b34fc4f4e468a4e51785917065a3db57b841f5c95dba6ad8c73aaf8f66f8f9bf?s=96&d=mm&r=g\",\"contentUrl\":\"https:\/\/secure.gravatar.com\/avatar\/b34fc4f4e468a4e51785917065a3db57b841f5c95dba6ad8c73aaf8f66f8f9bf?s=96&d=mm&r=g\",\"caption\":\"Comunica\u00e7\u00e3o PSOL\"}}]}<\/script>\n<!-- \/ Yoast SEO plugin. -->","yoast_head_json":{"title":"Executiva Nacional do PSOL suspende plen\u00e1rias do 7\u00ba Congresso a partir de segunda-feira (16) - PSOL 50","description":"Dire\u00e7\u00f5es estaduais e municipais do partido avaliam situa\u00e7\u00f5es locais e podem adiar plen\u00e1rias marcadas para este final de semana.","robots":{"index":"index","follow":"follow","max-snippet":"max-snippet:-1","max-image-preview":"max-image-preview:large","max-video-preview":"max-video-preview:-1"},"canonical":"https:\/\/psol50.org.br\/executiva-nacional-do-psol-suspende-plenarias-do-7o-congresso-a-partir-de-segunda-feira-16\/","og_locale":"pt_BR","og_type":"article","og_title":"Executiva Nacional do PSOL suspende plen\u00e1rias do 7\u00ba Congresso a partir de segunda-feira (16)","og_description":"Dire\u00e7\u00f5es estaduais e municipais do partido avaliam situa\u00e7\u00f5es locais e podem adiar plen\u00e1rias marcadas para este final de semana.","og_url":"https:\/\/psol50.org.br\/executiva-nacional-do-psol-suspende-plenarias-do-7o-congresso-a-partir-de-segunda-feira-16\/","og_site_name":"PSOL 50","article_publisher":"https:\/\/www.facebook.com\/psol50","article_published_time":"2020-03-13T17:56:07+00:00","og_image":[{"width":546,"height":365,"url":"https:\/\/psol50.org.br\/inc\/uploads\/2019\/04\/capa-546x365-2.png","type":"image\/png"}],"author":"Comunica\u00e7\u00e3o PSOL","twitter_card":"summary_large_image","twitter_title":"Executiva Nacional do PSOL suspende plen\u00e1rias do 7\u00ba Congresso a partir de segunda-feira (16)","twitter_description":"Dire\u00e7\u00f5es estaduais e municipais do partido avaliam situa\u00e7\u00f5es locais e podem adiar plen\u00e1rias marcadas para este final de semana.","twitter_image":"https:\/\/psol50.org.br\/inc\/uploads\/2019\/04\/capa-546x365-2.png","twitter_creator":"@psol50","twitter_site":"@psol50","twitter_misc":{"Escrito por":"Comunica\u00e7\u00e3o PSOL","Est. tempo de leitura":"1 minuto"},"schema":{"@context":"https:\/\/schema.org","@graph":[{"@type":"Article","@id":"https:\/\/psol50.org.br\/executiva-nacional-do-psol-suspende-plenarias-do-7o-congresso-a-partir-de-segunda-feira-16\/#article","isPartOf":{"@id":"https:\/\/psol50.org.br\/executiva-nacional-do-psol-suspende-plenarias-do-7o-congresso-a-partir-de-segunda-feira-16\/"},"author":{"name":"Comunica\u00e7\u00e3o PSOL","@id":"https:\/\/psol50.org.br\/#\/schema\/person\/475dfa57d0b815993c714c2e96491fcd"},"headline":"Executiva Nacional do PSOL suspende plen\u00e1rias do 7\u00ba Congresso a partir de segunda-feira (16)","datePublished":"2020-03-13T17:56:07+00:00","mainEntityOfPage":{"@id":"https:\/\/psol50.org.br\/executiva-nacional-do-psol-suspende-plenarias-do-7o-congresso-a-partir-de-segunda-feira-16\/"},"wordCount":258,"publisher":{"@id":"https:\/\/psol50.org.br\/#organization"},"image":{"@id":"https:\/\/psol50.org.br\/executiva-nacional-do-psol-suspende-plenarias-do-7o-congresso-a-partir-de-segunda-feira-16\/#primaryimage"},"thumbnailUrl":"https:\/\/psol50.org.br\/inc\/uploads\/2019\/04\/capa-546x365-2.png","articleSection":["Not\u00edcias","Partido"],"inLanguage":"pt-BR"},{"@type":"WebPage","@id":"https:\/\/psol50.org.br\/executiva-nacional-do-psol-suspende-plenarias-do-7o-congresso-a-partir-de-segunda-feira-16\/","url":"https:\/\/psol50.org.br\/executiva-nacional-do-psol-suspende-plenarias-do-7o-congresso-a-partir-de-segunda-feira-16\/","name":"Executiva Nacional do PSOL suspende plen\u00e1rias do 7\u00ba Congresso a partir de segunda-feira (16) - PSOL 50","isPartOf":{"@id":"https:\/\/psol50.org.br\/#website"},"primaryImageOfPage":{"@id":"https:\/\/psol50.org.br\/executiva-nacional-do-psol-suspende-plenarias-do-7o-congresso-a-partir-de-segunda-feira-16\/#primaryimage"},"image":{"@id":"https:\/\/psol50.org.br\/executiva-nacional-do-psol-suspende-plenarias-do-7o-congresso-a-partir-de-segunda-feira-16\/#primaryimage"},"thumbnailUrl":"https:\/\/psol50.org.br\/inc\/uploads\/2019\/04\/capa-546x365-2.png","datePublished":"2020-03-13T17:56:07+00:00","description":"Dire\u00e7\u00f5es estaduais e municipais do partido avaliam situa\u00e7\u00f5es locais e podem adiar plen\u00e1rias marcadas para este final de semana.","breadcrumb":{"@id":"https:\/\/psol50.org.br\/executiva-nacional-do-psol-suspende-plenarias-do-7o-congresso-a-partir-de-segunda-feira-16\/#breadcrumb"},"inLanguage":"pt-BR","potentialAction":[{"@type":"ReadAction","target":["https:\/\/psol50.org.br\/executiva-nacional-do-psol-suspende-plenarias-do-7o-congresso-a-partir-de-segunda-feira-16\/"]}]},{"@type":"ImageObject","inLanguage":"pt-BR","@id":"https:\/\/psol50.org.br\/executiva-nacional-do-psol-suspende-plenarias-do-7o-congresso-a-partir-de-segunda-feira-16\/#primaryimage","url":"https:\/\/psol50.org.br\/inc\/uploads\/2019\/04\/capa-546x365-2.png","contentUrl":"https:\/\/psol50.org.br\/inc\/uploads\/2019\/04\/capa-546x365-2.png","width":546,"height":365},{"@type":"BreadcrumbList","@id":"https:\/\/psol50.org.br\/executiva-nacional-do-psol-suspende-plenarias-do-7o-congresso-a-partir-de-segunda-feira-16\/#breadcrumb","itemListElement":[{"@type":"ListItem","position":1,"name":"In\u00edcio","item":"https:\/\/psol50.org.br\/"},{"@type":"ListItem","position":2,"name":"Executiva Nacional do PSOL suspende plen\u00e1rias do 7\u00ba Congresso a partir de segunda-feira (16)"}]},{"@type":"WebSite","@id":"https:\/\/psol50.org.br\/#website","url":"https:\/\/psol50.org.br\/","name":"PSOL 50","description":"Site oficial do Partido Socialismo e Liberdade","publisher":{"@id":"https:\/\/psol50.org.br\/#organization"},"alternateName":"PSOL50","potentialAction":[{"@type":"SearchAction","target":{"@type":"EntryPoint","urlTemplate":"https:\/\/psol50.org.br\/?s={search_term_string}"},"query-input":{"@type":"PropertyValueSpecification","valueRequired":true,"valueName":"search_term_string"}}],"inLanguage":"pt-BR"},{"@type":"Organization","@id":"https:\/\/psol50.org.br\/#organization","name":"PSOL 50","alternateName":"PSOL 50","url":"https:\/\/psol50.org.br\/","logo":{"@type":"ImageObject","inLanguage":"pt-BR","@id":"https:\/\/psol50.org.br\/#\/schema\/logo\/image\/","url":"https:\/\/psol50.org.br\/inc\/uploads\/2018\/07\/capa.png","contentUrl":"https:\/\/psol50.org.br\/inc\/uploads\/2018\/07\/capa.png","width":1350,"height":900,"caption":"PSOL 50"},"image":{"@id":"https:\/\/psol50.org.br\/#\/schema\/logo\/image\/"},"sameAs":["https:\/\/www.facebook.com\/psol50","https:\/\/x.com\/psol50","https:\/\/www.instagram.com\/psol50\/","https:\/\/www.youtube.com\/channel\/UC7SnJS5o1os7a6CaiNabzcg"]},{"@type":"Person","@id":"https:\/\/psol50.org.br\/#\/schema\/person\/475dfa57d0b815993c714c2e96491fcd","name":"Comunica\u00e7\u00e3o PSOL","image":{"@type":"ImageObject","inLanguage":"pt-BR","@id":"https:\/\/psol50.org.br\/#\/schema\/person\/image\/","url":"https:\/\/secure.gravatar.com\/avatar\/b34fc4f4e468a4e51785917065a3db57b841f5c95dba6ad8c73aaf8f66f8f9bf?s=96&d=mm&r=g","contentUrl":"https:\/\/secure.gravatar.com\/avatar\/b34fc4f4e468a4e51785917065a3db57b841f5c95dba6ad8c73aaf8f66f8f9bf?s=96&d=mm&r=g","caption":"Comunica\u00e7\u00e3o PSOL"}}]}},"_links":{"self":[{"href":"https:\/\/psol50.org.br\/rest\/wp\/v2\/posts\/27760","targetHints":{"allow":["GET"]}}],"collection":[{"href":"https:\/\/psol50.org.br\/rest\/wp\/v2\/posts"}],"about":[{"href":"https:\/\/psol50.org.br\/rest\/wp\/v2\/types\/post"}],"author":[{"embeddable":true,"href":"https:\/\/psol50.org.br\/rest\/wp\/v2\/users\/2"}],"replies":[{"embeddable":true,"href":"https:\/\/psol50.org.br\/rest\/wp\/v2\/comments?post=27760"}],"version-history":[{"count":0,"href":"https:\/\/psol50.org.br\/rest\/wp\/v2\/posts\/27760\/revisions"}],"wp:featuredmedia":[{"embeddable":true,"href":"https:\/\/psol50.org.br\/rest\/wp\/v2\/media\/24774"}],"wp:attachment":[{"href":"https:\/\/psol50.org.br\/rest\/wp\/v2\/media?parent=27760"}],"wp:term":[{"taxonomy":"category","embeddable":true,"href":"https:\/\/psol50.org.br\/rest\/wp\/v2\/categories?post=27760"},{"taxonomy":"post_tag","embeddable":true,"href":"https:\/\/psol50.org.br\/rest\/wp\/v2\/tags?post=27760"}],"curies":[{"name":"wp","href":"https:\/\/api.w.org\/{rel}","templated":true}]}}