{"id":27763,"date":"2020-03-13T17:19:27","date_gmt":"2020-03-13T20:19:27","guid":{"rendered":"https:\/\/psol50.org.br\/?p=27763"},"modified":"2020-03-13T17:19:27","modified_gmt":"2020-03-13T20:19:27","slug":"as-manifestacoes-de-rua-estao-suspensas-no-dia-18-03-mas-a-mobilizacao-em-defesa-do-brasil-continua","status":"publish","type":"post","link":"https:\/\/psol50.org.br\/as-manifestacoes-de-rua-estao-suspensas-no-dia-18-03-mas-a-mobilizacao-em-defesa-do-brasil-continua\/","title":{"rendered":"As manifesta\u00e7\u00f5es de rua est\u00e3o suspensas no dia 18\/03, mas a mobiliza\u00e7\u00e3o em defesa do Brasil continua!"},"content":{"rendered":"<p>Tendo em vista a propaga\u00e7\u00e3o do Coronav\u00edrus no pa\u00eds, a Frente Brasil Popular e a Frente Povo Sem Medo em di\u00e1logo com as demais entidades organizadoras das manifesta\u00e7\u00f5es de 18\/03, <strong>decidiu pela suspens\u00e3o dos atos de rua agendados para esta data.<\/strong><\/p>\n<p>Neste momento delicado do pa\u00eds e do mundo, entendemos que \u00e9 necess\u00e1rio fazermos todos os esfor\u00e7os para evitar o agravamento da pandemia. Isso exigir\u00e1 um comportamento adequado de todos os atores pol\u00edticos, principalmente do Judici\u00e1rio, do Executivo e do Legislativo federal que dever\u00e3o suspender a agenda de reformas neoliberais para concentrar todas as suas energias para encontrar meios que tenham a sa\u00fade do povo brasileiro como prioridade m\u00e1xima.<\/p>\n<p>Diante desse quadro, pedimos a revoga\u00e7\u00e3o imediata do teto dos investimentos na sa\u00fade, educa\u00e7\u00e3o e pesquisa cient\u00edfica para que o Brasil possa enfrentar essa grave situa\u00e7\u00e3o.<\/p>\n<p>Al\u00e9m disso, exigimos que o Poder P\u00fablico apresente um plano de emerg\u00eancia com medidas efetivas para conter essa crise, tanto do ponto de vista da sa\u00fade p\u00fablica, quanto do ponto de vista dos impactos que ela acarretar\u00e1 em nossa economia, no emprego e na renda dos trabalhadores, que j\u00e1 apresentava sinais graves de deteriora\u00e7\u00e3o, mesmo antes do Coronav\u00edrus.<\/p>\n<p>Por fim, reafirmamos que a luta em defesa da Educa\u00e7\u00e3o, do Emprego, dos Direitos e da Democracia n\u00e3o deve parar. O 18 de Mar\u00e7o <strong>segue como um dia de greves e paralisa\u00e7\u00f5es em todo pa\u00eds.<\/strong><\/p>\n<p>Continuaremos denunciando o car\u00e1ter neoliberal, antidemocr\u00e1tico, antipopular e antinacional deste governo.<\/p>\n<p><strong>13 de Mar\u00e7o de 2020<\/strong><br \/>\n<strong>Frente Brasil Popular<\/strong><br \/>\n<strong>Frente Povo Sem Medo<\/strong><\/p>\n","protected":false},"excerpt":{"rendered":"<p>Tendo em vista a propaga\u00e7\u00e3o do Coronav\u00edrus no pa\u00eds, a Frente Brasil Popular e a Frente Povo Sem Medo em di\u00e1logo com as demais entidades organizadoras das manifesta\u00e7\u00f5es de 18\/03, decidiu pela suspens\u00e3o dos atos de rua agendados para esta data. Neste momento delicado do pa\u00eds e do mundo, entendemos que \u00e9 necess\u00e1rio fazermos todos [&hellip;]<\/p>\n","protected":false},"author":2,"featured_media":27698,"comment_status":"closed","ping_status":"open","sticky":false,"template":"","format":"standard","meta":{"_acf_changed":false,"footnotes":""},"categories":[20,6],"tags":[361,171,87,164,221,314],"class_list":{"0":"post-27763","1":"post","2":"type-post","3":"status-publish","4":"format-standard","5":"has-post-thumbnail","7":"category-notas","8":"category-noticias","9":"tag-18m","10":"tag-coronavirus","11":"tag-democracia","12":"tag-educacao","13":"tag-greve","14":"tag-manifestacoes"},"acf":[],"yoast_head":"<!-- This site is optimized with the Yoast SEO plugin v26.5 - https:\/\/yoast.com\/wordpress\/plugins\/seo\/ -->\n<title>As manifesta\u00e7\u00f5es de rua est\u00e3o suspensas no dia 18\/03, mas a mobiliza\u00e7\u00e3o em defesa do Brasil continua! - PSOL 50<\/title>\n<meta name=\"description\" content=\"Reafirmamos que a luta em defesa da Educa\u00e7\u00e3o, do Emprego, dos Direitos e da Democracia n\u00e3o deve parar. O 18 de Mar\u00e7o segue como um dia de greves e paralisa\u00e7\u00f5es em todo pa\u00eds.\" \/>\n<meta name=\"robots\" content=\"index, follow, max-snippet:-1, max-image-preview:large, max-video-preview:-1\" \/>\n<link rel=\"canonical\" href=\"https:\/\/psol50.org.br\/as-manifestacoes-de-rua-estao-suspensas-no-dia-18-03-mas-a-mobilizacao-em-defesa-do-brasil-continua\/\" \/>\n<meta property=\"og:locale\" content=\"pt_BR\" \/>\n<meta property=\"og:type\" content=\"article\" \/>\n<meta property=\"og:title\" content=\"As manifesta\u00e7\u00f5es de rua est\u00e3o suspensas no dia 18\/03, mas a mobiliza\u00e7\u00e3o em defesa do Brasil continua!\" \/>\n<meta property=\"og:description\" content=\"Reafirmamos que a luta em defesa da Educa\u00e7\u00e3o, do Emprego, dos Direitos e da Democracia n\u00e3o deve parar. O 18 de Mar\u00e7o segue como um dia de greves e paralisa\u00e7\u00f5es em todo pa\u00eds.\" \/>\n<meta property=\"og:url\" content=\"https:\/\/psol50.org.br\/as-manifestacoes-de-rua-estao-suspensas-no-dia-18-03-mas-a-mobilizacao-em-defesa-do-brasil-continua\/\" \/>\n<meta property=\"og:site_name\" content=\"PSOL 50\" \/>\n<meta property=\"article:publisher\" content=\"https:\/\/www.facebook.com\/psol50\" \/>\n<meta property=\"article:published_time\" content=\"2020-03-13T20:19:27+00:00\" \/>\n<meta property=\"og:image\" content=\"https:\/\/psol50.org.br\/inc\/uploads\/2020\/03\/E141409-F00001-O752-2000x0-1-scaled-1.jpeg\" \/>\n\t<meta property=\"og:image:width\" content=\"1920\" \/>\n\t<meta property=\"og:image:height\" content=\"1440\" \/>\n\t<meta property=\"og:image:type\" content=\"image\/jpeg\" \/>\n<meta name=\"author\" content=\"Comunica\u00e7\u00e3o PSOL\" \/>\n<meta name=\"twitter:card\" content=\"summary_large_image\" \/>\n<meta name=\"twitter:title\" content=\"As manifesta\u00e7\u00f5es de rua est\u00e3o suspensas no dia 18\/03, mas a mobiliza\u00e7\u00e3o em defesa do Brasil continua!\" \/>\n<meta name=\"twitter:description\" content=\"Reafirmamos que a luta em defesa da Educa\u00e7\u00e3o, do Emprego, dos Direitos e da Democracia n\u00e3o deve parar. O 18 de Mar\u00e7o segue como um dia de greves e paralisa\u00e7\u00f5es em todo pa\u00eds.\" \/>\n<meta name=\"twitter:image\" content=\"https:\/\/psol50.org.br\/inc\/uploads\/2020\/03\/E141409-F00001-O752-2000x0-1-scaled-1.jpeg\" \/>\n<meta name=\"twitter:creator\" content=\"@psol50\" \/>\n<meta name=\"twitter:site\" content=\"@psol50\" \/>\n<meta name=\"twitter:label1\" content=\"Escrito por\" \/>\n\t<meta name=\"twitter:data1\" content=\"Comunica\u00e7\u00e3o PSOL\" \/>\n\t<meta name=\"twitter:label2\" content=\"Est. tempo de leitura\" \/>\n\t<meta name=\"twitter:data2\" content=\"1 minuto\" \/>\n<script type=\"application\/ld+json\" class=\"yoast-schema-graph\">{\"@context\":\"https:\/\/schema.org\",\"@graph\":[{\"@type\":\"Article\",\"@id\":\"https:\/\/psol50.org.br\/as-manifestacoes-de-rua-estao-suspensas-no-dia-18-03-mas-a-mobilizacao-em-defesa-do-brasil-continua\/#article\",\"isPartOf\":{\"@id\":\"https:\/\/psol50.org.br\/as-manifestacoes-de-rua-estao-suspensas-no-dia-18-03-mas-a-mobilizacao-em-defesa-do-brasil-continua\/\"},\"author\":{\"name\":\"Comunica\u00e7\u00e3o PSOL\",\"@id\":\"https:\/\/psol50.org.br\/#\/schema\/person\/475dfa57d0b815993c714c2e96491fcd\"},\"headline\":\"As manifesta\u00e7\u00f5es de rua est\u00e3o suspensas no dia 18\/03, mas a mobiliza\u00e7\u00e3o em defesa do Brasil continua!\",\"datePublished\":\"2020-03-13T20:19:27+00:00\",\"mainEntityOfPage\":{\"@id\":\"https:\/\/psol50.org.br\/as-manifestacoes-de-rua-estao-suspensas-no-dia-18-03-mas-a-mobilizacao-em-defesa-do-brasil-continua\/\"},\"wordCount\":299,\"publisher\":{\"@id\":\"https:\/\/psol50.org.br\/#organization\"},\"image\":{\"@id\":\"https:\/\/psol50.org.br\/as-manifestacoes-de-rua-estao-suspensas-no-dia-18-03-mas-a-mobilizacao-em-defesa-do-brasil-continua\/#primaryimage\"},\"thumbnailUrl\":\"https:\/\/psol50.org.br\/inc\/uploads\/2020\/03\/E141409-F00001-O752-2000x0-1-scaled-1.jpeg\",\"keywords\":[\"18M\",\"coronav\u00edrus\",\"democracia\",\"Educa\u00e7\u00e3o\",\"greve\",\"manifesta\u00e7\u00f5es\"],\"articleSection\":[\"Notas\",\"Not\u00edcias\"],\"inLanguage\":\"pt-BR\"},{\"@type\":\"WebPage\",\"@id\":\"https:\/\/psol50.org.br\/as-manifestacoes-de-rua-estao-suspensas-no-dia-18-03-mas-a-mobilizacao-em-defesa-do-brasil-continua\/\",\"url\":\"https:\/\/psol50.org.br\/as-manifestacoes-de-rua-estao-suspensas-no-dia-18-03-mas-a-mobilizacao-em-defesa-do-brasil-continua\/\",\"name\":\"As manifesta\u00e7\u00f5es de rua est\u00e3o suspensas no dia 18\/03, mas a mobiliza\u00e7\u00e3o em defesa do Brasil continua! - PSOL 50\",\"isPartOf\":{\"@id\":\"https:\/\/psol50.org.br\/#website\"},\"primaryImageOfPage\":{\"@id\":\"https:\/\/psol50.org.br\/as-manifestacoes-de-rua-estao-suspensas-no-dia-18-03-mas-a-mobilizacao-em-defesa-do-brasil-continua\/#primaryimage\"},\"image\":{\"@id\":\"https:\/\/psol50.org.br\/as-manifestacoes-de-rua-estao-suspensas-no-dia-18-03-mas-a-mobilizacao-em-defesa-do-brasil-continua\/#primaryimage\"},\"thumbnailUrl\":\"https:\/\/psol50.org.br\/inc\/uploads\/2020\/03\/E141409-F00001-O752-2000x0-1-scaled-1.jpeg\",\"datePublished\":\"2020-03-13T20:19:27+00:00\",\"description\":\"Reafirmamos que a luta em defesa da Educa\u00e7\u00e3o, do Emprego, dos Direitos e da Democracia n\u00e3o deve parar. O 18 de Mar\u00e7o segue como um dia de greves e paralisa\u00e7\u00f5es em todo pa\u00eds.\",\"breadcrumb\":{\"@id\":\"https:\/\/psol50.org.br\/as-manifestacoes-de-rua-estao-suspensas-no-dia-18-03-mas-a-mobilizacao-em-defesa-do-brasil-continua\/#breadcrumb\"},\"inLanguage\":\"pt-BR\",\"potentialAction\":[{\"@type\":\"ReadAction\",\"target\":[\"https:\/\/psol50.org.br\/as-manifestacoes-de-rua-estao-suspensas-no-dia-18-03-mas-a-mobilizacao-em-defesa-do-brasil-continua\/\"]}]},{\"@type\":\"ImageObject\",\"inLanguage\":\"pt-BR\",\"@id\":\"https:\/\/psol50.org.br\/as-manifestacoes-de-rua-estao-suspensas-no-dia-18-03-mas-a-mobilizacao-em-defesa-do-brasil-continua\/#primaryimage\",\"url\":\"https:\/\/psol50.org.br\/inc\/uploads\/2020\/03\/E141409-F00001-O752-2000x0-1-scaled-1.jpeg\",\"contentUrl\":\"https:\/\/psol50.org.br\/inc\/uploads\/2020\/03\/E141409-F00001-O752-2000x0-1-scaled-1.jpeg\",\"width\":1920,\"height\":1440,\"caption\":\"Foto: M\u00eddia Ninja\"},{\"@type\":\"BreadcrumbList\",\"@id\":\"https:\/\/psol50.org.br\/as-manifestacoes-de-rua-estao-suspensas-no-dia-18-03-mas-a-mobilizacao-em-defesa-do-brasil-continua\/#breadcrumb\",\"itemListElement\":[{\"@type\":\"ListItem\",\"position\":1,\"name\":\"In\u00edcio\",\"item\":\"https:\/\/psol50.org.br\/\"},{\"@type\":\"ListItem\",\"position\":2,\"name\":\"As manifesta\u00e7\u00f5es de rua est\u00e3o suspensas no dia 18\/03, mas a mobiliza\u00e7\u00e3o em defesa do Brasil continua!\"}]},{\"@type\":\"WebSite\",\"@id\":\"https:\/\/psol50.org.br\/#website\",\"url\":\"https:\/\/psol50.org.br\/\",\"name\":\"PSOL 50\",\"description\":\"Site oficial do Partido Socialismo e Liberdade\",\"publisher\":{\"@id\":\"https:\/\/psol50.org.br\/#organization\"},\"alternateName\":\"PSOL50\",\"potentialAction\":[{\"@type\":\"SearchAction\",\"target\":{\"@type\":\"EntryPoint\",\"urlTemplate\":\"https:\/\/psol50.org.br\/?s={search_term_string}\"},\"query-input\":{\"@type\":\"PropertyValueSpecification\",\"valueRequired\":true,\"valueName\":\"search_term_string\"}}],\"inLanguage\":\"pt-BR\"},{\"@type\":\"Organization\",\"@id\":\"https:\/\/psol50.org.br\/#organization\",\"name\":\"PSOL 50\",\"alternateName\":\"PSOL 50\",\"url\":\"https:\/\/psol50.org.br\/\",\"logo\":{\"@type\":\"ImageObject\",\"inLanguage\":\"pt-BR\",\"@id\":\"https:\/\/psol50.org.br\/#\/schema\/logo\/image\/\",\"url\":\"https:\/\/psol50.org.br\/inc\/uploads\/2018\/07\/capa.png\",\"contentUrl\":\"https:\/\/psol50.org.br\/inc\/uploads\/2018\/07\/capa.png\",\"width\":1350,\"height\":900,\"caption\":\"PSOL 50\"},\"image\":{\"@id\":\"https:\/\/psol50.org.br\/#\/schema\/logo\/image\/\"},\"sameAs\":[\"https:\/\/www.facebook.com\/psol50\",\"https:\/\/x.com\/psol50\",\"https:\/\/www.instagram.com\/psol50\/\",\"https:\/\/www.youtube.com\/channel\/UC7SnJS5o1os7a6CaiNabzcg\"]},{\"@type\":\"Person\",\"@id\":\"https:\/\/psol50.org.br\/#\/schema\/person\/475dfa57d0b815993c714c2e96491fcd\",\"name\":\"Comunica\u00e7\u00e3o PSOL\",\"image\":{\"@type\":\"ImageObject\",\"inLanguage\":\"pt-BR\",\"@id\":\"https:\/\/psol50.org.br\/#\/schema\/person\/image\/\",\"url\":\"https:\/\/secure.gravatar.com\/avatar\/b34fc4f4e468a4e51785917065a3db57b841f5c95dba6ad8c73aaf8f66f8f9bf?s=96&d=mm&r=g\",\"contentUrl\":\"https:\/\/secure.gravatar.com\/avatar\/b34fc4f4e468a4e51785917065a3db57b841f5c95dba6ad8c73aaf8f66f8f9bf?s=96&d=mm&r=g\",\"caption\":\"Comunica\u00e7\u00e3o PSOL\"}}]}<\/script>\n<!-- \/ Yoast SEO plugin. -->","yoast_head_json":{"title":"As manifesta\u00e7\u00f5es de rua est\u00e3o suspensas no dia 18\/03, mas a mobiliza\u00e7\u00e3o em defesa do Brasil continua! - PSOL 50","description":"Reafirmamos que a luta em defesa da Educa\u00e7\u00e3o, do Emprego, dos Direitos e da Democracia n\u00e3o deve parar. O 18 de Mar\u00e7o segue como um dia de greves e paralisa\u00e7\u00f5es em todo pa\u00eds.","robots":{"index":"index","follow":"follow","max-snippet":"max-snippet:-1","max-image-preview":"max-image-preview:large","max-video-preview":"max-video-preview:-1"},"canonical":"https:\/\/psol50.org.br\/as-manifestacoes-de-rua-estao-suspensas-no-dia-18-03-mas-a-mobilizacao-em-defesa-do-brasil-continua\/","og_locale":"pt_BR","og_type":"article","og_title":"As manifesta\u00e7\u00f5es de rua est\u00e3o suspensas no dia 18\/03, mas a mobiliza\u00e7\u00e3o em defesa do Brasil continua!","og_description":"Reafirmamos que a luta em defesa da Educa\u00e7\u00e3o, do Emprego, dos Direitos e da Democracia n\u00e3o deve parar. O 18 de Mar\u00e7o segue como um dia de greves e paralisa\u00e7\u00f5es em todo pa\u00eds.","og_url":"https:\/\/psol50.org.br\/as-manifestacoes-de-rua-estao-suspensas-no-dia-18-03-mas-a-mobilizacao-em-defesa-do-brasil-continua\/","og_site_name":"PSOL 50","article_publisher":"https:\/\/www.facebook.com\/psol50","article_published_time":"2020-03-13T20:19:27+00:00","og_image":[{"width":1920,"height":1440,"url":"https:\/\/psol50.org.br\/inc\/uploads\/2020\/03\/E141409-F00001-O752-2000x0-1-scaled-1.jpeg","type":"image\/jpeg"}],"author":"Comunica\u00e7\u00e3o PSOL","twitter_card":"summary_large_image","twitter_title":"As manifesta\u00e7\u00f5es de rua est\u00e3o suspensas no dia 18\/03, mas a mobiliza\u00e7\u00e3o em defesa do Brasil continua!","twitter_description":"Reafirmamos que a luta em defesa da Educa\u00e7\u00e3o, do Emprego, dos Direitos e da Democracia n\u00e3o deve parar. O 18 de Mar\u00e7o segue como um dia de greves e paralisa\u00e7\u00f5es em todo pa\u00eds.","twitter_image":"https:\/\/psol50.org.br\/inc\/uploads\/2020\/03\/E141409-F00001-O752-2000x0-1-scaled-1.jpeg","twitter_creator":"@psol50","twitter_site":"@psol50","twitter_misc":{"Escrito por":"Comunica\u00e7\u00e3o PSOL","Est. tempo de leitura":"1 minuto"},"schema":{"@context":"https:\/\/schema.org","@graph":[{"@type":"Article","@id":"https:\/\/psol50.org.br\/as-manifestacoes-de-rua-estao-suspensas-no-dia-18-03-mas-a-mobilizacao-em-defesa-do-brasil-continua\/#article","isPartOf":{"@id":"https:\/\/psol50.org.br\/as-manifestacoes-de-rua-estao-suspensas-no-dia-18-03-mas-a-mobilizacao-em-defesa-do-brasil-continua\/"},"author":{"name":"Comunica\u00e7\u00e3o PSOL","@id":"https:\/\/psol50.org.br\/#\/schema\/person\/475dfa57d0b815993c714c2e96491fcd"},"headline":"As manifesta\u00e7\u00f5es de rua est\u00e3o suspensas no dia 18\/03, mas a mobiliza\u00e7\u00e3o em defesa do Brasil continua!","datePublished":"2020-03-13T20:19:27+00:00","mainEntityOfPage":{"@id":"https:\/\/psol50.org.br\/as-manifestacoes-de-rua-estao-suspensas-no-dia-18-03-mas-a-mobilizacao-em-defesa-do-brasil-continua\/"},"wordCount":299,"publisher":{"@id":"https:\/\/psol50.org.br\/#organization"},"image":{"@id":"https:\/\/psol50.org.br\/as-manifestacoes-de-rua-estao-suspensas-no-dia-18-03-mas-a-mobilizacao-em-defesa-do-brasil-continua\/#primaryimage"},"thumbnailUrl":"https:\/\/psol50.org.br\/inc\/uploads\/2020\/03\/E141409-F00001-O752-2000x0-1-scaled-1.jpeg","keywords":["18M","coronav\u00edrus","democracia","Educa\u00e7\u00e3o","greve","manifesta\u00e7\u00f5es"],"articleSection":["Notas","Not\u00edcias"],"inLanguage":"pt-BR"},{"@type":"WebPage","@id":"https:\/\/psol50.org.br\/as-manifestacoes-de-rua-estao-suspensas-no-dia-18-03-mas-a-mobilizacao-em-defesa-do-brasil-continua\/","url":"https:\/\/psol50.org.br\/as-manifestacoes-de-rua-estao-suspensas-no-dia-18-03-mas-a-mobilizacao-em-defesa-do-brasil-continua\/","name":"As manifesta\u00e7\u00f5es de rua est\u00e3o suspensas no dia 18\/03, mas a mobiliza\u00e7\u00e3o em defesa do Brasil continua! - PSOL 50","isPartOf":{"@id":"https:\/\/psol50.org.br\/#website"},"primaryImageOfPage":{"@id":"https:\/\/psol50.org.br\/as-manifestacoes-de-rua-estao-suspensas-no-dia-18-03-mas-a-mobilizacao-em-defesa-do-brasil-continua\/#primaryimage"},"image":{"@id":"https:\/\/psol50.org.br\/as-manifestacoes-de-rua-estao-suspensas-no-dia-18-03-mas-a-mobilizacao-em-defesa-do-brasil-continua\/#primaryimage"},"thumbnailUrl":"https:\/\/psol50.org.br\/inc\/uploads\/2020\/03\/E141409-F00001-O752-2000x0-1-scaled-1.jpeg","datePublished":"2020-03-13T20:19:27+00:00","description":"Reafirmamos que a luta em defesa da Educa\u00e7\u00e3o, do Emprego, dos Direitos e da Democracia n\u00e3o deve parar. O 18 de Mar\u00e7o segue como um dia de greves e paralisa\u00e7\u00f5es em todo pa\u00eds.","breadcrumb":{"@id":"https:\/\/psol50.org.br\/as-manifestacoes-de-rua-estao-suspensas-no-dia-18-03-mas-a-mobilizacao-em-defesa-do-brasil-continua\/#breadcrumb"},"inLanguage":"pt-BR","potentialAction":[{"@type":"ReadAction","target":["https:\/\/psol50.org.br\/as-manifestacoes-de-rua-estao-suspensas-no-dia-18-03-mas-a-mobilizacao-em-defesa-do-brasil-continua\/"]}]},{"@type":"ImageObject","inLanguage":"pt-BR","@id":"https:\/\/psol50.org.br\/as-manifestacoes-de-rua-estao-suspensas-no-dia-18-03-mas-a-mobilizacao-em-defesa-do-brasil-continua\/#primaryimage","url":"https:\/\/psol50.org.br\/inc\/uploads\/2020\/03\/E141409-F00001-O752-2000x0-1-scaled-1.jpeg","contentUrl":"https:\/\/psol50.org.br\/inc\/uploads\/2020\/03\/E141409-F00001-O752-2000x0-1-scaled-1.jpeg","width":1920,"height":1440,"caption":"Foto: M\u00eddia Ninja"},{"@type":"BreadcrumbList","@id":"https:\/\/psol50.org.br\/as-manifestacoes-de-rua-estao-suspensas-no-dia-18-03-mas-a-mobilizacao-em-defesa-do-brasil-continua\/#breadcrumb","itemListElement":[{"@type":"ListItem","position":1,"name":"In\u00edcio","item":"https:\/\/psol50.org.br\/"},{"@type":"ListItem","position":2,"name":"As manifesta\u00e7\u00f5es de rua est\u00e3o suspensas no dia 18\/03, mas a mobiliza\u00e7\u00e3o em defesa do Brasil continua!"}]},{"@type":"WebSite","@id":"https:\/\/psol50.org.br\/#website","url":"https:\/\/psol50.org.br\/","name":"PSOL 50","description":"Site oficial do Partido Socialismo e Liberdade","publisher":{"@id":"https:\/\/psol50.org.br\/#organization"},"alternateName":"PSOL50","potentialAction":[{"@type":"SearchAction","target":{"@type":"EntryPoint","urlTemplate":"https:\/\/psol50.org.br\/?s={search_term_string}"},"query-input":{"@type":"PropertyValueSpecification","valueRequired":true,"valueName":"search_term_string"}}],"inLanguage":"pt-BR"},{"@type":"Organization","@id":"https:\/\/psol50.org.br\/#organization","name":"PSOL 50","alternateName":"PSOL 50","url":"https:\/\/psol50.org.br\/","logo":{"@type":"ImageObject","inLanguage":"pt-BR","@id":"https:\/\/psol50.org.br\/#\/schema\/logo\/image\/","url":"https:\/\/psol50.org.br\/inc\/uploads\/2018\/07\/capa.png","contentUrl":"https:\/\/psol50.org.br\/inc\/uploads\/2018\/07\/capa.png","width":1350,"height":900,"caption":"PSOL 50"},"image":{"@id":"https:\/\/psol50.org.br\/#\/schema\/logo\/image\/"},"sameAs":["https:\/\/www.facebook.com\/psol50","https:\/\/x.com\/psol50","https:\/\/www.instagram.com\/psol50\/","https:\/\/www.youtube.com\/channel\/UC7SnJS5o1os7a6CaiNabzcg"]},{"@type":"Person","@id":"https:\/\/psol50.org.br\/#\/schema\/person\/475dfa57d0b815993c714c2e96491fcd","name":"Comunica\u00e7\u00e3o PSOL","image":{"@type":"ImageObject","inLanguage":"pt-BR","@id":"https:\/\/psol50.org.br\/#\/schema\/person\/image\/","url":"https:\/\/secure.gravatar.com\/avatar\/b34fc4f4e468a4e51785917065a3db57b841f5c95dba6ad8c73aaf8f66f8f9bf?s=96&d=mm&r=g","contentUrl":"https:\/\/secure.gravatar.com\/avatar\/b34fc4f4e468a4e51785917065a3db57b841f5c95dba6ad8c73aaf8f66f8f9bf?s=96&d=mm&r=g","caption":"Comunica\u00e7\u00e3o PSOL"}}]}},"_links":{"self":[{"href":"https:\/\/psol50.org.br\/rest\/wp\/v2\/posts\/27763","targetHints":{"allow":["GET"]}}],"collection":[{"href":"https:\/\/psol50.org.br\/rest\/wp\/v2\/posts"}],"about":[{"href":"https:\/\/psol50.org.br\/rest\/wp\/v2\/types\/post"}],"author":[{"embeddable":true,"href":"https:\/\/psol50.org.br\/rest\/wp\/v2\/users\/2"}],"replies":[{"embeddable":true,"href":"https:\/\/psol50.org.br\/rest\/wp\/v2\/comments?post=27763"}],"version-history":[{"count":0,"href":"https:\/\/psol50.org.br\/rest\/wp\/v2\/posts\/27763\/revisions"}],"wp:featuredmedia":[{"embeddable":true,"href":"https:\/\/psol50.org.br\/rest\/wp\/v2\/media\/27698"}],"wp:attachment":[{"href":"https:\/\/psol50.org.br\/rest\/wp\/v2\/media?parent=27763"}],"wp:term":[{"taxonomy":"category","embeddable":true,"href":"https:\/\/psol50.org.br\/rest\/wp\/v2\/categories?post=27763"},{"taxonomy":"post_tag","embeddable":true,"href":"https:\/\/psol50.org.br\/rest\/wp\/v2\/tags?post=27763"}],"curies":[{"name":"wp","href":"https:\/\/api.w.org\/{rel}","templated":true}]}}