{"id":27774,"date":"2020-03-16T15:13:48","date_gmt":"2020-03-16T18:13:48","guid":{"rendered":"https:\/\/psol50.org.br\/?p=27774"},"modified":"2020-03-16T15:13:48","modified_gmt":"2020-03-16T18:13:48","slug":"saiba-o-que-voce-precisa-fazer-para-se-prevenir-da-pandemia-de-coronavirus","status":"publish","type":"post","link":"https:\/\/psol50.org.br\/saiba-o-que-voce-precisa-fazer-para-se-prevenir-da-pandemia-de-coronavirus\/","title":{"rendered":"Saiba o que voc\u00ea precisa fazer para se prevenir da pandemia do novo coronav\u00edrus"},"content":{"rendered":"<p>Desde 11 de mar\u00e7o de 2020, a Organiza\u00e7\u00e3o Mundial de Sa\u00fade (OMS) declarou uma pandemia mundial do novo coronav\u00edrus, que tamb\u00e9m j\u00e1 chegou ao Brasil com pelo menos 200 casos confirmados no pa\u00eds at\u00e9 esta segunda-feira (16), principalmente em grandes metr\u00f3poles como S\u00e3o Paulo e Rio de Janeiro.<\/p>\n<p>Sem criar p\u00e2nico, mas dando a aten\u00e7\u00e3o que a crise sanit\u00e1ria e econ\u00f4mica decorrente do novo coronav\u00edrus necessita, \u00e9 fundamental seguir as recomenda\u00e7\u00f5es das institui\u00e7\u00f5es de sa\u00fade nacionais e internacionais. Mesmo que o pr\u00f3prio presidente Jair Bolsonaro descumpra tais recomenda\u00e7\u00f5es sistematicamente.<\/p>\n<h6>At\u00e9 o momento, o Centro de Opera\u00e7\u00f5es de Emerg\u00eancias do Minist\u00e9rio da Sa\u00fade e os principais \u00f3rg\u00e3os de sa\u00fade recomendam as seguintes medidas pessoais:<\/h6>\n<ul>\n<li>Higienize frequentemente das m\u00e3os. \u00c9 importante lav\u00e1-las sempre que chegar em casa e em outros momentos do dia.<\/li>\n<li>\u00c1lcool gel a 70% tamb\u00e9m \u00e9 eficiente para matar o v\u00edrus.<\/li>\n<li>Evite levar as m\u00e3os ao rosto.<\/li>\n<li>Os v\u00edrus respirat\u00f3rios se espalham pelo contato, portanto, ao inv\u00e9s de um aperto de m\u00e3o, beijo ou abra\u00e7o, cumprimente as pessoas de longe por enquanto.<\/li>\n<li>Limpe e desinfecte, com produtos de limpeza como detergente e \u00e1lcool, objetos e superf\u00edcies tocados com frequ\u00eancia, como brinquedos, ma\u00e7anetas e celulares.<\/li>\n<li>Agora e sempre, durante a temporada de gripes e resfriados, fique em casa se estiver doente. S\u00f3 procure os servi\u00e7os m\u00e9dicos se sentir desconforto respirat\u00f3rio, como falta de ar. Devemos priorizar o atendimento m\u00e9dico e os testes para essas pessoas.<\/li>\n<li>Evite, se poss\u00edvel, aglomera\u00e7\u00f5es.<\/li>\n<li>Quem n\u00e3o tem sintomas n\u00e3o deve usar m\u00e1scaras, para que n\u00e3o falte para quem precisa e porque elas perdem a efic\u00e1cia ap\u00f3s 2 horas de uso. A m\u00e1scara deve ser usada caso a pessoa esteja sintom\u00e1tica, para evitar a dissemina\u00e7\u00e3o do v\u00edrus.<\/li>\n<li>Idosos devem restringir o m\u00e1ximo poss\u00edvel seu contato social durante este per\u00edodo.<\/li>\n<li>Os grupos de risco devem tomar a vacina contra a gripe (o come\u00e7o da Campanha Nacional de Vacina\u00e7\u00e3o ser\u00e1 antecipada para o dia 23 de mar\u00e7o). Isso facilitar\u00e1 a identifica\u00e7\u00e3o de casos de coronav\u00edrus.<\/li>\n<\/ul>\n<p>\u00c9 importante ressaltar que as medidas acima servem para preven\u00e7\u00e3o de todas as doen\u00e7as respirat\u00f3rias virais e que as recomenda\u00e7\u00f5es das autoridades podem mudar nos pr\u00f3ximos dias.<\/p>\n<p>O Minist\u00e9rio da Sa\u00fade disponibiliza o telefone\u00a0<strong>136<\/strong>\u00a0para atender quem tiver d\u00favidas.<\/p>\n<h6>Mantenha a calma. Cuidados s\u00e3o necess\u00e1rios. P\u00e2nico, n\u00e3o!<\/h6>\n<p>Cerca de 80% das pessoas com Covid-19 desenvolvem sintomas leves e n\u00e3o precisam de atendimento hospitalar. Acontece que o Brasil tem mais de 200 milh\u00f5es de habitantes, portanto, apesar de o risco individual n\u00e3o ser alto, a depender da velocidade da epidemia, 20% podem representar muitas pessoas e sobrecarregar os sistemas de sa\u00fade p\u00fablico e privado.<\/p>\n<p>Sabemos, com base em dados dos outros pa\u00edses que enfrentaram a epidemia primeiro, que a taxa de mortalidade geral da doen\u00e7a \u00e9 de cerca de 3%. Pessoas com mais de 60 anos, com outras doen\u00e7as associadas, como\u00a0hipertens\u00e3o,\u00a0diabetes,\u00a0insufici\u00eancia card\u00edaca e fumantes, ou imunossuprimidas (que estejam em tratamento de c\u00e2ncer ou convivam com\u00a0HIV, por exemplo) s\u00e3o as que correm maior risco de precisar de tratamento mais intensivo, como suporte em UTI.<\/p>\n<p>No Brasil, a exist\u00eancia de um sistema \u00fanico de sa\u00fade p\u00fablica (SUS) facilita a aplica\u00e7\u00e3o de a\u00e7\u00f5es coordenadas para conten\u00e7\u00e3o da pandemia do novo coronav\u00edrus. Defender o SUS \u00e9 fundamental!<\/p>\n<h6>Locais importantes para se manter informado &#8211; sem fake news!<\/h6>\n<p><strong><a href=\"https:\/\/coronavirus.saude.gov.br\/\">Portal sobre o novo coronav\u00edrus no site do Minist\u00e9rio da Sa\u00fade<\/a><\/strong><\/p>\n<p><strong><a href=\"https:\/\/www.saude.gov.br\/noticias\/agencia-saude\/46540-saude-anuncia-orientacoes-para-evitar-a-disseminacao-do-coronavirus\">Site do Minist\u00e9rio da Sa\u00fade<\/a><\/strong><\/p>\n<p><strong><a href=\"https:\/\/www.paho.org\/bra\/index.php?option=com_content&amp;view=article&amp;id=6101:folha-informativa-novo-coronavirus-2019-ncov&amp;Itemid=875\">OPAS\/OMS &#8211; Organiza\u00e7\u00e3o Panamericana de Sa\u00fade e Organiza\u00e7\u00e3o Mundial de Sa\u00fade<\/a><\/strong><\/p>\n<p><strong><a href=\"https:\/\/www.infectologia.org.br\/\">Sociedade Brasileira de Infectologia<\/a><\/strong><\/p>\n<p><strong><a href=\"http:\/\/biblioteca.cofen.gov.br\/informacoes-sobre-coronavirus\/\">Biblioteca Virtual de Enfermagem<\/a><\/strong><\/p>\n<p><strong><a href=\"https:\/\/g1.globo.com\/fato-ou-fake\/noticia\/2020\/01\/28\/veja-o-que-e-fato-ou-fake-sobre-o-coronavirus.ghtml\">Veja o que \u00e9 fato ou fake pela checagem do G1<\/a><\/strong><\/p>\n<p><strong><a href=\"https:\/\/drauziovarella.uol.com.br\/\">Portal do Dr. Dr\u00e1uzio Varella<\/a><\/strong><\/p>\n","protected":false},"excerpt":{"rendered":"<p>Desde 11 de mar\u00e7o de 2020, a Organiza\u00e7\u00e3o Mundial de Sa\u00fade (OMS) declarou uma pandemia mundial do novo coronav\u00edrus, que tamb\u00e9m j\u00e1 chegou ao Brasil com pelo menos 200 casos confirmados no pa\u00eds at\u00e9 esta segunda-feira (16), principalmente em grandes metr\u00f3poles como S\u00e3o Paulo e Rio de Janeiro. Sem criar p\u00e2nico, mas dando a aten\u00e7\u00e3o [&hellip;]<\/p>\n","protected":false},"author":2,"featured_media":27775,"comment_status":"closed","ping_status":"open","sticky":false,"template":"","format":"standard","meta":{"_acf_changed":false,"footnotes":""},"categories":[6],"tags":[86,171,367,368,366,369,173],"class_list":{"0":"post-27774","1":"post","2":"type-post","3":"status-publish","4":"format-standard","5":"has-post-thumbnail","7":"category-noticias","8":"tag-brasil","9":"tag-coronavirus","10":"tag-pandemia","11":"tag-prevencao","12":"tag-psolcontraocoronavirus","13":"tag-recomendacoes","14":"tag-saude"},"acf":[],"yoast_head":"<!-- This site is optimized with the Yoast SEO plugin v26.5 - https:\/\/yoast.com\/wordpress\/plugins\/seo\/ -->\n<title>Saiba o que voc\u00ea precisa fazer para se prevenir da pandemia do novo coronav\u00edrus - PSOL 50<\/title>\n<meta name=\"description\" content=\"Sem criar p\u00e2nico, mas ter aten\u00e7\u00e3o que a crise sanit\u00e1ria e econ\u00f4mica decorrente do coronav\u00edrus necessita, \u00e9 fundamental seguir as recomenda\u00e7\u00f5es das institui\u00e7\u00f5es de sa\u00fade nacionais e internacionais.\" \/>\n<meta name=\"robots\" content=\"index, follow, max-snippet:-1, max-image-preview:large, max-video-preview:-1\" \/>\n<link rel=\"canonical\" href=\"https:\/\/psol50.org.br\/saiba-o-que-voce-precisa-fazer-para-se-prevenir-da-pandemia-de-coronavirus\/\" \/>\n<meta property=\"og:locale\" content=\"pt_BR\" \/>\n<meta property=\"og:type\" content=\"article\" \/>\n<meta property=\"og:title\" content=\"Saiba o que voc\u00ea precisa fazer para se prevenir da pandemia do novo coronav\u00edrus\" \/>\n<meta property=\"og:description\" content=\"Sem criar p\u00e2nico, mas ter aten\u00e7\u00e3o que a crise sanit\u00e1ria e econ\u00f4mica decorrente do coronav\u00edrus necessita, \u00e9 fundamental seguir as recomenda\u00e7\u00f5es das institui\u00e7\u00f5es de sa\u00fade nacionais e internacionais.\" \/>\n<meta property=\"og:url\" content=\"https:\/\/psol50.org.br\/saiba-o-que-voce-precisa-fazer-para-se-prevenir-da-pandemia-de-coronavirus\/\" \/>\n<meta property=\"og:site_name\" content=\"PSOL 50\" \/>\n<meta property=\"article:publisher\" content=\"https:\/\/www.facebook.com\/psol50\" \/>\n<meta property=\"article:published_time\" content=\"2020-03-16T18:13:48+00:00\" \/>\n<meta property=\"og:image\" content=\"https:\/\/psol50.org.br\/inc\/uploads\/2020\/03\/image00004-1-scaled-1.jpeg\" \/>\n\t<meta property=\"og:image:width\" content=\"1800\" \/>\n\t<meta property=\"og:image:height\" content=\"1200\" \/>\n\t<meta property=\"og:image:type\" content=\"image\/jpeg\" \/>\n<meta name=\"author\" content=\"Comunica\u00e7\u00e3o PSOL\" \/>\n<meta name=\"twitter:card\" content=\"summary_large_image\" \/>\n<meta name=\"twitter:title\" content=\"Saiba o que voc\u00ea precisa fazer para se prevenir da pandemia do novo coronav\u00edrus\" \/>\n<meta name=\"twitter:description\" content=\"Sem criar p\u00e2nico, mas ter aten\u00e7\u00e3o que a crise sanit\u00e1ria e econ\u00f4mica decorrente do coronav\u00edrus necessita, \u00e9 fundamental seguir as recomenda\u00e7\u00f5es das institui\u00e7\u00f5es de sa\u00fade nacionais e internacionais.\" \/>\n<meta name=\"twitter:image\" content=\"https:\/\/psol50.org.br\/inc\/uploads\/2020\/03\/image00004-1-scaled-1.jpeg\" \/>\n<meta name=\"twitter:creator\" content=\"@psol50\" \/>\n<meta name=\"twitter:site\" content=\"@psol50\" \/>\n<meta name=\"twitter:label1\" content=\"Escrito por\" \/>\n\t<meta name=\"twitter:data1\" content=\"Comunica\u00e7\u00e3o PSOL\" \/>\n\t<meta name=\"twitter:label2\" content=\"Est. tempo de leitura\" \/>\n\t<meta name=\"twitter:data2\" content=\"3 minutos\" \/>\n<script type=\"application\/ld+json\" class=\"yoast-schema-graph\">{\"@context\":\"https:\/\/schema.org\",\"@graph\":[{\"@type\":\"Article\",\"@id\":\"https:\/\/psol50.org.br\/saiba-o-que-voce-precisa-fazer-para-se-prevenir-da-pandemia-de-coronavirus\/#article\",\"isPartOf\":{\"@id\":\"https:\/\/psol50.org.br\/saiba-o-que-voce-precisa-fazer-para-se-prevenir-da-pandemia-de-coronavirus\/\"},\"author\":{\"name\":\"Comunica\u00e7\u00e3o PSOL\",\"@id\":\"https:\/\/psol50.org.br\/#\/schema\/person\/475dfa57d0b815993c714c2e96491fcd\"},\"headline\":\"Saiba o que voc\u00ea precisa fazer para se prevenir da pandemia do novo coronav\u00edrus\",\"datePublished\":\"2020-03-16T18:13:48+00:00\",\"mainEntityOfPage\":{\"@id\":\"https:\/\/psol50.org.br\/saiba-o-que-voce-precisa-fazer-para-se-prevenir-da-pandemia-de-coronavirus\/\"},\"wordCount\":694,\"publisher\":{\"@id\":\"https:\/\/psol50.org.br\/#organization\"},\"image\":{\"@id\":\"https:\/\/psol50.org.br\/saiba-o-que-voce-precisa-fazer-para-se-prevenir-da-pandemia-de-coronavirus\/#primaryimage\"},\"thumbnailUrl\":\"https:\/\/psol50.org.br\/inc\/uploads\/2020\/03\/image00004-1-scaled-1.jpeg\",\"keywords\":[\"Brasil\",\"coronav\u00edrus\",\"pandemia\",\"preven\u00e7\u00e3o\",\"psolcontraocoronavirus\",\"recomenda\u00e7\u00f5es\",\"sa\u00fade\"],\"articleSection\":[\"Not\u00edcias\"],\"inLanguage\":\"pt-BR\"},{\"@type\":\"WebPage\",\"@id\":\"https:\/\/psol50.org.br\/saiba-o-que-voce-precisa-fazer-para-se-prevenir-da-pandemia-de-coronavirus\/\",\"url\":\"https:\/\/psol50.org.br\/saiba-o-que-voce-precisa-fazer-para-se-prevenir-da-pandemia-de-coronavirus\/\",\"name\":\"Saiba o que voc\u00ea precisa fazer para se prevenir da pandemia do novo coronav\u00edrus - PSOL 50\",\"isPartOf\":{\"@id\":\"https:\/\/psol50.org.br\/#website\"},\"primaryImageOfPage\":{\"@id\":\"https:\/\/psol50.org.br\/saiba-o-que-voce-precisa-fazer-para-se-prevenir-da-pandemia-de-coronavirus\/#primaryimage\"},\"image\":{\"@id\":\"https:\/\/psol50.org.br\/saiba-o-que-voce-precisa-fazer-para-se-prevenir-da-pandemia-de-coronavirus\/#primaryimage\"},\"thumbnailUrl\":\"https:\/\/psol50.org.br\/inc\/uploads\/2020\/03\/image00004-1-scaled-1.jpeg\",\"datePublished\":\"2020-03-16T18:13:48+00:00\",\"description\":\"Sem criar p\u00e2nico, mas ter aten\u00e7\u00e3o que a crise sanit\u00e1ria e econ\u00f4mica decorrente do coronav\u00edrus necessita, \u00e9 fundamental seguir as recomenda\u00e7\u00f5es das institui\u00e7\u00f5es de sa\u00fade nacionais e internacionais.\",\"breadcrumb\":{\"@id\":\"https:\/\/psol50.org.br\/saiba-o-que-voce-precisa-fazer-para-se-prevenir-da-pandemia-de-coronavirus\/#breadcrumb\"},\"inLanguage\":\"pt-BR\",\"potentialAction\":[{\"@type\":\"ReadAction\",\"target\":[\"https:\/\/psol50.org.br\/saiba-o-que-voce-precisa-fazer-para-se-prevenir-da-pandemia-de-coronavirus\/\"]}]},{\"@type\":\"ImageObject\",\"inLanguage\":\"pt-BR\",\"@id\":\"https:\/\/psol50.org.br\/saiba-o-que-voce-precisa-fazer-para-se-prevenir-da-pandemia-de-coronavirus\/#primaryimage\",\"url\":\"https:\/\/psol50.org.br\/inc\/uploads\/2020\/03\/image00004-1-scaled-1.jpeg\",\"contentUrl\":\"https:\/\/psol50.org.br\/inc\/uploads\/2020\/03\/image00004-1-scaled-1.jpeg\",\"width\":1800,\"height\":1200,\"caption\":\"Foto: Roberto Parizotti\"},{\"@type\":\"BreadcrumbList\",\"@id\":\"https:\/\/psol50.org.br\/saiba-o-que-voce-precisa-fazer-para-se-prevenir-da-pandemia-de-coronavirus\/#breadcrumb\",\"itemListElement\":[{\"@type\":\"ListItem\",\"position\":1,\"name\":\"In\u00edcio\",\"item\":\"https:\/\/psol50.org.br\/\"},{\"@type\":\"ListItem\",\"position\":2,\"name\":\"Saiba o que voc\u00ea precisa fazer para se prevenir da pandemia do novo coronav\u00edrus\"}]},{\"@type\":\"WebSite\",\"@id\":\"https:\/\/psol50.org.br\/#website\",\"url\":\"https:\/\/psol50.org.br\/\",\"name\":\"PSOL 50\",\"description\":\"Site oficial do Partido Socialismo e Liberdade\",\"publisher\":{\"@id\":\"https:\/\/psol50.org.br\/#organization\"},\"alternateName\":\"PSOL50\",\"potentialAction\":[{\"@type\":\"SearchAction\",\"target\":{\"@type\":\"EntryPoint\",\"urlTemplate\":\"https:\/\/psol50.org.br\/?s={search_term_string}\"},\"query-input\":{\"@type\":\"PropertyValueSpecification\",\"valueRequired\":true,\"valueName\":\"search_term_string\"}}],\"inLanguage\":\"pt-BR\"},{\"@type\":\"Organization\",\"@id\":\"https:\/\/psol50.org.br\/#organization\",\"name\":\"PSOL 50\",\"alternateName\":\"PSOL 50\",\"url\":\"https:\/\/psol50.org.br\/\",\"logo\":{\"@type\":\"ImageObject\",\"inLanguage\":\"pt-BR\",\"@id\":\"https:\/\/psol50.org.br\/#\/schema\/logo\/image\/\",\"url\":\"https:\/\/psol50.org.br\/inc\/uploads\/2018\/07\/capa.png\",\"contentUrl\":\"https:\/\/psol50.org.br\/inc\/uploads\/2018\/07\/capa.png\",\"width\":1350,\"height\":900,\"caption\":\"PSOL 50\"},\"image\":{\"@id\":\"https:\/\/psol50.org.br\/#\/schema\/logo\/image\/\"},\"sameAs\":[\"https:\/\/www.facebook.com\/psol50\",\"https:\/\/x.com\/psol50\",\"https:\/\/www.instagram.com\/psol50\/\",\"https:\/\/www.youtube.com\/channel\/UC7SnJS5o1os7a6CaiNabzcg\"]},{\"@type\":\"Person\",\"@id\":\"https:\/\/psol50.org.br\/#\/schema\/person\/475dfa57d0b815993c714c2e96491fcd\",\"name\":\"Comunica\u00e7\u00e3o PSOL\",\"image\":{\"@type\":\"ImageObject\",\"inLanguage\":\"pt-BR\",\"@id\":\"https:\/\/psol50.org.br\/#\/schema\/person\/image\/\",\"url\":\"https:\/\/secure.gravatar.com\/avatar\/b34fc4f4e468a4e51785917065a3db57b841f5c95dba6ad8c73aaf8f66f8f9bf?s=96&d=mm&r=g\",\"contentUrl\":\"https:\/\/secure.gravatar.com\/avatar\/b34fc4f4e468a4e51785917065a3db57b841f5c95dba6ad8c73aaf8f66f8f9bf?s=96&d=mm&r=g\",\"caption\":\"Comunica\u00e7\u00e3o PSOL\"}}]}<\/script>\n<!-- \/ Yoast SEO plugin. -->","yoast_head_json":{"title":"Saiba o que voc\u00ea precisa fazer para se prevenir da pandemia do novo coronav\u00edrus - PSOL 50","description":"Sem criar p\u00e2nico, mas ter aten\u00e7\u00e3o que a crise sanit\u00e1ria e econ\u00f4mica decorrente do coronav\u00edrus necessita, \u00e9 fundamental seguir as recomenda\u00e7\u00f5es das institui\u00e7\u00f5es de sa\u00fade nacionais e internacionais.","robots":{"index":"index","follow":"follow","max-snippet":"max-snippet:-1","max-image-preview":"max-image-preview:large","max-video-preview":"max-video-preview:-1"},"canonical":"https:\/\/psol50.org.br\/saiba-o-que-voce-precisa-fazer-para-se-prevenir-da-pandemia-de-coronavirus\/","og_locale":"pt_BR","og_type":"article","og_title":"Saiba o que voc\u00ea precisa fazer para se prevenir da pandemia do novo coronav\u00edrus","og_description":"Sem criar p\u00e2nico, mas ter aten\u00e7\u00e3o que a crise sanit\u00e1ria e econ\u00f4mica decorrente do coronav\u00edrus necessita, \u00e9 fundamental seguir as recomenda\u00e7\u00f5es das institui\u00e7\u00f5es de sa\u00fade nacionais e internacionais.","og_url":"https:\/\/psol50.org.br\/saiba-o-que-voce-precisa-fazer-para-se-prevenir-da-pandemia-de-coronavirus\/","og_site_name":"PSOL 50","article_publisher":"https:\/\/www.facebook.com\/psol50","article_published_time":"2020-03-16T18:13:48+00:00","og_image":[{"width":1800,"height":1200,"url":"https:\/\/psol50.org.br\/inc\/uploads\/2020\/03\/image00004-1-scaled-1.jpeg","type":"image\/jpeg"}],"author":"Comunica\u00e7\u00e3o PSOL","twitter_card":"summary_large_image","twitter_title":"Saiba o que voc\u00ea precisa fazer para se prevenir da pandemia do novo coronav\u00edrus","twitter_description":"Sem criar p\u00e2nico, mas ter aten\u00e7\u00e3o que a crise sanit\u00e1ria e econ\u00f4mica decorrente do coronav\u00edrus necessita, \u00e9 fundamental seguir as recomenda\u00e7\u00f5es das institui\u00e7\u00f5es de sa\u00fade nacionais e internacionais.","twitter_image":"https:\/\/psol50.org.br\/inc\/uploads\/2020\/03\/image00004-1-scaled-1.jpeg","twitter_creator":"@psol50","twitter_site":"@psol50","twitter_misc":{"Escrito por":"Comunica\u00e7\u00e3o PSOL","Est. tempo de leitura":"3 minutos"},"schema":{"@context":"https:\/\/schema.org","@graph":[{"@type":"Article","@id":"https:\/\/psol50.org.br\/saiba-o-que-voce-precisa-fazer-para-se-prevenir-da-pandemia-de-coronavirus\/#article","isPartOf":{"@id":"https:\/\/psol50.org.br\/saiba-o-que-voce-precisa-fazer-para-se-prevenir-da-pandemia-de-coronavirus\/"},"author":{"name":"Comunica\u00e7\u00e3o PSOL","@id":"https:\/\/psol50.org.br\/#\/schema\/person\/475dfa57d0b815993c714c2e96491fcd"},"headline":"Saiba o que voc\u00ea precisa fazer para se prevenir da pandemia do novo coronav\u00edrus","datePublished":"2020-03-16T18:13:48+00:00","mainEntityOfPage":{"@id":"https:\/\/psol50.org.br\/saiba-o-que-voce-precisa-fazer-para-se-prevenir-da-pandemia-de-coronavirus\/"},"wordCount":694,"publisher":{"@id":"https:\/\/psol50.org.br\/#organization"},"image":{"@id":"https:\/\/psol50.org.br\/saiba-o-que-voce-precisa-fazer-para-se-prevenir-da-pandemia-de-coronavirus\/#primaryimage"},"thumbnailUrl":"https:\/\/psol50.org.br\/inc\/uploads\/2020\/03\/image00004-1-scaled-1.jpeg","keywords":["Brasil","coronav\u00edrus","pandemia","preven\u00e7\u00e3o","psolcontraocoronavirus","recomenda\u00e7\u00f5es","sa\u00fade"],"articleSection":["Not\u00edcias"],"inLanguage":"pt-BR"},{"@type":"WebPage","@id":"https:\/\/psol50.org.br\/saiba-o-que-voce-precisa-fazer-para-se-prevenir-da-pandemia-de-coronavirus\/","url":"https:\/\/psol50.org.br\/saiba-o-que-voce-precisa-fazer-para-se-prevenir-da-pandemia-de-coronavirus\/","name":"Saiba o que voc\u00ea precisa fazer para se prevenir da pandemia do novo coronav\u00edrus - PSOL 50","isPartOf":{"@id":"https:\/\/psol50.org.br\/#website"},"primaryImageOfPage":{"@id":"https:\/\/psol50.org.br\/saiba-o-que-voce-precisa-fazer-para-se-prevenir-da-pandemia-de-coronavirus\/#primaryimage"},"image":{"@id":"https:\/\/psol50.org.br\/saiba-o-que-voce-precisa-fazer-para-se-prevenir-da-pandemia-de-coronavirus\/#primaryimage"},"thumbnailUrl":"https:\/\/psol50.org.br\/inc\/uploads\/2020\/03\/image00004-1-scaled-1.jpeg","datePublished":"2020-03-16T18:13:48+00:00","description":"Sem criar p\u00e2nico, mas ter aten\u00e7\u00e3o que a crise sanit\u00e1ria e econ\u00f4mica decorrente do coronav\u00edrus necessita, \u00e9 fundamental seguir as recomenda\u00e7\u00f5es das institui\u00e7\u00f5es de sa\u00fade nacionais e internacionais.","breadcrumb":{"@id":"https:\/\/psol50.org.br\/saiba-o-que-voce-precisa-fazer-para-se-prevenir-da-pandemia-de-coronavirus\/#breadcrumb"},"inLanguage":"pt-BR","potentialAction":[{"@type":"ReadAction","target":["https:\/\/psol50.org.br\/saiba-o-que-voce-precisa-fazer-para-se-prevenir-da-pandemia-de-coronavirus\/"]}]},{"@type":"ImageObject","inLanguage":"pt-BR","@id":"https:\/\/psol50.org.br\/saiba-o-que-voce-precisa-fazer-para-se-prevenir-da-pandemia-de-coronavirus\/#primaryimage","url":"https:\/\/psol50.org.br\/inc\/uploads\/2020\/03\/image00004-1-scaled-1.jpeg","contentUrl":"https:\/\/psol50.org.br\/inc\/uploads\/2020\/03\/image00004-1-scaled-1.jpeg","width":1800,"height":1200,"caption":"Foto: Roberto Parizotti"},{"@type":"BreadcrumbList","@id":"https:\/\/psol50.org.br\/saiba-o-que-voce-precisa-fazer-para-se-prevenir-da-pandemia-de-coronavirus\/#breadcrumb","itemListElement":[{"@type":"ListItem","position":1,"name":"In\u00edcio","item":"https:\/\/psol50.org.br\/"},{"@type":"ListItem","position":2,"name":"Saiba o que voc\u00ea precisa fazer para se prevenir da pandemia do novo coronav\u00edrus"}]},{"@type":"WebSite","@id":"https:\/\/psol50.org.br\/#website","url":"https:\/\/psol50.org.br\/","name":"PSOL 50","description":"Site oficial do Partido Socialismo e Liberdade","publisher":{"@id":"https:\/\/psol50.org.br\/#organization"},"alternateName":"PSOL50","potentialAction":[{"@type":"SearchAction","target":{"@type":"EntryPoint","urlTemplate":"https:\/\/psol50.org.br\/?s={search_term_string}"},"query-input":{"@type":"PropertyValueSpecification","valueRequired":true,"valueName":"search_term_string"}}],"inLanguage":"pt-BR"},{"@type":"Organization","@id":"https:\/\/psol50.org.br\/#organization","name":"PSOL 50","alternateName":"PSOL 50","url":"https:\/\/psol50.org.br\/","logo":{"@type":"ImageObject","inLanguage":"pt-BR","@id":"https:\/\/psol50.org.br\/#\/schema\/logo\/image\/","url":"https:\/\/psol50.org.br\/inc\/uploads\/2018\/07\/capa.png","contentUrl":"https:\/\/psol50.org.br\/inc\/uploads\/2018\/07\/capa.png","width":1350,"height":900,"caption":"PSOL 50"},"image":{"@id":"https:\/\/psol50.org.br\/#\/schema\/logo\/image\/"},"sameAs":["https:\/\/www.facebook.com\/psol50","https:\/\/x.com\/psol50","https:\/\/www.instagram.com\/psol50\/","https:\/\/www.youtube.com\/channel\/UC7SnJS5o1os7a6CaiNabzcg"]},{"@type":"Person","@id":"https:\/\/psol50.org.br\/#\/schema\/person\/475dfa57d0b815993c714c2e96491fcd","name":"Comunica\u00e7\u00e3o PSOL","image":{"@type":"ImageObject","inLanguage":"pt-BR","@id":"https:\/\/psol50.org.br\/#\/schema\/person\/image\/","url":"https:\/\/secure.gravatar.com\/avatar\/b34fc4f4e468a4e51785917065a3db57b841f5c95dba6ad8c73aaf8f66f8f9bf?s=96&d=mm&r=g","contentUrl":"https:\/\/secure.gravatar.com\/avatar\/b34fc4f4e468a4e51785917065a3db57b841f5c95dba6ad8c73aaf8f66f8f9bf?s=96&d=mm&r=g","caption":"Comunica\u00e7\u00e3o PSOL"}}]}},"_links":{"self":[{"href":"https:\/\/psol50.org.br\/rest\/wp\/v2\/posts\/27774","targetHints":{"allow":["GET"]}}],"collection":[{"href":"https:\/\/psol50.org.br\/rest\/wp\/v2\/posts"}],"about":[{"href":"https:\/\/psol50.org.br\/rest\/wp\/v2\/types\/post"}],"author":[{"embeddable":true,"href":"https:\/\/psol50.org.br\/rest\/wp\/v2\/users\/2"}],"replies":[{"embeddable":true,"href":"https:\/\/psol50.org.br\/rest\/wp\/v2\/comments?post=27774"}],"version-history":[{"count":0,"href":"https:\/\/psol50.org.br\/rest\/wp\/v2\/posts\/27774\/revisions"}],"wp:featuredmedia":[{"embeddable":true,"href":"https:\/\/psol50.org.br\/rest\/wp\/v2\/media\/27775"}],"wp:attachment":[{"href":"https:\/\/psol50.org.br\/rest\/wp\/v2\/media?parent=27774"}],"wp:term":[{"taxonomy":"category","embeddable":true,"href":"https:\/\/psol50.org.br\/rest\/wp\/v2\/categories?post=27774"},{"taxonomy":"post_tag","embeddable":true,"href":"https:\/\/psol50.org.br\/rest\/wp\/v2\/tags?post=27774"}],"curies":[{"name":"wp","href":"https:\/\/api.w.org\/{rel}","templated":true}]}}