{"id":27786,"date":"2020-03-18T13:46:49","date_gmt":"2020-03-18T16:46:49","guid":{"rendered":"https:\/\/psol50.org.br\/?p=27786"},"modified":"2020-03-18T13:46:49","modified_gmt":"2020-03-18T16:46:49","slug":"psol-propoe-renda-basica-emergencial-e-outras-medidas-de-protecao-aos-trabalhadores-informais","status":"publish","type":"post","link":"https:\/\/psol50.org.br\/psol-propoe-renda-basica-emergencial-e-outras-medidas-de-protecao-aos-trabalhadores-informais\/","title":{"rendered":"PSOL prop\u00f5e renda b\u00e1sica emergencial e outras medidas de prote\u00e7\u00e3o a trabalhadores vulner\u00e1veis"},"content":{"rendered":"<p><a href=\"https:\/\/psol50.org.br\/coronavirus\/\" target=\"_blank\" rel=\"noopener noreferrer\"><img loading=\"lazy\" decoding=\"async\" class=\"alignnone size-full wp-image-27838\" src=\"https:\/\/psol50.org.br\/inc\/uploads\/2020\/03\/Banner-Site_3.png\" alt=\"\" width=\"1240\" height=\"331\" srcset=\"https:\/\/psol50.org.br\/inc\/uploads\/2020\/03\/Banner-Site_3.png 1240w, https:\/\/psol50.org.br\/inc\/uploads\/2020\/03\/Banner-Site_3-300x80.png 300w, https:\/\/psol50.org.br\/inc\/uploads\/2020\/03\/Banner-Site_3-1024x273.png 1024w, https:\/\/psol50.org.br\/inc\/uploads\/2020\/03\/Banner-Site_3-768x205.png 768w, https:\/\/psol50.org.br\/inc\/uploads\/2020\/03\/Banner-Site_3-150x40.png 150w, https:\/\/psol50.org.br\/inc\/uploads\/2020\/03\/Banner-Site_3-696x186.png 696w, https:\/\/psol50.org.br\/inc\/uploads\/2020\/03\/Banner-Site_3-1068x285.png 1068w\" sizes=\"auto, (max-width: 1240px) 100vw, 1240px\" \/><\/a><\/p>\n<p>A bancada do PSOL protocolou, na manh\u00e3 desta quarta-feira (18), um <strong><a href=\"https:\/\/psol50.org.br\/inc\/uploads\/2020\/03\/PL-698.2020_-COVID-19.pdf\">projeto de lei para proteger trabalhadores e trabalhadoras mais vulner\u00e1veis no mercado de trabalho, especialmente os informais,<\/a><\/strong> nesse cen\u00e1rio atual de pandemia do novo coronav\u00edrus.<\/p>\n<p>A proposta \u00e9 criar um programa de renda b\u00e1sica emergencial, ampliar o prazo de recebimento do seguro-desemprego, tabelar pre\u00e7os dos equipamentos de prote\u00e7\u00e3o individual e dos utilizados para o controle da transmiss\u00e3o da Covid-19.<\/p>\n<p>\u201cO sistema e o lucro n\u00e3o podem estar acima da vida. O Brasil ter\u00e1 mais problemas econ\u00f4micos e \u00e9 por isso que o Estado tem que agir. Precisamos de a\u00e7\u00f5es imediatas, principalmente, para a popula\u00e7\u00e3o mais pobre e carente, que vai passar fome. E acima de tudo precisamos ser solid\u00e1rios uns com os outros\u201d, avalia a l\u00edder da bancada Fernanda Melchionna.<\/p>\n<p>O programa de renda b\u00e1sica emergencial cria um benef\u00edcio mensal no valor de um sal\u00e1rio m\u00ednimo pelo tempo necess\u00e1rio para superar a crise e a extens\u00e3o do seguro desemprego at\u00e9 o fim dos efeitos da crise. Integrar\u00e3o o programa as fam\u00edlias em situa\u00e7\u00e3o de vulnerabilidade social.<\/p>\n<p>O PL 698\/2020 tamb\u00e9m prop\u00f5e a isen\u00e7\u00e3o das cobran\u00e7as de contas de servi\u00e7os essenciais no pa\u00eds, incluindo luz e \u00e1gua, durante tr\u00eas meses, para as fam\u00edlias de baixa renda. Ap\u00f3s o per\u00edodo, permanecendo os efeitos da pandemia, os d\u00e9bitos acumulados pelos consumidores de baixa renda ser\u00e3o parcelados, automaticamente, em 36 meses, sem multa, juros e corre\u00e7\u00e3o monet\u00e1ria. O projeto tamb\u00e9m suspende mandados de reintegra\u00e7\u00e3o de posse, imiss\u00e3o na posse, despejos e remo\u00e7\u00f5es judiciais ou extra-judiciais \u2013 exceto em casos de risco de vida.<\/p>\n","protected":false},"excerpt":{"rendered":"<p>A bancada do PSOL protocolou, na manh\u00e3 desta quarta-feira (18), um projeto de lei para proteger trabalhadores e trabalhadoras mais vulner\u00e1veis no mercado de trabalho, especialmente os informais, nesse cen\u00e1rio atual de pandemia do novo coronav\u00edrus. A proposta \u00e9 criar um programa de renda b\u00e1sica emergencial, ampliar o prazo de recebimento do seguro-desemprego, tabelar pre\u00e7os [&hellip;]<\/p>\n","protected":false},"author":2,"featured_media":27789,"comment_status":"closed","ping_status":"open","sticky":false,"template":"","format":"standard","meta":{"_acf_changed":false,"footnotes":""},"categories":[10,6],"tags":[171,371,219,372,373,22,366,374],"class_list":{"0":"post-27786","1":"post","2":"type-post","3":"status-publish","4":"format-standard","5":"has-post-thumbnail","7":"category-acao-parlamentares","8":"category-noticias","9":"tag-coronavirus","10":"tag-covid-19","11":"tag-crise","12":"tag-emergencial","13":"tag-proposta","14":"tag-psol","15":"tag-psolcontraocoronavirus","16":"tag-renda-basica"},"acf":[],"yoast_head":"<!-- This site is optimized with the Yoast SEO plugin v26.5 - https:\/\/yoast.com\/wordpress\/plugins\/seo\/ -->\n<title>PSOL prop\u00f5e renda b\u00e1sica emergencial e outras medidas de prote\u00e7\u00e3o a trabalhadores vulner\u00e1veis<\/title>\n<meta name=\"description\" content=\"A proposta \u00e9 criar um programa de renda b\u00e1sica emergencial, ampliar o prazo de recebimento do seguro-desemprego e tabelar pre\u00e7os de equipamentos de prote\u00e7\u00e3o.\" \/>\n<meta name=\"robots\" content=\"index, follow, max-snippet:-1, max-image-preview:large, max-video-preview:-1\" \/>\n<link rel=\"canonical\" href=\"https:\/\/psol50.org.br\/psol-propoe-renda-basica-emergencial-e-outras-medidas-de-protecao-aos-trabalhadores-informais\/\" \/>\n<meta property=\"og:locale\" content=\"pt_BR\" \/>\n<meta property=\"og:type\" content=\"article\" \/>\n<meta property=\"og:title\" content=\"PSOL prop\u00f5e renda b\u00e1sica emergencial e outras medidas de prote\u00e7\u00e3o a trabalhadores vulner\u00e1veis\" \/>\n<meta property=\"og:description\" content=\"A proposta \u00e9 criar um programa de renda b\u00e1sica emergencial, ampliar o prazo de recebimento do seguro-desemprego e tabelar pre\u00e7os de equipamentos de prote\u00e7\u00e3o.\" \/>\n<meta property=\"og:url\" content=\"https:\/\/psol50.org.br\/psol-propoe-renda-basica-emergencial-e-outras-medidas-de-protecao-aos-trabalhadores-informais\/\" \/>\n<meta property=\"og:site_name\" content=\"PSOL 50\" \/>\n<meta property=\"article:publisher\" content=\"https:\/\/www.facebook.com\/psol50\" \/>\n<meta property=\"article:published_time\" content=\"2020-03-18T16:46:49+00:00\" \/>\n<meta property=\"og:image\" content=\"https:\/\/psol50.org.br\/inc\/uploads\/2020\/03\/hyyh.jpg\" \/>\n\t<meta property=\"og:image:width\" content=\"1890\" \/>\n\t<meta property=\"og:image:height\" content=\"1260\" \/>\n\t<meta property=\"og:image:type\" content=\"image\/jpeg\" \/>\n<meta name=\"author\" content=\"Comunica\u00e7\u00e3o PSOL\" \/>\n<meta name=\"twitter:card\" content=\"summary_large_image\" \/>\n<meta name=\"twitter:title\" content=\"PSOL prop\u00f5e renda b\u00e1sica emergencial e outras medidas de prote\u00e7\u00e3o a trabalhadores vulner\u00e1veis\" \/>\n<meta name=\"twitter:description\" content=\"A proposta \u00e9 criar um programa de renda b\u00e1sica emergencial, ampliar o prazo de recebimento do seguro-desemprego e tabelar pre\u00e7os de equipamentos de prote\u00e7\u00e3o.\" \/>\n<meta name=\"twitter:image\" content=\"https:\/\/psol50.org.br\/inc\/uploads\/2020\/03\/hyyh.jpg\" \/>\n<meta name=\"twitter:creator\" content=\"@psol50\" \/>\n<meta name=\"twitter:site\" content=\"@psol50\" \/>\n<meta name=\"twitter:label1\" content=\"Escrito por\" \/>\n\t<meta name=\"twitter:data1\" content=\"Comunica\u00e7\u00e3o PSOL\" \/>\n\t<meta name=\"twitter:label2\" content=\"Est. tempo de leitura\" \/>\n\t<meta name=\"twitter:data2\" content=\"1 minuto\" \/>\n<script type=\"application\/ld+json\" class=\"yoast-schema-graph\">{\"@context\":\"https:\/\/schema.org\",\"@graph\":[{\"@type\":\"Article\",\"@id\":\"https:\/\/psol50.org.br\/psol-propoe-renda-basica-emergencial-e-outras-medidas-de-protecao-aos-trabalhadores-informais\/#article\",\"isPartOf\":{\"@id\":\"https:\/\/psol50.org.br\/psol-propoe-renda-basica-emergencial-e-outras-medidas-de-protecao-aos-trabalhadores-informais\/\"},\"author\":{\"name\":\"Comunica\u00e7\u00e3o PSOL\",\"@id\":\"https:\/\/psol50.org.br\/#\/schema\/person\/475dfa57d0b815993c714c2e96491fcd\"},\"headline\":\"PSOL prop\u00f5e renda b\u00e1sica emergencial e outras medidas de prote\u00e7\u00e3o a trabalhadores vulner\u00e1veis\",\"datePublished\":\"2020-03-18T16:46:49+00:00\",\"mainEntityOfPage\":{\"@id\":\"https:\/\/psol50.org.br\/psol-propoe-renda-basica-emergencial-e-outras-medidas-de-protecao-aos-trabalhadores-informais\/\"},\"wordCount\":311,\"publisher\":{\"@id\":\"https:\/\/psol50.org.br\/#organization\"},\"image\":{\"@id\":\"https:\/\/psol50.org.br\/psol-propoe-renda-basica-emergencial-e-outras-medidas-de-protecao-aos-trabalhadores-informais\/#primaryimage\"},\"thumbnailUrl\":\"https:\/\/psol50.org.br\/inc\/uploads\/2020\/03\/hyyh.jpg\",\"keywords\":[\"coronav\u00edrus\",\"covid-19\",\"crise\",\"emergencial\",\"proposta\",\"PSOL\",\"psolcontraocoronavirus\",\"renda b\u00e1sica\"],\"articleSection\":[\"A\u00e7\u00e3o Parlamentar\",\"Not\u00edcias\"],\"inLanguage\":\"pt-BR\"},{\"@type\":\"WebPage\",\"@id\":\"https:\/\/psol50.org.br\/psol-propoe-renda-basica-emergencial-e-outras-medidas-de-protecao-aos-trabalhadores-informais\/\",\"url\":\"https:\/\/psol50.org.br\/psol-propoe-renda-basica-emergencial-e-outras-medidas-de-protecao-aos-trabalhadores-informais\/\",\"name\":\"PSOL prop\u00f5e renda b\u00e1sica emergencial e outras medidas de prote\u00e7\u00e3o a trabalhadores vulner\u00e1veis\",\"isPartOf\":{\"@id\":\"https:\/\/psol50.org.br\/#website\"},\"primaryImageOfPage\":{\"@id\":\"https:\/\/psol50.org.br\/psol-propoe-renda-basica-emergencial-e-outras-medidas-de-protecao-aos-trabalhadores-informais\/#primaryimage\"},\"image\":{\"@id\":\"https:\/\/psol50.org.br\/psol-propoe-renda-basica-emergencial-e-outras-medidas-de-protecao-aos-trabalhadores-informais\/#primaryimage\"},\"thumbnailUrl\":\"https:\/\/psol50.org.br\/inc\/uploads\/2020\/03\/hyyh.jpg\",\"datePublished\":\"2020-03-18T16:46:49+00:00\",\"description\":\"A proposta \u00e9 criar um programa de renda b\u00e1sica emergencial, ampliar o prazo de recebimento do seguro-desemprego e tabelar pre\u00e7os de equipamentos de prote\u00e7\u00e3o.\",\"breadcrumb\":{\"@id\":\"https:\/\/psol50.org.br\/psol-propoe-renda-basica-emergencial-e-outras-medidas-de-protecao-aos-trabalhadores-informais\/#breadcrumb\"},\"inLanguage\":\"pt-BR\",\"potentialAction\":[{\"@type\":\"ReadAction\",\"target\":[\"https:\/\/psol50.org.br\/psol-propoe-renda-basica-emergencial-e-outras-medidas-de-protecao-aos-trabalhadores-informais\/\"]}]},{\"@type\":\"ImageObject\",\"inLanguage\":\"pt-BR\",\"@id\":\"https:\/\/psol50.org.br\/psol-propoe-renda-basica-emergencial-e-outras-medidas-de-protecao-aos-trabalhadores-informais\/#primaryimage\",\"url\":\"https:\/\/psol50.org.br\/inc\/uploads\/2020\/03\/hyyh.jpg\",\"contentUrl\":\"https:\/\/psol50.org.br\/inc\/uploads\/2020\/03\/hyyh.jpg\",\"width\":1890,\"height\":1260,\"caption\":\"Foto: Guilherme Gandolfi\"},{\"@type\":\"BreadcrumbList\",\"@id\":\"https:\/\/psol50.org.br\/psol-propoe-renda-basica-emergencial-e-outras-medidas-de-protecao-aos-trabalhadores-informais\/#breadcrumb\",\"itemListElement\":[{\"@type\":\"ListItem\",\"position\":1,\"name\":\"In\u00edcio\",\"item\":\"https:\/\/psol50.org.br\/\"},{\"@type\":\"ListItem\",\"position\":2,\"name\":\"PSOL prop\u00f5e renda b\u00e1sica emergencial e outras medidas de prote\u00e7\u00e3o a trabalhadores vulner\u00e1veis\"}]},{\"@type\":\"WebSite\",\"@id\":\"https:\/\/psol50.org.br\/#website\",\"url\":\"https:\/\/psol50.org.br\/\",\"name\":\"PSOL 50\",\"description\":\"Site oficial do Partido Socialismo e Liberdade\",\"publisher\":{\"@id\":\"https:\/\/psol50.org.br\/#organization\"},\"alternateName\":\"PSOL50\",\"potentialAction\":[{\"@type\":\"SearchAction\",\"target\":{\"@type\":\"EntryPoint\",\"urlTemplate\":\"https:\/\/psol50.org.br\/?s={search_term_string}\"},\"query-input\":{\"@type\":\"PropertyValueSpecification\",\"valueRequired\":true,\"valueName\":\"search_term_string\"}}],\"inLanguage\":\"pt-BR\"},{\"@type\":\"Organization\",\"@id\":\"https:\/\/psol50.org.br\/#organization\",\"name\":\"PSOL 50\",\"alternateName\":\"PSOL 50\",\"url\":\"https:\/\/psol50.org.br\/\",\"logo\":{\"@type\":\"ImageObject\",\"inLanguage\":\"pt-BR\",\"@id\":\"https:\/\/psol50.org.br\/#\/schema\/logo\/image\/\",\"url\":\"https:\/\/psol50.org.br\/inc\/uploads\/2018\/07\/capa.png\",\"contentUrl\":\"https:\/\/psol50.org.br\/inc\/uploads\/2018\/07\/capa.png\",\"width\":1350,\"height\":900,\"caption\":\"PSOL 50\"},\"image\":{\"@id\":\"https:\/\/psol50.org.br\/#\/schema\/logo\/image\/\"},\"sameAs\":[\"https:\/\/www.facebook.com\/psol50\",\"https:\/\/x.com\/psol50\",\"https:\/\/www.instagram.com\/psol50\/\",\"https:\/\/www.youtube.com\/channel\/UC7SnJS5o1os7a6CaiNabzcg\"]},{\"@type\":\"Person\",\"@id\":\"https:\/\/psol50.org.br\/#\/schema\/person\/475dfa57d0b815993c714c2e96491fcd\",\"name\":\"Comunica\u00e7\u00e3o PSOL\",\"image\":{\"@type\":\"ImageObject\",\"inLanguage\":\"pt-BR\",\"@id\":\"https:\/\/psol50.org.br\/#\/schema\/person\/image\/\",\"url\":\"https:\/\/secure.gravatar.com\/avatar\/b34fc4f4e468a4e51785917065a3db57b841f5c95dba6ad8c73aaf8f66f8f9bf?s=96&d=mm&r=g\",\"contentUrl\":\"https:\/\/secure.gravatar.com\/avatar\/b34fc4f4e468a4e51785917065a3db57b841f5c95dba6ad8c73aaf8f66f8f9bf?s=96&d=mm&r=g\",\"caption\":\"Comunica\u00e7\u00e3o PSOL\"}}]}<\/script>\n<!-- \/ Yoast SEO plugin. -->","yoast_head_json":{"title":"PSOL prop\u00f5e renda b\u00e1sica emergencial e outras medidas de prote\u00e7\u00e3o a trabalhadores vulner\u00e1veis","description":"A proposta \u00e9 criar um programa de renda b\u00e1sica emergencial, ampliar o prazo de recebimento do seguro-desemprego e tabelar pre\u00e7os de equipamentos de prote\u00e7\u00e3o.","robots":{"index":"index","follow":"follow","max-snippet":"max-snippet:-1","max-image-preview":"max-image-preview:large","max-video-preview":"max-video-preview:-1"},"canonical":"https:\/\/psol50.org.br\/psol-propoe-renda-basica-emergencial-e-outras-medidas-de-protecao-aos-trabalhadores-informais\/","og_locale":"pt_BR","og_type":"article","og_title":"PSOL prop\u00f5e renda b\u00e1sica emergencial e outras medidas de prote\u00e7\u00e3o a trabalhadores vulner\u00e1veis","og_description":"A proposta \u00e9 criar um programa de renda b\u00e1sica emergencial, ampliar o prazo de recebimento do seguro-desemprego e tabelar pre\u00e7os de equipamentos de prote\u00e7\u00e3o.","og_url":"https:\/\/psol50.org.br\/psol-propoe-renda-basica-emergencial-e-outras-medidas-de-protecao-aos-trabalhadores-informais\/","og_site_name":"PSOL 50","article_publisher":"https:\/\/www.facebook.com\/psol50","article_published_time":"2020-03-18T16:46:49+00:00","og_image":[{"width":1890,"height":1260,"url":"https:\/\/psol50.org.br\/inc\/uploads\/2020\/03\/hyyh.jpg","type":"image\/jpeg"}],"author":"Comunica\u00e7\u00e3o PSOL","twitter_card":"summary_large_image","twitter_title":"PSOL prop\u00f5e renda b\u00e1sica emergencial e outras medidas de prote\u00e7\u00e3o a trabalhadores vulner\u00e1veis","twitter_description":"A proposta \u00e9 criar um programa de renda b\u00e1sica emergencial, ampliar o prazo de recebimento do seguro-desemprego e tabelar pre\u00e7os de equipamentos de prote\u00e7\u00e3o.","twitter_image":"https:\/\/psol50.org.br\/inc\/uploads\/2020\/03\/hyyh.jpg","twitter_creator":"@psol50","twitter_site":"@psol50","twitter_misc":{"Escrito por":"Comunica\u00e7\u00e3o PSOL","Est. tempo de leitura":"1 minuto"},"schema":{"@context":"https:\/\/schema.org","@graph":[{"@type":"Article","@id":"https:\/\/psol50.org.br\/psol-propoe-renda-basica-emergencial-e-outras-medidas-de-protecao-aos-trabalhadores-informais\/#article","isPartOf":{"@id":"https:\/\/psol50.org.br\/psol-propoe-renda-basica-emergencial-e-outras-medidas-de-protecao-aos-trabalhadores-informais\/"},"author":{"name":"Comunica\u00e7\u00e3o PSOL","@id":"https:\/\/psol50.org.br\/#\/schema\/person\/475dfa57d0b815993c714c2e96491fcd"},"headline":"PSOL prop\u00f5e renda b\u00e1sica emergencial e outras medidas de prote\u00e7\u00e3o a trabalhadores vulner\u00e1veis","datePublished":"2020-03-18T16:46:49+00:00","mainEntityOfPage":{"@id":"https:\/\/psol50.org.br\/psol-propoe-renda-basica-emergencial-e-outras-medidas-de-protecao-aos-trabalhadores-informais\/"},"wordCount":311,"publisher":{"@id":"https:\/\/psol50.org.br\/#organization"},"image":{"@id":"https:\/\/psol50.org.br\/psol-propoe-renda-basica-emergencial-e-outras-medidas-de-protecao-aos-trabalhadores-informais\/#primaryimage"},"thumbnailUrl":"https:\/\/psol50.org.br\/inc\/uploads\/2020\/03\/hyyh.jpg","keywords":["coronav\u00edrus","covid-19","crise","emergencial","proposta","PSOL","psolcontraocoronavirus","renda b\u00e1sica"],"articleSection":["A\u00e7\u00e3o Parlamentar","Not\u00edcias"],"inLanguage":"pt-BR"},{"@type":"WebPage","@id":"https:\/\/psol50.org.br\/psol-propoe-renda-basica-emergencial-e-outras-medidas-de-protecao-aos-trabalhadores-informais\/","url":"https:\/\/psol50.org.br\/psol-propoe-renda-basica-emergencial-e-outras-medidas-de-protecao-aos-trabalhadores-informais\/","name":"PSOL prop\u00f5e renda b\u00e1sica emergencial e outras medidas de prote\u00e7\u00e3o a trabalhadores vulner\u00e1veis","isPartOf":{"@id":"https:\/\/psol50.org.br\/#website"},"primaryImageOfPage":{"@id":"https:\/\/psol50.org.br\/psol-propoe-renda-basica-emergencial-e-outras-medidas-de-protecao-aos-trabalhadores-informais\/#primaryimage"},"image":{"@id":"https:\/\/psol50.org.br\/psol-propoe-renda-basica-emergencial-e-outras-medidas-de-protecao-aos-trabalhadores-informais\/#primaryimage"},"thumbnailUrl":"https:\/\/psol50.org.br\/inc\/uploads\/2020\/03\/hyyh.jpg","datePublished":"2020-03-18T16:46:49+00:00","description":"A proposta \u00e9 criar um programa de renda b\u00e1sica emergencial, ampliar o prazo de recebimento do seguro-desemprego e tabelar pre\u00e7os de equipamentos de prote\u00e7\u00e3o.","breadcrumb":{"@id":"https:\/\/psol50.org.br\/psol-propoe-renda-basica-emergencial-e-outras-medidas-de-protecao-aos-trabalhadores-informais\/#breadcrumb"},"inLanguage":"pt-BR","potentialAction":[{"@type":"ReadAction","target":["https:\/\/psol50.org.br\/psol-propoe-renda-basica-emergencial-e-outras-medidas-de-protecao-aos-trabalhadores-informais\/"]}]},{"@type":"ImageObject","inLanguage":"pt-BR","@id":"https:\/\/psol50.org.br\/psol-propoe-renda-basica-emergencial-e-outras-medidas-de-protecao-aos-trabalhadores-informais\/#primaryimage","url":"https:\/\/psol50.org.br\/inc\/uploads\/2020\/03\/hyyh.jpg","contentUrl":"https:\/\/psol50.org.br\/inc\/uploads\/2020\/03\/hyyh.jpg","width":1890,"height":1260,"caption":"Foto: Guilherme Gandolfi"},{"@type":"BreadcrumbList","@id":"https:\/\/psol50.org.br\/psol-propoe-renda-basica-emergencial-e-outras-medidas-de-protecao-aos-trabalhadores-informais\/#breadcrumb","itemListElement":[{"@type":"ListItem","position":1,"name":"In\u00edcio","item":"https:\/\/psol50.org.br\/"},{"@type":"ListItem","position":2,"name":"PSOL prop\u00f5e renda b\u00e1sica emergencial e outras medidas de prote\u00e7\u00e3o a trabalhadores vulner\u00e1veis"}]},{"@type":"WebSite","@id":"https:\/\/psol50.org.br\/#website","url":"https:\/\/psol50.org.br\/","name":"PSOL 50","description":"Site oficial do Partido Socialismo e Liberdade","publisher":{"@id":"https:\/\/psol50.org.br\/#organization"},"alternateName":"PSOL50","potentialAction":[{"@type":"SearchAction","target":{"@type":"EntryPoint","urlTemplate":"https:\/\/psol50.org.br\/?s={search_term_string}"},"query-input":{"@type":"PropertyValueSpecification","valueRequired":true,"valueName":"search_term_string"}}],"inLanguage":"pt-BR"},{"@type":"Organization","@id":"https:\/\/psol50.org.br\/#organization","name":"PSOL 50","alternateName":"PSOL 50","url":"https:\/\/psol50.org.br\/","logo":{"@type":"ImageObject","inLanguage":"pt-BR","@id":"https:\/\/psol50.org.br\/#\/schema\/logo\/image\/","url":"https:\/\/psol50.org.br\/inc\/uploads\/2018\/07\/capa.png","contentUrl":"https:\/\/psol50.org.br\/inc\/uploads\/2018\/07\/capa.png","width":1350,"height":900,"caption":"PSOL 50"},"image":{"@id":"https:\/\/psol50.org.br\/#\/schema\/logo\/image\/"},"sameAs":["https:\/\/www.facebook.com\/psol50","https:\/\/x.com\/psol50","https:\/\/www.instagram.com\/psol50\/","https:\/\/www.youtube.com\/channel\/UC7SnJS5o1os7a6CaiNabzcg"]},{"@type":"Person","@id":"https:\/\/psol50.org.br\/#\/schema\/person\/475dfa57d0b815993c714c2e96491fcd","name":"Comunica\u00e7\u00e3o PSOL","image":{"@type":"ImageObject","inLanguage":"pt-BR","@id":"https:\/\/psol50.org.br\/#\/schema\/person\/image\/","url":"https:\/\/secure.gravatar.com\/avatar\/b34fc4f4e468a4e51785917065a3db57b841f5c95dba6ad8c73aaf8f66f8f9bf?s=96&d=mm&r=g","contentUrl":"https:\/\/secure.gravatar.com\/avatar\/b34fc4f4e468a4e51785917065a3db57b841f5c95dba6ad8c73aaf8f66f8f9bf?s=96&d=mm&r=g","caption":"Comunica\u00e7\u00e3o PSOL"}}]}},"_links":{"self":[{"href":"https:\/\/psol50.org.br\/rest\/wp\/v2\/posts\/27786","targetHints":{"allow":["GET"]}}],"collection":[{"href":"https:\/\/psol50.org.br\/rest\/wp\/v2\/posts"}],"about":[{"href":"https:\/\/psol50.org.br\/rest\/wp\/v2\/types\/post"}],"author":[{"embeddable":true,"href":"https:\/\/psol50.org.br\/rest\/wp\/v2\/users\/2"}],"replies":[{"embeddable":true,"href":"https:\/\/psol50.org.br\/rest\/wp\/v2\/comments?post=27786"}],"version-history":[{"count":0,"href":"https:\/\/psol50.org.br\/rest\/wp\/v2\/posts\/27786\/revisions"}],"wp:featuredmedia":[{"embeddable":true,"href":"https:\/\/psol50.org.br\/rest\/wp\/v2\/media\/27789"}],"wp:attachment":[{"href":"https:\/\/psol50.org.br\/rest\/wp\/v2\/media?parent=27786"}],"wp:term":[{"taxonomy":"category","embeddable":true,"href":"https:\/\/psol50.org.br\/rest\/wp\/v2\/categories?post=27786"},{"taxonomy":"post_tag","embeddable":true,"href":"https:\/\/psol50.org.br\/rest\/wp\/v2\/tags?post=27786"}],"curies":[{"name":"wp","href":"https:\/\/api.w.org\/{rel}","templated":true}]}}